{"id":9238,"date":"2025-04-30T07:14:09","date_gmt":"2025-04-30T07:14:09","guid":{"rendered":"https:\/\/lavocedelpaese.info\/index.php\/2025\/04\/30\/la-tassa-rifiuti-aumenta-ancora-nonostante-il-75-di-differenziata\/"},"modified":"2025-04-30T07:14:09","modified_gmt":"2025-04-30T07:14:09","slug":"la-tassa-rifiuti-aumenta-ancora-nonostante-il-75-di-differenziata","status":"publish","type":"post","link":"https:\/\/lavocedelpaese.info\/index.php\/2025\/04\/30\/la-tassa-rifiuti-aumenta-ancora-nonostante-il-75-di-differenziata\/","title":{"rendered":"La Tassa Rifiuti aumenta ancora. Nonostante il 75% di differenziata\u00a0\u200b"},"content":{"rendered":"<p>\u00a0<\/p>\n<p>\u200b\u00a0<\/p>\n<p>\u200b\u00a0<\/p>\n<p>Nuovo ritocco alla Tassa Rifiuti per le famiglie e le imprese cassanesi. Lo ha deciso ieri sera il Consiglio Comunale a maggioranza, con il \u201cno\u201d dell\u2019opposizione.<\/p>\n<p>Un aumento di poco pi\u00f9 di 100mila euro che sar\u00e0 spalmato sulle prossime bollette (scadenze: 30 giugno e 31 dicembre 2025) ovvero dai 5 ai 10 euro massimo per utenza, come ha spiegato <strong>l\u2019Assessore al Bilancio Vito Lionetti<\/strong>, sulla base del Piano Economico Finanziario predisposto dall\u2019Ager, l\u2019Agenzia regionale per la gestione dei rifiuti che per l\u2019ennesimo anno consecutivo rivede al rialzo i costi di conferimento in discarica.<\/p>\n<p>\u201cAbbiamo contenuto la parte fissa della Ta.Ri. che anzi per la prima volta quest\u2019anno diminuisce \u2013 ha precisato il <strong>Sindaco Davide Del Re<\/strong> \u2013 ed il lieve incremento della parte variabile non dipende certo dalla volont\u00e0 di questa maggioranza di vessare i cittadini\u201d.<\/p>\n<p>Nella sostanza, per\u00f2, la Tassa Rifiuti aumenter\u00e0 anche per il 2025 e ci\u00f2 nonostante venga confermato, mese dopo mese, un alto livello di raccolta differenziata: \u201ca marzo scorso \u00e8 stata del 75%\u201d ha detto <strong>l\u2019Assessore all\u2019Ambiente Ivan Aloisio<\/strong>.<\/p>\n<p>\u201cMa non riuscite ad avere, per voi stessi e per i cittadini che amministrate, un moto di ribellione, nel subire supinamente le decisioni della Regione che pure fa parte della vostra stessa famiglia politica?\u201d ha detto la <strong>Consigliera Raffaella Casamassima<\/strong>. Supportata dai Consiglieri Angelo Giustino e Annamaria Caprio, la Casamassima ha fatto notare come solo pochi mesi fa, su proposte della Caprio, la maggioranza si era impegnata a verificare sgravi della Tassa per alcune categorie (anziani ospiti delle case di riposo, studenti, militari, ecc.) ma ci\u00f2 non \u00e8 avvenuto.<\/p>\n<p>\u201cState nascondendo la polvere sotto il tappeto perch\u00e9 i 290mila euro che il Comune dovr\u00e0 pagare per le sentenze sfavorevoli degli anni 2021-2023 sono l\u00ec che ci attendono e tutto esploder\u00e0 nel 2026\u201d la rimarcato <strong>la Consigliera Caprio<\/strong>, secondo la quale la Tari \u00e8 cresciuta del 30% negli ultimi tre anni.<\/p>\n<p>Per l\u2019Assessore Aloisio, invece, il servizio \u00e8 migliorato rispetto al passato grazie a maggiori controlli, sanzioni pi\u00f9 elevate (fino a 450 euro per i trasgressori), maggior coinvolgimenti delle scuole e motivando il personale: \u201cabbiamo pagato i premi di produzione degli operatori, fermi da anni e mai saldati\u201d ha detto Aloisio.<\/p>\n<p>Per <strong>Angelo Giustino,<\/strong> invece, occorre maggiore prevenzione e interventi pi\u00f9 rapidi quando ci sono segnalazioni perch\u00e9 vi sono stati casi in cui i bustoni neri (che non possono essere conferiti in quel modo indiscriminato) dopo essere stati bollati come \u201crifiuto non conforme\u201d, rimangono per strada per giorni e giorni, prima della rimozione ed a farne le spese sono cittadini e attivit\u00e0 commerciali che magari si trovano nei pressi.<\/p>\n<p><a class=\"a2a_button_facebook\" href=\"https:\/\/www.addtoany.com\/add_to\/facebook?linkurl=https%3A%2F%2Fcassano.lavocedelpaese.info%2Fla-tassa-rifiuti-aumenta-ancora-nonostante-il-75-di-differenziata%2F&amp;linkname=La%20Tassa%20Rifiuti%20aumenta%20ancora.%20Nonostante%20il%2075%25%20di%20differenziata\" title=\"Facebook\" rel=\"nofollow noopener\" target=\"_blank\"><\/a><a class=\"a2a_button_twitter\" href=\"https:\/\/www.addtoany.com\/add_to\/twitter?linkurl=https%3A%2F%2Fcassano.lavocedelpaese.info%2Fla-tassa-rifiuti-aumenta-ancora-nonostante-il-75-di-differenziata%2F&amp;linkname=La%20Tassa%20Rifiuti%20aumenta%20ancora.%20Nonostante%20il%2075%25%20di%20differenziata\" title=\"Twitter\" rel=\"nofollow noopener\" target=\"_blank\"><\/a><a class=\"a2a_button_whatsapp\" href=\"https:\/\/www.addtoany.com\/add_to\/whatsapp?linkurl=https%3A%2F%2Fcassano.lavocedelpaese.info%2Fla-tassa-rifiuti-aumenta-ancora-nonostante-il-75-di-differenziata%2F&amp;linkname=La%20Tassa%20Rifiuti%20aumenta%20ancora.%20Nonostante%20il%2075%25%20di%20differenziata\" title=\"WhatsApp\" rel=\"nofollow noopener\" target=\"_blank\"><\/a><a class=\"a2a_button_telegram\" href=\"https:\/\/www.addtoany.com\/add_to\/telegram?linkurl=https%3A%2F%2Fcassano.lavocedelpaese.info%2Fla-tassa-rifiuti-aumenta-ancora-nonostante-il-75-di-differenziata%2F&amp;linkname=La%20Tassa%20Rifiuti%20aumenta%20ancora.%20Nonostante%20il%2075%25%20di%20differenziata\" title=\"Telegram\" rel=\"nofollow noopener\" target=\"_blank\"><\/a><a class=\"a2a_button_email\" href=\"https:\/\/www.addtoany.com\/add_to\/email?linkurl=https%3A%2F%2Fcassano.lavocedelpaese.info%2Fla-tassa-rifiuti-aumenta-ancora-nonostante-il-75-di-differenziata%2F&amp;linkname=La%20Tassa%20Rifiuti%20aumenta%20ancora.%20Nonostante%20il%2075%25%20di%20differenziata\" title=\"Email\" rel=\"nofollow noopener\" target=\"_blank\"><\/a><\/p>\n<p>\u00a0<\/p>\n<p>\u00a0<\/p>\n<p>\u200b\u00a0\u00a0\u00a0<\/p>","protected":false},"excerpt":{"rendered":"<p>\u00a0 \u200b\u00a0 \u200b\u00a0 Nuovo ritocco alla Tassa Rifiuti per le famiglie e le imprese cassanesi. Lo ha deciso ieri sera<\/p>\n","protected":false},"author":6,"featured_media":730,"comment_status":"open","ping_status":"closed","sticky":false,"template":"","format":"standard","meta":{"colormag_page_container_layout":"default_layout","colormag_page_sidebar_layout":"default_layout","footnotes":""},"categories":[33],"tags":[],"class_list":["post-9238","post","type-post","status-publish","format-standard","has-post-thumbnail","hentry","category-network"],"yoast_head":"<!-- This site is optimized with the Yoast SEO plugin v27.5 - https:\/\/yoast.com\/product\/yoast-seo-wordpress\/ -->\n<title>La Tassa Rifiuti aumenta ancora. Nonostante il 75% di differenziata\u00a0\u200b - La Voce del Paese<\/title>\n<meta name=\"robots\" content=\"index, follow, max-snippet:-1, max-image-preview:large, max-video-preview:-1\" \/>\n<link rel=\"canonical\" href=\"https:\/\/lavocedelpaese.info\/index.php\/2025\/04\/30\/la-tassa-rifiuti-aumenta-ancora-nonostante-il-75-di-differenziata\/\" \/>\n<meta property=\"og:locale\" content=\"it_IT\" \/>\n<meta property=\"og:type\" content=\"article\" \/>\n<meta property=\"og:title\" content=\"La Tassa Rifiuti aumenta ancora. Nonostante il 75% di differenziata\u00a0\u200b - La Voce del Paese\" \/>\n<meta property=\"og:description\" content=\"\u00a0 \u200b\u00a0 \u200b\u00a0 Nuovo ritocco alla Tassa Rifiuti per le famiglie e le imprese cassanesi. Lo ha deciso ieri sera\" \/>\n<meta property=\"og:url\" content=\"https:\/\/lavocedelpaese.info\/index.php\/2025\/04\/30\/la-tassa-rifiuti-aumenta-ancora-nonostante-il-75-di-differenziata\/\" \/>\n<meta property=\"og:site_name\" content=\"La Voce del Paese\" \/>\n<meta property=\"article:publisher\" content=\"https:\/\/www.facebook.com\/lavocedelpaese.info\" \/>\n<meta property=\"article:published_time\" content=\"2025-04-30T07:14:09+00:00\" \/>\n<meta name=\"author\" content=\"admin\" \/>\n<meta name=\"twitter:card\" content=\"summary_large_image\" \/>\n<meta name=\"twitter:label1\" content=\"Scritto da\" \/>\n\t<meta name=\"twitter:data1\" content=\"admin\" \/>\n\t<meta name=\"twitter:label2\" content=\"Tempo di lettura stimato\" \/>\n\t<meta name=\"twitter:data2\" content=\"2 minuti\" \/>\n<script type=\"application\/ld+json\" class=\"yoast-schema-graph\">{\"@context\":\"https:\\\/\\\/schema.org\",\"@graph\":[{\"@type\":\"Article\",\"@id\":\"https:\\\/\\\/lavocedelpaese.info\\\/index.php\\\/2025\\\/04\\\/30\\\/la-tassa-rifiuti-aumenta-ancora-nonostante-il-75-di-differenziata\\\/#article\",\"isPartOf\":{\"@id\":\"https:\\\/\\\/lavocedelpaese.info\\\/index.php\\\/2025\\\/04\\\/30\\\/la-tassa-rifiuti-aumenta-ancora-nonostante-il-75-di-differenziata\\\/\"},\"author\":{\"name\":\"admin\",\"@id\":\"https:\\\/\\\/lavocedelpaese.info\\\/#\\\/schema\\\/person\\\/ec151d321306bd7591f7a061abf72d88\"},\"headline\":\"La Tassa Rifiuti aumenta ancora. Nonostante il 75% di differenziata\u00a0\u200b\",\"datePublished\":\"2025-04-30T07:14:09+00:00\",\"mainEntityOfPage\":{\"@id\":\"https:\\\/\\\/lavocedelpaese.info\\\/index.php\\\/2025\\\/04\\\/30\\\/la-tassa-rifiuti-aumenta-ancora-nonostante-il-75-di-differenziata\\\/\"},\"wordCount\":435,\"commentCount\":0,\"publisher\":{\"@id\":\"https:\\\/\\\/lavocedelpaese.info\\\/#organization\"},\"image\":{\"@id\":\"https:\\\/\\\/lavocedelpaese.info\\\/index.php\\\/2025\\\/04\\\/30\\\/la-tassa-rifiuti-aumenta-ancora-nonostante-il-75-di-differenziata\\\/#primaryimage\"},\"thumbnailUrl\":\"https:\\\/\\\/lavocedelpaese.info\\\/wp-content\\\/uploads\\\/2023\\\/01\\\/logo-150-127.png\",\"articleSection\":[\"network\"],\"inLanguage\":\"it-IT\",\"potentialAction\":[{\"@type\":\"CommentAction\",\"name\":\"Comment\",\"target\":[\"https:\\\/\\\/lavocedelpaese.info\\\/index.php\\\/2025\\\/04\\\/30\\\/la-tassa-rifiuti-aumenta-ancora-nonostante-il-75-di-differenziata\\\/#respond\"]}]},{\"@type\":\"WebPage\",\"@id\":\"https:\\\/\\\/lavocedelpaese.info\\\/index.php\\\/2025\\\/04\\\/30\\\/la-tassa-rifiuti-aumenta-ancora-nonostante-il-75-di-differenziata\\\/\",\"url\":\"https:\\\/\\\/lavocedelpaese.info\\\/index.php\\\/2025\\\/04\\\/30\\\/la-tassa-rifiuti-aumenta-ancora-nonostante-il-75-di-differenziata\\\/\",\"name\":\"La Tassa Rifiuti aumenta ancora. Nonostante il 75% di differenziata\u00a0\u200b - La Voce del Paese\",\"isPartOf\":{\"@id\":\"https:\\\/\\\/lavocedelpaese.info\\\/#website\"},\"primaryImageOfPage\":{\"@id\":\"https:\\\/\\\/lavocedelpaese.info\\\/index.php\\\/2025\\\/04\\\/30\\\/la-tassa-rifiuti-aumenta-ancora-nonostante-il-75-di-differenziata\\\/#primaryimage\"},\"image\":{\"@id\":\"https:\\\/\\\/lavocedelpaese.info\\\/index.php\\\/2025\\\/04\\\/30\\\/la-tassa-rifiuti-aumenta-ancora-nonostante-il-75-di-differenziata\\\/#primaryimage\"},\"thumbnailUrl\":\"https:\\\/\\\/lavocedelpaese.info\\\/wp-content\\\/uploads\\\/2023\\\/01\\\/logo-150-127.png\",\"datePublished\":\"2025-04-30T07:14:09+00:00\",\"breadcrumb\":{\"@id\":\"https:\\\/\\\/lavocedelpaese.info\\\/index.php\\\/2025\\\/04\\\/30\\\/la-tassa-rifiuti-aumenta-ancora-nonostante-il-75-di-differenziata\\\/#breadcrumb\"},\"inLanguage\":\"it-IT\",\"potentialAction\":[{\"@type\":\"ReadAction\",\"target\":[\"https:\\\/\\\/lavocedelpaese.info\\\/index.php\\\/2025\\\/04\\\/30\\\/la-tassa-rifiuti-aumenta-ancora-nonostante-il-75-di-differenziata\\\/\"]}]},{\"@type\":\"ImageObject\",\"inLanguage\":\"it-IT\",\"@id\":\"https:\\\/\\\/lavocedelpaese.info\\\/index.php\\\/2025\\\/04\\\/30\\\/la-tassa-rifiuti-aumenta-ancora-nonostante-il-75-di-differenziata\\\/#primaryimage\",\"url\":\"https:\\\/\\\/lavocedelpaese.info\\\/wp-content\\\/uploads\\\/2023\\\/01\\\/logo-150-127.png\",\"contentUrl\":\"https:\\\/\\\/lavocedelpaese.info\\\/wp-content\\\/uploads\\\/2023\\\/01\\\/logo-150-127.png\",\"width\":150,\"height\":127},{\"@type\":\"BreadcrumbList\",\"@id\":\"https:\\\/\\\/lavocedelpaese.info\\\/index.php\\\/2025\\\/04\\\/30\\\/la-tassa-rifiuti-aumenta-ancora-nonostante-il-75-di-differenziata\\\/#breadcrumb\",\"itemListElement\":[{\"@type\":\"ListItem\",\"position\":1,\"name\":\"Home\",\"item\":\"https:\\\/\\\/lavocedelpaese.info\\\/\"},{\"@type\":\"ListItem\",\"position\":2,\"name\":\"La Tassa Rifiuti aumenta ancora. Nonostante il 75% di differenziata\u00a0\u200b\"}]},{\"@type\":\"WebSite\",\"@id\":\"https:\\\/\\\/lavocedelpaese.info\\\/#website\",\"url\":\"https:\\\/\\\/lavocedelpaese.info\\\/\",\"name\":\"La Voce del Paese\",\"description\":\"Un network di idee\",\"publisher\":{\"@id\":\"https:\\\/\\\/lavocedelpaese.info\\\/#organization\"},\"potentialAction\":[{\"@type\":\"SearchAction\",\"target\":{\"@type\":\"EntryPoint\",\"urlTemplate\":\"https:\\\/\\\/lavocedelpaese.info\\\/?s={search_term_string}\"},\"query-input\":{\"@type\":\"PropertyValueSpecification\",\"valueRequired\":true,\"valueName\":\"search_term_string\"}}],\"inLanguage\":\"it-IT\"},{\"@type\":\"Organization\",\"@id\":\"https:\\\/\\\/lavocedelpaese.info\\\/#organization\",\"name\":\"La Voce del Paese\",\"url\":\"https:\\\/\\\/lavocedelpaese.info\\\/\",\"logo\":{\"@type\":\"ImageObject\",\"inLanguage\":\"it-IT\",\"@id\":\"https:\\\/\\\/lavocedelpaese.info\\\/#\\\/schema\\\/logo\\\/image\\\/\",\"url\":\"https:\\\/\\\/lavocedelpaese.info\\\/wp-content\\\/uploads\\\/2023\\\/01\\\/cropped-logo-150-127.png\",\"contentUrl\":\"https:\\\/\\\/lavocedelpaese.info\\\/wp-content\\\/uploads\\\/2023\\\/01\\\/cropped-logo-150-127.png\",\"width\":137,\"height\":119,\"caption\":\"La Voce del Paese\"},\"image\":{\"@id\":\"https:\\\/\\\/lavocedelpaese.info\\\/#\\\/schema\\\/logo\\\/image\\\/\"},\"sameAs\":[\"https:\\\/\\\/www.facebook.com\\\/lavocedelpaese.info\"]},{\"@type\":\"Person\",\"@id\":\"https:\\\/\\\/lavocedelpaese.info\\\/#\\\/schema\\\/person\\\/ec151d321306bd7591f7a061abf72d88\",\"name\":\"admin\",\"image\":{\"@type\":\"ImageObject\",\"inLanguage\":\"it-IT\",\"@id\":\"https:\\\/\\\/secure.gravatar.com\\\/avatar\\\/af8f2caf0663124588de48a9380e07cbc95a74ef15b8062d0d39106c32fe3023?s=96&d=mm&r=g\",\"url\":\"https:\\\/\\\/secure.gravatar.com\\\/avatar\\\/af8f2caf0663124588de48a9380e07cbc95a74ef15b8062d0d39106c32fe3023?s=96&d=mm&r=g\",\"contentUrl\":\"https:\\\/\\\/secure.gravatar.com\\\/avatar\\\/af8f2caf0663124588de48a9380e07cbc95a74ef15b8062d0d39106c32fe3023?s=96&d=mm&r=g\",\"caption\":\"admin\"},\"sameAs\":[\"https:\\\/\\\/lavocedelpaese.info\"],\"url\":\"https:\\\/\\\/lavocedelpaese.info\\\/index.php\\\/author\\\/admin\\\/\"}]}<\/script>\n<!-- \/ Yoast SEO plugin. -->","yoast_head_json":{"title":"La Tassa Rifiuti aumenta ancora. Nonostante il 75% di differenziata\u00a0\u200b - La Voce del Paese","robots":{"index":"index","follow":"follow","max-snippet":"max-snippet:-1","max-image-preview":"max-image-preview:large","max-video-preview":"max-video-preview:-1"},"canonical":"https:\/\/lavocedelpaese.info\/index.php\/2025\/04\/30\/la-tassa-rifiuti-aumenta-ancora-nonostante-il-75-di-differenziata\/","og_locale":"it_IT","og_type":"article","og_title":"La Tassa Rifiuti aumenta ancora. Nonostante il 75% di differenziata\u00a0\u200b - La Voce del Paese","og_description":"\u00a0 \u200b\u00a0 \u200b\u00a0 Nuovo ritocco alla Tassa Rifiuti per le famiglie e le imprese cassanesi. Lo ha deciso ieri sera","og_url":"https:\/\/lavocedelpaese.info\/index.php\/2025\/04\/30\/la-tassa-rifiuti-aumenta-ancora-nonostante-il-75-di-differenziata\/","og_site_name":"La Voce del Paese","article_publisher":"https:\/\/www.facebook.com\/lavocedelpaese.info","article_published_time":"2025-04-30T07:14:09+00:00","author":"admin","twitter_card":"summary_large_image","twitter_misc":{"Scritto da":"admin","Tempo di lettura stimato":"2 minuti"},"schema":{"@context":"https:\/\/schema.org","@graph":[{"@type":"Article","@id":"https:\/\/lavocedelpaese.info\/index.php\/2025\/04\/30\/la-tassa-rifiuti-aumenta-ancora-nonostante-il-75-di-differenziata\/#article","isPartOf":{"@id":"https:\/\/lavocedelpaese.info\/index.php\/2025\/04\/30\/la-tassa-rifiuti-aumenta-ancora-nonostante-il-75-di-differenziata\/"},"author":{"name":"admin","@id":"https:\/\/lavocedelpaese.info\/#\/schema\/person\/ec151d321306bd7591f7a061abf72d88"},"headline":"La Tassa Rifiuti aumenta ancora. Nonostante il 75% di differenziata\u00a0\u200b","datePublished":"2025-04-30T07:14:09+00:00","mainEntityOfPage":{"@id":"https:\/\/lavocedelpaese.info\/index.php\/2025\/04\/30\/la-tassa-rifiuti-aumenta-ancora-nonostante-il-75-di-differenziata\/"},"wordCount":435,"commentCount":0,"publisher":{"@id":"https:\/\/lavocedelpaese.info\/#organization"},"image":{"@id":"https:\/\/lavocedelpaese.info\/index.php\/2025\/04\/30\/la-tassa-rifiuti-aumenta-ancora-nonostante-il-75-di-differenziata\/#primaryimage"},"thumbnailUrl":"https:\/\/lavocedelpaese.info\/wp-content\/uploads\/2023\/01\/logo-150-127.png","articleSection":["network"],"inLanguage":"it-IT","potentialAction":[{"@type":"CommentAction","name":"Comment","target":["https:\/\/lavocedelpaese.info\/index.php\/2025\/04\/30\/la-tassa-rifiuti-aumenta-ancora-nonostante-il-75-di-differenziata\/#respond"]}]},{"@type":"WebPage","@id":"https:\/\/lavocedelpaese.info\/index.php\/2025\/04\/30\/la-tassa-rifiuti-aumenta-ancora-nonostante-il-75-di-differenziata\/","url":"https:\/\/lavocedelpaese.info\/index.php\/2025\/04\/30\/la-tassa-rifiuti-aumenta-ancora-nonostante-il-75-di-differenziata\/","name":"La Tassa Rifiuti aumenta ancora. Nonostante il 75% di differenziata\u00a0\u200b - La Voce del Paese","isPartOf":{"@id":"https:\/\/lavocedelpaese.info\/#website"},"primaryImageOfPage":{"@id":"https:\/\/lavocedelpaese.info\/index.php\/2025\/04\/30\/la-tassa-rifiuti-aumenta-ancora-nonostante-il-75-di-differenziata\/#primaryimage"},"image":{"@id":"https:\/\/lavocedelpaese.info\/index.php\/2025\/04\/30\/la-tassa-rifiuti-aumenta-ancora-nonostante-il-75-di-differenziata\/#primaryimage"},"thumbnailUrl":"https:\/\/lavocedelpaese.info\/wp-content\/uploads\/2023\/01\/logo-150-127.png","datePublished":"2025-04-30T07:14:09+00:00","breadcrumb":{"@id":"https:\/\/lavocedelpaese.info\/index.php\/2025\/04\/30\/la-tassa-rifiuti-aumenta-ancora-nonostante-il-75-di-differenziata\/#breadcrumb"},"inLanguage":"it-IT","potentialAction":[{"@type":"ReadAction","target":["https:\/\/lavocedelpaese.info\/index.php\/2025\/04\/30\/la-tassa-rifiuti-aumenta-ancora-nonostante-il-75-di-differenziata\/"]}]},{"@type":"ImageObject","inLanguage":"it-IT","@id":"https:\/\/lavocedelpaese.info\/index.php\/2025\/04\/30\/la-tassa-rifiuti-aumenta-ancora-nonostante-il-75-di-differenziata\/#primaryimage","url":"https:\/\/lavocedelpaese.info\/wp-content\/uploads\/2023\/01\/logo-150-127.png","contentUrl":"https:\/\/lavocedelpaese.info\/wp-content\/uploads\/2023\/01\/logo-150-127.png","width":150,"height":127},{"@type":"BreadcrumbList","@id":"https:\/\/lavocedelpaese.info\/index.php\/2025\/04\/30\/la-tassa-rifiuti-aumenta-ancora-nonostante-il-75-di-differenziata\/#breadcrumb","itemListElement":[{"@type":"ListItem","position":1,"name":"Home","item":"https:\/\/lavocedelpaese.info\/"},{"@type":"ListItem","position":2,"name":"La Tassa Rifiuti aumenta ancora. Nonostante il 75% di differenziata\u00a0\u200b"}]},{"@type":"WebSite","@id":"https:\/\/lavocedelpaese.info\/#website","url":"https:\/\/lavocedelpaese.info\/","name":"La Voce del Paese","description":"Un network di idee","publisher":{"@id":"https:\/\/lavocedelpaese.info\/#organization"},"potentialAction":[{"@type":"SearchAction","target":{"@type":"EntryPoint","urlTemplate":"https:\/\/lavocedelpaese.info\/?s={search_term_string}"},"query-input":{"@type":"PropertyValueSpecification","valueRequired":true,"valueName":"search_term_string"}}],"inLanguage":"it-IT"},{"@type":"Organization","@id":"https:\/\/lavocedelpaese.info\/#organization","name":"La Voce del Paese","url":"https:\/\/lavocedelpaese.info\/","logo":{"@type":"ImageObject","inLanguage":"it-IT","@id":"https:\/\/lavocedelpaese.info\/#\/schema\/logo\/image\/","url":"https:\/\/lavocedelpaese.info\/wp-content\/uploads\/2023\/01\/cropped-logo-150-127.png","contentUrl":"https:\/\/lavocedelpaese.info\/wp-content\/uploads\/2023\/01\/cropped-logo-150-127.png","width":137,"height":119,"caption":"La Voce del Paese"},"image":{"@id":"https:\/\/lavocedelpaese.info\/#\/schema\/logo\/image\/"},"sameAs":["https:\/\/www.facebook.com\/lavocedelpaese.info"]},{"@type":"Person","@id":"https:\/\/lavocedelpaese.info\/#\/schema\/person\/ec151d321306bd7591f7a061abf72d88","name":"admin","image":{"@type":"ImageObject","inLanguage":"it-IT","@id":"https:\/\/secure.gravatar.com\/avatar\/af8f2caf0663124588de48a9380e07cbc95a74ef15b8062d0d39106c32fe3023?s=96&d=mm&r=g","url":"https:\/\/secure.gravatar.com\/avatar\/af8f2caf0663124588de48a9380e07cbc95a74ef15b8062d0d39106c32fe3023?s=96&d=mm&r=g","contentUrl":"https:\/\/secure.gravatar.com\/avatar\/af8f2caf0663124588de48a9380e07cbc95a74ef15b8062d0d39106c32fe3023?s=96&d=mm&r=g","caption":"admin"},"sameAs":["https:\/\/lavocedelpaese.info"],"url":"https:\/\/lavocedelpaese.info\/index.php\/author\/admin\/"}]}},"_links":{"self":[{"href":"https:\/\/lavocedelpaese.info\/index.php\/wp-json\/wp\/v2\/posts\/9238","targetHints":{"allow":["GET"]}}],"collection":[{"href":"https:\/\/lavocedelpaese.info\/index.php\/wp-json\/wp\/v2\/posts"}],"about":[{"href":"https:\/\/lavocedelpaese.info\/index.php\/wp-json\/wp\/v2\/types\/post"}],"author":[{"embeddable":true,"href":"https:\/\/lavocedelpaese.info\/index.php\/wp-json\/wp\/v2\/users\/6"}],"replies":[{"embeddable":true,"href":"https:\/\/lavocedelpaese.info\/index.php\/wp-json\/wp\/v2\/comments?post=9238"}],"version-history":[{"count":0,"href":"https:\/\/lavocedelpaese.info\/index.php\/wp-json\/wp\/v2\/posts\/9238\/revisions"}],"wp:featuredmedia":[{"embeddable":true,"href":"https:\/\/lavocedelpaese.info\/index.php\/wp-json\/wp\/v2\/media\/730"}],"wp:attachment":[{"href":"https:\/\/lavocedelpaese.info\/index.php\/wp-json\/wp\/v2\/media?parent=9238"}],"wp:term":[{"taxonomy":"category","embeddable":true,"href":"https:\/\/lavocedelpaese.info\/index.php\/wp-json\/wp\/v2\/categories?post=9238"},{"taxonomy":"post_tag","embeddable":true,"href":"https:\/\/lavocedelpaese.info\/index.php\/wp-json\/wp\/v2\/tags?post=9238"}],"curies":[{"name":"wp","href":"https:\/\/api.w.org\/{rel}","templated":true}]}}