{"id":9236,"date":"2025-04-30T06:15:22","date_gmt":"2025-04-30T06:15:22","guid":{"rendered":"https:\/\/lavocedelpaese.info\/index.php\/2025\/04\/30\/la-cultura-come-bene-comune\/"},"modified":"2025-04-30T06:15:22","modified_gmt":"2025-04-30T06:15:22","slug":"la-cultura-come-bene-comune","status":"publish","type":"post","link":"https:\/\/lavocedelpaese.info\/index.php\/2025\/04\/30\/la-cultura-come-bene-comune\/","title":{"rendered":"\u201cLa cultura come bene comune\u201d\u00a0\u200b"},"content":{"rendered":"<p>\u00a0<\/p>\n<p>\u200b\u00a0<\/p>\n<p>\u200b\u00a0<\/p>\n<div><\/div>\n<h4 class=\"wp-block-heading\"><strong>La storia della Libera Universit\u00e0 della Terza Et\u00e0 di Turi e la sfida per il futuro<\/strong><\/h4>\n<p>La cultura come esigenza di tutti e non pi\u00f9 come patrimonio riservato a pochi eletti. Su questa convinzione part\u00ec l\u2019Associazione culturale \u201cDiamante\u201d, nata come espressione di un gruppo di sole donne che, riunite in locali privati, trovarono nella cultura un punto d\u2019incontro e di riscatto sociale, proprio negli anni in cui i loro figli guardavano al \u201cpassaporto\u201d culturale come requisito indispensabile per accedere alla sfera del mondo del lavoro.<\/p>\n<p>Investire nella cultura ha rappresentato per queste donne una scelta razionale e lungimirante, volta a garantire ai propri figli il completamento del ciclo degli studi, anche in previsione di possibili ostacoli o difficolt\u00e0 economiche.<\/p>\n<p>Gi\u00e0 nei primi anni 2000, prese vita uno scambio culturale con la LUTE (Libera Universit\u00e0 della Terza Et\u00e0) di Mola di Bari.<\/p>\n<p>Il 30 gennaio 2006 segna una data importante: l\u2019inaugurazione dell\u2019Anno Accademico dell\u2019Universit\u00e0 della Terza Et\u00e0 di Turi, celebrata alla presenza dell\u2019allora Presidente della Regione Puglia, Nichi Vendola, presso i locali dell\u2019ex Istituto Tecnico Commerciale. In concomitanza, fu inaugurata anche la Scuola Media \u201cRaffaele Resta\u201d, i cui lavori di ristrutturazione permisero di accogliere le attivit\u00e0 dell\u2019UTE.<br \/>Le aule, assegnate alla LUTE, divennero presto uno spazio vivo e dinamico, aperto in orario pomeridiano dal luned\u00ec al venerd\u00ec, dove si svolgevano lezioni accademiche, laboratori e corsi. Ad esempio laboratori di pittura, chiacchierino, tombolo, ricamo, tricot ed arti femminili; corsi di bigiotteria, canto e ballo, ginnastica dolce e yoga. Non mancavano seminari di Diritto, Psicologia, Fisioterapia e Omeopatia, oltre a incontri informativi con i Carabinieri.<\/p>\n<p>Particolarmente encomiabili sono state anche le partecipazioni dell\u2019associazione a rassegne teatrali e corali a carattere regionale delle LUTE, che hanno dato risalto all\u2019impegno e alla vitalit\u00e0 del gruppo turese.<\/p>\n<p>Al centro di ogni iniziativa \u00e8 sempre rimasta la volont\u00e0 di condividere spazi, esperienze e valori di solidariet\u00e0. La speranza era ed \u00e8 quella di trasmettere il messaggio che la cultura \u00e8 un potente strumento di crescita personale e della comunit\u00e0, un\u2019\u00e0ncora sicura anche nei momenti pi\u00f9 incerti.<\/p>\n<h4 class=\"wp-block-heading\"><strong>La sfida per il futuro<\/strong><\/h4>\n<p>Oggi, posso dire di essere soddisfatto per il progresso raggiunto su un nodo cruciale: l\u2019autonomia strutturale del nostro istituto rispetto a quello di Mola. \u00c8 attorno a questo traguardo che dovr\u00e0 ruotare ogni futuro sviluppo. Carmela Vittore \u2013 fondatrice e presidente della LUTE Turi \u2013 non c\u2019\u00e8 pi\u00f9, ma il programma e gli obiettivi dell\u2019Universit\u00e0 devono essere portati avanti con responsabilit\u00e0 da chi ha condiviso con lei il percorso, sia come docente che come amministratrice.<\/p>\n<p>Altra perdita significativa per Turi \u00e8 stata quella di Rino Valerio: un raro altruista tra gli operatori culturali. Dopo il suo messaggio educativo ispirato a Gianni Rodari, aspettiamo un\u2019evoluzione sana, capace di integrarsi pienamente con l\u2019ambiente. In tutti i sensi.<\/p>\n<p>Rimane da ridisegnare la strategia culturale, troppo spesso adagiata su un presente privo di visione. Don Vito Ingellis, Dino Bianco, Rino Valerio e Carmela Vittore: quattro nomi affini, menti elette che hanno tracciato una rotta lungimirante, lucidamente proiettata al futuro.<br \/>In quanti abbiamo avuto la volont\u00e0 e la determinazione di proseguire su quella strada?<\/p>\n<p>Turi ha avuto menti illuminate e tante occasioni di reale crescita; eppure, forse, ci siamo valutati con troppa ambizione e senza sufficiente autocritica. Forse abbiamo smesso di coltivare il giardino delle nuove generazioni, guardando inermi al lento inaridirsi del patrimonio culturale ricevuto in eredit\u00e0, lasciando che se ne perdesse finanche la memoria.<br \/>Facile dire che <em>nessuno \u00e8 profeta in patria<\/em> e assistere al crollo del Centro Culturale Polivalente e di tanto altro\u2026<\/p>\n<p class=\"has-text-align-right\"><strong>Mino Miale<\/strong><\/p>\n<figure class=\"wp-block-image aligncenter size-full\"><img decoding=\"async\" width=\"874\" height=\"1234\" src=\"https:\/\/turi.lavocedelpaese.info\/wp-content\/uploads\/2025\/04\/Locandina-della-prima-edizione-del-Laboratorio-di-Animazione-Teatrale-organizzata-in-sinergia-con-Rino-Valerio-Turi-Conversano-luglio-1985.jpg\" alt=\"\" class=\"wp-image-6904\"\/><figcaption class=\"wp-element-caption\"><strong>Locandina della prima edizione del Laboratorio di Animazione Teatrale, <\/strong><br \/><strong>organizzata in sinergia con Rino Valerio (Turi-Conversano, luglio 1985)<\/strong><\/figcaption><\/figure>\n<figure class=\"wp-block-image size-full\"><img decoding=\"async\" width=\"1858\" height=\"573\" src=\"https:\/\/turi.lavocedelpaese.info\/wp-content\/uploads\/2025\/04\/dalla-parte-dei-bambini-turi-2002.jpg\" alt=\"\" class=\"wp-image-6906\"\/><figcaption class=\"wp-element-caption\"><strong>Foto ricordo XXI Rassegna Fantastica \u201cOmaggio a Rodari\u201d e IX Concorso di Narrativa \u201cIl Paese dei Bambini\u201d, organizzata dalla Scuola Elementare \u201cDe Donato Giannini\u201d \u2013 Turi, 2002<\/strong><\/figcaption><\/figure>\n\n<p><a class=\"a2a_button_facebook\" href=\"https:\/\/www.addtoany.com\/add_to\/facebook?linkurl=https%3A%2F%2Fturi.lavocedelpaese.info%2Fla-cultura-come-bene-comune%2F&amp;linkname=%E2%80%9CLa%20cultura%20come%20bene%20comune%E2%80%9D\" title=\"Facebook\" rel=\"nofollow noopener\" target=\"_blank\"><\/a><a class=\"a2a_button_twitter\" href=\"https:\/\/www.addtoany.com\/add_to\/twitter?linkurl=https%3A%2F%2Fturi.lavocedelpaese.info%2Fla-cultura-come-bene-comune%2F&amp;linkname=%E2%80%9CLa%20cultura%20come%20bene%20comune%E2%80%9D\" title=\"Twitter\" rel=\"nofollow noopener\" target=\"_blank\"><\/a><a class=\"a2a_button_whatsapp\" href=\"https:\/\/www.addtoany.com\/add_to\/whatsapp?linkurl=https%3A%2F%2Fturi.lavocedelpaese.info%2Fla-cultura-come-bene-comune%2F&amp;linkname=%E2%80%9CLa%20cultura%20come%20bene%20comune%E2%80%9D\" title=\"WhatsApp\" rel=\"nofollow noopener\" target=\"_blank\"><\/a><a class=\"a2a_button_telegram\" href=\"https:\/\/www.addtoany.com\/add_to\/telegram?linkurl=https%3A%2F%2Fturi.lavocedelpaese.info%2Fla-cultura-come-bene-comune%2F&amp;linkname=%E2%80%9CLa%20cultura%20come%20bene%20comune%E2%80%9D\" title=\"Telegram\" rel=\"nofollow noopener\" target=\"_blank\"><\/a><a class=\"a2a_button_email\" href=\"https:\/\/www.addtoany.com\/add_to\/email?linkurl=https%3A%2F%2Fturi.lavocedelpaese.info%2Fla-cultura-come-bene-comune%2F&amp;linkname=%E2%80%9CLa%20cultura%20come%20bene%20comune%E2%80%9D\" title=\"Email\" rel=\"nofollow noopener\" target=\"_blank\"><\/a><\/p>\n<p>L&#8217;articolo <a href=\"https:\/\/turi.lavocedelpaese.info\/la-cultura-come-bene-comune\/\">\u201cLa cultura come bene comune\u201d<\/a> proviene da <a href=\"https:\/\/turi.lavocedelpaese.info\/\">Turi &#8211; La Voce del Paese<\/a>.<\/p>\n<p>\u00a0<\/p>\n<p>\u00a0<\/p>\n<p>\u200b\u00a0\u00a0\u00a0<\/p>","protected":false},"excerpt":{"rendered":"<p>\u00a0 \u200b\u00a0 \u200b\u00a0 La storia della Libera Universit\u00e0 della Terza Et\u00e0 di Turi e la sfida per il futuro La<\/p>\n","protected":false},"author":6,"featured_media":9237,"comment_status":"open","ping_status":"closed","sticky":false,"template":"","format":"standard","meta":{"colormag_page_container_layout":"default_layout","colormag_page_sidebar_layout":"default_layout","footnotes":""},"categories":[33],"tags":[],"class_list":["post-9236","post","type-post","status-publish","format-standard","has-post-thumbnail","hentry","category-network"],"yoast_head":"<!-- This site is optimized with the Yoast SEO plugin v27.5 - https:\/\/yoast.com\/product\/yoast-seo-wordpress\/ -->\n<title>\u201cLa cultura come bene comune\u201d\u00a0\u200b - La Voce del Paese<\/title>\n<meta name=\"robots\" content=\"index, follow, max-snippet:-1, max-image-preview:large, max-video-preview:-1\" \/>\n<link rel=\"canonical\" href=\"https:\/\/lavocedelpaese.info\/index.php\/2025\/04\/30\/la-cultura-come-bene-comune\/\" \/>\n<meta property=\"og:locale\" content=\"it_IT\" \/>\n<meta property=\"og:type\" content=\"article\" \/>\n<meta property=\"og:title\" content=\"\u201cLa cultura come bene comune\u201d\u00a0\u200b - La Voce del Paese\" \/>\n<meta property=\"og:description\" content=\"\u00a0 \u200b\u00a0 \u200b\u00a0 La storia della Libera Universit\u00e0 della Terza Et\u00e0 di Turi e la sfida per il futuro La\" \/>\n<meta property=\"og:url\" content=\"https:\/\/lavocedelpaese.info\/index.php\/2025\/04\/30\/la-cultura-come-bene-comune\/\" \/>\n<meta property=\"og:site_name\" content=\"La Voce del Paese\" \/>\n<meta property=\"article:publisher\" content=\"https:\/\/www.facebook.com\/lavocedelpaese.info\" \/>\n<meta property=\"article:published_time\" content=\"2025-04-30T06:15:22+00:00\" \/>\n<meta name=\"author\" content=\"admin\" \/>\n<meta name=\"twitter:card\" content=\"summary_large_image\" \/>\n<meta name=\"twitter:label1\" content=\"Scritto da\" \/>\n\t<meta name=\"twitter:data1\" content=\"admin\" \/>\n\t<meta name=\"twitter:label2\" content=\"Tempo di lettura stimato\" \/>\n\t<meta name=\"twitter:data2\" content=\"3 minuti\" \/>\n<script type=\"application\/ld+json\" class=\"yoast-schema-graph\">{\"@context\":\"https:\\\/\\\/schema.org\",\"@graph\":[{\"@type\":\"Article\",\"@id\":\"https:\\\/\\\/lavocedelpaese.info\\\/index.php\\\/2025\\\/04\\\/30\\\/la-cultura-come-bene-comune\\\/#article\",\"isPartOf\":{\"@id\":\"https:\\\/\\\/lavocedelpaese.info\\\/index.php\\\/2025\\\/04\\\/30\\\/la-cultura-come-bene-comune\\\/\"},\"author\":{\"name\":\"admin\",\"@id\":\"https:\\\/\\\/lavocedelpaese.info\\\/#\\\/schema\\\/person\\\/ec151d321306bd7591f7a061abf72d88\"},\"headline\":\"\u201cLa cultura come bene comune\u201d\u00a0\u200b\",\"datePublished\":\"2025-04-30T06:15:22+00:00\",\"mainEntityOfPage\":{\"@id\":\"https:\\\/\\\/lavocedelpaese.info\\\/index.php\\\/2025\\\/04\\\/30\\\/la-cultura-come-bene-comune\\\/\"},\"wordCount\":653,\"commentCount\":0,\"publisher\":{\"@id\":\"https:\\\/\\\/lavocedelpaese.info\\\/#organization\"},\"image\":{\"@id\":\"https:\\\/\\\/lavocedelpaese.info\\\/index.php\\\/2025\\\/04\\\/30\\\/la-cultura-come-bene-comune\\\/#primaryimage\"},\"thumbnailUrl\":\"https:\\\/\\\/lavocedelpaese.info\\\/wp-content\\\/uploads\\\/2025\\\/04\\\/Locandina-della-prima-edizione-del-Laboratorio-di-Animazione-Teatrale-organizzata-in-sinergia-con-Rino-Valerio-Turi-Conversano-luglio-1985-GxC8Vn.jpg\",\"articleSection\":[\"network\"],\"inLanguage\":\"it-IT\",\"potentialAction\":[{\"@type\":\"CommentAction\",\"name\":\"Comment\",\"target\":[\"https:\\\/\\\/lavocedelpaese.info\\\/index.php\\\/2025\\\/04\\\/30\\\/la-cultura-come-bene-comune\\\/#respond\"]}]},{\"@type\":\"WebPage\",\"@id\":\"https:\\\/\\\/lavocedelpaese.info\\\/index.php\\\/2025\\\/04\\\/30\\\/la-cultura-come-bene-comune\\\/\",\"url\":\"https:\\\/\\\/lavocedelpaese.info\\\/index.php\\\/2025\\\/04\\\/30\\\/la-cultura-come-bene-comune\\\/\",\"name\":\"\u201cLa cultura come bene comune\u201d\u00a0\u200b - La Voce del Paese\",\"isPartOf\":{\"@id\":\"https:\\\/\\\/lavocedelpaese.info\\\/#website\"},\"primaryImageOfPage\":{\"@id\":\"https:\\\/\\\/lavocedelpaese.info\\\/index.php\\\/2025\\\/04\\\/30\\\/la-cultura-come-bene-comune\\\/#primaryimage\"},\"image\":{\"@id\":\"https:\\\/\\\/lavocedelpaese.info\\\/index.php\\\/2025\\\/04\\\/30\\\/la-cultura-come-bene-comune\\\/#primaryimage\"},\"thumbnailUrl\":\"https:\\\/\\\/lavocedelpaese.info\\\/wp-content\\\/uploads\\\/2025\\\/04\\\/Locandina-della-prima-edizione-del-Laboratorio-di-Animazione-Teatrale-organizzata-in-sinergia-con-Rino-Valerio-Turi-Conversano-luglio-1985-GxC8Vn.jpg\",\"datePublished\":\"2025-04-30T06:15:22+00:00\",\"breadcrumb\":{\"@id\":\"https:\\\/\\\/lavocedelpaese.info\\\/index.php\\\/2025\\\/04\\\/30\\\/la-cultura-come-bene-comune\\\/#breadcrumb\"},\"inLanguage\":\"it-IT\",\"potentialAction\":[{\"@type\":\"ReadAction\",\"target\":[\"https:\\\/\\\/lavocedelpaese.info\\\/index.php\\\/2025\\\/04\\\/30\\\/la-cultura-come-bene-comune\\\/\"]}]},{\"@type\":\"ImageObject\",\"inLanguage\":\"it-IT\",\"@id\":\"https:\\\/\\\/lavocedelpaese.info\\\/index.php\\\/2025\\\/04\\\/30\\\/la-cultura-come-bene-comune\\\/#primaryimage\",\"url\":\"https:\\\/\\\/lavocedelpaese.info\\\/wp-content\\\/uploads\\\/2025\\\/04\\\/Locandina-della-prima-edizione-del-Laboratorio-di-Animazione-Teatrale-organizzata-in-sinergia-con-Rino-Valerio-Turi-Conversano-luglio-1985-GxC8Vn.jpg\",\"contentUrl\":\"https:\\\/\\\/lavocedelpaese.info\\\/wp-content\\\/uploads\\\/2025\\\/04\\\/Locandina-della-prima-edizione-del-Laboratorio-di-Animazione-Teatrale-organizzata-in-sinergia-con-Rino-Valerio-Turi-Conversano-luglio-1985-GxC8Vn.jpg\",\"width\":567,\"height\":800},{\"@type\":\"BreadcrumbList\",\"@id\":\"https:\\\/\\\/lavocedelpaese.info\\\/index.php\\\/2025\\\/04\\\/30\\\/la-cultura-come-bene-comune\\\/#breadcrumb\",\"itemListElement\":[{\"@type\":\"ListItem\",\"position\":1,\"name\":\"Home\",\"item\":\"https:\\\/\\\/lavocedelpaese.info\\\/\"},{\"@type\":\"ListItem\",\"position\":2,\"name\":\"\u201cLa cultura come bene comune\u201d\u00a0\u200b\"}]},{\"@type\":\"WebSite\",\"@id\":\"https:\\\/\\\/lavocedelpaese.info\\\/#website\",\"url\":\"https:\\\/\\\/lavocedelpaese.info\\\/\",\"name\":\"La Voce del Paese\",\"description\":\"Un network di idee\",\"publisher\":{\"@id\":\"https:\\\/\\\/lavocedelpaese.info\\\/#organization\"},\"potentialAction\":[{\"@type\":\"SearchAction\",\"target\":{\"@type\":\"EntryPoint\",\"urlTemplate\":\"https:\\\/\\\/lavocedelpaese.info\\\/?s={search_term_string}\"},\"query-input\":{\"@type\":\"PropertyValueSpecification\",\"valueRequired\":true,\"valueName\":\"search_term_string\"}}],\"inLanguage\":\"it-IT\"},{\"@type\":\"Organization\",\"@id\":\"https:\\\/\\\/lavocedelpaese.info\\\/#organization\",\"name\":\"La Voce del Paese\",\"url\":\"https:\\\/\\\/lavocedelpaese.info\\\/\",\"logo\":{\"@type\":\"ImageObject\",\"inLanguage\":\"it-IT\",\"@id\":\"https:\\\/\\\/lavocedelpaese.info\\\/#\\\/schema\\\/logo\\\/image\\\/\",\"url\":\"https:\\\/\\\/lavocedelpaese.info\\\/wp-content\\\/uploads\\\/2023\\\/01\\\/cropped-logo-150-127.png\",\"contentUrl\":\"https:\\\/\\\/lavocedelpaese.info\\\/wp-content\\\/uploads\\\/2023\\\/01\\\/cropped-logo-150-127.png\",\"width\":137,\"height\":119,\"caption\":\"La Voce del Paese\"},\"image\":{\"@id\":\"https:\\\/\\\/lavocedelpaese.info\\\/#\\\/schema\\\/logo\\\/image\\\/\"},\"sameAs\":[\"https:\\\/\\\/www.facebook.com\\\/lavocedelpaese.info\"]},{\"@type\":\"Person\",\"@id\":\"https:\\\/\\\/lavocedelpaese.info\\\/#\\\/schema\\\/person\\\/ec151d321306bd7591f7a061abf72d88\",\"name\":\"admin\",\"image\":{\"@type\":\"ImageObject\",\"inLanguage\":\"it-IT\",\"@id\":\"https:\\\/\\\/secure.gravatar.com\\\/avatar\\\/af8f2caf0663124588de48a9380e07cbc95a74ef15b8062d0d39106c32fe3023?s=96&d=mm&r=g\",\"url\":\"https:\\\/\\\/secure.gravatar.com\\\/avatar\\\/af8f2caf0663124588de48a9380e07cbc95a74ef15b8062d0d39106c32fe3023?s=96&d=mm&r=g\",\"contentUrl\":\"https:\\\/\\\/secure.gravatar.com\\\/avatar\\\/af8f2caf0663124588de48a9380e07cbc95a74ef15b8062d0d39106c32fe3023?s=96&d=mm&r=g\",\"caption\":\"admin\"},\"sameAs\":[\"https:\\\/\\\/lavocedelpaese.info\"],\"url\":\"https:\\\/\\\/lavocedelpaese.info\\\/index.php\\\/author\\\/admin\\\/\"}]}<\/script>\n<!-- \/ Yoast SEO plugin. -->","yoast_head_json":{"title":"\u201cLa cultura come bene comune\u201d\u00a0\u200b - La Voce del Paese","robots":{"index":"index","follow":"follow","max-snippet":"max-snippet:-1","max-image-preview":"max-image-preview:large","max-video-preview":"max-video-preview:-1"},"canonical":"https:\/\/lavocedelpaese.info\/index.php\/2025\/04\/30\/la-cultura-come-bene-comune\/","og_locale":"it_IT","og_type":"article","og_title":"\u201cLa cultura come bene comune\u201d\u00a0\u200b - La Voce del Paese","og_description":"\u00a0 \u200b\u00a0 \u200b\u00a0 La storia della Libera Universit\u00e0 della Terza Et\u00e0 di Turi e la sfida per il futuro La","og_url":"https:\/\/lavocedelpaese.info\/index.php\/2025\/04\/30\/la-cultura-come-bene-comune\/","og_site_name":"La Voce del Paese","article_publisher":"https:\/\/www.facebook.com\/lavocedelpaese.info","article_published_time":"2025-04-30T06:15:22+00:00","author":"admin","twitter_card":"summary_large_image","twitter_misc":{"Scritto da":"admin","Tempo di lettura stimato":"3 minuti"},"schema":{"@context":"https:\/\/schema.org","@graph":[{"@type":"Article","@id":"https:\/\/lavocedelpaese.info\/index.php\/2025\/04\/30\/la-cultura-come-bene-comune\/#article","isPartOf":{"@id":"https:\/\/lavocedelpaese.info\/index.php\/2025\/04\/30\/la-cultura-come-bene-comune\/"},"author":{"name":"admin","@id":"https:\/\/lavocedelpaese.info\/#\/schema\/person\/ec151d321306bd7591f7a061abf72d88"},"headline":"\u201cLa cultura come bene comune\u201d\u00a0\u200b","datePublished":"2025-04-30T06:15:22+00:00","mainEntityOfPage":{"@id":"https:\/\/lavocedelpaese.info\/index.php\/2025\/04\/30\/la-cultura-come-bene-comune\/"},"wordCount":653,"commentCount":0,"publisher":{"@id":"https:\/\/lavocedelpaese.info\/#organization"},"image":{"@id":"https:\/\/lavocedelpaese.info\/index.php\/2025\/04\/30\/la-cultura-come-bene-comune\/#primaryimage"},"thumbnailUrl":"https:\/\/lavocedelpaese.info\/wp-content\/uploads\/2025\/04\/Locandina-della-prima-edizione-del-Laboratorio-di-Animazione-Teatrale-organizzata-in-sinergia-con-Rino-Valerio-Turi-Conversano-luglio-1985-GxC8Vn.jpg","articleSection":["network"],"inLanguage":"it-IT","potentialAction":[{"@type":"CommentAction","name":"Comment","target":["https:\/\/lavocedelpaese.info\/index.php\/2025\/04\/30\/la-cultura-come-bene-comune\/#respond"]}]},{"@type":"WebPage","@id":"https:\/\/lavocedelpaese.info\/index.php\/2025\/04\/30\/la-cultura-come-bene-comune\/","url":"https:\/\/lavocedelpaese.info\/index.php\/2025\/04\/30\/la-cultura-come-bene-comune\/","name":"\u201cLa cultura come bene comune\u201d\u00a0\u200b - La Voce del Paese","isPartOf":{"@id":"https:\/\/lavocedelpaese.info\/#website"},"primaryImageOfPage":{"@id":"https:\/\/lavocedelpaese.info\/index.php\/2025\/04\/30\/la-cultura-come-bene-comune\/#primaryimage"},"image":{"@id":"https:\/\/lavocedelpaese.info\/index.php\/2025\/04\/30\/la-cultura-come-bene-comune\/#primaryimage"},"thumbnailUrl":"https:\/\/lavocedelpaese.info\/wp-content\/uploads\/2025\/04\/Locandina-della-prima-edizione-del-Laboratorio-di-Animazione-Teatrale-organizzata-in-sinergia-con-Rino-Valerio-Turi-Conversano-luglio-1985-GxC8Vn.jpg","datePublished":"2025-04-30T06:15:22+00:00","breadcrumb":{"@id":"https:\/\/lavocedelpaese.info\/index.php\/2025\/04\/30\/la-cultura-come-bene-comune\/#breadcrumb"},"inLanguage":"it-IT","potentialAction":[{"@type":"ReadAction","target":["https:\/\/lavocedelpaese.info\/index.php\/2025\/04\/30\/la-cultura-come-bene-comune\/"]}]},{"@type":"ImageObject","inLanguage":"it-IT","@id":"https:\/\/lavocedelpaese.info\/index.php\/2025\/04\/30\/la-cultura-come-bene-comune\/#primaryimage","url":"https:\/\/lavocedelpaese.info\/wp-content\/uploads\/2025\/04\/Locandina-della-prima-edizione-del-Laboratorio-di-Animazione-Teatrale-organizzata-in-sinergia-con-Rino-Valerio-Turi-Conversano-luglio-1985-GxC8Vn.jpg","contentUrl":"https:\/\/lavocedelpaese.info\/wp-content\/uploads\/2025\/04\/Locandina-della-prima-edizione-del-Laboratorio-di-Animazione-Teatrale-organizzata-in-sinergia-con-Rino-Valerio-Turi-Conversano-luglio-1985-GxC8Vn.jpg","width":567,"height":800},{"@type":"BreadcrumbList","@id":"https:\/\/lavocedelpaese.info\/index.php\/2025\/04\/30\/la-cultura-come-bene-comune\/#breadcrumb","itemListElement":[{"@type":"ListItem","position":1,"name":"Home","item":"https:\/\/lavocedelpaese.info\/"},{"@type":"ListItem","position":2,"name":"\u201cLa cultura come bene comune\u201d\u00a0\u200b"}]},{"@type":"WebSite","@id":"https:\/\/lavocedelpaese.info\/#website","url":"https:\/\/lavocedelpaese.info\/","name":"La Voce del Paese","description":"Un network di idee","publisher":{"@id":"https:\/\/lavocedelpaese.info\/#organization"},"potentialAction":[{"@type":"SearchAction","target":{"@type":"EntryPoint","urlTemplate":"https:\/\/lavocedelpaese.info\/?s={search_term_string}"},"query-input":{"@type":"PropertyValueSpecification","valueRequired":true,"valueName":"search_term_string"}}],"inLanguage":"it-IT"},{"@type":"Organization","@id":"https:\/\/lavocedelpaese.info\/#organization","name":"La Voce del Paese","url":"https:\/\/lavocedelpaese.info\/","logo":{"@type":"ImageObject","inLanguage":"it-IT","@id":"https:\/\/lavocedelpaese.info\/#\/schema\/logo\/image\/","url":"https:\/\/lavocedelpaese.info\/wp-content\/uploads\/2023\/01\/cropped-logo-150-127.png","contentUrl":"https:\/\/lavocedelpaese.info\/wp-content\/uploads\/2023\/01\/cropped-logo-150-127.png","width":137,"height":119,"caption":"La Voce del Paese"},"image":{"@id":"https:\/\/lavocedelpaese.info\/#\/schema\/logo\/image\/"},"sameAs":["https:\/\/www.facebook.com\/lavocedelpaese.info"]},{"@type":"Person","@id":"https:\/\/lavocedelpaese.info\/#\/schema\/person\/ec151d321306bd7591f7a061abf72d88","name":"admin","image":{"@type":"ImageObject","inLanguage":"it-IT","@id":"https:\/\/secure.gravatar.com\/avatar\/af8f2caf0663124588de48a9380e07cbc95a74ef15b8062d0d39106c32fe3023?s=96&d=mm&r=g","url":"https:\/\/secure.gravatar.com\/avatar\/af8f2caf0663124588de48a9380e07cbc95a74ef15b8062d0d39106c32fe3023?s=96&d=mm&r=g","contentUrl":"https:\/\/secure.gravatar.com\/avatar\/af8f2caf0663124588de48a9380e07cbc95a74ef15b8062d0d39106c32fe3023?s=96&d=mm&r=g","caption":"admin"},"sameAs":["https:\/\/lavocedelpaese.info"],"url":"https:\/\/lavocedelpaese.info\/index.php\/author\/admin\/"}]}},"_links":{"self":[{"href":"https:\/\/lavocedelpaese.info\/index.php\/wp-json\/wp\/v2\/posts\/9236","targetHints":{"allow":["GET"]}}],"collection":[{"href":"https:\/\/lavocedelpaese.info\/index.php\/wp-json\/wp\/v2\/posts"}],"about":[{"href":"https:\/\/lavocedelpaese.info\/index.php\/wp-json\/wp\/v2\/types\/post"}],"author":[{"embeddable":true,"href":"https:\/\/lavocedelpaese.info\/index.php\/wp-json\/wp\/v2\/users\/6"}],"replies":[{"embeddable":true,"href":"https:\/\/lavocedelpaese.info\/index.php\/wp-json\/wp\/v2\/comments?post=9236"}],"version-history":[{"count":0,"href":"https:\/\/lavocedelpaese.info\/index.php\/wp-json\/wp\/v2\/posts\/9236\/revisions"}],"wp:featuredmedia":[{"embeddable":true,"href":"https:\/\/lavocedelpaese.info\/index.php\/wp-json\/wp\/v2\/media\/9237"}],"wp:attachment":[{"href":"https:\/\/lavocedelpaese.info\/index.php\/wp-json\/wp\/v2\/media?parent=9236"}],"wp:term":[{"taxonomy":"category","embeddable":true,"href":"https:\/\/lavocedelpaese.info\/index.php\/wp-json\/wp\/v2\/categories?post=9236"},{"taxonomy":"post_tag","embeddable":true,"href":"https:\/\/lavocedelpaese.info\/index.php\/wp-json\/wp\/v2\/tags?post=9236"}],"curies":[{"name":"wp","href":"https:\/\/api.w.org\/{rel}","templated":true}]}}