{"id":9232,"date":"2025-04-29T11:08:29","date_gmt":"2025-04-29T11:08:29","guid":{"rendered":"https:\/\/lavocedelpaese.info\/?p=9232"},"modified":"2025-04-29T11:08:30","modified_gmt":"2025-04-29T11:08:30","slug":"nuovo-ep-e-tour-estivo-nazionale-lannuncio-di-ester-del-popolo","status":"publish","type":"post","link":"https:\/\/lavocedelpaese.info\/index.php\/2025\/04\/29\/nuovo-ep-e-tour-estivo-nazionale-lannuncio-di-ester-del-popolo\/","title":{"rendered":"Nuovo EP e tour estivo nazionale: l\u2019annuncio di Ester Del Popolo"},"content":{"rendered":"\n<p>Da venerd\u00ec <strong>2 maggio<\/strong> sar\u00e0 disponibile \u201c<strong>Prologue (Electro-Live Cover)<\/strong>\u201d, il nuovo EP di <strong>Ester Del Popolo<\/strong>, su YouTube e tutte le piattaforme digitali. Questo progetto inaugura una nuova fase artistica, caratterizzata da intensi spettacoli di <strong>musica dal vivo<\/strong> e <strong>nuove esperienze per l\u2019artista<\/strong>, accompagnata dal suo team di produzione e dalla sua band. Il tour inizier\u00e0 a maggio dal Sud Italia, precisamente da Puglia, Calabria e Campania, per poi fare tappa in diverse altre zone della Penisola.<\/p>\n\n\n\n<p>Attraverso questo tour, l\u2019artista intende raccontare al pubblico la <strong>crescita del proprio linguaggio musicale<\/strong>, unendo suggestioni elettroniche, ritmi tribal-house e vibrazioni dance in un\u2019esperienza intensa ma autentica. Il percorso musicale di Ester \u00e8 sviluppato come un libro aperto, pronto ad arricchirsi di nuove pagine e suoni sempre pi\u00f9 ricercati.<\/p>\n\n\n\n<p>Nel corso dell\u2019ultimo anno, Ester Del Popolo ha sentito crescere dentro di s\u00e9 un legame sempre pi\u00f9 profondo con sonorit\u00e0 elettroniche, tribal-house e hardcore. Ha quindi avvertito l\u2019urgenza di <strong>integrare queste influenze<\/strong> nella propria ricerca musicale, trasformandole in parte viva del suo linguaggio espressivo.<\/p>\n\n\n\n<p>Da questo impulso nasce <strong><em>Prologue<\/em><\/strong><em> (Electro\u2013Live Cover)<\/em>: non un nuovo inizio n\u00e9 un&#8217;opera compiuta, ma una soglia, un momento sospeso, una finestra aperta sul suo universo live e su ci\u00f2 che sta prendendo forma.<\/p>\n\n\n\n<p>In attesa del prossimo album di inediti, attualmente in fase di scrittura e produzione, Ester ha scelto di pubblicare un <strong>EP di cover riarrangiate<\/strong> per rendere omaggio con rispetto agli autori ed interpreti originali che hanno segnato il suo percorso musicale live. Con questo EP, Ester racconta una parte di s\u00e9 attraverso melodie che appartengono all\u2019immaginario comune, anticipando ci\u00f2 che prende vita durante i suoi concerti, dove si intrecciano cover e composizioni originali.<\/p>\n\n\n\n<figure class=\"wp-block-image aligncenter size-full\"><img decoding=\"async\" width=\"794\" height=\"800\" src=\"https:\/\/lavocedelpaese.info\/wp-content\/uploads\/2025\/04\/1000520885.jpg\" alt=\"\" class=\"wp-image-9234\" srcset=\"https:\/\/lavocedelpaese.info\/wp-content\/uploads\/2025\/04\/1000520885.jpg 794w, https:\/\/lavocedelpaese.info\/wp-content\/uploads\/2025\/04\/1000520885-298x300.jpg 298w, https:\/\/lavocedelpaese.info\/wp-content\/uploads\/2025\/04\/1000520885-150x150.jpg 150w, https:\/\/lavocedelpaese.info\/wp-content\/uploads\/2025\/04\/1000520885-768x774.jpg 768w\" sizes=\"(max-width: 794px) 100vw, 794px\" \/><\/figure>\n\n\n\n<p>Il tour prende il via con l\u2019energia vibrante di <em>Prologue<\/em>, che si propone come un collegamento tra le <strong>radici artistiche <\/strong>di Ester e le<strong> nuove direzioni sonore<\/strong> che la musicista sta abbracciando.<\/p>\n\n\n\n<p>Sul suo canale <strong>YouTube<\/strong> sono disponibili anche <strong>due tracce esclusive<\/strong>, pensate per ampliare e arricchire ulteriormente il racconto sonoro di questo progetto, offrendo nuove prospettive.<\/p>\n\n\n\n<p>Ester Del Popolo invita il pubblico a vivere l\u2019esperienza dei suoi live, dove <strong>musica<\/strong>, em<strong>ozioni e innovazione si fondono in un racconto autentico<\/strong>. I suoi concerti sono un viaggio di pura energia e modernit\u00e0, un\u2019occasione per entrare nel cuore della sua visione artistica e seguirne da vicino l\u2019evoluzione.<\/p>\n\n\n\n<p>Per saperne di pi\u00f9 e conoscere tutte le date, \u00e8 possibile visitare le piattaforme ufficiali di Ester Del Popolo.<\/p>\n\n\n\n<p>Non mancate a questo imperdibile evento: Ester Del Popolo vi aspetta per condividere questo emozionante percorso in musica.<\/p>\n\n\n\n<p>*Produzione Eventi Casciaro e Casciaro Production<\/p>\n","protected":false},"excerpt":{"rendered":"<p>Da venerd\u00ec 2 maggio sar\u00e0 disponibile \u201cPrologue (Electro-Live Cover)\u201d, il nuovo EP di Ester Del Popolo, su YouTube e tutte<\/p>\n","protected":false},"author":6,"featured_media":9233,"comment_status":"open","ping_status":"closed","sticky":false,"template":"","format":"standard","meta":{"colormag_page_container_layout":"default_layout","colormag_page_sidebar_layout":"default_layout","footnotes":""},"categories":[2,34],"tags":[],"class_list":["post-9232","post","type-post","status-publish","format-standard","has-post-thumbnail","hentry","category-attualita","category-box-laterali-blocco-1"],"yoast_head":"<!-- This site is optimized with the Yoast SEO plugin v27.5 - https:\/\/yoast.com\/product\/yoast-seo-wordpress\/ -->\n<title>Nuovo EP e tour estivo nazionale: l\u2019annuncio di Ester Del Popolo - La Voce del Paese<\/title>\n<meta name=\"robots\" content=\"index, follow, max-snippet:-1, max-image-preview:large, max-video-preview:-1\" \/>\n<link rel=\"canonical\" href=\"https:\/\/lavocedelpaese.info\/index.php\/2025\/04\/29\/nuovo-ep-e-tour-estivo-nazionale-lannuncio-di-ester-del-popolo\/\" \/>\n<meta property=\"og:locale\" content=\"it_IT\" \/>\n<meta property=\"og:type\" content=\"article\" \/>\n<meta property=\"og:title\" content=\"Nuovo EP e tour estivo nazionale: l\u2019annuncio di Ester Del Popolo - La Voce del Paese\" \/>\n<meta property=\"og:description\" content=\"Da venerd\u00ec 2 maggio sar\u00e0 disponibile \u201cPrologue (Electro-Live Cover)\u201d, il nuovo EP di Ester Del Popolo, su YouTube e tutte\" \/>\n<meta property=\"og:url\" content=\"https:\/\/lavocedelpaese.info\/index.php\/2025\/04\/29\/nuovo-ep-e-tour-estivo-nazionale-lannuncio-di-ester-del-popolo\/\" \/>\n<meta property=\"og:site_name\" content=\"La Voce del Paese\" \/>\n<meta property=\"article:publisher\" content=\"https:\/\/www.facebook.com\/lavocedelpaese.info\" \/>\n<meta property=\"article:published_time\" content=\"2025-04-29T11:08:29+00:00\" \/>\n<meta property=\"article:modified_time\" content=\"2025-04-29T11:08:30+00:00\" \/>\n<meta property=\"og:image\" content=\"https:\/\/lavocedelpaese.info\/wp-content\/uploads\/2025\/04\/1000520891.jpg\" \/>\n\t<meta property=\"og:image:width\" content=\"1000\" \/>\n\t<meta property=\"og:image:height\" content=\"564\" \/>\n\t<meta property=\"og:image:type\" content=\"image\/jpeg\" \/>\n<meta name=\"author\" content=\"admin\" \/>\n<meta name=\"twitter:card\" content=\"summary_large_image\" \/>\n<meta name=\"twitter:label1\" content=\"Scritto da\" \/>\n\t<meta name=\"twitter:data1\" content=\"admin\" \/>\n\t<meta name=\"twitter:label2\" content=\"Tempo di lettura stimato\" \/>\n\t<meta name=\"twitter:data2\" content=\"3 minuti\" \/>\n<script type=\"application\/ld+json\" class=\"yoast-schema-graph\">{\"@context\":\"https:\\\/\\\/schema.org\",\"@graph\":[{\"@type\":\"Article\",\"@id\":\"https:\\\/\\\/lavocedelpaese.info\\\/index.php\\\/2025\\\/04\\\/29\\\/nuovo-ep-e-tour-estivo-nazionale-lannuncio-di-ester-del-popolo\\\/#article\",\"isPartOf\":{\"@id\":\"https:\\\/\\\/lavocedelpaese.info\\\/index.php\\\/2025\\\/04\\\/29\\\/nuovo-ep-e-tour-estivo-nazionale-lannuncio-di-ester-del-popolo\\\/\"},\"author\":{\"name\":\"admin\",\"@id\":\"https:\\\/\\\/lavocedelpaese.info\\\/#\\\/schema\\\/person\\\/ec151d321306bd7591f7a061abf72d88\"},\"headline\":\"Nuovo EP e tour estivo nazionale: l\u2019annuncio di Ester Del Popolo\",\"datePublished\":\"2025-04-29T11:08:29+00:00\",\"dateModified\":\"2025-04-29T11:08:30+00:00\",\"mainEntityOfPage\":{\"@id\":\"https:\\\/\\\/lavocedelpaese.info\\\/index.php\\\/2025\\\/04\\\/29\\\/nuovo-ep-e-tour-estivo-nazionale-lannuncio-di-ester-del-popolo\\\/\"},\"wordCount\":446,\"commentCount\":0,\"publisher\":{\"@id\":\"https:\\\/\\\/lavocedelpaese.info\\\/#organization\"},\"image\":{\"@id\":\"https:\\\/\\\/lavocedelpaese.info\\\/index.php\\\/2025\\\/04\\\/29\\\/nuovo-ep-e-tour-estivo-nazionale-lannuncio-di-ester-del-popolo\\\/#primaryimage\"},\"thumbnailUrl\":\"https:\\\/\\\/lavocedelpaese.info\\\/wp-content\\\/uploads\\\/2025\\\/04\\\/1000520891.jpg\",\"articleSection\":[\"Attualit\u00e0\",\"primo piano\"],\"inLanguage\":\"it-IT\",\"potentialAction\":[{\"@type\":\"CommentAction\",\"name\":\"Comment\",\"target\":[\"https:\\\/\\\/lavocedelpaese.info\\\/index.php\\\/2025\\\/04\\\/29\\\/nuovo-ep-e-tour-estivo-nazionale-lannuncio-di-ester-del-popolo\\\/#respond\"]}]},{\"@type\":\"WebPage\",\"@id\":\"https:\\\/\\\/lavocedelpaese.info\\\/index.php\\\/2025\\\/04\\\/29\\\/nuovo-ep-e-tour-estivo-nazionale-lannuncio-di-ester-del-popolo\\\/\",\"url\":\"https:\\\/\\\/lavocedelpaese.info\\\/index.php\\\/2025\\\/04\\\/29\\\/nuovo-ep-e-tour-estivo-nazionale-lannuncio-di-ester-del-popolo\\\/\",\"name\":\"Nuovo EP e tour estivo nazionale: l\u2019annuncio di Ester Del Popolo - La Voce del Paese\",\"isPartOf\":{\"@id\":\"https:\\\/\\\/lavocedelpaese.info\\\/#website\"},\"primaryImageOfPage\":{\"@id\":\"https:\\\/\\\/lavocedelpaese.info\\\/index.php\\\/2025\\\/04\\\/29\\\/nuovo-ep-e-tour-estivo-nazionale-lannuncio-di-ester-del-popolo\\\/#primaryimage\"},\"image\":{\"@id\":\"https:\\\/\\\/lavocedelpaese.info\\\/index.php\\\/2025\\\/04\\\/29\\\/nuovo-ep-e-tour-estivo-nazionale-lannuncio-di-ester-del-popolo\\\/#primaryimage\"},\"thumbnailUrl\":\"https:\\\/\\\/lavocedelpaese.info\\\/wp-content\\\/uploads\\\/2025\\\/04\\\/1000520891.jpg\",\"datePublished\":\"2025-04-29T11:08:29+00:00\",\"dateModified\":\"2025-04-29T11:08:30+00:00\",\"breadcrumb\":{\"@id\":\"https:\\\/\\\/lavocedelpaese.info\\\/index.php\\\/2025\\\/04\\\/29\\\/nuovo-ep-e-tour-estivo-nazionale-lannuncio-di-ester-del-popolo\\\/#breadcrumb\"},\"inLanguage\":\"it-IT\",\"potentialAction\":[{\"@type\":\"ReadAction\",\"target\":[\"https:\\\/\\\/lavocedelpaese.info\\\/index.php\\\/2025\\\/04\\\/29\\\/nuovo-ep-e-tour-estivo-nazionale-lannuncio-di-ester-del-popolo\\\/\"]}]},{\"@type\":\"ImageObject\",\"inLanguage\":\"it-IT\",\"@id\":\"https:\\\/\\\/lavocedelpaese.info\\\/index.php\\\/2025\\\/04\\\/29\\\/nuovo-ep-e-tour-estivo-nazionale-lannuncio-di-ester-del-popolo\\\/#primaryimage\",\"url\":\"https:\\\/\\\/lavocedelpaese.info\\\/wp-content\\\/uploads\\\/2025\\\/04\\\/1000520891.jpg\",\"contentUrl\":\"https:\\\/\\\/lavocedelpaese.info\\\/wp-content\\\/uploads\\\/2025\\\/04\\\/1000520891.jpg\",\"width\":1000,\"height\":564},{\"@type\":\"BreadcrumbList\",\"@id\":\"https:\\\/\\\/lavocedelpaese.info\\\/index.php\\\/2025\\\/04\\\/29\\\/nuovo-ep-e-tour-estivo-nazionale-lannuncio-di-ester-del-popolo\\\/#breadcrumb\",\"itemListElement\":[{\"@type\":\"ListItem\",\"position\":1,\"name\":\"Home\",\"item\":\"https:\\\/\\\/lavocedelpaese.info\\\/\"},{\"@type\":\"ListItem\",\"position\":2,\"name\":\"Nuovo EP e tour estivo nazionale: l\u2019annuncio di Ester Del Popolo\"}]},{\"@type\":\"WebSite\",\"@id\":\"https:\\\/\\\/lavocedelpaese.info\\\/#website\",\"url\":\"https:\\\/\\\/lavocedelpaese.info\\\/\",\"name\":\"La Voce del Paese\",\"description\":\"Un network di idee\",\"publisher\":{\"@id\":\"https:\\\/\\\/lavocedelpaese.info\\\/#organization\"},\"potentialAction\":[{\"@type\":\"SearchAction\",\"target\":{\"@type\":\"EntryPoint\",\"urlTemplate\":\"https:\\\/\\\/lavocedelpaese.info\\\/?s={search_term_string}\"},\"query-input\":{\"@type\":\"PropertyValueSpecification\",\"valueRequired\":true,\"valueName\":\"search_term_string\"}}],\"inLanguage\":\"it-IT\"},{\"@type\":\"Organization\",\"@id\":\"https:\\\/\\\/lavocedelpaese.info\\\/#organization\",\"name\":\"La Voce del Paese\",\"url\":\"https:\\\/\\\/lavocedelpaese.info\\\/\",\"logo\":{\"@type\":\"ImageObject\",\"inLanguage\":\"it-IT\",\"@id\":\"https:\\\/\\\/lavocedelpaese.info\\\/#\\\/schema\\\/logo\\\/image\\\/\",\"url\":\"https:\\\/\\\/lavocedelpaese.info\\\/wp-content\\\/uploads\\\/2023\\\/01\\\/cropped-logo-150-127.png\",\"contentUrl\":\"https:\\\/\\\/lavocedelpaese.info\\\/wp-content\\\/uploads\\\/2023\\\/01\\\/cropped-logo-150-127.png\",\"width\":137,\"height\":119,\"caption\":\"La Voce del Paese\"},\"image\":{\"@id\":\"https:\\\/\\\/lavocedelpaese.info\\\/#\\\/schema\\\/logo\\\/image\\\/\"},\"sameAs\":[\"https:\\\/\\\/www.facebook.com\\\/lavocedelpaese.info\"]},{\"@type\":\"Person\",\"@id\":\"https:\\\/\\\/lavocedelpaese.info\\\/#\\\/schema\\\/person\\\/ec151d321306bd7591f7a061abf72d88\",\"name\":\"admin\",\"image\":{\"@type\":\"ImageObject\",\"inLanguage\":\"it-IT\",\"@id\":\"https:\\\/\\\/secure.gravatar.com\\\/avatar\\\/af8f2caf0663124588de48a9380e07cbc95a74ef15b8062d0d39106c32fe3023?s=96&d=mm&r=g\",\"url\":\"https:\\\/\\\/secure.gravatar.com\\\/avatar\\\/af8f2caf0663124588de48a9380e07cbc95a74ef15b8062d0d39106c32fe3023?s=96&d=mm&r=g\",\"contentUrl\":\"https:\\\/\\\/secure.gravatar.com\\\/avatar\\\/af8f2caf0663124588de48a9380e07cbc95a74ef15b8062d0d39106c32fe3023?s=96&d=mm&r=g\",\"caption\":\"admin\"},\"sameAs\":[\"https:\\\/\\\/lavocedelpaese.info\"],\"url\":\"https:\\\/\\\/lavocedelpaese.info\\\/index.php\\\/author\\\/admin\\\/\"}]}<\/script>\n<!-- \/ Yoast SEO plugin. -->","yoast_head_json":{"title":"Nuovo EP e tour estivo nazionale: l\u2019annuncio di Ester Del Popolo - La Voce del Paese","robots":{"index":"index","follow":"follow","max-snippet":"max-snippet:-1","max-image-preview":"max-image-preview:large","max-video-preview":"max-video-preview:-1"},"canonical":"https:\/\/lavocedelpaese.info\/index.php\/2025\/04\/29\/nuovo-ep-e-tour-estivo-nazionale-lannuncio-di-ester-del-popolo\/","og_locale":"it_IT","og_type":"article","og_title":"Nuovo EP e tour estivo nazionale: l\u2019annuncio di Ester Del Popolo - La Voce del Paese","og_description":"Da venerd\u00ec 2 maggio sar\u00e0 disponibile \u201cPrologue (Electro-Live Cover)\u201d, il nuovo EP di Ester Del Popolo, su YouTube e tutte","og_url":"https:\/\/lavocedelpaese.info\/index.php\/2025\/04\/29\/nuovo-ep-e-tour-estivo-nazionale-lannuncio-di-ester-del-popolo\/","og_site_name":"La Voce del Paese","article_publisher":"https:\/\/www.facebook.com\/lavocedelpaese.info","article_published_time":"2025-04-29T11:08:29+00:00","article_modified_time":"2025-04-29T11:08:30+00:00","og_image":[{"width":1000,"height":564,"url":"https:\/\/lavocedelpaese.info\/wp-content\/uploads\/2025\/04\/1000520891.jpg","type":"image\/jpeg"}],"author":"admin","twitter_card":"summary_large_image","twitter_misc":{"Scritto da":"admin","Tempo di lettura stimato":"3 minuti"},"schema":{"@context":"https:\/\/schema.org","@graph":[{"@type":"Article","@id":"https:\/\/lavocedelpaese.info\/index.php\/2025\/04\/29\/nuovo-ep-e-tour-estivo-nazionale-lannuncio-di-ester-del-popolo\/#article","isPartOf":{"@id":"https:\/\/lavocedelpaese.info\/index.php\/2025\/04\/29\/nuovo-ep-e-tour-estivo-nazionale-lannuncio-di-ester-del-popolo\/"},"author":{"name":"admin","@id":"https:\/\/lavocedelpaese.info\/#\/schema\/person\/ec151d321306bd7591f7a061abf72d88"},"headline":"Nuovo EP e tour estivo nazionale: l\u2019annuncio di Ester Del Popolo","datePublished":"2025-04-29T11:08:29+00:00","dateModified":"2025-04-29T11:08:30+00:00","mainEntityOfPage":{"@id":"https:\/\/lavocedelpaese.info\/index.php\/2025\/04\/29\/nuovo-ep-e-tour-estivo-nazionale-lannuncio-di-ester-del-popolo\/"},"wordCount":446,"commentCount":0,"publisher":{"@id":"https:\/\/lavocedelpaese.info\/#organization"},"image":{"@id":"https:\/\/lavocedelpaese.info\/index.php\/2025\/04\/29\/nuovo-ep-e-tour-estivo-nazionale-lannuncio-di-ester-del-popolo\/#primaryimage"},"thumbnailUrl":"https:\/\/lavocedelpaese.info\/wp-content\/uploads\/2025\/04\/1000520891.jpg","articleSection":["Attualit\u00e0","primo piano"],"inLanguage":"it-IT","potentialAction":[{"@type":"CommentAction","name":"Comment","target":["https:\/\/lavocedelpaese.info\/index.php\/2025\/04\/29\/nuovo-ep-e-tour-estivo-nazionale-lannuncio-di-ester-del-popolo\/#respond"]}]},{"@type":"WebPage","@id":"https:\/\/lavocedelpaese.info\/index.php\/2025\/04\/29\/nuovo-ep-e-tour-estivo-nazionale-lannuncio-di-ester-del-popolo\/","url":"https:\/\/lavocedelpaese.info\/index.php\/2025\/04\/29\/nuovo-ep-e-tour-estivo-nazionale-lannuncio-di-ester-del-popolo\/","name":"Nuovo EP e tour estivo nazionale: l\u2019annuncio di Ester Del Popolo - La Voce del Paese","isPartOf":{"@id":"https:\/\/lavocedelpaese.info\/#website"},"primaryImageOfPage":{"@id":"https:\/\/lavocedelpaese.info\/index.php\/2025\/04\/29\/nuovo-ep-e-tour-estivo-nazionale-lannuncio-di-ester-del-popolo\/#primaryimage"},"image":{"@id":"https:\/\/lavocedelpaese.info\/index.php\/2025\/04\/29\/nuovo-ep-e-tour-estivo-nazionale-lannuncio-di-ester-del-popolo\/#primaryimage"},"thumbnailUrl":"https:\/\/lavocedelpaese.info\/wp-content\/uploads\/2025\/04\/1000520891.jpg","datePublished":"2025-04-29T11:08:29+00:00","dateModified":"2025-04-29T11:08:30+00:00","breadcrumb":{"@id":"https:\/\/lavocedelpaese.info\/index.php\/2025\/04\/29\/nuovo-ep-e-tour-estivo-nazionale-lannuncio-di-ester-del-popolo\/#breadcrumb"},"inLanguage":"it-IT","potentialAction":[{"@type":"ReadAction","target":["https:\/\/lavocedelpaese.info\/index.php\/2025\/04\/29\/nuovo-ep-e-tour-estivo-nazionale-lannuncio-di-ester-del-popolo\/"]}]},{"@type":"ImageObject","inLanguage":"it-IT","@id":"https:\/\/lavocedelpaese.info\/index.php\/2025\/04\/29\/nuovo-ep-e-tour-estivo-nazionale-lannuncio-di-ester-del-popolo\/#primaryimage","url":"https:\/\/lavocedelpaese.info\/wp-content\/uploads\/2025\/04\/1000520891.jpg","contentUrl":"https:\/\/lavocedelpaese.info\/wp-content\/uploads\/2025\/04\/1000520891.jpg","width":1000,"height":564},{"@type":"BreadcrumbList","@id":"https:\/\/lavocedelpaese.info\/index.php\/2025\/04\/29\/nuovo-ep-e-tour-estivo-nazionale-lannuncio-di-ester-del-popolo\/#breadcrumb","itemListElement":[{"@type":"ListItem","position":1,"name":"Home","item":"https:\/\/lavocedelpaese.info\/"},{"@type":"ListItem","position":2,"name":"Nuovo EP e tour estivo nazionale: l\u2019annuncio di Ester Del Popolo"}]},{"@type":"WebSite","@id":"https:\/\/lavocedelpaese.info\/#website","url":"https:\/\/lavocedelpaese.info\/","name":"La Voce del Paese","description":"Un network di idee","publisher":{"@id":"https:\/\/lavocedelpaese.info\/#organization"},"potentialAction":[{"@type":"SearchAction","target":{"@type":"EntryPoint","urlTemplate":"https:\/\/lavocedelpaese.info\/?s={search_term_string}"},"query-input":{"@type":"PropertyValueSpecification","valueRequired":true,"valueName":"search_term_string"}}],"inLanguage":"it-IT"},{"@type":"Organization","@id":"https:\/\/lavocedelpaese.info\/#organization","name":"La Voce del Paese","url":"https:\/\/lavocedelpaese.info\/","logo":{"@type":"ImageObject","inLanguage":"it-IT","@id":"https:\/\/lavocedelpaese.info\/#\/schema\/logo\/image\/","url":"https:\/\/lavocedelpaese.info\/wp-content\/uploads\/2023\/01\/cropped-logo-150-127.png","contentUrl":"https:\/\/lavocedelpaese.info\/wp-content\/uploads\/2023\/01\/cropped-logo-150-127.png","width":137,"height":119,"caption":"La Voce del Paese"},"image":{"@id":"https:\/\/lavocedelpaese.info\/#\/schema\/logo\/image\/"},"sameAs":["https:\/\/www.facebook.com\/lavocedelpaese.info"]},{"@type":"Person","@id":"https:\/\/lavocedelpaese.info\/#\/schema\/person\/ec151d321306bd7591f7a061abf72d88","name":"admin","image":{"@type":"ImageObject","inLanguage":"it-IT","@id":"https:\/\/secure.gravatar.com\/avatar\/af8f2caf0663124588de48a9380e07cbc95a74ef15b8062d0d39106c32fe3023?s=96&d=mm&r=g","url":"https:\/\/secure.gravatar.com\/avatar\/af8f2caf0663124588de48a9380e07cbc95a74ef15b8062d0d39106c32fe3023?s=96&d=mm&r=g","contentUrl":"https:\/\/secure.gravatar.com\/avatar\/af8f2caf0663124588de48a9380e07cbc95a74ef15b8062d0d39106c32fe3023?s=96&d=mm&r=g","caption":"admin"},"sameAs":["https:\/\/lavocedelpaese.info"],"url":"https:\/\/lavocedelpaese.info\/index.php\/author\/admin\/"}]}},"_links":{"self":[{"href":"https:\/\/lavocedelpaese.info\/index.php\/wp-json\/wp\/v2\/posts\/9232","targetHints":{"allow":["GET"]}}],"collection":[{"href":"https:\/\/lavocedelpaese.info\/index.php\/wp-json\/wp\/v2\/posts"}],"about":[{"href":"https:\/\/lavocedelpaese.info\/index.php\/wp-json\/wp\/v2\/types\/post"}],"author":[{"embeddable":true,"href":"https:\/\/lavocedelpaese.info\/index.php\/wp-json\/wp\/v2\/users\/6"}],"replies":[{"embeddable":true,"href":"https:\/\/lavocedelpaese.info\/index.php\/wp-json\/wp\/v2\/comments?post=9232"}],"version-history":[{"count":1,"href":"https:\/\/lavocedelpaese.info\/index.php\/wp-json\/wp\/v2\/posts\/9232\/revisions"}],"predecessor-version":[{"id":9235,"href":"https:\/\/lavocedelpaese.info\/index.php\/wp-json\/wp\/v2\/posts\/9232\/revisions\/9235"}],"wp:featuredmedia":[{"embeddable":true,"href":"https:\/\/lavocedelpaese.info\/index.php\/wp-json\/wp\/v2\/media\/9233"}],"wp:attachment":[{"href":"https:\/\/lavocedelpaese.info\/index.php\/wp-json\/wp\/v2\/media?parent=9232"}],"wp:term":[{"taxonomy":"category","embeddable":true,"href":"https:\/\/lavocedelpaese.info\/index.php\/wp-json\/wp\/v2\/categories?post=9232"},{"taxonomy":"post_tag","embeddable":true,"href":"https:\/\/lavocedelpaese.info\/index.php\/wp-json\/wp\/v2\/tags?post=9232"}],"curies":[{"name":"wp","href":"https:\/\/api.w.org\/{rel}","templated":true}]}}