{"id":9229,"date":"2025-04-29T06:13:51","date_gmt":"2025-04-29T06:13:51","guid":{"rendered":"https:\/\/lavocedelpaese.info\/index.php\/2025\/04\/29\/i-ragazzi-della-ranidae-vincono-anche-a-torino-e-di-leone-si-prepara-per-il-cus-bari\/"},"modified":"2025-04-29T06:13:51","modified_gmt":"2025-04-29T06:13:51","slug":"i-ragazzi-della-ranidae-vincono-anche-a-torino-e-di-leone-si-prepara-per-il-cus-bari","status":"publish","type":"post","link":"https:\/\/lavocedelpaese.info\/index.php\/2025\/04\/29\/i-ragazzi-della-ranidae-vincono-anche-a-torino-e-di-leone-si-prepara-per-il-cus-bari\/","title":{"rendered":"I ragazzi della \u201cRanidae\u201d vincono anche a Torino. E Di Leone si prepara per il CUS Bari\u00a0\u200b"},"content":{"rendered":"<p>\u00a0<\/p>\n<p>\u200b\u00a0<\/p>\n<p>\u200b\u00a0<\/p>\n<p>I ragazzi della squadra special settore apnea della societ\u00e0 cassaese \u201cRanidae\u201d, guidati dal Tecnico Federale Rosanna Gaeta, hanno partecipato al Campionato italiano Paralimpico di apnea indoor a Torino gareggiando con atleti provenienti da tutta Italia e con otimi risultati.<\/p>\n<p><strong>Donato Solazzo<\/strong> categoria 1CM DYN pinne quinto posto, al podio Walter Gernone categoria 2 CM DYN pinne terzo posto, <strong>Saverio Pipino<\/strong> categoria 2 CM DYN pinne secondo posto e <strong>Vitulli Gianfranco c<\/strong>ategoria 2 CM DYN primo posto.<\/p>\n<p>I ragazzi hanno portato a casa una grande vittoria che non \u00e8 solo rappresentata da una medaglia ma dalla forza di volont\u00e0 e dalla determinazione. \u201cLa trasferta \u2013 spiega la coach \u2013 comporta molti sacrifici e soprattutto non \u00e8 facile affrontare una gara dopo un lungo viaggio ma i ragazzi hanno eseguito la loro prestazione con grande attenzione\u201d.<\/p>\n<p>Ora occhi puntati su <strong>Lorenzo Di Leone<\/strong>: l\u2019atleta del settore nuoto paralimpico della Ranidae cssd \u2013 c\/o Melior Club \u2013 Scuola Nuoto FIN domenica 4 maggio parteciper\u00e0 &lt;sub judice&gt;, (perch\u00e9 in attesa di classificazione funzionale FINP processo che assegna a ogni atleta con disabilit\u00e0 una classe sportiva basata sulla sua funzionalit\u00e0) al Campionato regionale Finp presso la piscina CUS di Bari. Sar\u00e0 l\u2019occasione per vivere una nuova esperienza soprattutto perch\u00e9 si garegger\u00e0 in una bellissima vasca da 50 metri. Lorenzo si cimenter\u00e0 nei 50 dorso puntando a migliorarsi e a divertirsi cogliendo l\u2019occasione per conoscere tante belle persone unite dallo stesso desiderio di mettersi alla prova superando un limite.<\/p>\n<figure class=\"wp-block-image size-large is-resized\"><img decoding=\"async\" width=\"1024\" height=\"1019\" src=\"https:\/\/cassano.lavocedelpaese.info\/wp-content\/uploads\/2025\/04\/2-1024x1019.jpg\" alt=\"\" class=\"wp-image-6489\"\/><\/figure>\n<p><a class=\"a2a_button_facebook\" href=\"https:\/\/www.addtoany.com\/add_to\/facebook?linkurl=https%3A%2F%2Fcassano.lavocedelpaese.info%2Fi-ragazzi-della-ranidae-vincono-anche-a-torino-e-di-leone-si-prepara-per-il-cus-bari%2F&amp;linkname=I%20ragazzi%20della%20%E2%80%9CRanidae%E2%80%9D%20vincono%20anche%20a%20Torino.%20E%20Di%20Leone%20si%20prepara%20per%20il%20CUS%20Bari\" title=\"Facebook\" rel=\"nofollow noopener\" target=\"_blank\"><\/a><a class=\"a2a_button_twitter\" href=\"https:\/\/www.addtoany.com\/add_to\/twitter?linkurl=https%3A%2F%2Fcassano.lavocedelpaese.info%2Fi-ragazzi-della-ranidae-vincono-anche-a-torino-e-di-leone-si-prepara-per-il-cus-bari%2F&amp;linkname=I%20ragazzi%20della%20%E2%80%9CRanidae%E2%80%9D%20vincono%20anche%20a%20Torino.%20E%20Di%20Leone%20si%20prepara%20per%20il%20CUS%20Bari\" title=\"Twitter\" rel=\"nofollow noopener\" target=\"_blank\"><\/a><a class=\"a2a_button_whatsapp\" href=\"https:\/\/www.addtoany.com\/add_to\/whatsapp?linkurl=https%3A%2F%2Fcassano.lavocedelpaese.info%2Fi-ragazzi-della-ranidae-vincono-anche-a-torino-e-di-leone-si-prepara-per-il-cus-bari%2F&amp;linkname=I%20ragazzi%20della%20%E2%80%9CRanidae%E2%80%9D%20vincono%20anche%20a%20Torino.%20E%20Di%20Leone%20si%20prepara%20per%20il%20CUS%20Bari\" title=\"WhatsApp\" rel=\"nofollow noopener\" target=\"_blank\"><\/a><a class=\"a2a_button_telegram\" href=\"https:\/\/www.addtoany.com\/add_to\/telegram?linkurl=https%3A%2F%2Fcassano.lavocedelpaese.info%2Fi-ragazzi-della-ranidae-vincono-anche-a-torino-e-di-leone-si-prepara-per-il-cus-bari%2F&amp;linkname=I%20ragazzi%20della%20%E2%80%9CRanidae%E2%80%9D%20vincono%20anche%20a%20Torino.%20E%20Di%20Leone%20si%20prepara%20per%20il%20CUS%20Bari\" title=\"Telegram\" rel=\"nofollow noopener\" target=\"_blank\"><\/a><a class=\"a2a_button_email\" href=\"https:\/\/www.addtoany.com\/add_to\/email?linkurl=https%3A%2F%2Fcassano.lavocedelpaese.info%2Fi-ragazzi-della-ranidae-vincono-anche-a-torino-e-di-leone-si-prepara-per-il-cus-bari%2F&amp;linkname=I%20ragazzi%20della%20%E2%80%9CRanidae%E2%80%9D%20vincono%20anche%20a%20Torino.%20E%20Di%20Leone%20si%20prepara%20per%20il%20CUS%20Bari\" title=\"Email\" rel=\"nofollow noopener\" target=\"_blank\"><\/a><\/p>\n<p>\u00a0<\/p>\n<p>\u00a0<\/p>\n<p>\u200b\u00a0\u00a0\u00a0<\/p>","protected":false},"excerpt":{"rendered":"<p>\u00a0 \u200b\u00a0 \u200b\u00a0 I ragazzi della squadra special settore apnea della societ\u00e0 cassaese \u201cRanidae\u201d, guidati dal Tecnico Federale Rosanna Gaeta,<\/p>\n","protected":false},"author":6,"featured_media":9230,"comment_status":"open","ping_status":"closed","sticky":false,"template":"","format":"standard","meta":{"colormag_page_container_layout":"default_layout","colormag_page_sidebar_layout":"default_layout","footnotes":""},"categories":[33],"tags":[],"class_list":["post-9229","post","type-post","status-publish","format-standard","has-post-thumbnail","hentry","category-network"],"yoast_head":"<!-- This site is optimized with the Yoast SEO plugin v27.5 - https:\/\/yoast.com\/product\/yoast-seo-wordpress\/ -->\n<title>I ragazzi della \u201cRanidae\u201d vincono anche a Torino. E Di Leone si prepara per il CUS Bari\u00a0\u200b - La Voce del Paese<\/title>\n<meta name=\"robots\" content=\"index, follow, max-snippet:-1, max-image-preview:large, max-video-preview:-1\" \/>\n<link rel=\"canonical\" href=\"https:\/\/lavocedelpaese.info\/index.php\/2025\/04\/29\/i-ragazzi-della-ranidae-vincono-anche-a-torino-e-di-leone-si-prepara-per-il-cus-bari\/\" \/>\n<meta property=\"og:locale\" content=\"it_IT\" \/>\n<meta property=\"og:type\" content=\"article\" \/>\n<meta property=\"og:title\" content=\"I ragazzi della \u201cRanidae\u201d vincono anche a Torino. E Di Leone si prepara per il CUS Bari\u00a0\u200b - La Voce del Paese\" \/>\n<meta property=\"og:description\" content=\"\u00a0 \u200b\u00a0 \u200b\u00a0 I ragazzi della squadra special settore apnea della societ\u00e0 cassaese \u201cRanidae\u201d, guidati dal Tecnico Federale Rosanna Gaeta,\" \/>\n<meta property=\"og:url\" content=\"https:\/\/lavocedelpaese.info\/index.php\/2025\/04\/29\/i-ragazzi-della-ranidae-vincono-anche-a-torino-e-di-leone-si-prepara-per-il-cus-bari\/\" \/>\n<meta property=\"og:site_name\" content=\"La Voce del Paese\" \/>\n<meta property=\"article:publisher\" content=\"https:\/\/www.facebook.com\/lavocedelpaese.info\" \/>\n<meta property=\"article:published_time\" content=\"2025-04-29T06:13:51+00:00\" \/>\n<meta name=\"author\" content=\"admin\" \/>\n<meta name=\"twitter:card\" content=\"summary_large_image\" \/>\n<meta name=\"twitter:label1\" content=\"Scritto da\" \/>\n\t<meta name=\"twitter:data1\" content=\"admin\" \/>\n\t<meta name=\"twitter:label2\" content=\"Tempo di lettura stimato\" \/>\n\t<meta name=\"twitter:data2\" content=\"1 minuto\" \/>\n<script type=\"application\/ld+json\" class=\"yoast-schema-graph\">{\"@context\":\"https:\\\/\\\/schema.org\",\"@graph\":[{\"@type\":\"Article\",\"@id\":\"https:\\\/\\\/lavocedelpaese.info\\\/index.php\\\/2025\\\/04\\\/29\\\/i-ragazzi-della-ranidae-vincono-anche-a-torino-e-di-leone-si-prepara-per-il-cus-bari\\\/#article\",\"isPartOf\":{\"@id\":\"https:\\\/\\\/lavocedelpaese.info\\\/index.php\\\/2025\\\/04\\\/29\\\/i-ragazzi-della-ranidae-vincono-anche-a-torino-e-di-leone-si-prepara-per-il-cus-bari\\\/\"},\"author\":{\"name\":\"admin\",\"@id\":\"https:\\\/\\\/lavocedelpaese.info\\\/#\\\/schema\\\/person\\\/ec151d321306bd7591f7a061abf72d88\"},\"headline\":\"I ragazzi della \u201cRanidae\u201d vincono anche a Torino. E Di Leone si prepara per il CUS Bari\u00a0\u200b\",\"datePublished\":\"2025-04-29T06:13:51+00:00\",\"mainEntityOfPage\":{\"@id\":\"https:\\\/\\\/lavocedelpaese.info\\\/index.php\\\/2025\\\/04\\\/29\\\/i-ragazzi-della-ranidae-vincono-anche-a-torino-e-di-leone-si-prepara-per-il-cus-bari\\\/\"},\"wordCount\":254,\"commentCount\":0,\"publisher\":{\"@id\":\"https:\\\/\\\/lavocedelpaese.info\\\/#organization\"},\"image\":{\"@id\":\"https:\\\/\\\/lavocedelpaese.info\\\/index.php\\\/2025\\\/04\\\/29\\\/i-ragazzi-della-ranidae-vincono-anche-a-torino-e-di-leone-si-prepara-per-il-cus-bari\\\/#primaryimage\"},\"thumbnailUrl\":\"https:\\\/\\\/lavocedelpaese.info\\\/wp-content\\\/uploads\\\/2025\\\/04\\\/2-1024x1019-KSMAXb.jpg\",\"articleSection\":[\"network\"],\"inLanguage\":\"it-IT\",\"potentialAction\":[{\"@type\":\"CommentAction\",\"name\":\"Comment\",\"target\":[\"https:\\\/\\\/lavocedelpaese.info\\\/index.php\\\/2025\\\/04\\\/29\\\/i-ragazzi-della-ranidae-vincono-anche-a-torino-e-di-leone-si-prepara-per-il-cus-bari\\\/#respond\"]}]},{\"@type\":\"WebPage\",\"@id\":\"https:\\\/\\\/lavocedelpaese.info\\\/index.php\\\/2025\\\/04\\\/29\\\/i-ragazzi-della-ranidae-vincono-anche-a-torino-e-di-leone-si-prepara-per-il-cus-bari\\\/\",\"url\":\"https:\\\/\\\/lavocedelpaese.info\\\/index.php\\\/2025\\\/04\\\/29\\\/i-ragazzi-della-ranidae-vincono-anche-a-torino-e-di-leone-si-prepara-per-il-cus-bari\\\/\",\"name\":\"I ragazzi della \u201cRanidae\u201d vincono anche a Torino. E Di Leone si prepara per il CUS Bari\u00a0\u200b - La Voce del Paese\",\"isPartOf\":{\"@id\":\"https:\\\/\\\/lavocedelpaese.info\\\/#website\"},\"primaryImageOfPage\":{\"@id\":\"https:\\\/\\\/lavocedelpaese.info\\\/index.php\\\/2025\\\/04\\\/29\\\/i-ragazzi-della-ranidae-vincono-anche-a-torino-e-di-leone-si-prepara-per-il-cus-bari\\\/#primaryimage\"},\"image\":{\"@id\":\"https:\\\/\\\/lavocedelpaese.info\\\/index.php\\\/2025\\\/04\\\/29\\\/i-ragazzi-della-ranidae-vincono-anche-a-torino-e-di-leone-si-prepara-per-il-cus-bari\\\/#primaryimage\"},\"thumbnailUrl\":\"https:\\\/\\\/lavocedelpaese.info\\\/wp-content\\\/uploads\\\/2025\\\/04\\\/2-1024x1019-KSMAXb.jpg\",\"datePublished\":\"2025-04-29T06:13:51+00:00\",\"breadcrumb\":{\"@id\":\"https:\\\/\\\/lavocedelpaese.info\\\/index.php\\\/2025\\\/04\\\/29\\\/i-ragazzi-della-ranidae-vincono-anche-a-torino-e-di-leone-si-prepara-per-il-cus-bari\\\/#breadcrumb\"},\"inLanguage\":\"it-IT\",\"potentialAction\":[{\"@type\":\"ReadAction\",\"target\":[\"https:\\\/\\\/lavocedelpaese.info\\\/index.php\\\/2025\\\/04\\\/29\\\/i-ragazzi-della-ranidae-vincono-anche-a-torino-e-di-leone-si-prepara-per-il-cus-bari\\\/\"]}]},{\"@type\":\"ImageObject\",\"inLanguage\":\"it-IT\",\"@id\":\"https:\\\/\\\/lavocedelpaese.info\\\/index.php\\\/2025\\\/04\\\/29\\\/i-ragazzi-della-ranidae-vincono-anche-a-torino-e-di-leone-si-prepara-per-il-cus-bari\\\/#primaryimage\",\"url\":\"https:\\\/\\\/lavocedelpaese.info\\\/wp-content\\\/uploads\\\/2025\\\/04\\\/2-1024x1019-KSMAXb.jpg\",\"contentUrl\":\"https:\\\/\\\/lavocedelpaese.info\\\/wp-content\\\/uploads\\\/2025\\\/04\\\/2-1024x1019-KSMAXb.jpg\",\"width\":804,\"height\":800},{\"@type\":\"BreadcrumbList\",\"@id\":\"https:\\\/\\\/lavocedelpaese.info\\\/index.php\\\/2025\\\/04\\\/29\\\/i-ragazzi-della-ranidae-vincono-anche-a-torino-e-di-leone-si-prepara-per-il-cus-bari\\\/#breadcrumb\",\"itemListElement\":[{\"@type\":\"ListItem\",\"position\":1,\"name\":\"Home\",\"item\":\"https:\\\/\\\/lavocedelpaese.info\\\/\"},{\"@type\":\"ListItem\",\"position\":2,\"name\":\"I ragazzi della \u201cRanidae\u201d vincono anche a Torino. E Di Leone si prepara per il CUS Bari\u00a0\u200b\"}]},{\"@type\":\"WebSite\",\"@id\":\"https:\\\/\\\/lavocedelpaese.info\\\/#website\",\"url\":\"https:\\\/\\\/lavocedelpaese.info\\\/\",\"name\":\"La Voce del Paese\",\"description\":\"Un network di idee\",\"publisher\":{\"@id\":\"https:\\\/\\\/lavocedelpaese.info\\\/#organization\"},\"potentialAction\":[{\"@type\":\"SearchAction\",\"target\":{\"@type\":\"EntryPoint\",\"urlTemplate\":\"https:\\\/\\\/lavocedelpaese.info\\\/?s={search_term_string}\"},\"query-input\":{\"@type\":\"PropertyValueSpecification\",\"valueRequired\":true,\"valueName\":\"search_term_string\"}}],\"inLanguage\":\"it-IT\"},{\"@type\":\"Organization\",\"@id\":\"https:\\\/\\\/lavocedelpaese.info\\\/#organization\",\"name\":\"La Voce del Paese\",\"url\":\"https:\\\/\\\/lavocedelpaese.info\\\/\",\"logo\":{\"@type\":\"ImageObject\",\"inLanguage\":\"it-IT\",\"@id\":\"https:\\\/\\\/lavocedelpaese.info\\\/#\\\/schema\\\/logo\\\/image\\\/\",\"url\":\"https:\\\/\\\/lavocedelpaese.info\\\/wp-content\\\/uploads\\\/2023\\\/01\\\/cropped-logo-150-127.png\",\"contentUrl\":\"https:\\\/\\\/lavocedelpaese.info\\\/wp-content\\\/uploads\\\/2023\\\/01\\\/cropped-logo-150-127.png\",\"width\":137,\"height\":119,\"caption\":\"La Voce del Paese\"},\"image\":{\"@id\":\"https:\\\/\\\/lavocedelpaese.info\\\/#\\\/schema\\\/logo\\\/image\\\/\"},\"sameAs\":[\"https:\\\/\\\/www.facebook.com\\\/lavocedelpaese.info\"]},{\"@type\":\"Person\",\"@id\":\"https:\\\/\\\/lavocedelpaese.info\\\/#\\\/schema\\\/person\\\/ec151d321306bd7591f7a061abf72d88\",\"name\":\"admin\",\"image\":{\"@type\":\"ImageObject\",\"inLanguage\":\"it-IT\",\"@id\":\"https:\\\/\\\/secure.gravatar.com\\\/avatar\\\/af8f2caf0663124588de48a9380e07cbc95a74ef15b8062d0d39106c32fe3023?s=96&d=mm&r=g\",\"url\":\"https:\\\/\\\/secure.gravatar.com\\\/avatar\\\/af8f2caf0663124588de48a9380e07cbc95a74ef15b8062d0d39106c32fe3023?s=96&d=mm&r=g\",\"contentUrl\":\"https:\\\/\\\/secure.gravatar.com\\\/avatar\\\/af8f2caf0663124588de48a9380e07cbc95a74ef15b8062d0d39106c32fe3023?s=96&d=mm&r=g\",\"caption\":\"admin\"},\"sameAs\":[\"https:\\\/\\\/lavocedelpaese.info\"],\"url\":\"https:\\\/\\\/lavocedelpaese.info\\\/index.php\\\/author\\\/admin\\\/\"}]}<\/script>\n<!-- \/ Yoast SEO plugin. -->","yoast_head_json":{"title":"I ragazzi della \u201cRanidae\u201d vincono anche a Torino. E Di Leone si prepara per il CUS Bari\u00a0\u200b - La Voce del Paese","robots":{"index":"index","follow":"follow","max-snippet":"max-snippet:-1","max-image-preview":"max-image-preview:large","max-video-preview":"max-video-preview:-1"},"canonical":"https:\/\/lavocedelpaese.info\/index.php\/2025\/04\/29\/i-ragazzi-della-ranidae-vincono-anche-a-torino-e-di-leone-si-prepara-per-il-cus-bari\/","og_locale":"it_IT","og_type":"article","og_title":"I ragazzi della \u201cRanidae\u201d vincono anche a Torino. E Di Leone si prepara per il CUS Bari\u00a0\u200b - La Voce del Paese","og_description":"\u00a0 \u200b\u00a0 \u200b\u00a0 I ragazzi della squadra special settore apnea della societ\u00e0 cassaese \u201cRanidae\u201d, guidati dal Tecnico Federale Rosanna Gaeta,","og_url":"https:\/\/lavocedelpaese.info\/index.php\/2025\/04\/29\/i-ragazzi-della-ranidae-vincono-anche-a-torino-e-di-leone-si-prepara-per-il-cus-bari\/","og_site_name":"La Voce del Paese","article_publisher":"https:\/\/www.facebook.com\/lavocedelpaese.info","article_published_time":"2025-04-29T06:13:51+00:00","author":"admin","twitter_card":"summary_large_image","twitter_misc":{"Scritto da":"admin","Tempo di lettura stimato":"1 minuto"},"schema":{"@context":"https:\/\/schema.org","@graph":[{"@type":"Article","@id":"https:\/\/lavocedelpaese.info\/index.php\/2025\/04\/29\/i-ragazzi-della-ranidae-vincono-anche-a-torino-e-di-leone-si-prepara-per-il-cus-bari\/#article","isPartOf":{"@id":"https:\/\/lavocedelpaese.info\/index.php\/2025\/04\/29\/i-ragazzi-della-ranidae-vincono-anche-a-torino-e-di-leone-si-prepara-per-il-cus-bari\/"},"author":{"name":"admin","@id":"https:\/\/lavocedelpaese.info\/#\/schema\/person\/ec151d321306bd7591f7a061abf72d88"},"headline":"I ragazzi della \u201cRanidae\u201d vincono anche a Torino. E Di Leone si prepara per il CUS Bari\u00a0\u200b","datePublished":"2025-04-29T06:13:51+00:00","mainEntityOfPage":{"@id":"https:\/\/lavocedelpaese.info\/index.php\/2025\/04\/29\/i-ragazzi-della-ranidae-vincono-anche-a-torino-e-di-leone-si-prepara-per-il-cus-bari\/"},"wordCount":254,"commentCount":0,"publisher":{"@id":"https:\/\/lavocedelpaese.info\/#organization"},"image":{"@id":"https:\/\/lavocedelpaese.info\/index.php\/2025\/04\/29\/i-ragazzi-della-ranidae-vincono-anche-a-torino-e-di-leone-si-prepara-per-il-cus-bari\/#primaryimage"},"thumbnailUrl":"https:\/\/lavocedelpaese.info\/wp-content\/uploads\/2025\/04\/2-1024x1019-KSMAXb.jpg","articleSection":["network"],"inLanguage":"it-IT","potentialAction":[{"@type":"CommentAction","name":"Comment","target":["https:\/\/lavocedelpaese.info\/index.php\/2025\/04\/29\/i-ragazzi-della-ranidae-vincono-anche-a-torino-e-di-leone-si-prepara-per-il-cus-bari\/#respond"]}]},{"@type":"WebPage","@id":"https:\/\/lavocedelpaese.info\/index.php\/2025\/04\/29\/i-ragazzi-della-ranidae-vincono-anche-a-torino-e-di-leone-si-prepara-per-il-cus-bari\/","url":"https:\/\/lavocedelpaese.info\/index.php\/2025\/04\/29\/i-ragazzi-della-ranidae-vincono-anche-a-torino-e-di-leone-si-prepara-per-il-cus-bari\/","name":"I ragazzi della \u201cRanidae\u201d vincono anche a Torino. E Di Leone si prepara per il CUS Bari\u00a0\u200b - La Voce del Paese","isPartOf":{"@id":"https:\/\/lavocedelpaese.info\/#website"},"primaryImageOfPage":{"@id":"https:\/\/lavocedelpaese.info\/index.php\/2025\/04\/29\/i-ragazzi-della-ranidae-vincono-anche-a-torino-e-di-leone-si-prepara-per-il-cus-bari\/#primaryimage"},"image":{"@id":"https:\/\/lavocedelpaese.info\/index.php\/2025\/04\/29\/i-ragazzi-della-ranidae-vincono-anche-a-torino-e-di-leone-si-prepara-per-il-cus-bari\/#primaryimage"},"thumbnailUrl":"https:\/\/lavocedelpaese.info\/wp-content\/uploads\/2025\/04\/2-1024x1019-KSMAXb.jpg","datePublished":"2025-04-29T06:13:51+00:00","breadcrumb":{"@id":"https:\/\/lavocedelpaese.info\/index.php\/2025\/04\/29\/i-ragazzi-della-ranidae-vincono-anche-a-torino-e-di-leone-si-prepara-per-il-cus-bari\/#breadcrumb"},"inLanguage":"it-IT","potentialAction":[{"@type":"ReadAction","target":["https:\/\/lavocedelpaese.info\/index.php\/2025\/04\/29\/i-ragazzi-della-ranidae-vincono-anche-a-torino-e-di-leone-si-prepara-per-il-cus-bari\/"]}]},{"@type":"ImageObject","inLanguage":"it-IT","@id":"https:\/\/lavocedelpaese.info\/index.php\/2025\/04\/29\/i-ragazzi-della-ranidae-vincono-anche-a-torino-e-di-leone-si-prepara-per-il-cus-bari\/#primaryimage","url":"https:\/\/lavocedelpaese.info\/wp-content\/uploads\/2025\/04\/2-1024x1019-KSMAXb.jpg","contentUrl":"https:\/\/lavocedelpaese.info\/wp-content\/uploads\/2025\/04\/2-1024x1019-KSMAXb.jpg","width":804,"height":800},{"@type":"BreadcrumbList","@id":"https:\/\/lavocedelpaese.info\/index.php\/2025\/04\/29\/i-ragazzi-della-ranidae-vincono-anche-a-torino-e-di-leone-si-prepara-per-il-cus-bari\/#breadcrumb","itemListElement":[{"@type":"ListItem","position":1,"name":"Home","item":"https:\/\/lavocedelpaese.info\/"},{"@type":"ListItem","position":2,"name":"I ragazzi della \u201cRanidae\u201d vincono anche a Torino. E Di Leone si prepara per il CUS Bari\u00a0\u200b"}]},{"@type":"WebSite","@id":"https:\/\/lavocedelpaese.info\/#website","url":"https:\/\/lavocedelpaese.info\/","name":"La Voce del Paese","description":"Un network di idee","publisher":{"@id":"https:\/\/lavocedelpaese.info\/#organization"},"potentialAction":[{"@type":"SearchAction","target":{"@type":"EntryPoint","urlTemplate":"https:\/\/lavocedelpaese.info\/?s={search_term_string}"},"query-input":{"@type":"PropertyValueSpecification","valueRequired":true,"valueName":"search_term_string"}}],"inLanguage":"it-IT"},{"@type":"Organization","@id":"https:\/\/lavocedelpaese.info\/#organization","name":"La Voce del Paese","url":"https:\/\/lavocedelpaese.info\/","logo":{"@type":"ImageObject","inLanguage":"it-IT","@id":"https:\/\/lavocedelpaese.info\/#\/schema\/logo\/image\/","url":"https:\/\/lavocedelpaese.info\/wp-content\/uploads\/2023\/01\/cropped-logo-150-127.png","contentUrl":"https:\/\/lavocedelpaese.info\/wp-content\/uploads\/2023\/01\/cropped-logo-150-127.png","width":137,"height":119,"caption":"La Voce del Paese"},"image":{"@id":"https:\/\/lavocedelpaese.info\/#\/schema\/logo\/image\/"},"sameAs":["https:\/\/www.facebook.com\/lavocedelpaese.info"]},{"@type":"Person","@id":"https:\/\/lavocedelpaese.info\/#\/schema\/person\/ec151d321306bd7591f7a061abf72d88","name":"admin","image":{"@type":"ImageObject","inLanguage":"it-IT","@id":"https:\/\/secure.gravatar.com\/avatar\/af8f2caf0663124588de48a9380e07cbc95a74ef15b8062d0d39106c32fe3023?s=96&d=mm&r=g","url":"https:\/\/secure.gravatar.com\/avatar\/af8f2caf0663124588de48a9380e07cbc95a74ef15b8062d0d39106c32fe3023?s=96&d=mm&r=g","contentUrl":"https:\/\/secure.gravatar.com\/avatar\/af8f2caf0663124588de48a9380e07cbc95a74ef15b8062d0d39106c32fe3023?s=96&d=mm&r=g","caption":"admin"},"sameAs":["https:\/\/lavocedelpaese.info"],"url":"https:\/\/lavocedelpaese.info\/index.php\/author\/admin\/"}]}},"_links":{"self":[{"href":"https:\/\/lavocedelpaese.info\/index.php\/wp-json\/wp\/v2\/posts\/9229","targetHints":{"allow":["GET"]}}],"collection":[{"href":"https:\/\/lavocedelpaese.info\/index.php\/wp-json\/wp\/v2\/posts"}],"about":[{"href":"https:\/\/lavocedelpaese.info\/index.php\/wp-json\/wp\/v2\/types\/post"}],"author":[{"embeddable":true,"href":"https:\/\/lavocedelpaese.info\/index.php\/wp-json\/wp\/v2\/users\/6"}],"replies":[{"embeddable":true,"href":"https:\/\/lavocedelpaese.info\/index.php\/wp-json\/wp\/v2\/comments?post=9229"}],"version-history":[{"count":0,"href":"https:\/\/lavocedelpaese.info\/index.php\/wp-json\/wp\/v2\/posts\/9229\/revisions"}],"wp:featuredmedia":[{"embeddable":true,"href":"https:\/\/lavocedelpaese.info\/index.php\/wp-json\/wp\/v2\/media\/9230"}],"wp:attachment":[{"href":"https:\/\/lavocedelpaese.info\/index.php\/wp-json\/wp\/v2\/media?parent=9229"}],"wp:term":[{"taxonomy":"category","embeddable":true,"href":"https:\/\/lavocedelpaese.info\/index.php\/wp-json\/wp\/v2\/categories?post=9229"},{"taxonomy":"post_tag","embeddable":true,"href":"https:\/\/lavocedelpaese.info\/index.php\/wp-json\/wp\/v2\/tags?post=9229"}],"curies":[{"name":"wp","href":"https:\/\/api.w.org\/{rel}","templated":true}]}}