{"id":9215,"date":"2025-04-27T08:21:04","date_gmt":"2025-04-27T08:21:04","guid":{"rendered":"https:\/\/lavocedelpaese.info\/index.php\/2025\/04\/27\/la-fidal-premia-giuseppe-disabato-come-miglior-talento-dellanno\/"},"modified":"2025-04-27T08:21:04","modified_gmt":"2025-04-27T08:21:04","slug":"la-fidal-premia-giuseppe-disabato-come-miglior-talento-dellanno","status":"publish","type":"post","link":"https:\/\/lavocedelpaese.info\/index.php\/2025\/04\/27\/la-fidal-premia-giuseppe-disabato-come-miglior-talento-dellanno\/","title":{"rendered":"La Fidal premia Giuseppe Disabato come \u201cMiglior Talento dell\u2019Anno\u201d\u00a0\u200b"},"content":{"rendered":"<p>\u00a0<\/p>\n<p>\u200b\u00a0<\/p>\n<p>\u200b\u00a0<\/p>\n<p>\u00a0Il Circolo Tennis \u201cHugo Simmen\u201d di Barletta ha ospitato lo scorso 24 aprile il\u00a0<strong>Gal\u00e0 dell\u2019Atletica Pugliese<\/strong>, un evento molto partecipato e di grande prestigio che ha celebrato e premiato gli atleti, i tecnici, i giudici e le societ\u00e0 che si sono distinti nel corso del 2024 con risultati di rilievo a livello nazionale e internazionale.<\/p>\n<p>La manifestazione, organizzata dal\u00a0<strong>Comitato Regionale FIDAL Puglia<\/strong>, ha rappresentato un momento significativo per lo sport regionale, esaltando i successi conseguiti dagli atleti pugliesi e riflettendo sull\u2019importanza del movimento sportivo nella nostra regione e sul notevole indotto che alimenta.<\/p>\n<p>Tra i premiati <strong>il cassanese Giuseppe Disabato, record-man nella 10km. di marcia eletto \u201cMiglior Talento dell\u2019Anno\u201d <\/strong>dalla Fidal, per le sue performance sportive conquistate con la \u201cAmatori Atletica Acquaviva\u201d e pi\u00f9 recentemente con le \u201cFiamme Oro\u201d, con il fondamentale contributo del suo tecnico\u00a0<strong>Antonio Esposito<\/strong>.<\/p>\n<p>\u201cQuesto Gal\u00e0 dell\u2019Atletica Pugliese \u2013 ha affermato il presidente regionale Fidal Eusebio Haliti \u2013 assume un significato particolare: \u00e8 il primo sotto la mia presidenza e rappresenta un\u2019occasione unica per celebrare il talento e la dedizione di chi contribuisce ogni giorno a rendere grande l\u2019atletica pugliese. Nel corso del 2024, abbiamo assistito a risultati straordinari, a medaglie conquistate con passione e sacrificio, a prestazioni che hanno portato la nostra regione ai vertici delle competizioni nazionali e internazionali.<\/p>\n<p>Uno dei nostri obiettivi \u00e8 valorizzare i protagonisti di questi successi: atleti, tecnici, giudici e societ\u00e0 che, con impegno e determinazione, hanno lasciato un segno nel panorama sportivo. Questo Gal\u00e0 non \u00e8 solo una celebrazione del passato, ma anche un punto di partenza per il futuro, un\u2019occasione per rinnovare la nostra ambizione e fissare nuovi traguardi. Che questo Gal\u00e0 possa essere il primo di una nuova stagione di successi, con l\u2019augurio che il prossimo anno si possa festeggiare un numero ancora maggiore di campioni e primati, frutto dell\u2019instancabile impegno che distingue la nostra comunit\u00e0 sportiva. L\u2019Atletica Pugliese riveste un ruolo di primaria importanza, non soltanto per i risultati agonistici conseguiti, ma anche per la solidit\u00e0 e l\u2019ampiezza del suo tessuto associativo, con oltre 260 societ\u00e0 affiliate, nonch\u00e9 per la straordinaria capacit\u00e0 organizzativa, che si concretizza annualmente in pi\u00f9 di 300 manifestazioni sul territorio. Una realt\u00e0 che \u00e8 gi\u00e0 rilevante e che, ne siamo certi, lo diventer\u00e0 sempre di pi\u00f9 in futuro.\u00a0Un grande in bocca al lupo a tutta l\u2019Atletica pugliese per l\u2019anno 2025. Un ringraziamento particolarmente sentito al Presidente Stefano Mei\u00bb.<\/p>\n<p><a class=\"a2a_button_facebook\" href=\"https:\/\/www.addtoany.com\/add_to\/facebook?linkurl=https%3A%2F%2Fcassano.lavocedelpaese.info%2Fla-fidal-premia-giuseppe-disabato-come-miglior-talento-dellanno%2F&amp;linkname=La%20Fidal%20premia%20Giuseppe%20Disabato%20come%20%E2%80%9CMiglior%20Talento%20dell%E2%80%99Anno%E2%80%9D\" title=\"Facebook\" rel=\"nofollow noopener\" target=\"_blank\"><\/a><a class=\"a2a_button_twitter\" href=\"https:\/\/www.addtoany.com\/add_to\/twitter?linkurl=https%3A%2F%2Fcassano.lavocedelpaese.info%2Fla-fidal-premia-giuseppe-disabato-come-miglior-talento-dellanno%2F&amp;linkname=La%20Fidal%20premia%20Giuseppe%20Disabato%20come%20%E2%80%9CMiglior%20Talento%20dell%E2%80%99Anno%E2%80%9D\" title=\"Twitter\" rel=\"nofollow noopener\" target=\"_blank\"><\/a><a class=\"a2a_button_whatsapp\" href=\"https:\/\/www.addtoany.com\/add_to\/whatsapp?linkurl=https%3A%2F%2Fcassano.lavocedelpaese.info%2Fla-fidal-premia-giuseppe-disabato-come-miglior-talento-dellanno%2F&amp;linkname=La%20Fidal%20premia%20Giuseppe%20Disabato%20come%20%E2%80%9CMiglior%20Talento%20dell%E2%80%99Anno%E2%80%9D\" title=\"WhatsApp\" rel=\"nofollow noopener\" target=\"_blank\"><\/a><a class=\"a2a_button_telegram\" href=\"https:\/\/www.addtoany.com\/add_to\/telegram?linkurl=https%3A%2F%2Fcassano.lavocedelpaese.info%2Fla-fidal-premia-giuseppe-disabato-come-miglior-talento-dellanno%2F&amp;linkname=La%20Fidal%20premia%20Giuseppe%20Disabato%20come%20%E2%80%9CMiglior%20Talento%20dell%E2%80%99Anno%E2%80%9D\" title=\"Telegram\" rel=\"nofollow noopener\" target=\"_blank\"><\/a><a class=\"a2a_button_email\" href=\"https:\/\/www.addtoany.com\/add_to\/email?linkurl=https%3A%2F%2Fcassano.lavocedelpaese.info%2Fla-fidal-premia-giuseppe-disabato-come-miglior-talento-dellanno%2F&amp;linkname=La%20Fidal%20premia%20Giuseppe%20Disabato%20come%20%E2%80%9CMiglior%20Talento%20dell%E2%80%99Anno%E2%80%9D\" title=\"Email\" rel=\"nofollow noopener\" target=\"_blank\"><\/a><\/p>\n<p>\u00a0<\/p>\n<p>\u00a0<\/p>\n<p>\u200b\u00a0\u00a0\u00a0<\/p>","protected":false},"excerpt":{"rendered":"<p>\u00a0 \u200b\u00a0 \u200b\u00a0 \u00a0Il Circolo Tennis \u201cHugo Simmen\u201d di Barletta ha ospitato lo scorso 24 aprile il\u00a0Gal\u00e0 dell\u2019Atletica Pugliese, un<\/p>\n","protected":false},"author":6,"featured_media":730,"comment_status":"open","ping_status":"closed","sticky":false,"template":"","format":"standard","meta":{"colormag_page_container_layout":"default_layout","colormag_page_sidebar_layout":"default_layout","footnotes":""},"categories":[33],"tags":[],"class_list":["post-9215","post","type-post","status-publish","format-standard","has-post-thumbnail","hentry","category-network"],"yoast_head":"<!-- This site is optimized with the Yoast SEO plugin v27.5 - https:\/\/yoast.com\/product\/yoast-seo-wordpress\/ -->\n<title>La Fidal premia Giuseppe Disabato come \u201cMiglior Talento dell\u2019Anno\u201d\u00a0\u200b - La Voce del Paese<\/title>\n<meta name=\"robots\" content=\"index, follow, max-snippet:-1, max-image-preview:large, max-video-preview:-1\" \/>\n<link rel=\"canonical\" href=\"https:\/\/lavocedelpaese.info\/index.php\/2025\/04\/27\/la-fidal-premia-giuseppe-disabato-come-miglior-talento-dellanno\/\" \/>\n<meta property=\"og:locale\" content=\"it_IT\" \/>\n<meta property=\"og:type\" content=\"article\" \/>\n<meta property=\"og:title\" content=\"La Fidal premia Giuseppe Disabato come \u201cMiglior Talento dell\u2019Anno\u201d\u00a0\u200b - La Voce del Paese\" \/>\n<meta property=\"og:description\" content=\"\u00a0 \u200b\u00a0 \u200b\u00a0 \u00a0Il Circolo Tennis \u201cHugo Simmen\u201d di Barletta ha ospitato lo scorso 24 aprile il\u00a0Gal\u00e0 dell\u2019Atletica Pugliese, un\" \/>\n<meta property=\"og:url\" content=\"https:\/\/lavocedelpaese.info\/index.php\/2025\/04\/27\/la-fidal-premia-giuseppe-disabato-come-miglior-talento-dellanno\/\" \/>\n<meta property=\"og:site_name\" content=\"La Voce del Paese\" \/>\n<meta property=\"article:publisher\" content=\"https:\/\/www.facebook.com\/lavocedelpaese.info\" \/>\n<meta property=\"article:published_time\" content=\"2025-04-27T08:21:04+00:00\" \/>\n<meta name=\"author\" content=\"admin\" \/>\n<meta name=\"twitter:card\" content=\"summary_large_image\" \/>\n<meta name=\"twitter:label1\" content=\"Scritto da\" \/>\n\t<meta name=\"twitter:data1\" content=\"admin\" \/>\n\t<meta name=\"twitter:label2\" content=\"Tempo di lettura stimato\" \/>\n\t<meta name=\"twitter:data2\" content=\"2 minuti\" \/>\n<script type=\"application\/ld+json\" class=\"yoast-schema-graph\">{\"@context\":\"https:\\\/\\\/schema.org\",\"@graph\":[{\"@type\":\"Article\",\"@id\":\"https:\\\/\\\/lavocedelpaese.info\\\/index.php\\\/2025\\\/04\\\/27\\\/la-fidal-premia-giuseppe-disabato-come-miglior-talento-dellanno\\\/#article\",\"isPartOf\":{\"@id\":\"https:\\\/\\\/lavocedelpaese.info\\\/index.php\\\/2025\\\/04\\\/27\\\/la-fidal-premia-giuseppe-disabato-come-miglior-talento-dellanno\\\/\"},\"author\":{\"name\":\"admin\",\"@id\":\"https:\\\/\\\/lavocedelpaese.info\\\/#\\\/schema\\\/person\\\/ec151d321306bd7591f7a061abf72d88\"},\"headline\":\"La Fidal premia Giuseppe Disabato come \u201cMiglior Talento dell\u2019Anno\u201d\u00a0\u200b\",\"datePublished\":\"2025-04-27T08:21:04+00:00\",\"mainEntityOfPage\":{\"@id\":\"https:\\\/\\\/lavocedelpaese.info\\\/index.php\\\/2025\\\/04\\\/27\\\/la-fidal-premia-giuseppe-disabato-come-miglior-talento-dellanno\\\/\"},\"wordCount\":410,\"commentCount\":0,\"publisher\":{\"@id\":\"https:\\\/\\\/lavocedelpaese.info\\\/#organization\"},\"image\":{\"@id\":\"https:\\\/\\\/lavocedelpaese.info\\\/index.php\\\/2025\\\/04\\\/27\\\/la-fidal-premia-giuseppe-disabato-come-miglior-talento-dellanno\\\/#primaryimage\"},\"thumbnailUrl\":\"https:\\\/\\\/lavocedelpaese.info\\\/wp-content\\\/uploads\\\/2023\\\/01\\\/logo-150-127.png\",\"articleSection\":[\"network\"],\"inLanguage\":\"it-IT\",\"potentialAction\":[{\"@type\":\"CommentAction\",\"name\":\"Comment\",\"target\":[\"https:\\\/\\\/lavocedelpaese.info\\\/index.php\\\/2025\\\/04\\\/27\\\/la-fidal-premia-giuseppe-disabato-come-miglior-talento-dellanno\\\/#respond\"]}]},{\"@type\":\"WebPage\",\"@id\":\"https:\\\/\\\/lavocedelpaese.info\\\/index.php\\\/2025\\\/04\\\/27\\\/la-fidal-premia-giuseppe-disabato-come-miglior-talento-dellanno\\\/\",\"url\":\"https:\\\/\\\/lavocedelpaese.info\\\/index.php\\\/2025\\\/04\\\/27\\\/la-fidal-premia-giuseppe-disabato-come-miglior-talento-dellanno\\\/\",\"name\":\"La Fidal premia Giuseppe Disabato come \u201cMiglior Talento dell\u2019Anno\u201d\u00a0\u200b - La Voce del Paese\",\"isPartOf\":{\"@id\":\"https:\\\/\\\/lavocedelpaese.info\\\/#website\"},\"primaryImageOfPage\":{\"@id\":\"https:\\\/\\\/lavocedelpaese.info\\\/index.php\\\/2025\\\/04\\\/27\\\/la-fidal-premia-giuseppe-disabato-come-miglior-talento-dellanno\\\/#primaryimage\"},\"image\":{\"@id\":\"https:\\\/\\\/lavocedelpaese.info\\\/index.php\\\/2025\\\/04\\\/27\\\/la-fidal-premia-giuseppe-disabato-come-miglior-talento-dellanno\\\/#primaryimage\"},\"thumbnailUrl\":\"https:\\\/\\\/lavocedelpaese.info\\\/wp-content\\\/uploads\\\/2023\\\/01\\\/logo-150-127.png\",\"datePublished\":\"2025-04-27T08:21:04+00:00\",\"breadcrumb\":{\"@id\":\"https:\\\/\\\/lavocedelpaese.info\\\/index.php\\\/2025\\\/04\\\/27\\\/la-fidal-premia-giuseppe-disabato-come-miglior-talento-dellanno\\\/#breadcrumb\"},\"inLanguage\":\"it-IT\",\"potentialAction\":[{\"@type\":\"ReadAction\",\"target\":[\"https:\\\/\\\/lavocedelpaese.info\\\/index.php\\\/2025\\\/04\\\/27\\\/la-fidal-premia-giuseppe-disabato-come-miglior-talento-dellanno\\\/\"]}]},{\"@type\":\"ImageObject\",\"inLanguage\":\"it-IT\",\"@id\":\"https:\\\/\\\/lavocedelpaese.info\\\/index.php\\\/2025\\\/04\\\/27\\\/la-fidal-premia-giuseppe-disabato-come-miglior-talento-dellanno\\\/#primaryimage\",\"url\":\"https:\\\/\\\/lavocedelpaese.info\\\/wp-content\\\/uploads\\\/2023\\\/01\\\/logo-150-127.png\",\"contentUrl\":\"https:\\\/\\\/lavocedelpaese.info\\\/wp-content\\\/uploads\\\/2023\\\/01\\\/logo-150-127.png\",\"width\":150,\"height\":127},{\"@type\":\"BreadcrumbList\",\"@id\":\"https:\\\/\\\/lavocedelpaese.info\\\/index.php\\\/2025\\\/04\\\/27\\\/la-fidal-premia-giuseppe-disabato-come-miglior-talento-dellanno\\\/#breadcrumb\",\"itemListElement\":[{\"@type\":\"ListItem\",\"position\":1,\"name\":\"Home\",\"item\":\"https:\\\/\\\/lavocedelpaese.info\\\/\"},{\"@type\":\"ListItem\",\"position\":2,\"name\":\"La Fidal premia Giuseppe Disabato come \u201cMiglior Talento dell\u2019Anno\u201d\u00a0\u200b\"}]},{\"@type\":\"WebSite\",\"@id\":\"https:\\\/\\\/lavocedelpaese.info\\\/#website\",\"url\":\"https:\\\/\\\/lavocedelpaese.info\\\/\",\"name\":\"La Voce del Paese\",\"description\":\"Un network di idee\",\"publisher\":{\"@id\":\"https:\\\/\\\/lavocedelpaese.info\\\/#organization\"},\"potentialAction\":[{\"@type\":\"SearchAction\",\"target\":{\"@type\":\"EntryPoint\",\"urlTemplate\":\"https:\\\/\\\/lavocedelpaese.info\\\/?s={search_term_string}\"},\"query-input\":{\"@type\":\"PropertyValueSpecification\",\"valueRequired\":true,\"valueName\":\"search_term_string\"}}],\"inLanguage\":\"it-IT\"},{\"@type\":\"Organization\",\"@id\":\"https:\\\/\\\/lavocedelpaese.info\\\/#organization\",\"name\":\"La Voce del Paese\",\"url\":\"https:\\\/\\\/lavocedelpaese.info\\\/\",\"logo\":{\"@type\":\"ImageObject\",\"inLanguage\":\"it-IT\",\"@id\":\"https:\\\/\\\/lavocedelpaese.info\\\/#\\\/schema\\\/logo\\\/image\\\/\",\"url\":\"https:\\\/\\\/lavocedelpaese.info\\\/wp-content\\\/uploads\\\/2023\\\/01\\\/cropped-logo-150-127.png\",\"contentUrl\":\"https:\\\/\\\/lavocedelpaese.info\\\/wp-content\\\/uploads\\\/2023\\\/01\\\/cropped-logo-150-127.png\",\"width\":137,\"height\":119,\"caption\":\"La Voce del Paese\"},\"image\":{\"@id\":\"https:\\\/\\\/lavocedelpaese.info\\\/#\\\/schema\\\/logo\\\/image\\\/\"},\"sameAs\":[\"https:\\\/\\\/www.facebook.com\\\/lavocedelpaese.info\"]},{\"@type\":\"Person\",\"@id\":\"https:\\\/\\\/lavocedelpaese.info\\\/#\\\/schema\\\/person\\\/ec151d321306bd7591f7a061abf72d88\",\"name\":\"admin\",\"image\":{\"@type\":\"ImageObject\",\"inLanguage\":\"it-IT\",\"@id\":\"https:\\\/\\\/secure.gravatar.com\\\/avatar\\\/af8f2caf0663124588de48a9380e07cbc95a74ef15b8062d0d39106c32fe3023?s=96&d=mm&r=g\",\"url\":\"https:\\\/\\\/secure.gravatar.com\\\/avatar\\\/af8f2caf0663124588de48a9380e07cbc95a74ef15b8062d0d39106c32fe3023?s=96&d=mm&r=g\",\"contentUrl\":\"https:\\\/\\\/secure.gravatar.com\\\/avatar\\\/af8f2caf0663124588de48a9380e07cbc95a74ef15b8062d0d39106c32fe3023?s=96&d=mm&r=g\",\"caption\":\"admin\"},\"sameAs\":[\"https:\\\/\\\/lavocedelpaese.info\"],\"url\":\"https:\\\/\\\/lavocedelpaese.info\\\/index.php\\\/author\\\/admin\\\/\"}]}<\/script>\n<!-- \/ Yoast SEO plugin. -->","yoast_head_json":{"title":"La Fidal premia Giuseppe Disabato come \u201cMiglior Talento dell\u2019Anno\u201d\u00a0\u200b - La Voce del Paese","robots":{"index":"index","follow":"follow","max-snippet":"max-snippet:-1","max-image-preview":"max-image-preview:large","max-video-preview":"max-video-preview:-1"},"canonical":"https:\/\/lavocedelpaese.info\/index.php\/2025\/04\/27\/la-fidal-premia-giuseppe-disabato-come-miglior-talento-dellanno\/","og_locale":"it_IT","og_type":"article","og_title":"La Fidal premia Giuseppe Disabato come \u201cMiglior Talento dell\u2019Anno\u201d\u00a0\u200b - La Voce del Paese","og_description":"\u00a0 \u200b\u00a0 \u200b\u00a0 \u00a0Il Circolo Tennis \u201cHugo Simmen\u201d di Barletta ha ospitato lo scorso 24 aprile il\u00a0Gal\u00e0 dell\u2019Atletica Pugliese, un","og_url":"https:\/\/lavocedelpaese.info\/index.php\/2025\/04\/27\/la-fidal-premia-giuseppe-disabato-come-miglior-talento-dellanno\/","og_site_name":"La Voce del Paese","article_publisher":"https:\/\/www.facebook.com\/lavocedelpaese.info","article_published_time":"2025-04-27T08:21:04+00:00","author":"admin","twitter_card":"summary_large_image","twitter_misc":{"Scritto da":"admin","Tempo di lettura stimato":"2 minuti"},"schema":{"@context":"https:\/\/schema.org","@graph":[{"@type":"Article","@id":"https:\/\/lavocedelpaese.info\/index.php\/2025\/04\/27\/la-fidal-premia-giuseppe-disabato-come-miglior-talento-dellanno\/#article","isPartOf":{"@id":"https:\/\/lavocedelpaese.info\/index.php\/2025\/04\/27\/la-fidal-premia-giuseppe-disabato-come-miglior-talento-dellanno\/"},"author":{"name":"admin","@id":"https:\/\/lavocedelpaese.info\/#\/schema\/person\/ec151d321306bd7591f7a061abf72d88"},"headline":"La Fidal premia Giuseppe Disabato come \u201cMiglior Talento dell\u2019Anno\u201d\u00a0\u200b","datePublished":"2025-04-27T08:21:04+00:00","mainEntityOfPage":{"@id":"https:\/\/lavocedelpaese.info\/index.php\/2025\/04\/27\/la-fidal-premia-giuseppe-disabato-come-miglior-talento-dellanno\/"},"wordCount":410,"commentCount":0,"publisher":{"@id":"https:\/\/lavocedelpaese.info\/#organization"},"image":{"@id":"https:\/\/lavocedelpaese.info\/index.php\/2025\/04\/27\/la-fidal-premia-giuseppe-disabato-come-miglior-talento-dellanno\/#primaryimage"},"thumbnailUrl":"https:\/\/lavocedelpaese.info\/wp-content\/uploads\/2023\/01\/logo-150-127.png","articleSection":["network"],"inLanguage":"it-IT","potentialAction":[{"@type":"CommentAction","name":"Comment","target":["https:\/\/lavocedelpaese.info\/index.php\/2025\/04\/27\/la-fidal-premia-giuseppe-disabato-come-miglior-talento-dellanno\/#respond"]}]},{"@type":"WebPage","@id":"https:\/\/lavocedelpaese.info\/index.php\/2025\/04\/27\/la-fidal-premia-giuseppe-disabato-come-miglior-talento-dellanno\/","url":"https:\/\/lavocedelpaese.info\/index.php\/2025\/04\/27\/la-fidal-premia-giuseppe-disabato-come-miglior-talento-dellanno\/","name":"La Fidal premia Giuseppe Disabato come \u201cMiglior Talento dell\u2019Anno\u201d\u00a0\u200b - La Voce del Paese","isPartOf":{"@id":"https:\/\/lavocedelpaese.info\/#website"},"primaryImageOfPage":{"@id":"https:\/\/lavocedelpaese.info\/index.php\/2025\/04\/27\/la-fidal-premia-giuseppe-disabato-come-miglior-talento-dellanno\/#primaryimage"},"image":{"@id":"https:\/\/lavocedelpaese.info\/index.php\/2025\/04\/27\/la-fidal-premia-giuseppe-disabato-come-miglior-talento-dellanno\/#primaryimage"},"thumbnailUrl":"https:\/\/lavocedelpaese.info\/wp-content\/uploads\/2023\/01\/logo-150-127.png","datePublished":"2025-04-27T08:21:04+00:00","breadcrumb":{"@id":"https:\/\/lavocedelpaese.info\/index.php\/2025\/04\/27\/la-fidal-premia-giuseppe-disabato-come-miglior-talento-dellanno\/#breadcrumb"},"inLanguage":"it-IT","potentialAction":[{"@type":"ReadAction","target":["https:\/\/lavocedelpaese.info\/index.php\/2025\/04\/27\/la-fidal-premia-giuseppe-disabato-come-miglior-talento-dellanno\/"]}]},{"@type":"ImageObject","inLanguage":"it-IT","@id":"https:\/\/lavocedelpaese.info\/index.php\/2025\/04\/27\/la-fidal-premia-giuseppe-disabato-come-miglior-talento-dellanno\/#primaryimage","url":"https:\/\/lavocedelpaese.info\/wp-content\/uploads\/2023\/01\/logo-150-127.png","contentUrl":"https:\/\/lavocedelpaese.info\/wp-content\/uploads\/2023\/01\/logo-150-127.png","width":150,"height":127},{"@type":"BreadcrumbList","@id":"https:\/\/lavocedelpaese.info\/index.php\/2025\/04\/27\/la-fidal-premia-giuseppe-disabato-come-miglior-talento-dellanno\/#breadcrumb","itemListElement":[{"@type":"ListItem","position":1,"name":"Home","item":"https:\/\/lavocedelpaese.info\/"},{"@type":"ListItem","position":2,"name":"La Fidal premia Giuseppe Disabato come \u201cMiglior Talento dell\u2019Anno\u201d\u00a0\u200b"}]},{"@type":"WebSite","@id":"https:\/\/lavocedelpaese.info\/#website","url":"https:\/\/lavocedelpaese.info\/","name":"La Voce del Paese","description":"Un network di idee","publisher":{"@id":"https:\/\/lavocedelpaese.info\/#organization"},"potentialAction":[{"@type":"SearchAction","target":{"@type":"EntryPoint","urlTemplate":"https:\/\/lavocedelpaese.info\/?s={search_term_string}"},"query-input":{"@type":"PropertyValueSpecification","valueRequired":true,"valueName":"search_term_string"}}],"inLanguage":"it-IT"},{"@type":"Organization","@id":"https:\/\/lavocedelpaese.info\/#organization","name":"La Voce del Paese","url":"https:\/\/lavocedelpaese.info\/","logo":{"@type":"ImageObject","inLanguage":"it-IT","@id":"https:\/\/lavocedelpaese.info\/#\/schema\/logo\/image\/","url":"https:\/\/lavocedelpaese.info\/wp-content\/uploads\/2023\/01\/cropped-logo-150-127.png","contentUrl":"https:\/\/lavocedelpaese.info\/wp-content\/uploads\/2023\/01\/cropped-logo-150-127.png","width":137,"height":119,"caption":"La Voce del Paese"},"image":{"@id":"https:\/\/lavocedelpaese.info\/#\/schema\/logo\/image\/"},"sameAs":["https:\/\/www.facebook.com\/lavocedelpaese.info"]},{"@type":"Person","@id":"https:\/\/lavocedelpaese.info\/#\/schema\/person\/ec151d321306bd7591f7a061abf72d88","name":"admin","image":{"@type":"ImageObject","inLanguage":"it-IT","@id":"https:\/\/secure.gravatar.com\/avatar\/af8f2caf0663124588de48a9380e07cbc95a74ef15b8062d0d39106c32fe3023?s=96&d=mm&r=g","url":"https:\/\/secure.gravatar.com\/avatar\/af8f2caf0663124588de48a9380e07cbc95a74ef15b8062d0d39106c32fe3023?s=96&d=mm&r=g","contentUrl":"https:\/\/secure.gravatar.com\/avatar\/af8f2caf0663124588de48a9380e07cbc95a74ef15b8062d0d39106c32fe3023?s=96&d=mm&r=g","caption":"admin"},"sameAs":["https:\/\/lavocedelpaese.info"],"url":"https:\/\/lavocedelpaese.info\/index.php\/author\/admin\/"}]}},"_links":{"self":[{"href":"https:\/\/lavocedelpaese.info\/index.php\/wp-json\/wp\/v2\/posts\/9215","targetHints":{"allow":["GET"]}}],"collection":[{"href":"https:\/\/lavocedelpaese.info\/index.php\/wp-json\/wp\/v2\/posts"}],"about":[{"href":"https:\/\/lavocedelpaese.info\/index.php\/wp-json\/wp\/v2\/types\/post"}],"author":[{"embeddable":true,"href":"https:\/\/lavocedelpaese.info\/index.php\/wp-json\/wp\/v2\/users\/6"}],"replies":[{"embeddable":true,"href":"https:\/\/lavocedelpaese.info\/index.php\/wp-json\/wp\/v2\/comments?post=9215"}],"version-history":[{"count":0,"href":"https:\/\/lavocedelpaese.info\/index.php\/wp-json\/wp\/v2\/posts\/9215\/revisions"}],"wp:featuredmedia":[{"embeddable":true,"href":"https:\/\/lavocedelpaese.info\/index.php\/wp-json\/wp\/v2\/media\/730"}],"wp:attachment":[{"href":"https:\/\/lavocedelpaese.info\/index.php\/wp-json\/wp\/v2\/media?parent=9215"}],"wp:term":[{"taxonomy":"category","embeddable":true,"href":"https:\/\/lavocedelpaese.info\/index.php\/wp-json\/wp\/v2\/categories?post=9215"},{"taxonomy":"post_tag","embeddable":true,"href":"https:\/\/lavocedelpaese.info\/index.php\/wp-json\/wp\/v2\/tags?post=9215"}],"curies":[{"name":"wp","href":"https:\/\/api.w.org\/{rel}","templated":true}]}}