{"id":9203,"date":"2025-04-24T05:16:26","date_gmt":"2025-04-24T05:16:26","guid":{"rendered":"https:\/\/lavocedelpaese.info\/index.php\/2025\/04\/24\/25-aprile-ottantesimo-anniversario-della-liberazione\/"},"modified":"2025-04-24T05:16:26","modified_gmt":"2025-04-24T05:16:26","slug":"25-aprile-ottantesimo-anniversario-della-liberazione","status":"publish","type":"post","link":"https:\/\/lavocedelpaese.info\/index.php\/2025\/04\/24\/25-aprile-ottantesimo-anniversario-della-liberazione\/","title":{"rendered":"25 aprile: ottantesimo anniversario della Liberazione\u00a0\u200b"},"content":{"rendered":"<p>\u00a0<\/p>\n<p>\u200b\u00a0<\/p>\n<p>\u200b\u00a0<\/p>\n<p>Il 25 Aprile 1945 \u00e8 la data in cui il Comitato di Liberazione Nazionale Alta Italia proclam\u00f2 l\u2019insurrezione generale contro i nazifascisti che ancora occupavano i territori del nord della Penisola, assunse il potere \u201cin nome del popolo italiano\u201d e decret\u00f2 la condanna a morte per i gerarchi fascisti.<\/p>\n<p>Il comando del CLNAI aveva sede a Milano, citt\u00e0 che ha un posto speciale nella storia della Resistenza.<\/p>\n<p>Ricevuto l\u2019ordine il 25 Aprile, le forze partigiane sferrarono attacchi contro i tedeschi occupanti e i fascisti della Repubblica Sociale Italiana, costringendoli alla resa gi\u00e0 alcuni giorni prima dell\u2019arrivo degli Alleati.<\/p>\n<p>Le principali citt\u00e0 del Nord Italia furono liberate in un arco di tempo che va dal 21 Aprile (Bologna) al 28 Aprile (Venezia). Ma si \u00e8 scelto di festeggiare il 25 Aprile come Anniversario della liberazione d\u2019Italia perch\u00e9 proprio quella data, con gli eventi di Milano, ha assunto un particolare significato politico e militare e perch\u00e9 viene considerata come la fine, di fatto, della Repubblica di Sal\u00f2, anche se Mussolini fu ucciso il 28 Aprile e la resa di Caserta fu siglata il 29 Aprile (operativa dal 2 Maggio).<\/p>\n<p>L\u2019anniversario della Liberazione \u00e8 \u201cuna grande festa popolare e nazionale in ricordo di tutte e tutti coloro che in tanti casi hanno sacrificato la propria vita, la propria giovinezza per un Paese finalmente libero e liberato\u201d, si legge sul sito dell\u2019ANPI, Associazione Nazionale Partigiani d\u2019Italia.<\/p>\n<p>\u201cPartigiane, partigiani, staffette, donne, lavoratori, deportati, internati, militari, forze dell\u2019ordine, sacerdoti, antifasciste, antifascisti, intere famiglie. La Costituzione del 1948 \u00e8 \u00e8 stata il frutto di questa lotta, un dettato civile che riguardava e riguarda tutti: libert\u00e0, eguaglianza, solidariet\u00e0, lavoro, pace, dignit\u00e0 della persona, in una piena democrazia fondata sul pluralismo.<\/p>\n<p>A Cassano delle Murge sono diverse le iniziative per ricordare l\u201980\u00b0 anniversario, pur nel rispetto del lutto nazionale per la morte di Papa Francesco.<\/p>\n<p>L\u2019Amministrazione Comunale ha organizzato le celebrazioni ufficiale <strong>per le ore 10.30 in Piazza Moro<\/strong>, sulla facciata a destra del Municipio con l\u2019alza bandiera, l\u2019inno nazionale e la deposizione della corona quindi l\u2019inaugurazione del monumento in ricordo degli internati di Cassano delle Murge nei campi di concentramento ed i discorsi del Rappresentante delle Associazioni d\u2019Arma e del Sindaco.<\/p>\n<p>Il Circolo cassanese \u201cRino Palumbo\u201d del Partito Democratico deporr\u00e0 una corona, alle ore 9.30, in via Antonio Gramsci, nel ricordo del politico e filosofo incarcerato a Turi dal regime fascista. <\/p>\n<p>\u201cGramsci fu tra i primi a denunciare il pericolo del fascismo, a combatterlo con le armi della cultura, dell\u2019analisi politica e dell\u2019impegno civile. Pag\u00f2 questa coerenza con anni di carcere, durante i quali scrisse le sue celebri Lettere dal carcere e i Quaderni, lasciando un\u2019eredit\u00e0 culturale e morale che ancora oggi parla a tutti coloro che credono nella libert\u00e0, nella giustizia sociale e nella forza delle idee. Deporre un fiore sotto il suo nome significa non solo ricordare chi ha lottato per la nostra libert\u00e0, ma anche rinnovare il nostro impegno quotidiano per difendere quei valori che stanno alla base della nostra Costituzione\u201d, si legge in una nota del Pd cassanese.<\/p>\n\n<p><a class=\"a2a_button_facebook\" href=\"https:\/\/www.addtoany.com\/add_to\/facebook?linkurl=https%3A%2F%2Fcassano.lavocedelpaese.info%2F25-aprile-ottantesimo-anniversario-della-liberazione%2F&amp;linkname=25%20aprile%3A%20ottantesimo%20anniversario%20della%20Liberazione\" title=\"Facebook\" rel=\"nofollow noopener\" target=\"_blank\"><\/a><a class=\"a2a_button_twitter\" href=\"https:\/\/www.addtoany.com\/add_to\/twitter?linkurl=https%3A%2F%2Fcassano.lavocedelpaese.info%2F25-aprile-ottantesimo-anniversario-della-liberazione%2F&amp;linkname=25%20aprile%3A%20ottantesimo%20anniversario%20della%20Liberazione\" title=\"Twitter\" rel=\"nofollow noopener\" target=\"_blank\"><\/a><a class=\"a2a_button_whatsapp\" href=\"https:\/\/www.addtoany.com\/add_to\/whatsapp?linkurl=https%3A%2F%2Fcassano.lavocedelpaese.info%2F25-aprile-ottantesimo-anniversario-della-liberazione%2F&amp;linkname=25%20aprile%3A%20ottantesimo%20anniversario%20della%20Liberazione\" title=\"WhatsApp\" rel=\"nofollow noopener\" target=\"_blank\"><\/a><a class=\"a2a_button_telegram\" href=\"https:\/\/www.addtoany.com\/add_to\/telegram?linkurl=https%3A%2F%2Fcassano.lavocedelpaese.info%2F25-aprile-ottantesimo-anniversario-della-liberazione%2F&amp;linkname=25%20aprile%3A%20ottantesimo%20anniversario%20della%20Liberazione\" title=\"Telegram\" rel=\"nofollow noopener\" target=\"_blank\"><\/a><a class=\"a2a_button_email\" href=\"https:\/\/www.addtoany.com\/add_to\/email?linkurl=https%3A%2F%2Fcassano.lavocedelpaese.info%2F25-aprile-ottantesimo-anniversario-della-liberazione%2F&amp;linkname=25%20aprile%3A%20ottantesimo%20anniversario%20della%20Liberazione\" title=\"Email\" rel=\"nofollow noopener\" target=\"_blank\"><\/a><\/p>\n<p>\u00a0<\/p>\n<p>\u00a0<\/p>\n<p>\u200b\u00a0\u00a0\u00a0<\/p>","protected":false},"excerpt":{"rendered":"<p>\u00a0 \u200b\u00a0 \u200b\u00a0 Il 25 Aprile 1945 \u00e8 la data in cui il Comitato di Liberazione Nazionale Alta Italia proclam\u00f2<\/p>\n","protected":false},"author":6,"featured_media":730,"comment_status":"open","ping_status":"closed","sticky":false,"template":"","format":"standard","meta":{"colormag_page_container_layout":"default_layout","colormag_page_sidebar_layout":"default_layout","footnotes":""},"categories":[33],"tags":[],"class_list":["post-9203","post","type-post","status-publish","format-standard","has-post-thumbnail","hentry","category-network"],"yoast_head":"<!-- This site is optimized with the Yoast SEO plugin v27.5 - https:\/\/yoast.com\/product\/yoast-seo-wordpress\/ -->\n<title>25 aprile: ottantesimo anniversario della Liberazione\u00a0\u200b - La Voce del Paese<\/title>\n<meta name=\"robots\" content=\"index, follow, max-snippet:-1, max-image-preview:large, max-video-preview:-1\" \/>\n<link rel=\"canonical\" href=\"https:\/\/lavocedelpaese.info\/index.php\/2025\/04\/24\/25-aprile-ottantesimo-anniversario-della-liberazione\/\" \/>\n<meta property=\"og:locale\" content=\"it_IT\" \/>\n<meta property=\"og:type\" content=\"article\" \/>\n<meta property=\"og:title\" content=\"25 aprile: ottantesimo anniversario della Liberazione\u00a0\u200b - La Voce del Paese\" \/>\n<meta property=\"og:description\" content=\"\u00a0 \u200b\u00a0 \u200b\u00a0 Il 25 Aprile 1945 \u00e8 la data in cui il Comitato di Liberazione Nazionale Alta Italia proclam\u00f2\" \/>\n<meta property=\"og:url\" content=\"https:\/\/lavocedelpaese.info\/index.php\/2025\/04\/24\/25-aprile-ottantesimo-anniversario-della-liberazione\/\" \/>\n<meta property=\"og:site_name\" content=\"La Voce del Paese\" \/>\n<meta property=\"article:publisher\" content=\"https:\/\/www.facebook.com\/lavocedelpaese.info\" \/>\n<meta property=\"article:published_time\" content=\"2025-04-24T05:16:26+00:00\" \/>\n<meta name=\"author\" content=\"admin\" \/>\n<meta name=\"twitter:card\" content=\"summary_large_image\" \/>\n<meta name=\"twitter:label1\" content=\"Scritto da\" \/>\n\t<meta name=\"twitter:data1\" content=\"admin\" \/>\n\t<meta name=\"twitter:label2\" content=\"Tempo di lettura stimato\" \/>\n\t<meta name=\"twitter:data2\" content=\"3 minuti\" \/>\n<script type=\"application\/ld+json\" class=\"yoast-schema-graph\">{\"@context\":\"https:\\\/\\\/schema.org\",\"@graph\":[{\"@type\":\"Article\",\"@id\":\"https:\\\/\\\/lavocedelpaese.info\\\/index.php\\\/2025\\\/04\\\/24\\\/25-aprile-ottantesimo-anniversario-della-liberazione\\\/#article\",\"isPartOf\":{\"@id\":\"https:\\\/\\\/lavocedelpaese.info\\\/index.php\\\/2025\\\/04\\\/24\\\/25-aprile-ottantesimo-anniversario-della-liberazione\\\/\"},\"author\":{\"name\":\"admin\",\"@id\":\"https:\\\/\\\/lavocedelpaese.info\\\/#\\\/schema\\\/person\\\/ec151d321306bd7591f7a061abf72d88\"},\"headline\":\"25 aprile: ottantesimo anniversario della Liberazione\u00a0\u200b\",\"datePublished\":\"2025-04-24T05:16:26+00:00\",\"mainEntityOfPage\":{\"@id\":\"https:\\\/\\\/lavocedelpaese.info\\\/index.php\\\/2025\\\/04\\\/24\\\/25-aprile-ottantesimo-anniversario-della-liberazione\\\/\"},\"wordCount\":508,\"commentCount\":0,\"publisher\":{\"@id\":\"https:\\\/\\\/lavocedelpaese.info\\\/#organization\"},\"image\":{\"@id\":\"https:\\\/\\\/lavocedelpaese.info\\\/index.php\\\/2025\\\/04\\\/24\\\/25-aprile-ottantesimo-anniversario-della-liberazione\\\/#primaryimage\"},\"thumbnailUrl\":\"https:\\\/\\\/lavocedelpaese.info\\\/wp-content\\\/uploads\\\/2023\\\/01\\\/logo-150-127.png\",\"articleSection\":[\"network\"],\"inLanguage\":\"it-IT\",\"potentialAction\":[{\"@type\":\"CommentAction\",\"name\":\"Comment\",\"target\":[\"https:\\\/\\\/lavocedelpaese.info\\\/index.php\\\/2025\\\/04\\\/24\\\/25-aprile-ottantesimo-anniversario-della-liberazione\\\/#respond\"]}]},{\"@type\":\"WebPage\",\"@id\":\"https:\\\/\\\/lavocedelpaese.info\\\/index.php\\\/2025\\\/04\\\/24\\\/25-aprile-ottantesimo-anniversario-della-liberazione\\\/\",\"url\":\"https:\\\/\\\/lavocedelpaese.info\\\/index.php\\\/2025\\\/04\\\/24\\\/25-aprile-ottantesimo-anniversario-della-liberazione\\\/\",\"name\":\"25 aprile: ottantesimo anniversario della Liberazione\u00a0\u200b - La Voce del Paese\",\"isPartOf\":{\"@id\":\"https:\\\/\\\/lavocedelpaese.info\\\/#website\"},\"primaryImageOfPage\":{\"@id\":\"https:\\\/\\\/lavocedelpaese.info\\\/index.php\\\/2025\\\/04\\\/24\\\/25-aprile-ottantesimo-anniversario-della-liberazione\\\/#primaryimage\"},\"image\":{\"@id\":\"https:\\\/\\\/lavocedelpaese.info\\\/index.php\\\/2025\\\/04\\\/24\\\/25-aprile-ottantesimo-anniversario-della-liberazione\\\/#primaryimage\"},\"thumbnailUrl\":\"https:\\\/\\\/lavocedelpaese.info\\\/wp-content\\\/uploads\\\/2023\\\/01\\\/logo-150-127.png\",\"datePublished\":\"2025-04-24T05:16:26+00:00\",\"breadcrumb\":{\"@id\":\"https:\\\/\\\/lavocedelpaese.info\\\/index.php\\\/2025\\\/04\\\/24\\\/25-aprile-ottantesimo-anniversario-della-liberazione\\\/#breadcrumb\"},\"inLanguage\":\"it-IT\",\"potentialAction\":[{\"@type\":\"ReadAction\",\"target\":[\"https:\\\/\\\/lavocedelpaese.info\\\/index.php\\\/2025\\\/04\\\/24\\\/25-aprile-ottantesimo-anniversario-della-liberazione\\\/\"]}]},{\"@type\":\"ImageObject\",\"inLanguage\":\"it-IT\",\"@id\":\"https:\\\/\\\/lavocedelpaese.info\\\/index.php\\\/2025\\\/04\\\/24\\\/25-aprile-ottantesimo-anniversario-della-liberazione\\\/#primaryimage\",\"url\":\"https:\\\/\\\/lavocedelpaese.info\\\/wp-content\\\/uploads\\\/2023\\\/01\\\/logo-150-127.png\",\"contentUrl\":\"https:\\\/\\\/lavocedelpaese.info\\\/wp-content\\\/uploads\\\/2023\\\/01\\\/logo-150-127.png\",\"width\":150,\"height\":127},{\"@type\":\"BreadcrumbList\",\"@id\":\"https:\\\/\\\/lavocedelpaese.info\\\/index.php\\\/2025\\\/04\\\/24\\\/25-aprile-ottantesimo-anniversario-della-liberazione\\\/#breadcrumb\",\"itemListElement\":[{\"@type\":\"ListItem\",\"position\":1,\"name\":\"Home\",\"item\":\"https:\\\/\\\/lavocedelpaese.info\\\/\"},{\"@type\":\"ListItem\",\"position\":2,\"name\":\"25 aprile: ottantesimo anniversario della Liberazione\u00a0\u200b\"}]},{\"@type\":\"WebSite\",\"@id\":\"https:\\\/\\\/lavocedelpaese.info\\\/#website\",\"url\":\"https:\\\/\\\/lavocedelpaese.info\\\/\",\"name\":\"La Voce del Paese\",\"description\":\"Un network di idee\",\"publisher\":{\"@id\":\"https:\\\/\\\/lavocedelpaese.info\\\/#organization\"},\"potentialAction\":[{\"@type\":\"SearchAction\",\"target\":{\"@type\":\"EntryPoint\",\"urlTemplate\":\"https:\\\/\\\/lavocedelpaese.info\\\/?s={search_term_string}\"},\"query-input\":{\"@type\":\"PropertyValueSpecification\",\"valueRequired\":true,\"valueName\":\"search_term_string\"}}],\"inLanguage\":\"it-IT\"},{\"@type\":\"Organization\",\"@id\":\"https:\\\/\\\/lavocedelpaese.info\\\/#organization\",\"name\":\"La Voce del Paese\",\"url\":\"https:\\\/\\\/lavocedelpaese.info\\\/\",\"logo\":{\"@type\":\"ImageObject\",\"inLanguage\":\"it-IT\",\"@id\":\"https:\\\/\\\/lavocedelpaese.info\\\/#\\\/schema\\\/logo\\\/image\\\/\",\"url\":\"https:\\\/\\\/lavocedelpaese.info\\\/wp-content\\\/uploads\\\/2023\\\/01\\\/cropped-logo-150-127.png\",\"contentUrl\":\"https:\\\/\\\/lavocedelpaese.info\\\/wp-content\\\/uploads\\\/2023\\\/01\\\/cropped-logo-150-127.png\",\"width\":137,\"height\":119,\"caption\":\"La Voce del Paese\"},\"image\":{\"@id\":\"https:\\\/\\\/lavocedelpaese.info\\\/#\\\/schema\\\/logo\\\/image\\\/\"},\"sameAs\":[\"https:\\\/\\\/www.facebook.com\\\/lavocedelpaese.info\"]},{\"@type\":\"Person\",\"@id\":\"https:\\\/\\\/lavocedelpaese.info\\\/#\\\/schema\\\/person\\\/ec151d321306bd7591f7a061abf72d88\",\"name\":\"admin\",\"image\":{\"@type\":\"ImageObject\",\"inLanguage\":\"it-IT\",\"@id\":\"https:\\\/\\\/secure.gravatar.com\\\/avatar\\\/af8f2caf0663124588de48a9380e07cbc95a74ef15b8062d0d39106c32fe3023?s=96&d=mm&r=g\",\"url\":\"https:\\\/\\\/secure.gravatar.com\\\/avatar\\\/af8f2caf0663124588de48a9380e07cbc95a74ef15b8062d0d39106c32fe3023?s=96&d=mm&r=g\",\"contentUrl\":\"https:\\\/\\\/secure.gravatar.com\\\/avatar\\\/af8f2caf0663124588de48a9380e07cbc95a74ef15b8062d0d39106c32fe3023?s=96&d=mm&r=g\",\"caption\":\"admin\"},\"sameAs\":[\"https:\\\/\\\/lavocedelpaese.info\"],\"url\":\"https:\\\/\\\/lavocedelpaese.info\\\/index.php\\\/author\\\/admin\\\/\"}]}<\/script>\n<!-- \/ Yoast SEO plugin. -->","yoast_head_json":{"title":"25 aprile: ottantesimo anniversario della Liberazione\u00a0\u200b - La Voce del Paese","robots":{"index":"index","follow":"follow","max-snippet":"max-snippet:-1","max-image-preview":"max-image-preview:large","max-video-preview":"max-video-preview:-1"},"canonical":"https:\/\/lavocedelpaese.info\/index.php\/2025\/04\/24\/25-aprile-ottantesimo-anniversario-della-liberazione\/","og_locale":"it_IT","og_type":"article","og_title":"25 aprile: ottantesimo anniversario della Liberazione\u00a0\u200b - La Voce del Paese","og_description":"\u00a0 \u200b\u00a0 \u200b\u00a0 Il 25 Aprile 1945 \u00e8 la data in cui il Comitato di Liberazione Nazionale Alta Italia proclam\u00f2","og_url":"https:\/\/lavocedelpaese.info\/index.php\/2025\/04\/24\/25-aprile-ottantesimo-anniversario-della-liberazione\/","og_site_name":"La Voce del Paese","article_publisher":"https:\/\/www.facebook.com\/lavocedelpaese.info","article_published_time":"2025-04-24T05:16:26+00:00","author":"admin","twitter_card":"summary_large_image","twitter_misc":{"Scritto da":"admin","Tempo di lettura stimato":"3 minuti"},"schema":{"@context":"https:\/\/schema.org","@graph":[{"@type":"Article","@id":"https:\/\/lavocedelpaese.info\/index.php\/2025\/04\/24\/25-aprile-ottantesimo-anniversario-della-liberazione\/#article","isPartOf":{"@id":"https:\/\/lavocedelpaese.info\/index.php\/2025\/04\/24\/25-aprile-ottantesimo-anniversario-della-liberazione\/"},"author":{"name":"admin","@id":"https:\/\/lavocedelpaese.info\/#\/schema\/person\/ec151d321306bd7591f7a061abf72d88"},"headline":"25 aprile: ottantesimo anniversario della Liberazione\u00a0\u200b","datePublished":"2025-04-24T05:16:26+00:00","mainEntityOfPage":{"@id":"https:\/\/lavocedelpaese.info\/index.php\/2025\/04\/24\/25-aprile-ottantesimo-anniversario-della-liberazione\/"},"wordCount":508,"commentCount":0,"publisher":{"@id":"https:\/\/lavocedelpaese.info\/#organization"},"image":{"@id":"https:\/\/lavocedelpaese.info\/index.php\/2025\/04\/24\/25-aprile-ottantesimo-anniversario-della-liberazione\/#primaryimage"},"thumbnailUrl":"https:\/\/lavocedelpaese.info\/wp-content\/uploads\/2023\/01\/logo-150-127.png","articleSection":["network"],"inLanguage":"it-IT","potentialAction":[{"@type":"CommentAction","name":"Comment","target":["https:\/\/lavocedelpaese.info\/index.php\/2025\/04\/24\/25-aprile-ottantesimo-anniversario-della-liberazione\/#respond"]}]},{"@type":"WebPage","@id":"https:\/\/lavocedelpaese.info\/index.php\/2025\/04\/24\/25-aprile-ottantesimo-anniversario-della-liberazione\/","url":"https:\/\/lavocedelpaese.info\/index.php\/2025\/04\/24\/25-aprile-ottantesimo-anniversario-della-liberazione\/","name":"25 aprile: ottantesimo anniversario della Liberazione\u00a0\u200b - La Voce del Paese","isPartOf":{"@id":"https:\/\/lavocedelpaese.info\/#website"},"primaryImageOfPage":{"@id":"https:\/\/lavocedelpaese.info\/index.php\/2025\/04\/24\/25-aprile-ottantesimo-anniversario-della-liberazione\/#primaryimage"},"image":{"@id":"https:\/\/lavocedelpaese.info\/index.php\/2025\/04\/24\/25-aprile-ottantesimo-anniversario-della-liberazione\/#primaryimage"},"thumbnailUrl":"https:\/\/lavocedelpaese.info\/wp-content\/uploads\/2023\/01\/logo-150-127.png","datePublished":"2025-04-24T05:16:26+00:00","breadcrumb":{"@id":"https:\/\/lavocedelpaese.info\/index.php\/2025\/04\/24\/25-aprile-ottantesimo-anniversario-della-liberazione\/#breadcrumb"},"inLanguage":"it-IT","potentialAction":[{"@type":"ReadAction","target":["https:\/\/lavocedelpaese.info\/index.php\/2025\/04\/24\/25-aprile-ottantesimo-anniversario-della-liberazione\/"]}]},{"@type":"ImageObject","inLanguage":"it-IT","@id":"https:\/\/lavocedelpaese.info\/index.php\/2025\/04\/24\/25-aprile-ottantesimo-anniversario-della-liberazione\/#primaryimage","url":"https:\/\/lavocedelpaese.info\/wp-content\/uploads\/2023\/01\/logo-150-127.png","contentUrl":"https:\/\/lavocedelpaese.info\/wp-content\/uploads\/2023\/01\/logo-150-127.png","width":150,"height":127},{"@type":"BreadcrumbList","@id":"https:\/\/lavocedelpaese.info\/index.php\/2025\/04\/24\/25-aprile-ottantesimo-anniversario-della-liberazione\/#breadcrumb","itemListElement":[{"@type":"ListItem","position":1,"name":"Home","item":"https:\/\/lavocedelpaese.info\/"},{"@type":"ListItem","position":2,"name":"25 aprile: ottantesimo anniversario della Liberazione\u00a0\u200b"}]},{"@type":"WebSite","@id":"https:\/\/lavocedelpaese.info\/#website","url":"https:\/\/lavocedelpaese.info\/","name":"La Voce del Paese","description":"Un network di idee","publisher":{"@id":"https:\/\/lavocedelpaese.info\/#organization"},"potentialAction":[{"@type":"SearchAction","target":{"@type":"EntryPoint","urlTemplate":"https:\/\/lavocedelpaese.info\/?s={search_term_string}"},"query-input":{"@type":"PropertyValueSpecification","valueRequired":true,"valueName":"search_term_string"}}],"inLanguage":"it-IT"},{"@type":"Organization","@id":"https:\/\/lavocedelpaese.info\/#organization","name":"La Voce del Paese","url":"https:\/\/lavocedelpaese.info\/","logo":{"@type":"ImageObject","inLanguage":"it-IT","@id":"https:\/\/lavocedelpaese.info\/#\/schema\/logo\/image\/","url":"https:\/\/lavocedelpaese.info\/wp-content\/uploads\/2023\/01\/cropped-logo-150-127.png","contentUrl":"https:\/\/lavocedelpaese.info\/wp-content\/uploads\/2023\/01\/cropped-logo-150-127.png","width":137,"height":119,"caption":"La Voce del Paese"},"image":{"@id":"https:\/\/lavocedelpaese.info\/#\/schema\/logo\/image\/"},"sameAs":["https:\/\/www.facebook.com\/lavocedelpaese.info"]},{"@type":"Person","@id":"https:\/\/lavocedelpaese.info\/#\/schema\/person\/ec151d321306bd7591f7a061abf72d88","name":"admin","image":{"@type":"ImageObject","inLanguage":"it-IT","@id":"https:\/\/secure.gravatar.com\/avatar\/af8f2caf0663124588de48a9380e07cbc95a74ef15b8062d0d39106c32fe3023?s=96&d=mm&r=g","url":"https:\/\/secure.gravatar.com\/avatar\/af8f2caf0663124588de48a9380e07cbc95a74ef15b8062d0d39106c32fe3023?s=96&d=mm&r=g","contentUrl":"https:\/\/secure.gravatar.com\/avatar\/af8f2caf0663124588de48a9380e07cbc95a74ef15b8062d0d39106c32fe3023?s=96&d=mm&r=g","caption":"admin"},"sameAs":["https:\/\/lavocedelpaese.info"],"url":"https:\/\/lavocedelpaese.info\/index.php\/author\/admin\/"}]}},"_links":{"self":[{"href":"https:\/\/lavocedelpaese.info\/index.php\/wp-json\/wp\/v2\/posts\/9203","targetHints":{"allow":["GET"]}}],"collection":[{"href":"https:\/\/lavocedelpaese.info\/index.php\/wp-json\/wp\/v2\/posts"}],"about":[{"href":"https:\/\/lavocedelpaese.info\/index.php\/wp-json\/wp\/v2\/types\/post"}],"author":[{"embeddable":true,"href":"https:\/\/lavocedelpaese.info\/index.php\/wp-json\/wp\/v2\/users\/6"}],"replies":[{"embeddable":true,"href":"https:\/\/lavocedelpaese.info\/index.php\/wp-json\/wp\/v2\/comments?post=9203"}],"version-history":[{"count":0,"href":"https:\/\/lavocedelpaese.info\/index.php\/wp-json\/wp\/v2\/posts\/9203\/revisions"}],"wp:featuredmedia":[{"embeddable":true,"href":"https:\/\/lavocedelpaese.info\/index.php\/wp-json\/wp\/v2\/media\/730"}],"wp:attachment":[{"href":"https:\/\/lavocedelpaese.info\/index.php\/wp-json\/wp\/v2\/media?parent=9203"}],"wp:term":[{"taxonomy":"category","embeddable":true,"href":"https:\/\/lavocedelpaese.info\/index.php\/wp-json\/wp\/v2\/categories?post=9203"},{"taxonomy":"post_tag","embeddable":true,"href":"https:\/\/lavocedelpaese.info\/index.php\/wp-json\/wp\/v2\/tags?post=9203"}],"curies":[{"name":"wp","href":"https:\/\/api.w.org\/{rel}","templated":true}]}}