{"id":9199,"date":"2025-04-23T05:17:04","date_gmt":"2025-04-23T05:17:04","guid":{"rendered":"https:\/\/lavocedelpaese.info\/index.php\/2025\/04\/23\/io-la-seconda-figlia-spettacolo-rinviato-al-28-aprile\/"},"modified":"2025-04-23T05:17:04","modified_gmt":"2025-04-23T05:17:04","slug":"io-la-seconda-figlia-spettacolo-rinviato-al-28-aprile","status":"publish","type":"post","link":"https:\/\/lavocedelpaese.info\/index.php\/2025\/04\/23\/io-la-seconda-figlia-spettacolo-rinviato-al-28-aprile\/","title":{"rendered":"\u201cIo, la seconda figlia\u201d: spettacolo rinviato al 28 aprile\u00a0\u200b"},"content":{"rendered":"<p>\u00a0<\/p>\n<p>\u200b\u00a0<\/p>\n<p>\u200b\u00a0<\/p>\n<p>A causa lutto nazionale della durata di cinque giorni per la scomparsa del Sommo Pontefice Francesco decretato dal Consiglio dei Ministri attraverso una circolare ministeriale, lo spettacolo di Tiziana Schiavarelli \u201d Io, la seconda figlia\u201d del 23 Aprile \u00e8 stato annullato e rinviato a Luned\u00ec\u00a0<strong>28 Aprile 2025<\/strong><strong> sempre alle ore 20:30<\/strong><\/p>\n<p>\u201cRingraziamo l\u2019Associazione degli sfollati, l\u2019attrice Tiziana Schiavarelli e l\u2019Oratorio San Domenico Savio per la disponibilit\u00e0 al differimento dello spettacolo.<br \/>Ci scusiamo per il disagio non dipendente dalla nostra volont\u00e0.<br \/>Il biglietto gi\u00e0 acquistato \u00e8 valido per la nuova data. Ci sono ancora disponibilit\u00e0 di posti.<br \/>Per il rimborso immediato si pu\u00f2 fare riferimento al numero : 3395605067\u201d.<\/p>\n\n<figure class=\"wp-block-image size-full\"><img decoding=\"async\" src=\"https:\/\/acquaviva.lavocedelpaese.info\/wp-content\/uploads\/2025\/04\/492567628_122252288576023606_2124688642100457825_n.jpg\" alt=\"\" class=\"wp-image-5445\"\/><\/figure>\n<p><a class=\"a2a_button_facebook\" href=\"https:\/\/www.addtoany.com\/add_to\/facebook?linkurl=https%3A%2F%2Facquaviva.lavocedelpaese.info%2Findex.php%2F2025%2F04%2F23%2Fio-la-seconda-figlia-spettacolo-rinviato-al-28-aprile%2F&amp;linkname=%E2%80%9CIo%2C%20la%20seconda%20figlia%E2%80%9D%3A%20spettacolo%20rinviato%20al%2028%20aprile\" title=\"Facebook\" rel=\"nofollow noopener\" target=\"_blank\"><\/a><a class=\"a2a_button_twitter\" href=\"https:\/\/www.addtoany.com\/add_to\/twitter?linkurl=https%3A%2F%2Facquaviva.lavocedelpaese.info%2Findex.php%2F2025%2F04%2F23%2Fio-la-seconda-figlia-spettacolo-rinviato-al-28-aprile%2F&amp;linkname=%E2%80%9CIo%2C%20la%20seconda%20figlia%E2%80%9D%3A%20spettacolo%20rinviato%20al%2028%20aprile\" title=\"Twitter\" rel=\"nofollow noopener\" target=\"_blank\"><\/a><a class=\"a2a_button_whatsapp\" href=\"https:\/\/www.addtoany.com\/add_to\/whatsapp?linkurl=https%3A%2F%2Facquaviva.lavocedelpaese.info%2Findex.php%2F2025%2F04%2F23%2Fio-la-seconda-figlia-spettacolo-rinviato-al-28-aprile%2F&amp;linkname=%E2%80%9CIo%2C%20la%20seconda%20figlia%E2%80%9D%3A%20spettacolo%20rinviato%20al%2028%20aprile\" title=\"WhatsApp\" rel=\"nofollow noopener\" target=\"_blank\"><\/a><a class=\"a2a_button_telegram\" href=\"https:\/\/www.addtoany.com\/add_to\/telegram?linkurl=https%3A%2F%2Facquaviva.lavocedelpaese.info%2Findex.php%2F2025%2F04%2F23%2Fio-la-seconda-figlia-spettacolo-rinviato-al-28-aprile%2F&amp;linkname=%E2%80%9CIo%2C%20la%20seconda%20figlia%E2%80%9D%3A%20spettacolo%20rinviato%20al%2028%20aprile\" title=\"Telegram\" rel=\"nofollow noopener\" target=\"_blank\"><\/a><a class=\"a2a_button_email\" href=\"https:\/\/www.addtoany.com\/add_to\/email?linkurl=https%3A%2F%2Facquaviva.lavocedelpaese.info%2Findex.php%2F2025%2F04%2F23%2Fio-la-seconda-figlia-spettacolo-rinviato-al-28-aprile%2F&amp;linkname=%E2%80%9CIo%2C%20la%20seconda%20figlia%E2%80%9D%3A%20spettacolo%20rinviato%20al%2028%20aprile\" title=\"Email\" rel=\"nofollow noopener\" target=\"_blank\"><\/a><\/p>\n<p>\u00a0<\/p>\n<p>\u00a0<\/p>\n<p>\u200b\u00a0\u00a0\u00a0<\/p>","protected":false},"excerpt":{"rendered":"<p>\u00a0 \u200b\u00a0 \u200b\u00a0 A causa lutto nazionale della durata di cinque giorni per la scomparsa del Sommo Pontefice Francesco decretato<\/p>\n","protected":false},"author":6,"featured_media":9200,"comment_status":"open","ping_status":"closed","sticky":false,"template":"","format":"standard","meta":{"colormag_page_container_layout":"default_layout","colormag_page_sidebar_layout":"default_layout","footnotes":""},"categories":[33],"tags":[],"class_list":["post-9199","post","type-post","status-publish","format-standard","has-post-thumbnail","hentry","category-network"],"yoast_head":"<!-- This site is optimized with the Yoast SEO plugin v27.5 - https:\/\/yoast.com\/product\/yoast-seo-wordpress\/ -->\n<title>\u201cIo, la seconda figlia\u201d: spettacolo rinviato al 28 aprile\u00a0\u200b - La Voce del Paese<\/title>\n<meta name=\"robots\" content=\"index, follow, max-snippet:-1, max-image-preview:large, max-video-preview:-1\" \/>\n<link rel=\"canonical\" href=\"https:\/\/lavocedelpaese.info\/index.php\/2025\/04\/23\/io-la-seconda-figlia-spettacolo-rinviato-al-28-aprile\/\" \/>\n<meta property=\"og:locale\" content=\"it_IT\" \/>\n<meta property=\"og:type\" content=\"article\" \/>\n<meta property=\"og:title\" content=\"\u201cIo, la seconda figlia\u201d: spettacolo rinviato al 28 aprile\u00a0\u200b - La Voce del Paese\" \/>\n<meta property=\"og:description\" content=\"\u00a0 \u200b\u00a0 \u200b\u00a0 A causa lutto nazionale della durata di cinque giorni per la scomparsa del Sommo Pontefice Francesco decretato\" \/>\n<meta property=\"og:url\" content=\"https:\/\/lavocedelpaese.info\/index.php\/2025\/04\/23\/io-la-seconda-figlia-spettacolo-rinviato-al-28-aprile\/\" \/>\n<meta property=\"og:site_name\" content=\"La Voce del Paese\" \/>\n<meta property=\"article:publisher\" content=\"https:\/\/www.facebook.com\/lavocedelpaese.info\" \/>\n<meta property=\"article:published_time\" content=\"2025-04-23T05:17:04+00:00\" \/>\n<meta name=\"author\" content=\"admin\" \/>\n<meta name=\"twitter:card\" content=\"summary_large_image\" \/>\n<meta name=\"twitter:label1\" content=\"Scritto da\" \/>\n\t<meta name=\"twitter:data1\" content=\"admin\" \/>\n\t<meta name=\"twitter:label2\" content=\"Tempo di lettura stimato\" \/>\n\t<meta name=\"twitter:data2\" content=\"1 minuto\" \/>\n<script type=\"application\/ld+json\" class=\"yoast-schema-graph\">{\"@context\":\"https:\\\/\\\/schema.org\",\"@graph\":[{\"@type\":\"Article\",\"@id\":\"https:\\\/\\\/lavocedelpaese.info\\\/index.php\\\/2025\\\/04\\\/23\\\/io-la-seconda-figlia-spettacolo-rinviato-al-28-aprile\\\/#article\",\"isPartOf\":{\"@id\":\"https:\\\/\\\/lavocedelpaese.info\\\/index.php\\\/2025\\\/04\\\/23\\\/io-la-seconda-figlia-spettacolo-rinviato-al-28-aprile\\\/\"},\"author\":{\"name\":\"admin\",\"@id\":\"https:\\\/\\\/lavocedelpaese.info\\\/#\\\/schema\\\/person\\\/ec151d321306bd7591f7a061abf72d88\"},\"headline\":\"\u201cIo, la seconda figlia\u201d: spettacolo rinviato al 28 aprile\u00a0\u200b\",\"datePublished\":\"2025-04-23T05:17:04+00:00\",\"mainEntityOfPage\":{\"@id\":\"https:\\\/\\\/lavocedelpaese.info\\\/index.php\\\/2025\\\/04\\\/23\\\/io-la-seconda-figlia-spettacolo-rinviato-al-28-aprile\\\/\"},\"wordCount\":111,\"commentCount\":0,\"publisher\":{\"@id\":\"https:\\\/\\\/lavocedelpaese.info\\\/#organization\"},\"image\":{\"@id\":\"https:\\\/\\\/lavocedelpaese.info\\\/index.php\\\/2025\\\/04\\\/23\\\/io-la-seconda-figlia-spettacolo-rinviato-al-28-aprile\\\/#primaryimage\"},\"thumbnailUrl\":\"https:\\\/\\\/lavocedelpaese.info\\\/wp-content\\\/uploads\\\/2025\\\/04\\\/492567628_122252288576023606_2124688642100457825_n-yzMALA.jpg\",\"articleSection\":[\"network\"],\"inLanguage\":\"it-IT\",\"potentialAction\":[{\"@type\":\"CommentAction\",\"name\":\"Comment\",\"target\":[\"https:\\\/\\\/lavocedelpaese.info\\\/index.php\\\/2025\\\/04\\\/23\\\/io-la-seconda-figlia-spettacolo-rinviato-al-28-aprile\\\/#respond\"]}]},{\"@type\":\"WebPage\",\"@id\":\"https:\\\/\\\/lavocedelpaese.info\\\/index.php\\\/2025\\\/04\\\/23\\\/io-la-seconda-figlia-spettacolo-rinviato-al-28-aprile\\\/\",\"url\":\"https:\\\/\\\/lavocedelpaese.info\\\/index.php\\\/2025\\\/04\\\/23\\\/io-la-seconda-figlia-spettacolo-rinviato-al-28-aprile\\\/\",\"name\":\"\u201cIo, la seconda figlia\u201d: spettacolo rinviato al 28 aprile\u00a0\u200b - La Voce del Paese\",\"isPartOf\":{\"@id\":\"https:\\\/\\\/lavocedelpaese.info\\\/#website\"},\"primaryImageOfPage\":{\"@id\":\"https:\\\/\\\/lavocedelpaese.info\\\/index.php\\\/2025\\\/04\\\/23\\\/io-la-seconda-figlia-spettacolo-rinviato-al-28-aprile\\\/#primaryimage\"},\"image\":{\"@id\":\"https:\\\/\\\/lavocedelpaese.info\\\/index.php\\\/2025\\\/04\\\/23\\\/io-la-seconda-figlia-spettacolo-rinviato-al-28-aprile\\\/#primaryimage\"},\"thumbnailUrl\":\"https:\\\/\\\/lavocedelpaese.info\\\/wp-content\\\/uploads\\\/2025\\\/04\\\/492567628_122252288576023606_2124688642100457825_n-yzMALA.jpg\",\"datePublished\":\"2025-04-23T05:17:04+00:00\",\"breadcrumb\":{\"@id\":\"https:\\\/\\\/lavocedelpaese.info\\\/index.php\\\/2025\\\/04\\\/23\\\/io-la-seconda-figlia-spettacolo-rinviato-al-28-aprile\\\/#breadcrumb\"},\"inLanguage\":\"it-IT\",\"potentialAction\":[{\"@type\":\"ReadAction\",\"target\":[\"https:\\\/\\\/lavocedelpaese.info\\\/index.php\\\/2025\\\/04\\\/23\\\/io-la-seconda-figlia-spettacolo-rinviato-al-28-aprile\\\/\"]}]},{\"@type\":\"ImageObject\",\"inLanguage\":\"it-IT\",\"@id\":\"https:\\\/\\\/lavocedelpaese.info\\\/index.php\\\/2025\\\/04\\\/23\\\/io-la-seconda-figlia-spettacolo-rinviato-al-28-aprile\\\/#primaryimage\",\"url\":\"https:\\\/\\\/lavocedelpaese.info\\\/wp-content\\\/uploads\\\/2025\\\/04\\\/492567628_122252288576023606_2124688642100457825_n-yzMALA.jpg\",\"contentUrl\":\"https:\\\/\\\/lavocedelpaese.info\\\/wp-content\\\/uploads\\\/2025\\\/04\\\/492567628_122252288576023606_2124688642100457825_n-yzMALA.jpg\",\"width\":559,\"height\":800},{\"@type\":\"BreadcrumbList\",\"@id\":\"https:\\\/\\\/lavocedelpaese.info\\\/index.php\\\/2025\\\/04\\\/23\\\/io-la-seconda-figlia-spettacolo-rinviato-al-28-aprile\\\/#breadcrumb\",\"itemListElement\":[{\"@type\":\"ListItem\",\"position\":1,\"name\":\"Home\",\"item\":\"https:\\\/\\\/lavocedelpaese.info\\\/\"},{\"@type\":\"ListItem\",\"position\":2,\"name\":\"\u201cIo, la seconda figlia\u201d: spettacolo rinviato al 28 aprile\u00a0\u200b\"}]},{\"@type\":\"WebSite\",\"@id\":\"https:\\\/\\\/lavocedelpaese.info\\\/#website\",\"url\":\"https:\\\/\\\/lavocedelpaese.info\\\/\",\"name\":\"La Voce del Paese\",\"description\":\"Un network di idee\",\"publisher\":{\"@id\":\"https:\\\/\\\/lavocedelpaese.info\\\/#organization\"},\"potentialAction\":[{\"@type\":\"SearchAction\",\"target\":{\"@type\":\"EntryPoint\",\"urlTemplate\":\"https:\\\/\\\/lavocedelpaese.info\\\/?s={search_term_string}\"},\"query-input\":{\"@type\":\"PropertyValueSpecification\",\"valueRequired\":true,\"valueName\":\"search_term_string\"}}],\"inLanguage\":\"it-IT\"},{\"@type\":\"Organization\",\"@id\":\"https:\\\/\\\/lavocedelpaese.info\\\/#organization\",\"name\":\"La Voce del Paese\",\"url\":\"https:\\\/\\\/lavocedelpaese.info\\\/\",\"logo\":{\"@type\":\"ImageObject\",\"inLanguage\":\"it-IT\",\"@id\":\"https:\\\/\\\/lavocedelpaese.info\\\/#\\\/schema\\\/logo\\\/image\\\/\",\"url\":\"https:\\\/\\\/lavocedelpaese.info\\\/wp-content\\\/uploads\\\/2023\\\/01\\\/cropped-logo-150-127.png\",\"contentUrl\":\"https:\\\/\\\/lavocedelpaese.info\\\/wp-content\\\/uploads\\\/2023\\\/01\\\/cropped-logo-150-127.png\",\"width\":137,\"height\":119,\"caption\":\"La Voce del Paese\"},\"image\":{\"@id\":\"https:\\\/\\\/lavocedelpaese.info\\\/#\\\/schema\\\/logo\\\/image\\\/\"},\"sameAs\":[\"https:\\\/\\\/www.facebook.com\\\/lavocedelpaese.info\"]},{\"@type\":\"Person\",\"@id\":\"https:\\\/\\\/lavocedelpaese.info\\\/#\\\/schema\\\/person\\\/ec151d321306bd7591f7a061abf72d88\",\"name\":\"admin\",\"image\":{\"@type\":\"ImageObject\",\"inLanguage\":\"it-IT\",\"@id\":\"https:\\\/\\\/secure.gravatar.com\\\/avatar\\\/af8f2caf0663124588de48a9380e07cbc95a74ef15b8062d0d39106c32fe3023?s=96&d=mm&r=g\",\"url\":\"https:\\\/\\\/secure.gravatar.com\\\/avatar\\\/af8f2caf0663124588de48a9380e07cbc95a74ef15b8062d0d39106c32fe3023?s=96&d=mm&r=g\",\"contentUrl\":\"https:\\\/\\\/secure.gravatar.com\\\/avatar\\\/af8f2caf0663124588de48a9380e07cbc95a74ef15b8062d0d39106c32fe3023?s=96&d=mm&r=g\",\"caption\":\"admin\"},\"sameAs\":[\"https:\\\/\\\/lavocedelpaese.info\"],\"url\":\"https:\\\/\\\/lavocedelpaese.info\\\/index.php\\\/author\\\/admin\\\/\"}]}<\/script>\n<!-- \/ Yoast SEO plugin. -->","yoast_head_json":{"title":"\u201cIo, la seconda figlia\u201d: spettacolo rinviato al 28 aprile\u00a0\u200b - La Voce del Paese","robots":{"index":"index","follow":"follow","max-snippet":"max-snippet:-1","max-image-preview":"max-image-preview:large","max-video-preview":"max-video-preview:-1"},"canonical":"https:\/\/lavocedelpaese.info\/index.php\/2025\/04\/23\/io-la-seconda-figlia-spettacolo-rinviato-al-28-aprile\/","og_locale":"it_IT","og_type":"article","og_title":"\u201cIo, la seconda figlia\u201d: spettacolo rinviato al 28 aprile\u00a0\u200b - La Voce del Paese","og_description":"\u00a0 \u200b\u00a0 \u200b\u00a0 A causa lutto nazionale della durata di cinque giorni per la scomparsa del Sommo Pontefice Francesco decretato","og_url":"https:\/\/lavocedelpaese.info\/index.php\/2025\/04\/23\/io-la-seconda-figlia-spettacolo-rinviato-al-28-aprile\/","og_site_name":"La Voce del Paese","article_publisher":"https:\/\/www.facebook.com\/lavocedelpaese.info","article_published_time":"2025-04-23T05:17:04+00:00","author":"admin","twitter_card":"summary_large_image","twitter_misc":{"Scritto da":"admin","Tempo di lettura stimato":"1 minuto"},"schema":{"@context":"https:\/\/schema.org","@graph":[{"@type":"Article","@id":"https:\/\/lavocedelpaese.info\/index.php\/2025\/04\/23\/io-la-seconda-figlia-spettacolo-rinviato-al-28-aprile\/#article","isPartOf":{"@id":"https:\/\/lavocedelpaese.info\/index.php\/2025\/04\/23\/io-la-seconda-figlia-spettacolo-rinviato-al-28-aprile\/"},"author":{"name":"admin","@id":"https:\/\/lavocedelpaese.info\/#\/schema\/person\/ec151d321306bd7591f7a061abf72d88"},"headline":"\u201cIo, la seconda figlia\u201d: spettacolo rinviato al 28 aprile\u00a0\u200b","datePublished":"2025-04-23T05:17:04+00:00","mainEntityOfPage":{"@id":"https:\/\/lavocedelpaese.info\/index.php\/2025\/04\/23\/io-la-seconda-figlia-spettacolo-rinviato-al-28-aprile\/"},"wordCount":111,"commentCount":0,"publisher":{"@id":"https:\/\/lavocedelpaese.info\/#organization"},"image":{"@id":"https:\/\/lavocedelpaese.info\/index.php\/2025\/04\/23\/io-la-seconda-figlia-spettacolo-rinviato-al-28-aprile\/#primaryimage"},"thumbnailUrl":"https:\/\/lavocedelpaese.info\/wp-content\/uploads\/2025\/04\/492567628_122252288576023606_2124688642100457825_n-yzMALA.jpg","articleSection":["network"],"inLanguage":"it-IT","potentialAction":[{"@type":"CommentAction","name":"Comment","target":["https:\/\/lavocedelpaese.info\/index.php\/2025\/04\/23\/io-la-seconda-figlia-spettacolo-rinviato-al-28-aprile\/#respond"]}]},{"@type":"WebPage","@id":"https:\/\/lavocedelpaese.info\/index.php\/2025\/04\/23\/io-la-seconda-figlia-spettacolo-rinviato-al-28-aprile\/","url":"https:\/\/lavocedelpaese.info\/index.php\/2025\/04\/23\/io-la-seconda-figlia-spettacolo-rinviato-al-28-aprile\/","name":"\u201cIo, la seconda figlia\u201d: spettacolo rinviato al 28 aprile\u00a0\u200b - La Voce del Paese","isPartOf":{"@id":"https:\/\/lavocedelpaese.info\/#website"},"primaryImageOfPage":{"@id":"https:\/\/lavocedelpaese.info\/index.php\/2025\/04\/23\/io-la-seconda-figlia-spettacolo-rinviato-al-28-aprile\/#primaryimage"},"image":{"@id":"https:\/\/lavocedelpaese.info\/index.php\/2025\/04\/23\/io-la-seconda-figlia-spettacolo-rinviato-al-28-aprile\/#primaryimage"},"thumbnailUrl":"https:\/\/lavocedelpaese.info\/wp-content\/uploads\/2025\/04\/492567628_122252288576023606_2124688642100457825_n-yzMALA.jpg","datePublished":"2025-04-23T05:17:04+00:00","breadcrumb":{"@id":"https:\/\/lavocedelpaese.info\/index.php\/2025\/04\/23\/io-la-seconda-figlia-spettacolo-rinviato-al-28-aprile\/#breadcrumb"},"inLanguage":"it-IT","potentialAction":[{"@type":"ReadAction","target":["https:\/\/lavocedelpaese.info\/index.php\/2025\/04\/23\/io-la-seconda-figlia-spettacolo-rinviato-al-28-aprile\/"]}]},{"@type":"ImageObject","inLanguage":"it-IT","@id":"https:\/\/lavocedelpaese.info\/index.php\/2025\/04\/23\/io-la-seconda-figlia-spettacolo-rinviato-al-28-aprile\/#primaryimage","url":"https:\/\/lavocedelpaese.info\/wp-content\/uploads\/2025\/04\/492567628_122252288576023606_2124688642100457825_n-yzMALA.jpg","contentUrl":"https:\/\/lavocedelpaese.info\/wp-content\/uploads\/2025\/04\/492567628_122252288576023606_2124688642100457825_n-yzMALA.jpg","width":559,"height":800},{"@type":"BreadcrumbList","@id":"https:\/\/lavocedelpaese.info\/index.php\/2025\/04\/23\/io-la-seconda-figlia-spettacolo-rinviato-al-28-aprile\/#breadcrumb","itemListElement":[{"@type":"ListItem","position":1,"name":"Home","item":"https:\/\/lavocedelpaese.info\/"},{"@type":"ListItem","position":2,"name":"\u201cIo, la seconda figlia\u201d: spettacolo rinviato al 28 aprile\u00a0\u200b"}]},{"@type":"WebSite","@id":"https:\/\/lavocedelpaese.info\/#website","url":"https:\/\/lavocedelpaese.info\/","name":"La Voce del Paese","description":"Un network di idee","publisher":{"@id":"https:\/\/lavocedelpaese.info\/#organization"},"potentialAction":[{"@type":"SearchAction","target":{"@type":"EntryPoint","urlTemplate":"https:\/\/lavocedelpaese.info\/?s={search_term_string}"},"query-input":{"@type":"PropertyValueSpecification","valueRequired":true,"valueName":"search_term_string"}}],"inLanguage":"it-IT"},{"@type":"Organization","@id":"https:\/\/lavocedelpaese.info\/#organization","name":"La Voce del Paese","url":"https:\/\/lavocedelpaese.info\/","logo":{"@type":"ImageObject","inLanguage":"it-IT","@id":"https:\/\/lavocedelpaese.info\/#\/schema\/logo\/image\/","url":"https:\/\/lavocedelpaese.info\/wp-content\/uploads\/2023\/01\/cropped-logo-150-127.png","contentUrl":"https:\/\/lavocedelpaese.info\/wp-content\/uploads\/2023\/01\/cropped-logo-150-127.png","width":137,"height":119,"caption":"La Voce del Paese"},"image":{"@id":"https:\/\/lavocedelpaese.info\/#\/schema\/logo\/image\/"},"sameAs":["https:\/\/www.facebook.com\/lavocedelpaese.info"]},{"@type":"Person","@id":"https:\/\/lavocedelpaese.info\/#\/schema\/person\/ec151d321306bd7591f7a061abf72d88","name":"admin","image":{"@type":"ImageObject","inLanguage":"it-IT","@id":"https:\/\/secure.gravatar.com\/avatar\/af8f2caf0663124588de48a9380e07cbc95a74ef15b8062d0d39106c32fe3023?s=96&d=mm&r=g","url":"https:\/\/secure.gravatar.com\/avatar\/af8f2caf0663124588de48a9380e07cbc95a74ef15b8062d0d39106c32fe3023?s=96&d=mm&r=g","contentUrl":"https:\/\/secure.gravatar.com\/avatar\/af8f2caf0663124588de48a9380e07cbc95a74ef15b8062d0d39106c32fe3023?s=96&d=mm&r=g","caption":"admin"},"sameAs":["https:\/\/lavocedelpaese.info"],"url":"https:\/\/lavocedelpaese.info\/index.php\/author\/admin\/"}]}},"_links":{"self":[{"href":"https:\/\/lavocedelpaese.info\/index.php\/wp-json\/wp\/v2\/posts\/9199","targetHints":{"allow":["GET"]}}],"collection":[{"href":"https:\/\/lavocedelpaese.info\/index.php\/wp-json\/wp\/v2\/posts"}],"about":[{"href":"https:\/\/lavocedelpaese.info\/index.php\/wp-json\/wp\/v2\/types\/post"}],"author":[{"embeddable":true,"href":"https:\/\/lavocedelpaese.info\/index.php\/wp-json\/wp\/v2\/users\/6"}],"replies":[{"embeddable":true,"href":"https:\/\/lavocedelpaese.info\/index.php\/wp-json\/wp\/v2\/comments?post=9199"}],"version-history":[{"count":0,"href":"https:\/\/lavocedelpaese.info\/index.php\/wp-json\/wp\/v2\/posts\/9199\/revisions"}],"wp:featuredmedia":[{"embeddable":true,"href":"https:\/\/lavocedelpaese.info\/index.php\/wp-json\/wp\/v2\/media\/9200"}],"wp:attachment":[{"href":"https:\/\/lavocedelpaese.info\/index.php\/wp-json\/wp\/v2\/media?parent=9199"}],"wp:term":[{"taxonomy":"category","embeddable":true,"href":"https:\/\/lavocedelpaese.info\/index.php\/wp-json\/wp\/v2\/categories?post=9199"},{"taxonomy":"post_tag","embeddable":true,"href":"https:\/\/lavocedelpaese.info\/index.php\/wp-json\/wp\/v2\/tags?post=9199"}],"curies":[{"name":"wp","href":"https:\/\/api.w.org\/{rel}","templated":true}]}}