{"id":9191,"date":"2025-04-20T22:14:15","date_gmt":"2025-04-20T22:14:15","guid":{"rendered":"https:\/\/lavocedelpaese.info\/index.php\/2025\/04\/20\/pasquetta-a-mercadante-divieti-e-sensi-di-marcia\/"},"modified":"2025-04-20T22:14:15","modified_gmt":"2025-04-20T22:14:15","slug":"pasquetta-a-mercadante-divieti-e-sensi-di-marcia","status":"publish","type":"post","link":"https:\/\/lavocedelpaese.info\/index.php\/2025\/04\/20\/pasquetta-a-mercadante-divieti-e-sensi-di-marcia\/","title":{"rendered":"Pasquetta a Mercadante: divieti e sensi di marcia\u00a0\u200b"},"content":{"rendered":"<p>\u00a0<\/p>\n<p>\u200b\u00a0<\/p>\n<p>\u200b\u00a0<\/p>\n<p>In occasione del Luned\u00ec di Pasquetta essendo stato disposto in Prefettura il \u201cPiano Operativo per la gestione coordinata delle emergenze connesse <a><\/a>all\u2019intensificazione del traffico veicolare viaggiatori per la primavera \u2013 estate 2025\u2033 nel territorio della Citt\u00e0 Metropolitana di Bari, al fine di garantire la fruibilit\u00e0 della rete viaria nel comprensorio della Foresta Demaniale Mercadante in condizioni di sicurezza nelle giornate in cui \u00e8 prevedibile l\u2019intensificazione del traffico veicolare, si rende necessario regolamentare la circolazione stradale, da disciplinare in funzione delle reali necessit\u00e0, la cui valenza ed efficacia \u00e8 strettamente limitata all\u2019arco temporale previsto per ridurre al minimo i disagi che potrebbero essere arrecati agli utenti della strada.<\/p>\n<p><img decoding=\"async\" height=\"16\" width=\"16\" alt=\"\ud83d\udc49\ud83c\udffb\" src=\"https:\/\/static.xx.fbcdn.net\/images\/emoji.php\/v9\/tc\/1\/16\/1f449_1f3fb.png\"\/> Pertanto il Comando della Polizia Locale ha disposto la sospensione degli effetti della segnaletica vigente su tutta la rete viaria del comprensorio Foresta Demaniale di Mercadante dalle ore 07.00 alle ore 21.00 per la giornata di luned\u00ec 21 aprile.<\/p>\n<p>Inoltre ha disposto:<\/p>\n<p><img decoding=\"async\" height=\"16\" width=\"16\" alt=\"\u2705\" src=\"https:\/\/static.xx.fbcdn.net\/images\/emoji.php\/v9\/t33\/1\/16\/2705.png\"\/> l\u2019istituzione del SENSO UNICO DI CIRCOLAZIONE e del DIVIETO DI FERMATA LATO SINISTRO strada di collegamento tra la S.P. 145 Cassano-Mercadante e l\u2019area pic-nic denominata \u201cTIC-TAC\u201d nella Foresta \u201cMercadante\u201d eccetto autorizzati (1\u00b0 accesso a sinistra Foresta Mercadante da S.P. 145);<\/p>\n<p><img decoding=\"async\" height=\"16\" width=\"16\" alt=\"\u2705\" src=\"https:\/\/static.xx.fbcdn.net\/images\/emoji.php\/v9\/t33\/1\/16\/2705.png\"\/>l\u2019istituzione del DOPPIO SENSO DI CIRCOLAZIONE e del DIVIETO DI FERMATA AMBO I LATI lungo la S.C. denominata \u201cLa Santermana\u201d, nel primo tratto di circa mt 500 compreso tra la S.P. 145 Cassano-Mercadante (2\u00b0 accesso a sinistra Foresta Mercadante da S.P. 145) e l\u2019area pic-nic denominata \u201cTIC-TAC\u201d nella Foresta \u201cMercadante\u201d;<\/p>\n<p><img decoding=\"async\" height=\"16\" width=\"16\" alt=\"\u2705\" src=\"https:\/\/static.xx.fbcdn.net\/images\/emoji.php\/v9\/t33\/1\/16\/2705.png\"\/>l\u2019istituzione del SENSO UNICO DI CIRCOLAZIONE e del DIVIETO DI FERMATA LATO SINISTRO della S.C. denominata \u201cLa Santermana\u201d nel tratto compreso tra l\u2019area pic-nic denominata \u201cTIC-TAC\u201d e la sala ricevimenti \u201cVilla Fano del Poggio\u201d con direzione S.P. 79 Altamura \u2013 Cassano;<\/p>\n<p><img decoding=\"async\" height=\"16\" width=\"16\" alt=\"\u2705\" src=\"https:\/\/static.xx.fbcdn.net\/images\/emoji.php\/v9\/t33\/1\/16\/2705.png\"\/> l\u2019istituzione del DOPPIO SENSO DI CIRCOLAZIONE e del DIVIETO DI FERMATA AMBO I LATI lungo la S.C. \u201cLa Santermana\u201d, nel tratto compreso tra la sala ricevimenti \u201cVilla Fano del Poggio\u201d e la S.P. 79 Altamura-Cassano;<\/p>\n<p><img decoding=\"async\" height=\"16\" width=\"16\" alt=\"\u2705\" src=\"https:\/\/static.xx.fbcdn.net\/images\/emoji.php\/v9\/t33\/1\/16\/2705.png\"\/> l\u2019istituzione del SENSO UNICO DI CIRCOLAZIONE e del DIVIETO DI FERMATA AMBO I LATI sulla direttrice interna della Foresta Mercadante nel tratto compreso tra la S.C. \u201cLa Santermana\u201d e la S.P. 18 Altamura-Mercadante, con direzione Fungipendola\u201d Contrada Visceglia\/Monsignore\u201d;<\/p>\n<p><img decoding=\"async\" height=\"16\" width=\"16\" alt=\"\u2705\" src=\"https:\/\/static.xx.fbcdn.net\/images\/emoji.php\/v9\/t33\/1\/16\/2705.png\"\/>l\u2019istituzione del DOPPIO SENSO DI CIRCOLAZIONE e del DIVIETO DI FERMATA AMBO I LATI sulla direttrice interna della Foresta Mercadante nel tratto compreso tra la S.C. \u201cLa Santermana\u201d e la S.P. 79 Altamura-Cassano con direzione strada \u201cLa Cristina\u201d \u2013 \u201cBase Agesci\u201d \u2013 \u201cC. da Iazzo Nuovo\u201d;<\/p>\n<p><img decoding=\"async\" height=\"16\" width=\"16\" alt=\"\u2705\" src=\"https:\/\/static.xx.fbcdn.net\/images\/emoji.php\/v9\/t33\/1\/16\/2705.png\"\/>l\u2019Istituzione del DIVIETO DI FERMATA AMBO I LATI, lungo tutte le arterie secondarie sterrate di servizio e di sicurezza ricadenti nel comprensorio della Foresta Demaniale di Mercadante;<\/p>\n<p><img decoding=\"async\" height=\"16\" width=\"16\" alt=\"\u2705\" src=\"https:\/\/static.xx.fbcdn.net\/images\/emoji.php\/v9\/t33\/1\/16\/2705.png\"\/>l\u2019Istituzione del DIVIETO DI FERMATA in corrispondenza dei cancelli metallici (di colore verde) di accesso alla viabilit\u00e0 di sicurezza ed emergenza nel comprensorio della Foresta Demaniale di Mercadante gestiti della Regione Puglia \u2013 Servizio Foreste \u2013 ARIF Puglia;<\/p>\n<p>I trasgressori sono soggetti alle sanzioni previste dal \u201cNuovo Codice della Strada\u201d, dal relativo Regolamento d\u2019Esecuzione, nonch\u00e9 dalle altre normative vigenti in materia.<\/p>\n<p><a class=\"a2a_button_facebook\" href=\"https:\/\/www.addtoany.com\/add_to\/facebook?linkurl=https%3A%2F%2Fcassano.lavocedelpaese.info%2Fpasquetta-a-mercadante-divieti-e-sensi-di-marcia%2F&amp;linkname=Pasquetta%20a%20Mercadante%3A%20divieti%20e%20sensi%20di%20marcia\" title=\"Facebook\" rel=\"nofollow noopener\" target=\"_blank\"><\/a><a class=\"a2a_button_twitter\" href=\"https:\/\/www.addtoany.com\/add_to\/twitter?linkurl=https%3A%2F%2Fcassano.lavocedelpaese.info%2Fpasquetta-a-mercadante-divieti-e-sensi-di-marcia%2F&amp;linkname=Pasquetta%20a%20Mercadante%3A%20divieti%20e%20sensi%20di%20marcia\" title=\"Twitter\" rel=\"nofollow noopener\" target=\"_blank\"><\/a><a class=\"a2a_button_whatsapp\" href=\"https:\/\/www.addtoany.com\/add_to\/whatsapp?linkurl=https%3A%2F%2Fcassano.lavocedelpaese.info%2Fpasquetta-a-mercadante-divieti-e-sensi-di-marcia%2F&amp;linkname=Pasquetta%20a%20Mercadante%3A%20divieti%20e%20sensi%20di%20marcia\" title=\"WhatsApp\" rel=\"nofollow noopener\" target=\"_blank\"><\/a><a class=\"a2a_button_telegram\" href=\"https:\/\/www.addtoany.com\/add_to\/telegram?linkurl=https%3A%2F%2Fcassano.lavocedelpaese.info%2Fpasquetta-a-mercadante-divieti-e-sensi-di-marcia%2F&amp;linkname=Pasquetta%20a%20Mercadante%3A%20divieti%20e%20sensi%20di%20marcia\" title=\"Telegram\" rel=\"nofollow noopener\" target=\"_blank\"><\/a><a class=\"a2a_button_email\" href=\"https:\/\/www.addtoany.com\/add_to\/email?linkurl=https%3A%2F%2Fcassano.lavocedelpaese.info%2Fpasquetta-a-mercadante-divieti-e-sensi-di-marcia%2F&amp;linkname=Pasquetta%20a%20Mercadante%3A%20divieti%20e%20sensi%20di%20marcia\" title=\"Email\" rel=\"nofollow noopener\" target=\"_blank\"><\/a><\/p>\n<p>\u00a0<\/p>\n<p>\u00a0<\/p>\n<p>\u200b\u00a0\u00a0\u00a0<\/p>","protected":false},"excerpt":{"rendered":"<p>\u00a0 \u200b\u00a0 \u200b\u00a0 In occasione del Luned\u00ec di Pasquetta essendo stato disposto in Prefettura il \u201cPiano Operativo per la gestione<\/p>\n","protected":false},"author":6,"featured_media":9192,"comment_status":"open","ping_status":"closed","sticky":false,"template":"","format":"standard","meta":{"colormag_page_container_layout":"default_layout","colormag_page_sidebar_layout":"default_layout","footnotes":""},"categories":[33],"tags":[],"class_list":["post-9191","post","type-post","status-publish","format-standard","has-post-thumbnail","hentry","category-network"],"yoast_head":"<!-- This site is optimized with the Yoast SEO plugin v27.5 - https:\/\/yoast.com\/product\/yoast-seo-wordpress\/ -->\n<title>Pasquetta a Mercadante: divieti e sensi di marcia\u00a0\u200b - La Voce del Paese<\/title>\n<meta name=\"robots\" content=\"index, follow, max-snippet:-1, max-image-preview:large, max-video-preview:-1\" \/>\n<link rel=\"canonical\" href=\"https:\/\/lavocedelpaese.info\/index.php\/2025\/04\/20\/pasquetta-a-mercadante-divieti-e-sensi-di-marcia\/\" \/>\n<meta property=\"og:locale\" content=\"it_IT\" \/>\n<meta property=\"og:type\" content=\"article\" \/>\n<meta property=\"og:title\" content=\"Pasquetta a Mercadante: divieti e sensi di marcia\u00a0\u200b - La Voce del Paese\" \/>\n<meta property=\"og:description\" content=\"\u00a0 \u200b\u00a0 \u200b\u00a0 In occasione del Luned\u00ec di Pasquetta essendo stato disposto in Prefettura il \u201cPiano Operativo per la gestione\" \/>\n<meta property=\"og:url\" content=\"https:\/\/lavocedelpaese.info\/index.php\/2025\/04\/20\/pasquetta-a-mercadante-divieti-e-sensi-di-marcia\/\" \/>\n<meta property=\"og:site_name\" content=\"La Voce del Paese\" \/>\n<meta property=\"article:publisher\" content=\"https:\/\/www.facebook.com\/lavocedelpaese.info\" \/>\n<meta property=\"article:published_time\" content=\"2025-04-20T22:14:15+00:00\" \/>\n<meta property=\"og:image\" content=\"https:\/\/static.xx.fbcdn.net\/images\/emoji.php\/v9\/tc\/1\/16\/1f449_1f3fb.png\" \/>\n<meta name=\"author\" content=\"admin\" \/>\n<meta name=\"twitter:card\" content=\"summary_large_image\" \/>\n<meta name=\"twitter:label1\" content=\"Scritto da\" \/>\n\t<meta name=\"twitter:data1\" content=\"admin\" \/>\n\t<meta name=\"twitter:label2\" content=\"Tempo di lettura stimato\" \/>\n\t<meta name=\"twitter:data2\" content=\"2 minuti\" \/>\n<script type=\"application\/ld+json\" class=\"yoast-schema-graph\">{\"@context\":\"https:\\\/\\\/schema.org\",\"@graph\":[{\"@type\":\"Article\",\"@id\":\"https:\\\/\\\/lavocedelpaese.info\\\/index.php\\\/2025\\\/04\\\/20\\\/pasquetta-a-mercadante-divieti-e-sensi-di-marcia\\\/#article\",\"isPartOf\":{\"@id\":\"https:\\\/\\\/lavocedelpaese.info\\\/index.php\\\/2025\\\/04\\\/20\\\/pasquetta-a-mercadante-divieti-e-sensi-di-marcia\\\/\"},\"author\":{\"name\":\"admin\",\"@id\":\"https:\\\/\\\/lavocedelpaese.info\\\/#\\\/schema\\\/person\\\/ec151d321306bd7591f7a061abf72d88\"},\"headline\":\"Pasquetta a Mercadante: divieti e sensi di marcia\u00a0\u200b\",\"datePublished\":\"2025-04-20T22:14:15+00:00\",\"mainEntityOfPage\":{\"@id\":\"https:\\\/\\\/lavocedelpaese.info\\\/index.php\\\/2025\\\/04\\\/20\\\/pasquetta-a-mercadante-divieti-e-sensi-di-marcia\\\/\"},\"wordCount\":501,\"commentCount\":0,\"publisher\":{\"@id\":\"https:\\\/\\\/lavocedelpaese.info\\\/#organization\"},\"image\":{\"@id\":\"https:\\\/\\\/lavocedelpaese.info\\\/index.php\\\/2025\\\/04\\\/20\\\/pasquetta-a-mercadante-divieti-e-sensi-di-marcia\\\/#primaryimage\"},\"thumbnailUrl\":\"https:\\\/\\\/lavocedelpaese.info\\\/wp-content\\\/uploads\\\/2025\\\/04\\\/1f449_1f3fb-Bjk2CY.png\",\"articleSection\":[\"network\"],\"inLanguage\":\"it-IT\",\"potentialAction\":[{\"@type\":\"CommentAction\",\"name\":\"Comment\",\"target\":[\"https:\\\/\\\/lavocedelpaese.info\\\/index.php\\\/2025\\\/04\\\/20\\\/pasquetta-a-mercadante-divieti-e-sensi-di-marcia\\\/#respond\"]}]},{\"@type\":\"WebPage\",\"@id\":\"https:\\\/\\\/lavocedelpaese.info\\\/index.php\\\/2025\\\/04\\\/20\\\/pasquetta-a-mercadante-divieti-e-sensi-di-marcia\\\/\",\"url\":\"https:\\\/\\\/lavocedelpaese.info\\\/index.php\\\/2025\\\/04\\\/20\\\/pasquetta-a-mercadante-divieti-e-sensi-di-marcia\\\/\",\"name\":\"Pasquetta a Mercadante: divieti e sensi di marcia\u00a0\u200b - La Voce del Paese\",\"isPartOf\":{\"@id\":\"https:\\\/\\\/lavocedelpaese.info\\\/#website\"},\"primaryImageOfPage\":{\"@id\":\"https:\\\/\\\/lavocedelpaese.info\\\/index.php\\\/2025\\\/04\\\/20\\\/pasquetta-a-mercadante-divieti-e-sensi-di-marcia\\\/#primaryimage\"},\"image\":{\"@id\":\"https:\\\/\\\/lavocedelpaese.info\\\/index.php\\\/2025\\\/04\\\/20\\\/pasquetta-a-mercadante-divieti-e-sensi-di-marcia\\\/#primaryimage\"},\"thumbnailUrl\":\"https:\\\/\\\/lavocedelpaese.info\\\/wp-content\\\/uploads\\\/2025\\\/04\\\/1f449_1f3fb-Bjk2CY.png\",\"datePublished\":\"2025-04-20T22:14:15+00:00\",\"breadcrumb\":{\"@id\":\"https:\\\/\\\/lavocedelpaese.info\\\/index.php\\\/2025\\\/04\\\/20\\\/pasquetta-a-mercadante-divieti-e-sensi-di-marcia\\\/#breadcrumb\"},\"inLanguage\":\"it-IT\",\"potentialAction\":[{\"@type\":\"ReadAction\",\"target\":[\"https:\\\/\\\/lavocedelpaese.info\\\/index.php\\\/2025\\\/04\\\/20\\\/pasquetta-a-mercadante-divieti-e-sensi-di-marcia\\\/\"]}]},{\"@type\":\"ImageObject\",\"inLanguage\":\"it-IT\",\"@id\":\"https:\\\/\\\/lavocedelpaese.info\\\/index.php\\\/2025\\\/04\\\/20\\\/pasquetta-a-mercadante-divieti-e-sensi-di-marcia\\\/#primaryimage\",\"url\":\"https:\\\/\\\/lavocedelpaese.info\\\/wp-content\\\/uploads\\\/2025\\\/04\\\/1f449_1f3fb-Bjk2CY.png\",\"contentUrl\":\"https:\\\/\\\/lavocedelpaese.info\\\/wp-content\\\/uploads\\\/2025\\\/04\\\/1f449_1f3fb-Bjk2CY.png\",\"width\":16,\"height\":16},{\"@type\":\"BreadcrumbList\",\"@id\":\"https:\\\/\\\/lavocedelpaese.info\\\/index.php\\\/2025\\\/04\\\/20\\\/pasquetta-a-mercadante-divieti-e-sensi-di-marcia\\\/#breadcrumb\",\"itemListElement\":[{\"@type\":\"ListItem\",\"position\":1,\"name\":\"Home\",\"item\":\"https:\\\/\\\/lavocedelpaese.info\\\/\"},{\"@type\":\"ListItem\",\"position\":2,\"name\":\"Pasquetta a Mercadante: divieti e sensi di marcia\u00a0\u200b\"}]},{\"@type\":\"WebSite\",\"@id\":\"https:\\\/\\\/lavocedelpaese.info\\\/#website\",\"url\":\"https:\\\/\\\/lavocedelpaese.info\\\/\",\"name\":\"La Voce del Paese\",\"description\":\"Un network di idee\",\"publisher\":{\"@id\":\"https:\\\/\\\/lavocedelpaese.info\\\/#organization\"},\"potentialAction\":[{\"@type\":\"SearchAction\",\"target\":{\"@type\":\"EntryPoint\",\"urlTemplate\":\"https:\\\/\\\/lavocedelpaese.info\\\/?s={search_term_string}\"},\"query-input\":{\"@type\":\"PropertyValueSpecification\",\"valueRequired\":true,\"valueName\":\"search_term_string\"}}],\"inLanguage\":\"it-IT\"},{\"@type\":\"Organization\",\"@id\":\"https:\\\/\\\/lavocedelpaese.info\\\/#organization\",\"name\":\"La Voce del Paese\",\"url\":\"https:\\\/\\\/lavocedelpaese.info\\\/\",\"logo\":{\"@type\":\"ImageObject\",\"inLanguage\":\"it-IT\",\"@id\":\"https:\\\/\\\/lavocedelpaese.info\\\/#\\\/schema\\\/logo\\\/image\\\/\",\"url\":\"https:\\\/\\\/lavocedelpaese.info\\\/wp-content\\\/uploads\\\/2023\\\/01\\\/cropped-logo-150-127.png\",\"contentUrl\":\"https:\\\/\\\/lavocedelpaese.info\\\/wp-content\\\/uploads\\\/2023\\\/01\\\/cropped-logo-150-127.png\",\"width\":137,\"height\":119,\"caption\":\"La Voce del Paese\"},\"image\":{\"@id\":\"https:\\\/\\\/lavocedelpaese.info\\\/#\\\/schema\\\/logo\\\/image\\\/\"},\"sameAs\":[\"https:\\\/\\\/www.facebook.com\\\/lavocedelpaese.info\"]},{\"@type\":\"Person\",\"@id\":\"https:\\\/\\\/lavocedelpaese.info\\\/#\\\/schema\\\/person\\\/ec151d321306bd7591f7a061abf72d88\",\"name\":\"admin\",\"image\":{\"@type\":\"ImageObject\",\"inLanguage\":\"it-IT\",\"@id\":\"https:\\\/\\\/secure.gravatar.com\\\/avatar\\\/af8f2caf0663124588de48a9380e07cbc95a74ef15b8062d0d39106c32fe3023?s=96&d=mm&r=g\",\"url\":\"https:\\\/\\\/secure.gravatar.com\\\/avatar\\\/af8f2caf0663124588de48a9380e07cbc95a74ef15b8062d0d39106c32fe3023?s=96&d=mm&r=g\",\"contentUrl\":\"https:\\\/\\\/secure.gravatar.com\\\/avatar\\\/af8f2caf0663124588de48a9380e07cbc95a74ef15b8062d0d39106c32fe3023?s=96&d=mm&r=g\",\"caption\":\"admin\"},\"sameAs\":[\"https:\\\/\\\/lavocedelpaese.info\"],\"url\":\"https:\\\/\\\/lavocedelpaese.info\\\/index.php\\\/author\\\/admin\\\/\"}]}<\/script>\n<!-- \/ Yoast SEO plugin. -->","yoast_head_json":{"title":"Pasquetta a Mercadante: divieti e sensi di marcia\u00a0\u200b - La Voce del Paese","robots":{"index":"index","follow":"follow","max-snippet":"max-snippet:-1","max-image-preview":"max-image-preview:large","max-video-preview":"max-video-preview:-1"},"canonical":"https:\/\/lavocedelpaese.info\/index.php\/2025\/04\/20\/pasquetta-a-mercadante-divieti-e-sensi-di-marcia\/","og_locale":"it_IT","og_type":"article","og_title":"Pasquetta a Mercadante: divieti e sensi di marcia\u00a0\u200b - La Voce del Paese","og_description":"\u00a0 \u200b\u00a0 \u200b\u00a0 In occasione del Luned\u00ec di Pasquetta essendo stato disposto in Prefettura il \u201cPiano Operativo per la gestione","og_url":"https:\/\/lavocedelpaese.info\/index.php\/2025\/04\/20\/pasquetta-a-mercadante-divieti-e-sensi-di-marcia\/","og_site_name":"La Voce del Paese","article_publisher":"https:\/\/www.facebook.com\/lavocedelpaese.info","article_published_time":"2025-04-20T22:14:15+00:00","og_image":[{"url":"https:\/\/static.xx.fbcdn.net\/images\/emoji.php\/v9\/tc\/1\/16\/1f449_1f3fb.png","type":"","width":"","height":""}],"author":"admin","twitter_card":"summary_large_image","twitter_misc":{"Scritto da":"admin","Tempo di lettura stimato":"2 minuti"},"schema":{"@context":"https:\/\/schema.org","@graph":[{"@type":"Article","@id":"https:\/\/lavocedelpaese.info\/index.php\/2025\/04\/20\/pasquetta-a-mercadante-divieti-e-sensi-di-marcia\/#article","isPartOf":{"@id":"https:\/\/lavocedelpaese.info\/index.php\/2025\/04\/20\/pasquetta-a-mercadante-divieti-e-sensi-di-marcia\/"},"author":{"name":"admin","@id":"https:\/\/lavocedelpaese.info\/#\/schema\/person\/ec151d321306bd7591f7a061abf72d88"},"headline":"Pasquetta a Mercadante: divieti e sensi di marcia\u00a0\u200b","datePublished":"2025-04-20T22:14:15+00:00","mainEntityOfPage":{"@id":"https:\/\/lavocedelpaese.info\/index.php\/2025\/04\/20\/pasquetta-a-mercadante-divieti-e-sensi-di-marcia\/"},"wordCount":501,"commentCount":0,"publisher":{"@id":"https:\/\/lavocedelpaese.info\/#organization"},"image":{"@id":"https:\/\/lavocedelpaese.info\/index.php\/2025\/04\/20\/pasquetta-a-mercadante-divieti-e-sensi-di-marcia\/#primaryimage"},"thumbnailUrl":"https:\/\/lavocedelpaese.info\/wp-content\/uploads\/2025\/04\/1f449_1f3fb-Bjk2CY.png","articleSection":["network"],"inLanguage":"it-IT","potentialAction":[{"@type":"CommentAction","name":"Comment","target":["https:\/\/lavocedelpaese.info\/index.php\/2025\/04\/20\/pasquetta-a-mercadante-divieti-e-sensi-di-marcia\/#respond"]}]},{"@type":"WebPage","@id":"https:\/\/lavocedelpaese.info\/index.php\/2025\/04\/20\/pasquetta-a-mercadante-divieti-e-sensi-di-marcia\/","url":"https:\/\/lavocedelpaese.info\/index.php\/2025\/04\/20\/pasquetta-a-mercadante-divieti-e-sensi-di-marcia\/","name":"Pasquetta a Mercadante: divieti e sensi di marcia\u00a0\u200b - La Voce del Paese","isPartOf":{"@id":"https:\/\/lavocedelpaese.info\/#website"},"primaryImageOfPage":{"@id":"https:\/\/lavocedelpaese.info\/index.php\/2025\/04\/20\/pasquetta-a-mercadante-divieti-e-sensi-di-marcia\/#primaryimage"},"image":{"@id":"https:\/\/lavocedelpaese.info\/index.php\/2025\/04\/20\/pasquetta-a-mercadante-divieti-e-sensi-di-marcia\/#primaryimage"},"thumbnailUrl":"https:\/\/lavocedelpaese.info\/wp-content\/uploads\/2025\/04\/1f449_1f3fb-Bjk2CY.png","datePublished":"2025-04-20T22:14:15+00:00","breadcrumb":{"@id":"https:\/\/lavocedelpaese.info\/index.php\/2025\/04\/20\/pasquetta-a-mercadante-divieti-e-sensi-di-marcia\/#breadcrumb"},"inLanguage":"it-IT","potentialAction":[{"@type":"ReadAction","target":["https:\/\/lavocedelpaese.info\/index.php\/2025\/04\/20\/pasquetta-a-mercadante-divieti-e-sensi-di-marcia\/"]}]},{"@type":"ImageObject","inLanguage":"it-IT","@id":"https:\/\/lavocedelpaese.info\/index.php\/2025\/04\/20\/pasquetta-a-mercadante-divieti-e-sensi-di-marcia\/#primaryimage","url":"https:\/\/lavocedelpaese.info\/wp-content\/uploads\/2025\/04\/1f449_1f3fb-Bjk2CY.png","contentUrl":"https:\/\/lavocedelpaese.info\/wp-content\/uploads\/2025\/04\/1f449_1f3fb-Bjk2CY.png","width":16,"height":16},{"@type":"BreadcrumbList","@id":"https:\/\/lavocedelpaese.info\/index.php\/2025\/04\/20\/pasquetta-a-mercadante-divieti-e-sensi-di-marcia\/#breadcrumb","itemListElement":[{"@type":"ListItem","position":1,"name":"Home","item":"https:\/\/lavocedelpaese.info\/"},{"@type":"ListItem","position":2,"name":"Pasquetta a Mercadante: divieti e sensi di marcia\u00a0\u200b"}]},{"@type":"WebSite","@id":"https:\/\/lavocedelpaese.info\/#website","url":"https:\/\/lavocedelpaese.info\/","name":"La Voce del Paese","description":"Un network di idee","publisher":{"@id":"https:\/\/lavocedelpaese.info\/#organization"},"potentialAction":[{"@type":"SearchAction","target":{"@type":"EntryPoint","urlTemplate":"https:\/\/lavocedelpaese.info\/?s={search_term_string}"},"query-input":{"@type":"PropertyValueSpecification","valueRequired":true,"valueName":"search_term_string"}}],"inLanguage":"it-IT"},{"@type":"Organization","@id":"https:\/\/lavocedelpaese.info\/#organization","name":"La Voce del Paese","url":"https:\/\/lavocedelpaese.info\/","logo":{"@type":"ImageObject","inLanguage":"it-IT","@id":"https:\/\/lavocedelpaese.info\/#\/schema\/logo\/image\/","url":"https:\/\/lavocedelpaese.info\/wp-content\/uploads\/2023\/01\/cropped-logo-150-127.png","contentUrl":"https:\/\/lavocedelpaese.info\/wp-content\/uploads\/2023\/01\/cropped-logo-150-127.png","width":137,"height":119,"caption":"La Voce del Paese"},"image":{"@id":"https:\/\/lavocedelpaese.info\/#\/schema\/logo\/image\/"},"sameAs":["https:\/\/www.facebook.com\/lavocedelpaese.info"]},{"@type":"Person","@id":"https:\/\/lavocedelpaese.info\/#\/schema\/person\/ec151d321306bd7591f7a061abf72d88","name":"admin","image":{"@type":"ImageObject","inLanguage":"it-IT","@id":"https:\/\/secure.gravatar.com\/avatar\/af8f2caf0663124588de48a9380e07cbc95a74ef15b8062d0d39106c32fe3023?s=96&d=mm&r=g","url":"https:\/\/secure.gravatar.com\/avatar\/af8f2caf0663124588de48a9380e07cbc95a74ef15b8062d0d39106c32fe3023?s=96&d=mm&r=g","contentUrl":"https:\/\/secure.gravatar.com\/avatar\/af8f2caf0663124588de48a9380e07cbc95a74ef15b8062d0d39106c32fe3023?s=96&d=mm&r=g","caption":"admin"},"sameAs":["https:\/\/lavocedelpaese.info"],"url":"https:\/\/lavocedelpaese.info\/index.php\/author\/admin\/"}]}},"_links":{"self":[{"href":"https:\/\/lavocedelpaese.info\/index.php\/wp-json\/wp\/v2\/posts\/9191","targetHints":{"allow":["GET"]}}],"collection":[{"href":"https:\/\/lavocedelpaese.info\/index.php\/wp-json\/wp\/v2\/posts"}],"about":[{"href":"https:\/\/lavocedelpaese.info\/index.php\/wp-json\/wp\/v2\/types\/post"}],"author":[{"embeddable":true,"href":"https:\/\/lavocedelpaese.info\/index.php\/wp-json\/wp\/v2\/users\/6"}],"replies":[{"embeddable":true,"href":"https:\/\/lavocedelpaese.info\/index.php\/wp-json\/wp\/v2\/comments?post=9191"}],"version-history":[{"count":0,"href":"https:\/\/lavocedelpaese.info\/index.php\/wp-json\/wp\/v2\/posts\/9191\/revisions"}],"wp:featuredmedia":[{"embeddable":true,"href":"https:\/\/lavocedelpaese.info\/index.php\/wp-json\/wp\/v2\/media\/9192"}],"wp:attachment":[{"href":"https:\/\/lavocedelpaese.info\/index.php\/wp-json\/wp\/v2\/media?parent=9191"}],"wp:term":[{"taxonomy":"category","embeddable":true,"href":"https:\/\/lavocedelpaese.info\/index.php\/wp-json\/wp\/v2\/categories?post=9191"},{"taxonomy":"post_tag","embeddable":true,"href":"https:\/\/lavocedelpaese.info\/index.php\/wp-json\/wp\/v2\/tags?post=9191"}],"curies":[{"name":"wp","href":"https:\/\/api.w.org\/{rel}","templated":true}]}}