{"id":9187,"date":"2025-04-19T15:14:10","date_gmt":"2025-04-19T15:14:10","guid":{"rendered":"https:\/\/lavocedelpaese.info\/index.php\/2025\/04\/19\/ad-altamura-un-nuovo-ambulatorio-sian\/"},"modified":"2025-04-19T15:14:10","modified_gmt":"2025-04-19T15:14:10","slug":"ad-altamura-un-nuovo-ambulatorio-sian","status":"publish","type":"post","link":"https:\/\/lavocedelpaese.info\/index.php\/2025\/04\/19\/ad-altamura-un-nuovo-ambulatorio-sian\/","title":{"rendered":"Ad Altamura un nuovo ambulatorio SIAN\u00a0\u200b"},"content":{"rendered":"<p>\u00a0<\/p>\n<p>\u200b\u00a0<\/p>\n<p>\u200b\u00a0<\/p>\n<p>La prevenzione come prima forma di cura della propria salute: ad ogni et\u00e0 e nei diversi contesti, dalla vita quotidiana, al lavoro e a scuola. E\u2019 il vasto campo d\u2019azione del nuovo Ambulatorio di Prevenzione Nutrizionale e Educazione Alimentare del Servizio Igiene degli Alimenti e della Nutrizione(SIAN) Area Nord, inaugurato quest\u2019oggi ad Altamura, nella sede di Piazza De Napoli.<\/p>\n<p>L\u2019ambulatorio \u00e8 la risposta tempestiva a quanto previsto dai nuovi LEA nell\u2019Area di intervento dedicata alla \u201cSorveglianza e prevenzione delle malattie croniche, inclusi la promozione di stili di vita sani ed i programmi organizzati di screening; sorveglianza e prevenzione nutrizionale\u201d, in particolare laddove si stabilisce di erogare prestazioni di counseling individuale per promuovere una sana alimentazione e per favorire stili di vita salutari.<\/p>\n<p>Al taglio del nastro sono intervenuti la direttrice sanitaria ASL Bari, Rosella Squicciarini, il direttore del Dipartimento di Prevenzione ASL Bari, Nicol\u00f2 Vincenzo De Pasquale, per l\u2019OMCEO Bari Pietro Scalera, delegato dal presidente Filippo Anelli, e la direttrice SIAN Area Nord Caterina Spinelli, assieme a Maria Grazia Forte, responsabile del servizio e Luigi Lorusso, presidente del Consiglio comunale.<\/p>\n<p>\u00abQuesto ambulatorio \u2013 ha commentato la direttrice sanitaria Rosella Squicciarini \u2013 nasce non solo dall\u2019esigenza di garantire quanto prescritto nei Livelli Essenziali di Assistenza, ma anche dalla capacit\u00e0 dei nostri servizi di prevenzione di leggere la realt\u00e0 attuale della societ\u00e0 del benessere, fornendo indicazioni e strumenti per modificare stili di vita e abitudini non corrette, soprattutto nel campo dell\u2019alimentazione, in cui sappiamo che adottare una dieta corretta\u00a0<em>\u00e8<\/em>\u00a0un validissimo strumento di\u00a0<em>prevenzione<\/em>\u00a0per molte malattie,\u00a0<em>e<\/em>\u00a0di gestione\u00a0<em>e\u00a0<\/em>trattamento in molte altre\u00bb.<\/p>\n<p>Il nuovo ambulatorio dispone di una stanza per visite e consulenze e di una sala di attesa per l\u2019utenza. Oltre al dirigente medico, l\u2019attivit\u00e0 \u00e8 garantita anche dalle due dietiste e dall\u2019assistente sanitaria. Alla popolazione in generale vengono offerti gratuitamente interventi di counseling nutrizionale individuale, familiare e di gruppo, per la prevenzione di patologie correlate all\u2019alimentazione e alla sedentariet\u00e0. Si tratta, in particolare, di sovrappeso, obesit\u00e0, malattie dismetaboliche, diabete, ipertensione, patologie cardiovascolari, patologie oncologiche, disturbi del comportamento alimentare, in cui nell\u2019ottica di promuovere la salute del singolo e della collettivit\u00e0, educare e sensibilizzare la popolazione ad una corretta alimentazione e pi\u00f9 in generale un corretto stile di vita.<\/p>\n<p>\u00abOggi fissiamo un tassello fondamentale \u2013 ha sottolineato Forte \u2013 che completa e arricchisce il Servizio di Igiene degli alimenti e della nutrizione dell\u2019Area Nord: la prevenzione nutrizionale e la promozione dell\u2019educazione alimentare. Un insieme di azioni che mirano a migliorare la salute della collettivit\u00e0 attraverso un\u2019alimentazione sana ed equilibrata e anche educare sia i pi\u00f9 piccoli che gli adulti al benessere del proprio corpo e alla consapevolezza che la corretta alimentazione e l\u2019adeguata attivit\u00e0 fisica sono i capisaldi della prevenzione e della vita in salute\u00bb.<\/p>\n<p>Gli operatori del servizio operano in stretto collegamento con pediatri di libera scelta e medici di medicina generale, soprattutto per la prevenzione e il contrasto al sovrappeso e obesit\u00e0 nei pi\u00f9 giovani ma anche negli adulti, in coerenza con quanto previsto nel Piano Regionale della prevenzione 2021-2025. Il counseling nutrizionale individuale, inoltre, \u00e8 assicurato in ambito lavorativo ai soggetti che presentano un elevato rischio cardiovascolare, in linea con il progetto \u201cNutriAmo il Cuore\u201d elaborato in attuazione degli obiettivi di salute sui luoghi di lavoro stabiliti a livello regionale.<\/p>\n<p>Per poter usufruire dei servizi, infine, \u00e8 previsto l\u2019accesso diretto all\u2019ambulatorio previa prenotazione telefonica ai seguenti numeri telefonici: 0805848148, 0805848122, 0805847901, 3663459891, oppure tramite email al seguente indirizzo:\u00a0<a href=\"mailto:prevenzione.nutrizionale.areanord@asl.bari.it\" target=\"_blank\" rel=\"noreferrer noopener\">prevenzione.nutrizionale.areanord@asl.bari.it<\/a>.<\/p>\n<p><a class=\"a2a_button_facebook\" href=\"https:\/\/www.addtoany.com\/add_to\/facebook?linkurl=https%3A%2F%2Fcassano.lavocedelpaese.info%2Fad-altamura-un-nuovo-ambulatorio-sian%2F&amp;linkname=Ad%20Altamura%20un%20nuovo%20ambulatorio%20SIAN\" title=\"Facebook\" rel=\"nofollow noopener\" target=\"_blank\"><\/a><a class=\"a2a_button_twitter\" href=\"https:\/\/www.addtoany.com\/add_to\/twitter?linkurl=https%3A%2F%2Fcassano.lavocedelpaese.info%2Fad-altamura-un-nuovo-ambulatorio-sian%2F&amp;linkname=Ad%20Altamura%20un%20nuovo%20ambulatorio%20SIAN\" title=\"Twitter\" rel=\"nofollow noopener\" target=\"_blank\"><\/a><a class=\"a2a_button_whatsapp\" href=\"https:\/\/www.addtoany.com\/add_to\/whatsapp?linkurl=https%3A%2F%2Fcassano.lavocedelpaese.info%2Fad-altamura-un-nuovo-ambulatorio-sian%2F&amp;linkname=Ad%20Altamura%20un%20nuovo%20ambulatorio%20SIAN\" title=\"WhatsApp\" rel=\"nofollow noopener\" target=\"_blank\"><\/a><a class=\"a2a_button_telegram\" href=\"https:\/\/www.addtoany.com\/add_to\/telegram?linkurl=https%3A%2F%2Fcassano.lavocedelpaese.info%2Fad-altamura-un-nuovo-ambulatorio-sian%2F&amp;linkname=Ad%20Altamura%20un%20nuovo%20ambulatorio%20SIAN\" title=\"Telegram\" rel=\"nofollow noopener\" target=\"_blank\"><\/a><a class=\"a2a_button_email\" href=\"https:\/\/www.addtoany.com\/add_to\/email?linkurl=https%3A%2F%2Fcassano.lavocedelpaese.info%2Fad-altamura-un-nuovo-ambulatorio-sian%2F&amp;linkname=Ad%20Altamura%20un%20nuovo%20ambulatorio%20SIAN\" title=\"Email\" rel=\"nofollow noopener\" target=\"_blank\"><\/a><\/p>\n<p>\u00a0<\/p>\n<p>\u00a0<\/p>\n<p>\u200b\u00a0\u00a0\u00a0<\/p>","protected":false},"excerpt":{"rendered":"<p>\u00a0 \u200b\u00a0 \u200b\u00a0 La prevenzione come prima forma di cura della propria salute: ad ogni et\u00e0 e nei diversi contesti,<\/p>\n","protected":false},"author":6,"featured_media":730,"comment_status":"open","ping_status":"closed","sticky":false,"template":"","format":"standard","meta":{"colormag_page_container_layout":"default_layout","colormag_page_sidebar_layout":"default_layout","footnotes":""},"categories":[33],"tags":[],"class_list":["post-9187","post","type-post","status-publish","format-standard","has-post-thumbnail","hentry","category-network"],"yoast_head":"<!-- This site is optimized with the Yoast SEO plugin v27.5 - https:\/\/yoast.com\/product\/yoast-seo-wordpress\/ -->\n<title>Ad Altamura un nuovo ambulatorio SIAN\u00a0\u200b - La Voce del Paese<\/title>\n<meta name=\"robots\" content=\"index, follow, max-snippet:-1, max-image-preview:large, max-video-preview:-1\" \/>\n<link rel=\"canonical\" href=\"https:\/\/lavocedelpaese.info\/index.php\/2025\/04\/19\/ad-altamura-un-nuovo-ambulatorio-sian\/\" \/>\n<meta property=\"og:locale\" content=\"it_IT\" \/>\n<meta property=\"og:type\" content=\"article\" \/>\n<meta property=\"og:title\" content=\"Ad Altamura un nuovo ambulatorio SIAN\u00a0\u200b - La Voce del Paese\" \/>\n<meta property=\"og:description\" content=\"\u00a0 \u200b\u00a0 \u200b\u00a0 La prevenzione come prima forma di cura della propria salute: ad ogni et\u00e0 e nei diversi contesti,\" \/>\n<meta property=\"og:url\" content=\"https:\/\/lavocedelpaese.info\/index.php\/2025\/04\/19\/ad-altamura-un-nuovo-ambulatorio-sian\/\" \/>\n<meta property=\"og:site_name\" content=\"La Voce del Paese\" \/>\n<meta property=\"article:publisher\" content=\"https:\/\/www.facebook.com\/lavocedelpaese.info\" \/>\n<meta property=\"article:published_time\" content=\"2025-04-19T15:14:10+00:00\" \/>\n<meta name=\"author\" content=\"admin\" \/>\n<meta name=\"twitter:card\" content=\"summary_large_image\" \/>\n<meta name=\"twitter:label1\" content=\"Scritto da\" \/>\n\t<meta name=\"twitter:data1\" content=\"admin\" \/>\n\t<meta name=\"twitter:label2\" content=\"Tempo di lettura stimato\" \/>\n\t<meta name=\"twitter:data2\" content=\"3 minuti\" \/>\n<script type=\"application\/ld+json\" class=\"yoast-schema-graph\">{\"@context\":\"https:\\\/\\\/schema.org\",\"@graph\":[{\"@type\":\"Article\",\"@id\":\"https:\\\/\\\/lavocedelpaese.info\\\/index.php\\\/2025\\\/04\\\/19\\\/ad-altamura-un-nuovo-ambulatorio-sian\\\/#article\",\"isPartOf\":{\"@id\":\"https:\\\/\\\/lavocedelpaese.info\\\/index.php\\\/2025\\\/04\\\/19\\\/ad-altamura-un-nuovo-ambulatorio-sian\\\/\"},\"author\":{\"name\":\"admin\",\"@id\":\"https:\\\/\\\/lavocedelpaese.info\\\/#\\\/schema\\\/person\\\/ec151d321306bd7591f7a061abf72d88\"},\"headline\":\"Ad Altamura un nuovo ambulatorio SIAN\u00a0\u200b\",\"datePublished\":\"2025-04-19T15:14:10+00:00\",\"mainEntityOfPage\":{\"@id\":\"https:\\\/\\\/lavocedelpaese.info\\\/index.php\\\/2025\\\/04\\\/19\\\/ad-altamura-un-nuovo-ambulatorio-sian\\\/\"},\"wordCount\":592,\"commentCount\":0,\"publisher\":{\"@id\":\"https:\\\/\\\/lavocedelpaese.info\\\/#organization\"},\"image\":{\"@id\":\"https:\\\/\\\/lavocedelpaese.info\\\/index.php\\\/2025\\\/04\\\/19\\\/ad-altamura-un-nuovo-ambulatorio-sian\\\/#primaryimage\"},\"thumbnailUrl\":\"https:\\\/\\\/lavocedelpaese.info\\\/wp-content\\\/uploads\\\/2023\\\/01\\\/logo-150-127.png\",\"articleSection\":[\"network\"],\"inLanguage\":\"it-IT\",\"potentialAction\":[{\"@type\":\"CommentAction\",\"name\":\"Comment\",\"target\":[\"https:\\\/\\\/lavocedelpaese.info\\\/index.php\\\/2025\\\/04\\\/19\\\/ad-altamura-un-nuovo-ambulatorio-sian\\\/#respond\"]}]},{\"@type\":\"WebPage\",\"@id\":\"https:\\\/\\\/lavocedelpaese.info\\\/index.php\\\/2025\\\/04\\\/19\\\/ad-altamura-un-nuovo-ambulatorio-sian\\\/\",\"url\":\"https:\\\/\\\/lavocedelpaese.info\\\/index.php\\\/2025\\\/04\\\/19\\\/ad-altamura-un-nuovo-ambulatorio-sian\\\/\",\"name\":\"Ad Altamura un nuovo ambulatorio SIAN\u00a0\u200b - La Voce del Paese\",\"isPartOf\":{\"@id\":\"https:\\\/\\\/lavocedelpaese.info\\\/#website\"},\"primaryImageOfPage\":{\"@id\":\"https:\\\/\\\/lavocedelpaese.info\\\/index.php\\\/2025\\\/04\\\/19\\\/ad-altamura-un-nuovo-ambulatorio-sian\\\/#primaryimage\"},\"image\":{\"@id\":\"https:\\\/\\\/lavocedelpaese.info\\\/index.php\\\/2025\\\/04\\\/19\\\/ad-altamura-un-nuovo-ambulatorio-sian\\\/#primaryimage\"},\"thumbnailUrl\":\"https:\\\/\\\/lavocedelpaese.info\\\/wp-content\\\/uploads\\\/2023\\\/01\\\/logo-150-127.png\",\"datePublished\":\"2025-04-19T15:14:10+00:00\",\"breadcrumb\":{\"@id\":\"https:\\\/\\\/lavocedelpaese.info\\\/index.php\\\/2025\\\/04\\\/19\\\/ad-altamura-un-nuovo-ambulatorio-sian\\\/#breadcrumb\"},\"inLanguage\":\"it-IT\",\"potentialAction\":[{\"@type\":\"ReadAction\",\"target\":[\"https:\\\/\\\/lavocedelpaese.info\\\/index.php\\\/2025\\\/04\\\/19\\\/ad-altamura-un-nuovo-ambulatorio-sian\\\/\"]}]},{\"@type\":\"ImageObject\",\"inLanguage\":\"it-IT\",\"@id\":\"https:\\\/\\\/lavocedelpaese.info\\\/index.php\\\/2025\\\/04\\\/19\\\/ad-altamura-un-nuovo-ambulatorio-sian\\\/#primaryimage\",\"url\":\"https:\\\/\\\/lavocedelpaese.info\\\/wp-content\\\/uploads\\\/2023\\\/01\\\/logo-150-127.png\",\"contentUrl\":\"https:\\\/\\\/lavocedelpaese.info\\\/wp-content\\\/uploads\\\/2023\\\/01\\\/logo-150-127.png\",\"width\":150,\"height\":127},{\"@type\":\"BreadcrumbList\",\"@id\":\"https:\\\/\\\/lavocedelpaese.info\\\/index.php\\\/2025\\\/04\\\/19\\\/ad-altamura-un-nuovo-ambulatorio-sian\\\/#breadcrumb\",\"itemListElement\":[{\"@type\":\"ListItem\",\"position\":1,\"name\":\"Home\",\"item\":\"https:\\\/\\\/lavocedelpaese.info\\\/\"},{\"@type\":\"ListItem\",\"position\":2,\"name\":\"Ad Altamura un nuovo ambulatorio SIAN\u00a0\u200b\"}]},{\"@type\":\"WebSite\",\"@id\":\"https:\\\/\\\/lavocedelpaese.info\\\/#website\",\"url\":\"https:\\\/\\\/lavocedelpaese.info\\\/\",\"name\":\"La Voce del Paese\",\"description\":\"Un network di idee\",\"publisher\":{\"@id\":\"https:\\\/\\\/lavocedelpaese.info\\\/#organization\"},\"potentialAction\":[{\"@type\":\"SearchAction\",\"target\":{\"@type\":\"EntryPoint\",\"urlTemplate\":\"https:\\\/\\\/lavocedelpaese.info\\\/?s={search_term_string}\"},\"query-input\":{\"@type\":\"PropertyValueSpecification\",\"valueRequired\":true,\"valueName\":\"search_term_string\"}}],\"inLanguage\":\"it-IT\"},{\"@type\":\"Organization\",\"@id\":\"https:\\\/\\\/lavocedelpaese.info\\\/#organization\",\"name\":\"La Voce del Paese\",\"url\":\"https:\\\/\\\/lavocedelpaese.info\\\/\",\"logo\":{\"@type\":\"ImageObject\",\"inLanguage\":\"it-IT\",\"@id\":\"https:\\\/\\\/lavocedelpaese.info\\\/#\\\/schema\\\/logo\\\/image\\\/\",\"url\":\"https:\\\/\\\/lavocedelpaese.info\\\/wp-content\\\/uploads\\\/2023\\\/01\\\/cropped-logo-150-127.png\",\"contentUrl\":\"https:\\\/\\\/lavocedelpaese.info\\\/wp-content\\\/uploads\\\/2023\\\/01\\\/cropped-logo-150-127.png\",\"width\":137,\"height\":119,\"caption\":\"La Voce del Paese\"},\"image\":{\"@id\":\"https:\\\/\\\/lavocedelpaese.info\\\/#\\\/schema\\\/logo\\\/image\\\/\"},\"sameAs\":[\"https:\\\/\\\/www.facebook.com\\\/lavocedelpaese.info\"]},{\"@type\":\"Person\",\"@id\":\"https:\\\/\\\/lavocedelpaese.info\\\/#\\\/schema\\\/person\\\/ec151d321306bd7591f7a061abf72d88\",\"name\":\"admin\",\"image\":{\"@type\":\"ImageObject\",\"inLanguage\":\"it-IT\",\"@id\":\"https:\\\/\\\/secure.gravatar.com\\\/avatar\\\/af8f2caf0663124588de48a9380e07cbc95a74ef15b8062d0d39106c32fe3023?s=96&d=mm&r=g\",\"url\":\"https:\\\/\\\/secure.gravatar.com\\\/avatar\\\/af8f2caf0663124588de48a9380e07cbc95a74ef15b8062d0d39106c32fe3023?s=96&d=mm&r=g\",\"contentUrl\":\"https:\\\/\\\/secure.gravatar.com\\\/avatar\\\/af8f2caf0663124588de48a9380e07cbc95a74ef15b8062d0d39106c32fe3023?s=96&d=mm&r=g\",\"caption\":\"admin\"},\"sameAs\":[\"https:\\\/\\\/lavocedelpaese.info\"],\"url\":\"https:\\\/\\\/lavocedelpaese.info\\\/index.php\\\/author\\\/admin\\\/\"}]}<\/script>\n<!-- \/ Yoast SEO plugin. -->","yoast_head_json":{"title":"Ad Altamura un nuovo ambulatorio SIAN\u00a0\u200b - La Voce del Paese","robots":{"index":"index","follow":"follow","max-snippet":"max-snippet:-1","max-image-preview":"max-image-preview:large","max-video-preview":"max-video-preview:-1"},"canonical":"https:\/\/lavocedelpaese.info\/index.php\/2025\/04\/19\/ad-altamura-un-nuovo-ambulatorio-sian\/","og_locale":"it_IT","og_type":"article","og_title":"Ad Altamura un nuovo ambulatorio SIAN\u00a0\u200b - La Voce del Paese","og_description":"\u00a0 \u200b\u00a0 \u200b\u00a0 La prevenzione come prima forma di cura della propria salute: ad ogni et\u00e0 e nei diversi contesti,","og_url":"https:\/\/lavocedelpaese.info\/index.php\/2025\/04\/19\/ad-altamura-un-nuovo-ambulatorio-sian\/","og_site_name":"La Voce del Paese","article_publisher":"https:\/\/www.facebook.com\/lavocedelpaese.info","article_published_time":"2025-04-19T15:14:10+00:00","author":"admin","twitter_card":"summary_large_image","twitter_misc":{"Scritto da":"admin","Tempo di lettura stimato":"3 minuti"},"schema":{"@context":"https:\/\/schema.org","@graph":[{"@type":"Article","@id":"https:\/\/lavocedelpaese.info\/index.php\/2025\/04\/19\/ad-altamura-un-nuovo-ambulatorio-sian\/#article","isPartOf":{"@id":"https:\/\/lavocedelpaese.info\/index.php\/2025\/04\/19\/ad-altamura-un-nuovo-ambulatorio-sian\/"},"author":{"name":"admin","@id":"https:\/\/lavocedelpaese.info\/#\/schema\/person\/ec151d321306bd7591f7a061abf72d88"},"headline":"Ad Altamura un nuovo ambulatorio SIAN\u00a0\u200b","datePublished":"2025-04-19T15:14:10+00:00","mainEntityOfPage":{"@id":"https:\/\/lavocedelpaese.info\/index.php\/2025\/04\/19\/ad-altamura-un-nuovo-ambulatorio-sian\/"},"wordCount":592,"commentCount":0,"publisher":{"@id":"https:\/\/lavocedelpaese.info\/#organization"},"image":{"@id":"https:\/\/lavocedelpaese.info\/index.php\/2025\/04\/19\/ad-altamura-un-nuovo-ambulatorio-sian\/#primaryimage"},"thumbnailUrl":"https:\/\/lavocedelpaese.info\/wp-content\/uploads\/2023\/01\/logo-150-127.png","articleSection":["network"],"inLanguage":"it-IT","potentialAction":[{"@type":"CommentAction","name":"Comment","target":["https:\/\/lavocedelpaese.info\/index.php\/2025\/04\/19\/ad-altamura-un-nuovo-ambulatorio-sian\/#respond"]}]},{"@type":"WebPage","@id":"https:\/\/lavocedelpaese.info\/index.php\/2025\/04\/19\/ad-altamura-un-nuovo-ambulatorio-sian\/","url":"https:\/\/lavocedelpaese.info\/index.php\/2025\/04\/19\/ad-altamura-un-nuovo-ambulatorio-sian\/","name":"Ad Altamura un nuovo ambulatorio SIAN\u00a0\u200b - La Voce del Paese","isPartOf":{"@id":"https:\/\/lavocedelpaese.info\/#website"},"primaryImageOfPage":{"@id":"https:\/\/lavocedelpaese.info\/index.php\/2025\/04\/19\/ad-altamura-un-nuovo-ambulatorio-sian\/#primaryimage"},"image":{"@id":"https:\/\/lavocedelpaese.info\/index.php\/2025\/04\/19\/ad-altamura-un-nuovo-ambulatorio-sian\/#primaryimage"},"thumbnailUrl":"https:\/\/lavocedelpaese.info\/wp-content\/uploads\/2023\/01\/logo-150-127.png","datePublished":"2025-04-19T15:14:10+00:00","breadcrumb":{"@id":"https:\/\/lavocedelpaese.info\/index.php\/2025\/04\/19\/ad-altamura-un-nuovo-ambulatorio-sian\/#breadcrumb"},"inLanguage":"it-IT","potentialAction":[{"@type":"ReadAction","target":["https:\/\/lavocedelpaese.info\/index.php\/2025\/04\/19\/ad-altamura-un-nuovo-ambulatorio-sian\/"]}]},{"@type":"ImageObject","inLanguage":"it-IT","@id":"https:\/\/lavocedelpaese.info\/index.php\/2025\/04\/19\/ad-altamura-un-nuovo-ambulatorio-sian\/#primaryimage","url":"https:\/\/lavocedelpaese.info\/wp-content\/uploads\/2023\/01\/logo-150-127.png","contentUrl":"https:\/\/lavocedelpaese.info\/wp-content\/uploads\/2023\/01\/logo-150-127.png","width":150,"height":127},{"@type":"BreadcrumbList","@id":"https:\/\/lavocedelpaese.info\/index.php\/2025\/04\/19\/ad-altamura-un-nuovo-ambulatorio-sian\/#breadcrumb","itemListElement":[{"@type":"ListItem","position":1,"name":"Home","item":"https:\/\/lavocedelpaese.info\/"},{"@type":"ListItem","position":2,"name":"Ad Altamura un nuovo ambulatorio SIAN\u00a0\u200b"}]},{"@type":"WebSite","@id":"https:\/\/lavocedelpaese.info\/#website","url":"https:\/\/lavocedelpaese.info\/","name":"La Voce del Paese","description":"Un network di idee","publisher":{"@id":"https:\/\/lavocedelpaese.info\/#organization"},"potentialAction":[{"@type":"SearchAction","target":{"@type":"EntryPoint","urlTemplate":"https:\/\/lavocedelpaese.info\/?s={search_term_string}"},"query-input":{"@type":"PropertyValueSpecification","valueRequired":true,"valueName":"search_term_string"}}],"inLanguage":"it-IT"},{"@type":"Organization","@id":"https:\/\/lavocedelpaese.info\/#organization","name":"La Voce del Paese","url":"https:\/\/lavocedelpaese.info\/","logo":{"@type":"ImageObject","inLanguage":"it-IT","@id":"https:\/\/lavocedelpaese.info\/#\/schema\/logo\/image\/","url":"https:\/\/lavocedelpaese.info\/wp-content\/uploads\/2023\/01\/cropped-logo-150-127.png","contentUrl":"https:\/\/lavocedelpaese.info\/wp-content\/uploads\/2023\/01\/cropped-logo-150-127.png","width":137,"height":119,"caption":"La Voce del Paese"},"image":{"@id":"https:\/\/lavocedelpaese.info\/#\/schema\/logo\/image\/"},"sameAs":["https:\/\/www.facebook.com\/lavocedelpaese.info"]},{"@type":"Person","@id":"https:\/\/lavocedelpaese.info\/#\/schema\/person\/ec151d321306bd7591f7a061abf72d88","name":"admin","image":{"@type":"ImageObject","inLanguage":"it-IT","@id":"https:\/\/secure.gravatar.com\/avatar\/af8f2caf0663124588de48a9380e07cbc95a74ef15b8062d0d39106c32fe3023?s=96&d=mm&r=g","url":"https:\/\/secure.gravatar.com\/avatar\/af8f2caf0663124588de48a9380e07cbc95a74ef15b8062d0d39106c32fe3023?s=96&d=mm&r=g","contentUrl":"https:\/\/secure.gravatar.com\/avatar\/af8f2caf0663124588de48a9380e07cbc95a74ef15b8062d0d39106c32fe3023?s=96&d=mm&r=g","caption":"admin"},"sameAs":["https:\/\/lavocedelpaese.info"],"url":"https:\/\/lavocedelpaese.info\/index.php\/author\/admin\/"}]}},"_links":{"self":[{"href":"https:\/\/lavocedelpaese.info\/index.php\/wp-json\/wp\/v2\/posts\/9187","targetHints":{"allow":["GET"]}}],"collection":[{"href":"https:\/\/lavocedelpaese.info\/index.php\/wp-json\/wp\/v2\/posts"}],"about":[{"href":"https:\/\/lavocedelpaese.info\/index.php\/wp-json\/wp\/v2\/types\/post"}],"author":[{"embeddable":true,"href":"https:\/\/lavocedelpaese.info\/index.php\/wp-json\/wp\/v2\/users\/6"}],"replies":[{"embeddable":true,"href":"https:\/\/lavocedelpaese.info\/index.php\/wp-json\/wp\/v2\/comments?post=9187"}],"version-history":[{"count":0,"href":"https:\/\/lavocedelpaese.info\/index.php\/wp-json\/wp\/v2\/posts\/9187\/revisions"}],"wp:featuredmedia":[{"embeddable":true,"href":"https:\/\/lavocedelpaese.info\/index.php\/wp-json\/wp\/v2\/media\/730"}],"wp:attachment":[{"href":"https:\/\/lavocedelpaese.info\/index.php\/wp-json\/wp\/v2\/media?parent=9187"}],"wp:term":[{"taxonomy":"category","embeddable":true,"href":"https:\/\/lavocedelpaese.info\/index.php\/wp-json\/wp\/v2\/categories?post=9187"},{"taxonomy":"post_tag","embeddable":true,"href":"https:\/\/lavocedelpaese.info\/index.php\/wp-json\/wp\/v2\/tags?post=9187"}],"curies":[{"name":"wp","href":"https:\/\/api.w.org\/{rel}","templated":true}]}}