{"id":9169,"date":"2025-04-16T11:15:18","date_gmt":"2025-04-16T11:15:18","guid":{"rendered":"https:\/\/lavocedelpaese.info\/index.php\/2025\/04\/16\/playoff-volley-a3-a-belluno-si-decide-il-futuro-della-joy-volley-gioia\/"},"modified":"2025-04-16T11:15:18","modified_gmt":"2025-04-16T11:15:18","slug":"playoff-volley-a3-a-belluno-si-decide-il-futuro-della-joy-volley-gioia","status":"publish","type":"post","link":"https:\/\/lavocedelpaese.info\/index.php\/2025\/04\/16\/playoff-volley-a3-a-belluno-si-decide-il-futuro-della-joy-volley-gioia\/","title":{"rendered":"Playoff volley A3. A Belluno si decide il futuro della Joy Volley Gioia\u00a0\u200b"},"content":{"rendered":"<p>\u00a0<\/p>\n<p>\u200b\u00a0<\/p>\n<p>\u200b\u00a0<\/p>\n<p><img decoding=\"async\" class=\"size-full wp-image-6051 alignleft\" src=\"https:\/\/gioia.lavocedelpaese.info\/wp-content\/uploads\/2025\/04\/491432807_18048057854368363_6357938139818834610_n.jpg\" alt=\"\" width=\"400\" height=\"430\"\/>\u201c\u00c8 arrivato il momento della verit\u00e0 nella serie di semifinale playoff contro il Volley Belluno.<\/p>\n<p>Questa sera, infatti, la Joy Volley far\u00e0 tappa alla VHV Arena che, a partire dalle ore 20:30, sar\u00e0 teatro dell\u2019attesissima e decisiva sfida contro Berger e compagni.<\/p>\n<p>Considerati i precedenti fra le due squadre (una vittoria a testa), il valore di entrambi gli organici e l\u2019importanza della posta in palio, gara 3 si preannuncia combattuta e incerta, un altro bellissimo spot per l\u2019avvincente campionato di serie A3 Credem Banca.<\/p>\n<p>Con il morale alto ed un sogno nel cuore da realizzare, quello di staccare il pass per la prestigiosa finale contro la vincente tra Romeo Sorrento ed ErmGroup Altotevere San Giustino, capitan Mariano e compagni proveranno a ripetere la prestazione maiuscola sfoggiata tre giorni fa al PalaCapurso, fatta di coraggio, sacrificio, cuore e tanta determinazione.<\/p>\n<p><img decoding=\"async\" class=\"size-full wp-image-6052 alignright\" src=\"https:\/\/gioia.lavocedelpaese.info\/wp-content\/uploads\/2025\/04\/491502642_18048057863368363_7816588927394209648_n.jpg\" alt=\"\" width=\"400\" height=\"430\"\/>\u201cI playoff sono cos\u00ec: neanche il tempo di gioire per un successo che gi\u00e0 devi scendere in campo per provare a vincere un\u2019altra partita \u2013 dichiara il libero biancorosso Francesco Pierri -. Gara 2 \u00e8 stata una partita al cardiopalma, che ha regalato emozioni fortissime. Vincere il primo set in rimonta ci ha dato tanto morale per il prosieguo del match. Recuperare cos\u00ec tanti punti nella parte finale di un set non \u00e8 da tutti. \u00c8 la dimostrazione del nostro valore, della forza di questo gruppo che non hai mai mollato nei momenti di difficolt\u00e0 \u2013 ci spiega -. Ci attende una sfida complicata, contro avversari forti che avranno dalla loro parte il fattore campo. Servir\u00e0 un\u2019altra grande prestazione per batterli. Una prova solida e concreta. Dovremo far bene le cose semplici e, nel corso dell\u2019intera gara, esprimere la nostra pallavolo migliore. Anche questa sera ci sar\u00e0 da lottare su ogni pallone \u2013 conclude -. Siamo pronti alla sfida. Daremo il massimo per passare il turno\u201d.<\/p>\n<p>Gli arbitri dell\u2019incontro saranno Barbara Manzoni e David Kronaj.<\/p>\n<p>A partire dalle ore 20:30, il match sar\u00e0 trasmesso in diretta sul canale YouTube della Lega Pallavolo Serie A\u201d.<\/p>\n<p><strong>Gianluca Falcone<\/strong><\/p>\n<p>Ufficio Stampa Joy Volley Gioia<\/p>\n<p><a class=\"a2a_button_facebook\" href=\"https:\/\/www.addtoany.com\/add_to\/facebook?linkurl=https%3A%2F%2Fgioia.lavocedelpaese.info%2Findex.php%2F2025%2F04%2F16%2Fplayoff-volley-a3-a-belluno-si-decide-il-futuro-della-joy-volley-gioia%2F&amp;linkname=Playoff%20volley%20A3.%20A%20Belluno%20si%20decide%20il%20futuro%20della%20Joy%20Volley%20Gioia\" title=\"Facebook\" rel=\"nofollow noopener\" target=\"_blank\"><\/a><a class=\"a2a_button_twitter\" href=\"https:\/\/www.addtoany.com\/add_to\/twitter?linkurl=https%3A%2F%2Fgioia.lavocedelpaese.info%2Findex.php%2F2025%2F04%2F16%2Fplayoff-volley-a3-a-belluno-si-decide-il-futuro-della-joy-volley-gioia%2F&amp;linkname=Playoff%20volley%20A3.%20A%20Belluno%20si%20decide%20il%20futuro%20della%20Joy%20Volley%20Gioia\" title=\"Twitter\" rel=\"nofollow noopener\" target=\"_blank\"><\/a><a class=\"a2a_button_whatsapp\" href=\"https:\/\/www.addtoany.com\/add_to\/whatsapp?linkurl=https%3A%2F%2Fgioia.lavocedelpaese.info%2Findex.php%2F2025%2F04%2F16%2Fplayoff-volley-a3-a-belluno-si-decide-il-futuro-della-joy-volley-gioia%2F&amp;linkname=Playoff%20volley%20A3.%20A%20Belluno%20si%20decide%20il%20futuro%20della%20Joy%20Volley%20Gioia\" title=\"WhatsApp\" rel=\"nofollow noopener\" target=\"_blank\"><\/a><a class=\"a2a_button_telegram\" href=\"https:\/\/www.addtoany.com\/add_to\/telegram?linkurl=https%3A%2F%2Fgioia.lavocedelpaese.info%2Findex.php%2F2025%2F04%2F16%2Fplayoff-volley-a3-a-belluno-si-decide-il-futuro-della-joy-volley-gioia%2F&amp;linkname=Playoff%20volley%20A3.%20A%20Belluno%20si%20decide%20il%20futuro%20della%20Joy%20Volley%20Gioia\" title=\"Telegram\" rel=\"nofollow noopener\" target=\"_blank\"><\/a><a class=\"a2a_button_email\" href=\"https:\/\/www.addtoany.com\/add_to\/email?linkurl=https%3A%2F%2Fgioia.lavocedelpaese.info%2Findex.php%2F2025%2F04%2F16%2Fplayoff-volley-a3-a-belluno-si-decide-il-futuro-della-joy-volley-gioia%2F&amp;linkname=Playoff%20volley%20A3.%20A%20Belluno%20si%20decide%20il%20futuro%20della%20Joy%20Volley%20Gioia\" title=\"Email\" rel=\"nofollow noopener\" target=\"_blank\"><\/a><\/p>\n<p>\u00a0<\/p>\n<p>\u00a0<\/p>\n<p>\u200b\u00a0\u00a0\u00a0<\/p>","protected":false},"excerpt":{"rendered":"<p>\u00a0 \u200b\u00a0 \u200b\u00a0 \u201c\u00c8 arrivato il momento della verit\u00e0 nella serie di semifinale playoff contro il Volley Belluno. Questa sera,<\/p>\n","protected":false},"author":6,"featured_media":9170,"comment_status":"open","ping_status":"closed","sticky":false,"template":"","format":"standard","meta":{"colormag_page_container_layout":"default_layout","colormag_page_sidebar_layout":"default_layout","footnotes":""},"categories":[33],"tags":[],"class_list":["post-9169","post","type-post","status-publish","format-standard","has-post-thumbnail","hentry","category-network"],"yoast_head":"<!-- This site is optimized with the Yoast SEO plugin v27.5 - https:\/\/yoast.com\/product\/yoast-seo-wordpress\/ -->\n<title>Playoff volley A3. A Belluno si decide il futuro della Joy Volley Gioia\u00a0\u200b - La Voce del Paese<\/title>\n<meta name=\"robots\" content=\"index, follow, max-snippet:-1, max-image-preview:large, max-video-preview:-1\" \/>\n<link rel=\"canonical\" href=\"https:\/\/lavocedelpaese.info\/index.php\/2025\/04\/16\/playoff-volley-a3-a-belluno-si-decide-il-futuro-della-joy-volley-gioia\/\" \/>\n<meta property=\"og:locale\" content=\"it_IT\" \/>\n<meta property=\"og:type\" content=\"article\" \/>\n<meta property=\"og:title\" content=\"Playoff volley A3. A Belluno si decide il futuro della Joy Volley Gioia\u00a0\u200b - La Voce del Paese\" \/>\n<meta property=\"og:description\" content=\"\u00a0 \u200b\u00a0 \u200b\u00a0 \u201c\u00c8 arrivato il momento della verit\u00e0 nella serie di semifinale playoff contro il Volley Belluno. Questa sera,\" \/>\n<meta property=\"og:url\" content=\"https:\/\/lavocedelpaese.info\/index.php\/2025\/04\/16\/playoff-volley-a3-a-belluno-si-decide-il-futuro-della-joy-volley-gioia\/\" \/>\n<meta property=\"og:site_name\" content=\"La Voce del Paese\" \/>\n<meta property=\"article:publisher\" content=\"https:\/\/www.facebook.com\/lavocedelpaese.info\" \/>\n<meta property=\"article:published_time\" content=\"2025-04-16T11:15:18+00:00\" \/>\n<meta name=\"author\" content=\"admin\" \/>\n<meta name=\"twitter:card\" content=\"summary_large_image\" \/>\n<meta name=\"twitter:label1\" content=\"Scritto da\" \/>\n\t<meta name=\"twitter:data1\" content=\"admin\" \/>\n\t<meta name=\"twitter:label2\" content=\"Tempo di lettura stimato\" \/>\n\t<meta name=\"twitter:data2\" content=\"2 minuti\" \/>\n<script type=\"application\/ld+json\" class=\"yoast-schema-graph\">{\"@context\":\"https:\\\/\\\/schema.org\",\"@graph\":[{\"@type\":\"Article\",\"@id\":\"https:\\\/\\\/lavocedelpaese.info\\\/index.php\\\/2025\\\/04\\\/16\\\/playoff-volley-a3-a-belluno-si-decide-il-futuro-della-joy-volley-gioia\\\/#article\",\"isPartOf\":{\"@id\":\"https:\\\/\\\/lavocedelpaese.info\\\/index.php\\\/2025\\\/04\\\/16\\\/playoff-volley-a3-a-belluno-si-decide-il-futuro-della-joy-volley-gioia\\\/\"},\"author\":{\"name\":\"admin\",\"@id\":\"https:\\\/\\\/lavocedelpaese.info\\\/#\\\/schema\\\/person\\\/ec151d321306bd7591f7a061abf72d88\"},\"headline\":\"Playoff volley A3. A Belluno si decide il futuro della Joy Volley Gioia\u00a0\u200b\",\"datePublished\":\"2025-04-16T11:15:18+00:00\",\"mainEntityOfPage\":{\"@id\":\"https:\\\/\\\/lavocedelpaese.info\\\/index.php\\\/2025\\\/04\\\/16\\\/playoff-volley-a3-a-belluno-si-decide-il-futuro-della-joy-volley-gioia\\\/\"},\"wordCount\":349,\"commentCount\":0,\"publisher\":{\"@id\":\"https:\\\/\\\/lavocedelpaese.info\\\/#organization\"},\"image\":{\"@id\":\"https:\\\/\\\/lavocedelpaese.info\\\/index.php\\\/2025\\\/04\\\/16\\\/playoff-volley-a3-a-belluno-si-decide-il-futuro-della-joy-volley-gioia\\\/#primaryimage\"},\"thumbnailUrl\":\"https:\\\/\\\/lavocedelpaese.info\\\/wp-content\\\/uploads\\\/2025\\\/04\\\/491432807_18048057854368363_6357938139818834610_n-w5cPDa.jpg\",\"articleSection\":[\"network\"],\"inLanguage\":\"it-IT\",\"potentialAction\":[{\"@type\":\"CommentAction\",\"name\":\"Comment\",\"target\":[\"https:\\\/\\\/lavocedelpaese.info\\\/index.php\\\/2025\\\/04\\\/16\\\/playoff-volley-a3-a-belluno-si-decide-il-futuro-della-joy-volley-gioia\\\/#respond\"]}]},{\"@type\":\"WebPage\",\"@id\":\"https:\\\/\\\/lavocedelpaese.info\\\/index.php\\\/2025\\\/04\\\/16\\\/playoff-volley-a3-a-belluno-si-decide-il-futuro-della-joy-volley-gioia\\\/\",\"url\":\"https:\\\/\\\/lavocedelpaese.info\\\/index.php\\\/2025\\\/04\\\/16\\\/playoff-volley-a3-a-belluno-si-decide-il-futuro-della-joy-volley-gioia\\\/\",\"name\":\"Playoff volley A3. A Belluno si decide il futuro della Joy Volley Gioia\u00a0\u200b - La Voce del Paese\",\"isPartOf\":{\"@id\":\"https:\\\/\\\/lavocedelpaese.info\\\/#website\"},\"primaryImageOfPage\":{\"@id\":\"https:\\\/\\\/lavocedelpaese.info\\\/index.php\\\/2025\\\/04\\\/16\\\/playoff-volley-a3-a-belluno-si-decide-il-futuro-della-joy-volley-gioia\\\/#primaryimage\"},\"image\":{\"@id\":\"https:\\\/\\\/lavocedelpaese.info\\\/index.php\\\/2025\\\/04\\\/16\\\/playoff-volley-a3-a-belluno-si-decide-il-futuro-della-joy-volley-gioia\\\/#primaryimage\"},\"thumbnailUrl\":\"https:\\\/\\\/lavocedelpaese.info\\\/wp-content\\\/uploads\\\/2025\\\/04\\\/491432807_18048057854368363_6357938139818834610_n-w5cPDa.jpg\",\"datePublished\":\"2025-04-16T11:15:18+00:00\",\"breadcrumb\":{\"@id\":\"https:\\\/\\\/lavocedelpaese.info\\\/index.php\\\/2025\\\/04\\\/16\\\/playoff-volley-a3-a-belluno-si-decide-il-futuro-della-joy-volley-gioia\\\/#breadcrumb\"},\"inLanguage\":\"it-IT\",\"potentialAction\":[{\"@type\":\"ReadAction\",\"target\":[\"https:\\\/\\\/lavocedelpaese.info\\\/index.php\\\/2025\\\/04\\\/16\\\/playoff-volley-a3-a-belluno-si-decide-il-futuro-della-joy-volley-gioia\\\/\"]}]},{\"@type\":\"ImageObject\",\"inLanguage\":\"it-IT\",\"@id\":\"https:\\\/\\\/lavocedelpaese.info\\\/index.php\\\/2025\\\/04\\\/16\\\/playoff-volley-a3-a-belluno-si-decide-il-futuro-della-joy-volley-gioia\\\/#primaryimage\",\"url\":\"https:\\\/\\\/lavocedelpaese.info\\\/wp-content\\\/uploads\\\/2025\\\/04\\\/491432807_18048057854368363_6357938139818834610_n-w5cPDa.jpg\",\"contentUrl\":\"https:\\\/\\\/lavocedelpaese.info\\\/wp-content\\\/uploads\\\/2025\\\/04\\\/491432807_18048057854368363_6357938139818834610_n-w5cPDa.jpg\",\"width\":744,\"height\":800},{\"@type\":\"BreadcrumbList\",\"@id\":\"https:\\\/\\\/lavocedelpaese.info\\\/index.php\\\/2025\\\/04\\\/16\\\/playoff-volley-a3-a-belluno-si-decide-il-futuro-della-joy-volley-gioia\\\/#breadcrumb\",\"itemListElement\":[{\"@type\":\"ListItem\",\"position\":1,\"name\":\"Home\",\"item\":\"https:\\\/\\\/lavocedelpaese.info\\\/\"},{\"@type\":\"ListItem\",\"position\":2,\"name\":\"Playoff volley A3. A Belluno si decide il futuro della Joy Volley Gioia\u00a0\u200b\"}]},{\"@type\":\"WebSite\",\"@id\":\"https:\\\/\\\/lavocedelpaese.info\\\/#website\",\"url\":\"https:\\\/\\\/lavocedelpaese.info\\\/\",\"name\":\"La Voce del Paese\",\"description\":\"Un network di idee\",\"publisher\":{\"@id\":\"https:\\\/\\\/lavocedelpaese.info\\\/#organization\"},\"potentialAction\":[{\"@type\":\"SearchAction\",\"target\":{\"@type\":\"EntryPoint\",\"urlTemplate\":\"https:\\\/\\\/lavocedelpaese.info\\\/?s={search_term_string}\"},\"query-input\":{\"@type\":\"PropertyValueSpecification\",\"valueRequired\":true,\"valueName\":\"search_term_string\"}}],\"inLanguage\":\"it-IT\"},{\"@type\":\"Organization\",\"@id\":\"https:\\\/\\\/lavocedelpaese.info\\\/#organization\",\"name\":\"La Voce del Paese\",\"url\":\"https:\\\/\\\/lavocedelpaese.info\\\/\",\"logo\":{\"@type\":\"ImageObject\",\"inLanguage\":\"it-IT\",\"@id\":\"https:\\\/\\\/lavocedelpaese.info\\\/#\\\/schema\\\/logo\\\/image\\\/\",\"url\":\"https:\\\/\\\/lavocedelpaese.info\\\/wp-content\\\/uploads\\\/2023\\\/01\\\/cropped-logo-150-127.png\",\"contentUrl\":\"https:\\\/\\\/lavocedelpaese.info\\\/wp-content\\\/uploads\\\/2023\\\/01\\\/cropped-logo-150-127.png\",\"width\":137,\"height\":119,\"caption\":\"La Voce del Paese\"},\"image\":{\"@id\":\"https:\\\/\\\/lavocedelpaese.info\\\/#\\\/schema\\\/logo\\\/image\\\/\"},\"sameAs\":[\"https:\\\/\\\/www.facebook.com\\\/lavocedelpaese.info\"]},{\"@type\":\"Person\",\"@id\":\"https:\\\/\\\/lavocedelpaese.info\\\/#\\\/schema\\\/person\\\/ec151d321306bd7591f7a061abf72d88\",\"name\":\"admin\",\"image\":{\"@type\":\"ImageObject\",\"inLanguage\":\"it-IT\",\"@id\":\"https:\\\/\\\/secure.gravatar.com\\\/avatar\\\/af8f2caf0663124588de48a9380e07cbc95a74ef15b8062d0d39106c32fe3023?s=96&d=mm&r=g\",\"url\":\"https:\\\/\\\/secure.gravatar.com\\\/avatar\\\/af8f2caf0663124588de48a9380e07cbc95a74ef15b8062d0d39106c32fe3023?s=96&d=mm&r=g\",\"contentUrl\":\"https:\\\/\\\/secure.gravatar.com\\\/avatar\\\/af8f2caf0663124588de48a9380e07cbc95a74ef15b8062d0d39106c32fe3023?s=96&d=mm&r=g\",\"caption\":\"admin\"},\"sameAs\":[\"https:\\\/\\\/lavocedelpaese.info\"],\"url\":\"https:\\\/\\\/lavocedelpaese.info\\\/index.php\\\/author\\\/admin\\\/\"}]}<\/script>\n<!-- \/ Yoast SEO plugin. -->","yoast_head_json":{"title":"Playoff volley A3. A Belluno si decide il futuro della Joy Volley Gioia\u00a0\u200b - La Voce del Paese","robots":{"index":"index","follow":"follow","max-snippet":"max-snippet:-1","max-image-preview":"max-image-preview:large","max-video-preview":"max-video-preview:-1"},"canonical":"https:\/\/lavocedelpaese.info\/index.php\/2025\/04\/16\/playoff-volley-a3-a-belluno-si-decide-il-futuro-della-joy-volley-gioia\/","og_locale":"it_IT","og_type":"article","og_title":"Playoff volley A3. A Belluno si decide il futuro della Joy Volley Gioia\u00a0\u200b - La Voce del Paese","og_description":"\u00a0 \u200b\u00a0 \u200b\u00a0 \u201c\u00c8 arrivato il momento della verit\u00e0 nella serie di semifinale playoff contro il Volley Belluno. Questa sera,","og_url":"https:\/\/lavocedelpaese.info\/index.php\/2025\/04\/16\/playoff-volley-a3-a-belluno-si-decide-il-futuro-della-joy-volley-gioia\/","og_site_name":"La Voce del Paese","article_publisher":"https:\/\/www.facebook.com\/lavocedelpaese.info","article_published_time":"2025-04-16T11:15:18+00:00","author":"admin","twitter_card":"summary_large_image","twitter_misc":{"Scritto da":"admin","Tempo di lettura stimato":"2 minuti"},"schema":{"@context":"https:\/\/schema.org","@graph":[{"@type":"Article","@id":"https:\/\/lavocedelpaese.info\/index.php\/2025\/04\/16\/playoff-volley-a3-a-belluno-si-decide-il-futuro-della-joy-volley-gioia\/#article","isPartOf":{"@id":"https:\/\/lavocedelpaese.info\/index.php\/2025\/04\/16\/playoff-volley-a3-a-belluno-si-decide-il-futuro-della-joy-volley-gioia\/"},"author":{"name":"admin","@id":"https:\/\/lavocedelpaese.info\/#\/schema\/person\/ec151d321306bd7591f7a061abf72d88"},"headline":"Playoff volley A3. A Belluno si decide il futuro della Joy Volley Gioia\u00a0\u200b","datePublished":"2025-04-16T11:15:18+00:00","mainEntityOfPage":{"@id":"https:\/\/lavocedelpaese.info\/index.php\/2025\/04\/16\/playoff-volley-a3-a-belluno-si-decide-il-futuro-della-joy-volley-gioia\/"},"wordCount":349,"commentCount":0,"publisher":{"@id":"https:\/\/lavocedelpaese.info\/#organization"},"image":{"@id":"https:\/\/lavocedelpaese.info\/index.php\/2025\/04\/16\/playoff-volley-a3-a-belluno-si-decide-il-futuro-della-joy-volley-gioia\/#primaryimage"},"thumbnailUrl":"https:\/\/lavocedelpaese.info\/wp-content\/uploads\/2025\/04\/491432807_18048057854368363_6357938139818834610_n-w5cPDa.jpg","articleSection":["network"],"inLanguage":"it-IT","potentialAction":[{"@type":"CommentAction","name":"Comment","target":["https:\/\/lavocedelpaese.info\/index.php\/2025\/04\/16\/playoff-volley-a3-a-belluno-si-decide-il-futuro-della-joy-volley-gioia\/#respond"]}]},{"@type":"WebPage","@id":"https:\/\/lavocedelpaese.info\/index.php\/2025\/04\/16\/playoff-volley-a3-a-belluno-si-decide-il-futuro-della-joy-volley-gioia\/","url":"https:\/\/lavocedelpaese.info\/index.php\/2025\/04\/16\/playoff-volley-a3-a-belluno-si-decide-il-futuro-della-joy-volley-gioia\/","name":"Playoff volley A3. A Belluno si decide il futuro della Joy Volley Gioia\u00a0\u200b - La Voce del Paese","isPartOf":{"@id":"https:\/\/lavocedelpaese.info\/#website"},"primaryImageOfPage":{"@id":"https:\/\/lavocedelpaese.info\/index.php\/2025\/04\/16\/playoff-volley-a3-a-belluno-si-decide-il-futuro-della-joy-volley-gioia\/#primaryimage"},"image":{"@id":"https:\/\/lavocedelpaese.info\/index.php\/2025\/04\/16\/playoff-volley-a3-a-belluno-si-decide-il-futuro-della-joy-volley-gioia\/#primaryimage"},"thumbnailUrl":"https:\/\/lavocedelpaese.info\/wp-content\/uploads\/2025\/04\/491432807_18048057854368363_6357938139818834610_n-w5cPDa.jpg","datePublished":"2025-04-16T11:15:18+00:00","breadcrumb":{"@id":"https:\/\/lavocedelpaese.info\/index.php\/2025\/04\/16\/playoff-volley-a3-a-belluno-si-decide-il-futuro-della-joy-volley-gioia\/#breadcrumb"},"inLanguage":"it-IT","potentialAction":[{"@type":"ReadAction","target":["https:\/\/lavocedelpaese.info\/index.php\/2025\/04\/16\/playoff-volley-a3-a-belluno-si-decide-il-futuro-della-joy-volley-gioia\/"]}]},{"@type":"ImageObject","inLanguage":"it-IT","@id":"https:\/\/lavocedelpaese.info\/index.php\/2025\/04\/16\/playoff-volley-a3-a-belluno-si-decide-il-futuro-della-joy-volley-gioia\/#primaryimage","url":"https:\/\/lavocedelpaese.info\/wp-content\/uploads\/2025\/04\/491432807_18048057854368363_6357938139818834610_n-w5cPDa.jpg","contentUrl":"https:\/\/lavocedelpaese.info\/wp-content\/uploads\/2025\/04\/491432807_18048057854368363_6357938139818834610_n-w5cPDa.jpg","width":744,"height":800},{"@type":"BreadcrumbList","@id":"https:\/\/lavocedelpaese.info\/index.php\/2025\/04\/16\/playoff-volley-a3-a-belluno-si-decide-il-futuro-della-joy-volley-gioia\/#breadcrumb","itemListElement":[{"@type":"ListItem","position":1,"name":"Home","item":"https:\/\/lavocedelpaese.info\/"},{"@type":"ListItem","position":2,"name":"Playoff volley A3. A Belluno si decide il futuro della Joy Volley Gioia\u00a0\u200b"}]},{"@type":"WebSite","@id":"https:\/\/lavocedelpaese.info\/#website","url":"https:\/\/lavocedelpaese.info\/","name":"La Voce del Paese","description":"Un network di idee","publisher":{"@id":"https:\/\/lavocedelpaese.info\/#organization"},"potentialAction":[{"@type":"SearchAction","target":{"@type":"EntryPoint","urlTemplate":"https:\/\/lavocedelpaese.info\/?s={search_term_string}"},"query-input":{"@type":"PropertyValueSpecification","valueRequired":true,"valueName":"search_term_string"}}],"inLanguage":"it-IT"},{"@type":"Organization","@id":"https:\/\/lavocedelpaese.info\/#organization","name":"La Voce del Paese","url":"https:\/\/lavocedelpaese.info\/","logo":{"@type":"ImageObject","inLanguage":"it-IT","@id":"https:\/\/lavocedelpaese.info\/#\/schema\/logo\/image\/","url":"https:\/\/lavocedelpaese.info\/wp-content\/uploads\/2023\/01\/cropped-logo-150-127.png","contentUrl":"https:\/\/lavocedelpaese.info\/wp-content\/uploads\/2023\/01\/cropped-logo-150-127.png","width":137,"height":119,"caption":"La Voce del Paese"},"image":{"@id":"https:\/\/lavocedelpaese.info\/#\/schema\/logo\/image\/"},"sameAs":["https:\/\/www.facebook.com\/lavocedelpaese.info"]},{"@type":"Person","@id":"https:\/\/lavocedelpaese.info\/#\/schema\/person\/ec151d321306bd7591f7a061abf72d88","name":"admin","image":{"@type":"ImageObject","inLanguage":"it-IT","@id":"https:\/\/secure.gravatar.com\/avatar\/af8f2caf0663124588de48a9380e07cbc95a74ef15b8062d0d39106c32fe3023?s=96&d=mm&r=g","url":"https:\/\/secure.gravatar.com\/avatar\/af8f2caf0663124588de48a9380e07cbc95a74ef15b8062d0d39106c32fe3023?s=96&d=mm&r=g","contentUrl":"https:\/\/secure.gravatar.com\/avatar\/af8f2caf0663124588de48a9380e07cbc95a74ef15b8062d0d39106c32fe3023?s=96&d=mm&r=g","caption":"admin"},"sameAs":["https:\/\/lavocedelpaese.info"],"url":"https:\/\/lavocedelpaese.info\/index.php\/author\/admin\/"}]}},"_links":{"self":[{"href":"https:\/\/lavocedelpaese.info\/index.php\/wp-json\/wp\/v2\/posts\/9169","targetHints":{"allow":["GET"]}}],"collection":[{"href":"https:\/\/lavocedelpaese.info\/index.php\/wp-json\/wp\/v2\/posts"}],"about":[{"href":"https:\/\/lavocedelpaese.info\/index.php\/wp-json\/wp\/v2\/types\/post"}],"author":[{"embeddable":true,"href":"https:\/\/lavocedelpaese.info\/index.php\/wp-json\/wp\/v2\/users\/6"}],"replies":[{"embeddable":true,"href":"https:\/\/lavocedelpaese.info\/index.php\/wp-json\/wp\/v2\/comments?post=9169"}],"version-history":[{"count":0,"href":"https:\/\/lavocedelpaese.info\/index.php\/wp-json\/wp\/v2\/posts\/9169\/revisions"}],"wp:featuredmedia":[{"embeddable":true,"href":"https:\/\/lavocedelpaese.info\/index.php\/wp-json\/wp\/v2\/media\/9170"}],"wp:attachment":[{"href":"https:\/\/lavocedelpaese.info\/index.php\/wp-json\/wp\/v2\/media?parent=9169"}],"wp:term":[{"taxonomy":"category","embeddable":true,"href":"https:\/\/lavocedelpaese.info\/index.php\/wp-json\/wp\/v2\/categories?post=9169"},{"taxonomy":"post_tag","embeddable":true,"href":"https:\/\/lavocedelpaese.info\/index.php\/wp-json\/wp\/v2\/tags?post=9169"}],"curies":[{"name":"wp","href":"https:\/\/api.w.org\/{rel}","templated":true}]}}