{"id":9166,"date":"2025-04-16T06:17:33","date_gmt":"2025-04-16T06:17:33","guid":{"rendered":"https:\/\/lavocedelpaese.info\/index.php\/2025\/04\/16\/riti-pasquali-stasera-la-via-crucis-cittadina\/"},"modified":"2025-04-16T06:17:33","modified_gmt":"2025-04-16T06:17:33","slug":"riti-pasquali-stasera-la-via-crucis-cittadina","status":"publish","type":"post","link":"https:\/\/lavocedelpaese.info\/index.php\/2025\/04\/16\/riti-pasquali-stasera-la-via-crucis-cittadina\/","title":{"rendered":"Riti pasquali: stasera la Via Crucis cittadina\u00a0\u200b"},"content":{"rendered":"<p>\u00a0<\/p>\n<p>\u200b\u00a0<\/p>\n<p>\u200b\u00a0<\/p>\n<p>Con la Via Crucis cittadina, che partir\u00e0 alle ore 20.00 di questa sera, mercoled\u00ec santo, da piazza Moro, diretta al Convento, entrano nel vivo i riti della Settimana Santa.<\/p>\n<p>In caso di condizioni meteo avverse, la Via Crucis di terr\u00e0 preso la Chiesa madre.<\/p>\n<p>Questi gli orari delle celebrazioni nei prossimi giorni.<\/p>\n<p class=\"has-text-align-center\"><strong>GIOVEDI\u2019 SANTO (17 APRILE)<\/strong><\/p>\n<p><strong>Parrocchia \u201cSanta Maria Assunta\u201d<\/strong>\u00a0(Chiesa Madre)<\/p>\n<p>Ore 19.00: Messa\u00a0<em>\u201cin coena Domini\u201d<\/em><\/p>\n<p>Ore 22.30: Adorazione Comunitaria<\/p>\n<p><strong>Parrocchia \u201cSanta Maria delle Grazie\u201d<\/strong><\/p>\n<p>Ore 19.00: Messa\u00a0<em>\u201cin coena Domini\u201d<\/em><\/p>\n<p>Ore 22.30: Adorazione Eucaristica<\/p>\n<p><strong>Santuario della Madonna degli Angeli<\/strong><\/p>\n<p>Ore 18.00: Messa\u00a0<em>\u201cin coena Domini\u201d<\/em><\/p>\n<p>a seguire: Adorazione Eucaristica.<\/p>\n<p>\u00a7\u00a7\u00a7\u00a7\u00a7\u00a7\u00a7\u00a7\u00a7\u00a7\u00a7\u00a7\u00a7\u00a7<\/p>\n<p>Dalle ore 21.00 sar\u00e0 possibile visitare in preghiera e adorazione della Santa Eucarestia (Ges\u00f9 non \u00e8 ancora morto!) gli Altari della Reposizione nelle seguenti Chiese:<\/p>\n<p>\u2013 Santa Maria Assunta (Chiesa Madre)<\/p>\n<p>\u2013 Santa Maria delle Grazie<\/p>\n<p>\u2013 Santuario della Madonna degli Angeli<\/p>\n<p>\u2013 SS. Crocifisso<\/p>\n<p>\u2013 San Giuseppe<\/p>\n<p>\u2013 San Rocco<\/p>\n<p>\u2013 Immacolata<\/p>\n<p>\u2013 Madonna di Costantinopoli.<\/p>\n<p class=\"has-text-align-center\"><strong>VENERDI\u2019 SANTO (18 APRILE)<\/strong><\/p>\n<p><strong>Parrocchia \u201cSanta Maria Assunta\u201d<\/strong>\u00a0(Chiesa Madre)<\/p>\n<p>Ore 9.00: Liturgia delle Ore<\/p>\n<p>Ore 10.00-12.00: Confessioni<\/p>\n<p>Ore 10.30: Preghiera di adorazione di fanciulli e ragazzi<\/p>\n<p>Ore 15.00: Liturgia della Passione del Signore<\/p>\n<p><strong>Parrocchia \u201cSanta Maria delle Grazie\u201d<\/strong><\/p>\n<p>Ore 9.00: Liturgia delle Ore<\/p>\n<p>Ore 10.00-12.00: Confessioni<\/p>\n<p>Ore 15.00: Liturgia della Passione del Signore<\/p>\n<p><strong>Santuario della Madonna degli Angeli<\/strong><\/p>\n<p>Ore 16.00: Liturgia della Passione del Signore.<\/p>\n<p>Processione dei Misteri alle ore 20.00 lungo il seguente itinerario:<\/p>\n<p>Piazza A. Moro \u2013 Via Maggior Turitto \u2013 Via L. Cadorna \u2013 Via A. Gramsci \u2013 Via A. Diaz \u2013 Piazza Dante \u2013 Via Vittorio Veneto \u2013 Piazza Garibaldi \u2013 Via L. Cadorna \u2013 Via C. Chimienti \u2013 Piazza A. Moro<\/p>\n<p class=\"has-text-align-center\"><strong>SABATO SANTO (19 APRILE)<\/strong><\/p>\n<p><strong>Parrocchia \u201cSanta Maria Assunta\u201d<\/strong>\u00a0(Chiesa Madre)<\/p>\n<p>Ore 9.00: Liturgia delle Ore<\/p>\n<p>Ore 10.00-12.00: Confessioni<\/p>\n<p>Ore 21.30: Veglia Pasquale<\/p>\n<p><strong>Parrocchia \u201cSanta Maria delle Grazie\u201d<\/strong><\/p>\n<p>Ore 9.00: Liturgia delle Ore<\/p>\n<p>Ore 10.00-12.00: Confessioni<\/p>\n<p>Ore 22.30: Veglia Pasquale<\/p>\n<p><strong>Santuario della Madonna degli Angeli<\/strong><\/p>\n<p>Ore 18.00: Veglia Pasquale<\/p>\n<p class=\"has-text-align-center\"><strong>DOMENICA DELLA PASQUA DI RESURREZIONE (20 APRILE)<\/strong><\/p>\n<p><strong>Parrocchia \u201cSanta Maria Assunta\u201d<\/strong>\u00a0(Chiesa Madre)<\/p>\n<p>Sante Messe alle ore 8.00 \u2013 10.00 \u2013 11.30 \u2013 19.00<\/p>\n<p><strong>Parrocchia \u201cSanta Maria delle Grazie\u201d<\/strong><\/p>\n<p>Sante Messe alle ore 8.30 \u2013 10.30 \u2013 19.00<\/p>\n<p><strong>Santuario della Madonna degli Angeli<\/strong><\/p>\n<p>Santa Messa alle ore 10.30 <\/p>\n<p><a class=\"a2a_button_facebook\" href=\"https:\/\/www.addtoany.com\/add_to\/facebook?linkurl=https%3A%2F%2Fcassano.lavocedelpaese.info%2Friti-pasquali-stasera-la-via-crucis-cittadina%2F&amp;linkname=Riti%20pasquali%3A%20stasera%20la%20Via%20Crucis%20cittadina\" title=\"Facebook\" rel=\"nofollow noopener\" target=\"_blank\"><\/a><a class=\"a2a_button_twitter\" href=\"https:\/\/www.addtoany.com\/add_to\/twitter?linkurl=https%3A%2F%2Fcassano.lavocedelpaese.info%2Friti-pasquali-stasera-la-via-crucis-cittadina%2F&amp;linkname=Riti%20pasquali%3A%20stasera%20la%20Via%20Crucis%20cittadina\" title=\"Twitter\" rel=\"nofollow noopener\" target=\"_blank\"><\/a><a class=\"a2a_button_whatsapp\" href=\"https:\/\/www.addtoany.com\/add_to\/whatsapp?linkurl=https%3A%2F%2Fcassano.lavocedelpaese.info%2Friti-pasquali-stasera-la-via-crucis-cittadina%2F&amp;linkname=Riti%20pasquali%3A%20stasera%20la%20Via%20Crucis%20cittadina\" title=\"WhatsApp\" rel=\"nofollow noopener\" target=\"_blank\"><\/a><a class=\"a2a_button_telegram\" href=\"https:\/\/www.addtoany.com\/add_to\/telegram?linkurl=https%3A%2F%2Fcassano.lavocedelpaese.info%2Friti-pasquali-stasera-la-via-crucis-cittadina%2F&amp;linkname=Riti%20pasquali%3A%20stasera%20la%20Via%20Crucis%20cittadina\" title=\"Telegram\" rel=\"nofollow noopener\" target=\"_blank\"><\/a><a class=\"a2a_button_email\" href=\"https:\/\/www.addtoany.com\/add_to\/email?linkurl=https%3A%2F%2Fcassano.lavocedelpaese.info%2Friti-pasquali-stasera-la-via-crucis-cittadina%2F&amp;linkname=Riti%20pasquali%3A%20stasera%20la%20Via%20Crucis%20cittadina\" title=\"Email\" rel=\"nofollow noopener\" target=\"_blank\"><\/a><\/p>\n<p>\u00a0<\/p>\n<p>\u00a0<\/p>\n<p>\u200b\u00a0\u00a0\u00a0<\/p>","protected":false},"excerpt":{"rendered":"<p>\u00a0 \u200b\u00a0 \u200b\u00a0 Con la Via Crucis cittadina, che partir\u00e0 alle ore 20.00 di questa sera, mercoled\u00ec santo, da piazza<\/p>\n","protected":false},"author":6,"featured_media":730,"comment_status":"open","ping_status":"closed","sticky":false,"template":"","format":"standard","meta":{"colormag_page_container_layout":"default_layout","colormag_page_sidebar_layout":"default_layout","footnotes":""},"categories":[33],"tags":[],"class_list":["post-9166","post","type-post","status-publish","format-standard","has-post-thumbnail","hentry","category-network"],"yoast_head":"<!-- This site is optimized with the Yoast SEO plugin v27.5 - https:\/\/yoast.com\/product\/yoast-seo-wordpress\/ -->\n<title>Riti pasquali: stasera la Via Crucis cittadina\u00a0\u200b - La Voce del Paese<\/title>\n<meta name=\"robots\" content=\"index, follow, max-snippet:-1, max-image-preview:large, max-video-preview:-1\" \/>\n<link rel=\"canonical\" href=\"https:\/\/lavocedelpaese.info\/index.php\/2025\/04\/16\/riti-pasquali-stasera-la-via-crucis-cittadina\/\" \/>\n<meta property=\"og:locale\" content=\"it_IT\" \/>\n<meta property=\"og:type\" content=\"article\" \/>\n<meta property=\"og:title\" content=\"Riti pasquali: stasera la Via Crucis cittadina\u00a0\u200b - La Voce del Paese\" \/>\n<meta property=\"og:description\" content=\"\u00a0 \u200b\u00a0 \u200b\u00a0 Con la Via Crucis cittadina, che partir\u00e0 alle ore 20.00 di questa sera, mercoled\u00ec santo, da piazza\" \/>\n<meta property=\"og:url\" content=\"https:\/\/lavocedelpaese.info\/index.php\/2025\/04\/16\/riti-pasquali-stasera-la-via-crucis-cittadina\/\" \/>\n<meta property=\"og:site_name\" content=\"La Voce del Paese\" \/>\n<meta property=\"article:publisher\" content=\"https:\/\/www.facebook.com\/lavocedelpaese.info\" \/>\n<meta property=\"article:published_time\" content=\"2025-04-16T06:17:33+00:00\" \/>\n<meta name=\"author\" content=\"admin\" \/>\n<meta name=\"twitter:card\" content=\"summary_large_image\" \/>\n<meta name=\"twitter:label1\" content=\"Scritto da\" \/>\n\t<meta name=\"twitter:data1\" content=\"admin\" \/>\n\t<meta name=\"twitter:label2\" content=\"Tempo di lettura stimato\" \/>\n\t<meta name=\"twitter:data2\" content=\"2 minuti\" \/>\n<script type=\"application\/ld+json\" class=\"yoast-schema-graph\">{\"@context\":\"https:\\\/\\\/schema.org\",\"@graph\":[{\"@type\":\"Article\",\"@id\":\"https:\\\/\\\/lavocedelpaese.info\\\/index.php\\\/2025\\\/04\\\/16\\\/riti-pasquali-stasera-la-via-crucis-cittadina\\\/#article\",\"isPartOf\":{\"@id\":\"https:\\\/\\\/lavocedelpaese.info\\\/index.php\\\/2025\\\/04\\\/16\\\/riti-pasquali-stasera-la-via-crucis-cittadina\\\/\"},\"author\":{\"name\":\"admin\",\"@id\":\"https:\\\/\\\/lavocedelpaese.info\\\/#\\\/schema\\\/person\\\/ec151d321306bd7591f7a061abf72d88\"},\"headline\":\"Riti pasquali: stasera la Via Crucis cittadina\u00a0\u200b\",\"datePublished\":\"2025-04-16T06:17:33+00:00\",\"mainEntityOfPage\":{\"@id\":\"https:\\\/\\\/lavocedelpaese.info\\\/index.php\\\/2025\\\/04\\\/16\\\/riti-pasquali-stasera-la-via-crucis-cittadina\\\/\"},\"wordCount\":324,\"commentCount\":0,\"publisher\":{\"@id\":\"https:\\\/\\\/lavocedelpaese.info\\\/#organization\"},\"image\":{\"@id\":\"https:\\\/\\\/lavocedelpaese.info\\\/index.php\\\/2025\\\/04\\\/16\\\/riti-pasquali-stasera-la-via-crucis-cittadina\\\/#primaryimage\"},\"thumbnailUrl\":\"https:\\\/\\\/lavocedelpaese.info\\\/wp-content\\\/uploads\\\/2023\\\/01\\\/logo-150-127.png\",\"articleSection\":[\"network\"],\"inLanguage\":\"it-IT\",\"potentialAction\":[{\"@type\":\"CommentAction\",\"name\":\"Comment\",\"target\":[\"https:\\\/\\\/lavocedelpaese.info\\\/index.php\\\/2025\\\/04\\\/16\\\/riti-pasquali-stasera-la-via-crucis-cittadina\\\/#respond\"]}]},{\"@type\":\"WebPage\",\"@id\":\"https:\\\/\\\/lavocedelpaese.info\\\/index.php\\\/2025\\\/04\\\/16\\\/riti-pasquali-stasera-la-via-crucis-cittadina\\\/\",\"url\":\"https:\\\/\\\/lavocedelpaese.info\\\/index.php\\\/2025\\\/04\\\/16\\\/riti-pasquali-stasera-la-via-crucis-cittadina\\\/\",\"name\":\"Riti pasquali: stasera la Via Crucis cittadina\u00a0\u200b - La Voce del Paese\",\"isPartOf\":{\"@id\":\"https:\\\/\\\/lavocedelpaese.info\\\/#website\"},\"primaryImageOfPage\":{\"@id\":\"https:\\\/\\\/lavocedelpaese.info\\\/index.php\\\/2025\\\/04\\\/16\\\/riti-pasquali-stasera-la-via-crucis-cittadina\\\/#primaryimage\"},\"image\":{\"@id\":\"https:\\\/\\\/lavocedelpaese.info\\\/index.php\\\/2025\\\/04\\\/16\\\/riti-pasquali-stasera-la-via-crucis-cittadina\\\/#primaryimage\"},\"thumbnailUrl\":\"https:\\\/\\\/lavocedelpaese.info\\\/wp-content\\\/uploads\\\/2023\\\/01\\\/logo-150-127.png\",\"datePublished\":\"2025-04-16T06:17:33+00:00\",\"breadcrumb\":{\"@id\":\"https:\\\/\\\/lavocedelpaese.info\\\/index.php\\\/2025\\\/04\\\/16\\\/riti-pasquali-stasera-la-via-crucis-cittadina\\\/#breadcrumb\"},\"inLanguage\":\"it-IT\",\"potentialAction\":[{\"@type\":\"ReadAction\",\"target\":[\"https:\\\/\\\/lavocedelpaese.info\\\/index.php\\\/2025\\\/04\\\/16\\\/riti-pasquali-stasera-la-via-crucis-cittadina\\\/\"]}]},{\"@type\":\"ImageObject\",\"inLanguage\":\"it-IT\",\"@id\":\"https:\\\/\\\/lavocedelpaese.info\\\/index.php\\\/2025\\\/04\\\/16\\\/riti-pasquali-stasera-la-via-crucis-cittadina\\\/#primaryimage\",\"url\":\"https:\\\/\\\/lavocedelpaese.info\\\/wp-content\\\/uploads\\\/2023\\\/01\\\/logo-150-127.png\",\"contentUrl\":\"https:\\\/\\\/lavocedelpaese.info\\\/wp-content\\\/uploads\\\/2023\\\/01\\\/logo-150-127.png\",\"width\":150,\"height\":127},{\"@type\":\"BreadcrumbList\",\"@id\":\"https:\\\/\\\/lavocedelpaese.info\\\/index.php\\\/2025\\\/04\\\/16\\\/riti-pasquali-stasera-la-via-crucis-cittadina\\\/#breadcrumb\",\"itemListElement\":[{\"@type\":\"ListItem\",\"position\":1,\"name\":\"Home\",\"item\":\"https:\\\/\\\/lavocedelpaese.info\\\/\"},{\"@type\":\"ListItem\",\"position\":2,\"name\":\"Riti pasquali: stasera la Via Crucis cittadina\u00a0\u200b\"}]},{\"@type\":\"WebSite\",\"@id\":\"https:\\\/\\\/lavocedelpaese.info\\\/#website\",\"url\":\"https:\\\/\\\/lavocedelpaese.info\\\/\",\"name\":\"La Voce del Paese\",\"description\":\"Un network di idee\",\"publisher\":{\"@id\":\"https:\\\/\\\/lavocedelpaese.info\\\/#organization\"},\"potentialAction\":[{\"@type\":\"SearchAction\",\"target\":{\"@type\":\"EntryPoint\",\"urlTemplate\":\"https:\\\/\\\/lavocedelpaese.info\\\/?s={search_term_string}\"},\"query-input\":{\"@type\":\"PropertyValueSpecification\",\"valueRequired\":true,\"valueName\":\"search_term_string\"}}],\"inLanguage\":\"it-IT\"},{\"@type\":\"Organization\",\"@id\":\"https:\\\/\\\/lavocedelpaese.info\\\/#organization\",\"name\":\"La Voce del Paese\",\"url\":\"https:\\\/\\\/lavocedelpaese.info\\\/\",\"logo\":{\"@type\":\"ImageObject\",\"inLanguage\":\"it-IT\",\"@id\":\"https:\\\/\\\/lavocedelpaese.info\\\/#\\\/schema\\\/logo\\\/image\\\/\",\"url\":\"https:\\\/\\\/lavocedelpaese.info\\\/wp-content\\\/uploads\\\/2023\\\/01\\\/cropped-logo-150-127.png\",\"contentUrl\":\"https:\\\/\\\/lavocedelpaese.info\\\/wp-content\\\/uploads\\\/2023\\\/01\\\/cropped-logo-150-127.png\",\"width\":137,\"height\":119,\"caption\":\"La Voce del Paese\"},\"image\":{\"@id\":\"https:\\\/\\\/lavocedelpaese.info\\\/#\\\/schema\\\/logo\\\/image\\\/\"},\"sameAs\":[\"https:\\\/\\\/www.facebook.com\\\/lavocedelpaese.info\"]},{\"@type\":\"Person\",\"@id\":\"https:\\\/\\\/lavocedelpaese.info\\\/#\\\/schema\\\/person\\\/ec151d321306bd7591f7a061abf72d88\",\"name\":\"admin\",\"image\":{\"@type\":\"ImageObject\",\"inLanguage\":\"it-IT\",\"@id\":\"https:\\\/\\\/secure.gravatar.com\\\/avatar\\\/af8f2caf0663124588de48a9380e07cbc95a74ef15b8062d0d39106c32fe3023?s=96&d=mm&r=g\",\"url\":\"https:\\\/\\\/secure.gravatar.com\\\/avatar\\\/af8f2caf0663124588de48a9380e07cbc95a74ef15b8062d0d39106c32fe3023?s=96&d=mm&r=g\",\"contentUrl\":\"https:\\\/\\\/secure.gravatar.com\\\/avatar\\\/af8f2caf0663124588de48a9380e07cbc95a74ef15b8062d0d39106c32fe3023?s=96&d=mm&r=g\",\"caption\":\"admin\"},\"sameAs\":[\"https:\\\/\\\/lavocedelpaese.info\"],\"url\":\"https:\\\/\\\/lavocedelpaese.info\\\/index.php\\\/author\\\/admin\\\/\"}]}<\/script>\n<!-- \/ Yoast SEO plugin. -->","yoast_head_json":{"title":"Riti pasquali: stasera la Via Crucis cittadina\u00a0\u200b - La Voce del Paese","robots":{"index":"index","follow":"follow","max-snippet":"max-snippet:-1","max-image-preview":"max-image-preview:large","max-video-preview":"max-video-preview:-1"},"canonical":"https:\/\/lavocedelpaese.info\/index.php\/2025\/04\/16\/riti-pasquali-stasera-la-via-crucis-cittadina\/","og_locale":"it_IT","og_type":"article","og_title":"Riti pasquali: stasera la Via Crucis cittadina\u00a0\u200b - La Voce del Paese","og_description":"\u00a0 \u200b\u00a0 \u200b\u00a0 Con la Via Crucis cittadina, che partir\u00e0 alle ore 20.00 di questa sera, mercoled\u00ec santo, da piazza","og_url":"https:\/\/lavocedelpaese.info\/index.php\/2025\/04\/16\/riti-pasquali-stasera-la-via-crucis-cittadina\/","og_site_name":"La Voce del Paese","article_publisher":"https:\/\/www.facebook.com\/lavocedelpaese.info","article_published_time":"2025-04-16T06:17:33+00:00","author":"admin","twitter_card":"summary_large_image","twitter_misc":{"Scritto da":"admin","Tempo di lettura stimato":"2 minuti"},"schema":{"@context":"https:\/\/schema.org","@graph":[{"@type":"Article","@id":"https:\/\/lavocedelpaese.info\/index.php\/2025\/04\/16\/riti-pasquali-stasera-la-via-crucis-cittadina\/#article","isPartOf":{"@id":"https:\/\/lavocedelpaese.info\/index.php\/2025\/04\/16\/riti-pasquali-stasera-la-via-crucis-cittadina\/"},"author":{"name":"admin","@id":"https:\/\/lavocedelpaese.info\/#\/schema\/person\/ec151d321306bd7591f7a061abf72d88"},"headline":"Riti pasquali: stasera la Via Crucis cittadina\u00a0\u200b","datePublished":"2025-04-16T06:17:33+00:00","mainEntityOfPage":{"@id":"https:\/\/lavocedelpaese.info\/index.php\/2025\/04\/16\/riti-pasquali-stasera-la-via-crucis-cittadina\/"},"wordCount":324,"commentCount":0,"publisher":{"@id":"https:\/\/lavocedelpaese.info\/#organization"},"image":{"@id":"https:\/\/lavocedelpaese.info\/index.php\/2025\/04\/16\/riti-pasquali-stasera-la-via-crucis-cittadina\/#primaryimage"},"thumbnailUrl":"https:\/\/lavocedelpaese.info\/wp-content\/uploads\/2023\/01\/logo-150-127.png","articleSection":["network"],"inLanguage":"it-IT","potentialAction":[{"@type":"CommentAction","name":"Comment","target":["https:\/\/lavocedelpaese.info\/index.php\/2025\/04\/16\/riti-pasquali-stasera-la-via-crucis-cittadina\/#respond"]}]},{"@type":"WebPage","@id":"https:\/\/lavocedelpaese.info\/index.php\/2025\/04\/16\/riti-pasquali-stasera-la-via-crucis-cittadina\/","url":"https:\/\/lavocedelpaese.info\/index.php\/2025\/04\/16\/riti-pasquali-stasera-la-via-crucis-cittadina\/","name":"Riti pasquali: stasera la Via Crucis cittadina\u00a0\u200b - La Voce del Paese","isPartOf":{"@id":"https:\/\/lavocedelpaese.info\/#website"},"primaryImageOfPage":{"@id":"https:\/\/lavocedelpaese.info\/index.php\/2025\/04\/16\/riti-pasquali-stasera-la-via-crucis-cittadina\/#primaryimage"},"image":{"@id":"https:\/\/lavocedelpaese.info\/index.php\/2025\/04\/16\/riti-pasquali-stasera-la-via-crucis-cittadina\/#primaryimage"},"thumbnailUrl":"https:\/\/lavocedelpaese.info\/wp-content\/uploads\/2023\/01\/logo-150-127.png","datePublished":"2025-04-16T06:17:33+00:00","breadcrumb":{"@id":"https:\/\/lavocedelpaese.info\/index.php\/2025\/04\/16\/riti-pasquali-stasera-la-via-crucis-cittadina\/#breadcrumb"},"inLanguage":"it-IT","potentialAction":[{"@type":"ReadAction","target":["https:\/\/lavocedelpaese.info\/index.php\/2025\/04\/16\/riti-pasquali-stasera-la-via-crucis-cittadina\/"]}]},{"@type":"ImageObject","inLanguage":"it-IT","@id":"https:\/\/lavocedelpaese.info\/index.php\/2025\/04\/16\/riti-pasquali-stasera-la-via-crucis-cittadina\/#primaryimage","url":"https:\/\/lavocedelpaese.info\/wp-content\/uploads\/2023\/01\/logo-150-127.png","contentUrl":"https:\/\/lavocedelpaese.info\/wp-content\/uploads\/2023\/01\/logo-150-127.png","width":150,"height":127},{"@type":"BreadcrumbList","@id":"https:\/\/lavocedelpaese.info\/index.php\/2025\/04\/16\/riti-pasquali-stasera-la-via-crucis-cittadina\/#breadcrumb","itemListElement":[{"@type":"ListItem","position":1,"name":"Home","item":"https:\/\/lavocedelpaese.info\/"},{"@type":"ListItem","position":2,"name":"Riti pasquali: stasera la Via Crucis cittadina\u00a0\u200b"}]},{"@type":"WebSite","@id":"https:\/\/lavocedelpaese.info\/#website","url":"https:\/\/lavocedelpaese.info\/","name":"La Voce del Paese","description":"Un network di idee","publisher":{"@id":"https:\/\/lavocedelpaese.info\/#organization"},"potentialAction":[{"@type":"SearchAction","target":{"@type":"EntryPoint","urlTemplate":"https:\/\/lavocedelpaese.info\/?s={search_term_string}"},"query-input":{"@type":"PropertyValueSpecification","valueRequired":true,"valueName":"search_term_string"}}],"inLanguage":"it-IT"},{"@type":"Organization","@id":"https:\/\/lavocedelpaese.info\/#organization","name":"La Voce del Paese","url":"https:\/\/lavocedelpaese.info\/","logo":{"@type":"ImageObject","inLanguage":"it-IT","@id":"https:\/\/lavocedelpaese.info\/#\/schema\/logo\/image\/","url":"https:\/\/lavocedelpaese.info\/wp-content\/uploads\/2023\/01\/cropped-logo-150-127.png","contentUrl":"https:\/\/lavocedelpaese.info\/wp-content\/uploads\/2023\/01\/cropped-logo-150-127.png","width":137,"height":119,"caption":"La Voce del Paese"},"image":{"@id":"https:\/\/lavocedelpaese.info\/#\/schema\/logo\/image\/"},"sameAs":["https:\/\/www.facebook.com\/lavocedelpaese.info"]},{"@type":"Person","@id":"https:\/\/lavocedelpaese.info\/#\/schema\/person\/ec151d321306bd7591f7a061abf72d88","name":"admin","image":{"@type":"ImageObject","inLanguage":"it-IT","@id":"https:\/\/secure.gravatar.com\/avatar\/af8f2caf0663124588de48a9380e07cbc95a74ef15b8062d0d39106c32fe3023?s=96&d=mm&r=g","url":"https:\/\/secure.gravatar.com\/avatar\/af8f2caf0663124588de48a9380e07cbc95a74ef15b8062d0d39106c32fe3023?s=96&d=mm&r=g","contentUrl":"https:\/\/secure.gravatar.com\/avatar\/af8f2caf0663124588de48a9380e07cbc95a74ef15b8062d0d39106c32fe3023?s=96&d=mm&r=g","caption":"admin"},"sameAs":["https:\/\/lavocedelpaese.info"],"url":"https:\/\/lavocedelpaese.info\/index.php\/author\/admin\/"}]}},"_links":{"self":[{"href":"https:\/\/lavocedelpaese.info\/index.php\/wp-json\/wp\/v2\/posts\/9166","targetHints":{"allow":["GET"]}}],"collection":[{"href":"https:\/\/lavocedelpaese.info\/index.php\/wp-json\/wp\/v2\/posts"}],"about":[{"href":"https:\/\/lavocedelpaese.info\/index.php\/wp-json\/wp\/v2\/types\/post"}],"author":[{"embeddable":true,"href":"https:\/\/lavocedelpaese.info\/index.php\/wp-json\/wp\/v2\/users\/6"}],"replies":[{"embeddable":true,"href":"https:\/\/lavocedelpaese.info\/index.php\/wp-json\/wp\/v2\/comments?post=9166"}],"version-history":[{"count":0,"href":"https:\/\/lavocedelpaese.info\/index.php\/wp-json\/wp\/v2\/posts\/9166\/revisions"}],"wp:featuredmedia":[{"embeddable":true,"href":"https:\/\/lavocedelpaese.info\/index.php\/wp-json\/wp\/v2\/media\/730"}],"wp:attachment":[{"href":"https:\/\/lavocedelpaese.info\/index.php\/wp-json\/wp\/v2\/media?parent=9166"}],"wp:term":[{"taxonomy":"category","embeddable":true,"href":"https:\/\/lavocedelpaese.info\/index.php\/wp-json\/wp\/v2\/categories?post=9166"},{"taxonomy":"post_tag","embeddable":true,"href":"https:\/\/lavocedelpaese.info\/index.php\/wp-json\/wp\/v2\/tags?post=9166"}],"curies":[{"name":"wp","href":"https:\/\/api.w.org\/{rel}","templated":true}]}}