{"id":9161,"date":"2025-04-12T23:14:25","date_gmt":"2025-04-12T23:14:25","guid":{"rendered":"https:\/\/lavocedelpaese.info\/index.php\/2025\/04\/12\/comitato-komen-puglia-finanziati-12-progetti-mission-e-6-grants\/"},"modified":"2025-04-12T23:14:25","modified_gmt":"2025-04-12T23:14:25","slug":"comitato-komen-puglia-finanziati-12-progetti-mission-e-6-grants","status":"publish","type":"post","link":"https:\/\/lavocedelpaese.info\/index.php\/2025\/04\/12\/comitato-komen-puglia-finanziati-12-progetti-mission-e-6-grants\/","title":{"rendered":"Comitato Komen Puglia: finanziati 12 progetti mission e 6 grants\u00a0\u200b"},"content":{"rendered":"<p>\u00a0<\/p>\n<p>\u200b\u00a0<\/p>\n<p>\u200b\u00a0<\/p>\n<h4 class=\"wp-block-heading\"><strong>Destinate risorse per 165mila euro<\/strong><strong><\/strong><\/h4>\n<p>Oggi sono stati presentati i nuovi progetti finanziati dal comitato Puglia della Susan G. Komen Italia per l\u2019anno 2025-2026. Con un bilancio attivo netto di 165mila euro raccolti con la Race for the Cure del 2024 e ai tanti eventi terzi, supportati dai volontari durante tutto l\u2019anno 2024, \u00e8 stato possibile finanziare diversi percorsi di cura e sostegno per le donne in rosa. Un contributo importante alle strutture ospedaliere che operano sul territorio regionale per promuovere iniziative di benessere fisico e mentale e alle associazioni che sul territorio creano una rete di sostegno per le donne in rosa organizzando corsi e attivit\u00e0 per spazi di condivisione e socialit\u00e0.<\/p>\n<p>Diciotto progetti di cui dodici mission e sei grants che accompagneranno le donne in rosa nell\u2019arco del 2025, iniziative totalmente gratuite per chi ne usufruisce. \u201cI progetti finanziati non solo forniscono percorsi di cura ma individuano una risorsa collettiva che \u00e8 alla base delle attivit\u00e0 della Komen: il tempo. \u00c8 proprio grazie al tempo dedicato dai volontari che \u00e8 possibile creare momenti in cui quello stesso tempo diviene spazio dove espandersi per costruire reti solidali di sostegno ed aiuto, di condivisione e di amicizia. Questo \u00e8 Komen Puglia, luogo di incontro del tempo che diviene affettivit\u00e0, abbraccio, carezza\u201d ha spiegato Linda Catucci, presidente del comitato Puglia della Susan G. Komen durante la seconda riunione organizzativa della Komen Puglia oggi a Bari al Circolo unificato dell\u2019esercito in via Villari, 9.<\/p>\n<p><strong>I 12 PROGETTI MISSION:<\/strong><strong><\/strong><\/p>\n<p><strong>Ricostruzione totale della mammella con lembi autologhi microchirurgici<\/strong><br \/>sede: ospedale oncologico breast unit istituto tumori Giovanni Paolo II, Bari<\/p>\n<p><strong>Umanizzazione di ambienti dedicati a tematiche senologiche<\/strong><br \/>sede: 1\u00b0 centro di terapie integrate \u2013 ospedale Policlinico di Bari<\/p>\n<p><strong>Pilates e mindfulness<\/strong><br \/>sede: 1\u00b0 centro di terapie integrate \u2013 ospedale Policlinico di Bari<\/p>\n<p><strong>Food for the cure. Nutrire la forza tra alimentazione e spazi di cura (attesa comoda)<\/strong><br \/>sede: u.o.s.v.d. di chirurgia senologica, ospedale san Paolo Bari<\/p>\n<p><strong>Umanizzazione ambienti ospedalieri dei bunker, delle sale di aspetto e della sala accettazione<\/strong><br \/>sede: u.o. di radioterapia oncologica ospedale Dimiccoli, Barletta<\/p>\n<p><strong>Tattoo e beauty oncologia<\/strong><br \/>sede: azienda ospedaliera cardinale Giovanni Panico, Tricase<\/p>\n<p><strong>Trattamento riabilitativo precoce nella chirurgia della mammella<\/strong><br \/>sede: presidio ospedaliero Di Summa-Perrino, u.o.s.d. di chirurgia senologica afferente alla breast unit, Brindisi<\/p>\n<p><strong>Pink chef: nutrizione, salute e creativit\u00e0 in cucina<\/strong><br \/>sede: Bari<\/p>\n<p><strong>Sportello di supporto psicologico per donne con tumore mammario<\/strong><br \/>sede: Bari<\/p>\n<p><strong>Trattamento di linfedema per le donne in rosa \u2013 metodo godoy<\/strong><br \/>sede: Bari<\/p>\n<p><strong>Mens sana in corpore sano partnership Komen Puglia \u2013 societ\u00e0 ginnastica Angiulli<\/strong><br \/>sede: societ\u00e0 ginnastica Angiulli \u2013 Bari<\/p>\n<p><strong>Ti accompagna Komen \u2013 servizio taxi di assistenza per le donne in rosa durante le terapie presso le unit\u00e0 ospedaliere<\/strong><br \/>(Finanziato dall\u2019attivit\u00e0 di crowfunding Angioletti di natale)<br \/>sede: Bari<\/p>\n<p><strong>I 6 PROGETTI GRANTS:<br \/><\/strong><br \/><strong>Io<\/strong><br \/>a favore di centro yoga fissa dimora<\/p>\n<p><strong>Letterarie<\/strong><br \/>a favore di associazione culturale Up uniti per il paesaggio<\/p>\n<p><strong>Oltre la cura<\/strong><br \/>a favore di A.n.d.o.s. Foggia<\/p>\n<p><strong>Infusioni di benessere e comfort delle donne in rosa nei reparti della breast care unit del Policlinico di Bari<\/strong><br \/>a favore di Noi ci rialziamo sempre!<\/p>\n<p><strong>Danzattori nell\u2019anima, viaggio sensoriale tra le pagine del nostro \u201cio\u201d<\/strong><br \/>a favore di Una rosa blu per Carmela odv<\/p>\n<p><strong>Il benessere incontra la terapia oncologica<\/strong><br \/>a favore di Komeo odv<\/p>\n<p>\u201cIl comitato ascolta tutte le voci, quelle di chi si affaccia per la prima volta nella nostra realt\u00e0, e quelle storiche che da anni combattono insieme ritrovandosi nel nostro villaggio della salute che diventa sempre pi\u00f9 inclusivo. Ed \u00e8 proprio dall\u2019ascolto che emerge un dato incontrovertibile: le donne si sentono sole, abbandonate, spesso smarrite nei percorsi di cura, a volte incapaci di far ascoltare le loro voci. Ritengo che la presa in carico del paziente sia non solo l\u2019attivit\u00e0 pi\u00f9 importante, ma sia soprattutto fondamentale quando parliamo di un ammalato oncologico che necessita s\u00ec di affetto e di calore, ma soprattutto di professionalit\u00e0 per superare la paura e la sofferenza di chi incontra la malattia. Questo \u00e8 lo spirito che anima Komen Puglia, nella consapevolezza di supportare le iniziative dedicate nelle strutture ospedaliere, accompagnati dalla consapevolezza e direi dall\u2019orgoglio di avere una nostra organizzazione capace e forte, di grande esperienza che funge da sprone e da sensibilizzazione anche per le tante realt\u00e0 associative presenti sul territorio pugliese\u201d conclude Catucci.<\/p>\n<p>Il prossimo appuntamento \u00e8 a maggio per la presentazione della 19esima edizione della Race for the cure di Bari che si terr\u00e0 il 18 maggio.<\/p>\n<p><a class=\"a2a_button_facebook\" href=\"https:\/\/www.addtoany.com\/add_to\/facebook?linkurl=https%3A%2F%2Fcassano.lavocedelpaese.info%2Fcomitato-komen-puglia-finanziati-12-progetti-mission-e-6-grants%2F&amp;linkname=Comitato%20Komen%20Puglia%3A%20finanziati%2012%20progetti%20mission%20e%206%20grants\" title=\"Facebook\" rel=\"nofollow noopener\" target=\"_blank\"><\/a><a class=\"a2a_button_twitter\" href=\"https:\/\/www.addtoany.com\/add_to\/twitter?linkurl=https%3A%2F%2Fcassano.lavocedelpaese.info%2Fcomitato-komen-puglia-finanziati-12-progetti-mission-e-6-grants%2F&amp;linkname=Comitato%20Komen%20Puglia%3A%20finanziati%2012%20progetti%20mission%20e%206%20grants\" title=\"Twitter\" rel=\"nofollow noopener\" target=\"_blank\"><\/a><a class=\"a2a_button_whatsapp\" href=\"https:\/\/www.addtoany.com\/add_to\/whatsapp?linkurl=https%3A%2F%2Fcassano.lavocedelpaese.info%2Fcomitato-komen-puglia-finanziati-12-progetti-mission-e-6-grants%2F&amp;linkname=Comitato%20Komen%20Puglia%3A%20finanziati%2012%20progetti%20mission%20e%206%20grants\" title=\"WhatsApp\" rel=\"nofollow noopener\" target=\"_blank\"><\/a><a class=\"a2a_button_telegram\" href=\"https:\/\/www.addtoany.com\/add_to\/telegram?linkurl=https%3A%2F%2Fcassano.lavocedelpaese.info%2Fcomitato-komen-puglia-finanziati-12-progetti-mission-e-6-grants%2F&amp;linkname=Comitato%20Komen%20Puglia%3A%20finanziati%2012%20progetti%20mission%20e%206%20grants\" title=\"Telegram\" rel=\"nofollow noopener\" target=\"_blank\"><\/a><a class=\"a2a_button_email\" href=\"https:\/\/www.addtoany.com\/add_to\/email?linkurl=https%3A%2F%2Fcassano.lavocedelpaese.info%2Fcomitato-komen-puglia-finanziati-12-progetti-mission-e-6-grants%2F&amp;linkname=Comitato%20Komen%20Puglia%3A%20finanziati%2012%20progetti%20mission%20e%206%20grants\" title=\"Email\" rel=\"nofollow noopener\" target=\"_blank\"><\/a><\/p>\n<p>\u00a0<\/p>\n<p>\u00a0<\/p>\n<p>\u200b\u00a0\u00a0\u00a0<\/p>","protected":false},"excerpt":{"rendered":"<p>\u00a0 \u200b\u00a0 \u200b\u00a0 Destinate risorse per 165mila euro Oggi sono stati presentati i nuovi progetti finanziati dal comitato Puglia della<\/p>\n","protected":false},"author":6,"featured_media":730,"comment_status":"open","ping_status":"closed","sticky":false,"template":"","format":"standard","meta":{"colormag_page_container_layout":"default_layout","colormag_page_sidebar_layout":"default_layout","footnotes":""},"categories":[33],"tags":[],"class_list":["post-9161","post","type-post","status-publish","format-standard","has-post-thumbnail","hentry","category-network"],"yoast_head":"<!-- This site is optimized with the Yoast SEO plugin v27.5 - https:\/\/yoast.com\/product\/yoast-seo-wordpress\/ -->\n<title>Comitato Komen Puglia: finanziati 12 progetti mission e 6 grants\u00a0\u200b - La Voce del Paese<\/title>\n<meta name=\"robots\" content=\"index, follow, max-snippet:-1, max-image-preview:large, max-video-preview:-1\" \/>\n<link rel=\"canonical\" href=\"https:\/\/lavocedelpaese.info\/index.php\/2025\/04\/12\/comitato-komen-puglia-finanziati-12-progetti-mission-e-6-grants\/\" \/>\n<meta property=\"og:locale\" content=\"it_IT\" \/>\n<meta property=\"og:type\" content=\"article\" \/>\n<meta property=\"og:title\" content=\"Comitato Komen Puglia: finanziati 12 progetti mission e 6 grants\u00a0\u200b - La Voce del Paese\" \/>\n<meta property=\"og:description\" content=\"\u00a0 \u200b\u00a0 \u200b\u00a0 Destinate risorse per 165mila euro Oggi sono stati presentati i nuovi progetti finanziati dal comitato Puglia della\" \/>\n<meta property=\"og:url\" content=\"https:\/\/lavocedelpaese.info\/index.php\/2025\/04\/12\/comitato-komen-puglia-finanziati-12-progetti-mission-e-6-grants\/\" \/>\n<meta property=\"og:site_name\" content=\"La Voce del Paese\" \/>\n<meta property=\"article:publisher\" content=\"https:\/\/www.facebook.com\/lavocedelpaese.info\" \/>\n<meta property=\"article:published_time\" content=\"2025-04-12T23:14:25+00:00\" \/>\n<meta name=\"author\" content=\"admin\" \/>\n<meta name=\"twitter:card\" content=\"summary_large_image\" \/>\n<meta name=\"twitter:label1\" content=\"Scritto da\" \/>\n\t<meta name=\"twitter:data1\" content=\"admin\" \/>\n\t<meta name=\"twitter:label2\" content=\"Tempo di lettura stimato\" \/>\n\t<meta name=\"twitter:data2\" content=\"4 minuti\" \/>\n<script type=\"application\/ld+json\" class=\"yoast-schema-graph\">{\"@context\":\"https:\\\/\\\/schema.org\",\"@graph\":[{\"@type\":\"Article\",\"@id\":\"https:\\\/\\\/lavocedelpaese.info\\\/index.php\\\/2025\\\/04\\\/12\\\/comitato-komen-puglia-finanziati-12-progetti-mission-e-6-grants\\\/#article\",\"isPartOf\":{\"@id\":\"https:\\\/\\\/lavocedelpaese.info\\\/index.php\\\/2025\\\/04\\\/12\\\/comitato-komen-puglia-finanziati-12-progetti-mission-e-6-grants\\\/\"},\"author\":{\"name\":\"admin\",\"@id\":\"https:\\\/\\\/lavocedelpaese.info\\\/#\\\/schema\\\/person\\\/ec151d321306bd7591f7a061abf72d88\"},\"headline\":\"Comitato Komen Puglia: finanziati 12 progetti mission e 6 grants\u00a0\u200b\",\"datePublished\":\"2025-04-12T23:14:25+00:00\",\"mainEntityOfPage\":{\"@id\":\"https:\\\/\\\/lavocedelpaese.info\\\/index.php\\\/2025\\\/04\\\/12\\\/comitato-komen-puglia-finanziati-12-progetti-mission-e-6-grants\\\/\"},\"wordCount\":742,\"commentCount\":0,\"publisher\":{\"@id\":\"https:\\\/\\\/lavocedelpaese.info\\\/#organization\"},\"image\":{\"@id\":\"https:\\\/\\\/lavocedelpaese.info\\\/index.php\\\/2025\\\/04\\\/12\\\/comitato-komen-puglia-finanziati-12-progetti-mission-e-6-grants\\\/#primaryimage\"},\"thumbnailUrl\":\"https:\\\/\\\/lavocedelpaese.info\\\/wp-content\\\/uploads\\\/2023\\\/01\\\/logo-150-127.png\",\"articleSection\":[\"network\"],\"inLanguage\":\"it-IT\",\"potentialAction\":[{\"@type\":\"CommentAction\",\"name\":\"Comment\",\"target\":[\"https:\\\/\\\/lavocedelpaese.info\\\/index.php\\\/2025\\\/04\\\/12\\\/comitato-komen-puglia-finanziati-12-progetti-mission-e-6-grants\\\/#respond\"]}]},{\"@type\":\"WebPage\",\"@id\":\"https:\\\/\\\/lavocedelpaese.info\\\/index.php\\\/2025\\\/04\\\/12\\\/comitato-komen-puglia-finanziati-12-progetti-mission-e-6-grants\\\/\",\"url\":\"https:\\\/\\\/lavocedelpaese.info\\\/index.php\\\/2025\\\/04\\\/12\\\/comitato-komen-puglia-finanziati-12-progetti-mission-e-6-grants\\\/\",\"name\":\"Comitato Komen Puglia: finanziati 12 progetti mission e 6 grants\u00a0\u200b - La Voce del Paese\",\"isPartOf\":{\"@id\":\"https:\\\/\\\/lavocedelpaese.info\\\/#website\"},\"primaryImageOfPage\":{\"@id\":\"https:\\\/\\\/lavocedelpaese.info\\\/index.php\\\/2025\\\/04\\\/12\\\/comitato-komen-puglia-finanziati-12-progetti-mission-e-6-grants\\\/#primaryimage\"},\"image\":{\"@id\":\"https:\\\/\\\/lavocedelpaese.info\\\/index.php\\\/2025\\\/04\\\/12\\\/comitato-komen-puglia-finanziati-12-progetti-mission-e-6-grants\\\/#primaryimage\"},\"thumbnailUrl\":\"https:\\\/\\\/lavocedelpaese.info\\\/wp-content\\\/uploads\\\/2023\\\/01\\\/logo-150-127.png\",\"datePublished\":\"2025-04-12T23:14:25+00:00\",\"breadcrumb\":{\"@id\":\"https:\\\/\\\/lavocedelpaese.info\\\/index.php\\\/2025\\\/04\\\/12\\\/comitato-komen-puglia-finanziati-12-progetti-mission-e-6-grants\\\/#breadcrumb\"},\"inLanguage\":\"it-IT\",\"potentialAction\":[{\"@type\":\"ReadAction\",\"target\":[\"https:\\\/\\\/lavocedelpaese.info\\\/index.php\\\/2025\\\/04\\\/12\\\/comitato-komen-puglia-finanziati-12-progetti-mission-e-6-grants\\\/\"]}]},{\"@type\":\"ImageObject\",\"inLanguage\":\"it-IT\",\"@id\":\"https:\\\/\\\/lavocedelpaese.info\\\/index.php\\\/2025\\\/04\\\/12\\\/comitato-komen-puglia-finanziati-12-progetti-mission-e-6-grants\\\/#primaryimage\",\"url\":\"https:\\\/\\\/lavocedelpaese.info\\\/wp-content\\\/uploads\\\/2023\\\/01\\\/logo-150-127.png\",\"contentUrl\":\"https:\\\/\\\/lavocedelpaese.info\\\/wp-content\\\/uploads\\\/2023\\\/01\\\/logo-150-127.png\",\"width\":150,\"height\":127},{\"@type\":\"BreadcrumbList\",\"@id\":\"https:\\\/\\\/lavocedelpaese.info\\\/index.php\\\/2025\\\/04\\\/12\\\/comitato-komen-puglia-finanziati-12-progetti-mission-e-6-grants\\\/#breadcrumb\",\"itemListElement\":[{\"@type\":\"ListItem\",\"position\":1,\"name\":\"Home\",\"item\":\"https:\\\/\\\/lavocedelpaese.info\\\/\"},{\"@type\":\"ListItem\",\"position\":2,\"name\":\"Comitato Komen Puglia: finanziati 12 progetti mission e 6 grants\u00a0\u200b\"}]},{\"@type\":\"WebSite\",\"@id\":\"https:\\\/\\\/lavocedelpaese.info\\\/#website\",\"url\":\"https:\\\/\\\/lavocedelpaese.info\\\/\",\"name\":\"La Voce del Paese\",\"description\":\"Un network di idee\",\"publisher\":{\"@id\":\"https:\\\/\\\/lavocedelpaese.info\\\/#organization\"},\"potentialAction\":[{\"@type\":\"SearchAction\",\"target\":{\"@type\":\"EntryPoint\",\"urlTemplate\":\"https:\\\/\\\/lavocedelpaese.info\\\/?s={search_term_string}\"},\"query-input\":{\"@type\":\"PropertyValueSpecification\",\"valueRequired\":true,\"valueName\":\"search_term_string\"}}],\"inLanguage\":\"it-IT\"},{\"@type\":\"Organization\",\"@id\":\"https:\\\/\\\/lavocedelpaese.info\\\/#organization\",\"name\":\"La Voce del Paese\",\"url\":\"https:\\\/\\\/lavocedelpaese.info\\\/\",\"logo\":{\"@type\":\"ImageObject\",\"inLanguage\":\"it-IT\",\"@id\":\"https:\\\/\\\/lavocedelpaese.info\\\/#\\\/schema\\\/logo\\\/image\\\/\",\"url\":\"https:\\\/\\\/lavocedelpaese.info\\\/wp-content\\\/uploads\\\/2023\\\/01\\\/cropped-logo-150-127.png\",\"contentUrl\":\"https:\\\/\\\/lavocedelpaese.info\\\/wp-content\\\/uploads\\\/2023\\\/01\\\/cropped-logo-150-127.png\",\"width\":137,\"height\":119,\"caption\":\"La Voce del Paese\"},\"image\":{\"@id\":\"https:\\\/\\\/lavocedelpaese.info\\\/#\\\/schema\\\/logo\\\/image\\\/\"},\"sameAs\":[\"https:\\\/\\\/www.facebook.com\\\/lavocedelpaese.info\"]},{\"@type\":\"Person\",\"@id\":\"https:\\\/\\\/lavocedelpaese.info\\\/#\\\/schema\\\/person\\\/ec151d321306bd7591f7a061abf72d88\",\"name\":\"admin\",\"image\":{\"@type\":\"ImageObject\",\"inLanguage\":\"it-IT\",\"@id\":\"https:\\\/\\\/secure.gravatar.com\\\/avatar\\\/af8f2caf0663124588de48a9380e07cbc95a74ef15b8062d0d39106c32fe3023?s=96&d=mm&r=g\",\"url\":\"https:\\\/\\\/secure.gravatar.com\\\/avatar\\\/af8f2caf0663124588de48a9380e07cbc95a74ef15b8062d0d39106c32fe3023?s=96&d=mm&r=g\",\"contentUrl\":\"https:\\\/\\\/secure.gravatar.com\\\/avatar\\\/af8f2caf0663124588de48a9380e07cbc95a74ef15b8062d0d39106c32fe3023?s=96&d=mm&r=g\",\"caption\":\"admin\"},\"sameAs\":[\"https:\\\/\\\/lavocedelpaese.info\"],\"url\":\"https:\\\/\\\/lavocedelpaese.info\\\/index.php\\\/author\\\/admin\\\/\"}]}<\/script>\n<!-- \/ Yoast SEO plugin. -->","yoast_head_json":{"title":"Comitato Komen Puglia: finanziati 12 progetti mission e 6 grants\u00a0\u200b - La Voce del Paese","robots":{"index":"index","follow":"follow","max-snippet":"max-snippet:-1","max-image-preview":"max-image-preview:large","max-video-preview":"max-video-preview:-1"},"canonical":"https:\/\/lavocedelpaese.info\/index.php\/2025\/04\/12\/comitato-komen-puglia-finanziati-12-progetti-mission-e-6-grants\/","og_locale":"it_IT","og_type":"article","og_title":"Comitato Komen Puglia: finanziati 12 progetti mission e 6 grants\u00a0\u200b - La Voce del Paese","og_description":"\u00a0 \u200b\u00a0 \u200b\u00a0 Destinate risorse per 165mila euro Oggi sono stati presentati i nuovi progetti finanziati dal comitato Puglia della","og_url":"https:\/\/lavocedelpaese.info\/index.php\/2025\/04\/12\/comitato-komen-puglia-finanziati-12-progetti-mission-e-6-grants\/","og_site_name":"La Voce del Paese","article_publisher":"https:\/\/www.facebook.com\/lavocedelpaese.info","article_published_time":"2025-04-12T23:14:25+00:00","author":"admin","twitter_card":"summary_large_image","twitter_misc":{"Scritto da":"admin","Tempo di lettura stimato":"4 minuti"},"schema":{"@context":"https:\/\/schema.org","@graph":[{"@type":"Article","@id":"https:\/\/lavocedelpaese.info\/index.php\/2025\/04\/12\/comitato-komen-puglia-finanziati-12-progetti-mission-e-6-grants\/#article","isPartOf":{"@id":"https:\/\/lavocedelpaese.info\/index.php\/2025\/04\/12\/comitato-komen-puglia-finanziati-12-progetti-mission-e-6-grants\/"},"author":{"name":"admin","@id":"https:\/\/lavocedelpaese.info\/#\/schema\/person\/ec151d321306bd7591f7a061abf72d88"},"headline":"Comitato Komen Puglia: finanziati 12 progetti mission e 6 grants\u00a0\u200b","datePublished":"2025-04-12T23:14:25+00:00","mainEntityOfPage":{"@id":"https:\/\/lavocedelpaese.info\/index.php\/2025\/04\/12\/comitato-komen-puglia-finanziati-12-progetti-mission-e-6-grants\/"},"wordCount":742,"commentCount":0,"publisher":{"@id":"https:\/\/lavocedelpaese.info\/#organization"},"image":{"@id":"https:\/\/lavocedelpaese.info\/index.php\/2025\/04\/12\/comitato-komen-puglia-finanziati-12-progetti-mission-e-6-grants\/#primaryimage"},"thumbnailUrl":"https:\/\/lavocedelpaese.info\/wp-content\/uploads\/2023\/01\/logo-150-127.png","articleSection":["network"],"inLanguage":"it-IT","potentialAction":[{"@type":"CommentAction","name":"Comment","target":["https:\/\/lavocedelpaese.info\/index.php\/2025\/04\/12\/comitato-komen-puglia-finanziati-12-progetti-mission-e-6-grants\/#respond"]}]},{"@type":"WebPage","@id":"https:\/\/lavocedelpaese.info\/index.php\/2025\/04\/12\/comitato-komen-puglia-finanziati-12-progetti-mission-e-6-grants\/","url":"https:\/\/lavocedelpaese.info\/index.php\/2025\/04\/12\/comitato-komen-puglia-finanziati-12-progetti-mission-e-6-grants\/","name":"Comitato Komen Puglia: finanziati 12 progetti mission e 6 grants\u00a0\u200b - La Voce del Paese","isPartOf":{"@id":"https:\/\/lavocedelpaese.info\/#website"},"primaryImageOfPage":{"@id":"https:\/\/lavocedelpaese.info\/index.php\/2025\/04\/12\/comitato-komen-puglia-finanziati-12-progetti-mission-e-6-grants\/#primaryimage"},"image":{"@id":"https:\/\/lavocedelpaese.info\/index.php\/2025\/04\/12\/comitato-komen-puglia-finanziati-12-progetti-mission-e-6-grants\/#primaryimage"},"thumbnailUrl":"https:\/\/lavocedelpaese.info\/wp-content\/uploads\/2023\/01\/logo-150-127.png","datePublished":"2025-04-12T23:14:25+00:00","breadcrumb":{"@id":"https:\/\/lavocedelpaese.info\/index.php\/2025\/04\/12\/comitato-komen-puglia-finanziati-12-progetti-mission-e-6-grants\/#breadcrumb"},"inLanguage":"it-IT","potentialAction":[{"@type":"ReadAction","target":["https:\/\/lavocedelpaese.info\/index.php\/2025\/04\/12\/comitato-komen-puglia-finanziati-12-progetti-mission-e-6-grants\/"]}]},{"@type":"ImageObject","inLanguage":"it-IT","@id":"https:\/\/lavocedelpaese.info\/index.php\/2025\/04\/12\/comitato-komen-puglia-finanziati-12-progetti-mission-e-6-grants\/#primaryimage","url":"https:\/\/lavocedelpaese.info\/wp-content\/uploads\/2023\/01\/logo-150-127.png","contentUrl":"https:\/\/lavocedelpaese.info\/wp-content\/uploads\/2023\/01\/logo-150-127.png","width":150,"height":127},{"@type":"BreadcrumbList","@id":"https:\/\/lavocedelpaese.info\/index.php\/2025\/04\/12\/comitato-komen-puglia-finanziati-12-progetti-mission-e-6-grants\/#breadcrumb","itemListElement":[{"@type":"ListItem","position":1,"name":"Home","item":"https:\/\/lavocedelpaese.info\/"},{"@type":"ListItem","position":2,"name":"Comitato Komen Puglia: finanziati 12 progetti mission e 6 grants\u00a0\u200b"}]},{"@type":"WebSite","@id":"https:\/\/lavocedelpaese.info\/#website","url":"https:\/\/lavocedelpaese.info\/","name":"La Voce del Paese","description":"Un network di idee","publisher":{"@id":"https:\/\/lavocedelpaese.info\/#organization"},"potentialAction":[{"@type":"SearchAction","target":{"@type":"EntryPoint","urlTemplate":"https:\/\/lavocedelpaese.info\/?s={search_term_string}"},"query-input":{"@type":"PropertyValueSpecification","valueRequired":true,"valueName":"search_term_string"}}],"inLanguage":"it-IT"},{"@type":"Organization","@id":"https:\/\/lavocedelpaese.info\/#organization","name":"La Voce del Paese","url":"https:\/\/lavocedelpaese.info\/","logo":{"@type":"ImageObject","inLanguage":"it-IT","@id":"https:\/\/lavocedelpaese.info\/#\/schema\/logo\/image\/","url":"https:\/\/lavocedelpaese.info\/wp-content\/uploads\/2023\/01\/cropped-logo-150-127.png","contentUrl":"https:\/\/lavocedelpaese.info\/wp-content\/uploads\/2023\/01\/cropped-logo-150-127.png","width":137,"height":119,"caption":"La Voce del Paese"},"image":{"@id":"https:\/\/lavocedelpaese.info\/#\/schema\/logo\/image\/"},"sameAs":["https:\/\/www.facebook.com\/lavocedelpaese.info"]},{"@type":"Person","@id":"https:\/\/lavocedelpaese.info\/#\/schema\/person\/ec151d321306bd7591f7a061abf72d88","name":"admin","image":{"@type":"ImageObject","inLanguage":"it-IT","@id":"https:\/\/secure.gravatar.com\/avatar\/af8f2caf0663124588de48a9380e07cbc95a74ef15b8062d0d39106c32fe3023?s=96&d=mm&r=g","url":"https:\/\/secure.gravatar.com\/avatar\/af8f2caf0663124588de48a9380e07cbc95a74ef15b8062d0d39106c32fe3023?s=96&d=mm&r=g","contentUrl":"https:\/\/secure.gravatar.com\/avatar\/af8f2caf0663124588de48a9380e07cbc95a74ef15b8062d0d39106c32fe3023?s=96&d=mm&r=g","caption":"admin"},"sameAs":["https:\/\/lavocedelpaese.info"],"url":"https:\/\/lavocedelpaese.info\/index.php\/author\/admin\/"}]}},"_links":{"self":[{"href":"https:\/\/lavocedelpaese.info\/index.php\/wp-json\/wp\/v2\/posts\/9161","targetHints":{"allow":["GET"]}}],"collection":[{"href":"https:\/\/lavocedelpaese.info\/index.php\/wp-json\/wp\/v2\/posts"}],"about":[{"href":"https:\/\/lavocedelpaese.info\/index.php\/wp-json\/wp\/v2\/types\/post"}],"author":[{"embeddable":true,"href":"https:\/\/lavocedelpaese.info\/index.php\/wp-json\/wp\/v2\/users\/6"}],"replies":[{"embeddable":true,"href":"https:\/\/lavocedelpaese.info\/index.php\/wp-json\/wp\/v2\/comments?post=9161"}],"version-history":[{"count":0,"href":"https:\/\/lavocedelpaese.info\/index.php\/wp-json\/wp\/v2\/posts\/9161\/revisions"}],"wp:featuredmedia":[{"embeddable":true,"href":"https:\/\/lavocedelpaese.info\/index.php\/wp-json\/wp\/v2\/media\/730"}],"wp:attachment":[{"href":"https:\/\/lavocedelpaese.info\/index.php\/wp-json\/wp\/v2\/media?parent=9161"}],"wp:term":[{"taxonomy":"category","embeddable":true,"href":"https:\/\/lavocedelpaese.info\/index.php\/wp-json\/wp\/v2\/categories?post=9161"},{"taxonomy":"post_tag","embeddable":true,"href":"https:\/\/lavocedelpaese.info\/index.php\/wp-json\/wp\/v2\/tags?post=9161"}],"curies":[{"name":"wp","href":"https:\/\/api.w.org\/{rel}","templated":true}]}}