{"id":9139,"date":"2025-04-07T19:21:09","date_gmt":"2025-04-07T19:21:09","guid":{"rendered":"https:\/\/lavocedelpaese.info\/index.php\/2025\/04\/07\/meeting-progetto-martina\/"},"modified":"2025-04-07T19:21:09","modified_gmt":"2025-04-07T19:21:09","slug":"meeting-progetto-martina","status":"publish","type":"post","link":"https:\/\/lavocedelpaese.info\/index.php\/2025\/04\/07\/meeting-progetto-martina\/","title":{"rendered":"Meeting \u201cProgetto Martina\u201d\u00a0\u200b"},"content":{"rendered":"<p>\u00a0<\/p>\n<p>\u200b\u00a0<\/p>\n<p>\u200b\u00a0<\/p>\n<p>Parliamo ai giovani dei tumori<\/p>\n<p><strong>Venerd\u00ec 11 aprile e Luned\u00ec 14 2025,\u00a0<\/strong>presso\u00a0<strong>l\u2019Istituto \u201cR. Luxembur<\/strong><strong>g\u201d nelle sedi di Casamassima e Acquaviva<\/strong>\u00a0si svolger\u00e0, il meeting<strong>\u00a0<\/strong>\u201c<strong>PROGETTO MARTINA\u201d.<\/strong><\/p>\n<p>I soci del\u00a0<em>Lions Club<\/em><strong>\u00a0\u201c<\/strong><em>Pura Defluit<\/em>\u201d di Acquaviva delle Fonti, ormai da molti anni, organizzano il service rivolto ai giovani studenti delle scuole secondarie superiori di Acquaviva e all\u2019intera cittadinanza.<\/p>\n<p>Ricordiamo che il progetto nasce nel 2006 a Padova, citt\u00e0 natale della giovane Martina, che aveva solo vent\u2019anni quando venne colpita da un tumore alla mammella. Martina espresse attraverso il suo testamento il desiderio che la sua personale vicenda potesse favorire la prevenzione e uno stile di vita sano: \u201c<em>Informate ed educate i giovani ad avere maggiore cura della propria salute; certe malattie sono rare nei giovani, ma proprio nei giovani hanno conseguenze pi\u00f9 pesanti<\/em>\u201d.<\/p>\n<p>Anche quest\u2019anno ci sar\u00e0 un incontro-lezione con gli alunni, i medici esperti e soci Lions la\u00a0<strong>dott.ssa Vita Dimartino,<\/strong><em>\u00a0medico Internista, il\u00a0<\/em><strong>dott. Francesco Boezio<\/strong><em>, medico Andrologo e il\u00a0<\/em><strong>dott. Marino Bulzacchelli<\/strong><em>, farmacista, daranno un\u2019informazione corretta, senza messaggi terrorizzanti e con un linguaggio adatto agli adolescenti sui tumori pi\u00f9 diffusi (oggi pi\u00f9 guaribili che in passato, ma che colpiscono anche i giovani), sui metodi per prevenirne alcuni, sulla necessit\u00e0 di una diagnosi tempestiva mediante l\u2019autocontrollo, il riconoscimento dei sintomi e gli accertamenti pi\u00f9 opportuni.<\/em><\/p>\n<p>Il Progetto si propone di sostenere la lotta ai tumori adottando prioritariamente la cultura quale strumento che permette al singolo individuo di operare scelte consapevoli in grado di ridurre il proprio rischio di contrarre un tumore o di non diagnosticarlo precocemente. Parlare ai giovani dei tumori, perch\u00e9 la lotta contro questa malattia inizia a scuola ed \u00e8 importante aiutarli ad adottare comportamenti virtuosi ai fini della prevenzione tumorale.<\/p>\n<p>L\u2019iniziativa, coordinata dal \u201cThe International Lions Clubs\u201d Multidistretto 108, ha ottenuto prestigiosi patrocini dal Senato della Repubblica, Ministero della Salute, Fondazione Umberto Veronesi, Europa Donna ed \u00e8 finalizzata a far acquisire, fin dalla giovinezza, quando ancora si \u00e8 in buona salute, una cultura della prevenzione da mantenersi tutta la vita. preliminare dei contenuti delle lezioni.<\/p>\n\n<p class=\"has-text-align-right\">Il Presidente del Lions Club \u201cPura Defluit\u201d<\/p>\n<p class=\"has-text-align-right\">Fedele Natuzzi<\/p>\n\n<figure class=\"wp-block-image size-full\"><img decoding=\"async\" width=\"566\" height=\"800\" src=\"https:\/\/acquaviva.lavocedelpaese.info\/wp-content\/uploads\/2025\/04\/485908349_10232742785344977_6259858067433590893_n.jpg\" alt=\"\" class=\"wp-image-5423\"\/><\/figure>\n<figure class=\"wp-block-image size-full\"><img decoding=\"async\" src=\"https:\/\/acquaviva.lavocedelpaese.info\/wp-content\/uploads\/2025\/04\/486082605_10232742787305026_4691564259759404621_n.jpg\" alt=\"\" class=\"wp-image-5424\"\/><\/figure>\n<p><a class=\"a2a_button_facebook\" href=\"https:\/\/www.addtoany.com\/add_to\/facebook?linkurl=https%3A%2F%2Facquaviva.lavocedelpaese.info%2Findex.php%2F2025%2F04%2F07%2Fmeeting-progetto-martina%2F&amp;linkname=Meeting%20%E2%80%9CProgetto%20Martina%E2%80%9D\" title=\"Facebook\" rel=\"nofollow noopener\" target=\"_blank\"><\/a><a class=\"a2a_button_twitter\" href=\"https:\/\/www.addtoany.com\/add_to\/twitter?linkurl=https%3A%2F%2Facquaviva.lavocedelpaese.info%2Findex.php%2F2025%2F04%2F07%2Fmeeting-progetto-martina%2F&amp;linkname=Meeting%20%E2%80%9CProgetto%20Martina%E2%80%9D\" title=\"Twitter\" rel=\"nofollow noopener\" target=\"_blank\"><\/a><a class=\"a2a_button_whatsapp\" href=\"https:\/\/www.addtoany.com\/add_to\/whatsapp?linkurl=https%3A%2F%2Facquaviva.lavocedelpaese.info%2Findex.php%2F2025%2F04%2F07%2Fmeeting-progetto-martina%2F&amp;linkname=Meeting%20%E2%80%9CProgetto%20Martina%E2%80%9D\" title=\"WhatsApp\" rel=\"nofollow noopener\" target=\"_blank\"><\/a><a class=\"a2a_button_telegram\" href=\"https:\/\/www.addtoany.com\/add_to\/telegram?linkurl=https%3A%2F%2Facquaviva.lavocedelpaese.info%2Findex.php%2F2025%2F04%2F07%2Fmeeting-progetto-martina%2F&amp;linkname=Meeting%20%E2%80%9CProgetto%20Martina%E2%80%9D\" title=\"Telegram\" rel=\"nofollow noopener\" target=\"_blank\"><\/a><a class=\"a2a_button_email\" href=\"https:\/\/www.addtoany.com\/add_to\/email?linkurl=https%3A%2F%2Facquaviva.lavocedelpaese.info%2Findex.php%2F2025%2F04%2F07%2Fmeeting-progetto-martina%2F&amp;linkname=Meeting%20%E2%80%9CProgetto%20Martina%E2%80%9D\" title=\"Email\" rel=\"nofollow noopener\" target=\"_blank\"><\/a><\/p>\n<p>\u00a0<\/p>\n<p>\u00a0<\/p>\n<p>\u200b\u00a0\u00a0\u00a0<\/p>","protected":false},"excerpt":{"rendered":"<p>\u00a0 \u200b\u00a0 \u200b\u00a0 Parliamo ai giovani dei tumori Venerd\u00ec 11 aprile e Luned\u00ec 14 2025,\u00a0presso\u00a0l\u2019Istituto \u201cR. Luxemburg\u201d nelle sedi di<\/p>\n","protected":false},"author":6,"featured_media":9140,"comment_status":"open","ping_status":"closed","sticky":false,"template":"","format":"standard","meta":{"colormag_page_container_layout":"default_layout","colormag_page_sidebar_layout":"default_layout","footnotes":""},"categories":[33],"tags":[],"class_list":["post-9139","post","type-post","status-publish","format-standard","has-post-thumbnail","hentry","category-network"],"yoast_head":"<!-- This site is optimized with the Yoast SEO plugin v27.5 - https:\/\/yoast.com\/product\/yoast-seo-wordpress\/ -->\n<title>Meeting \u201cProgetto Martina\u201d\u00a0\u200b - La Voce del Paese<\/title>\n<meta name=\"robots\" content=\"index, follow, max-snippet:-1, max-image-preview:large, max-video-preview:-1\" \/>\n<link rel=\"canonical\" href=\"https:\/\/lavocedelpaese.info\/index.php\/2025\/04\/07\/meeting-progetto-martina\/\" \/>\n<meta property=\"og:locale\" content=\"it_IT\" \/>\n<meta property=\"og:type\" content=\"article\" \/>\n<meta property=\"og:title\" content=\"Meeting \u201cProgetto Martina\u201d\u00a0\u200b - La Voce del Paese\" \/>\n<meta property=\"og:description\" content=\"\u00a0 \u200b\u00a0 \u200b\u00a0 Parliamo ai giovani dei tumori Venerd\u00ec 11 aprile e Luned\u00ec 14 2025,\u00a0presso\u00a0l\u2019Istituto \u201cR. Luxemburg\u201d nelle sedi di\" \/>\n<meta property=\"og:url\" content=\"https:\/\/lavocedelpaese.info\/index.php\/2025\/04\/07\/meeting-progetto-martina\/\" \/>\n<meta property=\"og:site_name\" content=\"La Voce del Paese\" \/>\n<meta property=\"article:publisher\" content=\"https:\/\/www.facebook.com\/lavocedelpaese.info\" \/>\n<meta property=\"article:published_time\" content=\"2025-04-07T19:21:09+00:00\" \/>\n<meta name=\"author\" content=\"admin\" \/>\n<meta name=\"twitter:card\" content=\"summary_large_image\" \/>\n<meta name=\"twitter:label1\" content=\"Scritto da\" \/>\n\t<meta name=\"twitter:data1\" content=\"admin\" \/>\n\t<meta name=\"twitter:label2\" content=\"Tempo di lettura stimato\" \/>\n\t<meta name=\"twitter:data2\" content=\"2 minuti\" \/>\n<script type=\"application\/ld+json\" class=\"yoast-schema-graph\">{\"@context\":\"https:\\\/\\\/schema.org\",\"@graph\":[{\"@type\":\"Article\",\"@id\":\"https:\\\/\\\/lavocedelpaese.info\\\/index.php\\\/2025\\\/04\\\/07\\\/meeting-progetto-martina\\\/#article\",\"isPartOf\":{\"@id\":\"https:\\\/\\\/lavocedelpaese.info\\\/index.php\\\/2025\\\/04\\\/07\\\/meeting-progetto-martina\\\/\"},\"author\":{\"name\":\"admin\",\"@id\":\"https:\\\/\\\/lavocedelpaese.info\\\/#\\\/schema\\\/person\\\/ec151d321306bd7591f7a061abf72d88\"},\"headline\":\"Meeting \u201cProgetto Martina\u201d\u00a0\u200b\",\"datePublished\":\"2025-04-07T19:21:09+00:00\",\"mainEntityOfPage\":{\"@id\":\"https:\\\/\\\/lavocedelpaese.info\\\/index.php\\\/2025\\\/04\\\/07\\\/meeting-progetto-martina\\\/\"},\"wordCount\":354,\"commentCount\":0,\"publisher\":{\"@id\":\"https:\\\/\\\/lavocedelpaese.info\\\/#organization\"},\"image\":{\"@id\":\"https:\\\/\\\/lavocedelpaese.info\\\/index.php\\\/2025\\\/04\\\/07\\\/meeting-progetto-martina\\\/#primaryimage\"},\"thumbnailUrl\":\"https:\\\/\\\/lavocedelpaese.info\\\/wp-content\\\/uploads\\\/2025\\\/04\\\/485908349_10232742785344977_6259858067433590893_n-Gyoelx.jpeg\",\"articleSection\":[\"network\"],\"inLanguage\":\"it-IT\",\"potentialAction\":[{\"@type\":\"CommentAction\",\"name\":\"Comment\",\"target\":[\"https:\\\/\\\/lavocedelpaese.info\\\/index.php\\\/2025\\\/04\\\/07\\\/meeting-progetto-martina\\\/#respond\"]}]},{\"@type\":\"WebPage\",\"@id\":\"https:\\\/\\\/lavocedelpaese.info\\\/index.php\\\/2025\\\/04\\\/07\\\/meeting-progetto-martina\\\/\",\"url\":\"https:\\\/\\\/lavocedelpaese.info\\\/index.php\\\/2025\\\/04\\\/07\\\/meeting-progetto-martina\\\/\",\"name\":\"Meeting \u201cProgetto Martina\u201d\u00a0\u200b - La Voce del Paese\",\"isPartOf\":{\"@id\":\"https:\\\/\\\/lavocedelpaese.info\\\/#website\"},\"primaryImageOfPage\":{\"@id\":\"https:\\\/\\\/lavocedelpaese.info\\\/index.php\\\/2025\\\/04\\\/07\\\/meeting-progetto-martina\\\/#primaryimage\"},\"image\":{\"@id\":\"https:\\\/\\\/lavocedelpaese.info\\\/index.php\\\/2025\\\/04\\\/07\\\/meeting-progetto-martina\\\/#primaryimage\"},\"thumbnailUrl\":\"https:\\\/\\\/lavocedelpaese.info\\\/wp-content\\\/uploads\\\/2025\\\/04\\\/485908349_10232742785344977_6259858067433590893_n-Gyoelx.jpeg\",\"datePublished\":\"2025-04-07T19:21:09+00:00\",\"breadcrumb\":{\"@id\":\"https:\\\/\\\/lavocedelpaese.info\\\/index.php\\\/2025\\\/04\\\/07\\\/meeting-progetto-martina\\\/#breadcrumb\"},\"inLanguage\":\"it-IT\",\"potentialAction\":[{\"@type\":\"ReadAction\",\"target\":[\"https:\\\/\\\/lavocedelpaese.info\\\/index.php\\\/2025\\\/04\\\/07\\\/meeting-progetto-martina\\\/\"]}]},{\"@type\":\"ImageObject\",\"inLanguage\":\"it-IT\",\"@id\":\"https:\\\/\\\/lavocedelpaese.info\\\/index.php\\\/2025\\\/04\\\/07\\\/meeting-progetto-martina\\\/#primaryimage\",\"url\":\"https:\\\/\\\/lavocedelpaese.info\\\/wp-content\\\/uploads\\\/2025\\\/04\\\/485908349_10232742785344977_6259858067433590893_n-Gyoelx.jpeg\",\"contentUrl\":\"https:\\\/\\\/lavocedelpaese.info\\\/wp-content\\\/uploads\\\/2025\\\/04\\\/485908349_10232742785344977_6259858067433590893_n-Gyoelx.jpeg\",\"width\":566,\"height\":800},{\"@type\":\"BreadcrumbList\",\"@id\":\"https:\\\/\\\/lavocedelpaese.info\\\/index.php\\\/2025\\\/04\\\/07\\\/meeting-progetto-martina\\\/#breadcrumb\",\"itemListElement\":[{\"@type\":\"ListItem\",\"position\":1,\"name\":\"Home\",\"item\":\"https:\\\/\\\/lavocedelpaese.info\\\/\"},{\"@type\":\"ListItem\",\"position\":2,\"name\":\"Meeting \u201cProgetto Martina\u201d\u00a0\u200b\"}]},{\"@type\":\"WebSite\",\"@id\":\"https:\\\/\\\/lavocedelpaese.info\\\/#website\",\"url\":\"https:\\\/\\\/lavocedelpaese.info\\\/\",\"name\":\"La Voce del Paese\",\"description\":\"Un network di idee\",\"publisher\":{\"@id\":\"https:\\\/\\\/lavocedelpaese.info\\\/#organization\"},\"potentialAction\":[{\"@type\":\"SearchAction\",\"target\":{\"@type\":\"EntryPoint\",\"urlTemplate\":\"https:\\\/\\\/lavocedelpaese.info\\\/?s={search_term_string}\"},\"query-input\":{\"@type\":\"PropertyValueSpecification\",\"valueRequired\":true,\"valueName\":\"search_term_string\"}}],\"inLanguage\":\"it-IT\"},{\"@type\":\"Organization\",\"@id\":\"https:\\\/\\\/lavocedelpaese.info\\\/#organization\",\"name\":\"La Voce del Paese\",\"url\":\"https:\\\/\\\/lavocedelpaese.info\\\/\",\"logo\":{\"@type\":\"ImageObject\",\"inLanguage\":\"it-IT\",\"@id\":\"https:\\\/\\\/lavocedelpaese.info\\\/#\\\/schema\\\/logo\\\/image\\\/\",\"url\":\"https:\\\/\\\/lavocedelpaese.info\\\/wp-content\\\/uploads\\\/2023\\\/01\\\/cropped-logo-150-127.png\",\"contentUrl\":\"https:\\\/\\\/lavocedelpaese.info\\\/wp-content\\\/uploads\\\/2023\\\/01\\\/cropped-logo-150-127.png\",\"width\":137,\"height\":119,\"caption\":\"La Voce del Paese\"},\"image\":{\"@id\":\"https:\\\/\\\/lavocedelpaese.info\\\/#\\\/schema\\\/logo\\\/image\\\/\"},\"sameAs\":[\"https:\\\/\\\/www.facebook.com\\\/lavocedelpaese.info\"]},{\"@type\":\"Person\",\"@id\":\"https:\\\/\\\/lavocedelpaese.info\\\/#\\\/schema\\\/person\\\/ec151d321306bd7591f7a061abf72d88\",\"name\":\"admin\",\"image\":{\"@type\":\"ImageObject\",\"inLanguage\":\"it-IT\",\"@id\":\"https:\\\/\\\/secure.gravatar.com\\\/avatar\\\/af8f2caf0663124588de48a9380e07cbc95a74ef15b8062d0d39106c32fe3023?s=96&d=mm&r=g\",\"url\":\"https:\\\/\\\/secure.gravatar.com\\\/avatar\\\/af8f2caf0663124588de48a9380e07cbc95a74ef15b8062d0d39106c32fe3023?s=96&d=mm&r=g\",\"contentUrl\":\"https:\\\/\\\/secure.gravatar.com\\\/avatar\\\/af8f2caf0663124588de48a9380e07cbc95a74ef15b8062d0d39106c32fe3023?s=96&d=mm&r=g\",\"caption\":\"admin\"},\"sameAs\":[\"https:\\\/\\\/lavocedelpaese.info\"],\"url\":\"https:\\\/\\\/lavocedelpaese.info\\\/index.php\\\/author\\\/admin\\\/\"}]}<\/script>\n<!-- \/ Yoast SEO plugin. -->","yoast_head_json":{"title":"Meeting \u201cProgetto Martina\u201d\u00a0\u200b - La Voce del Paese","robots":{"index":"index","follow":"follow","max-snippet":"max-snippet:-1","max-image-preview":"max-image-preview:large","max-video-preview":"max-video-preview:-1"},"canonical":"https:\/\/lavocedelpaese.info\/index.php\/2025\/04\/07\/meeting-progetto-martina\/","og_locale":"it_IT","og_type":"article","og_title":"Meeting \u201cProgetto Martina\u201d\u00a0\u200b - La Voce del Paese","og_description":"\u00a0 \u200b\u00a0 \u200b\u00a0 Parliamo ai giovani dei tumori Venerd\u00ec 11 aprile e Luned\u00ec 14 2025,\u00a0presso\u00a0l\u2019Istituto \u201cR. Luxemburg\u201d nelle sedi di","og_url":"https:\/\/lavocedelpaese.info\/index.php\/2025\/04\/07\/meeting-progetto-martina\/","og_site_name":"La Voce del Paese","article_publisher":"https:\/\/www.facebook.com\/lavocedelpaese.info","article_published_time":"2025-04-07T19:21:09+00:00","author":"admin","twitter_card":"summary_large_image","twitter_misc":{"Scritto da":"admin","Tempo di lettura stimato":"2 minuti"},"schema":{"@context":"https:\/\/schema.org","@graph":[{"@type":"Article","@id":"https:\/\/lavocedelpaese.info\/index.php\/2025\/04\/07\/meeting-progetto-martina\/#article","isPartOf":{"@id":"https:\/\/lavocedelpaese.info\/index.php\/2025\/04\/07\/meeting-progetto-martina\/"},"author":{"name":"admin","@id":"https:\/\/lavocedelpaese.info\/#\/schema\/person\/ec151d321306bd7591f7a061abf72d88"},"headline":"Meeting \u201cProgetto Martina\u201d\u00a0\u200b","datePublished":"2025-04-07T19:21:09+00:00","mainEntityOfPage":{"@id":"https:\/\/lavocedelpaese.info\/index.php\/2025\/04\/07\/meeting-progetto-martina\/"},"wordCount":354,"commentCount":0,"publisher":{"@id":"https:\/\/lavocedelpaese.info\/#organization"},"image":{"@id":"https:\/\/lavocedelpaese.info\/index.php\/2025\/04\/07\/meeting-progetto-martina\/#primaryimage"},"thumbnailUrl":"https:\/\/lavocedelpaese.info\/wp-content\/uploads\/2025\/04\/485908349_10232742785344977_6259858067433590893_n-Gyoelx.jpeg","articleSection":["network"],"inLanguage":"it-IT","potentialAction":[{"@type":"CommentAction","name":"Comment","target":["https:\/\/lavocedelpaese.info\/index.php\/2025\/04\/07\/meeting-progetto-martina\/#respond"]}]},{"@type":"WebPage","@id":"https:\/\/lavocedelpaese.info\/index.php\/2025\/04\/07\/meeting-progetto-martina\/","url":"https:\/\/lavocedelpaese.info\/index.php\/2025\/04\/07\/meeting-progetto-martina\/","name":"Meeting \u201cProgetto Martina\u201d\u00a0\u200b - La Voce del Paese","isPartOf":{"@id":"https:\/\/lavocedelpaese.info\/#website"},"primaryImageOfPage":{"@id":"https:\/\/lavocedelpaese.info\/index.php\/2025\/04\/07\/meeting-progetto-martina\/#primaryimage"},"image":{"@id":"https:\/\/lavocedelpaese.info\/index.php\/2025\/04\/07\/meeting-progetto-martina\/#primaryimage"},"thumbnailUrl":"https:\/\/lavocedelpaese.info\/wp-content\/uploads\/2025\/04\/485908349_10232742785344977_6259858067433590893_n-Gyoelx.jpeg","datePublished":"2025-04-07T19:21:09+00:00","breadcrumb":{"@id":"https:\/\/lavocedelpaese.info\/index.php\/2025\/04\/07\/meeting-progetto-martina\/#breadcrumb"},"inLanguage":"it-IT","potentialAction":[{"@type":"ReadAction","target":["https:\/\/lavocedelpaese.info\/index.php\/2025\/04\/07\/meeting-progetto-martina\/"]}]},{"@type":"ImageObject","inLanguage":"it-IT","@id":"https:\/\/lavocedelpaese.info\/index.php\/2025\/04\/07\/meeting-progetto-martina\/#primaryimage","url":"https:\/\/lavocedelpaese.info\/wp-content\/uploads\/2025\/04\/485908349_10232742785344977_6259858067433590893_n-Gyoelx.jpeg","contentUrl":"https:\/\/lavocedelpaese.info\/wp-content\/uploads\/2025\/04\/485908349_10232742785344977_6259858067433590893_n-Gyoelx.jpeg","width":566,"height":800},{"@type":"BreadcrumbList","@id":"https:\/\/lavocedelpaese.info\/index.php\/2025\/04\/07\/meeting-progetto-martina\/#breadcrumb","itemListElement":[{"@type":"ListItem","position":1,"name":"Home","item":"https:\/\/lavocedelpaese.info\/"},{"@type":"ListItem","position":2,"name":"Meeting \u201cProgetto Martina\u201d\u00a0\u200b"}]},{"@type":"WebSite","@id":"https:\/\/lavocedelpaese.info\/#website","url":"https:\/\/lavocedelpaese.info\/","name":"La Voce del Paese","description":"Un network di idee","publisher":{"@id":"https:\/\/lavocedelpaese.info\/#organization"},"potentialAction":[{"@type":"SearchAction","target":{"@type":"EntryPoint","urlTemplate":"https:\/\/lavocedelpaese.info\/?s={search_term_string}"},"query-input":{"@type":"PropertyValueSpecification","valueRequired":true,"valueName":"search_term_string"}}],"inLanguage":"it-IT"},{"@type":"Organization","@id":"https:\/\/lavocedelpaese.info\/#organization","name":"La Voce del Paese","url":"https:\/\/lavocedelpaese.info\/","logo":{"@type":"ImageObject","inLanguage":"it-IT","@id":"https:\/\/lavocedelpaese.info\/#\/schema\/logo\/image\/","url":"https:\/\/lavocedelpaese.info\/wp-content\/uploads\/2023\/01\/cropped-logo-150-127.png","contentUrl":"https:\/\/lavocedelpaese.info\/wp-content\/uploads\/2023\/01\/cropped-logo-150-127.png","width":137,"height":119,"caption":"La Voce del Paese"},"image":{"@id":"https:\/\/lavocedelpaese.info\/#\/schema\/logo\/image\/"},"sameAs":["https:\/\/www.facebook.com\/lavocedelpaese.info"]},{"@type":"Person","@id":"https:\/\/lavocedelpaese.info\/#\/schema\/person\/ec151d321306bd7591f7a061abf72d88","name":"admin","image":{"@type":"ImageObject","inLanguage":"it-IT","@id":"https:\/\/secure.gravatar.com\/avatar\/af8f2caf0663124588de48a9380e07cbc95a74ef15b8062d0d39106c32fe3023?s=96&d=mm&r=g","url":"https:\/\/secure.gravatar.com\/avatar\/af8f2caf0663124588de48a9380e07cbc95a74ef15b8062d0d39106c32fe3023?s=96&d=mm&r=g","contentUrl":"https:\/\/secure.gravatar.com\/avatar\/af8f2caf0663124588de48a9380e07cbc95a74ef15b8062d0d39106c32fe3023?s=96&d=mm&r=g","caption":"admin"},"sameAs":["https:\/\/lavocedelpaese.info"],"url":"https:\/\/lavocedelpaese.info\/index.php\/author\/admin\/"}]}},"_links":{"self":[{"href":"https:\/\/lavocedelpaese.info\/index.php\/wp-json\/wp\/v2\/posts\/9139","targetHints":{"allow":["GET"]}}],"collection":[{"href":"https:\/\/lavocedelpaese.info\/index.php\/wp-json\/wp\/v2\/posts"}],"about":[{"href":"https:\/\/lavocedelpaese.info\/index.php\/wp-json\/wp\/v2\/types\/post"}],"author":[{"embeddable":true,"href":"https:\/\/lavocedelpaese.info\/index.php\/wp-json\/wp\/v2\/users\/6"}],"replies":[{"embeddable":true,"href":"https:\/\/lavocedelpaese.info\/index.php\/wp-json\/wp\/v2\/comments?post=9139"}],"version-history":[{"count":0,"href":"https:\/\/lavocedelpaese.info\/index.php\/wp-json\/wp\/v2\/posts\/9139\/revisions"}],"wp:featuredmedia":[{"embeddable":true,"href":"https:\/\/lavocedelpaese.info\/index.php\/wp-json\/wp\/v2\/media\/9140"}],"wp:attachment":[{"href":"https:\/\/lavocedelpaese.info\/index.php\/wp-json\/wp\/v2\/media?parent=9139"}],"wp:term":[{"taxonomy":"category","embeddable":true,"href":"https:\/\/lavocedelpaese.info\/index.php\/wp-json\/wp\/v2\/categories?post=9139"},{"taxonomy":"post_tag","embeddable":true,"href":"https:\/\/lavocedelpaese.info\/index.php\/wp-json\/wp\/v2\/tags?post=9139"}],"curies":[{"name":"wp","href":"https:\/\/api.w.org\/{rel}","templated":true}]}}