{"id":9115,"date":"2025-04-03T01:21:55","date_gmt":"2025-04-03T01:21:55","guid":{"rendered":"https:\/\/lavocedelpaese.info\/index.php\/2025\/04\/03\/incidente-mortale-sulla-turi-putignano-addio-a-fabiana-chiarappa\/"},"modified":"2025-04-03T01:21:55","modified_gmt":"2025-04-03T01:21:55","slug":"incidente-mortale-sulla-turi-putignano-addio-a-fabiana-chiarappa","status":"publish","type":"post","link":"https:\/\/lavocedelpaese.info\/index.php\/2025\/04\/03\/incidente-mortale-sulla-turi-putignano-addio-a-fabiana-chiarappa\/","title":{"rendered":"Incidente mortale sulla Turi-Putignano, addio a Fabiana Chiarappa\u00a0\u200b"},"content":{"rendered":"<p>\u00a0<\/p>\n<p>\u200b\u00a0<\/p>\n<p>\u200b\u00a0<\/p>\n<div><\/div>\n<h4 class=\"wp-block-heading\"><strong>La 32enne, soccorritrice del 118 della postazione di Turi, ha perso la vita mentre rientrava a casa in moto<\/strong><\/h4>\n<p>Ieri sera, 2 aprile, intorno alle 20:30, la Strada Statale 172, che collega Turi a Putignano, \u00e8 stata teatro di un tragico incidente in cui ha perso la vita <strong>Fabiana Chiarappa<\/strong>, 32 anni, originaria di Cellamare.<\/p>\n<p>La donna, autista-soccorritrice del 118 in servizio presso la postazione di Turi, stava rientrando a casa in sella alla sua moto quando, per cause ancora da accertare, ha improvvisamente perso il controllo del mezzo, schiantandosi contro un muretto a secco.<\/p>\n<p>Sul posto sono intervenuti tempestivamente i soccorritori del 118, che per\u00f2 non hanno potuto far altro che constatare il decesso della collega.<\/p>\n<p>Oltre alla passione per le due ruote, Fabiana era un\u2019amante del rugby e militava nella <strong>Bears Rugby Capurso<\/strong>, distinguendosi per spirito di squadra e determinazione.<\/p>\n<p>I Carabinieri della Stazione di Turi hanno effettuato i rilievi necessari e sono al lavoro per ricostruire con esattezza la dinamica dell\u2019incidente e accertarne le cause.<\/p>\n<h4 class=\"wp-block-heading\"><strong>Il cordoglio dell\u2019Amministrazione De Tomaso<\/strong><\/h4>\n<p>\u201cL\u2019amministrazione comunale di Turi \u00e8 vicina alla famiglia di Fabiana Chiarappa, in servizio presso il 118 del nostro paese, morta a soli 32 anni in un terribile incidente stradale. Siamo vicini anche a tutta la famiglia del 118.<\/p>\n<p>Gli antichi dicevano che muore giovane chi al cielo \u00e8 caro. Ma \u00e8 una riflessione dura da accettare.<\/p>\n<p>Morire cos\u00ec, per caso, per una fatalit\u00e0, rende il congedo dalla vita terrena, ancora pi\u00f9 doloroso.<\/p>\n<p>Tutti convengono sulla gioia di vivere che animava Fabiana che non a caso aveva scelto un\u2019attivit\u00e0 simbolo di generosit\u00e0 e solidariet\u00e0.<\/p>\n<p>Un abbraccio a tutti i suoi\u201d.<\/p>\n<h4 class=\"wp-block-heading\"><strong>Il messaggio della Bears Rugby Capurso<\/strong><\/h4>\n<p>\u201cAttoniti e devastati dal dolore ci stringiamo intorno ai genitori ed a tutta la Famiglia per la prematura scomparsa della nostra Amata Fabiana Chiarappa.<\/p>\n<p>Ciao Faby insegna agli angeli il nostro Sport che amavi tanto e continua a lanciare le tue magiche Touch.<\/p>\n<p>Noi non smetteremo mai di pensarti.<\/p>\n<p>Con grande Amore la tua Famiglia <a href=\"https:\/\/www.facebook.com\/rugbycapurso\/?locale=it_IT\" target=\"_blank\" rel=\"noreferrer noopener\">Bears Rugby Capurso<\/a> ti saluta\u201d.<\/p>\n<figure class=\"wp-block-image size-full\"><img decoding=\"async\" width=\"1100\" height=\"732\" src=\"https:\/\/turi.lavocedelpaese.info\/wp-content\/uploads\/2025\/04\/488412133_1225580706238490_2184534618744112647_n.jpg\" alt=\"\" class=\"wp-image-6790\"\/><\/figure>\n<p><a class=\"a2a_button_facebook\" href=\"https:\/\/www.addtoany.com\/add_to\/facebook?linkurl=https%3A%2F%2Fturi.lavocedelpaese.info%2Fincidente-mortale-sulla-turi-putignano-addio-a-fabiana-chiarappa%2F&amp;linkname=Incidente%20mortale%20sulla%20Turi-Putignano%2C%20addio%20a%20Fabiana%20Chiarappa\" title=\"Facebook\" rel=\"nofollow noopener\" target=\"_blank\"><\/a><a class=\"a2a_button_twitter\" href=\"https:\/\/www.addtoany.com\/add_to\/twitter?linkurl=https%3A%2F%2Fturi.lavocedelpaese.info%2Fincidente-mortale-sulla-turi-putignano-addio-a-fabiana-chiarappa%2F&amp;linkname=Incidente%20mortale%20sulla%20Turi-Putignano%2C%20addio%20a%20Fabiana%20Chiarappa\" title=\"Twitter\" rel=\"nofollow noopener\" target=\"_blank\"><\/a><a class=\"a2a_button_whatsapp\" href=\"https:\/\/www.addtoany.com\/add_to\/whatsapp?linkurl=https%3A%2F%2Fturi.lavocedelpaese.info%2Fincidente-mortale-sulla-turi-putignano-addio-a-fabiana-chiarappa%2F&amp;linkname=Incidente%20mortale%20sulla%20Turi-Putignano%2C%20addio%20a%20Fabiana%20Chiarappa\" title=\"WhatsApp\" rel=\"nofollow noopener\" target=\"_blank\"><\/a><a class=\"a2a_button_telegram\" href=\"https:\/\/www.addtoany.com\/add_to\/telegram?linkurl=https%3A%2F%2Fturi.lavocedelpaese.info%2Fincidente-mortale-sulla-turi-putignano-addio-a-fabiana-chiarappa%2F&amp;linkname=Incidente%20mortale%20sulla%20Turi-Putignano%2C%20addio%20a%20Fabiana%20Chiarappa\" title=\"Telegram\" rel=\"nofollow noopener\" target=\"_blank\"><\/a><a class=\"a2a_button_email\" href=\"https:\/\/www.addtoany.com\/add_to\/email?linkurl=https%3A%2F%2Fturi.lavocedelpaese.info%2Fincidente-mortale-sulla-turi-putignano-addio-a-fabiana-chiarappa%2F&amp;linkname=Incidente%20mortale%20sulla%20Turi-Putignano%2C%20addio%20a%20Fabiana%20Chiarappa\" title=\"Email\" rel=\"nofollow noopener\" target=\"_blank\"><\/a><\/p>\n<p>L&#8217;articolo <a href=\"https:\/\/turi.lavocedelpaese.info\/incidente-mortale-sulla-turi-putignano-addio-a-fabiana-chiarappa\/\">Incidente mortale sulla Turi-Putignano, addio a Fabiana Chiarappa<\/a> proviene da <a href=\"https:\/\/turi.lavocedelpaese.info\/\">Turi &#8211; La Voce del Paese<\/a>.<\/p>\n<p>\u00a0<\/p>\n<p>\u00a0<\/p>\n<p>\u200b\u00a0\u00a0\u00a0<\/p>","protected":false},"excerpt":{"rendered":"<p>\u00a0 \u200b\u00a0 \u200b\u00a0 La 32enne, soccorritrice del 118 della postazione di Turi, ha perso la vita mentre rientrava a casa<\/p>\n","protected":false},"author":6,"featured_media":9116,"comment_status":"open","ping_status":"closed","sticky":false,"template":"","format":"standard","meta":{"colormag_page_container_layout":"default_layout","colormag_page_sidebar_layout":"default_layout","footnotes":""},"categories":[33],"tags":[],"class_list":["post-9115","post","type-post","status-publish","format-standard","has-post-thumbnail","hentry","category-network"],"yoast_head":"<!-- This site is optimized with the Yoast SEO plugin v27.5 - https:\/\/yoast.com\/product\/yoast-seo-wordpress\/ -->\n<title>Incidente mortale sulla Turi-Putignano, addio a Fabiana Chiarappa\u00a0\u200b - La Voce del Paese<\/title>\n<meta name=\"robots\" content=\"index, follow, max-snippet:-1, max-image-preview:large, max-video-preview:-1\" \/>\n<link rel=\"canonical\" href=\"https:\/\/lavocedelpaese.info\/index.php\/2025\/04\/03\/incidente-mortale-sulla-turi-putignano-addio-a-fabiana-chiarappa\/\" \/>\n<meta property=\"og:locale\" content=\"it_IT\" \/>\n<meta property=\"og:type\" content=\"article\" \/>\n<meta property=\"og:title\" content=\"Incidente mortale sulla Turi-Putignano, addio a Fabiana Chiarappa\u00a0\u200b - La Voce del Paese\" \/>\n<meta property=\"og:description\" content=\"\u00a0 \u200b\u00a0 \u200b\u00a0 La 32enne, soccorritrice del 118 della postazione di Turi, ha perso la vita mentre rientrava a casa\" \/>\n<meta property=\"og:url\" content=\"https:\/\/lavocedelpaese.info\/index.php\/2025\/04\/03\/incidente-mortale-sulla-turi-putignano-addio-a-fabiana-chiarappa\/\" \/>\n<meta property=\"og:site_name\" content=\"La Voce del Paese\" \/>\n<meta property=\"article:publisher\" content=\"https:\/\/www.facebook.com\/lavocedelpaese.info\" \/>\n<meta property=\"article:published_time\" content=\"2025-04-03T01:21:55+00:00\" \/>\n<meta name=\"author\" content=\"admin\" \/>\n<meta name=\"twitter:card\" content=\"summary_large_image\" \/>\n<meta name=\"twitter:label1\" content=\"Scritto da\" \/>\n\t<meta name=\"twitter:data1\" content=\"admin\" \/>\n\t<meta name=\"twitter:label2\" content=\"Tempo di lettura stimato\" \/>\n\t<meta name=\"twitter:data2\" content=\"2 minuti\" \/>\n<script type=\"application\/ld+json\" class=\"yoast-schema-graph\">{\"@context\":\"https:\\\/\\\/schema.org\",\"@graph\":[{\"@type\":\"Article\",\"@id\":\"https:\\\/\\\/lavocedelpaese.info\\\/index.php\\\/2025\\\/04\\\/03\\\/incidente-mortale-sulla-turi-putignano-addio-a-fabiana-chiarappa\\\/#article\",\"isPartOf\":{\"@id\":\"https:\\\/\\\/lavocedelpaese.info\\\/index.php\\\/2025\\\/04\\\/03\\\/incidente-mortale-sulla-turi-putignano-addio-a-fabiana-chiarappa\\\/\"},\"author\":{\"name\":\"admin\",\"@id\":\"https:\\\/\\\/lavocedelpaese.info\\\/#\\\/schema\\\/person\\\/ec151d321306bd7591f7a061abf72d88\"},\"headline\":\"Incidente mortale sulla Turi-Putignano, addio a Fabiana Chiarappa\u00a0\u200b\",\"datePublished\":\"2025-04-03T01:21:55+00:00\",\"mainEntityOfPage\":{\"@id\":\"https:\\\/\\\/lavocedelpaese.info\\\/index.php\\\/2025\\\/04\\\/03\\\/incidente-mortale-sulla-turi-putignano-addio-a-fabiana-chiarappa\\\/\"},\"wordCount\":355,\"commentCount\":0,\"publisher\":{\"@id\":\"https:\\\/\\\/lavocedelpaese.info\\\/#organization\"},\"image\":{\"@id\":\"https:\\\/\\\/lavocedelpaese.info\\\/index.php\\\/2025\\\/04\\\/03\\\/incidente-mortale-sulla-turi-putignano-addio-a-fabiana-chiarappa\\\/#primaryimage\"},\"thumbnailUrl\":\"https:\\\/\\\/lavocedelpaese.info\\\/wp-content\\\/uploads\\\/2025\\\/04\\\/488412133_1225580706238490_2184534618744112647_n-Ey4AAP.jpeg\",\"articleSection\":[\"network\"],\"inLanguage\":\"it-IT\",\"potentialAction\":[{\"@type\":\"CommentAction\",\"name\":\"Comment\",\"target\":[\"https:\\\/\\\/lavocedelpaese.info\\\/index.php\\\/2025\\\/04\\\/03\\\/incidente-mortale-sulla-turi-putignano-addio-a-fabiana-chiarappa\\\/#respond\"]}]},{\"@type\":\"WebPage\",\"@id\":\"https:\\\/\\\/lavocedelpaese.info\\\/index.php\\\/2025\\\/04\\\/03\\\/incidente-mortale-sulla-turi-putignano-addio-a-fabiana-chiarappa\\\/\",\"url\":\"https:\\\/\\\/lavocedelpaese.info\\\/index.php\\\/2025\\\/04\\\/03\\\/incidente-mortale-sulla-turi-putignano-addio-a-fabiana-chiarappa\\\/\",\"name\":\"Incidente mortale sulla Turi-Putignano, addio a Fabiana Chiarappa\u00a0\u200b - La Voce del Paese\",\"isPartOf\":{\"@id\":\"https:\\\/\\\/lavocedelpaese.info\\\/#website\"},\"primaryImageOfPage\":{\"@id\":\"https:\\\/\\\/lavocedelpaese.info\\\/index.php\\\/2025\\\/04\\\/03\\\/incidente-mortale-sulla-turi-putignano-addio-a-fabiana-chiarappa\\\/#primaryimage\"},\"image\":{\"@id\":\"https:\\\/\\\/lavocedelpaese.info\\\/index.php\\\/2025\\\/04\\\/03\\\/incidente-mortale-sulla-turi-putignano-addio-a-fabiana-chiarappa\\\/#primaryimage\"},\"thumbnailUrl\":\"https:\\\/\\\/lavocedelpaese.info\\\/wp-content\\\/uploads\\\/2025\\\/04\\\/488412133_1225580706238490_2184534618744112647_n-Ey4AAP.jpeg\",\"datePublished\":\"2025-04-03T01:21:55+00:00\",\"breadcrumb\":{\"@id\":\"https:\\\/\\\/lavocedelpaese.info\\\/index.php\\\/2025\\\/04\\\/03\\\/incidente-mortale-sulla-turi-putignano-addio-a-fabiana-chiarappa\\\/#breadcrumb\"},\"inLanguage\":\"it-IT\",\"potentialAction\":[{\"@type\":\"ReadAction\",\"target\":[\"https:\\\/\\\/lavocedelpaese.info\\\/index.php\\\/2025\\\/04\\\/03\\\/incidente-mortale-sulla-turi-putignano-addio-a-fabiana-chiarappa\\\/\"]}]},{\"@type\":\"ImageObject\",\"inLanguage\":\"it-IT\",\"@id\":\"https:\\\/\\\/lavocedelpaese.info\\\/index.php\\\/2025\\\/04\\\/03\\\/incidente-mortale-sulla-turi-putignano-addio-a-fabiana-chiarappa\\\/#primaryimage\",\"url\":\"https:\\\/\\\/lavocedelpaese.info\\\/wp-content\\\/uploads\\\/2025\\\/04\\\/488412133_1225580706238490_2184534618744112647_n-Ey4AAP.jpeg\",\"contentUrl\":\"https:\\\/\\\/lavocedelpaese.info\\\/wp-content\\\/uploads\\\/2025\\\/04\\\/488412133_1225580706238490_2184534618744112647_n-Ey4AAP.jpeg\",\"width\":1000,\"height\":665},{\"@type\":\"BreadcrumbList\",\"@id\":\"https:\\\/\\\/lavocedelpaese.info\\\/index.php\\\/2025\\\/04\\\/03\\\/incidente-mortale-sulla-turi-putignano-addio-a-fabiana-chiarappa\\\/#breadcrumb\",\"itemListElement\":[{\"@type\":\"ListItem\",\"position\":1,\"name\":\"Home\",\"item\":\"https:\\\/\\\/lavocedelpaese.info\\\/\"},{\"@type\":\"ListItem\",\"position\":2,\"name\":\"Incidente mortale sulla Turi-Putignano, addio a Fabiana Chiarappa\u00a0\u200b\"}]},{\"@type\":\"WebSite\",\"@id\":\"https:\\\/\\\/lavocedelpaese.info\\\/#website\",\"url\":\"https:\\\/\\\/lavocedelpaese.info\\\/\",\"name\":\"La Voce del Paese\",\"description\":\"Un network di idee\",\"publisher\":{\"@id\":\"https:\\\/\\\/lavocedelpaese.info\\\/#organization\"},\"potentialAction\":[{\"@type\":\"SearchAction\",\"target\":{\"@type\":\"EntryPoint\",\"urlTemplate\":\"https:\\\/\\\/lavocedelpaese.info\\\/?s={search_term_string}\"},\"query-input\":{\"@type\":\"PropertyValueSpecification\",\"valueRequired\":true,\"valueName\":\"search_term_string\"}}],\"inLanguage\":\"it-IT\"},{\"@type\":\"Organization\",\"@id\":\"https:\\\/\\\/lavocedelpaese.info\\\/#organization\",\"name\":\"La Voce del Paese\",\"url\":\"https:\\\/\\\/lavocedelpaese.info\\\/\",\"logo\":{\"@type\":\"ImageObject\",\"inLanguage\":\"it-IT\",\"@id\":\"https:\\\/\\\/lavocedelpaese.info\\\/#\\\/schema\\\/logo\\\/image\\\/\",\"url\":\"https:\\\/\\\/lavocedelpaese.info\\\/wp-content\\\/uploads\\\/2023\\\/01\\\/cropped-logo-150-127.png\",\"contentUrl\":\"https:\\\/\\\/lavocedelpaese.info\\\/wp-content\\\/uploads\\\/2023\\\/01\\\/cropped-logo-150-127.png\",\"width\":137,\"height\":119,\"caption\":\"La Voce del Paese\"},\"image\":{\"@id\":\"https:\\\/\\\/lavocedelpaese.info\\\/#\\\/schema\\\/logo\\\/image\\\/\"},\"sameAs\":[\"https:\\\/\\\/www.facebook.com\\\/lavocedelpaese.info\"]},{\"@type\":\"Person\",\"@id\":\"https:\\\/\\\/lavocedelpaese.info\\\/#\\\/schema\\\/person\\\/ec151d321306bd7591f7a061abf72d88\",\"name\":\"admin\",\"image\":{\"@type\":\"ImageObject\",\"inLanguage\":\"it-IT\",\"@id\":\"https:\\\/\\\/secure.gravatar.com\\\/avatar\\\/af8f2caf0663124588de48a9380e07cbc95a74ef15b8062d0d39106c32fe3023?s=96&d=mm&r=g\",\"url\":\"https:\\\/\\\/secure.gravatar.com\\\/avatar\\\/af8f2caf0663124588de48a9380e07cbc95a74ef15b8062d0d39106c32fe3023?s=96&d=mm&r=g\",\"contentUrl\":\"https:\\\/\\\/secure.gravatar.com\\\/avatar\\\/af8f2caf0663124588de48a9380e07cbc95a74ef15b8062d0d39106c32fe3023?s=96&d=mm&r=g\",\"caption\":\"admin\"},\"sameAs\":[\"https:\\\/\\\/lavocedelpaese.info\"],\"url\":\"https:\\\/\\\/lavocedelpaese.info\\\/index.php\\\/author\\\/admin\\\/\"}]}<\/script>\n<!-- \/ Yoast SEO plugin. -->","yoast_head_json":{"title":"Incidente mortale sulla Turi-Putignano, addio a Fabiana Chiarappa\u00a0\u200b - La Voce del Paese","robots":{"index":"index","follow":"follow","max-snippet":"max-snippet:-1","max-image-preview":"max-image-preview:large","max-video-preview":"max-video-preview:-1"},"canonical":"https:\/\/lavocedelpaese.info\/index.php\/2025\/04\/03\/incidente-mortale-sulla-turi-putignano-addio-a-fabiana-chiarappa\/","og_locale":"it_IT","og_type":"article","og_title":"Incidente mortale sulla Turi-Putignano, addio a Fabiana Chiarappa\u00a0\u200b - La Voce del Paese","og_description":"\u00a0 \u200b\u00a0 \u200b\u00a0 La 32enne, soccorritrice del 118 della postazione di Turi, ha perso la vita mentre rientrava a casa","og_url":"https:\/\/lavocedelpaese.info\/index.php\/2025\/04\/03\/incidente-mortale-sulla-turi-putignano-addio-a-fabiana-chiarappa\/","og_site_name":"La Voce del Paese","article_publisher":"https:\/\/www.facebook.com\/lavocedelpaese.info","article_published_time":"2025-04-03T01:21:55+00:00","author":"admin","twitter_card":"summary_large_image","twitter_misc":{"Scritto da":"admin","Tempo di lettura stimato":"2 minuti"},"schema":{"@context":"https:\/\/schema.org","@graph":[{"@type":"Article","@id":"https:\/\/lavocedelpaese.info\/index.php\/2025\/04\/03\/incidente-mortale-sulla-turi-putignano-addio-a-fabiana-chiarappa\/#article","isPartOf":{"@id":"https:\/\/lavocedelpaese.info\/index.php\/2025\/04\/03\/incidente-mortale-sulla-turi-putignano-addio-a-fabiana-chiarappa\/"},"author":{"name":"admin","@id":"https:\/\/lavocedelpaese.info\/#\/schema\/person\/ec151d321306bd7591f7a061abf72d88"},"headline":"Incidente mortale sulla Turi-Putignano, addio a Fabiana Chiarappa\u00a0\u200b","datePublished":"2025-04-03T01:21:55+00:00","mainEntityOfPage":{"@id":"https:\/\/lavocedelpaese.info\/index.php\/2025\/04\/03\/incidente-mortale-sulla-turi-putignano-addio-a-fabiana-chiarappa\/"},"wordCount":355,"commentCount":0,"publisher":{"@id":"https:\/\/lavocedelpaese.info\/#organization"},"image":{"@id":"https:\/\/lavocedelpaese.info\/index.php\/2025\/04\/03\/incidente-mortale-sulla-turi-putignano-addio-a-fabiana-chiarappa\/#primaryimage"},"thumbnailUrl":"https:\/\/lavocedelpaese.info\/wp-content\/uploads\/2025\/04\/488412133_1225580706238490_2184534618744112647_n-Ey4AAP.jpeg","articleSection":["network"],"inLanguage":"it-IT","potentialAction":[{"@type":"CommentAction","name":"Comment","target":["https:\/\/lavocedelpaese.info\/index.php\/2025\/04\/03\/incidente-mortale-sulla-turi-putignano-addio-a-fabiana-chiarappa\/#respond"]}]},{"@type":"WebPage","@id":"https:\/\/lavocedelpaese.info\/index.php\/2025\/04\/03\/incidente-mortale-sulla-turi-putignano-addio-a-fabiana-chiarappa\/","url":"https:\/\/lavocedelpaese.info\/index.php\/2025\/04\/03\/incidente-mortale-sulla-turi-putignano-addio-a-fabiana-chiarappa\/","name":"Incidente mortale sulla Turi-Putignano, addio a Fabiana Chiarappa\u00a0\u200b - La Voce del Paese","isPartOf":{"@id":"https:\/\/lavocedelpaese.info\/#website"},"primaryImageOfPage":{"@id":"https:\/\/lavocedelpaese.info\/index.php\/2025\/04\/03\/incidente-mortale-sulla-turi-putignano-addio-a-fabiana-chiarappa\/#primaryimage"},"image":{"@id":"https:\/\/lavocedelpaese.info\/index.php\/2025\/04\/03\/incidente-mortale-sulla-turi-putignano-addio-a-fabiana-chiarappa\/#primaryimage"},"thumbnailUrl":"https:\/\/lavocedelpaese.info\/wp-content\/uploads\/2025\/04\/488412133_1225580706238490_2184534618744112647_n-Ey4AAP.jpeg","datePublished":"2025-04-03T01:21:55+00:00","breadcrumb":{"@id":"https:\/\/lavocedelpaese.info\/index.php\/2025\/04\/03\/incidente-mortale-sulla-turi-putignano-addio-a-fabiana-chiarappa\/#breadcrumb"},"inLanguage":"it-IT","potentialAction":[{"@type":"ReadAction","target":["https:\/\/lavocedelpaese.info\/index.php\/2025\/04\/03\/incidente-mortale-sulla-turi-putignano-addio-a-fabiana-chiarappa\/"]}]},{"@type":"ImageObject","inLanguage":"it-IT","@id":"https:\/\/lavocedelpaese.info\/index.php\/2025\/04\/03\/incidente-mortale-sulla-turi-putignano-addio-a-fabiana-chiarappa\/#primaryimage","url":"https:\/\/lavocedelpaese.info\/wp-content\/uploads\/2025\/04\/488412133_1225580706238490_2184534618744112647_n-Ey4AAP.jpeg","contentUrl":"https:\/\/lavocedelpaese.info\/wp-content\/uploads\/2025\/04\/488412133_1225580706238490_2184534618744112647_n-Ey4AAP.jpeg","width":1000,"height":665},{"@type":"BreadcrumbList","@id":"https:\/\/lavocedelpaese.info\/index.php\/2025\/04\/03\/incidente-mortale-sulla-turi-putignano-addio-a-fabiana-chiarappa\/#breadcrumb","itemListElement":[{"@type":"ListItem","position":1,"name":"Home","item":"https:\/\/lavocedelpaese.info\/"},{"@type":"ListItem","position":2,"name":"Incidente mortale sulla Turi-Putignano, addio a Fabiana Chiarappa\u00a0\u200b"}]},{"@type":"WebSite","@id":"https:\/\/lavocedelpaese.info\/#website","url":"https:\/\/lavocedelpaese.info\/","name":"La Voce del Paese","description":"Un network di idee","publisher":{"@id":"https:\/\/lavocedelpaese.info\/#organization"},"potentialAction":[{"@type":"SearchAction","target":{"@type":"EntryPoint","urlTemplate":"https:\/\/lavocedelpaese.info\/?s={search_term_string}"},"query-input":{"@type":"PropertyValueSpecification","valueRequired":true,"valueName":"search_term_string"}}],"inLanguage":"it-IT"},{"@type":"Organization","@id":"https:\/\/lavocedelpaese.info\/#organization","name":"La Voce del Paese","url":"https:\/\/lavocedelpaese.info\/","logo":{"@type":"ImageObject","inLanguage":"it-IT","@id":"https:\/\/lavocedelpaese.info\/#\/schema\/logo\/image\/","url":"https:\/\/lavocedelpaese.info\/wp-content\/uploads\/2023\/01\/cropped-logo-150-127.png","contentUrl":"https:\/\/lavocedelpaese.info\/wp-content\/uploads\/2023\/01\/cropped-logo-150-127.png","width":137,"height":119,"caption":"La Voce del Paese"},"image":{"@id":"https:\/\/lavocedelpaese.info\/#\/schema\/logo\/image\/"},"sameAs":["https:\/\/www.facebook.com\/lavocedelpaese.info"]},{"@type":"Person","@id":"https:\/\/lavocedelpaese.info\/#\/schema\/person\/ec151d321306bd7591f7a061abf72d88","name":"admin","image":{"@type":"ImageObject","inLanguage":"it-IT","@id":"https:\/\/secure.gravatar.com\/avatar\/af8f2caf0663124588de48a9380e07cbc95a74ef15b8062d0d39106c32fe3023?s=96&d=mm&r=g","url":"https:\/\/secure.gravatar.com\/avatar\/af8f2caf0663124588de48a9380e07cbc95a74ef15b8062d0d39106c32fe3023?s=96&d=mm&r=g","contentUrl":"https:\/\/secure.gravatar.com\/avatar\/af8f2caf0663124588de48a9380e07cbc95a74ef15b8062d0d39106c32fe3023?s=96&d=mm&r=g","caption":"admin"},"sameAs":["https:\/\/lavocedelpaese.info"],"url":"https:\/\/lavocedelpaese.info\/index.php\/author\/admin\/"}]}},"_links":{"self":[{"href":"https:\/\/lavocedelpaese.info\/index.php\/wp-json\/wp\/v2\/posts\/9115","targetHints":{"allow":["GET"]}}],"collection":[{"href":"https:\/\/lavocedelpaese.info\/index.php\/wp-json\/wp\/v2\/posts"}],"about":[{"href":"https:\/\/lavocedelpaese.info\/index.php\/wp-json\/wp\/v2\/types\/post"}],"author":[{"embeddable":true,"href":"https:\/\/lavocedelpaese.info\/index.php\/wp-json\/wp\/v2\/users\/6"}],"replies":[{"embeddable":true,"href":"https:\/\/lavocedelpaese.info\/index.php\/wp-json\/wp\/v2\/comments?post=9115"}],"version-history":[{"count":0,"href":"https:\/\/lavocedelpaese.info\/index.php\/wp-json\/wp\/v2\/posts\/9115\/revisions"}],"wp:featuredmedia":[{"embeddable":true,"href":"https:\/\/lavocedelpaese.info\/index.php\/wp-json\/wp\/v2\/media\/9116"}],"wp:attachment":[{"href":"https:\/\/lavocedelpaese.info\/index.php\/wp-json\/wp\/v2\/media?parent=9115"}],"wp:term":[{"taxonomy":"category","embeddable":true,"href":"https:\/\/lavocedelpaese.info\/index.php\/wp-json\/wp\/v2\/categories?post=9115"},{"taxonomy":"post_tag","embeddable":true,"href":"https:\/\/lavocedelpaese.info\/index.php\/wp-json\/wp\/v2\/tags?post=9115"}],"curies":[{"name":"wp","href":"https:\/\/api.w.org\/{rel}","templated":true}]}}