{"id":9090,"date":"2025-03-28T12:16:31","date_gmt":"2025-03-28T12:16:31","guid":{"rendered":"https:\/\/lavocedelpaese.info\/index.php\/2025\/03\/28\/thuriae-e-sono-sei-anche-il-san-martino-deve-arrendersi\/"},"modified":"2025-03-28T12:16:31","modified_gmt":"2025-03-28T12:16:31","slug":"thuriae-e-sono-sei-anche-il-san-martino-deve-arrendersi","status":"publish","type":"post","link":"https:\/\/lavocedelpaese.info\/index.php\/2025\/03\/28\/thuriae-e-sono-sei-anche-il-san-martino-deve-arrendersi\/","title":{"rendered":"Thuriae, e sono sei! Anche il San Martino deve arrendersi\u00a0\u00a0\u200b"},"content":{"rendered":"<p>\u00a0<\/p>\n<p>\u200b\u00a0<\/p>\n<p>\u200b\u00a0<\/p>\n<div><\/div>\n<h4 class=\"wp-block-heading\"><strong>Le speranze di playoff passano ora dall\u2019ultima difficile trasferta di sabato, a Barletta\u00a0<\/strong><\/h4>\n<p>Quanto 6 bella Thuriae! Sesta vittoria di fila per i rossogranata che regolano anche il Futsal San Martino, e non hanno alcuna intenzione di arrendersi: la lotta playoff si decider\u00e0 all\u2019ultima giornata! Le reti di Valentini e Gallardo tengono vive le speranze di qualificazione.<br \/>Doveva essere una festa l\u2019ultima gara casalinga di questo campionato, e cos\u00ec \u00e8 stato: in un palazzetto gremito, i ragazzi di mister Masi superano per 4-3 un San Martino arrivato a Turi con tutte le intenzioni di conquistare punti salvezza, ma che si \u00e8 dovuto arrendere alla legge di Girolamo &amp;co. Come successo a tutte le altre compagini che in questo 2025 hanno fatto visita sul gommato di Turi (ad eccezione della vincitrice Just Mola), i tarantini tornano a casa a mani vuote e a festeggiare sono i rossogranata.<\/p>\n<figure class=\"wp-block-image size-full\"><img decoding=\"async\" width=\"1080\" height=\"1080\" src=\"https:\/\/turi.lavocedelpaese.info\/wp-content\/uploads\/2025\/03\/1000063048.jpg\" alt=\"\" class=\"wp-image-6777\"\/><\/figure>\n<p>Tre punti sudati, ma che risultano cos\u00ec essere ancora pi\u00f9 dolci, nonch\u00e9 unico risultato a disposizione per tenere aperta la lotta ai playoff. La contemporanea vittoria del Polignano rende invariata la situazione, con tre punti a distanziare le due compagini a una giornata dalla fine. Ora servir\u00e0 una vittoria a Barletta, ma anche una sconfitta dei polignanesi per qualificarsi. Difficile, ma la matematica non condanna ancora i turesi.<\/p>\n<p>Turesi sul doppio vantaggio dopo pochi minuti, con le reti di Gallardo e Valentini che mettono in discesa la partita. Il San Martino reagisce in chiusura di prima frazione, dimezzando lo svantaggio. Il 2-1 regge fino al termine della prima frazione. Nella ripresa sale la tensione con le due squadre che non hanno alcuna intenzione di mollare l\u2019osso: anche i tarantini, infatti, avrebbero bisogno dei tre punti per tenere vive le poche chance di salvezza. Il gol del pareggio arriva da una conclusione deviata, e gela i presenti. Non si abbattono per\u00f2 i turesi, che tornano subito in vantaggio con un gran gol di Gallardo. Vantaggio che torna ad essere doppio poco pi\u00f9 tardi, con la rete del 4-2 firmata ancora da Valentini. Reti che rendono invana la marcatura del 4-3 dei tarantini. La sirena decreta la fine della contesa e l\u2019inizio della festa sugli spalti e in campo.<\/p>\n<figure class=\"wp-block-image size-full\"><img decoding=\"async\" width=\"1080\" height=\"1080\" src=\"https:\/\/turi.lavocedelpaese.info\/wp-content\/uploads\/2025\/03\/1000063061.jpg\" alt=\"\" class=\"wp-image-6778\"\/><\/figure>\n<p>Un cerchio che si chiude, dopo l\u2019amara eliminazione per mano degli stessi tarantini nei playoff dello scorso anno, con la vittoria di sabato che permette alla squadra del presidente Angelillo di continuare a sognare per una nuova qualificazione ai playoff, questa volta per la Serie B.<\/p>\n<p>Ora non resta che tentare un\u2019ultima impresa sul campo della seconda classificata Barletta, e sperare in notizie positive da Bisceglie, dove andr\u00e0 in scena l\u2019incontro fra i padroni di casa del Cinco Bisceglie e il Volare Polignano. Come detto in precedenza, solo una vittoria unita a una sconfitta del Polignano permetter\u00e0 ai turesi di qualificarsi.<\/p>\n<p><strong>CLASSIFICA<\/strong>: Just Mola 55,\u00a0Grimal Barletta 49,\u00a0CUS Bari 48,\u00a0Real Molfetta 48,\u00a0Volare Polignano 45,\u00a0<strong>THURIAE 42<\/strong>,\u00a0Futsal Andria 38,\u00a0Futsal Veglie 32,\u00a0Azzurri Conversano 28, Cassano delle Murge C5 28, CUS Foggia 25,\u00a0Futbol Cinco Bisceglie 21,\u00a0Futsal San Martino 17,\u00a0Futsal Ruvo 16.<\/p>\n<p><a class=\"a2a_button_facebook\" href=\"https:\/\/www.addtoany.com\/add_to\/facebook?linkurl=https%3A%2F%2Fturi.lavocedelpaese.info%2Fthuriae-e-sono-sei-anche-il-san-martino-deve-arrendersi%2F&amp;linkname=Thuriae%2C%20e%20sono%20sei%21%20Anche%20il%20San%20Martino%20deve%20arrendersi%C2%A0\" title=\"Facebook\" rel=\"nofollow noopener\" target=\"_blank\"><\/a><a class=\"a2a_button_twitter\" href=\"https:\/\/www.addtoany.com\/add_to\/twitter?linkurl=https%3A%2F%2Fturi.lavocedelpaese.info%2Fthuriae-e-sono-sei-anche-il-san-martino-deve-arrendersi%2F&amp;linkname=Thuriae%2C%20e%20sono%20sei%21%20Anche%20il%20San%20Martino%20deve%20arrendersi%C2%A0\" title=\"Twitter\" rel=\"nofollow noopener\" target=\"_blank\"><\/a><a class=\"a2a_button_whatsapp\" href=\"https:\/\/www.addtoany.com\/add_to\/whatsapp?linkurl=https%3A%2F%2Fturi.lavocedelpaese.info%2Fthuriae-e-sono-sei-anche-il-san-martino-deve-arrendersi%2F&amp;linkname=Thuriae%2C%20e%20sono%20sei%21%20Anche%20il%20San%20Martino%20deve%20arrendersi%C2%A0\" title=\"WhatsApp\" rel=\"nofollow noopener\" target=\"_blank\"><\/a><a class=\"a2a_button_telegram\" href=\"https:\/\/www.addtoany.com\/add_to\/telegram?linkurl=https%3A%2F%2Fturi.lavocedelpaese.info%2Fthuriae-e-sono-sei-anche-il-san-martino-deve-arrendersi%2F&amp;linkname=Thuriae%2C%20e%20sono%20sei%21%20Anche%20il%20San%20Martino%20deve%20arrendersi%C2%A0\" title=\"Telegram\" rel=\"nofollow noopener\" target=\"_blank\"><\/a><a class=\"a2a_button_email\" href=\"https:\/\/www.addtoany.com\/add_to\/email?linkurl=https%3A%2F%2Fturi.lavocedelpaese.info%2Fthuriae-e-sono-sei-anche-il-san-martino-deve-arrendersi%2F&amp;linkname=Thuriae%2C%20e%20sono%20sei%21%20Anche%20il%20San%20Martino%20deve%20arrendersi%C2%A0\" title=\"Email\" rel=\"nofollow noopener\" target=\"_blank\"><\/a><\/p>\n<p>L&#8217;articolo <a href=\"https:\/\/turi.lavocedelpaese.info\/thuriae-e-sono-sei-anche-il-san-martino-deve-arrendersi\/\">Thuriae, e sono sei! Anche il San Martino deve arrendersi\u00a0<\/a> proviene da <a href=\"https:\/\/turi.lavocedelpaese.info\/\">Turi &#8211; La Voce del Paese<\/a>.<\/p>\n<p>\u00a0<\/p>\n<p>\u00a0<\/p>\n<p>\u200b\u00a0\u00a0\u00a0<\/p>","protected":false},"excerpt":{"rendered":"<p>\u00a0 \u200b\u00a0 \u200b\u00a0 Le speranze di playoff passano ora dall\u2019ultima difficile trasferta di sabato, a Barletta\u00a0 Quanto 6 bella Thuriae!<\/p>\n","protected":false},"author":6,"featured_media":9091,"comment_status":"open","ping_status":"closed","sticky":false,"template":"","format":"standard","meta":{"colormag_page_container_layout":"default_layout","colormag_page_sidebar_layout":"default_layout","footnotes":""},"categories":[33],"tags":[],"class_list":["post-9090","post","type-post","status-publish","format-standard","has-post-thumbnail","hentry","category-network"],"yoast_head":"<!-- This site is optimized with the Yoast SEO plugin v27.5 - https:\/\/yoast.com\/product\/yoast-seo-wordpress\/ -->\n<title>Thuriae, e sono sei! Anche il San Martino deve arrendersi\u00a0\u00a0\u200b - La Voce del Paese<\/title>\n<meta name=\"robots\" content=\"index, follow, max-snippet:-1, max-image-preview:large, max-video-preview:-1\" \/>\n<link rel=\"canonical\" href=\"https:\/\/lavocedelpaese.info\/index.php\/2025\/03\/28\/thuriae-e-sono-sei-anche-il-san-martino-deve-arrendersi\/\" \/>\n<meta property=\"og:locale\" content=\"it_IT\" \/>\n<meta property=\"og:type\" content=\"article\" \/>\n<meta property=\"og:title\" content=\"Thuriae, e sono sei! Anche il San Martino deve arrendersi\u00a0\u00a0\u200b - La Voce del Paese\" \/>\n<meta property=\"og:description\" content=\"\u00a0 \u200b\u00a0 \u200b\u00a0 Le speranze di playoff passano ora dall\u2019ultima difficile trasferta di sabato, a Barletta\u00a0 Quanto 6 bella Thuriae!\" \/>\n<meta property=\"og:url\" content=\"https:\/\/lavocedelpaese.info\/index.php\/2025\/03\/28\/thuriae-e-sono-sei-anche-il-san-martino-deve-arrendersi\/\" \/>\n<meta property=\"og:site_name\" content=\"La Voce del Paese\" \/>\n<meta property=\"article:publisher\" content=\"https:\/\/www.facebook.com\/lavocedelpaese.info\" \/>\n<meta property=\"article:published_time\" content=\"2025-03-28T12:16:31+00:00\" \/>\n<meta name=\"author\" content=\"admin\" \/>\n<meta name=\"twitter:card\" content=\"summary_large_image\" \/>\n<meta name=\"twitter:label1\" content=\"Scritto da\" \/>\n\t<meta name=\"twitter:data1\" content=\"admin\" \/>\n\t<meta name=\"twitter:label2\" content=\"Tempo di lettura stimato\" \/>\n\t<meta name=\"twitter:data2\" content=\"3 minuti\" \/>\n<script type=\"application\/ld+json\" class=\"yoast-schema-graph\">{\"@context\":\"https:\\\/\\\/schema.org\",\"@graph\":[{\"@type\":\"Article\",\"@id\":\"https:\\\/\\\/lavocedelpaese.info\\\/index.php\\\/2025\\\/03\\\/28\\\/thuriae-e-sono-sei-anche-il-san-martino-deve-arrendersi\\\/#article\",\"isPartOf\":{\"@id\":\"https:\\\/\\\/lavocedelpaese.info\\\/index.php\\\/2025\\\/03\\\/28\\\/thuriae-e-sono-sei-anche-il-san-martino-deve-arrendersi\\\/\"},\"author\":{\"name\":\"admin\",\"@id\":\"https:\\\/\\\/lavocedelpaese.info\\\/#\\\/schema\\\/person\\\/ec151d321306bd7591f7a061abf72d88\"},\"headline\":\"Thuriae, e sono sei! Anche il San Martino deve arrendersi\u00a0\u00a0\u200b\",\"datePublished\":\"2025-03-28T12:16:31+00:00\",\"mainEntityOfPage\":{\"@id\":\"https:\\\/\\\/lavocedelpaese.info\\\/index.php\\\/2025\\\/03\\\/28\\\/thuriae-e-sono-sei-anche-il-san-martino-deve-arrendersi\\\/\"},\"wordCount\":531,\"commentCount\":0,\"publisher\":{\"@id\":\"https:\\\/\\\/lavocedelpaese.info\\\/#organization\"},\"image\":{\"@id\":\"https:\\\/\\\/lavocedelpaese.info\\\/index.php\\\/2025\\\/03\\\/28\\\/thuriae-e-sono-sei-anche-il-san-martino-deve-arrendersi\\\/#primaryimage\"},\"thumbnailUrl\":\"https:\\\/\\\/lavocedelpaese.info\\\/wp-content\\\/uploads\\\/2025\\\/03\\\/1000063048-0FLzJ4.jpeg\",\"articleSection\":[\"network\"],\"inLanguage\":\"it-IT\",\"potentialAction\":[{\"@type\":\"CommentAction\",\"name\":\"Comment\",\"target\":[\"https:\\\/\\\/lavocedelpaese.info\\\/index.php\\\/2025\\\/03\\\/28\\\/thuriae-e-sono-sei-anche-il-san-martino-deve-arrendersi\\\/#respond\"]}]},{\"@type\":\"WebPage\",\"@id\":\"https:\\\/\\\/lavocedelpaese.info\\\/index.php\\\/2025\\\/03\\\/28\\\/thuriae-e-sono-sei-anche-il-san-martino-deve-arrendersi\\\/\",\"url\":\"https:\\\/\\\/lavocedelpaese.info\\\/index.php\\\/2025\\\/03\\\/28\\\/thuriae-e-sono-sei-anche-il-san-martino-deve-arrendersi\\\/\",\"name\":\"Thuriae, e sono sei! Anche il San Martino deve arrendersi\u00a0\u00a0\u200b - La Voce del Paese\",\"isPartOf\":{\"@id\":\"https:\\\/\\\/lavocedelpaese.info\\\/#website\"},\"primaryImageOfPage\":{\"@id\":\"https:\\\/\\\/lavocedelpaese.info\\\/index.php\\\/2025\\\/03\\\/28\\\/thuriae-e-sono-sei-anche-il-san-martino-deve-arrendersi\\\/#primaryimage\"},\"image\":{\"@id\":\"https:\\\/\\\/lavocedelpaese.info\\\/index.php\\\/2025\\\/03\\\/28\\\/thuriae-e-sono-sei-anche-il-san-martino-deve-arrendersi\\\/#primaryimage\"},\"thumbnailUrl\":\"https:\\\/\\\/lavocedelpaese.info\\\/wp-content\\\/uploads\\\/2025\\\/03\\\/1000063048-0FLzJ4.jpeg\",\"datePublished\":\"2025-03-28T12:16:31+00:00\",\"breadcrumb\":{\"@id\":\"https:\\\/\\\/lavocedelpaese.info\\\/index.php\\\/2025\\\/03\\\/28\\\/thuriae-e-sono-sei-anche-il-san-martino-deve-arrendersi\\\/#breadcrumb\"},\"inLanguage\":\"it-IT\",\"potentialAction\":[{\"@type\":\"ReadAction\",\"target\":[\"https:\\\/\\\/lavocedelpaese.info\\\/index.php\\\/2025\\\/03\\\/28\\\/thuriae-e-sono-sei-anche-il-san-martino-deve-arrendersi\\\/\"]}]},{\"@type\":\"ImageObject\",\"inLanguage\":\"it-IT\",\"@id\":\"https:\\\/\\\/lavocedelpaese.info\\\/index.php\\\/2025\\\/03\\\/28\\\/thuriae-e-sono-sei-anche-il-san-martino-deve-arrendersi\\\/#primaryimage\",\"url\":\"https:\\\/\\\/lavocedelpaese.info\\\/wp-content\\\/uploads\\\/2025\\\/03\\\/1000063048-0FLzJ4.jpeg\",\"contentUrl\":\"https:\\\/\\\/lavocedelpaese.info\\\/wp-content\\\/uploads\\\/2025\\\/03\\\/1000063048-0FLzJ4.jpeg\",\"width\":800,\"height\":800},{\"@type\":\"BreadcrumbList\",\"@id\":\"https:\\\/\\\/lavocedelpaese.info\\\/index.php\\\/2025\\\/03\\\/28\\\/thuriae-e-sono-sei-anche-il-san-martino-deve-arrendersi\\\/#breadcrumb\",\"itemListElement\":[{\"@type\":\"ListItem\",\"position\":1,\"name\":\"Home\",\"item\":\"https:\\\/\\\/lavocedelpaese.info\\\/\"},{\"@type\":\"ListItem\",\"position\":2,\"name\":\"Thuriae, e sono sei! Anche il San Martino deve arrendersi\u00a0\u00a0\u200b\"}]},{\"@type\":\"WebSite\",\"@id\":\"https:\\\/\\\/lavocedelpaese.info\\\/#website\",\"url\":\"https:\\\/\\\/lavocedelpaese.info\\\/\",\"name\":\"La Voce del Paese\",\"description\":\"Un network di idee\",\"publisher\":{\"@id\":\"https:\\\/\\\/lavocedelpaese.info\\\/#organization\"},\"potentialAction\":[{\"@type\":\"SearchAction\",\"target\":{\"@type\":\"EntryPoint\",\"urlTemplate\":\"https:\\\/\\\/lavocedelpaese.info\\\/?s={search_term_string}\"},\"query-input\":{\"@type\":\"PropertyValueSpecification\",\"valueRequired\":true,\"valueName\":\"search_term_string\"}}],\"inLanguage\":\"it-IT\"},{\"@type\":\"Organization\",\"@id\":\"https:\\\/\\\/lavocedelpaese.info\\\/#organization\",\"name\":\"La Voce del Paese\",\"url\":\"https:\\\/\\\/lavocedelpaese.info\\\/\",\"logo\":{\"@type\":\"ImageObject\",\"inLanguage\":\"it-IT\",\"@id\":\"https:\\\/\\\/lavocedelpaese.info\\\/#\\\/schema\\\/logo\\\/image\\\/\",\"url\":\"https:\\\/\\\/lavocedelpaese.info\\\/wp-content\\\/uploads\\\/2023\\\/01\\\/cropped-logo-150-127.png\",\"contentUrl\":\"https:\\\/\\\/lavocedelpaese.info\\\/wp-content\\\/uploads\\\/2023\\\/01\\\/cropped-logo-150-127.png\",\"width\":137,\"height\":119,\"caption\":\"La Voce del Paese\"},\"image\":{\"@id\":\"https:\\\/\\\/lavocedelpaese.info\\\/#\\\/schema\\\/logo\\\/image\\\/\"},\"sameAs\":[\"https:\\\/\\\/www.facebook.com\\\/lavocedelpaese.info\"]},{\"@type\":\"Person\",\"@id\":\"https:\\\/\\\/lavocedelpaese.info\\\/#\\\/schema\\\/person\\\/ec151d321306bd7591f7a061abf72d88\",\"name\":\"admin\",\"image\":{\"@type\":\"ImageObject\",\"inLanguage\":\"it-IT\",\"@id\":\"https:\\\/\\\/secure.gravatar.com\\\/avatar\\\/af8f2caf0663124588de48a9380e07cbc95a74ef15b8062d0d39106c32fe3023?s=96&d=mm&r=g\",\"url\":\"https:\\\/\\\/secure.gravatar.com\\\/avatar\\\/af8f2caf0663124588de48a9380e07cbc95a74ef15b8062d0d39106c32fe3023?s=96&d=mm&r=g\",\"contentUrl\":\"https:\\\/\\\/secure.gravatar.com\\\/avatar\\\/af8f2caf0663124588de48a9380e07cbc95a74ef15b8062d0d39106c32fe3023?s=96&d=mm&r=g\",\"caption\":\"admin\"},\"sameAs\":[\"https:\\\/\\\/lavocedelpaese.info\"],\"url\":\"https:\\\/\\\/lavocedelpaese.info\\\/index.php\\\/author\\\/admin\\\/\"}]}<\/script>\n<!-- \/ Yoast SEO plugin. -->","yoast_head_json":{"title":"Thuriae, e sono sei! Anche il San Martino deve arrendersi\u00a0\u00a0\u200b - La Voce del Paese","robots":{"index":"index","follow":"follow","max-snippet":"max-snippet:-1","max-image-preview":"max-image-preview:large","max-video-preview":"max-video-preview:-1"},"canonical":"https:\/\/lavocedelpaese.info\/index.php\/2025\/03\/28\/thuriae-e-sono-sei-anche-il-san-martino-deve-arrendersi\/","og_locale":"it_IT","og_type":"article","og_title":"Thuriae, e sono sei! Anche il San Martino deve arrendersi\u00a0\u00a0\u200b - La Voce del Paese","og_description":"\u00a0 \u200b\u00a0 \u200b\u00a0 Le speranze di playoff passano ora dall\u2019ultima difficile trasferta di sabato, a Barletta\u00a0 Quanto 6 bella Thuriae!","og_url":"https:\/\/lavocedelpaese.info\/index.php\/2025\/03\/28\/thuriae-e-sono-sei-anche-il-san-martino-deve-arrendersi\/","og_site_name":"La Voce del Paese","article_publisher":"https:\/\/www.facebook.com\/lavocedelpaese.info","article_published_time":"2025-03-28T12:16:31+00:00","author":"admin","twitter_card":"summary_large_image","twitter_misc":{"Scritto da":"admin","Tempo di lettura stimato":"3 minuti"},"schema":{"@context":"https:\/\/schema.org","@graph":[{"@type":"Article","@id":"https:\/\/lavocedelpaese.info\/index.php\/2025\/03\/28\/thuriae-e-sono-sei-anche-il-san-martino-deve-arrendersi\/#article","isPartOf":{"@id":"https:\/\/lavocedelpaese.info\/index.php\/2025\/03\/28\/thuriae-e-sono-sei-anche-il-san-martino-deve-arrendersi\/"},"author":{"name":"admin","@id":"https:\/\/lavocedelpaese.info\/#\/schema\/person\/ec151d321306bd7591f7a061abf72d88"},"headline":"Thuriae, e sono sei! Anche il San Martino deve arrendersi\u00a0\u00a0\u200b","datePublished":"2025-03-28T12:16:31+00:00","mainEntityOfPage":{"@id":"https:\/\/lavocedelpaese.info\/index.php\/2025\/03\/28\/thuriae-e-sono-sei-anche-il-san-martino-deve-arrendersi\/"},"wordCount":531,"commentCount":0,"publisher":{"@id":"https:\/\/lavocedelpaese.info\/#organization"},"image":{"@id":"https:\/\/lavocedelpaese.info\/index.php\/2025\/03\/28\/thuriae-e-sono-sei-anche-il-san-martino-deve-arrendersi\/#primaryimage"},"thumbnailUrl":"https:\/\/lavocedelpaese.info\/wp-content\/uploads\/2025\/03\/1000063048-0FLzJ4.jpeg","articleSection":["network"],"inLanguage":"it-IT","potentialAction":[{"@type":"CommentAction","name":"Comment","target":["https:\/\/lavocedelpaese.info\/index.php\/2025\/03\/28\/thuriae-e-sono-sei-anche-il-san-martino-deve-arrendersi\/#respond"]}]},{"@type":"WebPage","@id":"https:\/\/lavocedelpaese.info\/index.php\/2025\/03\/28\/thuriae-e-sono-sei-anche-il-san-martino-deve-arrendersi\/","url":"https:\/\/lavocedelpaese.info\/index.php\/2025\/03\/28\/thuriae-e-sono-sei-anche-il-san-martino-deve-arrendersi\/","name":"Thuriae, e sono sei! Anche il San Martino deve arrendersi\u00a0\u00a0\u200b - La Voce del Paese","isPartOf":{"@id":"https:\/\/lavocedelpaese.info\/#website"},"primaryImageOfPage":{"@id":"https:\/\/lavocedelpaese.info\/index.php\/2025\/03\/28\/thuriae-e-sono-sei-anche-il-san-martino-deve-arrendersi\/#primaryimage"},"image":{"@id":"https:\/\/lavocedelpaese.info\/index.php\/2025\/03\/28\/thuriae-e-sono-sei-anche-il-san-martino-deve-arrendersi\/#primaryimage"},"thumbnailUrl":"https:\/\/lavocedelpaese.info\/wp-content\/uploads\/2025\/03\/1000063048-0FLzJ4.jpeg","datePublished":"2025-03-28T12:16:31+00:00","breadcrumb":{"@id":"https:\/\/lavocedelpaese.info\/index.php\/2025\/03\/28\/thuriae-e-sono-sei-anche-il-san-martino-deve-arrendersi\/#breadcrumb"},"inLanguage":"it-IT","potentialAction":[{"@type":"ReadAction","target":["https:\/\/lavocedelpaese.info\/index.php\/2025\/03\/28\/thuriae-e-sono-sei-anche-il-san-martino-deve-arrendersi\/"]}]},{"@type":"ImageObject","inLanguage":"it-IT","@id":"https:\/\/lavocedelpaese.info\/index.php\/2025\/03\/28\/thuriae-e-sono-sei-anche-il-san-martino-deve-arrendersi\/#primaryimage","url":"https:\/\/lavocedelpaese.info\/wp-content\/uploads\/2025\/03\/1000063048-0FLzJ4.jpeg","contentUrl":"https:\/\/lavocedelpaese.info\/wp-content\/uploads\/2025\/03\/1000063048-0FLzJ4.jpeg","width":800,"height":800},{"@type":"BreadcrumbList","@id":"https:\/\/lavocedelpaese.info\/index.php\/2025\/03\/28\/thuriae-e-sono-sei-anche-il-san-martino-deve-arrendersi\/#breadcrumb","itemListElement":[{"@type":"ListItem","position":1,"name":"Home","item":"https:\/\/lavocedelpaese.info\/"},{"@type":"ListItem","position":2,"name":"Thuriae, e sono sei! Anche il San Martino deve arrendersi\u00a0\u00a0\u200b"}]},{"@type":"WebSite","@id":"https:\/\/lavocedelpaese.info\/#website","url":"https:\/\/lavocedelpaese.info\/","name":"La Voce del Paese","description":"Un network di idee","publisher":{"@id":"https:\/\/lavocedelpaese.info\/#organization"},"potentialAction":[{"@type":"SearchAction","target":{"@type":"EntryPoint","urlTemplate":"https:\/\/lavocedelpaese.info\/?s={search_term_string}"},"query-input":{"@type":"PropertyValueSpecification","valueRequired":true,"valueName":"search_term_string"}}],"inLanguage":"it-IT"},{"@type":"Organization","@id":"https:\/\/lavocedelpaese.info\/#organization","name":"La Voce del Paese","url":"https:\/\/lavocedelpaese.info\/","logo":{"@type":"ImageObject","inLanguage":"it-IT","@id":"https:\/\/lavocedelpaese.info\/#\/schema\/logo\/image\/","url":"https:\/\/lavocedelpaese.info\/wp-content\/uploads\/2023\/01\/cropped-logo-150-127.png","contentUrl":"https:\/\/lavocedelpaese.info\/wp-content\/uploads\/2023\/01\/cropped-logo-150-127.png","width":137,"height":119,"caption":"La Voce del Paese"},"image":{"@id":"https:\/\/lavocedelpaese.info\/#\/schema\/logo\/image\/"},"sameAs":["https:\/\/www.facebook.com\/lavocedelpaese.info"]},{"@type":"Person","@id":"https:\/\/lavocedelpaese.info\/#\/schema\/person\/ec151d321306bd7591f7a061abf72d88","name":"admin","image":{"@type":"ImageObject","inLanguage":"it-IT","@id":"https:\/\/secure.gravatar.com\/avatar\/af8f2caf0663124588de48a9380e07cbc95a74ef15b8062d0d39106c32fe3023?s=96&d=mm&r=g","url":"https:\/\/secure.gravatar.com\/avatar\/af8f2caf0663124588de48a9380e07cbc95a74ef15b8062d0d39106c32fe3023?s=96&d=mm&r=g","contentUrl":"https:\/\/secure.gravatar.com\/avatar\/af8f2caf0663124588de48a9380e07cbc95a74ef15b8062d0d39106c32fe3023?s=96&d=mm&r=g","caption":"admin"},"sameAs":["https:\/\/lavocedelpaese.info"],"url":"https:\/\/lavocedelpaese.info\/index.php\/author\/admin\/"}]}},"_links":{"self":[{"href":"https:\/\/lavocedelpaese.info\/index.php\/wp-json\/wp\/v2\/posts\/9090","targetHints":{"allow":["GET"]}}],"collection":[{"href":"https:\/\/lavocedelpaese.info\/index.php\/wp-json\/wp\/v2\/posts"}],"about":[{"href":"https:\/\/lavocedelpaese.info\/index.php\/wp-json\/wp\/v2\/types\/post"}],"author":[{"embeddable":true,"href":"https:\/\/lavocedelpaese.info\/index.php\/wp-json\/wp\/v2\/users\/6"}],"replies":[{"embeddable":true,"href":"https:\/\/lavocedelpaese.info\/index.php\/wp-json\/wp\/v2\/comments?post=9090"}],"version-history":[{"count":0,"href":"https:\/\/lavocedelpaese.info\/index.php\/wp-json\/wp\/v2\/posts\/9090\/revisions"}],"wp:featuredmedia":[{"embeddable":true,"href":"https:\/\/lavocedelpaese.info\/index.php\/wp-json\/wp\/v2\/media\/9091"}],"wp:attachment":[{"href":"https:\/\/lavocedelpaese.info\/index.php\/wp-json\/wp\/v2\/media?parent=9090"}],"wp:term":[{"taxonomy":"category","embeddable":true,"href":"https:\/\/lavocedelpaese.info\/index.php\/wp-json\/wp\/v2\/categories?post=9090"},{"taxonomy":"post_tag","embeddable":true,"href":"https:\/\/lavocedelpaese.info\/index.php\/wp-json\/wp\/v2\/tags?post=9090"}],"curies":[{"name":"wp","href":"https:\/\/api.w.org\/{rel}","templated":true}]}}