{"id":9082,"date":"2025-03-28T07:19:15","date_gmt":"2025-03-28T07:19:15","guid":{"rendered":"https:\/\/lavocedelpaese.info\/index.php\/2025\/03\/28\/cultura-e-armonia-il-programma-di-aprile\/"},"modified":"2025-03-28T07:19:15","modified_gmt":"2025-03-28T07:19:15","slug":"cultura-e-armonia-il-programma-di-aprile","status":"publish","type":"post","link":"https:\/\/lavocedelpaese.info\/index.php\/2025\/03\/28\/cultura-e-armonia-il-programma-di-aprile\/","title":{"rendered":"\u201cCultura e Armonia\u201d, il programma di aprile\u00a0\u200b"},"content":{"rendered":"<p>\u00a0<\/p>\n<p>\u200b\u00a0<\/p>\n<p>\u200b\u00a0<\/p>\n<div><\/div>\n<p>Dopo un marzo ricco di eventi, la stagione culturale di Cultura &amp; armonia prosegue con un aprile denso di incontri, tra letteratura, arte e approfondimenti sulle opportunit\u00e0 economiche per il territorio. Tutti gli eventi si terranno presso Palazzo Cozzolongo (via M. Orlandi 10\/12, Turi), che si conferma spazio di incontro e riflessione.<\/p>\n<p>Al centro della programmazione resta la rassegna <strong><em>Disordine \u2013 Il caos che rigenera<\/em><\/strong>, curata da Tekmore Studio per l\u2019associazione <strong>Cultura &amp; armonia<\/strong>, con il supporto di Willy Green Technology, il patrocinio gratuito della <em>Regione Puglia<\/em> e la collaborazione dell\u2019<em>Accademia di Belle Arti di Bari<\/em>.<\/p>\n<div aria-hidden=\"true\" class=\"wp-block-spacer\"><\/div>\n<h4 class=\"wp-block-heading\"><strong>Gioved\u00ec 3 aprile<\/strong><\/h4>\n<p>Gioved\u00ec <strong>3 aprile<\/strong>, alle ore 19:00 si terr\u00e0 l\u2019incontro con <strong>Vera Gheno<\/strong>, sociolinguista, traduttrice ed esperta di comunicazione digitale, che presenter\u00e0 il suo ultimo libro \u201c<em>Grammamanti. Immaginare futuri con le parole<\/em>\u201d (Einaudi, 2024). Un dialogo sulle parole e il loro potere di costruire mondi nuovi. L\u2019evento, curato da <strong>Irene Martino<\/strong>, si inserisce all\u2019interno della rassegna <em>Disordine \u2013 Il caos che rigenera, curata da Tekmore Studio per Cultura &amp; armonia<\/em>.<\/p>\n<p>Vera Gheno, sociolinguista e traduttrice dall\u2019ungherese, ha collaborato per 20 anni con l\u2019Accademia della Crusca. Dopo 18 anni da contrattista in vari atenei, da fine 2021 \u00e8 ricercatrice a tempo determinato all\u2019Universit\u00e0 di Firenze. Ad aprile 2024 \u00e8 uscito \u201cGrammamanti. Immaginare futuri con le parole\u201d, per Einaudi, la sua sedicesima monografia. Conduce, per Il Post, il podcast \u201cAmare Parole\u201d. Si occupa prevalentemente di comunicazione digitale, questioni di genere, diversit\u00e0, equit\u00e0 e inclusione.<\/p>\n<figure class=\"wp-block-image aligncenter size-full is-resized\"><img decoding=\"async\" width=\"1080\" height=\"1350\" src=\"https:\/\/turi.lavocedelpaese.info\/wp-content\/uploads\/2025\/03\/vera-gheno-post.jpg\" alt=\"\" class=\"wp-image-6757\"\/><\/figure>\n<div aria-hidden=\"true\" class=\"wp-block-spacer\"><\/div>\n<h4 class=\"wp-block-heading\"><strong>Venerd\u00ec 11 aprile<\/strong><\/h4>\n<p>Venerd\u00ec <strong>11 aprile<\/strong>, alle 19:30, per l\u2019edizione speciale di <em>Oscar del Libro<\/em>, <strong>Manila Gorio<\/strong>, direttrice di Political Tv presenta l\u2019incontro con l\u2019attore <strong>Ettore Bassi<\/strong> e <strong>Debora Iannotta<\/strong> che ci parleranno del loro libro:\u00a0 \u201c<em>Dio, come mi amo\u2026 Per amarti di pi\u00f9!<\/em>\u201d, con prefazione di Roberto Vecchioni (Graus Edizioni 2025). Un appuntamento dedicato agli amanti della lettura e un riconoscimento per valorizzare le opere editoriali pi\u00f9 significative dell\u2019anno.<\/p>\n<div aria-hidden=\"true\" class=\"wp-block-spacer\"><\/div>\n<h4 class=\"wp-block-heading\"><strong>Luned\u00ec 14 aprile<\/strong><\/h4>\n<p>Luned\u00ec <strong>14 aprile, <\/strong>alle 18:00, avr\u00e0 luogo il convegno: <em>Misure agevolative per PMI, imprenditoria femminile e giovani. <\/em>Un importante incontro per approfondire le opportunit\u00e0 di crescita economica del territorio, con esperti e rappresentanti delle istituzioni, moderati da Fabio Francesco Topputi (Consigliere Comunale di Turi). Interverranno:<\/p>\n<p><strong>\u2013 Antonio De Vito<\/strong> (Direttore Puglia Sviluppo)<\/p>\n<p>\u2013 <strong>Alessandro Delli Noci<\/strong> (Assessore Regione Puglia allo Sviluppo Economico)<\/p>\n<p>\u2013 <strong>Lucia Parchitelli<\/strong> (Presidente Commissione Lavoro Regione Puglia)<\/p>\n<p>\u2013 <strong>Marica Longo<\/strong> (Consigliera CDA Puglia Sviluppo)<\/p>\n<div aria-hidden=\"true\" class=\"wp-block-spacer\"><\/div>\n<h4 class=\"wp-block-heading\"><strong>Mercoled\u00ec 16 aprile<\/strong><\/h4>\n<p>Mercoled\u00ec <strong>16 aprile<\/strong>, alle 19:00, si inaugura la mostra fotografica \u201c<strong><em>Evocazioni<\/em><\/strong>\u201c, organizzata con l\u2019<strong>Accademia di Belle Arti di Bari<\/strong> e curata da Annalisa Ciliberti e Rocky Malatesta in collaborazione con Tekmore Studio, nell\u2019ambito della rassegna <em>Disordine \u2013 Il caos che rigenera<\/em>.<\/p>\n<p>Nove studenti dell\u2019Accademia esplorano attraverso la fotografia il tema del disordine. Interverranno: Antonio Cicchelli, Direttore ABABA e Roberto Sibilano, Vicedirettore ABABA e i curatori Annalisa Ciliberti e Rocky Malatesta. Durante la serata saranno presentati i lavori esposti da Natasha Antonelli, Davide Bellaggi, Eleonora Bosna, Siria Ettorre, Maria Rita Giordano, Rocco Girardi, Raffaella Mastrorilli, Alessia Pasquino, Antonio Patella. I giovani artisti dell\u2019Accademia di Belle Arti di Bari restituiranno visioni personali e multidimensionali che indagano il tema del disordine declinato come entropia visiva e concettuale, come potenziale trasformativo, carica simbolica e spirituale, fino ad arrivare alle riflessioni pi\u00f9 intime. Ogni scatto diventa un frammento di un dialogo pi\u00f9 ampio in cui il caos si presenta come disgregazione e possibilit\u00e0 di rinascita. Generando cos\u00ec spunti di riflessione unici sul rapporto personale con il disordine, appunto. L\u2019invito per lo spettatore \u00e8 quello di riconsiderare ci\u00f2 che appare frammentato o incompleto, scoprendo nel caos una fonte di rinnovamento e creativit\u00e0, una lente nuova attraverso cui osservare anche il mondo interiore, dove la discontinuit\u00e0 pu\u00f2 rivelarsi il motore di una crescita personale e collettiva.<\/p>\n<p>La mostra, a ingresso libero, sar\u00e0 visitabile fino al 29 maggio.<\/p>\n<figure class=\"wp-block-image aligncenter size-full is-resized\"><img decoding=\"async\" width=\"1080\" height=\"1350\" src=\"https:\/\/turi.lavocedelpaese.info\/wp-content\/uploads\/2025\/03\/accedemia-di-belle-arti-post.jpg\" alt=\"\" class=\"wp-image-6759\"\/><\/figure>\n<p>Per tutte le informazioni e gli aggiornamenti sul programma, visita i canali social di Cultura e armonia o il sito<a href=\"http:\/\/culturaearmonia.it\/\" target=\"_blank\" rel=\"noreferrer noopener\"> culturaearmonia.it<\/a><\/p>\n\n<p><a class=\"a2a_button_facebook\" href=\"https:\/\/www.addtoany.com\/add_to\/facebook?linkurl=https%3A%2F%2Fturi.lavocedelpaese.info%2Fcultura-e-armonia-il-programma-di-aprile%2F&amp;linkname=%E2%80%9CCultura%20e%20Armonia%E2%80%9D%2C%20il%20programma%20di%20aprile\" title=\"Facebook\" rel=\"nofollow noopener\" target=\"_blank\"><\/a><a class=\"a2a_button_twitter\" href=\"https:\/\/www.addtoany.com\/add_to\/twitter?linkurl=https%3A%2F%2Fturi.lavocedelpaese.info%2Fcultura-e-armonia-il-programma-di-aprile%2F&amp;linkname=%E2%80%9CCultura%20e%20Armonia%E2%80%9D%2C%20il%20programma%20di%20aprile\" title=\"Twitter\" rel=\"nofollow noopener\" target=\"_blank\"><\/a><a class=\"a2a_button_whatsapp\" href=\"https:\/\/www.addtoany.com\/add_to\/whatsapp?linkurl=https%3A%2F%2Fturi.lavocedelpaese.info%2Fcultura-e-armonia-il-programma-di-aprile%2F&amp;linkname=%E2%80%9CCultura%20e%20Armonia%E2%80%9D%2C%20il%20programma%20di%20aprile\" title=\"WhatsApp\" rel=\"nofollow noopener\" target=\"_blank\"><\/a><a class=\"a2a_button_telegram\" href=\"https:\/\/www.addtoany.com\/add_to\/telegram?linkurl=https%3A%2F%2Fturi.lavocedelpaese.info%2Fcultura-e-armonia-il-programma-di-aprile%2F&amp;linkname=%E2%80%9CCultura%20e%20Armonia%E2%80%9D%2C%20il%20programma%20di%20aprile\" title=\"Telegram\" rel=\"nofollow noopener\" target=\"_blank\"><\/a><a class=\"a2a_button_email\" href=\"https:\/\/www.addtoany.com\/add_to\/email?linkurl=https%3A%2F%2Fturi.lavocedelpaese.info%2Fcultura-e-armonia-il-programma-di-aprile%2F&amp;linkname=%E2%80%9CCultura%20e%20Armonia%E2%80%9D%2C%20il%20programma%20di%20aprile\" title=\"Email\" rel=\"nofollow noopener\" target=\"_blank\"><\/a><\/p>\n<p>L&#8217;articolo <a href=\"https:\/\/turi.lavocedelpaese.info\/cultura-e-armonia-il-programma-di-aprile\/\">\u201cCultura e Armonia\u201d, il programma di aprile<\/a> proviene da <a href=\"https:\/\/turi.lavocedelpaese.info\/\">Turi &#8211; La Voce del Paese<\/a>.<\/p>\n<p>\u00a0<\/p>\n<p>\u00a0<\/p>\n<p>\u200b\u00a0\u00a0\u00a0<\/p>","protected":false},"excerpt":{"rendered":"<p>\u00a0 \u200b\u00a0 \u200b\u00a0 Dopo un marzo ricco di eventi, la stagione culturale di Cultura &amp; armonia prosegue con un aprile<\/p>\n","protected":false},"author":6,"featured_media":9083,"comment_status":"open","ping_status":"closed","sticky":false,"template":"","format":"standard","meta":{"colormag_page_container_layout":"default_layout","colormag_page_sidebar_layout":"default_layout","footnotes":""},"categories":[33],"tags":[],"class_list":["post-9082","post","type-post","status-publish","format-standard","has-post-thumbnail","hentry","category-network"],"yoast_head":"<!-- This site is optimized with the Yoast SEO plugin v27.5 - https:\/\/yoast.com\/product\/yoast-seo-wordpress\/ -->\n<title>\u201cCultura e Armonia\u201d, il programma di aprile\u00a0\u200b - La Voce del Paese<\/title>\n<meta name=\"robots\" content=\"index, follow, max-snippet:-1, max-image-preview:large, max-video-preview:-1\" \/>\n<link rel=\"canonical\" href=\"https:\/\/lavocedelpaese.info\/index.php\/2025\/03\/28\/cultura-e-armonia-il-programma-di-aprile\/\" \/>\n<meta property=\"og:locale\" content=\"it_IT\" \/>\n<meta property=\"og:type\" content=\"article\" \/>\n<meta property=\"og:title\" content=\"\u201cCultura e Armonia\u201d, il programma di aprile\u00a0\u200b - La Voce del Paese\" \/>\n<meta property=\"og:description\" content=\"\u00a0 \u200b\u00a0 \u200b\u00a0 Dopo un marzo ricco di eventi, la stagione culturale di Cultura &amp; armonia prosegue con un aprile\" \/>\n<meta property=\"og:url\" content=\"https:\/\/lavocedelpaese.info\/index.php\/2025\/03\/28\/cultura-e-armonia-il-programma-di-aprile\/\" \/>\n<meta property=\"og:site_name\" content=\"La Voce del Paese\" \/>\n<meta property=\"article:publisher\" content=\"https:\/\/www.facebook.com\/lavocedelpaese.info\" \/>\n<meta property=\"article:published_time\" content=\"2025-03-28T07:19:15+00:00\" \/>\n<meta name=\"author\" content=\"admin\" \/>\n<meta name=\"twitter:card\" content=\"summary_large_image\" \/>\n<meta name=\"twitter:label1\" content=\"Scritto da\" \/>\n\t<meta name=\"twitter:data1\" content=\"admin\" \/>\n\t<meta name=\"twitter:label2\" content=\"Tempo di lettura stimato\" \/>\n\t<meta name=\"twitter:data2\" content=\"3 minuti\" \/>\n<script type=\"application\/ld+json\" class=\"yoast-schema-graph\">{\"@context\":\"https:\\\/\\\/schema.org\",\"@graph\":[{\"@type\":\"Article\",\"@id\":\"https:\\\/\\\/lavocedelpaese.info\\\/index.php\\\/2025\\\/03\\\/28\\\/cultura-e-armonia-il-programma-di-aprile\\\/#article\",\"isPartOf\":{\"@id\":\"https:\\\/\\\/lavocedelpaese.info\\\/index.php\\\/2025\\\/03\\\/28\\\/cultura-e-armonia-il-programma-di-aprile\\\/\"},\"author\":{\"name\":\"admin\",\"@id\":\"https:\\\/\\\/lavocedelpaese.info\\\/#\\\/schema\\\/person\\\/ec151d321306bd7591f7a061abf72d88\"},\"headline\":\"\u201cCultura e Armonia\u201d, il programma di aprile\u00a0\u200b\",\"datePublished\":\"2025-03-28T07:19:15+00:00\",\"mainEntityOfPage\":{\"@id\":\"https:\\\/\\\/lavocedelpaese.info\\\/index.php\\\/2025\\\/03\\\/28\\\/cultura-e-armonia-il-programma-di-aprile\\\/\"},\"wordCount\":656,\"commentCount\":0,\"publisher\":{\"@id\":\"https:\\\/\\\/lavocedelpaese.info\\\/#organization\"},\"image\":{\"@id\":\"https:\\\/\\\/lavocedelpaese.info\\\/index.php\\\/2025\\\/03\\\/28\\\/cultura-e-armonia-il-programma-di-aprile\\\/#primaryimage\"},\"thumbnailUrl\":\"https:\\\/\\\/lavocedelpaese.info\\\/wp-content\\\/uploads\\\/2025\\\/03\\\/vera-gheno-post-gi2L8c.jpeg\",\"articleSection\":[\"network\"],\"inLanguage\":\"it-IT\",\"potentialAction\":[{\"@type\":\"CommentAction\",\"name\":\"Comment\",\"target\":[\"https:\\\/\\\/lavocedelpaese.info\\\/index.php\\\/2025\\\/03\\\/28\\\/cultura-e-armonia-il-programma-di-aprile\\\/#respond\"]}]},{\"@type\":\"WebPage\",\"@id\":\"https:\\\/\\\/lavocedelpaese.info\\\/index.php\\\/2025\\\/03\\\/28\\\/cultura-e-armonia-il-programma-di-aprile\\\/\",\"url\":\"https:\\\/\\\/lavocedelpaese.info\\\/index.php\\\/2025\\\/03\\\/28\\\/cultura-e-armonia-il-programma-di-aprile\\\/\",\"name\":\"\u201cCultura e Armonia\u201d, il programma di aprile\u00a0\u200b - La Voce del Paese\",\"isPartOf\":{\"@id\":\"https:\\\/\\\/lavocedelpaese.info\\\/#website\"},\"primaryImageOfPage\":{\"@id\":\"https:\\\/\\\/lavocedelpaese.info\\\/index.php\\\/2025\\\/03\\\/28\\\/cultura-e-armonia-il-programma-di-aprile\\\/#primaryimage\"},\"image\":{\"@id\":\"https:\\\/\\\/lavocedelpaese.info\\\/index.php\\\/2025\\\/03\\\/28\\\/cultura-e-armonia-il-programma-di-aprile\\\/#primaryimage\"},\"thumbnailUrl\":\"https:\\\/\\\/lavocedelpaese.info\\\/wp-content\\\/uploads\\\/2025\\\/03\\\/vera-gheno-post-gi2L8c.jpeg\",\"datePublished\":\"2025-03-28T07:19:15+00:00\",\"breadcrumb\":{\"@id\":\"https:\\\/\\\/lavocedelpaese.info\\\/index.php\\\/2025\\\/03\\\/28\\\/cultura-e-armonia-il-programma-di-aprile\\\/#breadcrumb\"},\"inLanguage\":\"it-IT\",\"potentialAction\":[{\"@type\":\"ReadAction\",\"target\":[\"https:\\\/\\\/lavocedelpaese.info\\\/index.php\\\/2025\\\/03\\\/28\\\/cultura-e-armonia-il-programma-di-aprile\\\/\"]}]},{\"@type\":\"ImageObject\",\"inLanguage\":\"it-IT\",\"@id\":\"https:\\\/\\\/lavocedelpaese.info\\\/index.php\\\/2025\\\/03\\\/28\\\/cultura-e-armonia-il-programma-di-aprile\\\/#primaryimage\",\"url\":\"https:\\\/\\\/lavocedelpaese.info\\\/wp-content\\\/uploads\\\/2025\\\/03\\\/vera-gheno-post-gi2L8c.jpeg\",\"contentUrl\":\"https:\\\/\\\/lavocedelpaese.info\\\/wp-content\\\/uploads\\\/2025\\\/03\\\/vera-gheno-post-gi2L8c.jpeg\",\"width\":640,\"height\":800},{\"@type\":\"BreadcrumbList\",\"@id\":\"https:\\\/\\\/lavocedelpaese.info\\\/index.php\\\/2025\\\/03\\\/28\\\/cultura-e-armonia-il-programma-di-aprile\\\/#breadcrumb\",\"itemListElement\":[{\"@type\":\"ListItem\",\"position\":1,\"name\":\"Home\",\"item\":\"https:\\\/\\\/lavocedelpaese.info\\\/\"},{\"@type\":\"ListItem\",\"position\":2,\"name\":\"\u201cCultura e Armonia\u201d, il programma di aprile\u00a0\u200b\"}]},{\"@type\":\"WebSite\",\"@id\":\"https:\\\/\\\/lavocedelpaese.info\\\/#website\",\"url\":\"https:\\\/\\\/lavocedelpaese.info\\\/\",\"name\":\"La Voce del Paese\",\"description\":\"Un network di idee\",\"publisher\":{\"@id\":\"https:\\\/\\\/lavocedelpaese.info\\\/#organization\"},\"potentialAction\":[{\"@type\":\"SearchAction\",\"target\":{\"@type\":\"EntryPoint\",\"urlTemplate\":\"https:\\\/\\\/lavocedelpaese.info\\\/?s={search_term_string}\"},\"query-input\":{\"@type\":\"PropertyValueSpecification\",\"valueRequired\":true,\"valueName\":\"search_term_string\"}}],\"inLanguage\":\"it-IT\"},{\"@type\":\"Organization\",\"@id\":\"https:\\\/\\\/lavocedelpaese.info\\\/#organization\",\"name\":\"La Voce del Paese\",\"url\":\"https:\\\/\\\/lavocedelpaese.info\\\/\",\"logo\":{\"@type\":\"ImageObject\",\"inLanguage\":\"it-IT\",\"@id\":\"https:\\\/\\\/lavocedelpaese.info\\\/#\\\/schema\\\/logo\\\/image\\\/\",\"url\":\"https:\\\/\\\/lavocedelpaese.info\\\/wp-content\\\/uploads\\\/2023\\\/01\\\/cropped-logo-150-127.png\",\"contentUrl\":\"https:\\\/\\\/lavocedelpaese.info\\\/wp-content\\\/uploads\\\/2023\\\/01\\\/cropped-logo-150-127.png\",\"width\":137,\"height\":119,\"caption\":\"La Voce del Paese\"},\"image\":{\"@id\":\"https:\\\/\\\/lavocedelpaese.info\\\/#\\\/schema\\\/logo\\\/image\\\/\"},\"sameAs\":[\"https:\\\/\\\/www.facebook.com\\\/lavocedelpaese.info\"]},{\"@type\":\"Person\",\"@id\":\"https:\\\/\\\/lavocedelpaese.info\\\/#\\\/schema\\\/person\\\/ec151d321306bd7591f7a061abf72d88\",\"name\":\"admin\",\"image\":{\"@type\":\"ImageObject\",\"inLanguage\":\"it-IT\",\"@id\":\"https:\\\/\\\/secure.gravatar.com\\\/avatar\\\/af8f2caf0663124588de48a9380e07cbc95a74ef15b8062d0d39106c32fe3023?s=96&d=mm&r=g\",\"url\":\"https:\\\/\\\/secure.gravatar.com\\\/avatar\\\/af8f2caf0663124588de48a9380e07cbc95a74ef15b8062d0d39106c32fe3023?s=96&d=mm&r=g\",\"contentUrl\":\"https:\\\/\\\/secure.gravatar.com\\\/avatar\\\/af8f2caf0663124588de48a9380e07cbc95a74ef15b8062d0d39106c32fe3023?s=96&d=mm&r=g\",\"caption\":\"admin\"},\"sameAs\":[\"https:\\\/\\\/lavocedelpaese.info\"],\"url\":\"https:\\\/\\\/lavocedelpaese.info\\\/index.php\\\/author\\\/admin\\\/\"}]}<\/script>\n<!-- \/ Yoast SEO plugin. -->","yoast_head_json":{"title":"\u201cCultura e Armonia\u201d, il programma di aprile\u00a0\u200b - La Voce del Paese","robots":{"index":"index","follow":"follow","max-snippet":"max-snippet:-1","max-image-preview":"max-image-preview:large","max-video-preview":"max-video-preview:-1"},"canonical":"https:\/\/lavocedelpaese.info\/index.php\/2025\/03\/28\/cultura-e-armonia-il-programma-di-aprile\/","og_locale":"it_IT","og_type":"article","og_title":"\u201cCultura e Armonia\u201d, il programma di aprile\u00a0\u200b - La Voce del Paese","og_description":"\u00a0 \u200b\u00a0 \u200b\u00a0 Dopo un marzo ricco di eventi, la stagione culturale di Cultura &amp; armonia prosegue con un aprile","og_url":"https:\/\/lavocedelpaese.info\/index.php\/2025\/03\/28\/cultura-e-armonia-il-programma-di-aprile\/","og_site_name":"La Voce del Paese","article_publisher":"https:\/\/www.facebook.com\/lavocedelpaese.info","article_published_time":"2025-03-28T07:19:15+00:00","author":"admin","twitter_card":"summary_large_image","twitter_misc":{"Scritto da":"admin","Tempo di lettura stimato":"3 minuti"},"schema":{"@context":"https:\/\/schema.org","@graph":[{"@type":"Article","@id":"https:\/\/lavocedelpaese.info\/index.php\/2025\/03\/28\/cultura-e-armonia-il-programma-di-aprile\/#article","isPartOf":{"@id":"https:\/\/lavocedelpaese.info\/index.php\/2025\/03\/28\/cultura-e-armonia-il-programma-di-aprile\/"},"author":{"name":"admin","@id":"https:\/\/lavocedelpaese.info\/#\/schema\/person\/ec151d321306bd7591f7a061abf72d88"},"headline":"\u201cCultura e Armonia\u201d, il programma di aprile\u00a0\u200b","datePublished":"2025-03-28T07:19:15+00:00","mainEntityOfPage":{"@id":"https:\/\/lavocedelpaese.info\/index.php\/2025\/03\/28\/cultura-e-armonia-il-programma-di-aprile\/"},"wordCount":656,"commentCount":0,"publisher":{"@id":"https:\/\/lavocedelpaese.info\/#organization"},"image":{"@id":"https:\/\/lavocedelpaese.info\/index.php\/2025\/03\/28\/cultura-e-armonia-il-programma-di-aprile\/#primaryimage"},"thumbnailUrl":"https:\/\/lavocedelpaese.info\/wp-content\/uploads\/2025\/03\/vera-gheno-post-gi2L8c.jpeg","articleSection":["network"],"inLanguage":"it-IT","potentialAction":[{"@type":"CommentAction","name":"Comment","target":["https:\/\/lavocedelpaese.info\/index.php\/2025\/03\/28\/cultura-e-armonia-il-programma-di-aprile\/#respond"]}]},{"@type":"WebPage","@id":"https:\/\/lavocedelpaese.info\/index.php\/2025\/03\/28\/cultura-e-armonia-il-programma-di-aprile\/","url":"https:\/\/lavocedelpaese.info\/index.php\/2025\/03\/28\/cultura-e-armonia-il-programma-di-aprile\/","name":"\u201cCultura e Armonia\u201d, il programma di aprile\u00a0\u200b - La Voce del Paese","isPartOf":{"@id":"https:\/\/lavocedelpaese.info\/#website"},"primaryImageOfPage":{"@id":"https:\/\/lavocedelpaese.info\/index.php\/2025\/03\/28\/cultura-e-armonia-il-programma-di-aprile\/#primaryimage"},"image":{"@id":"https:\/\/lavocedelpaese.info\/index.php\/2025\/03\/28\/cultura-e-armonia-il-programma-di-aprile\/#primaryimage"},"thumbnailUrl":"https:\/\/lavocedelpaese.info\/wp-content\/uploads\/2025\/03\/vera-gheno-post-gi2L8c.jpeg","datePublished":"2025-03-28T07:19:15+00:00","breadcrumb":{"@id":"https:\/\/lavocedelpaese.info\/index.php\/2025\/03\/28\/cultura-e-armonia-il-programma-di-aprile\/#breadcrumb"},"inLanguage":"it-IT","potentialAction":[{"@type":"ReadAction","target":["https:\/\/lavocedelpaese.info\/index.php\/2025\/03\/28\/cultura-e-armonia-il-programma-di-aprile\/"]}]},{"@type":"ImageObject","inLanguage":"it-IT","@id":"https:\/\/lavocedelpaese.info\/index.php\/2025\/03\/28\/cultura-e-armonia-il-programma-di-aprile\/#primaryimage","url":"https:\/\/lavocedelpaese.info\/wp-content\/uploads\/2025\/03\/vera-gheno-post-gi2L8c.jpeg","contentUrl":"https:\/\/lavocedelpaese.info\/wp-content\/uploads\/2025\/03\/vera-gheno-post-gi2L8c.jpeg","width":640,"height":800},{"@type":"BreadcrumbList","@id":"https:\/\/lavocedelpaese.info\/index.php\/2025\/03\/28\/cultura-e-armonia-il-programma-di-aprile\/#breadcrumb","itemListElement":[{"@type":"ListItem","position":1,"name":"Home","item":"https:\/\/lavocedelpaese.info\/"},{"@type":"ListItem","position":2,"name":"\u201cCultura e Armonia\u201d, il programma di aprile\u00a0\u200b"}]},{"@type":"WebSite","@id":"https:\/\/lavocedelpaese.info\/#website","url":"https:\/\/lavocedelpaese.info\/","name":"La Voce del Paese","description":"Un network di idee","publisher":{"@id":"https:\/\/lavocedelpaese.info\/#organization"},"potentialAction":[{"@type":"SearchAction","target":{"@type":"EntryPoint","urlTemplate":"https:\/\/lavocedelpaese.info\/?s={search_term_string}"},"query-input":{"@type":"PropertyValueSpecification","valueRequired":true,"valueName":"search_term_string"}}],"inLanguage":"it-IT"},{"@type":"Organization","@id":"https:\/\/lavocedelpaese.info\/#organization","name":"La Voce del Paese","url":"https:\/\/lavocedelpaese.info\/","logo":{"@type":"ImageObject","inLanguage":"it-IT","@id":"https:\/\/lavocedelpaese.info\/#\/schema\/logo\/image\/","url":"https:\/\/lavocedelpaese.info\/wp-content\/uploads\/2023\/01\/cropped-logo-150-127.png","contentUrl":"https:\/\/lavocedelpaese.info\/wp-content\/uploads\/2023\/01\/cropped-logo-150-127.png","width":137,"height":119,"caption":"La Voce del Paese"},"image":{"@id":"https:\/\/lavocedelpaese.info\/#\/schema\/logo\/image\/"},"sameAs":["https:\/\/www.facebook.com\/lavocedelpaese.info"]},{"@type":"Person","@id":"https:\/\/lavocedelpaese.info\/#\/schema\/person\/ec151d321306bd7591f7a061abf72d88","name":"admin","image":{"@type":"ImageObject","inLanguage":"it-IT","@id":"https:\/\/secure.gravatar.com\/avatar\/af8f2caf0663124588de48a9380e07cbc95a74ef15b8062d0d39106c32fe3023?s=96&d=mm&r=g","url":"https:\/\/secure.gravatar.com\/avatar\/af8f2caf0663124588de48a9380e07cbc95a74ef15b8062d0d39106c32fe3023?s=96&d=mm&r=g","contentUrl":"https:\/\/secure.gravatar.com\/avatar\/af8f2caf0663124588de48a9380e07cbc95a74ef15b8062d0d39106c32fe3023?s=96&d=mm&r=g","caption":"admin"},"sameAs":["https:\/\/lavocedelpaese.info"],"url":"https:\/\/lavocedelpaese.info\/index.php\/author\/admin\/"}]}},"_links":{"self":[{"href":"https:\/\/lavocedelpaese.info\/index.php\/wp-json\/wp\/v2\/posts\/9082","targetHints":{"allow":["GET"]}}],"collection":[{"href":"https:\/\/lavocedelpaese.info\/index.php\/wp-json\/wp\/v2\/posts"}],"about":[{"href":"https:\/\/lavocedelpaese.info\/index.php\/wp-json\/wp\/v2\/types\/post"}],"author":[{"embeddable":true,"href":"https:\/\/lavocedelpaese.info\/index.php\/wp-json\/wp\/v2\/users\/6"}],"replies":[{"embeddable":true,"href":"https:\/\/lavocedelpaese.info\/index.php\/wp-json\/wp\/v2\/comments?post=9082"}],"version-history":[{"count":0,"href":"https:\/\/lavocedelpaese.info\/index.php\/wp-json\/wp\/v2\/posts\/9082\/revisions"}],"wp:featuredmedia":[{"embeddable":true,"href":"https:\/\/lavocedelpaese.info\/index.php\/wp-json\/wp\/v2\/media\/9083"}],"wp:attachment":[{"href":"https:\/\/lavocedelpaese.info\/index.php\/wp-json\/wp\/v2\/media?parent=9082"}],"wp:term":[{"taxonomy":"category","embeddable":true,"href":"https:\/\/lavocedelpaese.info\/index.php\/wp-json\/wp\/v2\/categories?post=9082"},{"taxonomy":"post_tag","embeddable":true,"href":"https:\/\/lavocedelpaese.info\/index.php\/wp-json\/wp\/v2\/tags?post=9082"}],"curies":[{"name":"wp","href":"https:\/\/api.w.org\/{rel}","templated":true}]}}