{"id":9054,"date":"2025-03-22T09:14:17","date_gmt":"2025-03-22T09:14:17","guid":{"rendered":"https:\/\/lavocedelpaese.info\/index.php\/2025\/03\/22\/open-day-al-36-stormo-caccia-per-festeggiare-i-102-anni-dellaeronautica-militare\/"},"modified":"2025-03-22T09:14:17","modified_gmt":"2025-03-22T09:14:17","slug":"open-day-al-36-stormo-caccia-per-festeggiare-i-102-anni-dellaeronautica-militare","status":"publish","type":"post","link":"https:\/\/lavocedelpaese.info\/index.php\/2025\/03\/22\/open-day-al-36-stormo-caccia-per-festeggiare-i-102-anni-dellaeronautica-militare\/","title":{"rendered":"Open Day al 36\u00b0 Stormo Caccia per festeggiare i 102 anni dell\u2019Aeronautica Militare\u00a0\u200b"},"content":{"rendered":"<p>\u00a0<\/p>\n<p>\u200b\u00a0<\/p>\n<p>\u200b\u00a0<\/p>\n<p><img decoding=\"async\" class=\"size-full wp-image-5992 alignleft\" src=\"https:\/\/gioia.lavocedelpaese.info\/wp-content\/uploads\/2025\/03\/481272426_662757486093951_3142773943356824921_n.jpg\" alt=\"\" width=\"400\" height=\"238\"\/>\u201cVenerd\u00ec 28 marzo 2025, il 36\u00b0 Stormo Caccia aprir\u00e0 le porte al pubblico in occasione del 102\u00b0 anniversario della costituzione dell\u2019Aeronautica Militare.<\/p>\n<p>L\u2019attivit\u00e0 sar\u00e0 finalizzata a consolidare il rapporto con la cittadinanza e a far conoscere le attivit\u00e0 svolte da uno dei Reparti di punta della difesa aerea nazionale e NATO.<\/p>\n<p>Oltre al sorvolo degli assetti di volo in dotazione allo Stormo, sar\u00e0 predisposta una mostra statica con velivoli, pannelli pittografici, cimeli storici, materiali d\u2019armamento, attrezzature per il contrasto alla minaccia chimica, batteriologica, radiologica nonch\u00e9 automezzi in dotazione allo Stormo\u201d.<\/p>\n<p><strong>Comunicazione istituzionale 36\u00b0 Stormo Caccia<\/strong><\/p>\n<p><img decoding=\"async\" class=\"size-full wp-image-5993 alignleft\" src=\"https:\/\/gioia.lavocedelpaese.info\/wp-content\/uploads\/2025\/03\/Locandina-Open-Day-100-2-36%C2%B0-Stormo-Caccia-28-marzo-2025.jpg\" alt=\"\" width=\"720\" height=\"1045\"\/><\/p>\n<p><a class=\"a2a_button_facebook\" href=\"https:\/\/www.addtoany.com\/add_to\/facebook?linkurl=https%3A%2F%2Fgioia.lavocedelpaese.info%2Findex.php%2F2025%2F03%2F22%2Fopen-day-al-36-stormo-caccia-per-festeggiare-i-102-anni-dellaeronautica-militare%2F&amp;linkname=Open%20Day%20al%2036%C2%B0%20Stormo%20Caccia%20per%20festeggiare%20i%20102%20anni%20dell%E2%80%99Aeronautica%20Militare\" title=\"Facebook\" rel=\"nofollow noopener\" target=\"_blank\"><\/a><a class=\"a2a_button_twitter\" href=\"https:\/\/www.addtoany.com\/add_to\/twitter?linkurl=https%3A%2F%2Fgioia.lavocedelpaese.info%2Findex.php%2F2025%2F03%2F22%2Fopen-day-al-36-stormo-caccia-per-festeggiare-i-102-anni-dellaeronautica-militare%2F&amp;linkname=Open%20Day%20al%2036%C2%B0%20Stormo%20Caccia%20per%20festeggiare%20i%20102%20anni%20dell%E2%80%99Aeronautica%20Militare\" title=\"Twitter\" rel=\"nofollow noopener\" target=\"_blank\"><\/a><a class=\"a2a_button_whatsapp\" href=\"https:\/\/www.addtoany.com\/add_to\/whatsapp?linkurl=https%3A%2F%2Fgioia.lavocedelpaese.info%2Findex.php%2F2025%2F03%2F22%2Fopen-day-al-36-stormo-caccia-per-festeggiare-i-102-anni-dellaeronautica-militare%2F&amp;linkname=Open%20Day%20al%2036%C2%B0%20Stormo%20Caccia%20per%20festeggiare%20i%20102%20anni%20dell%E2%80%99Aeronautica%20Militare\" title=\"WhatsApp\" rel=\"nofollow noopener\" target=\"_blank\"><\/a><a class=\"a2a_button_telegram\" href=\"https:\/\/www.addtoany.com\/add_to\/telegram?linkurl=https%3A%2F%2Fgioia.lavocedelpaese.info%2Findex.php%2F2025%2F03%2F22%2Fopen-day-al-36-stormo-caccia-per-festeggiare-i-102-anni-dellaeronautica-militare%2F&amp;linkname=Open%20Day%20al%2036%C2%B0%20Stormo%20Caccia%20per%20festeggiare%20i%20102%20anni%20dell%E2%80%99Aeronautica%20Militare\" title=\"Telegram\" rel=\"nofollow noopener\" target=\"_blank\"><\/a><a class=\"a2a_button_email\" href=\"https:\/\/www.addtoany.com\/add_to\/email?linkurl=https%3A%2F%2Fgioia.lavocedelpaese.info%2Findex.php%2F2025%2F03%2F22%2Fopen-day-al-36-stormo-caccia-per-festeggiare-i-102-anni-dellaeronautica-militare%2F&amp;linkname=Open%20Day%20al%2036%C2%B0%20Stormo%20Caccia%20per%20festeggiare%20i%20102%20anni%20dell%E2%80%99Aeronautica%20Militare\" title=\"Email\" rel=\"nofollow noopener\" target=\"_blank\"><\/a><\/p>\n<p>\u00a0<\/p>\n<p>\u00a0<\/p>\n<p>\u200b\u00a0\u00a0\u00a0<\/p>","protected":false},"excerpt":{"rendered":"<p>\u00a0 \u200b\u00a0 \u200b\u00a0 \u201cVenerd\u00ec 28 marzo 2025, il 36\u00b0 Stormo Caccia aprir\u00e0 le porte al pubblico in occasione del 102\u00b0<\/p>\n","protected":false},"author":6,"featured_media":9055,"comment_status":"open","ping_status":"closed","sticky":false,"template":"","format":"standard","meta":{"colormag_page_container_layout":"default_layout","colormag_page_sidebar_layout":"default_layout","footnotes":""},"categories":[33],"tags":[],"class_list":["post-9054","post","type-post","status-publish","format-standard","has-post-thumbnail","hentry","category-network"],"yoast_head":"<!-- This site is optimized with the Yoast SEO plugin v27.5 - https:\/\/yoast.com\/product\/yoast-seo-wordpress\/ -->\n<title>Open Day al 36\u00b0 Stormo Caccia per festeggiare i 102 anni dell\u2019Aeronautica Militare\u00a0\u200b - La Voce del Paese<\/title>\n<meta name=\"robots\" content=\"index, follow, max-snippet:-1, max-image-preview:large, max-video-preview:-1\" \/>\n<link rel=\"canonical\" href=\"https:\/\/lavocedelpaese.info\/index.php\/2025\/03\/22\/open-day-al-36-stormo-caccia-per-festeggiare-i-102-anni-dellaeronautica-militare\/\" \/>\n<meta property=\"og:locale\" content=\"it_IT\" \/>\n<meta property=\"og:type\" content=\"article\" \/>\n<meta property=\"og:title\" content=\"Open Day al 36\u00b0 Stormo Caccia per festeggiare i 102 anni dell\u2019Aeronautica Militare\u00a0\u200b - La Voce del Paese\" \/>\n<meta property=\"og:description\" content=\"\u00a0 \u200b\u00a0 \u200b\u00a0 \u201cVenerd\u00ec 28 marzo 2025, il 36\u00b0 Stormo Caccia aprir\u00e0 le porte al pubblico in occasione del 102\u00b0\" \/>\n<meta property=\"og:url\" content=\"https:\/\/lavocedelpaese.info\/index.php\/2025\/03\/22\/open-day-al-36-stormo-caccia-per-festeggiare-i-102-anni-dellaeronautica-militare\/\" \/>\n<meta property=\"og:site_name\" content=\"La Voce del Paese\" \/>\n<meta property=\"article:publisher\" content=\"https:\/\/www.facebook.com\/lavocedelpaese.info\" \/>\n<meta property=\"article:published_time\" content=\"2025-03-22T09:14:17+00:00\" \/>\n<meta name=\"author\" content=\"admin\" \/>\n<meta name=\"twitter:card\" content=\"summary_large_image\" \/>\n<meta name=\"twitter:label1\" content=\"Scritto da\" \/>\n\t<meta name=\"twitter:data1\" content=\"admin\" \/>\n<script type=\"application\/ld+json\" class=\"yoast-schema-graph\">{\"@context\":\"https:\\\/\\\/schema.org\",\"@graph\":[{\"@type\":\"Article\",\"@id\":\"https:\\\/\\\/lavocedelpaese.info\\\/index.php\\\/2025\\\/03\\\/22\\\/open-day-al-36-stormo-caccia-per-festeggiare-i-102-anni-dellaeronautica-militare\\\/#article\",\"isPartOf\":{\"@id\":\"https:\\\/\\\/lavocedelpaese.info\\\/index.php\\\/2025\\\/03\\\/22\\\/open-day-al-36-stormo-caccia-per-festeggiare-i-102-anni-dellaeronautica-militare\\\/\"},\"author\":{\"name\":\"admin\",\"@id\":\"https:\\\/\\\/lavocedelpaese.info\\\/#\\\/schema\\\/person\\\/ec151d321306bd7591f7a061abf72d88\"},\"headline\":\"Open Day al 36\u00b0 Stormo Caccia per festeggiare i 102 anni dell\u2019Aeronautica Militare\u00a0\u200b\",\"datePublished\":\"2025-03-22T09:14:17+00:00\",\"mainEntityOfPage\":{\"@id\":\"https:\\\/\\\/lavocedelpaese.info\\\/index.php\\\/2025\\\/03\\\/22\\\/open-day-al-36-stormo-caccia-per-festeggiare-i-102-anni-dellaeronautica-militare\\\/\"},\"wordCount\":105,\"commentCount\":0,\"publisher\":{\"@id\":\"https:\\\/\\\/lavocedelpaese.info\\\/#organization\"},\"image\":{\"@id\":\"https:\\\/\\\/lavocedelpaese.info\\\/index.php\\\/2025\\\/03\\\/22\\\/open-day-al-36-stormo-caccia-per-festeggiare-i-102-anni-dellaeronautica-militare\\\/#primaryimage\"},\"thumbnailUrl\":\"https:\\\/\\\/lavocedelpaese.info\\\/wp-content\\\/uploads\\\/2025\\\/03\\\/481272426_662757486093951_3142773943356824921_n-0W0cXl.jpeg\",\"articleSection\":[\"network\"],\"inLanguage\":\"it-IT\",\"potentialAction\":[{\"@type\":\"CommentAction\",\"name\":\"Comment\",\"target\":[\"https:\\\/\\\/lavocedelpaese.info\\\/index.php\\\/2025\\\/03\\\/22\\\/open-day-al-36-stormo-caccia-per-festeggiare-i-102-anni-dellaeronautica-militare\\\/#respond\"]}]},{\"@type\":\"WebPage\",\"@id\":\"https:\\\/\\\/lavocedelpaese.info\\\/index.php\\\/2025\\\/03\\\/22\\\/open-day-al-36-stormo-caccia-per-festeggiare-i-102-anni-dellaeronautica-militare\\\/\",\"url\":\"https:\\\/\\\/lavocedelpaese.info\\\/index.php\\\/2025\\\/03\\\/22\\\/open-day-al-36-stormo-caccia-per-festeggiare-i-102-anni-dellaeronautica-militare\\\/\",\"name\":\"Open Day al 36\u00b0 Stormo Caccia per festeggiare i 102 anni dell\u2019Aeronautica Militare\u00a0\u200b - La Voce del Paese\",\"isPartOf\":{\"@id\":\"https:\\\/\\\/lavocedelpaese.info\\\/#website\"},\"primaryImageOfPage\":{\"@id\":\"https:\\\/\\\/lavocedelpaese.info\\\/index.php\\\/2025\\\/03\\\/22\\\/open-day-al-36-stormo-caccia-per-festeggiare-i-102-anni-dellaeronautica-militare\\\/#primaryimage\"},\"image\":{\"@id\":\"https:\\\/\\\/lavocedelpaese.info\\\/index.php\\\/2025\\\/03\\\/22\\\/open-day-al-36-stormo-caccia-per-festeggiare-i-102-anni-dellaeronautica-militare\\\/#primaryimage\"},\"thumbnailUrl\":\"https:\\\/\\\/lavocedelpaese.info\\\/wp-content\\\/uploads\\\/2025\\\/03\\\/481272426_662757486093951_3142773943356824921_n-0W0cXl.jpeg\",\"datePublished\":\"2025-03-22T09:14:17+00:00\",\"breadcrumb\":{\"@id\":\"https:\\\/\\\/lavocedelpaese.info\\\/index.php\\\/2025\\\/03\\\/22\\\/open-day-al-36-stormo-caccia-per-festeggiare-i-102-anni-dellaeronautica-militare\\\/#breadcrumb\"},\"inLanguage\":\"it-IT\",\"potentialAction\":[{\"@type\":\"ReadAction\",\"target\":[\"https:\\\/\\\/lavocedelpaese.info\\\/index.php\\\/2025\\\/03\\\/22\\\/open-day-al-36-stormo-caccia-per-festeggiare-i-102-anni-dellaeronautica-militare\\\/\"]}]},{\"@type\":\"ImageObject\",\"inLanguage\":\"it-IT\",\"@id\":\"https:\\\/\\\/lavocedelpaese.info\\\/index.php\\\/2025\\\/03\\\/22\\\/open-day-al-36-stormo-caccia-per-festeggiare-i-102-anni-dellaeronautica-militare\\\/#primaryimage\",\"url\":\"https:\\\/\\\/lavocedelpaese.info\\\/wp-content\\\/uploads\\\/2025\\\/03\\\/481272426_662757486093951_3142773943356824921_n-0W0cXl.jpeg\",\"contentUrl\":\"https:\\\/\\\/lavocedelpaese.info\\\/wp-content\\\/uploads\\\/2025\\\/03\\\/481272426_662757486093951_3142773943356824921_n-0W0cXl.jpeg\",\"width\":1000,\"height\":594},{\"@type\":\"BreadcrumbList\",\"@id\":\"https:\\\/\\\/lavocedelpaese.info\\\/index.php\\\/2025\\\/03\\\/22\\\/open-day-al-36-stormo-caccia-per-festeggiare-i-102-anni-dellaeronautica-militare\\\/#breadcrumb\",\"itemListElement\":[{\"@type\":\"ListItem\",\"position\":1,\"name\":\"Home\",\"item\":\"https:\\\/\\\/lavocedelpaese.info\\\/\"},{\"@type\":\"ListItem\",\"position\":2,\"name\":\"Open Day al 36\u00b0 Stormo Caccia per festeggiare i 102 anni dell\u2019Aeronautica Militare\u00a0\u200b\"}]},{\"@type\":\"WebSite\",\"@id\":\"https:\\\/\\\/lavocedelpaese.info\\\/#website\",\"url\":\"https:\\\/\\\/lavocedelpaese.info\\\/\",\"name\":\"La Voce del Paese\",\"description\":\"Un network di idee\",\"publisher\":{\"@id\":\"https:\\\/\\\/lavocedelpaese.info\\\/#organization\"},\"potentialAction\":[{\"@type\":\"SearchAction\",\"target\":{\"@type\":\"EntryPoint\",\"urlTemplate\":\"https:\\\/\\\/lavocedelpaese.info\\\/?s={search_term_string}\"},\"query-input\":{\"@type\":\"PropertyValueSpecification\",\"valueRequired\":true,\"valueName\":\"search_term_string\"}}],\"inLanguage\":\"it-IT\"},{\"@type\":\"Organization\",\"@id\":\"https:\\\/\\\/lavocedelpaese.info\\\/#organization\",\"name\":\"La Voce del Paese\",\"url\":\"https:\\\/\\\/lavocedelpaese.info\\\/\",\"logo\":{\"@type\":\"ImageObject\",\"inLanguage\":\"it-IT\",\"@id\":\"https:\\\/\\\/lavocedelpaese.info\\\/#\\\/schema\\\/logo\\\/image\\\/\",\"url\":\"https:\\\/\\\/lavocedelpaese.info\\\/wp-content\\\/uploads\\\/2023\\\/01\\\/cropped-logo-150-127.png\",\"contentUrl\":\"https:\\\/\\\/lavocedelpaese.info\\\/wp-content\\\/uploads\\\/2023\\\/01\\\/cropped-logo-150-127.png\",\"width\":137,\"height\":119,\"caption\":\"La Voce del Paese\"},\"image\":{\"@id\":\"https:\\\/\\\/lavocedelpaese.info\\\/#\\\/schema\\\/logo\\\/image\\\/\"},\"sameAs\":[\"https:\\\/\\\/www.facebook.com\\\/lavocedelpaese.info\"]},{\"@type\":\"Person\",\"@id\":\"https:\\\/\\\/lavocedelpaese.info\\\/#\\\/schema\\\/person\\\/ec151d321306bd7591f7a061abf72d88\",\"name\":\"admin\",\"image\":{\"@type\":\"ImageObject\",\"inLanguage\":\"it-IT\",\"@id\":\"https:\\\/\\\/secure.gravatar.com\\\/avatar\\\/af8f2caf0663124588de48a9380e07cbc95a74ef15b8062d0d39106c32fe3023?s=96&d=mm&r=g\",\"url\":\"https:\\\/\\\/secure.gravatar.com\\\/avatar\\\/af8f2caf0663124588de48a9380e07cbc95a74ef15b8062d0d39106c32fe3023?s=96&d=mm&r=g\",\"contentUrl\":\"https:\\\/\\\/secure.gravatar.com\\\/avatar\\\/af8f2caf0663124588de48a9380e07cbc95a74ef15b8062d0d39106c32fe3023?s=96&d=mm&r=g\",\"caption\":\"admin\"},\"sameAs\":[\"https:\\\/\\\/lavocedelpaese.info\"],\"url\":\"https:\\\/\\\/lavocedelpaese.info\\\/index.php\\\/author\\\/admin\\\/\"}]}<\/script>\n<!-- \/ Yoast SEO plugin. -->","yoast_head_json":{"title":"Open Day al 36\u00b0 Stormo Caccia per festeggiare i 102 anni dell\u2019Aeronautica Militare\u00a0\u200b - La Voce del Paese","robots":{"index":"index","follow":"follow","max-snippet":"max-snippet:-1","max-image-preview":"max-image-preview:large","max-video-preview":"max-video-preview:-1"},"canonical":"https:\/\/lavocedelpaese.info\/index.php\/2025\/03\/22\/open-day-al-36-stormo-caccia-per-festeggiare-i-102-anni-dellaeronautica-militare\/","og_locale":"it_IT","og_type":"article","og_title":"Open Day al 36\u00b0 Stormo Caccia per festeggiare i 102 anni dell\u2019Aeronautica Militare\u00a0\u200b - La Voce del Paese","og_description":"\u00a0 \u200b\u00a0 \u200b\u00a0 \u201cVenerd\u00ec 28 marzo 2025, il 36\u00b0 Stormo Caccia aprir\u00e0 le porte al pubblico in occasione del 102\u00b0","og_url":"https:\/\/lavocedelpaese.info\/index.php\/2025\/03\/22\/open-day-al-36-stormo-caccia-per-festeggiare-i-102-anni-dellaeronautica-militare\/","og_site_name":"La Voce del Paese","article_publisher":"https:\/\/www.facebook.com\/lavocedelpaese.info","article_published_time":"2025-03-22T09:14:17+00:00","author":"admin","twitter_card":"summary_large_image","twitter_misc":{"Scritto da":"admin"},"schema":{"@context":"https:\/\/schema.org","@graph":[{"@type":"Article","@id":"https:\/\/lavocedelpaese.info\/index.php\/2025\/03\/22\/open-day-al-36-stormo-caccia-per-festeggiare-i-102-anni-dellaeronautica-militare\/#article","isPartOf":{"@id":"https:\/\/lavocedelpaese.info\/index.php\/2025\/03\/22\/open-day-al-36-stormo-caccia-per-festeggiare-i-102-anni-dellaeronautica-militare\/"},"author":{"name":"admin","@id":"https:\/\/lavocedelpaese.info\/#\/schema\/person\/ec151d321306bd7591f7a061abf72d88"},"headline":"Open Day al 36\u00b0 Stormo Caccia per festeggiare i 102 anni dell\u2019Aeronautica Militare\u00a0\u200b","datePublished":"2025-03-22T09:14:17+00:00","mainEntityOfPage":{"@id":"https:\/\/lavocedelpaese.info\/index.php\/2025\/03\/22\/open-day-al-36-stormo-caccia-per-festeggiare-i-102-anni-dellaeronautica-militare\/"},"wordCount":105,"commentCount":0,"publisher":{"@id":"https:\/\/lavocedelpaese.info\/#organization"},"image":{"@id":"https:\/\/lavocedelpaese.info\/index.php\/2025\/03\/22\/open-day-al-36-stormo-caccia-per-festeggiare-i-102-anni-dellaeronautica-militare\/#primaryimage"},"thumbnailUrl":"https:\/\/lavocedelpaese.info\/wp-content\/uploads\/2025\/03\/481272426_662757486093951_3142773943356824921_n-0W0cXl.jpeg","articleSection":["network"],"inLanguage":"it-IT","potentialAction":[{"@type":"CommentAction","name":"Comment","target":["https:\/\/lavocedelpaese.info\/index.php\/2025\/03\/22\/open-day-al-36-stormo-caccia-per-festeggiare-i-102-anni-dellaeronautica-militare\/#respond"]}]},{"@type":"WebPage","@id":"https:\/\/lavocedelpaese.info\/index.php\/2025\/03\/22\/open-day-al-36-stormo-caccia-per-festeggiare-i-102-anni-dellaeronautica-militare\/","url":"https:\/\/lavocedelpaese.info\/index.php\/2025\/03\/22\/open-day-al-36-stormo-caccia-per-festeggiare-i-102-anni-dellaeronautica-militare\/","name":"Open Day al 36\u00b0 Stormo Caccia per festeggiare i 102 anni dell\u2019Aeronautica Militare\u00a0\u200b - La Voce del Paese","isPartOf":{"@id":"https:\/\/lavocedelpaese.info\/#website"},"primaryImageOfPage":{"@id":"https:\/\/lavocedelpaese.info\/index.php\/2025\/03\/22\/open-day-al-36-stormo-caccia-per-festeggiare-i-102-anni-dellaeronautica-militare\/#primaryimage"},"image":{"@id":"https:\/\/lavocedelpaese.info\/index.php\/2025\/03\/22\/open-day-al-36-stormo-caccia-per-festeggiare-i-102-anni-dellaeronautica-militare\/#primaryimage"},"thumbnailUrl":"https:\/\/lavocedelpaese.info\/wp-content\/uploads\/2025\/03\/481272426_662757486093951_3142773943356824921_n-0W0cXl.jpeg","datePublished":"2025-03-22T09:14:17+00:00","breadcrumb":{"@id":"https:\/\/lavocedelpaese.info\/index.php\/2025\/03\/22\/open-day-al-36-stormo-caccia-per-festeggiare-i-102-anni-dellaeronautica-militare\/#breadcrumb"},"inLanguage":"it-IT","potentialAction":[{"@type":"ReadAction","target":["https:\/\/lavocedelpaese.info\/index.php\/2025\/03\/22\/open-day-al-36-stormo-caccia-per-festeggiare-i-102-anni-dellaeronautica-militare\/"]}]},{"@type":"ImageObject","inLanguage":"it-IT","@id":"https:\/\/lavocedelpaese.info\/index.php\/2025\/03\/22\/open-day-al-36-stormo-caccia-per-festeggiare-i-102-anni-dellaeronautica-militare\/#primaryimage","url":"https:\/\/lavocedelpaese.info\/wp-content\/uploads\/2025\/03\/481272426_662757486093951_3142773943356824921_n-0W0cXl.jpeg","contentUrl":"https:\/\/lavocedelpaese.info\/wp-content\/uploads\/2025\/03\/481272426_662757486093951_3142773943356824921_n-0W0cXl.jpeg","width":1000,"height":594},{"@type":"BreadcrumbList","@id":"https:\/\/lavocedelpaese.info\/index.php\/2025\/03\/22\/open-day-al-36-stormo-caccia-per-festeggiare-i-102-anni-dellaeronautica-militare\/#breadcrumb","itemListElement":[{"@type":"ListItem","position":1,"name":"Home","item":"https:\/\/lavocedelpaese.info\/"},{"@type":"ListItem","position":2,"name":"Open Day al 36\u00b0 Stormo Caccia per festeggiare i 102 anni dell\u2019Aeronautica Militare\u00a0\u200b"}]},{"@type":"WebSite","@id":"https:\/\/lavocedelpaese.info\/#website","url":"https:\/\/lavocedelpaese.info\/","name":"La Voce del Paese","description":"Un network di idee","publisher":{"@id":"https:\/\/lavocedelpaese.info\/#organization"},"potentialAction":[{"@type":"SearchAction","target":{"@type":"EntryPoint","urlTemplate":"https:\/\/lavocedelpaese.info\/?s={search_term_string}"},"query-input":{"@type":"PropertyValueSpecification","valueRequired":true,"valueName":"search_term_string"}}],"inLanguage":"it-IT"},{"@type":"Organization","@id":"https:\/\/lavocedelpaese.info\/#organization","name":"La Voce del Paese","url":"https:\/\/lavocedelpaese.info\/","logo":{"@type":"ImageObject","inLanguage":"it-IT","@id":"https:\/\/lavocedelpaese.info\/#\/schema\/logo\/image\/","url":"https:\/\/lavocedelpaese.info\/wp-content\/uploads\/2023\/01\/cropped-logo-150-127.png","contentUrl":"https:\/\/lavocedelpaese.info\/wp-content\/uploads\/2023\/01\/cropped-logo-150-127.png","width":137,"height":119,"caption":"La Voce del Paese"},"image":{"@id":"https:\/\/lavocedelpaese.info\/#\/schema\/logo\/image\/"},"sameAs":["https:\/\/www.facebook.com\/lavocedelpaese.info"]},{"@type":"Person","@id":"https:\/\/lavocedelpaese.info\/#\/schema\/person\/ec151d321306bd7591f7a061abf72d88","name":"admin","image":{"@type":"ImageObject","inLanguage":"it-IT","@id":"https:\/\/secure.gravatar.com\/avatar\/af8f2caf0663124588de48a9380e07cbc95a74ef15b8062d0d39106c32fe3023?s=96&d=mm&r=g","url":"https:\/\/secure.gravatar.com\/avatar\/af8f2caf0663124588de48a9380e07cbc95a74ef15b8062d0d39106c32fe3023?s=96&d=mm&r=g","contentUrl":"https:\/\/secure.gravatar.com\/avatar\/af8f2caf0663124588de48a9380e07cbc95a74ef15b8062d0d39106c32fe3023?s=96&d=mm&r=g","caption":"admin"},"sameAs":["https:\/\/lavocedelpaese.info"],"url":"https:\/\/lavocedelpaese.info\/index.php\/author\/admin\/"}]}},"_links":{"self":[{"href":"https:\/\/lavocedelpaese.info\/index.php\/wp-json\/wp\/v2\/posts\/9054","targetHints":{"allow":["GET"]}}],"collection":[{"href":"https:\/\/lavocedelpaese.info\/index.php\/wp-json\/wp\/v2\/posts"}],"about":[{"href":"https:\/\/lavocedelpaese.info\/index.php\/wp-json\/wp\/v2\/types\/post"}],"author":[{"embeddable":true,"href":"https:\/\/lavocedelpaese.info\/index.php\/wp-json\/wp\/v2\/users\/6"}],"replies":[{"embeddable":true,"href":"https:\/\/lavocedelpaese.info\/index.php\/wp-json\/wp\/v2\/comments?post=9054"}],"version-history":[{"count":0,"href":"https:\/\/lavocedelpaese.info\/index.php\/wp-json\/wp\/v2\/posts\/9054\/revisions"}],"wp:featuredmedia":[{"embeddable":true,"href":"https:\/\/lavocedelpaese.info\/index.php\/wp-json\/wp\/v2\/media\/9055"}],"wp:attachment":[{"href":"https:\/\/lavocedelpaese.info\/index.php\/wp-json\/wp\/v2\/media?parent=9054"}],"wp:term":[{"taxonomy":"category","embeddable":true,"href":"https:\/\/lavocedelpaese.info\/index.php\/wp-json\/wp\/v2\/categories?post=9054"},{"taxonomy":"post_tag","embeddable":true,"href":"https:\/\/lavocedelpaese.info\/index.php\/wp-json\/wp\/v2\/tags?post=9054"}],"curies":[{"name":"wp","href":"https:\/\/api.w.org\/{rel}","templated":true}]}}