{"id":9050,"date":"2025-03-22T06:14:33","date_gmt":"2025-03-22T06:14:33","guid":{"rendered":"https:\/\/lavocedelpaese.info\/index.php\/2025\/03\/22\/medaglia-donore-conferita-a-mio-padre-leonardo-totire\/"},"modified":"2025-03-22T06:14:33","modified_gmt":"2025-03-22T06:14:33","slug":"medaglia-donore-conferita-a-mio-padre-leonardo-totire","status":"publish","type":"post","link":"https:\/\/lavocedelpaese.info\/index.php\/2025\/03\/22\/medaglia-donore-conferita-a-mio-padre-leonardo-totire\/","title":{"rendered":"Medaglia d\u2019onore conferita a mio padre, Leonardo Totire\u00a0\u200b"},"content":{"rendered":"<p>\u00a0<\/p>\n<p>\u200b\u00a0<\/p>\n<p>\u200b\u00a0<\/p>\n<div><\/div>\n<h4 class=\"wp-block-heading\"><strong>La testimonianza del sacrificio degli Internati Militari Italiani contro l\u2019oppressione nazifascista<\/strong><\/h4>\n<p><strong>di Vito Totire<\/strong><\/p>\n<p>Il 28 gennaio 2025, alle 10 del mattino, la Prefettura di Bologna ha consegnato la medaglia d\u2019onore conferita agli IMI (Internati Militari Italiani) a 18 persone. Una di queste \u00e8 mio padre: Leonardo Totire, nato nel 1912.<br \/>Egli fu prigioniero in un campo di internamento tedesco di Schulbruecke (Sassonia) dall\u2019ottobre 1943 fino al 13 aprile del 1945, dove giunse dopo la cattura a Lavrio, in Grecia, nel settembre 1943.<\/p>\n<p>Sulla storia degli IMI \u00e8 stato scritto e ricordato molto (vedi anche \u201cIl lavoro forzato ai tempi di Hitler\u201d, Pascale e Materassi, Editoriale programma, che riporta ampia bibliografia); la storia di mio padre \u00e8 quella di uno dei 750.000 IMI, di cui 50.000 morirono di fame, freddo e violenze, costretti ai lavori forzati.<\/p>\n<p>Una tragica vicenda umana conseguenza del fascismo italiano alleato con la Germania nazista: si moriva dunque anche per fame, perch\u00e9 Hitler in persona aveva destinato agli IMI una \u201cdieta\u201d pi\u00f9 scarsa di quella destinata ai \u201cveri prigionieri di guerra\u201d, mentre gli IMI venivano considerati \u201cbadogliani\u201d e traditori, dunque prigionieri di seconda categoria e non erano tutelati dalla Croce rossa; inoltre, dal settembre 1944, essi furono sotto la sorveglianza diretta delle SS. Il regime dietetico deciso da Hitler era ancora pi\u00f9 sadico ed omicida per gli internati ebrei.<\/p>\n<p>Mio padre parlava poco di questa sua esperienza, probabilmente per non turbare la sua famiglia, che cresceva serenamente in un paese contadino del Sud (Turi). Ma, a spizzichi e bocconi, qualche episodio, anche raccapricciante, lo rifer\u00ec.<\/p>\n<p>Testimoni\u00f2 (e, pertanto, la sua fu una testimonianza diretta dell\u2019Olocausto perpetrato dai nazisti) che nell\u2019imminenza dell\u2019arrivo degli Alleati, i soldati tedeschi davano fuoco alle baracche degli internati ebrei, risparmiando quelle degli IMI da questa aggressione stragista finale.<\/p>\n<p>Sto raccogliendo questi frammenti di memoria \u201cstrappati\u201d anche a due suoi compagni di sventura (uno residente a Milano \u2013 Franco Martinenghi e uno residente a Crevalcore \u2013 Nino Preti), con i quali si cement\u00f2 una solidissima amicizia durata tutta una vita.<\/p>\n<p>Certo, mio padre e gli IMI non furono partigiani in armi ma catturati in caserma dopo lo \u201csbandamento\u201d dell\u20198 settembre 1943; nessuno di loro ebbe la possibilit\u00e0 di scappare in territori che permettessero la necessaria libert\u00e0 per organizzare forme di resistenza. Resistettero, tuttavia, gli IMI alla campagna di reclutamento condotta dai fascisti della cosiddetta Repubblica di Sal\u00f2, che utilizzavano come incentivo l\u2019offerta di cibo a chi soffriva letteralmente la fame (come ricorda in una memoria scritta uno dei compagni di prigionia di mio padre). Meglio la fame che dare supporto al nazifascismo, cos\u00ec decisero e fecero tutti gli IMI.<\/p>\n<p>In questo momento mi sento di ringraziare il Presidente della Repubblica per una onorificenza che, senza nessuna retorica, mi commuove per il ricordo di un genitore che, come altri 750.000 italiani prigionieri, ha scelto di stare dalla parte della giustizia e della libert\u00e0; mi sento di ringraziare anche perch\u00e9 i rigurgiti di fascismo e di negazionismo nel nostro Paese e nel mondo non si sono mai interrotti e oggi anzi tornano particolarmente ingravescenti.<\/p>\n<p>Mio padre, pur inviato in Grecia (assieme ai suoi commilitoni), fece tutt\u2019altro che \u201cspezzare le reni\u201d al paese invaso; questo lo racconter\u00f2, prima che sia troppo tardi, anche perch\u00e9 \u00e8 pertinente al tema \u201citaliani brava gente\u201d, argomento su cui ci sono state grandi mistificazioni che certamente crollano davanti alle evidenze storiche (basti pensare ai \u201cgas di Mussolini\u201d secondo la eccezionale ricostruzione di Del Boca).<\/p>\n<p>Potremmo dire: italiani brava gente? non tutti, ma neanche nessuno; quando mio padre torn\u00f2 a casa dalla Germania, contando in parte su mezzi di fortuna, pesava circa 40 kilogrammi, cos\u00ec Nino Preti che peraltro sub\u00ec un gravissimo infortunio in una fabbrica di gomma tedesca, tuttora esistente; risulta che pi\u00f9 di 2000 imprese tedesche utilizzarono il lavoro forzato degli IMI in condizioni disastrose in quanto a misure di prevenzione e sicurezza.<\/p>\n<p>Mio padre per tutta la vita non riusc\u00ec a sopportare di vedere un pezzo di pane o un alimento per terra: lo raccoglieva, lo puliva, casomai lo dava da mangiare agli animali o lo usava per concimare gli alberi. Come ho detto mio padre \u201cparlava poco\u201d di quella sua esperienza; mio grave rammarico \u00e8 quello di non averlo \u201cinterrogato\u201d abbastanza ma quanto, sia pure \u201cpoco\u201d, abbiamo saputo, \u00e8 pi\u00f9 che sufficiente per ribadire in maniera perentoria: no al nazifascismo in tutte le sue forme, continuiamo a difendere la pace, la fratellanza tra i popoli, la libert\u00e0, la giustizia sociale.<\/p>\n<p><a class=\"a2a_button_facebook\" href=\"https:\/\/www.addtoany.com\/add_to\/facebook?linkurl=https%3A%2F%2Fturi.lavocedelpaese.info%2Fmedaglia-donore-conferita-a-mio-padre-leonardo-totire%2F&amp;linkname=Medaglia%20d%E2%80%99onore%20conferita%20a%20mio%20padre%2C%20Leonardo%20Totire\" title=\"Facebook\" rel=\"nofollow noopener\" target=\"_blank\"><\/a><a class=\"a2a_button_twitter\" href=\"https:\/\/www.addtoany.com\/add_to\/twitter?linkurl=https%3A%2F%2Fturi.lavocedelpaese.info%2Fmedaglia-donore-conferita-a-mio-padre-leonardo-totire%2F&amp;linkname=Medaglia%20d%E2%80%99onore%20conferita%20a%20mio%20padre%2C%20Leonardo%20Totire\" title=\"Twitter\" rel=\"nofollow noopener\" target=\"_blank\"><\/a><a class=\"a2a_button_whatsapp\" href=\"https:\/\/www.addtoany.com\/add_to\/whatsapp?linkurl=https%3A%2F%2Fturi.lavocedelpaese.info%2Fmedaglia-donore-conferita-a-mio-padre-leonardo-totire%2F&amp;linkname=Medaglia%20d%E2%80%99onore%20conferita%20a%20mio%20padre%2C%20Leonardo%20Totire\" title=\"WhatsApp\" rel=\"nofollow noopener\" target=\"_blank\"><\/a><a class=\"a2a_button_telegram\" href=\"https:\/\/www.addtoany.com\/add_to\/telegram?linkurl=https%3A%2F%2Fturi.lavocedelpaese.info%2Fmedaglia-donore-conferita-a-mio-padre-leonardo-totire%2F&amp;linkname=Medaglia%20d%E2%80%99onore%20conferita%20a%20mio%20padre%2C%20Leonardo%20Totire\" title=\"Telegram\" rel=\"nofollow noopener\" target=\"_blank\"><\/a><a class=\"a2a_button_email\" href=\"https:\/\/www.addtoany.com\/add_to\/email?linkurl=https%3A%2F%2Fturi.lavocedelpaese.info%2Fmedaglia-donore-conferita-a-mio-padre-leonardo-totire%2F&amp;linkname=Medaglia%20d%E2%80%99onore%20conferita%20a%20mio%20padre%2C%20Leonardo%20Totire\" title=\"Email\" rel=\"nofollow noopener\" target=\"_blank\"><\/a><\/p>\n<p>L&#8217;articolo <a href=\"https:\/\/turi.lavocedelpaese.info\/medaglia-donore-conferita-a-mio-padre-leonardo-totire\/\">Medaglia d\u2019onore conferita a mio padre, Leonardo Totire<\/a> proviene da <a href=\"https:\/\/turi.lavocedelpaese.info\/\">Turi &#8211; La Voce del Paese<\/a>.<\/p>\n<p>\u00a0<\/p>\n<p>\u00a0<\/p>\n<p>\u200b\u00a0\u00a0\u00a0<\/p>","protected":false},"excerpt":{"rendered":"<p>\u00a0 \u200b\u00a0 \u200b\u00a0 La testimonianza del sacrificio degli Internati Militari Italiani contro l\u2019oppressione nazifascista di Vito Totire Il 28 gennaio<\/p>\n","protected":false},"author":6,"featured_media":730,"comment_status":"open","ping_status":"closed","sticky":false,"template":"","format":"standard","meta":{"colormag_page_container_layout":"default_layout","colormag_page_sidebar_layout":"default_layout","footnotes":""},"categories":[33],"tags":[],"class_list":["post-9050","post","type-post","status-publish","format-standard","has-post-thumbnail","hentry","category-network"],"yoast_head":"<!-- This site is optimized with the Yoast SEO plugin v27.5 - https:\/\/yoast.com\/product\/yoast-seo-wordpress\/ -->\n<title>Medaglia d\u2019onore conferita a mio padre, Leonardo Totire\u00a0\u200b - La Voce del Paese<\/title>\n<meta name=\"robots\" content=\"index, follow, max-snippet:-1, max-image-preview:large, max-video-preview:-1\" \/>\n<link rel=\"canonical\" href=\"https:\/\/lavocedelpaese.info\/index.php\/2025\/03\/22\/medaglia-donore-conferita-a-mio-padre-leonardo-totire\/\" \/>\n<meta property=\"og:locale\" content=\"it_IT\" \/>\n<meta property=\"og:type\" content=\"article\" \/>\n<meta property=\"og:title\" content=\"Medaglia d\u2019onore conferita a mio padre, Leonardo Totire\u00a0\u200b - La Voce del Paese\" \/>\n<meta property=\"og:description\" content=\"\u00a0 \u200b\u00a0 \u200b\u00a0 La testimonianza del sacrificio degli Internati Militari Italiani contro l\u2019oppressione nazifascista di Vito Totire Il 28 gennaio\" \/>\n<meta property=\"og:url\" content=\"https:\/\/lavocedelpaese.info\/index.php\/2025\/03\/22\/medaglia-donore-conferita-a-mio-padre-leonardo-totire\/\" \/>\n<meta property=\"og:site_name\" content=\"La Voce del Paese\" \/>\n<meta property=\"article:publisher\" content=\"https:\/\/www.facebook.com\/lavocedelpaese.info\" \/>\n<meta property=\"article:published_time\" content=\"2025-03-22T06:14:33+00:00\" \/>\n<meta name=\"author\" content=\"admin\" \/>\n<meta name=\"twitter:card\" content=\"summary_large_image\" \/>\n<meta name=\"twitter:label1\" content=\"Scritto da\" \/>\n\t<meta name=\"twitter:data1\" content=\"admin\" \/>\n\t<meta name=\"twitter:label2\" content=\"Tempo di lettura stimato\" \/>\n\t<meta name=\"twitter:data2\" content=\"4 minuti\" \/>\n<script type=\"application\/ld+json\" class=\"yoast-schema-graph\">{\"@context\":\"https:\\\/\\\/schema.org\",\"@graph\":[{\"@type\":\"Article\",\"@id\":\"https:\\\/\\\/lavocedelpaese.info\\\/index.php\\\/2025\\\/03\\\/22\\\/medaglia-donore-conferita-a-mio-padre-leonardo-totire\\\/#article\",\"isPartOf\":{\"@id\":\"https:\\\/\\\/lavocedelpaese.info\\\/index.php\\\/2025\\\/03\\\/22\\\/medaglia-donore-conferita-a-mio-padre-leonardo-totire\\\/\"},\"author\":{\"name\":\"admin\",\"@id\":\"https:\\\/\\\/lavocedelpaese.info\\\/#\\\/schema\\\/person\\\/ec151d321306bd7591f7a061abf72d88\"},\"headline\":\"Medaglia d\u2019onore conferita a mio padre, Leonardo Totire\u00a0\u200b\",\"datePublished\":\"2025-03-22T06:14:33+00:00\",\"mainEntityOfPage\":{\"@id\":\"https:\\\/\\\/lavocedelpaese.info\\\/index.php\\\/2025\\\/03\\\/22\\\/medaglia-donore-conferita-a-mio-padre-leonardo-totire\\\/\"},\"wordCount\":754,\"commentCount\":0,\"publisher\":{\"@id\":\"https:\\\/\\\/lavocedelpaese.info\\\/#organization\"},\"image\":{\"@id\":\"https:\\\/\\\/lavocedelpaese.info\\\/index.php\\\/2025\\\/03\\\/22\\\/medaglia-donore-conferita-a-mio-padre-leonardo-totire\\\/#primaryimage\"},\"thumbnailUrl\":\"https:\\\/\\\/lavocedelpaese.info\\\/wp-content\\\/uploads\\\/2023\\\/01\\\/logo-150-127.png\",\"articleSection\":[\"network\"],\"inLanguage\":\"it-IT\",\"potentialAction\":[{\"@type\":\"CommentAction\",\"name\":\"Comment\",\"target\":[\"https:\\\/\\\/lavocedelpaese.info\\\/index.php\\\/2025\\\/03\\\/22\\\/medaglia-donore-conferita-a-mio-padre-leonardo-totire\\\/#respond\"]}]},{\"@type\":\"WebPage\",\"@id\":\"https:\\\/\\\/lavocedelpaese.info\\\/index.php\\\/2025\\\/03\\\/22\\\/medaglia-donore-conferita-a-mio-padre-leonardo-totire\\\/\",\"url\":\"https:\\\/\\\/lavocedelpaese.info\\\/index.php\\\/2025\\\/03\\\/22\\\/medaglia-donore-conferita-a-mio-padre-leonardo-totire\\\/\",\"name\":\"Medaglia d\u2019onore conferita a mio padre, Leonardo Totire\u00a0\u200b - La Voce del Paese\",\"isPartOf\":{\"@id\":\"https:\\\/\\\/lavocedelpaese.info\\\/#website\"},\"primaryImageOfPage\":{\"@id\":\"https:\\\/\\\/lavocedelpaese.info\\\/index.php\\\/2025\\\/03\\\/22\\\/medaglia-donore-conferita-a-mio-padre-leonardo-totire\\\/#primaryimage\"},\"image\":{\"@id\":\"https:\\\/\\\/lavocedelpaese.info\\\/index.php\\\/2025\\\/03\\\/22\\\/medaglia-donore-conferita-a-mio-padre-leonardo-totire\\\/#primaryimage\"},\"thumbnailUrl\":\"https:\\\/\\\/lavocedelpaese.info\\\/wp-content\\\/uploads\\\/2023\\\/01\\\/logo-150-127.png\",\"datePublished\":\"2025-03-22T06:14:33+00:00\",\"breadcrumb\":{\"@id\":\"https:\\\/\\\/lavocedelpaese.info\\\/index.php\\\/2025\\\/03\\\/22\\\/medaglia-donore-conferita-a-mio-padre-leonardo-totire\\\/#breadcrumb\"},\"inLanguage\":\"it-IT\",\"potentialAction\":[{\"@type\":\"ReadAction\",\"target\":[\"https:\\\/\\\/lavocedelpaese.info\\\/index.php\\\/2025\\\/03\\\/22\\\/medaglia-donore-conferita-a-mio-padre-leonardo-totire\\\/\"]}]},{\"@type\":\"ImageObject\",\"inLanguage\":\"it-IT\",\"@id\":\"https:\\\/\\\/lavocedelpaese.info\\\/index.php\\\/2025\\\/03\\\/22\\\/medaglia-donore-conferita-a-mio-padre-leonardo-totire\\\/#primaryimage\",\"url\":\"https:\\\/\\\/lavocedelpaese.info\\\/wp-content\\\/uploads\\\/2023\\\/01\\\/logo-150-127.png\",\"contentUrl\":\"https:\\\/\\\/lavocedelpaese.info\\\/wp-content\\\/uploads\\\/2023\\\/01\\\/logo-150-127.png\",\"width\":150,\"height\":127},{\"@type\":\"BreadcrumbList\",\"@id\":\"https:\\\/\\\/lavocedelpaese.info\\\/index.php\\\/2025\\\/03\\\/22\\\/medaglia-donore-conferita-a-mio-padre-leonardo-totire\\\/#breadcrumb\",\"itemListElement\":[{\"@type\":\"ListItem\",\"position\":1,\"name\":\"Home\",\"item\":\"https:\\\/\\\/lavocedelpaese.info\\\/\"},{\"@type\":\"ListItem\",\"position\":2,\"name\":\"Medaglia d\u2019onore conferita a mio padre, Leonardo Totire\u00a0\u200b\"}]},{\"@type\":\"WebSite\",\"@id\":\"https:\\\/\\\/lavocedelpaese.info\\\/#website\",\"url\":\"https:\\\/\\\/lavocedelpaese.info\\\/\",\"name\":\"La Voce del Paese\",\"description\":\"Un network di idee\",\"publisher\":{\"@id\":\"https:\\\/\\\/lavocedelpaese.info\\\/#organization\"},\"potentialAction\":[{\"@type\":\"SearchAction\",\"target\":{\"@type\":\"EntryPoint\",\"urlTemplate\":\"https:\\\/\\\/lavocedelpaese.info\\\/?s={search_term_string}\"},\"query-input\":{\"@type\":\"PropertyValueSpecification\",\"valueRequired\":true,\"valueName\":\"search_term_string\"}}],\"inLanguage\":\"it-IT\"},{\"@type\":\"Organization\",\"@id\":\"https:\\\/\\\/lavocedelpaese.info\\\/#organization\",\"name\":\"La Voce del Paese\",\"url\":\"https:\\\/\\\/lavocedelpaese.info\\\/\",\"logo\":{\"@type\":\"ImageObject\",\"inLanguage\":\"it-IT\",\"@id\":\"https:\\\/\\\/lavocedelpaese.info\\\/#\\\/schema\\\/logo\\\/image\\\/\",\"url\":\"https:\\\/\\\/lavocedelpaese.info\\\/wp-content\\\/uploads\\\/2023\\\/01\\\/cropped-logo-150-127.png\",\"contentUrl\":\"https:\\\/\\\/lavocedelpaese.info\\\/wp-content\\\/uploads\\\/2023\\\/01\\\/cropped-logo-150-127.png\",\"width\":137,\"height\":119,\"caption\":\"La Voce del Paese\"},\"image\":{\"@id\":\"https:\\\/\\\/lavocedelpaese.info\\\/#\\\/schema\\\/logo\\\/image\\\/\"},\"sameAs\":[\"https:\\\/\\\/www.facebook.com\\\/lavocedelpaese.info\"]},{\"@type\":\"Person\",\"@id\":\"https:\\\/\\\/lavocedelpaese.info\\\/#\\\/schema\\\/person\\\/ec151d321306bd7591f7a061abf72d88\",\"name\":\"admin\",\"image\":{\"@type\":\"ImageObject\",\"inLanguage\":\"it-IT\",\"@id\":\"https:\\\/\\\/secure.gravatar.com\\\/avatar\\\/af8f2caf0663124588de48a9380e07cbc95a74ef15b8062d0d39106c32fe3023?s=96&d=mm&r=g\",\"url\":\"https:\\\/\\\/secure.gravatar.com\\\/avatar\\\/af8f2caf0663124588de48a9380e07cbc95a74ef15b8062d0d39106c32fe3023?s=96&d=mm&r=g\",\"contentUrl\":\"https:\\\/\\\/secure.gravatar.com\\\/avatar\\\/af8f2caf0663124588de48a9380e07cbc95a74ef15b8062d0d39106c32fe3023?s=96&d=mm&r=g\",\"caption\":\"admin\"},\"sameAs\":[\"https:\\\/\\\/lavocedelpaese.info\"],\"url\":\"https:\\\/\\\/lavocedelpaese.info\\\/index.php\\\/author\\\/admin\\\/\"}]}<\/script>\n<!-- \/ Yoast SEO plugin. -->","yoast_head_json":{"title":"Medaglia d\u2019onore conferita a mio padre, Leonardo Totire\u00a0\u200b - La Voce del Paese","robots":{"index":"index","follow":"follow","max-snippet":"max-snippet:-1","max-image-preview":"max-image-preview:large","max-video-preview":"max-video-preview:-1"},"canonical":"https:\/\/lavocedelpaese.info\/index.php\/2025\/03\/22\/medaglia-donore-conferita-a-mio-padre-leonardo-totire\/","og_locale":"it_IT","og_type":"article","og_title":"Medaglia d\u2019onore conferita a mio padre, Leonardo Totire\u00a0\u200b - La Voce del Paese","og_description":"\u00a0 \u200b\u00a0 \u200b\u00a0 La testimonianza del sacrificio degli Internati Militari Italiani contro l\u2019oppressione nazifascista di Vito Totire Il 28 gennaio","og_url":"https:\/\/lavocedelpaese.info\/index.php\/2025\/03\/22\/medaglia-donore-conferita-a-mio-padre-leonardo-totire\/","og_site_name":"La Voce del Paese","article_publisher":"https:\/\/www.facebook.com\/lavocedelpaese.info","article_published_time":"2025-03-22T06:14:33+00:00","author":"admin","twitter_card":"summary_large_image","twitter_misc":{"Scritto da":"admin","Tempo di lettura stimato":"4 minuti"},"schema":{"@context":"https:\/\/schema.org","@graph":[{"@type":"Article","@id":"https:\/\/lavocedelpaese.info\/index.php\/2025\/03\/22\/medaglia-donore-conferita-a-mio-padre-leonardo-totire\/#article","isPartOf":{"@id":"https:\/\/lavocedelpaese.info\/index.php\/2025\/03\/22\/medaglia-donore-conferita-a-mio-padre-leonardo-totire\/"},"author":{"name":"admin","@id":"https:\/\/lavocedelpaese.info\/#\/schema\/person\/ec151d321306bd7591f7a061abf72d88"},"headline":"Medaglia d\u2019onore conferita a mio padre, Leonardo Totire\u00a0\u200b","datePublished":"2025-03-22T06:14:33+00:00","mainEntityOfPage":{"@id":"https:\/\/lavocedelpaese.info\/index.php\/2025\/03\/22\/medaglia-donore-conferita-a-mio-padre-leonardo-totire\/"},"wordCount":754,"commentCount":0,"publisher":{"@id":"https:\/\/lavocedelpaese.info\/#organization"},"image":{"@id":"https:\/\/lavocedelpaese.info\/index.php\/2025\/03\/22\/medaglia-donore-conferita-a-mio-padre-leonardo-totire\/#primaryimage"},"thumbnailUrl":"https:\/\/lavocedelpaese.info\/wp-content\/uploads\/2023\/01\/logo-150-127.png","articleSection":["network"],"inLanguage":"it-IT","potentialAction":[{"@type":"CommentAction","name":"Comment","target":["https:\/\/lavocedelpaese.info\/index.php\/2025\/03\/22\/medaglia-donore-conferita-a-mio-padre-leonardo-totire\/#respond"]}]},{"@type":"WebPage","@id":"https:\/\/lavocedelpaese.info\/index.php\/2025\/03\/22\/medaglia-donore-conferita-a-mio-padre-leonardo-totire\/","url":"https:\/\/lavocedelpaese.info\/index.php\/2025\/03\/22\/medaglia-donore-conferita-a-mio-padre-leonardo-totire\/","name":"Medaglia d\u2019onore conferita a mio padre, Leonardo Totire\u00a0\u200b - La Voce del Paese","isPartOf":{"@id":"https:\/\/lavocedelpaese.info\/#website"},"primaryImageOfPage":{"@id":"https:\/\/lavocedelpaese.info\/index.php\/2025\/03\/22\/medaglia-donore-conferita-a-mio-padre-leonardo-totire\/#primaryimage"},"image":{"@id":"https:\/\/lavocedelpaese.info\/index.php\/2025\/03\/22\/medaglia-donore-conferita-a-mio-padre-leonardo-totire\/#primaryimage"},"thumbnailUrl":"https:\/\/lavocedelpaese.info\/wp-content\/uploads\/2023\/01\/logo-150-127.png","datePublished":"2025-03-22T06:14:33+00:00","breadcrumb":{"@id":"https:\/\/lavocedelpaese.info\/index.php\/2025\/03\/22\/medaglia-donore-conferita-a-mio-padre-leonardo-totire\/#breadcrumb"},"inLanguage":"it-IT","potentialAction":[{"@type":"ReadAction","target":["https:\/\/lavocedelpaese.info\/index.php\/2025\/03\/22\/medaglia-donore-conferita-a-mio-padre-leonardo-totire\/"]}]},{"@type":"ImageObject","inLanguage":"it-IT","@id":"https:\/\/lavocedelpaese.info\/index.php\/2025\/03\/22\/medaglia-donore-conferita-a-mio-padre-leonardo-totire\/#primaryimage","url":"https:\/\/lavocedelpaese.info\/wp-content\/uploads\/2023\/01\/logo-150-127.png","contentUrl":"https:\/\/lavocedelpaese.info\/wp-content\/uploads\/2023\/01\/logo-150-127.png","width":150,"height":127},{"@type":"BreadcrumbList","@id":"https:\/\/lavocedelpaese.info\/index.php\/2025\/03\/22\/medaglia-donore-conferita-a-mio-padre-leonardo-totire\/#breadcrumb","itemListElement":[{"@type":"ListItem","position":1,"name":"Home","item":"https:\/\/lavocedelpaese.info\/"},{"@type":"ListItem","position":2,"name":"Medaglia d\u2019onore conferita a mio padre, Leonardo Totire\u00a0\u200b"}]},{"@type":"WebSite","@id":"https:\/\/lavocedelpaese.info\/#website","url":"https:\/\/lavocedelpaese.info\/","name":"La Voce del Paese","description":"Un network di idee","publisher":{"@id":"https:\/\/lavocedelpaese.info\/#organization"},"potentialAction":[{"@type":"SearchAction","target":{"@type":"EntryPoint","urlTemplate":"https:\/\/lavocedelpaese.info\/?s={search_term_string}"},"query-input":{"@type":"PropertyValueSpecification","valueRequired":true,"valueName":"search_term_string"}}],"inLanguage":"it-IT"},{"@type":"Organization","@id":"https:\/\/lavocedelpaese.info\/#organization","name":"La Voce del Paese","url":"https:\/\/lavocedelpaese.info\/","logo":{"@type":"ImageObject","inLanguage":"it-IT","@id":"https:\/\/lavocedelpaese.info\/#\/schema\/logo\/image\/","url":"https:\/\/lavocedelpaese.info\/wp-content\/uploads\/2023\/01\/cropped-logo-150-127.png","contentUrl":"https:\/\/lavocedelpaese.info\/wp-content\/uploads\/2023\/01\/cropped-logo-150-127.png","width":137,"height":119,"caption":"La Voce del Paese"},"image":{"@id":"https:\/\/lavocedelpaese.info\/#\/schema\/logo\/image\/"},"sameAs":["https:\/\/www.facebook.com\/lavocedelpaese.info"]},{"@type":"Person","@id":"https:\/\/lavocedelpaese.info\/#\/schema\/person\/ec151d321306bd7591f7a061abf72d88","name":"admin","image":{"@type":"ImageObject","inLanguage":"it-IT","@id":"https:\/\/secure.gravatar.com\/avatar\/af8f2caf0663124588de48a9380e07cbc95a74ef15b8062d0d39106c32fe3023?s=96&d=mm&r=g","url":"https:\/\/secure.gravatar.com\/avatar\/af8f2caf0663124588de48a9380e07cbc95a74ef15b8062d0d39106c32fe3023?s=96&d=mm&r=g","contentUrl":"https:\/\/secure.gravatar.com\/avatar\/af8f2caf0663124588de48a9380e07cbc95a74ef15b8062d0d39106c32fe3023?s=96&d=mm&r=g","caption":"admin"},"sameAs":["https:\/\/lavocedelpaese.info"],"url":"https:\/\/lavocedelpaese.info\/index.php\/author\/admin\/"}]}},"_links":{"self":[{"href":"https:\/\/lavocedelpaese.info\/index.php\/wp-json\/wp\/v2\/posts\/9050","targetHints":{"allow":["GET"]}}],"collection":[{"href":"https:\/\/lavocedelpaese.info\/index.php\/wp-json\/wp\/v2\/posts"}],"about":[{"href":"https:\/\/lavocedelpaese.info\/index.php\/wp-json\/wp\/v2\/types\/post"}],"author":[{"embeddable":true,"href":"https:\/\/lavocedelpaese.info\/index.php\/wp-json\/wp\/v2\/users\/6"}],"replies":[{"embeddable":true,"href":"https:\/\/lavocedelpaese.info\/index.php\/wp-json\/wp\/v2\/comments?post=9050"}],"version-history":[{"count":0,"href":"https:\/\/lavocedelpaese.info\/index.php\/wp-json\/wp\/v2\/posts\/9050\/revisions"}],"wp:featuredmedia":[{"embeddable":true,"href":"https:\/\/lavocedelpaese.info\/index.php\/wp-json\/wp\/v2\/media\/730"}],"wp:attachment":[{"href":"https:\/\/lavocedelpaese.info\/index.php\/wp-json\/wp\/v2\/media?parent=9050"}],"wp:term":[{"taxonomy":"category","embeddable":true,"href":"https:\/\/lavocedelpaese.info\/index.php\/wp-json\/wp\/v2\/categories?post=9050"},{"taxonomy":"post_tag","embeddable":true,"href":"https:\/\/lavocedelpaese.info\/index.php\/wp-json\/wp\/v2\/tags?post=9050"}],"curies":[{"name":"wp","href":"https:\/\/api.w.org\/{rel}","templated":true}]}}