{"id":9036,"date":"2025-03-20T07:14:04","date_gmt":"2025-03-20T07:14:04","guid":{"rendered":"https:\/\/lavocedelpaese.info\/index.php\/2025\/03\/20\/al-via-aspettandomagna-inventio-con-la-coperta-comunitaria\/"},"modified":"2025-03-20T07:14:04","modified_gmt":"2025-03-20T07:14:04","slug":"al-via-aspettandomagna-inventio-con-la-coperta-comunitaria","status":"publish","type":"post","link":"https:\/\/lavocedelpaese.info\/index.php\/2025\/03\/20\/al-via-aspettandomagna-inventio-con-la-coperta-comunitaria\/","title":{"rendered":"Al via \u201cAspettando\u2026Magna Inventio\u201d con la Coperta Comunitaria\u00a0\u200b"},"content":{"rendered":"<p>\u00a0<\/p>\n<p>\u200b\u00a0<\/p>\n<p>\u200b\u00a0<\/p>\n<p>Mani che tessono, che cuciono, che ricamano.<\/p>\n<p>Mani che lavorano e che si aiutano.<\/p>\n<p>Mani che insegnano.<\/p>\n<p>Sono le mani della comunit\u00e0 cassanese che aspetta \u201cMagna Inventio 2025\u201d, la rievocazione storica del II ritrovamento della Immagine della Madonna degli Angeli nella Grotta del Convento di Cassanodelle Murge, avvenuta nel 1855 e del quale ricorrono quest\u2019anno i 170 anni.<\/p>\n<p>Per prepararci agli eventi (dal 15 al 18 maggio) <strong>luned\u00ec 24 marzo 2025 a partire dalle ore 17.30, presso la piazzetta di san Giuseppe a Cassano delle Murge<\/strong>, prender\u00e0 l\u2019avvio la realizzazione della <strong><u>Coperta Comunitaria<\/u><\/strong> per la quale ognuno potr\u00e0 costruire un pezzo e che sar\u00e0 poi esposta durante i giorni della Festa.<\/p>\n<p>Chiunque pu\u00f2 partecipare alla realizzazione della Coperta Comunitaria: anche chi non sa lavorare ai ferri ma pu\u00f2 aiutare in altro modo e soprattutto potr\u00e0 imparare: donne, uomini e bambini in una attivit\u00e0 corale di cui l\u2019appuntamento del 24 marzo \u00e8 solo il primo passo.<\/p>\n<p>Sar\u00e0 l\u2019occasione, fra l\u2019altro, di ammirare da vicino il prezioso lavoro di restauro dell\u2019antica Chiesa di san Giuseppe, una delle pi\u00f9 antiche di Cassano, scrigno di capolavori d\u2019arte, grazie alla disponibilit\u00e0 del parroco della Chiesa Madre, don Francesco Gramegna ed alla Confraternita della Madonna degli Angeli.<\/p>\n<p>L\u2019organizzazione di \u201cMAGNA INVENTIO\u201d \u00e8 a cura dell\u2019Associazione \u201cCassianum\u201d con il patrocinio ed il sostegno economico del Comune di Cassano delle Murge e di aziende del territorio ed in collaborazione con Parrocchia \u201cSanta Maria Assunta\u201d, Istituto Comprensivo \u201cProtti-Ruffo\u201d, Comitato Festa Patronale oltre a tanti volontari.<\/p>\n<p>Per contatti: <a href=\"mailto:inventiocassano@gmail.com\">inventiocassano@gmail.com<\/a> \u2013 Fb: h<a href=\"https:\/\/www.facebook.com\/magnainventio\">ttps:\/\/www.facebook.com\/magnainventio<\/a><\/p>\n<figure class=\"wp-block-image size-large\"><img decoding=\"async\" width=\"768\" height=\"1024\" src=\"https:\/\/cassano.lavocedelpaese.info\/wp-content\/uploads\/2025\/03\/Locandina-Coperta-Comunitaria-1-768x1024.jpg\" alt=\"\" class=\"wp-image-6255\"\/><\/figure>\n<p><a class=\"a2a_button_facebook\" href=\"https:\/\/www.addtoany.com\/add_to\/facebook?linkurl=https%3A%2F%2Fcassano.lavocedelpaese.info%2Fal-via-aspettando-magna-inventio-con-la-coperta-comunitaria%2F&amp;linkname=Al%20via%20%E2%80%9CAspettando%E2%80%A6Magna%20Inventio%E2%80%9D%20con%20la%20Coperta%20Comunitaria\" title=\"Facebook\" rel=\"nofollow noopener\" target=\"_blank\"><\/a><a class=\"a2a_button_twitter\" href=\"https:\/\/www.addtoany.com\/add_to\/twitter?linkurl=https%3A%2F%2Fcassano.lavocedelpaese.info%2Fal-via-aspettando-magna-inventio-con-la-coperta-comunitaria%2F&amp;linkname=Al%20via%20%E2%80%9CAspettando%E2%80%A6Magna%20Inventio%E2%80%9D%20con%20la%20Coperta%20Comunitaria\" title=\"Twitter\" rel=\"nofollow noopener\" target=\"_blank\"><\/a><a class=\"a2a_button_whatsapp\" href=\"https:\/\/www.addtoany.com\/add_to\/whatsapp?linkurl=https%3A%2F%2Fcassano.lavocedelpaese.info%2Fal-via-aspettando-magna-inventio-con-la-coperta-comunitaria%2F&amp;linkname=Al%20via%20%E2%80%9CAspettando%E2%80%A6Magna%20Inventio%E2%80%9D%20con%20la%20Coperta%20Comunitaria\" title=\"WhatsApp\" rel=\"nofollow noopener\" target=\"_blank\"><\/a><a class=\"a2a_button_telegram\" href=\"https:\/\/www.addtoany.com\/add_to\/telegram?linkurl=https%3A%2F%2Fcassano.lavocedelpaese.info%2Fal-via-aspettando-magna-inventio-con-la-coperta-comunitaria%2F&amp;linkname=Al%20via%20%E2%80%9CAspettando%E2%80%A6Magna%20Inventio%E2%80%9D%20con%20la%20Coperta%20Comunitaria\" title=\"Telegram\" rel=\"nofollow noopener\" target=\"_blank\"><\/a><a class=\"a2a_button_email\" href=\"https:\/\/www.addtoany.com\/add_to\/email?linkurl=https%3A%2F%2Fcassano.lavocedelpaese.info%2Fal-via-aspettando-magna-inventio-con-la-coperta-comunitaria%2F&amp;linkname=Al%20via%20%E2%80%9CAspettando%E2%80%A6Magna%20Inventio%E2%80%9D%20con%20la%20Coperta%20Comunitaria\" title=\"Email\" rel=\"nofollow noopener\" target=\"_blank\"><\/a><\/p>\n<p>\u00a0<\/p>\n<p>\u00a0<\/p>\n<p>\u200b\u00a0\u00a0\u00a0<\/p>","protected":false},"excerpt":{"rendered":"<p>\u00a0 \u200b\u00a0 \u200b\u00a0 Mani che tessono, che cuciono, che ricamano. Mani che lavorano e che si aiutano. Mani che insegnano.<\/p>\n","protected":false},"author":6,"featured_media":9037,"comment_status":"open","ping_status":"closed","sticky":false,"template":"","format":"standard","meta":{"colormag_page_container_layout":"default_layout","colormag_page_sidebar_layout":"default_layout","footnotes":""},"categories":[33],"tags":[],"class_list":["post-9036","post","type-post","status-publish","format-standard","has-post-thumbnail","hentry","category-network"],"yoast_head":"<!-- This site is optimized with the Yoast SEO plugin v27.5 - https:\/\/yoast.com\/product\/yoast-seo-wordpress\/ -->\n<title>Al via \u201cAspettando\u2026Magna Inventio\u201d con la Coperta Comunitaria\u00a0\u200b - La Voce del Paese<\/title>\n<meta name=\"robots\" content=\"index, follow, max-snippet:-1, max-image-preview:large, max-video-preview:-1\" \/>\n<link rel=\"canonical\" href=\"https:\/\/lavocedelpaese.info\/index.php\/2025\/03\/20\/al-via-aspettandomagna-inventio-con-la-coperta-comunitaria\/\" \/>\n<meta property=\"og:locale\" content=\"it_IT\" \/>\n<meta property=\"og:type\" content=\"article\" \/>\n<meta property=\"og:title\" content=\"Al via \u201cAspettando\u2026Magna Inventio\u201d con la Coperta Comunitaria\u00a0\u200b - La Voce del Paese\" \/>\n<meta property=\"og:description\" content=\"\u00a0 \u200b\u00a0 \u200b\u00a0 Mani che tessono, che cuciono, che ricamano. Mani che lavorano e che si aiutano. Mani che insegnano.\" \/>\n<meta property=\"og:url\" content=\"https:\/\/lavocedelpaese.info\/index.php\/2025\/03\/20\/al-via-aspettandomagna-inventio-con-la-coperta-comunitaria\/\" \/>\n<meta property=\"og:site_name\" content=\"La Voce del Paese\" \/>\n<meta property=\"article:publisher\" content=\"https:\/\/www.facebook.com\/lavocedelpaese.info\" \/>\n<meta property=\"article:published_time\" content=\"2025-03-20T07:14:04+00:00\" \/>\n<meta name=\"author\" content=\"admin\" \/>\n<meta name=\"twitter:card\" content=\"summary_large_image\" \/>\n<meta name=\"twitter:label1\" content=\"Scritto da\" \/>\n\t<meta name=\"twitter:data1\" content=\"admin\" \/>\n\t<meta name=\"twitter:label2\" content=\"Tempo di lettura stimato\" \/>\n\t<meta name=\"twitter:data2\" content=\"1 minuto\" \/>\n<script type=\"application\/ld+json\" class=\"yoast-schema-graph\">{\"@context\":\"https:\\\/\\\/schema.org\",\"@graph\":[{\"@type\":\"Article\",\"@id\":\"https:\\\/\\\/lavocedelpaese.info\\\/index.php\\\/2025\\\/03\\\/20\\\/al-via-aspettandomagna-inventio-con-la-coperta-comunitaria\\\/#article\",\"isPartOf\":{\"@id\":\"https:\\\/\\\/lavocedelpaese.info\\\/index.php\\\/2025\\\/03\\\/20\\\/al-via-aspettandomagna-inventio-con-la-coperta-comunitaria\\\/\"},\"author\":{\"name\":\"admin\",\"@id\":\"https:\\\/\\\/lavocedelpaese.info\\\/#\\\/schema\\\/person\\\/ec151d321306bd7591f7a061abf72d88\"},\"headline\":\"Al via \u201cAspettando\u2026Magna Inventio\u201d con la Coperta Comunitaria\u00a0\u200b\",\"datePublished\":\"2025-03-20T07:14:04+00:00\",\"mainEntityOfPage\":{\"@id\":\"https:\\\/\\\/lavocedelpaese.info\\\/index.php\\\/2025\\\/03\\\/20\\\/al-via-aspettandomagna-inventio-con-la-coperta-comunitaria\\\/\"},\"wordCount\":264,\"commentCount\":0,\"publisher\":{\"@id\":\"https:\\\/\\\/lavocedelpaese.info\\\/#organization\"},\"image\":{\"@id\":\"https:\\\/\\\/lavocedelpaese.info\\\/index.php\\\/2025\\\/03\\\/20\\\/al-via-aspettandomagna-inventio-con-la-coperta-comunitaria\\\/#primaryimage\"},\"thumbnailUrl\":\"https:\\\/\\\/lavocedelpaese.info\\\/wp-content\\\/uploads\\\/2025\\\/03\\\/Locandina-Coperta-Comunitaria-1-768x1024-yFgVje.jpeg\",\"articleSection\":[\"network\"],\"inLanguage\":\"it-IT\",\"potentialAction\":[{\"@type\":\"CommentAction\",\"name\":\"Comment\",\"target\":[\"https:\\\/\\\/lavocedelpaese.info\\\/index.php\\\/2025\\\/03\\\/20\\\/al-via-aspettandomagna-inventio-con-la-coperta-comunitaria\\\/#respond\"]}]},{\"@type\":\"WebPage\",\"@id\":\"https:\\\/\\\/lavocedelpaese.info\\\/index.php\\\/2025\\\/03\\\/20\\\/al-via-aspettandomagna-inventio-con-la-coperta-comunitaria\\\/\",\"url\":\"https:\\\/\\\/lavocedelpaese.info\\\/index.php\\\/2025\\\/03\\\/20\\\/al-via-aspettandomagna-inventio-con-la-coperta-comunitaria\\\/\",\"name\":\"Al via \u201cAspettando\u2026Magna Inventio\u201d con la Coperta Comunitaria\u00a0\u200b - La Voce del Paese\",\"isPartOf\":{\"@id\":\"https:\\\/\\\/lavocedelpaese.info\\\/#website\"},\"primaryImageOfPage\":{\"@id\":\"https:\\\/\\\/lavocedelpaese.info\\\/index.php\\\/2025\\\/03\\\/20\\\/al-via-aspettandomagna-inventio-con-la-coperta-comunitaria\\\/#primaryimage\"},\"image\":{\"@id\":\"https:\\\/\\\/lavocedelpaese.info\\\/index.php\\\/2025\\\/03\\\/20\\\/al-via-aspettandomagna-inventio-con-la-coperta-comunitaria\\\/#primaryimage\"},\"thumbnailUrl\":\"https:\\\/\\\/lavocedelpaese.info\\\/wp-content\\\/uploads\\\/2025\\\/03\\\/Locandina-Coperta-Comunitaria-1-768x1024-yFgVje.jpeg\",\"datePublished\":\"2025-03-20T07:14:04+00:00\",\"breadcrumb\":{\"@id\":\"https:\\\/\\\/lavocedelpaese.info\\\/index.php\\\/2025\\\/03\\\/20\\\/al-via-aspettandomagna-inventio-con-la-coperta-comunitaria\\\/#breadcrumb\"},\"inLanguage\":\"it-IT\",\"potentialAction\":[{\"@type\":\"ReadAction\",\"target\":[\"https:\\\/\\\/lavocedelpaese.info\\\/index.php\\\/2025\\\/03\\\/20\\\/al-via-aspettandomagna-inventio-con-la-coperta-comunitaria\\\/\"]}]},{\"@type\":\"ImageObject\",\"inLanguage\":\"it-IT\",\"@id\":\"https:\\\/\\\/lavocedelpaese.info\\\/index.php\\\/2025\\\/03\\\/20\\\/al-via-aspettandomagna-inventio-con-la-coperta-comunitaria\\\/#primaryimage\",\"url\":\"https:\\\/\\\/lavocedelpaese.info\\\/wp-content\\\/uploads\\\/2025\\\/03\\\/Locandina-Coperta-Comunitaria-1-768x1024-yFgVje.jpeg\",\"contentUrl\":\"https:\\\/\\\/lavocedelpaese.info\\\/wp-content\\\/uploads\\\/2025\\\/03\\\/Locandina-Coperta-Comunitaria-1-768x1024-yFgVje.jpeg\",\"width\":600,\"height\":800},{\"@type\":\"BreadcrumbList\",\"@id\":\"https:\\\/\\\/lavocedelpaese.info\\\/index.php\\\/2025\\\/03\\\/20\\\/al-via-aspettandomagna-inventio-con-la-coperta-comunitaria\\\/#breadcrumb\",\"itemListElement\":[{\"@type\":\"ListItem\",\"position\":1,\"name\":\"Home\",\"item\":\"https:\\\/\\\/lavocedelpaese.info\\\/\"},{\"@type\":\"ListItem\",\"position\":2,\"name\":\"Al via \u201cAspettando\u2026Magna Inventio\u201d con la Coperta Comunitaria\u00a0\u200b\"}]},{\"@type\":\"WebSite\",\"@id\":\"https:\\\/\\\/lavocedelpaese.info\\\/#website\",\"url\":\"https:\\\/\\\/lavocedelpaese.info\\\/\",\"name\":\"La Voce del Paese\",\"description\":\"Un network di idee\",\"publisher\":{\"@id\":\"https:\\\/\\\/lavocedelpaese.info\\\/#organization\"},\"potentialAction\":[{\"@type\":\"SearchAction\",\"target\":{\"@type\":\"EntryPoint\",\"urlTemplate\":\"https:\\\/\\\/lavocedelpaese.info\\\/?s={search_term_string}\"},\"query-input\":{\"@type\":\"PropertyValueSpecification\",\"valueRequired\":true,\"valueName\":\"search_term_string\"}}],\"inLanguage\":\"it-IT\"},{\"@type\":\"Organization\",\"@id\":\"https:\\\/\\\/lavocedelpaese.info\\\/#organization\",\"name\":\"La Voce del Paese\",\"url\":\"https:\\\/\\\/lavocedelpaese.info\\\/\",\"logo\":{\"@type\":\"ImageObject\",\"inLanguage\":\"it-IT\",\"@id\":\"https:\\\/\\\/lavocedelpaese.info\\\/#\\\/schema\\\/logo\\\/image\\\/\",\"url\":\"https:\\\/\\\/lavocedelpaese.info\\\/wp-content\\\/uploads\\\/2023\\\/01\\\/cropped-logo-150-127.png\",\"contentUrl\":\"https:\\\/\\\/lavocedelpaese.info\\\/wp-content\\\/uploads\\\/2023\\\/01\\\/cropped-logo-150-127.png\",\"width\":137,\"height\":119,\"caption\":\"La Voce del Paese\"},\"image\":{\"@id\":\"https:\\\/\\\/lavocedelpaese.info\\\/#\\\/schema\\\/logo\\\/image\\\/\"},\"sameAs\":[\"https:\\\/\\\/www.facebook.com\\\/lavocedelpaese.info\"]},{\"@type\":\"Person\",\"@id\":\"https:\\\/\\\/lavocedelpaese.info\\\/#\\\/schema\\\/person\\\/ec151d321306bd7591f7a061abf72d88\",\"name\":\"admin\",\"image\":{\"@type\":\"ImageObject\",\"inLanguage\":\"it-IT\",\"@id\":\"https:\\\/\\\/secure.gravatar.com\\\/avatar\\\/af8f2caf0663124588de48a9380e07cbc95a74ef15b8062d0d39106c32fe3023?s=96&d=mm&r=g\",\"url\":\"https:\\\/\\\/secure.gravatar.com\\\/avatar\\\/af8f2caf0663124588de48a9380e07cbc95a74ef15b8062d0d39106c32fe3023?s=96&d=mm&r=g\",\"contentUrl\":\"https:\\\/\\\/secure.gravatar.com\\\/avatar\\\/af8f2caf0663124588de48a9380e07cbc95a74ef15b8062d0d39106c32fe3023?s=96&d=mm&r=g\",\"caption\":\"admin\"},\"sameAs\":[\"https:\\\/\\\/lavocedelpaese.info\"],\"url\":\"https:\\\/\\\/lavocedelpaese.info\\\/index.php\\\/author\\\/admin\\\/\"}]}<\/script>\n<!-- \/ Yoast SEO plugin. -->","yoast_head_json":{"title":"Al via \u201cAspettando\u2026Magna Inventio\u201d con la Coperta Comunitaria\u00a0\u200b - La Voce del Paese","robots":{"index":"index","follow":"follow","max-snippet":"max-snippet:-1","max-image-preview":"max-image-preview:large","max-video-preview":"max-video-preview:-1"},"canonical":"https:\/\/lavocedelpaese.info\/index.php\/2025\/03\/20\/al-via-aspettandomagna-inventio-con-la-coperta-comunitaria\/","og_locale":"it_IT","og_type":"article","og_title":"Al via \u201cAspettando\u2026Magna Inventio\u201d con la Coperta Comunitaria\u00a0\u200b - La Voce del Paese","og_description":"\u00a0 \u200b\u00a0 \u200b\u00a0 Mani che tessono, che cuciono, che ricamano. Mani che lavorano e che si aiutano. Mani che insegnano.","og_url":"https:\/\/lavocedelpaese.info\/index.php\/2025\/03\/20\/al-via-aspettandomagna-inventio-con-la-coperta-comunitaria\/","og_site_name":"La Voce del Paese","article_publisher":"https:\/\/www.facebook.com\/lavocedelpaese.info","article_published_time":"2025-03-20T07:14:04+00:00","author":"admin","twitter_card":"summary_large_image","twitter_misc":{"Scritto da":"admin","Tempo di lettura stimato":"1 minuto"},"schema":{"@context":"https:\/\/schema.org","@graph":[{"@type":"Article","@id":"https:\/\/lavocedelpaese.info\/index.php\/2025\/03\/20\/al-via-aspettandomagna-inventio-con-la-coperta-comunitaria\/#article","isPartOf":{"@id":"https:\/\/lavocedelpaese.info\/index.php\/2025\/03\/20\/al-via-aspettandomagna-inventio-con-la-coperta-comunitaria\/"},"author":{"name":"admin","@id":"https:\/\/lavocedelpaese.info\/#\/schema\/person\/ec151d321306bd7591f7a061abf72d88"},"headline":"Al via \u201cAspettando\u2026Magna Inventio\u201d con la Coperta Comunitaria\u00a0\u200b","datePublished":"2025-03-20T07:14:04+00:00","mainEntityOfPage":{"@id":"https:\/\/lavocedelpaese.info\/index.php\/2025\/03\/20\/al-via-aspettandomagna-inventio-con-la-coperta-comunitaria\/"},"wordCount":264,"commentCount":0,"publisher":{"@id":"https:\/\/lavocedelpaese.info\/#organization"},"image":{"@id":"https:\/\/lavocedelpaese.info\/index.php\/2025\/03\/20\/al-via-aspettandomagna-inventio-con-la-coperta-comunitaria\/#primaryimage"},"thumbnailUrl":"https:\/\/lavocedelpaese.info\/wp-content\/uploads\/2025\/03\/Locandina-Coperta-Comunitaria-1-768x1024-yFgVje.jpeg","articleSection":["network"],"inLanguage":"it-IT","potentialAction":[{"@type":"CommentAction","name":"Comment","target":["https:\/\/lavocedelpaese.info\/index.php\/2025\/03\/20\/al-via-aspettandomagna-inventio-con-la-coperta-comunitaria\/#respond"]}]},{"@type":"WebPage","@id":"https:\/\/lavocedelpaese.info\/index.php\/2025\/03\/20\/al-via-aspettandomagna-inventio-con-la-coperta-comunitaria\/","url":"https:\/\/lavocedelpaese.info\/index.php\/2025\/03\/20\/al-via-aspettandomagna-inventio-con-la-coperta-comunitaria\/","name":"Al via \u201cAspettando\u2026Magna Inventio\u201d con la Coperta Comunitaria\u00a0\u200b - La Voce del Paese","isPartOf":{"@id":"https:\/\/lavocedelpaese.info\/#website"},"primaryImageOfPage":{"@id":"https:\/\/lavocedelpaese.info\/index.php\/2025\/03\/20\/al-via-aspettandomagna-inventio-con-la-coperta-comunitaria\/#primaryimage"},"image":{"@id":"https:\/\/lavocedelpaese.info\/index.php\/2025\/03\/20\/al-via-aspettandomagna-inventio-con-la-coperta-comunitaria\/#primaryimage"},"thumbnailUrl":"https:\/\/lavocedelpaese.info\/wp-content\/uploads\/2025\/03\/Locandina-Coperta-Comunitaria-1-768x1024-yFgVje.jpeg","datePublished":"2025-03-20T07:14:04+00:00","breadcrumb":{"@id":"https:\/\/lavocedelpaese.info\/index.php\/2025\/03\/20\/al-via-aspettandomagna-inventio-con-la-coperta-comunitaria\/#breadcrumb"},"inLanguage":"it-IT","potentialAction":[{"@type":"ReadAction","target":["https:\/\/lavocedelpaese.info\/index.php\/2025\/03\/20\/al-via-aspettandomagna-inventio-con-la-coperta-comunitaria\/"]}]},{"@type":"ImageObject","inLanguage":"it-IT","@id":"https:\/\/lavocedelpaese.info\/index.php\/2025\/03\/20\/al-via-aspettandomagna-inventio-con-la-coperta-comunitaria\/#primaryimage","url":"https:\/\/lavocedelpaese.info\/wp-content\/uploads\/2025\/03\/Locandina-Coperta-Comunitaria-1-768x1024-yFgVje.jpeg","contentUrl":"https:\/\/lavocedelpaese.info\/wp-content\/uploads\/2025\/03\/Locandina-Coperta-Comunitaria-1-768x1024-yFgVje.jpeg","width":600,"height":800},{"@type":"BreadcrumbList","@id":"https:\/\/lavocedelpaese.info\/index.php\/2025\/03\/20\/al-via-aspettandomagna-inventio-con-la-coperta-comunitaria\/#breadcrumb","itemListElement":[{"@type":"ListItem","position":1,"name":"Home","item":"https:\/\/lavocedelpaese.info\/"},{"@type":"ListItem","position":2,"name":"Al via \u201cAspettando\u2026Magna Inventio\u201d con la Coperta Comunitaria\u00a0\u200b"}]},{"@type":"WebSite","@id":"https:\/\/lavocedelpaese.info\/#website","url":"https:\/\/lavocedelpaese.info\/","name":"La Voce del Paese","description":"Un network di idee","publisher":{"@id":"https:\/\/lavocedelpaese.info\/#organization"},"potentialAction":[{"@type":"SearchAction","target":{"@type":"EntryPoint","urlTemplate":"https:\/\/lavocedelpaese.info\/?s={search_term_string}"},"query-input":{"@type":"PropertyValueSpecification","valueRequired":true,"valueName":"search_term_string"}}],"inLanguage":"it-IT"},{"@type":"Organization","@id":"https:\/\/lavocedelpaese.info\/#organization","name":"La Voce del Paese","url":"https:\/\/lavocedelpaese.info\/","logo":{"@type":"ImageObject","inLanguage":"it-IT","@id":"https:\/\/lavocedelpaese.info\/#\/schema\/logo\/image\/","url":"https:\/\/lavocedelpaese.info\/wp-content\/uploads\/2023\/01\/cropped-logo-150-127.png","contentUrl":"https:\/\/lavocedelpaese.info\/wp-content\/uploads\/2023\/01\/cropped-logo-150-127.png","width":137,"height":119,"caption":"La Voce del Paese"},"image":{"@id":"https:\/\/lavocedelpaese.info\/#\/schema\/logo\/image\/"},"sameAs":["https:\/\/www.facebook.com\/lavocedelpaese.info"]},{"@type":"Person","@id":"https:\/\/lavocedelpaese.info\/#\/schema\/person\/ec151d321306bd7591f7a061abf72d88","name":"admin","image":{"@type":"ImageObject","inLanguage":"it-IT","@id":"https:\/\/secure.gravatar.com\/avatar\/af8f2caf0663124588de48a9380e07cbc95a74ef15b8062d0d39106c32fe3023?s=96&d=mm&r=g","url":"https:\/\/secure.gravatar.com\/avatar\/af8f2caf0663124588de48a9380e07cbc95a74ef15b8062d0d39106c32fe3023?s=96&d=mm&r=g","contentUrl":"https:\/\/secure.gravatar.com\/avatar\/af8f2caf0663124588de48a9380e07cbc95a74ef15b8062d0d39106c32fe3023?s=96&d=mm&r=g","caption":"admin"},"sameAs":["https:\/\/lavocedelpaese.info"],"url":"https:\/\/lavocedelpaese.info\/index.php\/author\/admin\/"}]}},"_links":{"self":[{"href":"https:\/\/lavocedelpaese.info\/index.php\/wp-json\/wp\/v2\/posts\/9036","targetHints":{"allow":["GET"]}}],"collection":[{"href":"https:\/\/lavocedelpaese.info\/index.php\/wp-json\/wp\/v2\/posts"}],"about":[{"href":"https:\/\/lavocedelpaese.info\/index.php\/wp-json\/wp\/v2\/types\/post"}],"author":[{"embeddable":true,"href":"https:\/\/lavocedelpaese.info\/index.php\/wp-json\/wp\/v2\/users\/6"}],"replies":[{"embeddable":true,"href":"https:\/\/lavocedelpaese.info\/index.php\/wp-json\/wp\/v2\/comments?post=9036"}],"version-history":[{"count":0,"href":"https:\/\/lavocedelpaese.info\/index.php\/wp-json\/wp\/v2\/posts\/9036\/revisions"}],"wp:featuredmedia":[{"embeddable":true,"href":"https:\/\/lavocedelpaese.info\/index.php\/wp-json\/wp\/v2\/media\/9037"}],"wp:attachment":[{"href":"https:\/\/lavocedelpaese.info\/index.php\/wp-json\/wp\/v2\/media?parent=9036"}],"wp:term":[{"taxonomy":"category","embeddable":true,"href":"https:\/\/lavocedelpaese.info\/index.php\/wp-json\/wp\/v2\/categories?post=9036"},{"taxonomy":"post_tag","embeddable":true,"href":"https:\/\/lavocedelpaese.info\/index.php\/wp-json\/wp\/v2\/tags?post=9036"}],"curies":[{"name":"wp","href":"https:\/\/api.w.org\/{rel}","templated":true}]}}