{"id":9022,"date":"2025-03-19T12:16:54","date_gmt":"2025-03-19T12:16:54","guid":{"rendered":"https:\/\/lavocedelpaese.info\/index.php\/2025\/03\/19\/e-in-edicola-il-nuovo-numero-de-la-voce-del-paese-50\/"},"modified":"2025-03-19T12:16:54","modified_gmt":"2025-03-19T12:16:54","slug":"e-in-edicola-il-nuovo-numero-de-la-voce-del-paese-50","status":"publish","type":"post","link":"https:\/\/lavocedelpaese.info\/index.php\/2025\/03\/19\/e-in-edicola-il-nuovo-numero-de-la-voce-del-paese-50\/","title":{"rendered":"\u00c8 in edicola il nuovo numero de \u201cLa voce del paese\u201d\u00a0\u200b"},"content":{"rendered":"<p>\u00a0<\/p>\n<p>\u200b\u00a0<\/p>\n<p>\u200b\u00a0<\/p>\n<p><strong>Qui sotto tutte le novit\u00e0 presenti in questo numero. Buona lettura a tutti.<\/strong><\/p>\n<p><img decoding=\"async\" class=\"size-full wp-image-5970 alignleft\" src=\"https:\/\/gioia.lavocedelpaese.info\/wp-content\/uploads\/2025\/03\/Edicole-Gioia-11.jpg\" alt=\"\" width=\"400\" height=\"552\"\/>L\u2019Editoriale: Trasparenza atti: nulla di fatto. Gioco d\u2019azzardo? Gioia Comune \u201cfree\u201d: bocciato l\u2019emendamento per contrastarlo di Sebastiano Contrario<\/p>\n<p>Tagli ai comuni. Anche a Gioia propaganda in stile Giorgia Meloni<\/p>\n<p>Alberi \u201cuccisi\u201d da potature scellerate<\/p>\n<p>Un bilancio senza investimenti, un paese senza prospettive<\/p>\n<p>\u201cPut\u00ecn? J\u00e8 sbagli\u00e0t\u2026\u201d di Paolo Covella<\/p>\n<p>Anpi \u2013 Parole costituenti. Uguaglianza e lavoro<\/p>\n<p>Consorzio bonifica \u2013 Francesco Ferraro e Fabio Romito a Gioia<\/p>\n<p>Auto distrugge la rotatoria di via Salvator Rosa. Un ferito<\/p>\n<p>Discarica a cielo aperto nei pressi della SS100 uscita Est<\/p>\n<p>Panchina di Antonio Paradiso in frantumi<\/p>\n<p>Gioia del Colle. Avvertita nuova scossa di terremoto<\/p>\n<p>36\u00b0 Stormo \u2013 Esercitazione Personnel Recovery Week<\/p>\n<p>Cortocircuito immunitario di Gianvito Masi<\/p>\n<p>Lavori urgenti presso la chiesa di San Domenico<\/p>\n<p>Auguri, dottoressa Antonella Schiavone!<\/p>\n<p>Auguri, dottoressa Vanna!<\/p>\n<p>Disturbi alimentari tra giovani e adolescenti. Un\u2019emergenza in crescita<\/p>\n<p>L\u2019attrice gioiese Nina Nicastri in concorso al BIF&amp;ST con il Corto \u201cSette Settimane\u201d di Enrico Acciani<\/p>\n<p>James conquista Alba Parietti al Carnevale di Putignano<\/p>\n<p>Legami affettivi corrosi e recisi dalla dipendenza<\/p>\n<p>Christian Paradiso Eramo a Splash7 con le pizze Munir<\/p>\n<p>All\u2019ArcheoFilm di Firenze \u201cAtto d\u2019amore\u201d di Lorenzo Lo Muzio ispirato agli scavi di Ginevra Panzarino<\/p>\n<p>\u201cLuce di luna\u201d nuovo singolo di Massimo Ronco cantato da Anderson Mele<\/p>\n<p>Ciao, Dino!<\/p>\n<p>Buon compleanno, Mimmo!<\/p>\n<p>Quartiere Rinascita \u2013 I candidati al direttivo<\/p>\n<p>Al Faro \u201cLa Filosofia diventa letteratura\u201d<\/p>\n<p>Stare bene con s\u00e9 stessi per stare bene con gli altri<\/p>\n<p>Lions \u201cMonte Johe\u201d \u2013 Burraco di beneficienza in Aeroporto<\/p>\n<p>\u201cViva Sofia: due mani per la vita\u201d<\/p>\n<p>Riconoscere il limite ignoto di Loredana Lippolis<\/p>\n<p>I Love Teatro e i 40 anni di Teatralmente Gioia di Loredana Lippolis<\/p>\n<p>Progetto \u201cSenza Sguardo\u201d in attesa di \u201cBestia da stile\u201d<\/p>\n<p>MOVIMENTO I \u2013 verso Emersi di Max Lippolis<\/p>\n<p>\u2019Incanto della Follia \u2013 Paola Minaccioni conquista il Rossini con \u201cElena la Matta di Paolo Gatti<\/p>\n<p>Chiesa S. Francesco. I 13 marted\u00ec maggiori di S. Antonio<\/p>\n<p>\u201cLe serve\u201d \u2013 Eva Robin\u2019s al Rossini<\/p>\n<p>Raffaella Rizzi tra i dieci finalisti di \u201cPuglia quante storie 8\u201d<\/p>\n<p>Sempronia, il doppio di Catilina di Grazia Procino<\/p>\n<p>San Patrissio, Tavernieri e Becchini<\/p>\n<p>\u201cLa Poesia della settimana\u201d a cura di Giacomo Leronni<\/p>\n<p>Alchimia delle emozioni di Gianna Evangelista<\/p>\n<p>Raccontando in versi di Enzo Diana<\/p>\n<p>Il professore (storie di vite e di magie) di Giovanni Vasco<\/p>\n<p>Dall\u2019Italia a Santiago di Compostela in bicicletta di Matteo Antonicelli<\/p>\n<p>Calcio. Per il Pro Gioia nuova pesante sconfitta, in casa!<\/p>\n<p>Volley A3. Quarti di finale playoff. La Joy Volley vince gara 1<\/p>\n<p>Volley. Gioia, ti amiamo in modalit\u00e0 incondizionata!<\/p>\n<p>Volley serie C Femminile. JV New Volley Gioia vittoriosa<\/p>\n<p>Franco Capurso e Francesca Pastore sul podio a Castellana<\/p>\n<p>Gioia&amp;Ritmica al Campionato Regionale di serie D<\/p>\n<p><a class=\"a2a_button_facebook\" href=\"https:\/\/www.addtoany.com\/add_to\/facebook?linkurl=https%3A%2F%2Fgioia.lavocedelpaese.info%2Findex.php%2F2025%2F03%2F19%2Fe-in-edicola-il-nuovo-numero-de-la-voce-del-paese-102%2F&amp;linkname=%C3%88%20in%20edicola%20il%20nuovo%20numero%20de%20%E2%80%9CLa%20voce%20del%20paese%E2%80%9D\" title=\"Facebook\" rel=\"nofollow noopener\" target=\"_blank\"><\/a><a class=\"a2a_button_twitter\" href=\"https:\/\/www.addtoany.com\/add_to\/twitter?linkurl=https%3A%2F%2Fgioia.lavocedelpaese.info%2Findex.php%2F2025%2F03%2F19%2Fe-in-edicola-il-nuovo-numero-de-la-voce-del-paese-102%2F&amp;linkname=%C3%88%20in%20edicola%20il%20nuovo%20numero%20de%20%E2%80%9CLa%20voce%20del%20paese%E2%80%9D\" title=\"Twitter\" rel=\"nofollow noopener\" target=\"_blank\"><\/a><a class=\"a2a_button_whatsapp\" href=\"https:\/\/www.addtoany.com\/add_to\/whatsapp?linkurl=https%3A%2F%2Fgioia.lavocedelpaese.info%2Findex.php%2F2025%2F03%2F19%2Fe-in-edicola-il-nuovo-numero-de-la-voce-del-paese-102%2F&amp;linkname=%C3%88%20in%20edicola%20il%20nuovo%20numero%20de%20%E2%80%9CLa%20voce%20del%20paese%E2%80%9D\" title=\"WhatsApp\" rel=\"nofollow noopener\" target=\"_blank\"><\/a><a class=\"a2a_button_telegram\" href=\"https:\/\/www.addtoany.com\/add_to\/telegram?linkurl=https%3A%2F%2Fgioia.lavocedelpaese.info%2Findex.php%2F2025%2F03%2F19%2Fe-in-edicola-il-nuovo-numero-de-la-voce-del-paese-102%2F&amp;linkname=%C3%88%20in%20edicola%20il%20nuovo%20numero%20de%20%E2%80%9CLa%20voce%20del%20paese%E2%80%9D\" title=\"Telegram\" rel=\"nofollow noopener\" target=\"_blank\"><\/a><a class=\"a2a_button_email\" href=\"https:\/\/www.addtoany.com\/add_to\/email?linkurl=https%3A%2F%2Fgioia.lavocedelpaese.info%2Findex.php%2F2025%2F03%2F19%2Fe-in-edicola-il-nuovo-numero-de-la-voce-del-paese-102%2F&amp;linkname=%C3%88%20in%20edicola%20il%20nuovo%20numero%20de%20%E2%80%9CLa%20voce%20del%20paese%E2%80%9D\" title=\"Email\" rel=\"nofollow noopener\" target=\"_blank\"><\/a><\/p>\n<p>\u00a0<\/p>\n<p>\u00a0<\/p>\n<p>\u200b\u00a0\u00a0\u00a0<\/p>","protected":false},"excerpt":{"rendered":"<p>\u00a0 \u200b\u00a0 \u200b\u00a0 Qui sotto tutte le novit\u00e0 presenti in questo numero. Buona lettura a tutti. L\u2019Editoriale: Trasparenza atti: nulla<\/p>\n","protected":false},"author":6,"featured_media":8020,"comment_status":"open","ping_status":"closed","sticky":false,"template":"","format":"standard","meta":{"colormag_page_container_layout":"default_layout","colormag_page_sidebar_layout":"default_layout","footnotes":""},"categories":[33],"tags":[],"class_list":["post-9022","post","type-post","status-publish","format-standard","has-post-thumbnail","hentry","category-network"],"yoast_head":"<!-- This site is optimized with the Yoast SEO plugin v27.5 - https:\/\/yoast.com\/product\/yoast-seo-wordpress\/ -->\n<title>\u00c8 in edicola il nuovo numero de \u201cLa voce del paese\u201d\u00a0\u200b - La Voce del Paese<\/title>\n<meta name=\"robots\" content=\"index, follow, max-snippet:-1, max-image-preview:large, max-video-preview:-1\" \/>\n<link rel=\"canonical\" href=\"https:\/\/lavocedelpaese.info\/index.php\/2025\/03\/19\/e-in-edicola-il-nuovo-numero-de-la-voce-del-paese-50\/\" \/>\n<meta property=\"og:locale\" content=\"it_IT\" \/>\n<meta property=\"og:type\" content=\"article\" \/>\n<meta property=\"og:title\" content=\"\u00c8 in edicola il nuovo numero de \u201cLa voce del paese\u201d\u00a0\u200b - La Voce del Paese\" \/>\n<meta property=\"og:description\" content=\"\u00a0 \u200b\u00a0 \u200b\u00a0 Qui sotto tutte le novit\u00e0 presenti in questo numero. Buona lettura a tutti. L\u2019Editoriale: Trasparenza atti: nulla\" \/>\n<meta property=\"og:url\" content=\"https:\/\/lavocedelpaese.info\/index.php\/2025\/03\/19\/e-in-edicola-il-nuovo-numero-de-la-voce-del-paese-50\/\" \/>\n<meta property=\"og:site_name\" content=\"La Voce del Paese\" \/>\n<meta property=\"article:publisher\" content=\"https:\/\/www.facebook.com\/lavocedelpaese.info\" \/>\n<meta property=\"article:published_time\" content=\"2025-03-19T12:16:54+00:00\" \/>\n<meta name=\"author\" content=\"admin\" \/>\n<meta name=\"twitter:card\" content=\"summary_large_image\" \/>\n<meta name=\"twitter:label1\" content=\"Scritto da\" \/>\n\t<meta name=\"twitter:data1\" content=\"admin\" \/>\n\t<meta name=\"twitter:label2\" content=\"Tempo di lettura stimato\" \/>\n\t<meta name=\"twitter:data2\" content=\"2 minuti\" \/>\n<script type=\"application\/ld+json\" class=\"yoast-schema-graph\">{\"@context\":\"https:\\\/\\\/schema.org\",\"@graph\":[{\"@type\":\"Article\",\"@id\":\"https:\\\/\\\/lavocedelpaese.info\\\/index.php\\\/2025\\\/03\\\/19\\\/e-in-edicola-il-nuovo-numero-de-la-voce-del-paese-50\\\/#article\",\"isPartOf\":{\"@id\":\"https:\\\/\\\/lavocedelpaese.info\\\/index.php\\\/2025\\\/03\\\/19\\\/e-in-edicola-il-nuovo-numero-de-la-voce-del-paese-50\\\/\"},\"author\":{\"name\":\"admin\",\"@id\":\"https:\\\/\\\/lavocedelpaese.info\\\/#\\\/schema\\\/person\\\/ec151d321306bd7591f7a061abf72d88\"},\"headline\":\"\u00c8 in edicola il nuovo numero de \u201cLa voce del paese\u201d\u00a0\u200b\",\"datePublished\":\"2025-03-19T12:16:54+00:00\",\"mainEntityOfPage\":{\"@id\":\"https:\\\/\\\/lavocedelpaese.info\\\/index.php\\\/2025\\\/03\\\/19\\\/e-in-edicola-il-nuovo-numero-de-la-voce-del-paese-50\\\/\"},\"wordCount\":462,\"commentCount\":0,\"publisher\":{\"@id\":\"https:\\\/\\\/lavocedelpaese.info\\\/#organization\"},\"image\":{\"@id\":\"https:\\\/\\\/lavocedelpaese.info\\\/index.php\\\/2025\\\/03\\\/19\\\/e-in-edicola-il-nuovo-numero-de-la-voce-del-paese-50\\\/#primaryimage\"},\"thumbnailUrl\":\"https:\\\/\\\/lavocedelpaese.info\\\/wp-content\\\/uploads\\\/2024\\\/10\\\/Edicole-Gioia-36-bfHYC0.png\",\"articleSection\":[\"network\"],\"inLanguage\":\"it-IT\",\"potentialAction\":[{\"@type\":\"CommentAction\",\"name\":\"Comment\",\"target\":[\"https:\\\/\\\/lavocedelpaese.info\\\/index.php\\\/2025\\\/03\\\/19\\\/e-in-edicola-il-nuovo-numero-de-la-voce-del-paese-50\\\/#respond\"]}]},{\"@type\":\"WebPage\",\"@id\":\"https:\\\/\\\/lavocedelpaese.info\\\/index.php\\\/2025\\\/03\\\/19\\\/e-in-edicola-il-nuovo-numero-de-la-voce-del-paese-50\\\/\",\"url\":\"https:\\\/\\\/lavocedelpaese.info\\\/index.php\\\/2025\\\/03\\\/19\\\/e-in-edicola-il-nuovo-numero-de-la-voce-del-paese-50\\\/\",\"name\":\"\u00c8 in edicola il nuovo numero de \u201cLa voce del paese\u201d\u00a0\u200b - La Voce del Paese\",\"isPartOf\":{\"@id\":\"https:\\\/\\\/lavocedelpaese.info\\\/#website\"},\"primaryImageOfPage\":{\"@id\":\"https:\\\/\\\/lavocedelpaese.info\\\/index.php\\\/2025\\\/03\\\/19\\\/e-in-edicola-il-nuovo-numero-de-la-voce-del-paese-50\\\/#primaryimage\"},\"image\":{\"@id\":\"https:\\\/\\\/lavocedelpaese.info\\\/index.php\\\/2025\\\/03\\\/19\\\/e-in-edicola-il-nuovo-numero-de-la-voce-del-paese-50\\\/#primaryimage\"},\"thumbnailUrl\":\"https:\\\/\\\/lavocedelpaese.info\\\/wp-content\\\/uploads\\\/2024\\\/10\\\/Edicole-Gioia-36-bfHYC0.png\",\"datePublished\":\"2025-03-19T12:16:54+00:00\",\"breadcrumb\":{\"@id\":\"https:\\\/\\\/lavocedelpaese.info\\\/index.php\\\/2025\\\/03\\\/19\\\/e-in-edicola-il-nuovo-numero-de-la-voce-del-paese-50\\\/#breadcrumb\"},\"inLanguage\":\"it-IT\",\"potentialAction\":[{\"@type\":\"ReadAction\",\"target\":[\"https:\\\/\\\/lavocedelpaese.info\\\/index.php\\\/2025\\\/03\\\/19\\\/e-in-edicola-il-nuovo-numero-de-la-voce-del-paese-50\\\/\"]}]},{\"@type\":\"ImageObject\",\"inLanguage\":\"it-IT\",\"@id\":\"https:\\\/\\\/lavocedelpaese.info\\\/index.php\\\/2025\\\/03\\\/19\\\/e-in-edicola-il-nuovo-numero-de-la-voce-del-paese-50\\\/#primaryimage\",\"url\":\"https:\\\/\\\/lavocedelpaese.info\\\/wp-content\\\/uploads\\\/2024\\\/10\\\/Edicole-Gioia-36-bfHYC0.png\",\"contentUrl\":\"https:\\\/\\\/lavocedelpaese.info\\\/wp-content\\\/uploads\\\/2024\\\/10\\\/Edicole-Gioia-36-bfHYC0.png\",\"width\":1200,\"height\":1670},{\"@type\":\"BreadcrumbList\",\"@id\":\"https:\\\/\\\/lavocedelpaese.info\\\/index.php\\\/2025\\\/03\\\/19\\\/e-in-edicola-il-nuovo-numero-de-la-voce-del-paese-50\\\/#breadcrumb\",\"itemListElement\":[{\"@type\":\"ListItem\",\"position\":1,\"name\":\"Home\",\"item\":\"https:\\\/\\\/lavocedelpaese.info\\\/\"},{\"@type\":\"ListItem\",\"position\":2,\"name\":\"\u00c8 in edicola il nuovo numero de \u201cLa voce del paese\u201d\u00a0\u200b\"}]},{\"@type\":\"WebSite\",\"@id\":\"https:\\\/\\\/lavocedelpaese.info\\\/#website\",\"url\":\"https:\\\/\\\/lavocedelpaese.info\\\/\",\"name\":\"La Voce del Paese\",\"description\":\"Un network di idee\",\"publisher\":{\"@id\":\"https:\\\/\\\/lavocedelpaese.info\\\/#organization\"},\"potentialAction\":[{\"@type\":\"SearchAction\",\"target\":{\"@type\":\"EntryPoint\",\"urlTemplate\":\"https:\\\/\\\/lavocedelpaese.info\\\/?s={search_term_string}\"},\"query-input\":{\"@type\":\"PropertyValueSpecification\",\"valueRequired\":true,\"valueName\":\"search_term_string\"}}],\"inLanguage\":\"it-IT\"},{\"@type\":\"Organization\",\"@id\":\"https:\\\/\\\/lavocedelpaese.info\\\/#organization\",\"name\":\"La Voce del Paese\",\"url\":\"https:\\\/\\\/lavocedelpaese.info\\\/\",\"logo\":{\"@type\":\"ImageObject\",\"inLanguage\":\"it-IT\",\"@id\":\"https:\\\/\\\/lavocedelpaese.info\\\/#\\\/schema\\\/logo\\\/image\\\/\",\"url\":\"https:\\\/\\\/lavocedelpaese.info\\\/wp-content\\\/uploads\\\/2023\\\/01\\\/cropped-logo-150-127.png\",\"contentUrl\":\"https:\\\/\\\/lavocedelpaese.info\\\/wp-content\\\/uploads\\\/2023\\\/01\\\/cropped-logo-150-127.png\",\"width\":137,\"height\":119,\"caption\":\"La Voce del Paese\"},\"image\":{\"@id\":\"https:\\\/\\\/lavocedelpaese.info\\\/#\\\/schema\\\/logo\\\/image\\\/\"},\"sameAs\":[\"https:\\\/\\\/www.facebook.com\\\/lavocedelpaese.info\"]},{\"@type\":\"Person\",\"@id\":\"https:\\\/\\\/lavocedelpaese.info\\\/#\\\/schema\\\/person\\\/ec151d321306bd7591f7a061abf72d88\",\"name\":\"admin\",\"image\":{\"@type\":\"ImageObject\",\"inLanguage\":\"it-IT\",\"@id\":\"https:\\\/\\\/secure.gravatar.com\\\/avatar\\\/af8f2caf0663124588de48a9380e07cbc95a74ef15b8062d0d39106c32fe3023?s=96&d=mm&r=g\",\"url\":\"https:\\\/\\\/secure.gravatar.com\\\/avatar\\\/af8f2caf0663124588de48a9380e07cbc95a74ef15b8062d0d39106c32fe3023?s=96&d=mm&r=g\",\"contentUrl\":\"https:\\\/\\\/secure.gravatar.com\\\/avatar\\\/af8f2caf0663124588de48a9380e07cbc95a74ef15b8062d0d39106c32fe3023?s=96&d=mm&r=g\",\"caption\":\"admin\"},\"sameAs\":[\"https:\\\/\\\/lavocedelpaese.info\"],\"url\":\"https:\\\/\\\/lavocedelpaese.info\\\/index.php\\\/author\\\/admin\\\/\"}]}<\/script>\n<!-- \/ Yoast SEO plugin. -->","yoast_head_json":{"title":"\u00c8 in edicola il nuovo numero de \u201cLa voce del paese\u201d\u00a0\u200b - La Voce del Paese","robots":{"index":"index","follow":"follow","max-snippet":"max-snippet:-1","max-image-preview":"max-image-preview:large","max-video-preview":"max-video-preview:-1"},"canonical":"https:\/\/lavocedelpaese.info\/index.php\/2025\/03\/19\/e-in-edicola-il-nuovo-numero-de-la-voce-del-paese-50\/","og_locale":"it_IT","og_type":"article","og_title":"\u00c8 in edicola il nuovo numero de \u201cLa voce del paese\u201d\u00a0\u200b - La Voce del Paese","og_description":"\u00a0 \u200b\u00a0 \u200b\u00a0 Qui sotto tutte le novit\u00e0 presenti in questo numero. Buona lettura a tutti. L\u2019Editoriale: Trasparenza atti: nulla","og_url":"https:\/\/lavocedelpaese.info\/index.php\/2025\/03\/19\/e-in-edicola-il-nuovo-numero-de-la-voce-del-paese-50\/","og_site_name":"La Voce del Paese","article_publisher":"https:\/\/www.facebook.com\/lavocedelpaese.info","article_published_time":"2025-03-19T12:16:54+00:00","author":"admin","twitter_card":"summary_large_image","twitter_misc":{"Scritto da":"admin","Tempo di lettura stimato":"2 minuti"},"schema":{"@context":"https:\/\/schema.org","@graph":[{"@type":"Article","@id":"https:\/\/lavocedelpaese.info\/index.php\/2025\/03\/19\/e-in-edicola-il-nuovo-numero-de-la-voce-del-paese-50\/#article","isPartOf":{"@id":"https:\/\/lavocedelpaese.info\/index.php\/2025\/03\/19\/e-in-edicola-il-nuovo-numero-de-la-voce-del-paese-50\/"},"author":{"name":"admin","@id":"https:\/\/lavocedelpaese.info\/#\/schema\/person\/ec151d321306bd7591f7a061abf72d88"},"headline":"\u00c8 in edicola il nuovo numero de \u201cLa voce del paese\u201d\u00a0\u200b","datePublished":"2025-03-19T12:16:54+00:00","mainEntityOfPage":{"@id":"https:\/\/lavocedelpaese.info\/index.php\/2025\/03\/19\/e-in-edicola-il-nuovo-numero-de-la-voce-del-paese-50\/"},"wordCount":462,"commentCount":0,"publisher":{"@id":"https:\/\/lavocedelpaese.info\/#organization"},"image":{"@id":"https:\/\/lavocedelpaese.info\/index.php\/2025\/03\/19\/e-in-edicola-il-nuovo-numero-de-la-voce-del-paese-50\/#primaryimage"},"thumbnailUrl":"https:\/\/lavocedelpaese.info\/wp-content\/uploads\/2024\/10\/Edicole-Gioia-36-bfHYC0.png","articleSection":["network"],"inLanguage":"it-IT","potentialAction":[{"@type":"CommentAction","name":"Comment","target":["https:\/\/lavocedelpaese.info\/index.php\/2025\/03\/19\/e-in-edicola-il-nuovo-numero-de-la-voce-del-paese-50\/#respond"]}]},{"@type":"WebPage","@id":"https:\/\/lavocedelpaese.info\/index.php\/2025\/03\/19\/e-in-edicola-il-nuovo-numero-de-la-voce-del-paese-50\/","url":"https:\/\/lavocedelpaese.info\/index.php\/2025\/03\/19\/e-in-edicola-il-nuovo-numero-de-la-voce-del-paese-50\/","name":"\u00c8 in edicola il nuovo numero de \u201cLa voce del paese\u201d\u00a0\u200b - La Voce del Paese","isPartOf":{"@id":"https:\/\/lavocedelpaese.info\/#website"},"primaryImageOfPage":{"@id":"https:\/\/lavocedelpaese.info\/index.php\/2025\/03\/19\/e-in-edicola-il-nuovo-numero-de-la-voce-del-paese-50\/#primaryimage"},"image":{"@id":"https:\/\/lavocedelpaese.info\/index.php\/2025\/03\/19\/e-in-edicola-il-nuovo-numero-de-la-voce-del-paese-50\/#primaryimage"},"thumbnailUrl":"https:\/\/lavocedelpaese.info\/wp-content\/uploads\/2024\/10\/Edicole-Gioia-36-bfHYC0.png","datePublished":"2025-03-19T12:16:54+00:00","breadcrumb":{"@id":"https:\/\/lavocedelpaese.info\/index.php\/2025\/03\/19\/e-in-edicola-il-nuovo-numero-de-la-voce-del-paese-50\/#breadcrumb"},"inLanguage":"it-IT","potentialAction":[{"@type":"ReadAction","target":["https:\/\/lavocedelpaese.info\/index.php\/2025\/03\/19\/e-in-edicola-il-nuovo-numero-de-la-voce-del-paese-50\/"]}]},{"@type":"ImageObject","inLanguage":"it-IT","@id":"https:\/\/lavocedelpaese.info\/index.php\/2025\/03\/19\/e-in-edicola-il-nuovo-numero-de-la-voce-del-paese-50\/#primaryimage","url":"https:\/\/lavocedelpaese.info\/wp-content\/uploads\/2024\/10\/Edicole-Gioia-36-bfHYC0.png","contentUrl":"https:\/\/lavocedelpaese.info\/wp-content\/uploads\/2024\/10\/Edicole-Gioia-36-bfHYC0.png","width":1200,"height":1670},{"@type":"BreadcrumbList","@id":"https:\/\/lavocedelpaese.info\/index.php\/2025\/03\/19\/e-in-edicola-il-nuovo-numero-de-la-voce-del-paese-50\/#breadcrumb","itemListElement":[{"@type":"ListItem","position":1,"name":"Home","item":"https:\/\/lavocedelpaese.info\/"},{"@type":"ListItem","position":2,"name":"\u00c8 in edicola il nuovo numero de \u201cLa voce del paese\u201d\u00a0\u200b"}]},{"@type":"WebSite","@id":"https:\/\/lavocedelpaese.info\/#website","url":"https:\/\/lavocedelpaese.info\/","name":"La Voce del Paese","description":"Un network di idee","publisher":{"@id":"https:\/\/lavocedelpaese.info\/#organization"},"potentialAction":[{"@type":"SearchAction","target":{"@type":"EntryPoint","urlTemplate":"https:\/\/lavocedelpaese.info\/?s={search_term_string}"},"query-input":{"@type":"PropertyValueSpecification","valueRequired":true,"valueName":"search_term_string"}}],"inLanguage":"it-IT"},{"@type":"Organization","@id":"https:\/\/lavocedelpaese.info\/#organization","name":"La Voce del Paese","url":"https:\/\/lavocedelpaese.info\/","logo":{"@type":"ImageObject","inLanguage":"it-IT","@id":"https:\/\/lavocedelpaese.info\/#\/schema\/logo\/image\/","url":"https:\/\/lavocedelpaese.info\/wp-content\/uploads\/2023\/01\/cropped-logo-150-127.png","contentUrl":"https:\/\/lavocedelpaese.info\/wp-content\/uploads\/2023\/01\/cropped-logo-150-127.png","width":137,"height":119,"caption":"La Voce del Paese"},"image":{"@id":"https:\/\/lavocedelpaese.info\/#\/schema\/logo\/image\/"},"sameAs":["https:\/\/www.facebook.com\/lavocedelpaese.info"]},{"@type":"Person","@id":"https:\/\/lavocedelpaese.info\/#\/schema\/person\/ec151d321306bd7591f7a061abf72d88","name":"admin","image":{"@type":"ImageObject","inLanguage":"it-IT","@id":"https:\/\/secure.gravatar.com\/avatar\/af8f2caf0663124588de48a9380e07cbc95a74ef15b8062d0d39106c32fe3023?s=96&d=mm&r=g","url":"https:\/\/secure.gravatar.com\/avatar\/af8f2caf0663124588de48a9380e07cbc95a74ef15b8062d0d39106c32fe3023?s=96&d=mm&r=g","contentUrl":"https:\/\/secure.gravatar.com\/avatar\/af8f2caf0663124588de48a9380e07cbc95a74ef15b8062d0d39106c32fe3023?s=96&d=mm&r=g","caption":"admin"},"sameAs":["https:\/\/lavocedelpaese.info"],"url":"https:\/\/lavocedelpaese.info\/index.php\/author\/admin\/"}]}},"_links":{"self":[{"href":"https:\/\/lavocedelpaese.info\/index.php\/wp-json\/wp\/v2\/posts\/9022","targetHints":{"allow":["GET"]}}],"collection":[{"href":"https:\/\/lavocedelpaese.info\/index.php\/wp-json\/wp\/v2\/posts"}],"about":[{"href":"https:\/\/lavocedelpaese.info\/index.php\/wp-json\/wp\/v2\/types\/post"}],"author":[{"embeddable":true,"href":"https:\/\/lavocedelpaese.info\/index.php\/wp-json\/wp\/v2\/users\/6"}],"replies":[{"embeddable":true,"href":"https:\/\/lavocedelpaese.info\/index.php\/wp-json\/wp\/v2\/comments?post=9022"}],"version-history":[{"count":0,"href":"https:\/\/lavocedelpaese.info\/index.php\/wp-json\/wp\/v2\/posts\/9022\/revisions"}],"wp:featuredmedia":[{"embeddable":true,"href":"https:\/\/lavocedelpaese.info\/index.php\/wp-json\/wp\/v2\/media\/8020"}],"wp:attachment":[{"href":"https:\/\/lavocedelpaese.info\/index.php\/wp-json\/wp\/v2\/media?parent=9022"}],"wp:term":[{"taxonomy":"category","embeddable":true,"href":"https:\/\/lavocedelpaese.info\/index.php\/wp-json\/wp\/v2\/categories?post=9022"},{"taxonomy":"post_tag","embeddable":true,"href":"https:\/\/lavocedelpaese.info\/index.php\/wp-json\/wp\/v2\/tags?post=9022"}],"curies":[{"name":"wp","href":"https:\/\/api.w.org\/{rel}","templated":true}]}}