{"id":9004,"date":"2025-03-16T09:17:11","date_gmt":"2025-03-16T09:17:11","guid":{"rendered":"https:\/\/lavocedelpaese.info\/index.php\/2025\/03\/16\/festival-della-legalita-tre-appuntamenti\/"},"modified":"2025-03-16T09:17:11","modified_gmt":"2025-03-16T09:17:11","slug":"festival-della-legalita-tre-appuntamenti","status":"publish","type":"post","link":"https:\/\/lavocedelpaese.info\/index.php\/2025\/03\/16\/festival-della-legalita-tre-appuntamenti\/","title":{"rendered":"Festival della Legalit\u00e0: tre appuntamenti\u00a0\u200b"},"content":{"rendered":"<p>\u00a0<\/p>\n<p>\u200b\u00a0<\/p>\n<p>\u200b\u00a0<\/p>\n<p>In occasione della Giornata nazionale della memoria e dell\u2019impegno in ricordo delle vittime delle mafie, Cassano delle Murge rinnova il suo impegno per una comunit\u00e0 pi\u00f9 giusta, libera e consapevole con il Festival della Legalit\u00e0, una tre giorni di cinema, dibattiti e testimonianze per affermare che la legalit\u00e0 non \u00e8 solo un principio, ma una scelta quotidiana.<\/p>\n<p>L\u2019evento culminante sar\u00e0 l\u2019incontro con Dario Vassallo, fratello di Angelo Vassallo, il Sindaco Pescatore, vittima della mafia, e la cerimonia di intitolazione di una targa commemorativa in suo onore. Un momento simbolico per ribadire il valore dell\u2019impegno e del coraggio di chi ha dedicato la propria vita alla difesa della legalit\u00e0 e del bene comune.<\/p>\n<p>Angelo Vassallo, noto come il \u201cSindaco Pescatore\u201d, \u00e8 stato sindaco di Pollica dal 1995 al 2010. Durante i suoi mandati, si \u00e8 distinto per il suo impegno nella tutela dell\u2019ambiente e nella promozione della legalit\u00e0. Il 5 settembre 2010, Vassallo \u00e8 stato assassinato in un agguato, un omicidio che ha scosso profondamente l\u2019Italia e ha acceso i riflettori sulla lotta contro la criminalit\u00e0 organizzata.<\/p>\n<p>\u201cPromuovere la legalit\u00e0 \u2013 dichiara il Sindaco Del Re \u2013 significa costruire ogni giorno una comunit\u00e0 pi\u00f9 giusta e consapevole. Il progetto \u2018Capaci di Costruire\u2019 \u00e8 un\u2019occasione concreta per trasmettere ai pi\u00f9 giovani l\u2019importanza di un impegno civico fondato su valori chiari e non negoziabili. Ricordare la figura di Angelo Vassallo, sindaco vittima della mafia, non \u00e8 solo un atto di memoria, ma un monito a non abbassare mai la guardia di fronte a chi vorrebbe piegare il bene comune agli interessi di pochi. Cassano delle Murge vuole essere una comunit\u00e0 capace di opporsi a ogni forma di corruzione, sopruso e illegalit\u00e0, e la partecipazione attiva dei cittadini a questo percorso ne \u00e8 la dimostrazione pi\u00f9 forte\u201d.<\/p>\n<p class=\"has-text-align-center\">IL PROGRAMMA<br \/>20 marzo \u2013 Ore 19:00<br \/>Cineteatro Apulia<\/p>\n<p>Proiezione gratuita del film \u201cIl Sindaco Pescatore\u201d con Sergio Castellitto (aperto a tutta la cittadinanza)<\/p>\n<p>Dibattito al termine della proiezione<\/p>\n<p>Introduzione: Cristina Giorgio (Cineteatro Apulia)<\/p>\n<p>Saluti istituzionali<\/p>\n<p>Davide Del Re, Sindaco di Cassano delle Murge<\/p>\n<p>Vito Lionetti, Assessore all\u2019Istruzione<\/p>\n<p>Riflessioni e dibattito a cura dell\u2019UTE con Utilia Di Leone e Giacomo Cecere<\/p>\n<p>Conclusioni: Rossana Angiulo, Consigliera Comunale<\/p>\n<p class=\"has-text-align-center\">21 marzo \u2013 Ore 10:00<br \/>Sala Consiliare del Comune di Cassano delle Murge<\/p>\n<p>Presentazione dei Percorsi per le competenze trasversali e per l\u2019orientamento (PCTO) \u201cCapaci di Costruire\u201d a cura del Liceo Don Lorenzo Milani \u2013 Acquaviva delle Fonti, sede associata Leonardo da Vinci \u2013 Cassano delle Murge<\/p>\n<p>Saluti istituzionali:<\/p>\n<p>Davide Del Re, Sindaco di Cassano delle Murge<\/p>\n<p>Vito Lionetti, Assessore all\u2019Istruzione<\/p>\n<p>Maria Rosaria Annoscia, Dirigente Scolastico Liceo Don Milani \u2013 Leonardo Da Vinci<\/p>\n<p>Corrado De Benedictis, Coordinatore provinciale di Avviso Pubblico<\/p>\n<p>Fulvia D\u2019Elia, Presidente Officine dei Legami<\/p>\n<p>Interventi: Presentazione del P.C.T.O. \u201cCapaci di Costruire\u201d da parte degli studenti<\/p>\n<p>Conclusioni: Rossana Angiulo, Consigliera Comunale<\/p>\n<p>Modera: Anna Maria De Bellis (Officine dei Legami)<\/p>\n<p class=\"has-text-align-center\">22 marzo \u2013 Ore 10:00<br \/>Sala Consiliare del Comune di Cassano delle Murge<\/p>\n<p>Presentazione del libro<br \/>\u201cIl vento tra le mani. Vita politica del Sindaco Pescatore\u201d<br \/>di Dario Vassallo<\/p>\n<p>Saluti delle autorit\u00e0<\/p>\n<p>Interventi:<\/p>\n<p>Davide Del Re, Sindaco di Cassano delle Murge<\/p>\n<p>Pierpaolo D\u2019Arienzo, Coordinatore regionale di Avviso Pubblico<\/p>\n<p>Dialoga con l\u2019autore: Vito Lionetti, Assessore alla Cultura e Istruzione<\/p>\n<p>Introduce e modera: Rossana Angiulo, Consigliera Comunale<\/p>\n<p>Cerimonia ufficiale di posizionamento della targa intitolata ad Angelo Vassallo, a cura del Sindaco Davide Del Re e di Dario Vassallo.<\/p>\n<p>\u201cLa cultura della legalit\u00e0 \u2013 aggiunge Vito Lionetti, Assessore all\u2019Istruzione \u2013 si costruisce giorno dopo giorno, nelle scuole, nelle istituzioni, nelle scelte che ogni cittadino compie. Con questo Festival della Legalit\u00e0 vogliamo ribadire che il contrasto all\u2019illegalit\u00e0 non \u00e8 solo un dovere delle forze dell\u2019ordine, ma una responsabilit\u00e0 collettiva. La storia di Vassallo ci ricorda che amministrare con onest\u00e0 e coraggio pu\u00f2 avere un costo altissimo, ma \u00e8 l\u2019unica strada per garantire un futuro dignitoso ai nostri territori. Il coinvolgimento degli studenti \u00e8 il segnale che vogliamo trasmettere: il cambiamento inizia dalla consapevolezza e dall\u2019educazione ai valori della giustizia e della democrazia.\u201d<\/p>\n<p>\u201cIl Progetto \u2018Capaci di Costruire\u2019 \u2013 conclude Rossana Angiulo, Consigliera Delegata ai Rapporti con l\u2019Associazione Avviso Pubblico \u2013 \u00e8 un investimento sulle nuove generazioni e sulla loro capacit\u00e0 di costruire un domani libero da corruzione e paura. La memoria di Angelo Vassallo \u00e8 un richiamo potente all\u2019etica pubblica e alla responsabilit\u00e0 individuale: la legalit\u00e0 non \u00e8 un concetto astratto, ma una scelta quotidiana che si traduce in azioni concrete. Attraverso questo progetto stiamo fornendo ai ragazzi strumenti di analisi critica per riconoscere e contrastare le logiche criminali, sviluppando una coscienza civica capace di opporsi con fermezza a ogni forma di illegalit\u00e0. La politica deve essere un esempio, e noi abbiamo il dovere di sostenere e diffondere questi principi in ogni ambito della vita pubblica.\u201d<\/p>\n<p><a class=\"a2a_button_facebook\" href=\"https:\/\/www.addtoany.com\/add_to\/facebook?linkurl=https%3A%2F%2Fcassano.lavocedelpaese.info%2Ffestival-della-legalita-tre-appuntamenti%2F&amp;linkname=Festival%20della%20Legalit%C3%A0%3A%20tre%20appuntamenti\" title=\"Facebook\" rel=\"nofollow noopener\" target=\"_blank\"><\/a><a class=\"a2a_button_twitter\" href=\"https:\/\/www.addtoany.com\/add_to\/twitter?linkurl=https%3A%2F%2Fcassano.lavocedelpaese.info%2Ffestival-della-legalita-tre-appuntamenti%2F&amp;linkname=Festival%20della%20Legalit%C3%A0%3A%20tre%20appuntamenti\" title=\"Twitter\" rel=\"nofollow noopener\" target=\"_blank\"><\/a><a class=\"a2a_button_whatsapp\" href=\"https:\/\/www.addtoany.com\/add_to\/whatsapp?linkurl=https%3A%2F%2Fcassano.lavocedelpaese.info%2Ffestival-della-legalita-tre-appuntamenti%2F&amp;linkname=Festival%20della%20Legalit%C3%A0%3A%20tre%20appuntamenti\" title=\"WhatsApp\" rel=\"nofollow noopener\" target=\"_blank\"><\/a><a class=\"a2a_button_telegram\" href=\"https:\/\/www.addtoany.com\/add_to\/telegram?linkurl=https%3A%2F%2Fcassano.lavocedelpaese.info%2Ffestival-della-legalita-tre-appuntamenti%2F&amp;linkname=Festival%20della%20Legalit%C3%A0%3A%20tre%20appuntamenti\" title=\"Telegram\" rel=\"nofollow noopener\" target=\"_blank\"><\/a><a class=\"a2a_button_email\" href=\"https:\/\/www.addtoany.com\/add_to\/email?linkurl=https%3A%2F%2Fcassano.lavocedelpaese.info%2Ffestival-della-legalita-tre-appuntamenti%2F&amp;linkname=Festival%20della%20Legalit%C3%A0%3A%20tre%20appuntamenti\" title=\"Email\" rel=\"nofollow noopener\" target=\"_blank\"><\/a><\/p>\n<p>\u00a0<\/p>\n<p>\u00a0<\/p>\n<p>\u200b\u00a0\u00a0\u00a0<\/p>","protected":false},"excerpt":{"rendered":"<p>\u00a0 \u200b\u00a0 \u200b\u00a0 In occasione della Giornata nazionale della memoria e dell\u2019impegno in ricordo delle vittime delle mafie, Cassano delle<\/p>\n","protected":false},"author":6,"featured_media":730,"comment_status":"open","ping_status":"closed","sticky":false,"template":"","format":"standard","meta":{"colormag_page_container_layout":"default_layout","colormag_page_sidebar_layout":"default_layout","footnotes":""},"categories":[33],"tags":[],"class_list":["post-9004","post","type-post","status-publish","format-standard","has-post-thumbnail","hentry","category-network"],"yoast_head":"<!-- This site is optimized with the Yoast SEO plugin v27.5 - https:\/\/yoast.com\/product\/yoast-seo-wordpress\/ -->\n<title>Festival della Legalit\u00e0: tre appuntamenti\u00a0\u200b - La Voce del Paese<\/title>\n<meta name=\"robots\" content=\"index, follow, max-snippet:-1, max-image-preview:large, max-video-preview:-1\" \/>\n<link rel=\"canonical\" href=\"https:\/\/lavocedelpaese.info\/index.php\/2025\/03\/16\/festival-della-legalita-tre-appuntamenti\/\" \/>\n<meta property=\"og:locale\" content=\"it_IT\" \/>\n<meta property=\"og:type\" content=\"article\" \/>\n<meta property=\"og:title\" content=\"Festival della Legalit\u00e0: tre appuntamenti\u00a0\u200b - La Voce del Paese\" \/>\n<meta property=\"og:description\" content=\"\u00a0 \u200b\u00a0 \u200b\u00a0 In occasione della Giornata nazionale della memoria e dell\u2019impegno in ricordo delle vittime delle mafie, Cassano delle\" \/>\n<meta property=\"og:url\" content=\"https:\/\/lavocedelpaese.info\/index.php\/2025\/03\/16\/festival-della-legalita-tre-appuntamenti\/\" \/>\n<meta property=\"og:site_name\" content=\"La Voce del Paese\" \/>\n<meta property=\"article:publisher\" content=\"https:\/\/www.facebook.com\/lavocedelpaese.info\" \/>\n<meta property=\"article:published_time\" content=\"2025-03-16T09:17:11+00:00\" \/>\n<meta name=\"author\" content=\"admin\" \/>\n<meta name=\"twitter:card\" content=\"summary_large_image\" \/>\n<meta name=\"twitter:label1\" content=\"Scritto da\" \/>\n\t<meta name=\"twitter:data1\" content=\"admin\" \/>\n\t<meta name=\"twitter:label2\" content=\"Tempo di lettura stimato\" \/>\n\t<meta name=\"twitter:data2\" content=\"4 minuti\" \/>\n<script type=\"application\/ld+json\" class=\"yoast-schema-graph\">{\"@context\":\"https:\\\/\\\/schema.org\",\"@graph\":[{\"@type\":\"Article\",\"@id\":\"https:\\\/\\\/lavocedelpaese.info\\\/index.php\\\/2025\\\/03\\\/16\\\/festival-della-legalita-tre-appuntamenti\\\/#article\",\"isPartOf\":{\"@id\":\"https:\\\/\\\/lavocedelpaese.info\\\/index.php\\\/2025\\\/03\\\/16\\\/festival-della-legalita-tre-appuntamenti\\\/\"},\"author\":{\"name\":\"admin\",\"@id\":\"https:\\\/\\\/lavocedelpaese.info\\\/#\\\/schema\\\/person\\\/ec151d321306bd7591f7a061abf72d88\"},\"headline\":\"Festival della Legalit\u00e0: tre appuntamenti\u00a0\u200b\",\"datePublished\":\"2025-03-16T09:17:11+00:00\",\"mainEntityOfPage\":{\"@id\":\"https:\\\/\\\/lavocedelpaese.info\\\/index.php\\\/2025\\\/03\\\/16\\\/festival-della-legalita-tre-appuntamenti\\\/\"},\"wordCount\":777,\"commentCount\":0,\"publisher\":{\"@id\":\"https:\\\/\\\/lavocedelpaese.info\\\/#organization\"},\"image\":{\"@id\":\"https:\\\/\\\/lavocedelpaese.info\\\/index.php\\\/2025\\\/03\\\/16\\\/festival-della-legalita-tre-appuntamenti\\\/#primaryimage\"},\"thumbnailUrl\":\"https:\\\/\\\/lavocedelpaese.info\\\/wp-content\\\/uploads\\\/2023\\\/01\\\/logo-150-127.png\",\"articleSection\":[\"network\"],\"inLanguage\":\"it-IT\",\"potentialAction\":[{\"@type\":\"CommentAction\",\"name\":\"Comment\",\"target\":[\"https:\\\/\\\/lavocedelpaese.info\\\/index.php\\\/2025\\\/03\\\/16\\\/festival-della-legalita-tre-appuntamenti\\\/#respond\"]}]},{\"@type\":\"WebPage\",\"@id\":\"https:\\\/\\\/lavocedelpaese.info\\\/index.php\\\/2025\\\/03\\\/16\\\/festival-della-legalita-tre-appuntamenti\\\/\",\"url\":\"https:\\\/\\\/lavocedelpaese.info\\\/index.php\\\/2025\\\/03\\\/16\\\/festival-della-legalita-tre-appuntamenti\\\/\",\"name\":\"Festival della Legalit\u00e0: tre appuntamenti\u00a0\u200b - La Voce del Paese\",\"isPartOf\":{\"@id\":\"https:\\\/\\\/lavocedelpaese.info\\\/#website\"},\"primaryImageOfPage\":{\"@id\":\"https:\\\/\\\/lavocedelpaese.info\\\/index.php\\\/2025\\\/03\\\/16\\\/festival-della-legalita-tre-appuntamenti\\\/#primaryimage\"},\"image\":{\"@id\":\"https:\\\/\\\/lavocedelpaese.info\\\/index.php\\\/2025\\\/03\\\/16\\\/festival-della-legalita-tre-appuntamenti\\\/#primaryimage\"},\"thumbnailUrl\":\"https:\\\/\\\/lavocedelpaese.info\\\/wp-content\\\/uploads\\\/2023\\\/01\\\/logo-150-127.png\",\"datePublished\":\"2025-03-16T09:17:11+00:00\",\"breadcrumb\":{\"@id\":\"https:\\\/\\\/lavocedelpaese.info\\\/index.php\\\/2025\\\/03\\\/16\\\/festival-della-legalita-tre-appuntamenti\\\/#breadcrumb\"},\"inLanguage\":\"it-IT\",\"potentialAction\":[{\"@type\":\"ReadAction\",\"target\":[\"https:\\\/\\\/lavocedelpaese.info\\\/index.php\\\/2025\\\/03\\\/16\\\/festival-della-legalita-tre-appuntamenti\\\/\"]}]},{\"@type\":\"ImageObject\",\"inLanguage\":\"it-IT\",\"@id\":\"https:\\\/\\\/lavocedelpaese.info\\\/index.php\\\/2025\\\/03\\\/16\\\/festival-della-legalita-tre-appuntamenti\\\/#primaryimage\",\"url\":\"https:\\\/\\\/lavocedelpaese.info\\\/wp-content\\\/uploads\\\/2023\\\/01\\\/logo-150-127.png\",\"contentUrl\":\"https:\\\/\\\/lavocedelpaese.info\\\/wp-content\\\/uploads\\\/2023\\\/01\\\/logo-150-127.png\",\"width\":150,\"height\":127},{\"@type\":\"BreadcrumbList\",\"@id\":\"https:\\\/\\\/lavocedelpaese.info\\\/index.php\\\/2025\\\/03\\\/16\\\/festival-della-legalita-tre-appuntamenti\\\/#breadcrumb\",\"itemListElement\":[{\"@type\":\"ListItem\",\"position\":1,\"name\":\"Home\",\"item\":\"https:\\\/\\\/lavocedelpaese.info\\\/\"},{\"@type\":\"ListItem\",\"position\":2,\"name\":\"Festival della Legalit\u00e0: tre appuntamenti\u00a0\u200b\"}]},{\"@type\":\"WebSite\",\"@id\":\"https:\\\/\\\/lavocedelpaese.info\\\/#website\",\"url\":\"https:\\\/\\\/lavocedelpaese.info\\\/\",\"name\":\"La Voce del Paese\",\"description\":\"Un network di idee\",\"publisher\":{\"@id\":\"https:\\\/\\\/lavocedelpaese.info\\\/#organization\"},\"potentialAction\":[{\"@type\":\"SearchAction\",\"target\":{\"@type\":\"EntryPoint\",\"urlTemplate\":\"https:\\\/\\\/lavocedelpaese.info\\\/?s={search_term_string}\"},\"query-input\":{\"@type\":\"PropertyValueSpecification\",\"valueRequired\":true,\"valueName\":\"search_term_string\"}}],\"inLanguage\":\"it-IT\"},{\"@type\":\"Organization\",\"@id\":\"https:\\\/\\\/lavocedelpaese.info\\\/#organization\",\"name\":\"La Voce del Paese\",\"url\":\"https:\\\/\\\/lavocedelpaese.info\\\/\",\"logo\":{\"@type\":\"ImageObject\",\"inLanguage\":\"it-IT\",\"@id\":\"https:\\\/\\\/lavocedelpaese.info\\\/#\\\/schema\\\/logo\\\/image\\\/\",\"url\":\"https:\\\/\\\/lavocedelpaese.info\\\/wp-content\\\/uploads\\\/2023\\\/01\\\/cropped-logo-150-127.png\",\"contentUrl\":\"https:\\\/\\\/lavocedelpaese.info\\\/wp-content\\\/uploads\\\/2023\\\/01\\\/cropped-logo-150-127.png\",\"width\":137,\"height\":119,\"caption\":\"La Voce del Paese\"},\"image\":{\"@id\":\"https:\\\/\\\/lavocedelpaese.info\\\/#\\\/schema\\\/logo\\\/image\\\/\"},\"sameAs\":[\"https:\\\/\\\/www.facebook.com\\\/lavocedelpaese.info\"]},{\"@type\":\"Person\",\"@id\":\"https:\\\/\\\/lavocedelpaese.info\\\/#\\\/schema\\\/person\\\/ec151d321306bd7591f7a061abf72d88\",\"name\":\"admin\",\"image\":{\"@type\":\"ImageObject\",\"inLanguage\":\"it-IT\",\"@id\":\"https:\\\/\\\/secure.gravatar.com\\\/avatar\\\/af8f2caf0663124588de48a9380e07cbc95a74ef15b8062d0d39106c32fe3023?s=96&d=mm&r=g\",\"url\":\"https:\\\/\\\/secure.gravatar.com\\\/avatar\\\/af8f2caf0663124588de48a9380e07cbc95a74ef15b8062d0d39106c32fe3023?s=96&d=mm&r=g\",\"contentUrl\":\"https:\\\/\\\/secure.gravatar.com\\\/avatar\\\/af8f2caf0663124588de48a9380e07cbc95a74ef15b8062d0d39106c32fe3023?s=96&d=mm&r=g\",\"caption\":\"admin\"},\"sameAs\":[\"https:\\\/\\\/lavocedelpaese.info\"],\"url\":\"https:\\\/\\\/lavocedelpaese.info\\\/index.php\\\/author\\\/admin\\\/\"}]}<\/script>\n<!-- \/ Yoast SEO plugin. -->","yoast_head_json":{"title":"Festival della Legalit\u00e0: tre appuntamenti\u00a0\u200b - La Voce del Paese","robots":{"index":"index","follow":"follow","max-snippet":"max-snippet:-1","max-image-preview":"max-image-preview:large","max-video-preview":"max-video-preview:-1"},"canonical":"https:\/\/lavocedelpaese.info\/index.php\/2025\/03\/16\/festival-della-legalita-tre-appuntamenti\/","og_locale":"it_IT","og_type":"article","og_title":"Festival della Legalit\u00e0: tre appuntamenti\u00a0\u200b - La Voce del Paese","og_description":"\u00a0 \u200b\u00a0 \u200b\u00a0 In occasione della Giornata nazionale della memoria e dell\u2019impegno in ricordo delle vittime delle mafie, Cassano delle","og_url":"https:\/\/lavocedelpaese.info\/index.php\/2025\/03\/16\/festival-della-legalita-tre-appuntamenti\/","og_site_name":"La Voce del Paese","article_publisher":"https:\/\/www.facebook.com\/lavocedelpaese.info","article_published_time":"2025-03-16T09:17:11+00:00","author":"admin","twitter_card":"summary_large_image","twitter_misc":{"Scritto da":"admin","Tempo di lettura stimato":"4 minuti"},"schema":{"@context":"https:\/\/schema.org","@graph":[{"@type":"Article","@id":"https:\/\/lavocedelpaese.info\/index.php\/2025\/03\/16\/festival-della-legalita-tre-appuntamenti\/#article","isPartOf":{"@id":"https:\/\/lavocedelpaese.info\/index.php\/2025\/03\/16\/festival-della-legalita-tre-appuntamenti\/"},"author":{"name":"admin","@id":"https:\/\/lavocedelpaese.info\/#\/schema\/person\/ec151d321306bd7591f7a061abf72d88"},"headline":"Festival della Legalit\u00e0: tre appuntamenti\u00a0\u200b","datePublished":"2025-03-16T09:17:11+00:00","mainEntityOfPage":{"@id":"https:\/\/lavocedelpaese.info\/index.php\/2025\/03\/16\/festival-della-legalita-tre-appuntamenti\/"},"wordCount":777,"commentCount":0,"publisher":{"@id":"https:\/\/lavocedelpaese.info\/#organization"},"image":{"@id":"https:\/\/lavocedelpaese.info\/index.php\/2025\/03\/16\/festival-della-legalita-tre-appuntamenti\/#primaryimage"},"thumbnailUrl":"https:\/\/lavocedelpaese.info\/wp-content\/uploads\/2023\/01\/logo-150-127.png","articleSection":["network"],"inLanguage":"it-IT","potentialAction":[{"@type":"CommentAction","name":"Comment","target":["https:\/\/lavocedelpaese.info\/index.php\/2025\/03\/16\/festival-della-legalita-tre-appuntamenti\/#respond"]}]},{"@type":"WebPage","@id":"https:\/\/lavocedelpaese.info\/index.php\/2025\/03\/16\/festival-della-legalita-tre-appuntamenti\/","url":"https:\/\/lavocedelpaese.info\/index.php\/2025\/03\/16\/festival-della-legalita-tre-appuntamenti\/","name":"Festival della Legalit\u00e0: tre appuntamenti\u00a0\u200b - La Voce del Paese","isPartOf":{"@id":"https:\/\/lavocedelpaese.info\/#website"},"primaryImageOfPage":{"@id":"https:\/\/lavocedelpaese.info\/index.php\/2025\/03\/16\/festival-della-legalita-tre-appuntamenti\/#primaryimage"},"image":{"@id":"https:\/\/lavocedelpaese.info\/index.php\/2025\/03\/16\/festival-della-legalita-tre-appuntamenti\/#primaryimage"},"thumbnailUrl":"https:\/\/lavocedelpaese.info\/wp-content\/uploads\/2023\/01\/logo-150-127.png","datePublished":"2025-03-16T09:17:11+00:00","breadcrumb":{"@id":"https:\/\/lavocedelpaese.info\/index.php\/2025\/03\/16\/festival-della-legalita-tre-appuntamenti\/#breadcrumb"},"inLanguage":"it-IT","potentialAction":[{"@type":"ReadAction","target":["https:\/\/lavocedelpaese.info\/index.php\/2025\/03\/16\/festival-della-legalita-tre-appuntamenti\/"]}]},{"@type":"ImageObject","inLanguage":"it-IT","@id":"https:\/\/lavocedelpaese.info\/index.php\/2025\/03\/16\/festival-della-legalita-tre-appuntamenti\/#primaryimage","url":"https:\/\/lavocedelpaese.info\/wp-content\/uploads\/2023\/01\/logo-150-127.png","contentUrl":"https:\/\/lavocedelpaese.info\/wp-content\/uploads\/2023\/01\/logo-150-127.png","width":150,"height":127},{"@type":"BreadcrumbList","@id":"https:\/\/lavocedelpaese.info\/index.php\/2025\/03\/16\/festival-della-legalita-tre-appuntamenti\/#breadcrumb","itemListElement":[{"@type":"ListItem","position":1,"name":"Home","item":"https:\/\/lavocedelpaese.info\/"},{"@type":"ListItem","position":2,"name":"Festival della Legalit\u00e0: tre appuntamenti\u00a0\u200b"}]},{"@type":"WebSite","@id":"https:\/\/lavocedelpaese.info\/#website","url":"https:\/\/lavocedelpaese.info\/","name":"La Voce del Paese","description":"Un network di idee","publisher":{"@id":"https:\/\/lavocedelpaese.info\/#organization"},"potentialAction":[{"@type":"SearchAction","target":{"@type":"EntryPoint","urlTemplate":"https:\/\/lavocedelpaese.info\/?s={search_term_string}"},"query-input":{"@type":"PropertyValueSpecification","valueRequired":true,"valueName":"search_term_string"}}],"inLanguage":"it-IT"},{"@type":"Organization","@id":"https:\/\/lavocedelpaese.info\/#organization","name":"La Voce del Paese","url":"https:\/\/lavocedelpaese.info\/","logo":{"@type":"ImageObject","inLanguage":"it-IT","@id":"https:\/\/lavocedelpaese.info\/#\/schema\/logo\/image\/","url":"https:\/\/lavocedelpaese.info\/wp-content\/uploads\/2023\/01\/cropped-logo-150-127.png","contentUrl":"https:\/\/lavocedelpaese.info\/wp-content\/uploads\/2023\/01\/cropped-logo-150-127.png","width":137,"height":119,"caption":"La Voce del Paese"},"image":{"@id":"https:\/\/lavocedelpaese.info\/#\/schema\/logo\/image\/"},"sameAs":["https:\/\/www.facebook.com\/lavocedelpaese.info"]},{"@type":"Person","@id":"https:\/\/lavocedelpaese.info\/#\/schema\/person\/ec151d321306bd7591f7a061abf72d88","name":"admin","image":{"@type":"ImageObject","inLanguage":"it-IT","@id":"https:\/\/secure.gravatar.com\/avatar\/af8f2caf0663124588de48a9380e07cbc95a74ef15b8062d0d39106c32fe3023?s=96&d=mm&r=g","url":"https:\/\/secure.gravatar.com\/avatar\/af8f2caf0663124588de48a9380e07cbc95a74ef15b8062d0d39106c32fe3023?s=96&d=mm&r=g","contentUrl":"https:\/\/secure.gravatar.com\/avatar\/af8f2caf0663124588de48a9380e07cbc95a74ef15b8062d0d39106c32fe3023?s=96&d=mm&r=g","caption":"admin"},"sameAs":["https:\/\/lavocedelpaese.info"],"url":"https:\/\/lavocedelpaese.info\/index.php\/author\/admin\/"}]}},"_links":{"self":[{"href":"https:\/\/lavocedelpaese.info\/index.php\/wp-json\/wp\/v2\/posts\/9004","targetHints":{"allow":["GET"]}}],"collection":[{"href":"https:\/\/lavocedelpaese.info\/index.php\/wp-json\/wp\/v2\/posts"}],"about":[{"href":"https:\/\/lavocedelpaese.info\/index.php\/wp-json\/wp\/v2\/types\/post"}],"author":[{"embeddable":true,"href":"https:\/\/lavocedelpaese.info\/index.php\/wp-json\/wp\/v2\/users\/6"}],"replies":[{"embeddable":true,"href":"https:\/\/lavocedelpaese.info\/index.php\/wp-json\/wp\/v2\/comments?post=9004"}],"version-history":[{"count":0,"href":"https:\/\/lavocedelpaese.info\/index.php\/wp-json\/wp\/v2\/posts\/9004\/revisions"}],"wp:featuredmedia":[{"embeddable":true,"href":"https:\/\/lavocedelpaese.info\/index.php\/wp-json\/wp\/v2\/media\/730"}],"wp:attachment":[{"href":"https:\/\/lavocedelpaese.info\/index.php\/wp-json\/wp\/v2\/media?parent=9004"}],"wp:term":[{"taxonomy":"category","embeddable":true,"href":"https:\/\/lavocedelpaese.info\/index.php\/wp-json\/wp\/v2\/categories?post=9004"},{"taxonomy":"post_tag","embeddable":true,"href":"https:\/\/lavocedelpaese.info\/index.php\/wp-json\/wp\/v2\/tags?post=9004"}],"curies":[{"name":"wp","href":"https:\/\/api.w.org\/{rel}","templated":true}]}}