{"id":9003,"date":"2025-03-16T09:17:11","date_gmt":"2025-03-16T09:17:11","guid":{"rendered":"https:\/\/lavocedelpaese.info\/index.php\/2025\/03\/16\/intitolato-a-rino-palumbo-il-circolo-cassanese-del-pd\/"},"modified":"2025-03-16T09:17:11","modified_gmt":"2025-03-16T09:17:11","slug":"intitolato-a-rino-palumbo-il-circolo-cassanese-del-pd","status":"publish","type":"post","link":"https:\/\/lavocedelpaese.info\/index.php\/2025\/03\/16\/intitolato-a-rino-palumbo-il-circolo-cassanese-del-pd\/","title":{"rendered":"Intitolato a Rino Palumbo il Circolo cassanese del Pd\u00a0\u200b"},"content":{"rendered":"<p>\u00a0<\/p>\n<p>\u200b\u00a0<\/p>\n<p>\u200b\u00a0<\/p>\n<p><em>Dal Circolo cassanese del Partito Democratico, riceviamo e pubblichiamo.<\/em><\/p>\n<p>Nel gennaio scorso, l\u2019assemblea degli iscritti del Partito Democratico di Cassano delle Murge ha deliberato di intitolare il proprio circolo alla memoria di Rino Palumbo, fondatore del PD cassanese, uomo di straordinaria passione politica e instancabile protagonista della vita pubblica del nostro territorio, scomparso purtroppo nel dicembre del 2024.<br \/>Per celebrare questa decisione, <strong>sabato 22 marzo 2025<\/strong> \u2013 in via Carlo Chimienti 11\/13 (nei pressi della sede del Partito Democratico) \u2013 si terr\u00e0 un evento speciale, nel corso del quale sar\u00e0 svelata la targa che da quel giorno in poi sar\u00e0 affissa sulla porta d\u2019ingresso del circolo, a testimonianza tangibile del contributo di Rino Palumbo alla crescita politica e sociale di Cassano delle Murge.<br \/><strong>A partire dalle ore 18:30<\/strong>, si terr\u00e0 un incontro-dibattito nel quale interverranno autorevoli esponenti del panorama politico pugliese: l\u2019on. Ubaldo Pagano, deputato della Repubblica Italiana, gli ex parlamentari Dario Ginefra e Gero Grassi, il segretario regionale del PD Domenico De Santis e il segretario provinciale del PD Giuseppe Giulitto. Durante l\u2019incontro, i relatori \u2013 che hanno conosciuto personalmente Rino Palumbo \u2013 ne tracceranno il profilo umano e politico, condividendo aneddoti, esperienze e, soprattutto, il valore del suo impegno per il territorio.<br \/>L\u2019evento trova la sua ragione nella convinzione di tutti i democratici di Cassano che rendere omaggio a Rino Palumbo significa riconoscere il valore di una politica vissuta con rigore e dedizione, sempre intesa come servizio alla comunit\u00e0. La sua testimonianza resta un esempio imprescindibile per chi oggi continua il percorso di costruzione di un futuro pi\u00f9 giusto e solidale per Cassano delle Murge e per l\u2019intero Paese.<br \/>A seguire, la serata si concluder\u00e0 con un momento conviviale: una \u201cpastasciutta antifascista\u201d, simbolo di resistenza e impegno democratico, per rinnovare il legame tra memoria storica e azione politica concreta. La \u201cpastasciutta\u201d sar\u00e0 un\u2019occasione per stare insieme in un clima di amicizia e condivisione, celebrando i valori della democrazia e della partecipazione. Un momento semplice ma denso di significato, nel solco della tradizione partigiana e riproposta oggi per sottolineare l\u2019importanza della memoria e dell\u2019antifascismo come fondamento della nostra comunit\u00e0 politica, valori tenacemente difesi da Rino Palumbo nel suo quotidiano impegno politico.<br \/>L\u2019intera cittadinanza \u00e8 invitata a partecipare, affinch\u00e9 il ricordo di Rino Palumbo resti vivo e continui a ispirare l\u2019impegno per una politica fondata su valori di giustizia, partecipazione e solidariet\u00e0.<\/p>\n<p><a class=\"a2a_button_facebook\" href=\"https:\/\/www.addtoany.com\/add_to\/facebook?linkurl=https%3A%2F%2Fcassano.lavocedelpaese.info%2Fintitolato-a-rino-palumbo-il-circolo-cassanese-del-pd%2F&amp;linkname=Intitolato%20a%20Rino%20Palumbo%20il%20Circolo%20cassanese%20del%20Pd\" title=\"Facebook\" rel=\"nofollow noopener\" target=\"_blank\"><\/a><a class=\"a2a_button_twitter\" href=\"https:\/\/www.addtoany.com\/add_to\/twitter?linkurl=https%3A%2F%2Fcassano.lavocedelpaese.info%2Fintitolato-a-rino-palumbo-il-circolo-cassanese-del-pd%2F&amp;linkname=Intitolato%20a%20Rino%20Palumbo%20il%20Circolo%20cassanese%20del%20Pd\" title=\"Twitter\" rel=\"nofollow noopener\" target=\"_blank\"><\/a><a class=\"a2a_button_whatsapp\" href=\"https:\/\/www.addtoany.com\/add_to\/whatsapp?linkurl=https%3A%2F%2Fcassano.lavocedelpaese.info%2Fintitolato-a-rino-palumbo-il-circolo-cassanese-del-pd%2F&amp;linkname=Intitolato%20a%20Rino%20Palumbo%20il%20Circolo%20cassanese%20del%20Pd\" title=\"WhatsApp\" rel=\"nofollow noopener\" target=\"_blank\"><\/a><a class=\"a2a_button_telegram\" href=\"https:\/\/www.addtoany.com\/add_to\/telegram?linkurl=https%3A%2F%2Fcassano.lavocedelpaese.info%2Fintitolato-a-rino-palumbo-il-circolo-cassanese-del-pd%2F&amp;linkname=Intitolato%20a%20Rino%20Palumbo%20il%20Circolo%20cassanese%20del%20Pd\" title=\"Telegram\" rel=\"nofollow noopener\" target=\"_blank\"><\/a><a class=\"a2a_button_email\" href=\"https:\/\/www.addtoany.com\/add_to\/email?linkurl=https%3A%2F%2Fcassano.lavocedelpaese.info%2Fintitolato-a-rino-palumbo-il-circolo-cassanese-del-pd%2F&amp;linkname=Intitolato%20a%20Rino%20Palumbo%20il%20Circolo%20cassanese%20del%20Pd\" title=\"Email\" rel=\"nofollow noopener\" target=\"_blank\"><\/a><\/p>\n<p>\u00a0<\/p>\n<p>\u00a0<\/p>\n<p>\u200b\u00a0\u00a0\u00a0<\/p>","protected":false},"excerpt":{"rendered":"<p>\u00a0 \u200b\u00a0 \u200b\u00a0 Dal Circolo cassanese del Partito Democratico, riceviamo e pubblichiamo. Nel gennaio scorso, l\u2019assemblea degli iscritti del Partito<\/p>\n","protected":false},"author":6,"featured_media":730,"comment_status":"open","ping_status":"closed","sticky":false,"template":"","format":"standard","meta":{"colormag_page_container_layout":"default_layout","colormag_page_sidebar_layout":"default_layout","footnotes":""},"categories":[33],"tags":[],"class_list":["post-9003","post","type-post","status-publish","format-standard","has-post-thumbnail","hentry","category-network"],"yoast_head":"<!-- This site is optimized with the Yoast SEO plugin v27.5 - https:\/\/yoast.com\/product\/yoast-seo-wordpress\/ -->\n<title>Intitolato a Rino Palumbo il Circolo cassanese del Pd\u00a0\u200b - La Voce del Paese<\/title>\n<meta name=\"robots\" content=\"index, follow, max-snippet:-1, max-image-preview:large, max-video-preview:-1\" \/>\n<link rel=\"canonical\" href=\"https:\/\/lavocedelpaese.info\/index.php\/2025\/03\/16\/intitolato-a-rino-palumbo-il-circolo-cassanese-del-pd\/\" \/>\n<meta property=\"og:locale\" content=\"it_IT\" \/>\n<meta property=\"og:type\" content=\"article\" \/>\n<meta property=\"og:title\" content=\"Intitolato a Rino Palumbo il Circolo cassanese del Pd\u00a0\u200b - La Voce del Paese\" \/>\n<meta property=\"og:description\" content=\"\u00a0 \u200b\u00a0 \u200b\u00a0 Dal Circolo cassanese del Partito Democratico, riceviamo e pubblichiamo. Nel gennaio scorso, l\u2019assemblea degli iscritti del Partito\" \/>\n<meta property=\"og:url\" content=\"https:\/\/lavocedelpaese.info\/index.php\/2025\/03\/16\/intitolato-a-rino-palumbo-il-circolo-cassanese-del-pd\/\" \/>\n<meta property=\"og:site_name\" content=\"La Voce del Paese\" \/>\n<meta property=\"article:publisher\" content=\"https:\/\/www.facebook.com\/lavocedelpaese.info\" \/>\n<meta property=\"article:published_time\" content=\"2025-03-16T09:17:11+00:00\" \/>\n<meta name=\"author\" content=\"admin\" \/>\n<meta name=\"twitter:card\" content=\"summary_large_image\" \/>\n<meta name=\"twitter:label1\" content=\"Scritto da\" \/>\n\t<meta name=\"twitter:data1\" content=\"admin\" \/>\n\t<meta name=\"twitter:label2\" content=\"Tempo di lettura stimato\" \/>\n\t<meta name=\"twitter:data2\" content=\"2 minuti\" \/>\n<script type=\"application\/ld+json\" class=\"yoast-schema-graph\">{\"@context\":\"https:\\\/\\\/schema.org\",\"@graph\":[{\"@type\":\"Article\",\"@id\":\"https:\\\/\\\/lavocedelpaese.info\\\/index.php\\\/2025\\\/03\\\/16\\\/intitolato-a-rino-palumbo-il-circolo-cassanese-del-pd\\\/#article\",\"isPartOf\":{\"@id\":\"https:\\\/\\\/lavocedelpaese.info\\\/index.php\\\/2025\\\/03\\\/16\\\/intitolato-a-rino-palumbo-il-circolo-cassanese-del-pd\\\/\"},\"author\":{\"name\":\"admin\",\"@id\":\"https:\\\/\\\/lavocedelpaese.info\\\/#\\\/schema\\\/person\\\/ec151d321306bd7591f7a061abf72d88\"},\"headline\":\"Intitolato a Rino Palumbo il Circolo cassanese del Pd\u00a0\u200b\",\"datePublished\":\"2025-03-16T09:17:11+00:00\",\"mainEntityOfPage\":{\"@id\":\"https:\\\/\\\/lavocedelpaese.info\\\/index.php\\\/2025\\\/03\\\/16\\\/intitolato-a-rino-palumbo-il-circolo-cassanese-del-pd\\\/\"},\"wordCount\":402,\"commentCount\":0,\"publisher\":{\"@id\":\"https:\\\/\\\/lavocedelpaese.info\\\/#organization\"},\"image\":{\"@id\":\"https:\\\/\\\/lavocedelpaese.info\\\/index.php\\\/2025\\\/03\\\/16\\\/intitolato-a-rino-palumbo-il-circolo-cassanese-del-pd\\\/#primaryimage\"},\"thumbnailUrl\":\"https:\\\/\\\/lavocedelpaese.info\\\/wp-content\\\/uploads\\\/2023\\\/01\\\/logo-150-127.png\",\"articleSection\":[\"network\"],\"inLanguage\":\"it-IT\",\"potentialAction\":[{\"@type\":\"CommentAction\",\"name\":\"Comment\",\"target\":[\"https:\\\/\\\/lavocedelpaese.info\\\/index.php\\\/2025\\\/03\\\/16\\\/intitolato-a-rino-palumbo-il-circolo-cassanese-del-pd\\\/#respond\"]}]},{\"@type\":\"WebPage\",\"@id\":\"https:\\\/\\\/lavocedelpaese.info\\\/index.php\\\/2025\\\/03\\\/16\\\/intitolato-a-rino-palumbo-il-circolo-cassanese-del-pd\\\/\",\"url\":\"https:\\\/\\\/lavocedelpaese.info\\\/index.php\\\/2025\\\/03\\\/16\\\/intitolato-a-rino-palumbo-il-circolo-cassanese-del-pd\\\/\",\"name\":\"Intitolato a Rino Palumbo il Circolo cassanese del Pd\u00a0\u200b - La Voce del Paese\",\"isPartOf\":{\"@id\":\"https:\\\/\\\/lavocedelpaese.info\\\/#website\"},\"primaryImageOfPage\":{\"@id\":\"https:\\\/\\\/lavocedelpaese.info\\\/index.php\\\/2025\\\/03\\\/16\\\/intitolato-a-rino-palumbo-il-circolo-cassanese-del-pd\\\/#primaryimage\"},\"image\":{\"@id\":\"https:\\\/\\\/lavocedelpaese.info\\\/index.php\\\/2025\\\/03\\\/16\\\/intitolato-a-rino-palumbo-il-circolo-cassanese-del-pd\\\/#primaryimage\"},\"thumbnailUrl\":\"https:\\\/\\\/lavocedelpaese.info\\\/wp-content\\\/uploads\\\/2023\\\/01\\\/logo-150-127.png\",\"datePublished\":\"2025-03-16T09:17:11+00:00\",\"breadcrumb\":{\"@id\":\"https:\\\/\\\/lavocedelpaese.info\\\/index.php\\\/2025\\\/03\\\/16\\\/intitolato-a-rino-palumbo-il-circolo-cassanese-del-pd\\\/#breadcrumb\"},\"inLanguage\":\"it-IT\",\"potentialAction\":[{\"@type\":\"ReadAction\",\"target\":[\"https:\\\/\\\/lavocedelpaese.info\\\/index.php\\\/2025\\\/03\\\/16\\\/intitolato-a-rino-palumbo-il-circolo-cassanese-del-pd\\\/\"]}]},{\"@type\":\"ImageObject\",\"inLanguage\":\"it-IT\",\"@id\":\"https:\\\/\\\/lavocedelpaese.info\\\/index.php\\\/2025\\\/03\\\/16\\\/intitolato-a-rino-palumbo-il-circolo-cassanese-del-pd\\\/#primaryimage\",\"url\":\"https:\\\/\\\/lavocedelpaese.info\\\/wp-content\\\/uploads\\\/2023\\\/01\\\/logo-150-127.png\",\"contentUrl\":\"https:\\\/\\\/lavocedelpaese.info\\\/wp-content\\\/uploads\\\/2023\\\/01\\\/logo-150-127.png\",\"width\":150,\"height\":127},{\"@type\":\"BreadcrumbList\",\"@id\":\"https:\\\/\\\/lavocedelpaese.info\\\/index.php\\\/2025\\\/03\\\/16\\\/intitolato-a-rino-palumbo-il-circolo-cassanese-del-pd\\\/#breadcrumb\",\"itemListElement\":[{\"@type\":\"ListItem\",\"position\":1,\"name\":\"Home\",\"item\":\"https:\\\/\\\/lavocedelpaese.info\\\/\"},{\"@type\":\"ListItem\",\"position\":2,\"name\":\"Intitolato a Rino Palumbo il Circolo cassanese del Pd\u00a0\u200b\"}]},{\"@type\":\"WebSite\",\"@id\":\"https:\\\/\\\/lavocedelpaese.info\\\/#website\",\"url\":\"https:\\\/\\\/lavocedelpaese.info\\\/\",\"name\":\"La Voce del Paese\",\"description\":\"Un network di idee\",\"publisher\":{\"@id\":\"https:\\\/\\\/lavocedelpaese.info\\\/#organization\"},\"potentialAction\":[{\"@type\":\"SearchAction\",\"target\":{\"@type\":\"EntryPoint\",\"urlTemplate\":\"https:\\\/\\\/lavocedelpaese.info\\\/?s={search_term_string}\"},\"query-input\":{\"@type\":\"PropertyValueSpecification\",\"valueRequired\":true,\"valueName\":\"search_term_string\"}}],\"inLanguage\":\"it-IT\"},{\"@type\":\"Organization\",\"@id\":\"https:\\\/\\\/lavocedelpaese.info\\\/#organization\",\"name\":\"La Voce del Paese\",\"url\":\"https:\\\/\\\/lavocedelpaese.info\\\/\",\"logo\":{\"@type\":\"ImageObject\",\"inLanguage\":\"it-IT\",\"@id\":\"https:\\\/\\\/lavocedelpaese.info\\\/#\\\/schema\\\/logo\\\/image\\\/\",\"url\":\"https:\\\/\\\/lavocedelpaese.info\\\/wp-content\\\/uploads\\\/2023\\\/01\\\/cropped-logo-150-127.png\",\"contentUrl\":\"https:\\\/\\\/lavocedelpaese.info\\\/wp-content\\\/uploads\\\/2023\\\/01\\\/cropped-logo-150-127.png\",\"width\":137,\"height\":119,\"caption\":\"La Voce del Paese\"},\"image\":{\"@id\":\"https:\\\/\\\/lavocedelpaese.info\\\/#\\\/schema\\\/logo\\\/image\\\/\"},\"sameAs\":[\"https:\\\/\\\/www.facebook.com\\\/lavocedelpaese.info\"]},{\"@type\":\"Person\",\"@id\":\"https:\\\/\\\/lavocedelpaese.info\\\/#\\\/schema\\\/person\\\/ec151d321306bd7591f7a061abf72d88\",\"name\":\"admin\",\"image\":{\"@type\":\"ImageObject\",\"inLanguage\":\"it-IT\",\"@id\":\"https:\\\/\\\/secure.gravatar.com\\\/avatar\\\/af8f2caf0663124588de48a9380e07cbc95a74ef15b8062d0d39106c32fe3023?s=96&d=mm&r=g\",\"url\":\"https:\\\/\\\/secure.gravatar.com\\\/avatar\\\/af8f2caf0663124588de48a9380e07cbc95a74ef15b8062d0d39106c32fe3023?s=96&d=mm&r=g\",\"contentUrl\":\"https:\\\/\\\/secure.gravatar.com\\\/avatar\\\/af8f2caf0663124588de48a9380e07cbc95a74ef15b8062d0d39106c32fe3023?s=96&d=mm&r=g\",\"caption\":\"admin\"},\"sameAs\":[\"https:\\\/\\\/lavocedelpaese.info\"],\"url\":\"https:\\\/\\\/lavocedelpaese.info\\\/index.php\\\/author\\\/admin\\\/\"}]}<\/script>\n<!-- \/ Yoast SEO plugin. -->","yoast_head_json":{"title":"Intitolato a Rino Palumbo il Circolo cassanese del Pd\u00a0\u200b - La Voce del Paese","robots":{"index":"index","follow":"follow","max-snippet":"max-snippet:-1","max-image-preview":"max-image-preview:large","max-video-preview":"max-video-preview:-1"},"canonical":"https:\/\/lavocedelpaese.info\/index.php\/2025\/03\/16\/intitolato-a-rino-palumbo-il-circolo-cassanese-del-pd\/","og_locale":"it_IT","og_type":"article","og_title":"Intitolato a Rino Palumbo il Circolo cassanese del Pd\u00a0\u200b - La Voce del Paese","og_description":"\u00a0 \u200b\u00a0 \u200b\u00a0 Dal Circolo cassanese del Partito Democratico, riceviamo e pubblichiamo. Nel gennaio scorso, l\u2019assemblea degli iscritti del Partito","og_url":"https:\/\/lavocedelpaese.info\/index.php\/2025\/03\/16\/intitolato-a-rino-palumbo-il-circolo-cassanese-del-pd\/","og_site_name":"La Voce del Paese","article_publisher":"https:\/\/www.facebook.com\/lavocedelpaese.info","article_published_time":"2025-03-16T09:17:11+00:00","author":"admin","twitter_card":"summary_large_image","twitter_misc":{"Scritto da":"admin","Tempo di lettura stimato":"2 minuti"},"schema":{"@context":"https:\/\/schema.org","@graph":[{"@type":"Article","@id":"https:\/\/lavocedelpaese.info\/index.php\/2025\/03\/16\/intitolato-a-rino-palumbo-il-circolo-cassanese-del-pd\/#article","isPartOf":{"@id":"https:\/\/lavocedelpaese.info\/index.php\/2025\/03\/16\/intitolato-a-rino-palumbo-il-circolo-cassanese-del-pd\/"},"author":{"name":"admin","@id":"https:\/\/lavocedelpaese.info\/#\/schema\/person\/ec151d321306bd7591f7a061abf72d88"},"headline":"Intitolato a Rino Palumbo il Circolo cassanese del Pd\u00a0\u200b","datePublished":"2025-03-16T09:17:11+00:00","mainEntityOfPage":{"@id":"https:\/\/lavocedelpaese.info\/index.php\/2025\/03\/16\/intitolato-a-rino-palumbo-il-circolo-cassanese-del-pd\/"},"wordCount":402,"commentCount":0,"publisher":{"@id":"https:\/\/lavocedelpaese.info\/#organization"},"image":{"@id":"https:\/\/lavocedelpaese.info\/index.php\/2025\/03\/16\/intitolato-a-rino-palumbo-il-circolo-cassanese-del-pd\/#primaryimage"},"thumbnailUrl":"https:\/\/lavocedelpaese.info\/wp-content\/uploads\/2023\/01\/logo-150-127.png","articleSection":["network"],"inLanguage":"it-IT","potentialAction":[{"@type":"CommentAction","name":"Comment","target":["https:\/\/lavocedelpaese.info\/index.php\/2025\/03\/16\/intitolato-a-rino-palumbo-il-circolo-cassanese-del-pd\/#respond"]}]},{"@type":"WebPage","@id":"https:\/\/lavocedelpaese.info\/index.php\/2025\/03\/16\/intitolato-a-rino-palumbo-il-circolo-cassanese-del-pd\/","url":"https:\/\/lavocedelpaese.info\/index.php\/2025\/03\/16\/intitolato-a-rino-palumbo-il-circolo-cassanese-del-pd\/","name":"Intitolato a Rino Palumbo il Circolo cassanese del Pd\u00a0\u200b - La Voce del Paese","isPartOf":{"@id":"https:\/\/lavocedelpaese.info\/#website"},"primaryImageOfPage":{"@id":"https:\/\/lavocedelpaese.info\/index.php\/2025\/03\/16\/intitolato-a-rino-palumbo-il-circolo-cassanese-del-pd\/#primaryimage"},"image":{"@id":"https:\/\/lavocedelpaese.info\/index.php\/2025\/03\/16\/intitolato-a-rino-palumbo-il-circolo-cassanese-del-pd\/#primaryimage"},"thumbnailUrl":"https:\/\/lavocedelpaese.info\/wp-content\/uploads\/2023\/01\/logo-150-127.png","datePublished":"2025-03-16T09:17:11+00:00","breadcrumb":{"@id":"https:\/\/lavocedelpaese.info\/index.php\/2025\/03\/16\/intitolato-a-rino-palumbo-il-circolo-cassanese-del-pd\/#breadcrumb"},"inLanguage":"it-IT","potentialAction":[{"@type":"ReadAction","target":["https:\/\/lavocedelpaese.info\/index.php\/2025\/03\/16\/intitolato-a-rino-palumbo-il-circolo-cassanese-del-pd\/"]}]},{"@type":"ImageObject","inLanguage":"it-IT","@id":"https:\/\/lavocedelpaese.info\/index.php\/2025\/03\/16\/intitolato-a-rino-palumbo-il-circolo-cassanese-del-pd\/#primaryimage","url":"https:\/\/lavocedelpaese.info\/wp-content\/uploads\/2023\/01\/logo-150-127.png","contentUrl":"https:\/\/lavocedelpaese.info\/wp-content\/uploads\/2023\/01\/logo-150-127.png","width":150,"height":127},{"@type":"BreadcrumbList","@id":"https:\/\/lavocedelpaese.info\/index.php\/2025\/03\/16\/intitolato-a-rino-palumbo-il-circolo-cassanese-del-pd\/#breadcrumb","itemListElement":[{"@type":"ListItem","position":1,"name":"Home","item":"https:\/\/lavocedelpaese.info\/"},{"@type":"ListItem","position":2,"name":"Intitolato a Rino Palumbo il Circolo cassanese del Pd\u00a0\u200b"}]},{"@type":"WebSite","@id":"https:\/\/lavocedelpaese.info\/#website","url":"https:\/\/lavocedelpaese.info\/","name":"La Voce del Paese","description":"Un network di idee","publisher":{"@id":"https:\/\/lavocedelpaese.info\/#organization"},"potentialAction":[{"@type":"SearchAction","target":{"@type":"EntryPoint","urlTemplate":"https:\/\/lavocedelpaese.info\/?s={search_term_string}"},"query-input":{"@type":"PropertyValueSpecification","valueRequired":true,"valueName":"search_term_string"}}],"inLanguage":"it-IT"},{"@type":"Organization","@id":"https:\/\/lavocedelpaese.info\/#organization","name":"La Voce del Paese","url":"https:\/\/lavocedelpaese.info\/","logo":{"@type":"ImageObject","inLanguage":"it-IT","@id":"https:\/\/lavocedelpaese.info\/#\/schema\/logo\/image\/","url":"https:\/\/lavocedelpaese.info\/wp-content\/uploads\/2023\/01\/cropped-logo-150-127.png","contentUrl":"https:\/\/lavocedelpaese.info\/wp-content\/uploads\/2023\/01\/cropped-logo-150-127.png","width":137,"height":119,"caption":"La Voce del Paese"},"image":{"@id":"https:\/\/lavocedelpaese.info\/#\/schema\/logo\/image\/"},"sameAs":["https:\/\/www.facebook.com\/lavocedelpaese.info"]},{"@type":"Person","@id":"https:\/\/lavocedelpaese.info\/#\/schema\/person\/ec151d321306bd7591f7a061abf72d88","name":"admin","image":{"@type":"ImageObject","inLanguage":"it-IT","@id":"https:\/\/secure.gravatar.com\/avatar\/af8f2caf0663124588de48a9380e07cbc95a74ef15b8062d0d39106c32fe3023?s=96&d=mm&r=g","url":"https:\/\/secure.gravatar.com\/avatar\/af8f2caf0663124588de48a9380e07cbc95a74ef15b8062d0d39106c32fe3023?s=96&d=mm&r=g","contentUrl":"https:\/\/secure.gravatar.com\/avatar\/af8f2caf0663124588de48a9380e07cbc95a74ef15b8062d0d39106c32fe3023?s=96&d=mm&r=g","caption":"admin"},"sameAs":["https:\/\/lavocedelpaese.info"],"url":"https:\/\/lavocedelpaese.info\/index.php\/author\/admin\/"}]}},"_links":{"self":[{"href":"https:\/\/lavocedelpaese.info\/index.php\/wp-json\/wp\/v2\/posts\/9003","targetHints":{"allow":["GET"]}}],"collection":[{"href":"https:\/\/lavocedelpaese.info\/index.php\/wp-json\/wp\/v2\/posts"}],"about":[{"href":"https:\/\/lavocedelpaese.info\/index.php\/wp-json\/wp\/v2\/types\/post"}],"author":[{"embeddable":true,"href":"https:\/\/lavocedelpaese.info\/index.php\/wp-json\/wp\/v2\/users\/6"}],"replies":[{"embeddable":true,"href":"https:\/\/lavocedelpaese.info\/index.php\/wp-json\/wp\/v2\/comments?post=9003"}],"version-history":[{"count":0,"href":"https:\/\/lavocedelpaese.info\/index.php\/wp-json\/wp\/v2\/posts\/9003\/revisions"}],"wp:featuredmedia":[{"embeddable":true,"href":"https:\/\/lavocedelpaese.info\/index.php\/wp-json\/wp\/v2\/media\/730"}],"wp:attachment":[{"href":"https:\/\/lavocedelpaese.info\/index.php\/wp-json\/wp\/v2\/media?parent=9003"}],"wp:term":[{"taxonomy":"category","embeddable":true,"href":"https:\/\/lavocedelpaese.info\/index.php\/wp-json\/wp\/v2\/categories?post=9003"},{"taxonomy":"post_tag","embeddable":true,"href":"https:\/\/lavocedelpaese.info\/index.php\/wp-json\/wp\/v2\/tags?post=9003"}],"curies":[{"name":"wp","href":"https:\/\/api.w.org\/{rel}","templated":true}]}}