{"id":8989,"date":"2025-03-14T06:13:41","date_gmt":"2025-03-14T06:13:41","guid":{"rendered":"https:\/\/lavocedelpaese.info\/index.php\/2025\/03\/14\/la-farmacia-mastrolonardo-turi-stecca-a-corato\/"},"modified":"2025-03-14T06:13:41","modified_gmt":"2025-03-14T06:13:41","slug":"la-farmacia-mastrolonardo-turi-stecca-a-corato","status":"publish","type":"post","link":"https:\/\/lavocedelpaese.info\/index.php\/2025\/03\/14\/la-farmacia-mastrolonardo-turi-stecca-a-corato\/","title":{"rendered":"La Farmacia Mastrolonardo Turi stecca a Corato\u00a0\u200b"},"content":{"rendered":"<p>\u00a0<\/p>\n<p>\u200b\u00a0<\/p>\n<p>\u200b\u00a0<\/p>\n<div><\/div>\n<p>Una brutta Farmacia Mastrolonardo Turi non raccoglie alcun set dalla trasferta in quel di Corato e torna a casa con una pesante battuta d\u2019arresto sul groppone, fornendo una prestazione decisamente sotto tono.<\/p>\n<p>Per la quinta giornata di ritorno del Campionato Nazionale di serie C femminile la Farmacia Matrolonardo Turi esce battuta per 3 a 0 (25-23\/25-12\/25-20) dal Tensostatico di Corato, restando comunque in quinta posizione, ma vede ridurre ad una sola lunghezza il margine sul sesto posto ora occupato dalla coppia Trani e Amatori Bari.<\/p>\n<p>Mister Francesco Savino, coadiuvato dal secondo Henry Rodriguez, schiera il sestetto iniziale di sette giorni fa vincente sul Molfetta, con Francesca Pellegrini al palleggio, Paola Schena opposta, capitan Alejandra Rodriguez e Angelica Tritto schiacciatrici, Francesca Cont e Maria Giulia Lippolis centrali e Aurora Giannuzzi nel ruolo di libero.<\/p>\n<figure class=\"wp-block-image aligncenter size-large is-resized\"><img decoding=\"async\" loading=\"lazy\" width=\"1365\" height=\"2048\" src=\"https:\/\/turi.lavocedelpaese.info\/wp-content\/uploads\/2025\/03\/Maria-Giulia-Lippolis-1365x2048.jpg\" alt=\"\" class=\"wp-image-6684\"\/><figcaption class=\"wp-element-caption\"><strong><em>Maria Giulia Lippolis<\/em><\/strong><\/figcaption><\/figure>\n<p>Dopo un inizio balbettante Rodriguez, Tritto e compagne sembrano entrare in partita ma nel finale di set commettono un paio di errori fatali che costano il set. Il Turi subisce il contraccolpo e sparisce dal campo rispondendo assente per tutto il secondo set e per buona parte del terzo. Solo sul finale c\u2019\u00e8 un timido risveglio ma ormai la frittata \u00e8 fatta ed \u00e8 troppo tardi per riaprire i giochi al cospetto di un Corato che ha sciorinato ad ogni modo una delle sue migliori performance casalinghe con pochissimi errori gratuiti e tanta sostanza in attacco. Nemmeno i tentativi dalla panchina turese di mischiare le carte suscitava cambi di tendenza all\u2019inerzia del match, sempre saldamente targato nero-verde coratino.<\/p>\n<h4 class=\"wp-block-heading\"><strong>Sabato arriva l\u2019Acquaviva per tornare al successo<\/strong><\/h4>\n<p>Appuntamento alle ore 18,30 di sabato pomeriggio al Palazzetto di via Cisterna per la sesta giornata di ritorno e il derby con la VolleyUp Acquaviva, attualmente nona in classifica ed impegnata ad evitare la zona playout. L\u2019Acquaviva \u00e8 reduce da due sconfitte consecutive, ma soprattutto dalla debacle casalinga imprevista nello scontro salvezza contro la PrimaDonna Bari. All\u2019andata il Turi si impose per 3 a 0 al termine di un\u2019ottima prestazione che si speri possa replicare sabato per riscattare il passo falso di Corato e per restare in sella alla quinta piazza della graduatoria.<\/p>\n<h4 class=\"wp-block-heading\"><strong>CLASSIFICA<\/strong><\/h4>\n<p>Terlizzi 47, Capurso 47, Asem Bari 47, Cerignola 42, <strong>Farmacia Mastrolonardo Turi<\/strong> 33, Trani 32, Amatori Bari 32, Corato 26, Acquaviva 20, Don Milani Bari 19, Primadonna Bari 14, Molfetta 10, Barletta 6, Casamassima 3.<\/p>\n<p><a class=\"a2a_button_facebook\" href=\"https:\/\/www.addtoany.com\/add_to\/facebook?linkurl=https%3A%2F%2Fturi.lavocedelpaese.info%2Fla-farmacia-mastrolonardo-turi-stecca-a-corato%2F&amp;linkname=La%20Farmacia%20Mastrolonardo%20Turi%20stecca%20a%20Corato\" title=\"Facebook\" rel=\"nofollow noopener\" target=\"_blank\"><\/a><a class=\"a2a_button_twitter\" href=\"https:\/\/www.addtoany.com\/add_to\/twitter?linkurl=https%3A%2F%2Fturi.lavocedelpaese.info%2Fla-farmacia-mastrolonardo-turi-stecca-a-corato%2F&amp;linkname=La%20Farmacia%20Mastrolonardo%20Turi%20stecca%20a%20Corato\" title=\"Twitter\" rel=\"nofollow noopener\" target=\"_blank\"><\/a><a class=\"a2a_button_whatsapp\" href=\"https:\/\/www.addtoany.com\/add_to\/whatsapp?linkurl=https%3A%2F%2Fturi.lavocedelpaese.info%2Fla-farmacia-mastrolonardo-turi-stecca-a-corato%2F&amp;linkname=La%20Farmacia%20Mastrolonardo%20Turi%20stecca%20a%20Corato\" title=\"WhatsApp\" rel=\"nofollow noopener\" target=\"_blank\"><\/a><a class=\"a2a_button_telegram\" href=\"https:\/\/www.addtoany.com\/add_to\/telegram?linkurl=https%3A%2F%2Fturi.lavocedelpaese.info%2Fla-farmacia-mastrolonardo-turi-stecca-a-corato%2F&amp;linkname=La%20Farmacia%20Mastrolonardo%20Turi%20stecca%20a%20Corato\" title=\"Telegram\" rel=\"nofollow noopener\" target=\"_blank\"><\/a><a class=\"a2a_button_email\" href=\"https:\/\/www.addtoany.com\/add_to\/email?linkurl=https%3A%2F%2Fturi.lavocedelpaese.info%2Fla-farmacia-mastrolonardo-turi-stecca-a-corato%2F&amp;linkname=La%20Farmacia%20Mastrolonardo%20Turi%20stecca%20a%20Corato\" title=\"Email\" rel=\"nofollow noopener\" target=\"_blank\"><\/a><\/p>\n<p>L&#8217;articolo <a href=\"https:\/\/turi.lavocedelpaese.info\/la-farmacia-mastrolonardo-turi-stecca-a-corato\/\">La Farmacia Mastrolonardo Turi stecca a Corato<\/a> proviene da <a href=\"https:\/\/turi.lavocedelpaese.info\/\">Turi &#8211; La Voce del Paese<\/a>.<\/p>\n<p>\u00a0<\/p>\n<p>\u00a0<\/p>\n<p>\u200b\u00a0\u00a0\u00a0<\/p>","protected":false},"excerpt":{"rendered":"<p>\u00a0 \u200b\u00a0 \u200b\u00a0 Una brutta Farmacia Mastrolonardo Turi non raccoglie alcun set dalla trasferta in quel di Corato e torna<\/p>\n","protected":false},"author":6,"featured_media":8990,"comment_status":"open","ping_status":"closed","sticky":false,"template":"","format":"standard","meta":{"colormag_page_container_layout":"default_layout","colormag_page_sidebar_layout":"default_layout","footnotes":""},"categories":[33],"tags":[],"class_list":["post-8989","post","type-post","status-publish","format-standard","has-post-thumbnail","hentry","category-network"],"yoast_head":"<!-- This site is optimized with the Yoast SEO plugin v27.5 - https:\/\/yoast.com\/product\/yoast-seo-wordpress\/ -->\n<title>La Farmacia Mastrolonardo Turi stecca a Corato\u00a0\u200b - La Voce del Paese<\/title>\n<meta name=\"robots\" content=\"index, follow, max-snippet:-1, max-image-preview:large, max-video-preview:-1\" \/>\n<link rel=\"canonical\" href=\"https:\/\/lavocedelpaese.info\/index.php\/2025\/03\/14\/la-farmacia-mastrolonardo-turi-stecca-a-corato\/\" \/>\n<meta property=\"og:locale\" content=\"it_IT\" \/>\n<meta property=\"og:type\" content=\"article\" \/>\n<meta property=\"og:title\" content=\"La Farmacia Mastrolonardo Turi stecca a Corato\u00a0\u200b - La Voce del Paese\" \/>\n<meta property=\"og:description\" content=\"\u00a0 \u200b\u00a0 \u200b\u00a0 Una brutta Farmacia Mastrolonardo Turi non raccoglie alcun set dalla trasferta in quel di Corato e torna\" \/>\n<meta property=\"og:url\" content=\"https:\/\/lavocedelpaese.info\/index.php\/2025\/03\/14\/la-farmacia-mastrolonardo-turi-stecca-a-corato\/\" \/>\n<meta property=\"og:site_name\" content=\"La Voce del Paese\" \/>\n<meta property=\"article:publisher\" content=\"https:\/\/www.facebook.com\/lavocedelpaese.info\" \/>\n<meta property=\"article:published_time\" content=\"2025-03-14T06:13:41+00:00\" \/>\n<meta name=\"author\" content=\"admin\" \/>\n<meta name=\"twitter:card\" content=\"summary_large_image\" \/>\n<meta name=\"twitter:label1\" content=\"Scritto da\" \/>\n\t<meta name=\"twitter:data1\" content=\"admin\" \/>\n\t<meta name=\"twitter:label2\" content=\"Tempo di lettura stimato\" \/>\n\t<meta name=\"twitter:data2\" content=\"2 minuti\" \/>\n<script type=\"application\/ld+json\" class=\"yoast-schema-graph\">{\"@context\":\"https:\\\/\\\/schema.org\",\"@graph\":[{\"@type\":\"Article\",\"@id\":\"https:\\\/\\\/lavocedelpaese.info\\\/index.php\\\/2025\\\/03\\\/14\\\/la-farmacia-mastrolonardo-turi-stecca-a-corato\\\/#article\",\"isPartOf\":{\"@id\":\"https:\\\/\\\/lavocedelpaese.info\\\/index.php\\\/2025\\\/03\\\/14\\\/la-farmacia-mastrolonardo-turi-stecca-a-corato\\\/\"},\"author\":{\"name\":\"admin\",\"@id\":\"https:\\\/\\\/lavocedelpaese.info\\\/#\\\/schema\\\/person\\\/ec151d321306bd7591f7a061abf72d88\"},\"headline\":\"La Farmacia Mastrolonardo Turi stecca a Corato\u00a0\u200b\",\"datePublished\":\"2025-03-14T06:13:41+00:00\",\"mainEntityOfPage\":{\"@id\":\"https:\\\/\\\/lavocedelpaese.info\\\/index.php\\\/2025\\\/03\\\/14\\\/la-farmacia-mastrolonardo-turi-stecca-a-corato\\\/\"},\"wordCount\":400,\"commentCount\":0,\"publisher\":{\"@id\":\"https:\\\/\\\/lavocedelpaese.info\\\/#organization\"},\"image\":{\"@id\":\"https:\\\/\\\/lavocedelpaese.info\\\/index.php\\\/2025\\\/03\\\/14\\\/la-farmacia-mastrolonardo-turi-stecca-a-corato\\\/#primaryimage\"},\"thumbnailUrl\":\"https:\\\/\\\/lavocedelpaese.info\\\/wp-content\\\/uploads\\\/2025\\\/03\\\/Maria-Giulia-Lippolis-1365x2048-UbJPsO.jpeg\",\"articleSection\":[\"network\"],\"inLanguage\":\"it-IT\",\"potentialAction\":[{\"@type\":\"CommentAction\",\"name\":\"Comment\",\"target\":[\"https:\\\/\\\/lavocedelpaese.info\\\/index.php\\\/2025\\\/03\\\/14\\\/la-farmacia-mastrolonardo-turi-stecca-a-corato\\\/#respond\"]}]},{\"@type\":\"WebPage\",\"@id\":\"https:\\\/\\\/lavocedelpaese.info\\\/index.php\\\/2025\\\/03\\\/14\\\/la-farmacia-mastrolonardo-turi-stecca-a-corato\\\/\",\"url\":\"https:\\\/\\\/lavocedelpaese.info\\\/index.php\\\/2025\\\/03\\\/14\\\/la-farmacia-mastrolonardo-turi-stecca-a-corato\\\/\",\"name\":\"La Farmacia Mastrolonardo Turi stecca a Corato\u00a0\u200b - La Voce del Paese\",\"isPartOf\":{\"@id\":\"https:\\\/\\\/lavocedelpaese.info\\\/#website\"},\"primaryImageOfPage\":{\"@id\":\"https:\\\/\\\/lavocedelpaese.info\\\/index.php\\\/2025\\\/03\\\/14\\\/la-farmacia-mastrolonardo-turi-stecca-a-corato\\\/#primaryimage\"},\"image\":{\"@id\":\"https:\\\/\\\/lavocedelpaese.info\\\/index.php\\\/2025\\\/03\\\/14\\\/la-farmacia-mastrolonardo-turi-stecca-a-corato\\\/#primaryimage\"},\"thumbnailUrl\":\"https:\\\/\\\/lavocedelpaese.info\\\/wp-content\\\/uploads\\\/2025\\\/03\\\/Maria-Giulia-Lippolis-1365x2048-UbJPsO.jpeg\",\"datePublished\":\"2025-03-14T06:13:41+00:00\",\"breadcrumb\":{\"@id\":\"https:\\\/\\\/lavocedelpaese.info\\\/index.php\\\/2025\\\/03\\\/14\\\/la-farmacia-mastrolonardo-turi-stecca-a-corato\\\/#breadcrumb\"},\"inLanguage\":\"it-IT\",\"potentialAction\":[{\"@type\":\"ReadAction\",\"target\":[\"https:\\\/\\\/lavocedelpaese.info\\\/index.php\\\/2025\\\/03\\\/14\\\/la-farmacia-mastrolonardo-turi-stecca-a-corato\\\/\"]}]},{\"@type\":\"ImageObject\",\"inLanguage\":\"it-IT\",\"@id\":\"https:\\\/\\\/lavocedelpaese.info\\\/index.php\\\/2025\\\/03\\\/14\\\/la-farmacia-mastrolonardo-turi-stecca-a-corato\\\/#primaryimage\",\"url\":\"https:\\\/\\\/lavocedelpaese.info\\\/wp-content\\\/uploads\\\/2025\\\/03\\\/Maria-Giulia-Lippolis-1365x2048-UbJPsO.jpeg\",\"contentUrl\":\"https:\\\/\\\/lavocedelpaese.info\\\/wp-content\\\/uploads\\\/2025\\\/03\\\/Maria-Giulia-Lippolis-1365x2048-UbJPsO.jpeg\",\"width\":533,\"height\":800},{\"@type\":\"BreadcrumbList\",\"@id\":\"https:\\\/\\\/lavocedelpaese.info\\\/index.php\\\/2025\\\/03\\\/14\\\/la-farmacia-mastrolonardo-turi-stecca-a-corato\\\/#breadcrumb\",\"itemListElement\":[{\"@type\":\"ListItem\",\"position\":1,\"name\":\"Home\",\"item\":\"https:\\\/\\\/lavocedelpaese.info\\\/\"},{\"@type\":\"ListItem\",\"position\":2,\"name\":\"La Farmacia Mastrolonardo Turi stecca a Corato\u00a0\u200b\"}]},{\"@type\":\"WebSite\",\"@id\":\"https:\\\/\\\/lavocedelpaese.info\\\/#website\",\"url\":\"https:\\\/\\\/lavocedelpaese.info\\\/\",\"name\":\"La Voce del Paese\",\"description\":\"Un network di idee\",\"publisher\":{\"@id\":\"https:\\\/\\\/lavocedelpaese.info\\\/#organization\"},\"potentialAction\":[{\"@type\":\"SearchAction\",\"target\":{\"@type\":\"EntryPoint\",\"urlTemplate\":\"https:\\\/\\\/lavocedelpaese.info\\\/?s={search_term_string}\"},\"query-input\":{\"@type\":\"PropertyValueSpecification\",\"valueRequired\":true,\"valueName\":\"search_term_string\"}}],\"inLanguage\":\"it-IT\"},{\"@type\":\"Organization\",\"@id\":\"https:\\\/\\\/lavocedelpaese.info\\\/#organization\",\"name\":\"La Voce del Paese\",\"url\":\"https:\\\/\\\/lavocedelpaese.info\\\/\",\"logo\":{\"@type\":\"ImageObject\",\"inLanguage\":\"it-IT\",\"@id\":\"https:\\\/\\\/lavocedelpaese.info\\\/#\\\/schema\\\/logo\\\/image\\\/\",\"url\":\"https:\\\/\\\/lavocedelpaese.info\\\/wp-content\\\/uploads\\\/2023\\\/01\\\/cropped-logo-150-127.png\",\"contentUrl\":\"https:\\\/\\\/lavocedelpaese.info\\\/wp-content\\\/uploads\\\/2023\\\/01\\\/cropped-logo-150-127.png\",\"width\":137,\"height\":119,\"caption\":\"La Voce del Paese\"},\"image\":{\"@id\":\"https:\\\/\\\/lavocedelpaese.info\\\/#\\\/schema\\\/logo\\\/image\\\/\"},\"sameAs\":[\"https:\\\/\\\/www.facebook.com\\\/lavocedelpaese.info\"]},{\"@type\":\"Person\",\"@id\":\"https:\\\/\\\/lavocedelpaese.info\\\/#\\\/schema\\\/person\\\/ec151d321306bd7591f7a061abf72d88\",\"name\":\"admin\",\"image\":{\"@type\":\"ImageObject\",\"inLanguage\":\"it-IT\",\"@id\":\"https:\\\/\\\/secure.gravatar.com\\\/avatar\\\/af8f2caf0663124588de48a9380e07cbc95a74ef15b8062d0d39106c32fe3023?s=96&d=mm&r=g\",\"url\":\"https:\\\/\\\/secure.gravatar.com\\\/avatar\\\/af8f2caf0663124588de48a9380e07cbc95a74ef15b8062d0d39106c32fe3023?s=96&d=mm&r=g\",\"contentUrl\":\"https:\\\/\\\/secure.gravatar.com\\\/avatar\\\/af8f2caf0663124588de48a9380e07cbc95a74ef15b8062d0d39106c32fe3023?s=96&d=mm&r=g\",\"caption\":\"admin\"},\"sameAs\":[\"https:\\\/\\\/lavocedelpaese.info\"],\"url\":\"https:\\\/\\\/lavocedelpaese.info\\\/index.php\\\/author\\\/admin\\\/\"}]}<\/script>\n<!-- \/ Yoast SEO plugin. -->","yoast_head_json":{"title":"La Farmacia Mastrolonardo Turi stecca a Corato\u00a0\u200b - La Voce del Paese","robots":{"index":"index","follow":"follow","max-snippet":"max-snippet:-1","max-image-preview":"max-image-preview:large","max-video-preview":"max-video-preview:-1"},"canonical":"https:\/\/lavocedelpaese.info\/index.php\/2025\/03\/14\/la-farmacia-mastrolonardo-turi-stecca-a-corato\/","og_locale":"it_IT","og_type":"article","og_title":"La Farmacia Mastrolonardo Turi stecca a Corato\u00a0\u200b - La Voce del Paese","og_description":"\u00a0 \u200b\u00a0 \u200b\u00a0 Una brutta Farmacia Mastrolonardo Turi non raccoglie alcun set dalla trasferta in quel di Corato e torna","og_url":"https:\/\/lavocedelpaese.info\/index.php\/2025\/03\/14\/la-farmacia-mastrolonardo-turi-stecca-a-corato\/","og_site_name":"La Voce del Paese","article_publisher":"https:\/\/www.facebook.com\/lavocedelpaese.info","article_published_time":"2025-03-14T06:13:41+00:00","author":"admin","twitter_card":"summary_large_image","twitter_misc":{"Scritto da":"admin","Tempo di lettura stimato":"2 minuti"},"schema":{"@context":"https:\/\/schema.org","@graph":[{"@type":"Article","@id":"https:\/\/lavocedelpaese.info\/index.php\/2025\/03\/14\/la-farmacia-mastrolonardo-turi-stecca-a-corato\/#article","isPartOf":{"@id":"https:\/\/lavocedelpaese.info\/index.php\/2025\/03\/14\/la-farmacia-mastrolonardo-turi-stecca-a-corato\/"},"author":{"name":"admin","@id":"https:\/\/lavocedelpaese.info\/#\/schema\/person\/ec151d321306bd7591f7a061abf72d88"},"headline":"La Farmacia Mastrolonardo Turi stecca a Corato\u00a0\u200b","datePublished":"2025-03-14T06:13:41+00:00","mainEntityOfPage":{"@id":"https:\/\/lavocedelpaese.info\/index.php\/2025\/03\/14\/la-farmacia-mastrolonardo-turi-stecca-a-corato\/"},"wordCount":400,"commentCount":0,"publisher":{"@id":"https:\/\/lavocedelpaese.info\/#organization"},"image":{"@id":"https:\/\/lavocedelpaese.info\/index.php\/2025\/03\/14\/la-farmacia-mastrolonardo-turi-stecca-a-corato\/#primaryimage"},"thumbnailUrl":"https:\/\/lavocedelpaese.info\/wp-content\/uploads\/2025\/03\/Maria-Giulia-Lippolis-1365x2048-UbJPsO.jpeg","articleSection":["network"],"inLanguage":"it-IT","potentialAction":[{"@type":"CommentAction","name":"Comment","target":["https:\/\/lavocedelpaese.info\/index.php\/2025\/03\/14\/la-farmacia-mastrolonardo-turi-stecca-a-corato\/#respond"]}]},{"@type":"WebPage","@id":"https:\/\/lavocedelpaese.info\/index.php\/2025\/03\/14\/la-farmacia-mastrolonardo-turi-stecca-a-corato\/","url":"https:\/\/lavocedelpaese.info\/index.php\/2025\/03\/14\/la-farmacia-mastrolonardo-turi-stecca-a-corato\/","name":"La Farmacia Mastrolonardo Turi stecca a Corato\u00a0\u200b - La Voce del Paese","isPartOf":{"@id":"https:\/\/lavocedelpaese.info\/#website"},"primaryImageOfPage":{"@id":"https:\/\/lavocedelpaese.info\/index.php\/2025\/03\/14\/la-farmacia-mastrolonardo-turi-stecca-a-corato\/#primaryimage"},"image":{"@id":"https:\/\/lavocedelpaese.info\/index.php\/2025\/03\/14\/la-farmacia-mastrolonardo-turi-stecca-a-corato\/#primaryimage"},"thumbnailUrl":"https:\/\/lavocedelpaese.info\/wp-content\/uploads\/2025\/03\/Maria-Giulia-Lippolis-1365x2048-UbJPsO.jpeg","datePublished":"2025-03-14T06:13:41+00:00","breadcrumb":{"@id":"https:\/\/lavocedelpaese.info\/index.php\/2025\/03\/14\/la-farmacia-mastrolonardo-turi-stecca-a-corato\/#breadcrumb"},"inLanguage":"it-IT","potentialAction":[{"@type":"ReadAction","target":["https:\/\/lavocedelpaese.info\/index.php\/2025\/03\/14\/la-farmacia-mastrolonardo-turi-stecca-a-corato\/"]}]},{"@type":"ImageObject","inLanguage":"it-IT","@id":"https:\/\/lavocedelpaese.info\/index.php\/2025\/03\/14\/la-farmacia-mastrolonardo-turi-stecca-a-corato\/#primaryimage","url":"https:\/\/lavocedelpaese.info\/wp-content\/uploads\/2025\/03\/Maria-Giulia-Lippolis-1365x2048-UbJPsO.jpeg","contentUrl":"https:\/\/lavocedelpaese.info\/wp-content\/uploads\/2025\/03\/Maria-Giulia-Lippolis-1365x2048-UbJPsO.jpeg","width":533,"height":800},{"@type":"BreadcrumbList","@id":"https:\/\/lavocedelpaese.info\/index.php\/2025\/03\/14\/la-farmacia-mastrolonardo-turi-stecca-a-corato\/#breadcrumb","itemListElement":[{"@type":"ListItem","position":1,"name":"Home","item":"https:\/\/lavocedelpaese.info\/"},{"@type":"ListItem","position":2,"name":"La Farmacia Mastrolonardo Turi stecca a Corato\u00a0\u200b"}]},{"@type":"WebSite","@id":"https:\/\/lavocedelpaese.info\/#website","url":"https:\/\/lavocedelpaese.info\/","name":"La Voce del Paese","description":"Un network di idee","publisher":{"@id":"https:\/\/lavocedelpaese.info\/#organization"},"potentialAction":[{"@type":"SearchAction","target":{"@type":"EntryPoint","urlTemplate":"https:\/\/lavocedelpaese.info\/?s={search_term_string}"},"query-input":{"@type":"PropertyValueSpecification","valueRequired":true,"valueName":"search_term_string"}}],"inLanguage":"it-IT"},{"@type":"Organization","@id":"https:\/\/lavocedelpaese.info\/#organization","name":"La Voce del Paese","url":"https:\/\/lavocedelpaese.info\/","logo":{"@type":"ImageObject","inLanguage":"it-IT","@id":"https:\/\/lavocedelpaese.info\/#\/schema\/logo\/image\/","url":"https:\/\/lavocedelpaese.info\/wp-content\/uploads\/2023\/01\/cropped-logo-150-127.png","contentUrl":"https:\/\/lavocedelpaese.info\/wp-content\/uploads\/2023\/01\/cropped-logo-150-127.png","width":137,"height":119,"caption":"La Voce del Paese"},"image":{"@id":"https:\/\/lavocedelpaese.info\/#\/schema\/logo\/image\/"},"sameAs":["https:\/\/www.facebook.com\/lavocedelpaese.info"]},{"@type":"Person","@id":"https:\/\/lavocedelpaese.info\/#\/schema\/person\/ec151d321306bd7591f7a061abf72d88","name":"admin","image":{"@type":"ImageObject","inLanguage":"it-IT","@id":"https:\/\/secure.gravatar.com\/avatar\/af8f2caf0663124588de48a9380e07cbc95a74ef15b8062d0d39106c32fe3023?s=96&d=mm&r=g","url":"https:\/\/secure.gravatar.com\/avatar\/af8f2caf0663124588de48a9380e07cbc95a74ef15b8062d0d39106c32fe3023?s=96&d=mm&r=g","contentUrl":"https:\/\/secure.gravatar.com\/avatar\/af8f2caf0663124588de48a9380e07cbc95a74ef15b8062d0d39106c32fe3023?s=96&d=mm&r=g","caption":"admin"},"sameAs":["https:\/\/lavocedelpaese.info"],"url":"https:\/\/lavocedelpaese.info\/index.php\/author\/admin\/"}]}},"_links":{"self":[{"href":"https:\/\/lavocedelpaese.info\/index.php\/wp-json\/wp\/v2\/posts\/8989","targetHints":{"allow":["GET"]}}],"collection":[{"href":"https:\/\/lavocedelpaese.info\/index.php\/wp-json\/wp\/v2\/posts"}],"about":[{"href":"https:\/\/lavocedelpaese.info\/index.php\/wp-json\/wp\/v2\/types\/post"}],"author":[{"embeddable":true,"href":"https:\/\/lavocedelpaese.info\/index.php\/wp-json\/wp\/v2\/users\/6"}],"replies":[{"embeddable":true,"href":"https:\/\/lavocedelpaese.info\/index.php\/wp-json\/wp\/v2\/comments?post=8989"}],"version-history":[{"count":0,"href":"https:\/\/lavocedelpaese.info\/index.php\/wp-json\/wp\/v2\/posts\/8989\/revisions"}],"wp:featuredmedia":[{"embeddable":true,"href":"https:\/\/lavocedelpaese.info\/index.php\/wp-json\/wp\/v2\/media\/8990"}],"wp:attachment":[{"href":"https:\/\/lavocedelpaese.info\/index.php\/wp-json\/wp\/v2\/media?parent=8989"}],"wp:term":[{"taxonomy":"category","embeddable":true,"href":"https:\/\/lavocedelpaese.info\/index.php\/wp-json\/wp\/v2\/categories?post=8989"},{"taxonomy":"post_tag","embeddable":true,"href":"https:\/\/lavocedelpaese.info\/index.php\/wp-json\/wp\/v2\/tags?post=8989"}],"curies":[{"name":"wp","href":"https:\/\/api.w.org\/{rel}","templated":true}]}}