{"id":8986,"date":"2025-03-14T06:13:38","date_gmt":"2025-03-14T06:13:38","guid":{"rendered":"https:\/\/lavocedelpaese.info\/index.php\/2025\/03\/14\/integrazione-scuola-territorio-una-necessita-improcrastinabile\/"},"modified":"2025-03-14T06:13:38","modified_gmt":"2025-03-14T06:13:38","slug":"integrazione-scuola-territorio-una-necessita-improcrastinabile","status":"publish","type":"post","link":"https:\/\/lavocedelpaese.info\/index.php\/2025\/03\/14\/integrazione-scuola-territorio-una-necessita-improcrastinabile\/","title":{"rendered":"Integrazione scuola territorio, una necessit\u00e0 improcrastinabile\u00a0\u200b"},"content":{"rendered":"<p>\u00a0<\/p>\n<p>\u200b\u00a0<\/p>\n<p>\u200b\u00a0<\/p>\n<div><\/div>\n<p>Il cittadino in grado di operare fattivamente all\u2019interno del contesto sociale e lavorativo nel quale \u00e8 inserito \u00e8 la sintesi del connubio tra scuola e territorio. La prima, in quanto agenzia formativa, concorre a sviluppare tutte le abilit\u00e0 e le competenze che saranno utili nella vita quotidiana dell\u2019uomo adulto e, per completare opportunamente la propria azione formativa, collabora con una serie di associazioni e figure professionali che, attraverso dei momenti dedicati, trasmettono conoscenze e competenze.<\/p>\n<p>Nell\u2019ultimo mese, presso le sedi di Castellana e Turi dell\u2019IISS \u201cPertini Anelli Pinto\u201d, si sono svolti una serie di incontri che hanno abbracciato sia la sfera prettamente sociale ed educativa sia quella professionale.<\/p>\n<p>L\u2019associazione \u201cVivi la Strada\u201d da anni incontra gli studenti delle scuole per promuovere la cultura stradale e favorire quei comportamenti virtuosi che rendono sicure le strade e proteggono i ragazzi. Durante l\u2019incontro di quest\u2019anno si sono alternati vari relatori tra cui Tonio Coladonato, presidente dell\u2019associazione, \u00a0l\u2019Ispettore di Polizia Agostino Pozzolungo, il Vice Sovrintendente Luca Matteo Pisano, il personale dell\u2019ambulanza Lorenzo Palmisano con Stefania Manunza e il sig. Piero Console che, vittima di un grave incidente quando aveva solo 18 anni, ha spiegato agli studenti come l\u2019imprudenza di una sera abbia determinato un cambiamento irreversibile nella sua vita e in quella della sua famiglia privandolo di moltissime esperienze e di quel percorso che solitamente attende un ragazzo che si affaccia all\u2019et\u00e0 adulta.<\/p>\n<p>Un altro momento estremante interessante che ha coinvolto gli studenti dell\u2019Istituto \u201cPertini Anelli Pinto\u201d \u00e8 stato l\u2019incontro con Vitantonio Degrisantis, Direttore del Museo della Traduzione di Lussemburgo che, in quanto funzionario delle Istituzioni Europee \u00e8 tornato per un giorno tra i banchi di scuola per raccontare la mission e la vision dell\u2019Unione Europea; per spiegare loro in cosa consiste, come opera e quali opportunit\u00e0 offre. Il relatore, infatti, ha subito mostrato come poter viaggiare sfruttando i canali dell\u2019Unione e le opportunit\u00e0 di tirocinio, volontariato e lavoro. Ha spiegato come funzionano i concorsi e come muoversi per svolgere un\u2019esperienza lavorativa negli stati europei.<\/p>\n<p>Di grande valore formativo \u00e8 stato l\u2019incontro dialogico con il manager aziendale dott. Franco Mercieri che, attraverso l\u2019interazione continua con gli studenti, ha spiegato loro come funziona il mondo dell\u2019imprenditoria e delle aziende, offrendo uno spaccato reale di quello che quotidianamente gli alunni apprendono a livello teorico durante le lezioni. Spesso il gap tra scuola e territorio sta proprio nella distanza tra quello che si studia e quello che le realt\u00e0 economiche richiedono ai propri dipendenti. Le attivit\u00e0 di PCTO e le conferenze periodiche organizzate servono proprio a colmare questo divario e far s\u00ec che alla fine del percorso di studi i ragazzi siano pronti per le sfide lavorative che li attendono.<\/p>\n<p>L\u2019IISS \u201cPertini Anelli Pinto\u201d \u00e8 da sempre attento a formare in maniera completa i propri alunni offrendo loro tantissime opportunit\u00e0 e spunti.<\/p>\n<p><a class=\"a2a_button_facebook\" href=\"https:\/\/www.addtoany.com\/add_to\/facebook?linkurl=https%3A%2F%2Fturi.lavocedelpaese.info%2Fintegrazione-scuola-territorio-una-necessita-improcrastinabile%2F&amp;linkname=Integrazione%20scuola%20territorio%2C%20una%20necessit%C3%A0%20improcrastinabile\" title=\"Facebook\" rel=\"nofollow noopener\" target=\"_blank\"><\/a><a class=\"a2a_button_twitter\" href=\"https:\/\/www.addtoany.com\/add_to\/twitter?linkurl=https%3A%2F%2Fturi.lavocedelpaese.info%2Fintegrazione-scuola-territorio-una-necessita-improcrastinabile%2F&amp;linkname=Integrazione%20scuola%20territorio%2C%20una%20necessit%C3%A0%20improcrastinabile\" title=\"Twitter\" rel=\"nofollow noopener\" target=\"_blank\"><\/a><a class=\"a2a_button_whatsapp\" href=\"https:\/\/www.addtoany.com\/add_to\/whatsapp?linkurl=https%3A%2F%2Fturi.lavocedelpaese.info%2Fintegrazione-scuola-territorio-una-necessita-improcrastinabile%2F&amp;linkname=Integrazione%20scuola%20territorio%2C%20una%20necessit%C3%A0%20improcrastinabile\" title=\"WhatsApp\" rel=\"nofollow noopener\" target=\"_blank\"><\/a><a class=\"a2a_button_telegram\" href=\"https:\/\/www.addtoany.com\/add_to\/telegram?linkurl=https%3A%2F%2Fturi.lavocedelpaese.info%2Fintegrazione-scuola-territorio-una-necessita-improcrastinabile%2F&amp;linkname=Integrazione%20scuola%20territorio%2C%20una%20necessit%C3%A0%20improcrastinabile\" title=\"Telegram\" rel=\"nofollow noopener\" target=\"_blank\"><\/a><a class=\"a2a_button_email\" href=\"https:\/\/www.addtoany.com\/add_to\/email?linkurl=https%3A%2F%2Fturi.lavocedelpaese.info%2Fintegrazione-scuola-territorio-una-necessita-improcrastinabile%2F&amp;linkname=Integrazione%20scuola%20territorio%2C%20una%20necessit%C3%A0%20improcrastinabile\" title=\"Email\" rel=\"nofollow noopener\" target=\"_blank\"><\/a><\/p>\n<p>L&#8217;articolo <a href=\"https:\/\/turi.lavocedelpaese.info\/integrazione-scuola-territorio-una-necessita-improcrastinabile\/\">Integrazione scuola territorio, una necessit\u00e0 improcrastinabile<\/a> proviene da <a href=\"https:\/\/turi.lavocedelpaese.info\/\">Turi &#8211; La Voce del Paese<\/a>.<\/p>\n<p>\u00a0<\/p>\n<p>\u00a0<\/p>\n<p>\u200b\u00a0\u00a0\u00a0<\/p>","protected":false},"excerpt":{"rendered":"<p>\u00a0 \u200b\u00a0 \u200b\u00a0 Il cittadino in grado di operare fattivamente all\u2019interno del contesto sociale e lavorativo nel quale \u00e8 inserito<\/p>\n","protected":false},"author":6,"featured_media":730,"comment_status":"open","ping_status":"closed","sticky":false,"template":"","format":"standard","meta":{"colormag_page_container_layout":"default_layout","colormag_page_sidebar_layout":"default_layout","footnotes":""},"categories":[33],"tags":[],"class_list":["post-8986","post","type-post","status-publish","format-standard","has-post-thumbnail","hentry","category-network"],"yoast_head":"<!-- This site is optimized with the Yoast SEO plugin v27.5 - https:\/\/yoast.com\/product\/yoast-seo-wordpress\/ -->\n<title>Integrazione scuola territorio, una necessit\u00e0 improcrastinabile\u00a0\u200b - La Voce del Paese<\/title>\n<meta name=\"robots\" content=\"index, follow, max-snippet:-1, max-image-preview:large, max-video-preview:-1\" \/>\n<link rel=\"canonical\" href=\"https:\/\/lavocedelpaese.info\/index.php\/2025\/03\/14\/integrazione-scuola-territorio-una-necessita-improcrastinabile\/\" \/>\n<meta property=\"og:locale\" content=\"it_IT\" \/>\n<meta property=\"og:type\" content=\"article\" \/>\n<meta property=\"og:title\" content=\"Integrazione scuola territorio, una necessit\u00e0 improcrastinabile\u00a0\u200b - La Voce del Paese\" \/>\n<meta property=\"og:description\" content=\"\u00a0 \u200b\u00a0 \u200b\u00a0 Il cittadino in grado di operare fattivamente all\u2019interno del contesto sociale e lavorativo nel quale \u00e8 inserito\" \/>\n<meta property=\"og:url\" content=\"https:\/\/lavocedelpaese.info\/index.php\/2025\/03\/14\/integrazione-scuola-territorio-una-necessita-improcrastinabile\/\" \/>\n<meta property=\"og:site_name\" content=\"La Voce del Paese\" \/>\n<meta property=\"article:publisher\" content=\"https:\/\/www.facebook.com\/lavocedelpaese.info\" \/>\n<meta property=\"article:published_time\" content=\"2025-03-14T06:13:38+00:00\" \/>\n<meta name=\"author\" content=\"admin\" \/>\n<meta name=\"twitter:card\" content=\"summary_large_image\" \/>\n<meta name=\"twitter:label1\" content=\"Scritto da\" \/>\n\t<meta name=\"twitter:data1\" content=\"admin\" \/>\n\t<meta name=\"twitter:label2\" content=\"Tempo di lettura stimato\" \/>\n\t<meta name=\"twitter:data2\" content=\"2 minuti\" \/>\n<script type=\"application\/ld+json\" class=\"yoast-schema-graph\">{\"@context\":\"https:\\\/\\\/schema.org\",\"@graph\":[{\"@type\":\"Article\",\"@id\":\"https:\\\/\\\/lavocedelpaese.info\\\/index.php\\\/2025\\\/03\\\/14\\\/integrazione-scuola-territorio-una-necessita-improcrastinabile\\\/#article\",\"isPartOf\":{\"@id\":\"https:\\\/\\\/lavocedelpaese.info\\\/index.php\\\/2025\\\/03\\\/14\\\/integrazione-scuola-territorio-una-necessita-improcrastinabile\\\/\"},\"author\":{\"name\":\"admin\",\"@id\":\"https:\\\/\\\/lavocedelpaese.info\\\/#\\\/schema\\\/person\\\/ec151d321306bd7591f7a061abf72d88\"},\"headline\":\"Integrazione scuola territorio, una necessit\u00e0 improcrastinabile\u00a0\u200b\",\"datePublished\":\"2025-03-14T06:13:38+00:00\",\"mainEntityOfPage\":{\"@id\":\"https:\\\/\\\/lavocedelpaese.info\\\/index.php\\\/2025\\\/03\\\/14\\\/integrazione-scuola-territorio-una-necessita-improcrastinabile\\\/\"},\"wordCount\":501,\"commentCount\":0,\"publisher\":{\"@id\":\"https:\\\/\\\/lavocedelpaese.info\\\/#organization\"},\"image\":{\"@id\":\"https:\\\/\\\/lavocedelpaese.info\\\/index.php\\\/2025\\\/03\\\/14\\\/integrazione-scuola-territorio-una-necessita-improcrastinabile\\\/#primaryimage\"},\"thumbnailUrl\":\"https:\\\/\\\/lavocedelpaese.info\\\/wp-content\\\/uploads\\\/2023\\\/01\\\/logo-150-127.png\",\"articleSection\":[\"network\"],\"inLanguage\":\"it-IT\",\"potentialAction\":[{\"@type\":\"CommentAction\",\"name\":\"Comment\",\"target\":[\"https:\\\/\\\/lavocedelpaese.info\\\/index.php\\\/2025\\\/03\\\/14\\\/integrazione-scuola-territorio-una-necessita-improcrastinabile\\\/#respond\"]}]},{\"@type\":\"WebPage\",\"@id\":\"https:\\\/\\\/lavocedelpaese.info\\\/index.php\\\/2025\\\/03\\\/14\\\/integrazione-scuola-territorio-una-necessita-improcrastinabile\\\/\",\"url\":\"https:\\\/\\\/lavocedelpaese.info\\\/index.php\\\/2025\\\/03\\\/14\\\/integrazione-scuola-territorio-una-necessita-improcrastinabile\\\/\",\"name\":\"Integrazione scuola territorio, una necessit\u00e0 improcrastinabile\u00a0\u200b - La Voce del Paese\",\"isPartOf\":{\"@id\":\"https:\\\/\\\/lavocedelpaese.info\\\/#website\"},\"primaryImageOfPage\":{\"@id\":\"https:\\\/\\\/lavocedelpaese.info\\\/index.php\\\/2025\\\/03\\\/14\\\/integrazione-scuola-territorio-una-necessita-improcrastinabile\\\/#primaryimage\"},\"image\":{\"@id\":\"https:\\\/\\\/lavocedelpaese.info\\\/index.php\\\/2025\\\/03\\\/14\\\/integrazione-scuola-territorio-una-necessita-improcrastinabile\\\/#primaryimage\"},\"thumbnailUrl\":\"https:\\\/\\\/lavocedelpaese.info\\\/wp-content\\\/uploads\\\/2023\\\/01\\\/logo-150-127.png\",\"datePublished\":\"2025-03-14T06:13:38+00:00\",\"breadcrumb\":{\"@id\":\"https:\\\/\\\/lavocedelpaese.info\\\/index.php\\\/2025\\\/03\\\/14\\\/integrazione-scuola-territorio-una-necessita-improcrastinabile\\\/#breadcrumb\"},\"inLanguage\":\"it-IT\",\"potentialAction\":[{\"@type\":\"ReadAction\",\"target\":[\"https:\\\/\\\/lavocedelpaese.info\\\/index.php\\\/2025\\\/03\\\/14\\\/integrazione-scuola-territorio-una-necessita-improcrastinabile\\\/\"]}]},{\"@type\":\"ImageObject\",\"inLanguage\":\"it-IT\",\"@id\":\"https:\\\/\\\/lavocedelpaese.info\\\/index.php\\\/2025\\\/03\\\/14\\\/integrazione-scuola-territorio-una-necessita-improcrastinabile\\\/#primaryimage\",\"url\":\"https:\\\/\\\/lavocedelpaese.info\\\/wp-content\\\/uploads\\\/2023\\\/01\\\/logo-150-127.png\",\"contentUrl\":\"https:\\\/\\\/lavocedelpaese.info\\\/wp-content\\\/uploads\\\/2023\\\/01\\\/logo-150-127.png\",\"width\":150,\"height\":127},{\"@type\":\"BreadcrumbList\",\"@id\":\"https:\\\/\\\/lavocedelpaese.info\\\/index.php\\\/2025\\\/03\\\/14\\\/integrazione-scuola-territorio-una-necessita-improcrastinabile\\\/#breadcrumb\",\"itemListElement\":[{\"@type\":\"ListItem\",\"position\":1,\"name\":\"Home\",\"item\":\"https:\\\/\\\/lavocedelpaese.info\\\/\"},{\"@type\":\"ListItem\",\"position\":2,\"name\":\"Integrazione scuola territorio, una necessit\u00e0 improcrastinabile\u00a0\u200b\"}]},{\"@type\":\"WebSite\",\"@id\":\"https:\\\/\\\/lavocedelpaese.info\\\/#website\",\"url\":\"https:\\\/\\\/lavocedelpaese.info\\\/\",\"name\":\"La Voce del Paese\",\"description\":\"Un network di idee\",\"publisher\":{\"@id\":\"https:\\\/\\\/lavocedelpaese.info\\\/#organization\"},\"potentialAction\":[{\"@type\":\"SearchAction\",\"target\":{\"@type\":\"EntryPoint\",\"urlTemplate\":\"https:\\\/\\\/lavocedelpaese.info\\\/?s={search_term_string}\"},\"query-input\":{\"@type\":\"PropertyValueSpecification\",\"valueRequired\":true,\"valueName\":\"search_term_string\"}}],\"inLanguage\":\"it-IT\"},{\"@type\":\"Organization\",\"@id\":\"https:\\\/\\\/lavocedelpaese.info\\\/#organization\",\"name\":\"La Voce del Paese\",\"url\":\"https:\\\/\\\/lavocedelpaese.info\\\/\",\"logo\":{\"@type\":\"ImageObject\",\"inLanguage\":\"it-IT\",\"@id\":\"https:\\\/\\\/lavocedelpaese.info\\\/#\\\/schema\\\/logo\\\/image\\\/\",\"url\":\"https:\\\/\\\/lavocedelpaese.info\\\/wp-content\\\/uploads\\\/2023\\\/01\\\/cropped-logo-150-127.png\",\"contentUrl\":\"https:\\\/\\\/lavocedelpaese.info\\\/wp-content\\\/uploads\\\/2023\\\/01\\\/cropped-logo-150-127.png\",\"width\":137,\"height\":119,\"caption\":\"La Voce del Paese\"},\"image\":{\"@id\":\"https:\\\/\\\/lavocedelpaese.info\\\/#\\\/schema\\\/logo\\\/image\\\/\"},\"sameAs\":[\"https:\\\/\\\/www.facebook.com\\\/lavocedelpaese.info\"]},{\"@type\":\"Person\",\"@id\":\"https:\\\/\\\/lavocedelpaese.info\\\/#\\\/schema\\\/person\\\/ec151d321306bd7591f7a061abf72d88\",\"name\":\"admin\",\"image\":{\"@type\":\"ImageObject\",\"inLanguage\":\"it-IT\",\"@id\":\"https:\\\/\\\/secure.gravatar.com\\\/avatar\\\/af8f2caf0663124588de48a9380e07cbc95a74ef15b8062d0d39106c32fe3023?s=96&d=mm&r=g\",\"url\":\"https:\\\/\\\/secure.gravatar.com\\\/avatar\\\/af8f2caf0663124588de48a9380e07cbc95a74ef15b8062d0d39106c32fe3023?s=96&d=mm&r=g\",\"contentUrl\":\"https:\\\/\\\/secure.gravatar.com\\\/avatar\\\/af8f2caf0663124588de48a9380e07cbc95a74ef15b8062d0d39106c32fe3023?s=96&d=mm&r=g\",\"caption\":\"admin\"},\"sameAs\":[\"https:\\\/\\\/lavocedelpaese.info\"],\"url\":\"https:\\\/\\\/lavocedelpaese.info\\\/index.php\\\/author\\\/admin\\\/\"}]}<\/script>\n<!-- \/ Yoast SEO plugin. -->","yoast_head_json":{"title":"Integrazione scuola territorio, una necessit\u00e0 improcrastinabile\u00a0\u200b - La Voce del Paese","robots":{"index":"index","follow":"follow","max-snippet":"max-snippet:-1","max-image-preview":"max-image-preview:large","max-video-preview":"max-video-preview:-1"},"canonical":"https:\/\/lavocedelpaese.info\/index.php\/2025\/03\/14\/integrazione-scuola-territorio-una-necessita-improcrastinabile\/","og_locale":"it_IT","og_type":"article","og_title":"Integrazione scuola territorio, una necessit\u00e0 improcrastinabile\u00a0\u200b - La Voce del Paese","og_description":"\u00a0 \u200b\u00a0 \u200b\u00a0 Il cittadino in grado di operare fattivamente all\u2019interno del contesto sociale e lavorativo nel quale \u00e8 inserito","og_url":"https:\/\/lavocedelpaese.info\/index.php\/2025\/03\/14\/integrazione-scuola-territorio-una-necessita-improcrastinabile\/","og_site_name":"La Voce del Paese","article_publisher":"https:\/\/www.facebook.com\/lavocedelpaese.info","article_published_time":"2025-03-14T06:13:38+00:00","author":"admin","twitter_card":"summary_large_image","twitter_misc":{"Scritto da":"admin","Tempo di lettura stimato":"2 minuti"},"schema":{"@context":"https:\/\/schema.org","@graph":[{"@type":"Article","@id":"https:\/\/lavocedelpaese.info\/index.php\/2025\/03\/14\/integrazione-scuola-territorio-una-necessita-improcrastinabile\/#article","isPartOf":{"@id":"https:\/\/lavocedelpaese.info\/index.php\/2025\/03\/14\/integrazione-scuola-territorio-una-necessita-improcrastinabile\/"},"author":{"name":"admin","@id":"https:\/\/lavocedelpaese.info\/#\/schema\/person\/ec151d321306bd7591f7a061abf72d88"},"headline":"Integrazione scuola territorio, una necessit\u00e0 improcrastinabile\u00a0\u200b","datePublished":"2025-03-14T06:13:38+00:00","mainEntityOfPage":{"@id":"https:\/\/lavocedelpaese.info\/index.php\/2025\/03\/14\/integrazione-scuola-territorio-una-necessita-improcrastinabile\/"},"wordCount":501,"commentCount":0,"publisher":{"@id":"https:\/\/lavocedelpaese.info\/#organization"},"image":{"@id":"https:\/\/lavocedelpaese.info\/index.php\/2025\/03\/14\/integrazione-scuola-territorio-una-necessita-improcrastinabile\/#primaryimage"},"thumbnailUrl":"https:\/\/lavocedelpaese.info\/wp-content\/uploads\/2023\/01\/logo-150-127.png","articleSection":["network"],"inLanguage":"it-IT","potentialAction":[{"@type":"CommentAction","name":"Comment","target":["https:\/\/lavocedelpaese.info\/index.php\/2025\/03\/14\/integrazione-scuola-territorio-una-necessita-improcrastinabile\/#respond"]}]},{"@type":"WebPage","@id":"https:\/\/lavocedelpaese.info\/index.php\/2025\/03\/14\/integrazione-scuola-territorio-una-necessita-improcrastinabile\/","url":"https:\/\/lavocedelpaese.info\/index.php\/2025\/03\/14\/integrazione-scuola-territorio-una-necessita-improcrastinabile\/","name":"Integrazione scuola territorio, una necessit\u00e0 improcrastinabile\u00a0\u200b - La Voce del Paese","isPartOf":{"@id":"https:\/\/lavocedelpaese.info\/#website"},"primaryImageOfPage":{"@id":"https:\/\/lavocedelpaese.info\/index.php\/2025\/03\/14\/integrazione-scuola-territorio-una-necessita-improcrastinabile\/#primaryimage"},"image":{"@id":"https:\/\/lavocedelpaese.info\/index.php\/2025\/03\/14\/integrazione-scuola-territorio-una-necessita-improcrastinabile\/#primaryimage"},"thumbnailUrl":"https:\/\/lavocedelpaese.info\/wp-content\/uploads\/2023\/01\/logo-150-127.png","datePublished":"2025-03-14T06:13:38+00:00","breadcrumb":{"@id":"https:\/\/lavocedelpaese.info\/index.php\/2025\/03\/14\/integrazione-scuola-territorio-una-necessita-improcrastinabile\/#breadcrumb"},"inLanguage":"it-IT","potentialAction":[{"@type":"ReadAction","target":["https:\/\/lavocedelpaese.info\/index.php\/2025\/03\/14\/integrazione-scuola-territorio-una-necessita-improcrastinabile\/"]}]},{"@type":"ImageObject","inLanguage":"it-IT","@id":"https:\/\/lavocedelpaese.info\/index.php\/2025\/03\/14\/integrazione-scuola-territorio-una-necessita-improcrastinabile\/#primaryimage","url":"https:\/\/lavocedelpaese.info\/wp-content\/uploads\/2023\/01\/logo-150-127.png","contentUrl":"https:\/\/lavocedelpaese.info\/wp-content\/uploads\/2023\/01\/logo-150-127.png","width":150,"height":127},{"@type":"BreadcrumbList","@id":"https:\/\/lavocedelpaese.info\/index.php\/2025\/03\/14\/integrazione-scuola-territorio-una-necessita-improcrastinabile\/#breadcrumb","itemListElement":[{"@type":"ListItem","position":1,"name":"Home","item":"https:\/\/lavocedelpaese.info\/"},{"@type":"ListItem","position":2,"name":"Integrazione scuola territorio, una necessit\u00e0 improcrastinabile\u00a0\u200b"}]},{"@type":"WebSite","@id":"https:\/\/lavocedelpaese.info\/#website","url":"https:\/\/lavocedelpaese.info\/","name":"La Voce del Paese","description":"Un network di idee","publisher":{"@id":"https:\/\/lavocedelpaese.info\/#organization"},"potentialAction":[{"@type":"SearchAction","target":{"@type":"EntryPoint","urlTemplate":"https:\/\/lavocedelpaese.info\/?s={search_term_string}"},"query-input":{"@type":"PropertyValueSpecification","valueRequired":true,"valueName":"search_term_string"}}],"inLanguage":"it-IT"},{"@type":"Organization","@id":"https:\/\/lavocedelpaese.info\/#organization","name":"La Voce del Paese","url":"https:\/\/lavocedelpaese.info\/","logo":{"@type":"ImageObject","inLanguage":"it-IT","@id":"https:\/\/lavocedelpaese.info\/#\/schema\/logo\/image\/","url":"https:\/\/lavocedelpaese.info\/wp-content\/uploads\/2023\/01\/cropped-logo-150-127.png","contentUrl":"https:\/\/lavocedelpaese.info\/wp-content\/uploads\/2023\/01\/cropped-logo-150-127.png","width":137,"height":119,"caption":"La Voce del Paese"},"image":{"@id":"https:\/\/lavocedelpaese.info\/#\/schema\/logo\/image\/"},"sameAs":["https:\/\/www.facebook.com\/lavocedelpaese.info"]},{"@type":"Person","@id":"https:\/\/lavocedelpaese.info\/#\/schema\/person\/ec151d321306bd7591f7a061abf72d88","name":"admin","image":{"@type":"ImageObject","inLanguage":"it-IT","@id":"https:\/\/secure.gravatar.com\/avatar\/af8f2caf0663124588de48a9380e07cbc95a74ef15b8062d0d39106c32fe3023?s=96&d=mm&r=g","url":"https:\/\/secure.gravatar.com\/avatar\/af8f2caf0663124588de48a9380e07cbc95a74ef15b8062d0d39106c32fe3023?s=96&d=mm&r=g","contentUrl":"https:\/\/secure.gravatar.com\/avatar\/af8f2caf0663124588de48a9380e07cbc95a74ef15b8062d0d39106c32fe3023?s=96&d=mm&r=g","caption":"admin"},"sameAs":["https:\/\/lavocedelpaese.info"],"url":"https:\/\/lavocedelpaese.info\/index.php\/author\/admin\/"}]}},"_links":{"self":[{"href":"https:\/\/lavocedelpaese.info\/index.php\/wp-json\/wp\/v2\/posts\/8986","targetHints":{"allow":["GET"]}}],"collection":[{"href":"https:\/\/lavocedelpaese.info\/index.php\/wp-json\/wp\/v2\/posts"}],"about":[{"href":"https:\/\/lavocedelpaese.info\/index.php\/wp-json\/wp\/v2\/types\/post"}],"author":[{"embeddable":true,"href":"https:\/\/lavocedelpaese.info\/index.php\/wp-json\/wp\/v2\/users\/6"}],"replies":[{"embeddable":true,"href":"https:\/\/lavocedelpaese.info\/index.php\/wp-json\/wp\/v2\/comments?post=8986"}],"version-history":[{"count":0,"href":"https:\/\/lavocedelpaese.info\/index.php\/wp-json\/wp\/v2\/posts\/8986\/revisions"}],"wp:featuredmedia":[{"embeddable":true,"href":"https:\/\/lavocedelpaese.info\/index.php\/wp-json\/wp\/v2\/media\/730"}],"wp:attachment":[{"href":"https:\/\/lavocedelpaese.info\/index.php\/wp-json\/wp\/v2\/media?parent=8986"}],"wp:term":[{"taxonomy":"category","embeddable":true,"href":"https:\/\/lavocedelpaese.info\/index.php\/wp-json\/wp\/v2\/categories?post=8986"},{"taxonomy":"post_tag","embeddable":true,"href":"https:\/\/lavocedelpaese.info\/index.php\/wp-json\/wp\/v2\/tags?post=8986"}],"curies":[{"name":"wp","href":"https:\/\/api.w.org\/{rel}","templated":true}]}}