{"id":8975,"date":"2025-03-11T02:07:06","date_gmt":"2025-03-11T02:07:06","guid":{"rendered":"https:\/\/lavocedelpaese.info\/?p=8975"},"modified":"2025-03-11T02:09:46","modified_gmt":"2025-03-11T02:09:46","slug":"hiking-cassano-prima-uscita-il-23-marzo-3","status":"publish","type":"post","link":"https:\/\/lavocedelpaese.info\/index.php\/2025\/03\/11\/hiking-cassano-prima-uscita-il-23-marzo-3\/","title":{"rendered":"&#8220;Hiking Cassano&#8221;: prima uscita il 23 marzo"},"content":{"rendered":"\n<p>Una proposta di CASSIANUM, Associazione di Promozione Sociale in collaborazione con HIKING CASSANO.<\/p>\n\n\n\n<p>Dalla promozione territoriale al turismo esperienziale: il nuovo biglietto da visita di Cassano delle Murge ai suoi visitatori.<\/p>\n\n\n\n<p>Dalla profonda conoscenza del territorio murgiano nasce il Progetto Hiking Cassano: esperienza di ecoturismo sostenibile ed educazione ambientale attiva finalizzata alla conoscenza del territorio e della sua storia.<br>Una forma di \u201cnon-turismo\u201d destinata a chi voglia davvero conoscere.<\/p>\n\n\n\n<p>Vito Campanale, Progettista di Eventi di Turismo Esperienziale propone<br>a camminatori ed appassionati di storia locale una innovativa esperienza: un anello di circa 20Km. da compiersi lentamente, nel quale le bellezze del territorio faranno da cornice alla narrazione di come esse abbiano accompagnato le nostre vicende storiche e umane nel corso dei secoli.<\/p>\n\n\n\n<p>La Murgia e le sue antiche vie di comunicazione<br>la Foresta Mercadante<br>il Convento di Santa Maria degli Angeli<br>il centro storico di Cassano delle Murge<\/p>\n\n\n\n<p>Quattro diverse tematiche, ciascuna delle quali depositaria di una lunga storia, intervallate da scorci e luoghi anch\u2019essi ricchi di vicende da raccontare.<br>Storia, societ\u00e0, economia, tradizioni e leggende in un unico percorso capace di fornire una esperienza totalizzante di ci\u00f2 che Cassano, i suoi abitanti e il suo territorio hanno rappresentato nel corso di migliaia di anni, dai primi insediamenti preistorici ai giorni nostri.<\/p>\n\n\n\n<p><strong>Quando: domenica 23 marzo 2025, ore 08:30<br>Dove: partenza e arrivo a Cassano delle Murge, piazza Aldo Moro<\/strong><br>Percorso: circa 20 Km.<br>Durata: 7\/8 ore circa<br>A chi \u00e8 rivolto: camminatori livello EE<br><strong>Quota di partecipazione: 20 euro<\/strong> a persona.<\/p>\n\n\n\n<p>La quota comprende:<br>-tipico panino con la mortadella (o vegetariano, a richiesta) \u201cPavone\u201d -vino Primitivo Amabile della \u201cCantina Sociale Gentile\u201d<br>-Copertura Assicurativa Infortuni<\/p>\n\n\n\n<p>Equipaggiamento obbligatorio:<br>Evento plastic-free.<br>Zainetto, scarponcini da trekking, adeguata scorta di acqua, tazza da campeggio, abbigliamento consono all\u2019impegno, giacca antipioggia.<\/p>\n\n\n\n<p>L\u2019evento \u00e8 riservato ad numero massimo di 20 partecipanti previa prenotazione obbligatoria ai numeri:<\/p>\n\n\n\n<p>338.8044524 (Vito)<br>320.6623746 (Giovanni)<br>associazionecassianum@gmail.com<\/p>\n\n\n\n<p>A fine evento, per chi voglia fermarsi a mangiare a Cassano, il progetto HIKING CASSANO ha previsto due possibilit\u00e0, entrambe convenzionate a tariffa ridotta, da contattare autonomamente circa la disponibilit\u00e0 dei posti, il men\u00f9 e i costi:<\/p>\n\n\n\n<p>-trattoria CALABRIA: 388.1853173<br>-social eating VEGE TI AMO: 392.4975384<\/p>\n","protected":false},"excerpt":{"rendered":"<p>Una proposta di CASSIANUM, Associazione di Promozione Sociale in collaborazione con HIKING CASSANO. Dalla promozione territoriale al turismo esperienziale: il<\/p>\n","protected":false},"author":6,"featured_media":8976,"comment_status":"open","ping_status":"closed","sticky":false,"template":"","format":"standard","meta":{"colormag_page_container_layout":"default_layout","colormag_page_sidebar_layout":"default_layout","footnotes":""},"categories":[6,34],"tags":[],"class_list":["post-8975","post","type-post","status-publish","format-standard","has-post-thumbnail","hentry","category-eventi","category-box-laterali-blocco-1"],"yoast_head":"<!-- This site is optimized with the Yoast SEO plugin v27.5 - https:\/\/yoast.com\/product\/yoast-seo-wordpress\/ -->\n<title>&quot;Hiking Cassano&quot;: prima uscita il 23 marzo - La Voce del Paese<\/title>\n<meta name=\"robots\" content=\"index, follow, max-snippet:-1, max-image-preview:large, max-video-preview:-1\" \/>\n<link rel=\"canonical\" href=\"https:\/\/lavocedelpaese.info\/index.php\/2025\/03\/11\/hiking-cassano-prima-uscita-il-23-marzo-3\/\" \/>\n<meta property=\"og:locale\" content=\"it_IT\" \/>\n<meta property=\"og:type\" content=\"article\" \/>\n<meta property=\"og:title\" content=\"&quot;Hiking Cassano&quot;: prima uscita il 23 marzo - La Voce del Paese\" \/>\n<meta property=\"og:description\" content=\"Una proposta di CASSIANUM, Associazione di Promozione Sociale in collaborazione con HIKING CASSANO. Dalla promozione territoriale al turismo esperienziale: il\" \/>\n<meta property=\"og:url\" content=\"https:\/\/lavocedelpaese.info\/index.php\/2025\/03\/11\/hiking-cassano-prima-uscita-il-23-marzo-3\/\" \/>\n<meta property=\"og:site_name\" content=\"La Voce del Paese\" \/>\n<meta property=\"article:publisher\" content=\"https:\/\/www.facebook.com\/lavocedelpaese.info\" \/>\n<meta property=\"article:published_time\" content=\"2025-03-11T02:07:06+00:00\" \/>\n<meta property=\"article:modified_time\" content=\"2025-03-11T02:09:46+00:00\" \/>\n<meta property=\"og:image\" content=\"https:\/\/lavocedelpaese.info\/wp-content\/uploads\/2025\/03\/hiking-cassano.jpg\" \/>\n\t<meta property=\"og:image:width\" content=\"1000\" \/>\n\t<meta property=\"og:image:height\" content=\"527\" \/>\n\t<meta property=\"og:image:type\" content=\"image\/jpeg\" \/>\n<meta name=\"author\" content=\"admin\" \/>\n<meta name=\"twitter:card\" content=\"summary_large_image\" \/>\n<meta name=\"twitter:label1\" content=\"Scritto da\" \/>\n\t<meta name=\"twitter:data1\" content=\"admin\" \/>\n\t<meta name=\"twitter:label2\" content=\"Tempo di lettura stimato\" \/>\n\t<meta name=\"twitter:data2\" content=\"3 minuti\" \/>\n<script type=\"application\/ld+json\" class=\"yoast-schema-graph\">{\"@context\":\"https:\\\/\\\/schema.org\",\"@graph\":[{\"@type\":\"Article\",\"@id\":\"https:\\\/\\\/lavocedelpaese.info\\\/index.php\\\/2025\\\/03\\\/11\\\/hiking-cassano-prima-uscita-il-23-marzo-3\\\/#article\",\"isPartOf\":{\"@id\":\"https:\\\/\\\/lavocedelpaese.info\\\/index.php\\\/2025\\\/03\\\/11\\\/hiking-cassano-prima-uscita-il-23-marzo-3\\\/\"},\"author\":{\"name\":\"admin\",\"@id\":\"https:\\\/\\\/lavocedelpaese.info\\\/#\\\/schema\\\/person\\\/ec151d321306bd7591f7a061abf72d88\"},\"headline\":\"&#8220;Hiking Cassano&#8221;: prima uscita il 23 marzo\",\"datePublished\":\"2025-03-11T02:07:06+00:00\",\"dateModified\":\"2025-03-11T02:09:46+00:00\",\"mainEntityOfPage\":{\"@id\":\"https:\\\/\\\/lavocedelpaese.info\\\/index.php\\\/2025\\\/03\\\/11\\\/hiking-cassano-prima-uscita-il-23-marzo-3\\\/\"},\"wordCount\":353,\"commentCount\":0,\"publisher\":{\"@id\":\"https:\\\/\\\/lavocedelpaese.info\\\/#organization\"},\"image\":{\"@id\":\"https:\\\/\\\/lavocedelpaese.info\\\/index.php\\\/2025\\\/03\\\/11\\\/hiking-cassano-prima-uscita-il-23-marzo-3\\\/#primaryimage\"},\"thumbnailUrl\":\"https:\\\/\\\/lavocedelpaese.info\\\/wp-content\\\/uploads\\\/2025\\\/03\\\/hiking-cassano.jpg\",\"articleSection\":[\"Eventi\",\"primo piano\"],\"inLanguage\":\"it-IT\",\"potentialAction\":[{\"@type\":\"CommentAction\",\"name\":\"Comment\",\"target\":[\"https:\\\/\\\/lavocedelpaese.info\\\/index.php\\\/2025\\\/03\\\/11\\\/hiking-cassano-prima-uscita-il-23-marzo-3\\\/#respond\"]}]},{\"@type\":\"WebPage\",\"@id\":\"https:\\\/\\\/lavocedelpaese.info\\\/index.php\\\/2025\\\/03\\\/11\\\/hiking-cassano-prima-uscita-il-23-marzo-3\\\/\",\"url\":\"https:\\\/\\\/lavocedelpaese.info\\\/index.php\\\/2025\\\/03\\\/11\\\/hiking-cassano-prima-uscita-il-23-marzo-3\\\/\",\"name\":\"\\\"Hiking Cassano\\\": prima uscita il 23 marzo - La Voce del Paese\",\"isPartOf\":{\"@id\":\"https:\\\/\\\/lavocedelpaese.info\\\/#website\"},\"primaryImageOfPage\":{\"@id\":\"https:\\\/\\\/lavocedelpaese.info\\\/index.php\\\/2025\\\/03\\\/11\\\/hiking-cassano-prima-uscita-il-23-marzo-3\\\/#primaryimage\"},\"image\":{\"@id\":\"https:\\\/\\\/lavocedelpaese.info\\\/index.php\\\/2025\\\/03\\\/11\\\/hiking-cassano-prima-uscita-il-23-marzo-3\\\/#primaryimage\"},\"thumbnailUrl\":\"https:\\\/\\\/lavocedelpaese.info\\\/wp-content\\\/uploads\\\/2025\\\/03\\\/hiking-cassano.jpg\",\"datePublished\":\"2025-03-11T02:07:06+00:00\",\"dateModified\":\"2025-03-11T02:09:46+00:00\",\"breadcrumb\":{\"@id\":\"https:\\\/\\\/lavocedelpaese.info\\\/index.php\\\/2025\\\/03\\\/11\\\/hiking-cassano-prima-uscita-il-23-marzo-3\\\/#breadcrumb\"},\"inLanguage\":\"it-IT\",\"potentialAction\":[{\"@type\":\"ReadAction\",\"target\":[\"https:\\\/\\\/lavocedelpaese.info\\\/index.php\\\/2025\\\/03\\\/11\\\/hiking-cassano-prima-uscita-il-23-marzo-3\\\/\"]}]},{\"@type\":\"ImageObject\",\"inLanguage\":\"it-IT\",\"@id\":\"https:\\\/\\\/lavocedelpaese.info\\\/index.php\\\/2025\\\/03\\\/11\\\/hiking-cassano-prima-uscita-il-23-marzo-3\\\/#primaryimage\",\"url\":\"https:\\\/\\\/lavocedelpaese.info\\\/wp-content\\\/uploads\\\/2025\\\/03\\\/hiking-cassano.jpg\",\"contentUrl\":\"https:\\\/\\\/lavocedelpaese.info\\\/wp-content\\\/uploads\\\/2025\\\/03\\\/hiking-cassano.jpg\",\"width\":1000,\"height\":527},{\"@type\":\"BreadcrumbList\",\"@id\":\"https:\\\/\\\/lavocedelpaese.info\\\/index.php\\\/2025\\\/03\\\/11\\\/hiking-cassano-prima-uscita-il-23-marzo-3\\\/#breadcrumb\",\"itemListElement\":[{\"@type\":\"ListItem\",\"position\":1,\"name\":\"Home\",\"item\":\"https:\\\/\\\/lavocedelpaese.info\\\/\"},{\"@type\":\"ListItem\",\"position\":2,\"name\":\"&#8220;Hiking Cassano&#8221;: prima uscita il 23 marzo\"}]},{\"@type\":\"WebSite\",\"@id\":\"https:\\\/\\\/lavocedelpaese.info\\\/#website\",\"url\":\"https:\\\/\\\/lavocedelpaese.info\\\/\",\"name\":\"La Voce del Paese\",\"description\":\"Un network di idee\",\"publisher\":{\"@id\":\"https:\\\/\\\/lavocedelpaese.info\\\/#organization\"},\"potentialAction\":[{\"@type\":\"SearchAction\",\"target\":{\"@type\":\"EntryPoint\",\"urlTemplate\":\"https:\\\/\\\/lavocedelpaese.info\\\/?s={search_term_string}\"},\"query-input\":{\"@type\":\"PropertyValueSpecification\",\"valueRequired\":true,\"valueName\":\"search_term_string\"}}],\"inLanguage\":\"it-IT\"},{\"@type\":\"Organization\",\"@id\":\"https:\\\/\\\/lavocedelpaese.info\\\/#organization\",\"name\":\"La Voce del Paese\",\"url\":\"https:\\\/\\\/lavocedelpaese.info\\\/\",\"logo\":{\"@type\":\"ImageObject\",\"inLanguage\":\"it-IT\",\"@id\":\"https:\\\/\\\/lavocedelpaese.info\\\/#\\\/schema\\\/logo\\\/image\\\/\",\"url\":\"https:\\\/\\\/lavocedelpaese.info\\\/wp-content\\\/uploads\\\/2023\\\/01\\\/cropped-logo-150-127.png\",\"contentUrl\":\"https:\\\/\\\/lavocedelpaese.info\\\/wp-content\\\/uploads\\\/2023\\\/01\\\/cropped-logo-150-127.png\",\"width\":137,\"height\":119,\"caption\":\"La Voce del Paese\"},\"image\":{\"@id\":\"https:\\\/\\\/lavocedelpaese.info\\\/#\\\/schema\\\/logo\\\/image\\\/\"},\"sameAs\":[\"https:\\\/\\\/www.facebook.com\\\/lavocedelpaese.info\"]},{\"@type\":\"Person\",\"@id\":\"https:\\\/\\\/lavocedelpaese.info\\\/#\\\/schema\\\/person\\\/ec151d321306bd7591f7a061abf72d88\",\"name\":\"admin\",\"image\":{\"@type\":\"ImageObject\",\"inLanguage\":\"it-IT\",\"@id\":\"https:\\\/\\\/secure.gravatar.com\\\/avatar\\\/af8f2caf0663124588de48a9380e07cbc95a74ef15b8062d0d39106c32fe3023?s=96&d=mm&r=g\",\"url\":\"https:\\\/\\\/secure.gravatar.com\\\/avatar\\\/af8f2caf0663124588de48a9380e07cbc95a74ef15b8062d0d39106c32fe3023?s=96&d=mm&r=g\",\"contentUrl\":\"https:\\\/\\\/secure.gravatar.com\\\/avatar\\\/af8f2caf0663124588de48a9380e07cbc95a74ef15b8062d0d39106c32fe3023?s=96&d=mm&r=g\",\"caption\":\"admin\"},\"sameAs\":[\"https:\\\/\\\/lavocedelpaese.info\"],\"url\":\"https:\\\/\\\/lavocedelpaese.info\\\/index.php\\\/author\\\/admin\\\/\"}]}<\/script>\n<!-- \/ Yoast SEO plugin. -->","yoast_head_json":{"title":"\"Hiking Cassano\": prima uscita il 23 marzo - La Voce del Paese","robots":{"index":"index","follow":"follow","max-snippet":"max-snippet:-1","max-image-preview":"max-image-preview:large","max-video-preview":"max-video-preview:-1"},"canonical":"https:\/\/lavocedelpaese.info\/index.php\/2025\/03\/11\/hiking-cassano-prima-uscita-il-23-marzo-3\/","og_locale":"it_IT","og_type":"article","og_title":"\"Hiking Cassano\": prima uscita il 23 marzo - La Voce del Paese","og_description":"Una proposta di CASSIANUM, Associazione di Promozione Sociale in collaborazione con HIKING CASSANO. Dalla promozione territoriale al turismo esperienziale: il","og_url":"https:\/\/lavocedelpaese.info\/index.php\/2025\/03\/11\/hiking-cassano-prima-uscita-il-23-marzo-3\/","og_site_name":"La Voce del Paese","article_publisher":"https:\/\/www.facebook.com\/lavocedelpaese.info","article_published_time":"2025-03-11T02:07:06+00:00","article_modified_time":"2025-03-11T02:09:46+00:00","og_image":[{"width":1000,"height":527,"url":"https:\/\/lavocedelpaese.info\/wp-content\/uploads\/2025\/03\/hiking-cassano.jpg","type":"image\/jpeg"}],"author":"admin","twitter_card":"summary_large_image","twitter_misc":{"Scritto da":"admin","Tempo di lettura stimato":"3 minuti"},"schema":{"@context":"https:\/\/schema.org","@graph":[{"@type":"Article","@id":"https:\/\/lavocedelpaese.info\/index.php\/2025\/03\/11\/hiking-cassano-prima-uscita-il-23-marzo-3\/#article","isPartOf":{"@id":"https:\/\/lavocedelpaese.info\/index.php\/2025\/03\/11\/hiking-cassano-prima-uscita-il-23-marzo-3\/"},"author":{"name":"admin","@id":"https:\/\/lavocedelpaese.info\/#\/schema\/person\/ec151d321306bd7591f7a061abf72d88"},"headline":"&#8220;Hiking Cassano&#8221;: prima uscita il 23 marzo","datePublished":"2025-03-11T02:07:06+00:00","dateModified":"2025-03-11T02:09:46+00:00","mainEntityOfPage":{"@id":"https:\/\/lavocedelpaese.info\/index.php\/2025\/03\/11\/hiking-cassano-prima-uscita-il-23-marzo-3\/"},"wordCount":353,"commentCount":0,"publisher":{"@id":"https:\/\/lavocedelpaese.info\/#organization"},"image":{"@id":"https:\/\/lavocedelpaese.info\/index.php\/2025\/03\/11\/hiking-cassano-prima-uscita-il-23-marzo-3\/#primaryimage"},"thumbnailUrl":"https:\/\/lavocedelpaese.info\/wp-content\/uploads\/2025\/03\/hiking-cassano.jpg","articleSection":["Eventi","primo piano"],"inLanguage":"it-IT","potentialAction":[{"@type":"CommentAction","name":"Comment","target":["https:\/\/lavocedelpaese.info\/index.php\/2025\/03\/11\/hiking-cassano-prima-uscita-il-23-marzo-3\/#respond"]}]},{"@type":"WebPage","@id":"https:\/\/lavocedelpaese.info\/index.php\/2025\/03\/11\/hiking-cassano-prima-uscita-il-23-marzo-3\/","url":"https:\/\/lavocedelpaese.info\/index.php\/2025\/03\/11\/hiking-cassano-prima-uscita-il-23-marzo-3\/","name":"\"Hiking Cassano\": prima uscita il 23 marzo - La Voce del Paese","isPartOf":{"@id":"https:\/\/lavocedelpaese.info\/#website"},"primaryImageOfPage":{"@id":"https:\/\/lavocedelpaese.info\/index.php\/2025\/03\/11\/hiking-cassano-prima-uscita-il-23-marzo-3\/#primaryimage"},"image":{"@id":"https:\/\/lavocedelpaese.info\/index.php\/2025\/03\/11\/hiking-cassano-prima-uscita-il-23-marzo-3\/#primaryimage"},"thumbnailUrl":"https:\/\/lavocedelpaese.info\/wp-content\/uploads\/2025\/03\/hiking-cassano.jpg","datePublished":"2025-03-11T02:07:06+00:00","dateModified":"2025-03-11T02:09:46+00:00","breadcrumb":{"@id":"https:\/\/lavocedelpaese.info\/index.php\/2025\/03\/11\/hiking-cassano-prima-uscita-il-23-marzo-3\/#breadcrumb"},"inLanguage":"it-IT","potentialAction":[{"@type":"ReadAction","target":["https:\/\/lavocedelpaese.info\/index.php\/2025\/03\/11\/hiking-cassano-prima-uscita-il-23-marzo-3\/"]}]},{"@type":"ImageObject","inLanguage":"it-IT","@id":"https:\/\/lavocedelpaese.info\/index.php\/2025\/03\/11\/hiking-cassano-prima-uscita-il-23-marzo-3\/#primaryimage","url":"https:\/\/lavocedelpaese.info\/wp-content\/uploads\/2025\/03\/hiking-cassano.jpg","contentUrl":"https:\/\/lavocedelpaese.info\/wp-content\/uploads\/2025\/03\/hiking-cassano.jpg","width":1000,"height":527},{"@type":"BreadcrumbList","@id":"https:\/\/lavocedelpaese.info\/index.php\/2025\/03\/11\/hiking-cassano-prima-uscita-il-23-marzo-3\/#breadcrumb","itemListElement":[{"@type":"ListItem","position":1,"name":"Home","item":"https:\/\/lavocedelpaese.info\/"},{"@type":"ListItem","position":2,"name":"&#8220;Hiking Cassano&#8221;: prima uscita il 23 marzo"}]},{"@type":"WebSite","@id":"https:\/\/lavocedelpaese.info\/#website","url":"https:\/\/lavocedelpaese.info\/","name":"La Voce del Paese","description":"Un network di idee","publisher":{"@id":"https:\/\/lavocedelpaese.info\/#organization"},"potentialAction":[{"@type":"SearchAction","target":{"@type":"EntryPoint","urlTemplate":"https:\/\/lavocedelpaese.info\/?s={search_term_string}"},"query-input":{"@type":"PropertyValueSpecification","valueRequired":true,"valueName":"search_term_string"}}],"inLanguage":"it-IT"},{"@type":"Organization","@id":"https:\/\/lavocedelpaese.info\/#organization","name":"La Voce del Paese","url":"https:\/\/lavocedelpaese.info\/","logo":{"@type":"ImageObject","inLanguage":"it-IT","@id":"https:\/\/lavocedelpaese.info\/#\/schema\/logo\/image\/","url":"https:\/\/lavocedelpaese.info\/wp-content\/uploads\/2023\/01\/cropped-logo-150-127.png","contentUrl":"https:\/\/lavocedelpaese.info\/wp-content\/uploads\/2023\/01\/cropped-logo-150-127.png","width":137,"height":119,"caption":"La Voce del Paese"},"image":{"@id":"https:\/\/lavocedelpaese.info\/#\/schema\/logo\/image\/"},"sameAs":["https:\/\/www.facebook.com\/lavocedelpaese.info"]},{"@type":"Person","@id":"https:\/\/lavocedelpaese.info\/#\/schema\/person\/ec151d321306bd7591f7a061abf72d88","name":"admin","image":{"@type":"ImageObject","inLanguage":"it-IT","@id":"https:\/\/secure.gravatar.com\/avatar\/af8f2caf0663124588de48a9380e07cbc95a74ef15b8062d0d39106c32fe3023?s=96&d=mm&r=g","url":"https:\/\/secure.gravatar.com\/avatar\/af8f2caf0663124588de48a9380e07cbc95a74ef15b8062d0d39106c32fe3023?s=96&d=mm&r=g","contentUrl":"https:\/\/secure.gravatar.com\/avatar\/af8f2caf0663124588de48a9380e07cbc95a74ef15b8062d0d39106c32fe3023?s=96&d=mm&r=g","caption":"admin"},"sameAs":["https:\/\/lavocedelpaese.info"],"url":"https:\/\/lavocedelpaese.info\/index.php\/author\/admin\/"}]}},"_links":{"self":[{"href":"https:\/\/lavocedelpaese.info\/index.php\/wp-json\/wp\/v2\/posts\/8975","targetHints":{"allow":["GET"]}}],"collection":[{"href":"https:\/\/lavocedelpaese.info\/index.php\/wp-json\/wp\/v2\/posts"}],"about":[{"href":"https:\/\/lavocedelpaese.info\/index.php\/wp-json\/wp\/v2\/types\/post"}],"author":[{"embeddable":true,"href":"https:\/\/lavocedelpaese.info\/index.php\/wp-json\/wp\/v2\/users\/6"}],"replies":[{"embeddable":true,"href":"https:\/\/lavocedelpaese.info\/index.php\/wp-json\/wp\/v2\/comments?post=8975"}],"version-history":[{"count":1,"href":"https:\/\/lavocedelpaese.info\/index.php\/wp-json\/wp\/v2\/posts\/8975\/revisions"}],"predecessor-version":[{"id":8977,"href":"https:\/\/lavocedelpaese.info\/index.php\/wp-json\/wp\/v2\/posts\/8975\/revisions\/8977"}],"wp:featuredmedia":[{"embeddable":true,"href":"https:\/\/lavocedelpaese.info\/index.php\/wp-json\/wp\/v2\/media\/8976"}],"wp:attachment":[{"href":"https:\/\/lavocedelpaese.info\/index.php\/wp-json\/wp\/v2\/media?parent=8975"}],"wp:term":[{"taxonomy":"category","embeddable":true,"href":"https:\/\/lavocedelpaese.info\/index.php\/wp-json\/wp\/v2\/categories?post=8975"},{"taxonomy":"post_tag","embeddable":true,"href":"https:\/\/lavocedelpaese.info\/index.php\/wp-json\/wp\/v2\/tags?post=8975"}],"curies":[{"name":"wp","href":"https:\/\/api.w.org\/{rel}","templated":true}]}}