{"id":8973,"date":"2025-03-10T19:13:41","date_gmt":"2025-03-10T19:13:41","guid":{"rendered":"https:\/\/lavocedelpaese.info\/index.php\/2025\/03\/10\/lo-stato-della-ricerca-sulla-xylella-fastidiosa\/"},"modified":"2025-03-10T19:13:41","modified_gmt":"2025-03-10T19:13:41","slug":"lo-stato-della-ricerca-sulla-xylella-fastidiosa","status":"publish","type":"post","link":"https:\/\/lavocedelpaese.info\/index.php\/2025\/03\/10\/lo-stato-della-ricerca-sulla-xylella-fastidiosa\/","title":{"rendered":"Lo stato della ricerca sulla Xylella Fastidiosa\u00a0\u200b"},"content":{"rendered":"<p>\u00a0<\/p>\n<p>\u200b\u00a0<\/p>\n<p>\u200b\u00a0<\/p>\n<p>IL GAL PROMUOVE UN CICLO DI CONVEGNI PER SENSIBILIZZARE LE IMPRESE NELLA LOTTA ALLA XYLELLA FASTIDIOSA. <\/p>\n<p>IL 13 MARZO IL NUOVO APPUNTAMENTO AL CASTELLO DI BITRITTO<\/p>\n<p><em><strong>Il GAL Sud Est Barese con il supporto delle Amministrazioni di Polignano a Mare e Bitritto ha avviato una serie di iniziative informative sul tema della Xylella fastidiosa. Gli eventi rientrano nel programma di formazione sulla sicurezza delle filiere agroalimentari promosso dal GAL con il Piano di Azione Locale 2014-2022.\u00a0<\/strong><\/em><\/p>\n<hr class=\"wp-block-separator has-alpha-channel-opacity\"\/>\n<p>L\u2019obiettivo dei convegni \u00e8 sensibilizzare le imprese olivicole del sud est barese in merito alle ultime novit\u00e0 scoperte sul fronte della ricerca scientifica, con un focus sulle variet\u00e0 pi\u00f9 resistenti al patogeno. Il primo evento \u00e8 andato in scena lo scorso 28 gennaio a Polignano a Mare mentre il prossimo appuntamento \u00e8 in programma gioved\u00ec 13 marzo 2025 a Bitritto nella Sala Convegni del Castello.\u00a0<\/p>\n<p>L\u2019evento di Bitritto, organizzato dal GAL con il supporto dell\u2019Assessorato all\u2019Agricoltura del Comune di Bitritto, prevede l\u2019intervento di diverse rappresentanze del mondo scientifico ed universitario al fine di aggiornare il territorio sull\u2019avanzamento della ricerca e sui nuovi risultati raggiunti.\u00a0<\/p>\n<p>Tra gli interventi attesi si evidenzia quello di\u00a0<strong>Cinzia Montemurro<\/strong>, docente del\u00a0<strong>Dipartimento di Scienze del Suolo, della Pianta e degli Alimenti dell\u2019Universit\u00e0 degli Studi di Bari,\u00a0<\/strong>con una relazione dedicata agli approcci integrati per il miglioramento genetico, la selezione e l\u2019ottenimento di materiali vegetali resistenti alla Xylella fastidiosa studiati nell\u2019ambito del progetto RIGENERA.<\/p>\n<p>Prevista inoltre la relazione di\u00a0<strong>Maria Saponari<\/strong>, ricercatrice presso\u00a0<strong>l\u2019Istituto per la Protezione Sostenibile delle Piante del CNR<\/strong>, con un approfondimento sull\u2019evoluzione del quadro fitosanitario e delle potenzialit\u00e0 delle risorse genetiche nelle strategie di lotta alla Xylella studiate nell\u2019ambito del progetto OMIBREED.<\/p>\n<p>Conclude la parte scientifica\u00a0<strong>Elena Santilli,<\/strong>\u00a0ricercatrice presso il\u00a0<strong>Centro di Ricerca Olivicoltura, Frutticoltura e Agrumicoltura del CREA,<\/strong>\u00a0con un intervento sulle nuove prospettive di sviluppo per l\u2019olivicoltura italiana attraverso la valorizzazione della biodiversit\u00e0 e la selezione di materiale genetico d\u2019olivo tollerante a Xylella fastidiosa e azioni mirate a prevenire il possibile impatto sulla viticoltura studiate nell\u2019ambito del progetto NOVIXGEN.<\/p>\n<p>Tra gli interventi in programma anche quello di\u00a0<strong>Salvatore Infantino,<\/strong>\u00a0dirigente<strong>\u00a0<\/strong>dell\u2019<strong>Osservatorio Fitosanitario di Regione Puglia,<\/strong>\u00a0con un aggiornamento sulle ricerca e trasferimento di innovazioni in ambito fitosanitario.<\/p>\n<p>L\u2019obiettivo di questa nuovo pacchetto di iniziative \u00e8 dunque offrire alla filiera olivicola un approfondimento, il pi\u00f9 possibile aggiornato e scientifico, sulle tematiche legate alla Xylella, con attenzione alle nuove cultivar e agli strumenti messi in campo dal\u00a0<strong>Piano Straordinario per la Rigenerazione Olivicola della Regione Puglia<\/strong>\u00a0per ripristinare il patrimonio olivicolo.<\/p>\n<p>Commenta il Sindaco di Bitritto,\u00a0<strong>Giuseppe Giulitto<\/strong>\u00a0\u201c<em>La filiera olivicola \u00e8 una delle eccellenze produttive del nostro territorio e per questo abbiamo deciso di sostenere l\u2019iniziativa del GAL e fornire alle nostre imprese le ultime novit\u00e0 e strategie sull\u2019argomento. Anche perch\u00e9, nonostante oggi la Xylella prosegua la sua avanzata, il fronte della ricerca ha acquisito nuove conoscenze e studi innovativi. Al contempo la Regione si \u00e8 dotata di un vero e proprio piano di rigenerazione olivicola a cui l\u2019amministrazione comunale ha il dovere di guardare<\/em>\u201d.<\/p>\n<p>Aggiunge il Presidente del GAL Sud Est Barese,\u00a0<strong>Pasquale Redavid<\/strong>\u00a0\u201c<em>Il GAL continua a sostenere la formazione delle imprese agricole e agroalimentari coinvolgendo prestigiosi partner scientifici come l\u2019Universit\u00e0 di Bari, il CNR ed il CREA e rafforzando la sua missione di agente di sviluppo locale. Sulla Xylella, che ormai non coinvolge pi\u00f9 solo l\u2019Ulivo ma anche altre cultivar, siamo pronti a sostenere sempre pi\u00f9 iniziative di formazione e sensibilizzazione<\/em>\u201d.<\/p>\n<p>La partecipazione attiva degli olivicoltori a questi incontri \u00e8 dunque fondamentale per garantire una diffusione capillare delle informazioni e per promuovere l\u2019adozione di pratiche agricole innovative e sostenibili, indispensabili nella lotta contro la Xylella fastidiosa e nella salvaguardia del patrimonio olivicolo pugliese.<\/p>\n<p>L\u2019appuntamento \u00e8 per il 13 marzo alle ore 18:00 presso la Sala Convegni del Castello di Bitritto.<\/p>\n<figure class=\"wp-block-image size-full\"><img decoding=\"async\" width=\"565\" height=\"800\" src=\"https:\/\/acquaviva.lavocedelpaese.info\/wp-content\/uploads\/2025\/03\/70x100_13mar_page-0001.jpg\" alt=\"\" class=\"wp-image-5344\"\/><\/figure>\n<p><a class=\"a2a_button_facebook\" href=\"https:\/\/www.addtoany.com\/add_to\/facebook?linkurl=https%3A%2F%2Facquaviva.lavocedelpaese.info%2Findex.php%2F2025%2F03%2F10%2Flo-stato-della-ricerca-sulla-xylella-fastidiosa%2F&amp;linkname=Lo%20stato%20della%20ricerca%20sulla%20Xylella%20Fastidiosa\" title=\"Facebook\" rel=\"nofollow noopener\" target=\"_blank\"><\/a><a class=\"a2a_button_twitter\" href=\"https:\/\/www.addtoany.com\/add_to\/twitter?linkurl=https%3A%2F%2Facquaviva.lavocedelpaese.info%2Findex.php%2F2025%2F03%2F10%2Flo-stato-della-ricerca-sulla-xylella-fastidiosa%2F&amp;linkname=Lo%20stato%20della%20ricerca%20sulla%20Xylella%20Fastidiosa\" title=\"Twitter\" rel=\"nofollow noopener\" target=\"_blank\"><\/a><a class=\"a2a_button_whatsapp\" href=\"https:\/\/www.addtoany.com\/add_to\/whatsapp?linkurl=https%3A%2F%2Facquaviva.lavocedelpaese.info%2Findex.php%2F2025%2F03%2F10%2Flo-stato-della-ricerca-sulla-xylella-fastidiosa%2F&amp;linkname=Lo%20stato%20della%20ricerca%20sulla%20Xylella%20Fastidiosa\" title=\"WhatsApp\" rel=\"nofollow noopener\" target=\"_blank\"><\/a><a class=\"a2a_button_telegram\" href=\"https:\/\/www.addtoany.com\/add_to\/telegram?linkurl=https%3A%2F%2Facquaviva.lavocedelpaese.info%2Findex.php%2F2025%2F03%2F10%2Flo-stato-della-ricerca-sulla-xylella-fastidiosa%2F&amp;linkname=Lo%20stato%20della%20ricerca%20sulla%20Xylella%20Fastidiosa\" title=\"Telegram\" rel=\"nofollow noopener\" target=\"_blank\"><\/a><a class=\"a2a_button_email\" href=\"https:\/\/www.addtoany.com\/add_to\/email?linkurl=https%3A%2F%2Facquaviva.lavocedelpaese.info%2Findex.php%2F2025%2F03%2F10%2Flo-stato-della-ricerca-sulla-xylella-fastidiosa%2F&amp;linkname=Lo%20stato%20della%20ricerca%20sulla%20Xylella%20Fastidiosa\" title=\"Email\" rel=\"nofollow noopener\" target=\"_blank\"><\/a><\/p>\n<p>\u00a0<\/p>\n<p>\u00a0<\/p>\n<p>\u200b\u00a0\u00a0\u00a0<\/p>","protected":false},"excerpt":{"rendered":"<p>\u00a0 \u200b\u00a0 \u200b\u00a0 IL GAL PROMUOVE UN CICLO DI CONVEGNI PER SENSIBILIZZARE LE IMPRESE NELLA LOTTA ALLA XYLELLA FASTIDIOSA. IL<\/p>\n","protected":false},"author":6,"featured_media":8974,"comment_status":"open","ping_status":"closed","sticky":false,"template":"","format":"standard","meta":{"colormag_page_container_layout":"default_layout","colormag_page_sidebar_layout":"default_layout","footnotes":""},"categories":[33],"tags":[],"class_list":["post-8973","post","type-post","status-publish","format-standard","has-post-thumbnail","hentry","category-network"],"yoast_head":"<!-- This site is optimized with the Yoast SEO plugin v27.5 - https:\/\/yoast.com\/product\/yoast-seo-wordpress\/ -->\n<title>Lo stato della ricerca sulla Xylella Fastidiosa\u00a0\u200b - La Voce del Paese<\/title>\n<meta name=\"robots\" content=\"index, follow, max-snippet:-1, max-image-preview:large, max-video-preview:-1\" \/>\n<link rel=\"canonical\" href=\"https:\/\/lavocedelpaese.info\/index.php\/2025\/03\/10\/lo-stato-della-ricerca-sulla-xylella-fastidiosa\/\" \/>\n<meta property=\"og:locale\" content=\"it_IT\" \/>\n<meta property=\"og:type\" content=\"article\" \/>\n<meta property=\"og:title\" content=\"Lo stato della ricerca sulla Xylella Fastidiosa\u00a0\u200b - La Voce del Paese\" \/>\n<meta property=\"og:description\" content=\"\u00a0 \u200b\u00a0 \u200b\u00a0 IL GAL PROMUOVE UN CICLO DI CONVEGNI PER SENSIBILIZZARE LE IMPRESE NELLA LOTTA ALLA XYLELLA FASTIDIOSA. IL\" \/>\n<meta property=\"og:url\" content=\"https:\/\/lavocedelpaese.info\/index.php\/2025\/03\/10\/lo-stato-della-ricerca-sulla-xylella-fastidiosa\/\" \/>\n<meta property=\"og:site_name\" content=\"La Voce del Paese\" \/>\n<meta property=\"article:publisher\" content=\"https:\/\/www.facebook.com\/lavocedelpaese.info\" \/>\n<meta property=\"article:published_time\" content=\"2025-03-10T19:13:41+00:00\" \/>\n<meta name=\"author\" content=\"admin\" \/>\n<meta name=\"twitter:card\" content=\"summary_large_image\" \/>\n<meta name=\"twitter:label1\" content=\"Scritto da\" \/>\n\t<meta name=\"twitter:data1\" content=\"admin\" \/>\n\t<meta name=\"twitter:label2\" content=\"Tempo di lettura stimato\" \/>\n\t<meta name=\"twitter:data2\" content=\"3 minuti\" \/>\n<script type=\"application\/ld+json\" class=\"yoast-schema-graph\">{\"@context\":\"https:\\\/\\\/schema.org\",\"@graph\":[{\"@type\":\"Article\",\"@id\":\"https:\\\/\\\/lavocedelpaese.info\\\/index.php\\\/2025\\\/03\\\/10\\\/lo-stato-della-ricerca-sulla-xylella-fastidiosa\\\/#article\",\"isPartOf\":{\"@id\":\"https:\\\/\\\/lavocedelpaese.info\\\/index.php\\\/2025\\\/03\\\/10\\\/lo-stato-della-ricerca-sulla-xylella-fastidiosa\\\/\"},\"author\":{\"name\":\"admin\",\"@id\":\"https:\\\/\\\/lavocedelpaese.info\\\/#\\\/schema\\\/person\\\/ec151d321306bd7591f7a061abf72d88\"},\"headline\":\"Lo stato della ricerca sulla Xylella Fastidiosa\u00a0\u200b\",\"datePublished\":\"2025-03-10T19:13:41+00:00\",\"mainEntityOfPage\":{\"@id\":\"https:\\\/\\\/lavocedelpaese.info\\\/index.php\\\/2025\\\/03\\\/10\\\/lo-stato-della-ricerca-sulla-xylella-fastidiosa\\\/\"},\"wordCount\":646,\"commentCount\":0,\"publisher\":{\"@id\":\"https:\\\/\\\/lavocedelpaese.info\\\/#organization\"},\"image\":{\"@id\":\"https:\\\/\\\/lavocedelpaese.info\\\/index.php\\\/2025\\\/03\\\/10\\\/lo-stato-della-ricerca-sulla-xylella-fastidiosa\\\/#primaryimage\"},\"thumbnailUrl\":\"https:\\\/\\\/lavocedelpaese.info\\\/wp-content\\\/uploads\\\/2025\\\/03\\\/70x100_13mar_page-0001-X3ncMT.jpeg\",\"articleSection\":[\"network\"],\"inLanguage\":\"it-IT\",\"potentialAction\":[{\"@type\":\"CommentAction\",\"name\":\"Comment\",\"target\":[\"https:\\\/\\\/lavocedelpaese.info\\\/index.php\\\/2025\\\/03\\\/10\\\/lo-stato-della-ricerca-sulla-xylella-fastidiosa\\\/#respond\"]}]},{\"@type\":\"WebPage\",\"@id\":\"https:\\\/\\\/lavocedelpaese.info\\\/index.php\\\/2025\\\/03\\\/10\\\/lo-stato-della-ricerca-sulla-xylella-fastidiosa\\\/\",\"url\":\"https:\\\/\\\/lavocedelpaese.info\\\/index.php\\\/2025\\\/03\\\/10\\\/lo-stato-della-ricerca-sulla-xylella-fastidiosa\\\/\",\"name\":\"Lo stato della ricerca sulla Xylella Fastidiosa\u00a0\u200b - La Voce del Paese\",\"isPartOf\":{\"@id\":\"https:\\\/\\\/lavocedelpaese.info\\\/#website\"},\"primaryImageOfPage\":{\"@id\":\"https:\\\/\\\/lavocedelpaese.info\\\/index.php\\\/2025\\\/03\\\/10\\\/lo-stato-della-ricerca-sulla-xylella-fastidiosa\\\/#primaryimage\"},\"image\":{\"@id\":\"https:\\\/\\\/lavocedelpaese.info\\\/index.php\\\/2025\\\/03\\\/10\\\/lo-stato-della-ricerca-sulla-xylella-fastidiosa\\\/#primaryimage\"},\"thumbnailUrl\":\"https:\\\/\\\/lavocedelpaese.info\\\/wp-content\\\/uploads\\\/2025\\\/03\\\/70x100_13mar_page-0001-X3ncMT.jpeg\",\"datePublished\":\"2025-03-10T19:13:41+00:00\",\"breadcrumb\":{\"@id\":\"https:\\\/\\\/lavocedelpaese.info\\\/index.php\\\/2025\\\/03\\\/10\\\/lo-stato-della-ricerca-sulla-xylella-fastidiosa\\\/#breadcrumb\"},\"inLanguage\":\"it-IT\",\"potentialAction\":[{\"@type\":\"ReadAction\",\"target\":[\"https:\\\/\\\/lavocedelpaese.info\\\/index.php\\\/2025\\\/03\\\/10\\\/lo-stato-della-ricerca-sulla-xylella-fastidiosa\\\/\"]}]},{\"@type\":\"ImageObject\",\"inLanguage\":\"it-IT\",\"@id\":\"https:\\\/\\\/lavocedelpaese.info\\\/index.php\\\/2025\\\/03\\\/10\\\/lo-stato-della-ricerca-sulla-xylella-fastidiosa\\\/#primaryimage\",\"url\":\"https:\\\/\\\/lavocedelpaese.info\\\/wp-content\\\/uploads\\\/2025\\\/03\\\/70x100_13mar_page-0001-X3ncMT.jpeg\",\"contentUrl\":\"https:\\\/\\\/lavocedelpaese.info\\\/wp-content\\\/uploads\\\/2025\\\/03\\\/70x100_13mar_page-0001-X3ncMT.jpeg\",\"width\":565,\"height\":800},{\"@type\":\"BreadcrumbList\",\"@id\":\"https:\\\/\\\/lavocedelpaese.info\\\/index.php\\\/2025\\\/03\\\/10\\\/lo-stato-della-ricerca-sulla-xylella-fastidiosa\\\/#breadcrumb\",\"itemListElement\":[{\"@type\":\"ListItem\",\"position\":1,\"name\":\"Home\",\"item\":\"https:\\\/\\\/lavocedelpaese.info\\\/\"},{\"@type\":\"ListItem\",\"position\":2,\"name\":\"Lo stato della ricerca sulla Xylella Fastidiosa\u00a0\u200b\"}]},{\"@type\":\"WebSite\",\"@id\":\"https:\\\/\\\/lavocedelpaese.info\\\/#website\",\"url\":\"https:\\\/\\\/lavocedelpaese.info\\\/\",\"name\":\"La Voce del Paese\",\"description\":\"Un network di idee\",\"publisher\":{\"@id\":\"https:\\\/\\\/lavocedelpaese.info\\\/#organization\"},\"potentialAction\":[{\"@type\":\"SearchAction\",\"target\":{\"@type\":\"EntryPoint\",\"urlTemplate\":\"https:\\\/\\\/lavocedelpaese.info\\\/?s={search_term_string}\"},\"query-input\":{\"@type\":\"PropertyValueSpecification\",\"valueRequired\":true,\"valueName\":\"search_term_string\"}}],\"inLanguage\":\"it-IT\"},{\"@type\":\"Organization\",\"@id\":\"https:\\\/\\\/lavocedelpaese.info\\\/#organization\",\"name\":\"La Voce del Paese\",\"url\":\"https:\\\/\\\/lavocedelpaese.info\\\/\",\"logo\":{\"@type\":\"ImageObject\",\"inLanguage\":\"it-IT\",\"@id\":\"https:\\\/\\\/lavocedelpaese.info\\\/#\\\/schema\\\/logo\\\/image\\\/\",\"url\":\"https:\\\/\\\/lavocedelpaese.info\\\/wp-content\\\/uploads\\\/2023\\\/01\\\/cropped-logo-150-127.png\",\"contentUrl\":\"https:\\\/\\\/lavocedelpaese.info\\\/wp-content\\\/uploads\\\/2023\\\/01\\\/cropped-logo-150-127.png\",\"width\":137,\"height\":119,\"caption\":\"La Voce del Paese\"},\"image\":{\"@id\":\"https:\\\/\\\/lavocedelpaese.info\\\/#\\\/schema\\\/logo\\\/image\\\/\"},\"sameAs\":[\"https:\\\/\\\/www.facebook.com\\\/lavocedelpaese.info\"]},{\"@type\":\"Person\",\"@id\":\"https:\\\/\\\/lavocedelpaese.info\\\/#\\\/schema\\\/person\\\/ec151d321306bd7591f7a061abf72d88\",\"name\":\"admin\",\"image\":{\"@type\":\"ImageObject\",\"inLanguage\":\"it-IT\",\"@id\":\"https:\\\/\\\/secure.gravatar.com\\\/avatar\\\/af8f2caf0663124588de48a9380e07cbc95a74ef15b8062d0d39106c32fe3023?s=96&d=mm&r=g\",\"url\":\"https:\\\/\\\/secure.gravatar.com\\\/avatar\\\/af8f2caf0663124588de48a9380e07cbc95a74ef15b8062d0d39106c32fe3023?s=96&d=mm&r=g\",\"contentUrl\":\"https:\\\/\\\/secure.gravatar.com\\\/avatar\\\/af8f2caf0663124588de48a9380e07cbc95a74ef15b8062d0d39106c32fe3023?s=96&d=mm&r=g\",\"caption\":\"admin\"},\"sameAs\":[\"https:\\\/\\\/lavocedelpaese.info\"],\"url\":\"https:\\\/\\\/lavocedelpaese.info\\\/index.php\\\/author\\\/admin\\\/\"}]}<\/script>\n<!-- \/ Yoast SEO plugin. -->","yoast_head_json":{"title":"Lo stato della ricerca sulla Xylella Fastidiosa\u00a0\u200b - La Voce del Paese","robots":{"index":"index","follow":"follow","max-snippet":"max-snippet:-1","max-image-preview":"max-image-preview:large","max-video-preview":"max-video-preview:-1"},"canonical":"https:\/\/lavocedelpaese.info\/index.php\/2025\/03\/10\/lo-stato-della-ricerca-sulla-xylella-fastidiosa\/","og_locale":"it_IT","og_type":"article","og_title":"Lo stato della ricerca sulla Xylella Fastidiosa\u00a0\u200b - La Voce del Paese","og_description":"\u00a0 \u200b\u00a0 \u200b\u00a0 IL GAL PROMUOVE UN CICLO DI CONVEGNI PER SENSIBILIZZARE LE IMPRESE NELLA LOTTA ALLA XYLELLA FASTIDIOSA. IL","og_url":"https:\/\/lavocedelpaese.info\/index.php\/2025\/03\/10\/lo-stato-della-ricerca-sulla-xylella-fastidiosa\/","og_site_name":"La Voce del Paese","article_publisher":"https:\/\/www.facebook.com\/lavocedelpaese.info","article_published_time":"2025-03-10T19:13:41+00:00","author":"admin","twitter_card":"summary_large_image","twitter_misc":{"Scritto da":"admin","Tempo di lettura stimato":"3 minuti"},"schema":{"@context":"https:\/\/schema.org","@graph":[{"@type":"Article","@id":"https:\/\/lavocedelpaese.info\/index.php\/2025\/03\/10\/lo-stato-della-ricerca-sulla-xylella-fastidiosa\/#article","isPartOf":{"@id":"https:\/\/lavocedelpaese.info\/index.php\/2025\/03\/10\/lo-stato-della-ricerca-sulla-xylella-fastidiosa\/"},"author":{"name":"admin","@id":"https:\/\/lavocedelpaese.info\/#\/schema\/person\/ec151d321306bd7591f7a061abf72d88"},"headline":"Lo stato della ricerca sulla Xylella Fastidiosa\u00a0\u200b","datePublished":"2025-03-10T19:13:41+00:00","mainEntityOfPage":{"@id":"https:\/\/lavocedelpaese.info\/index.php\/2025\/03\/10\/lo-stato-della-ricerca-sulla-xylella-fastidiosa\/"},"wordCount":646,"commentCount":0,"publisher":{"@id":"https:\/\/lavocedelpaese.info\/#organization"},"image":{"@id":"https:\/\/lavocedelpaese.info\/index.php\/2025\/03\/10\/lo-stato-della-ricerca-sulla-xylella-fastidiosa\/#primaryimage"},"thumbnailUrl":"https:\/\/lavocedelpaese.info\/wp-content\/uploads\/2025\/03\/70x100_13mar_page-0001-X3ncMT.jpeg","articleSection":["network"],"inLanguage":"it-IT","potentialAction":[{"@type":"CommentAction","name":"Comment","target":["https:\/\/lavocedelpaese.info\/index.php\/2025\/03\/10\/lo-stato-della-ricerca-sulla-xylella-fastidiosa\/#respond"]}]},{"@type":"WebPage","@id":"https:\/\/lavocedelpaese.info\/index.php\/2025\/03\/10\/lo-stato-della-ricerca-sulla-xylella-fastidiosa\/","url":"https:\/\/lavocedelpaese.info\/index.php\/2025\/03\/10\/lo-stato-della-ricerca-sulla-xylella-fastidiosa\/","name":"Lo stato della ricerca sulla Xylella Fastidiosa\u00a0\u200b - La Voce del Paese","isPartOf":{"@id":"https:\/\/lavocedelpaese.info\/#website"},"primaryImageOfPage":{"@id":"https:\/\/lavocedelpaese.info\/index.php\/2025\/03\/10\/lo-stato-della-ricerca-sulla-xylella-fastidiosa\/#primaryimage"},"image":{"@id":"https:\/\/lavocedelpaese.info\/index.php\/2025\/03\/10\/lo-stato-della-ricerca-sulla-xylella-fastidiosa\/#primaryimage"},"thumbnailUrl":"https:\/\/lavocedelpaese.info\/wp-content\/uploads\/2025\/03\/70x100_13mar_page-0001-X3ncMT.jpeg","datePublished":"2025-03-10T19:13:41+00:00","breadcrumb":{"@id":"https:\/\/lavocedelpaese.info\/index.php\/2025\/03\/10\/lo-stato-della-ricerca-sulla-xylella-fastidiosa\/#breadcrumb"},"inLanguage":"it-IT","potentialAction":[{"@type":"ReadAction","target":["https:\/\/lavocedelpaese.info\/index.php\/2025\/03\/10\/lo-stato-della-ricerca-sulla-xylella-fastidiosa\/"]}]},{"@type":"ImageObject","inLanguage":"it-IT","@id":"https:\/\/lavocedelpaese.info\/index.php\/2025\/03\/10\/lo-stato-della-ricerca-sulla-xylella-fastidiosa\/#primaryimage","url":"https:\/\/lavocedelpaese.info\/wp-content\/uploads\/2025\/03\/70x100_13mar_page-0001-X3ncMT.jpeg","contentUrl":"https:\/\/lavocedelpaese.info\/wp-content\/uploads\/2025\/03\/70x100_13mar_page-0001-X3ncMT.jpeg","width":565,"height":800},{"@type":"BreadcrumbList","@id":"https:\/\/lavocedelpaese.info\/index.php\/2025\/03\/10\/lo-stato-della-ricerca-sulla-xylella-fastidiosa\/#breadcrumb","itemListElement":[{"@type":"ListItem","position":1,"name":"Home","item":"https:\/\/lavocedelpaese.info\/"},{"@type":"ListItem","position":2,"name":"Lo stato della ricerca sulla Xylella Fastidiosa\u00a0\u200b"}]},{"@type":"WebSite","@id":"https:\/\/lavocedelpaese.info\/#website","url":"https:\/\/lavocedelpaese.info\/","name":"La Voce del Paese","description":"Un network di idee","publisher":{"@id":"https:\/\/lavocedelpaese.info\/#organization"},"potentialAction":[{"@type":"SearchAction","target":{"@type":"EntryPoint","urlTemplate":"https:\/\/lavocedelpaese.info\/?s={search_term_string}"},"query-input":{"@type":"PropertyValueSpecification","valueRequired":true,"valueName":"search_term_string"}}],"inLanguage":"it-IT"},{"@type":"Organization","@id":"https:\/\/lavocedelpaese.info\/#organization","name":"La Voce del Paese","url":"https:\/\/lavocedelpaese.info\/","logo":{"@type":"ImageObject","inLanguage":"it-IT","@id":"https:\/\/lavocedelpaese.info\/#\/schema\/logo\/image\/","url":"https:\/\/lavocedelpaese.info\/wp-content\/uploads\/2023\/01\/cropped-logo-150-127.png","contentUrl":"https:\/\/lavocedelpaese.info\/wp-content\/uploads\/2023\/01\/cropped-logo-150-127.png","width":137,"height":119,"caption":"La Voce del Paese"},"image":{"@id":"https:\/\/lavocedelpaese.info\/#\/schema\/logo\/image\/"},"sameAs":["https:\/\/www.facebook.com\/lavocedelpaese.info"]},{"@type":"Person","@id":"https:\/\/lavocedelpaese.info\/#\/schema\/person\/ec151d321306bd7591f7a061abf72d88","name":"admin","image":{"@type":"ImageObject","inLanguage":"it-IT","@id":"https:\/\/secure.gravatar.com\/avatar\/af8f2caf0663124588de48a9380e07cbc95a74ef15b8062d0d39106c32fe3023?s=96&d=mm&r=g","url":"https:\/\/secure.gravatar.com\/avatar\/af8f2caf0663124588de48a9380e07cbc95a74ef15b8062d0d39106c32fe3023?s=96&d=mm&r=g","contentUrl":"https:\/\/secure.gravatar.com\/avatar\/af8f2caf0663124588de48a9380e07cbc95a74ef15b8062d0d39106c32fe3023?s=96&d=mm&r=g","caption":"admin"},"sameAs":["https:\/\/lavocedelpaese.info"],"url":"https:\/\/lavocedelpaese.info\/index.php\/author\/admin\/"}]}},"_links":{"self":[{"href":"https:\/\/lavocedelpaese.info\/index.php\/wp-json\/wp\/v2\/posts\/8973","targetHints":{"allow":["GET"]}}],"collection":[{"href":"https:\/\/lavocedelpaese.info\/index.php\/wp-json\/wp\/v2\/posts"}],"about":[{"href":"https:\/\/lavocedelpaese.info\/index.php\/wp-json\/wp\/v2\/types\/post"}],"author":[{"embeddable":true,"href":"https:\/\/lavocedelpaese.info\/index.php\/wp-json\/wp\/v2\/users\/6"}],"replies":[{"embeddable":true,"href":"https:\/\/lavocedelpaese.info\/index.php\/wp-json\/wp\/v2\/comments?post=8973"}],"version-history":[{"count":0,"href":"https:\/\/lavocedelpaese.info\/index.php\/wp-json\/wp\/v2\/posts\/8973\/revisions"}],"wp:featuredmedia":[{"embeddable":true,"href":"https:\/\/lavocedelpaese.info\/index.php\/wp-json\/wp\/v2\/media\/8974"}],"wp:attachment":[{"href":"https:\/\/lavocedelpaese.info\/index.php\/wp-json\/wp\/v2\/media?parent=8973"}],"wp:term":[{"taxonomy":"category","embeddable":true,"href":"https:\/\/lavocedelpaese.info\/index.php\/wp-json\/wp\/v2\/categories?post=8973"},{"taxonomy":"post_tag","embeddable":true,"href":"https:\/\/lavocedelpaese.info\/index.php\/wp-json\/wp\/v2\/tags?post=8973"}],"curies":[{"name":"wp","href":"https:\/\/api.w.org\/{rel}","templated":true}]}}