{"id":8962,"date":"2025-03-10T07:23:21","date_gmt":"2025-03-10T07:23:21","guid":{"rendered":"https:\/\/lavocedelpaese.info\/index.php\/2025\/03\/10\/race-for-the-cure-comincia-il-conto-alla-rovescia\/"},"modified":"2025-03-10T07:23:21","modified_gmt":"2025-03-10T07:23:21","slug":"race-for-the-cure-comincia-il-conto-alla-rovescia","status":"publish","type":"post","link":"https:\/\/lavocedelpaese.info\/index.php\/2025\/03\/10\/race-for-the-cure-comincia-il-conto-alla-rovescia\/","title":{"rendered":"\u201cRace for the cure\u201d: comincia il conto alla rovescia\u00a0\u200b"},"content":{"rendered":"<p>\u00a0<\/p>\n<p>\u200b\u00a0<\/p>\n<p>\u200b\u00a0<\/p>\n<p>Grazie alle oltre 18mila presenze della Race for the cure del 2024 e a tutte le iniziative svolte nell\u2019anno passato dal comitato Puglia della Susan G. Komen Italia, sono stati raccolti 165mila euro, una cifra importante che testimonia il lavoro comune di tante persone che durante l\u2019anno hanno operato per rendere questo possibile.<\/p>\n<p>I fondi raccolti, ricordiamo, saranno interamente destinati a futuri progetti rivolti alle donne in rosa. Questo consentir\u00e0 al comitato Puglia di Komen Italia di ampliare il sostegno e l\u2019aiuto offerto alle donne che hanno o hanno avuto un tumore al seno.<\/p>\n<p>Tutte le iniziative messe in campo quest\u2019anno, dai progetti ospedalieri alla carovana della prevenzione, non potrebbero essere realizzati se non ci fosse un contributo importante, quello del tempo, il tempo che tutta la rete Komen, medici e volontari dedicano alla causa comune.<\/p>\n<p>Nel 2024 \u00e8 stato possibile organizzare 23 tappe della Carovana della prevenzione in Puglia, toccando i comuni di: Bari, Bitritto, Casamassima, Conversano, Corato, Galatina, Giovinazzo, Manfredonia, Maruggio, Putignano, Ruvo, Santeramo, Taranto, Tricase e Triggiano.<\/p>\n<p>Sono state visitate 822 pazienti in senologia, 166 in ginecologia, 19 in urologia, 54 in consulenza nutrizionale, 109 in dermatologia e 89 in endocrinologia. Riscontrando 30 casi sospetti.<\/p>\n<p>\u201cIl tuo tempo, il nostro tempo \u00e8 la frase che ho scelto per rimarcare quanto sia indispensabile il tempo che ognuno di noi dedica agli altri, quel nostro tempo piccolo si moltiplica, cresce, a cascata diviene qualcosa di concreto. Donare un minuto, un\u2019ora \u00e8 come dare possibilit\u00e0 infinite di creare nuove connessioni, nuove emozioni. Il tuo tempo il nostro tempo \u00e8 donarci la possibilit\u00e0 di condividere un percorso\u201d ha dichiarato Linda Catucci, presidente del comitato Puglia della Susan G. Komen Italia durante la prima riunione organizzativa, questa mattina al centro polifunzionale studenti di Bari<\/p>\n<p>Durante l\u2019incontro sono state presentate le nuove tappe della Carovana della prevenzione di marzo: Carpino 20 marzo, Triggiano 21 marzo, Corato 22 marzo, Santeramo in Colle 23 e 24 marzo.<\/p>\n<p>\u201cComincia oggi il conto alla rovescia per la Race for the Cure che si terr\u00e0 il 18 maggio. Oggi siamo qui con un vernissage della solidariet\u00e0 che non \u00e8 altro che l\u2019esposizione plastica e sentimentale delle emozioni di tutte le donne in rosa, delle persone vicine alla Komen e di chi partecipa alla Race for the cure, che \u00e8 un giorno di condivisione, un giorno in cui ci si ritrova uniti, perch\u00e9 questo fa la Komen Puglia, unisce, crea connessioni, legami, amicizie. Le foto delle nostre volontarie in mostra oggi, sono la testimonianza concreta di quanto sia grande, solida, generosa e inclusiva la grande famiglia Komen\u201d conclude Linda Catucci.<\/p>\n<figure class=\"wp-block-image size-large\"><img decoding=\"async\" width=\"1024\" height=\"682\" src=\"https:\/\/cassano.lavocedelpaese.info\/wp-content\/uploads\/2025\/03\/WhatsApp-Image-2025-03-08-at-13.26.16-1024x682.jpeg\" alt=\"\" class=\"wp-image-6200\"\/><\/figure>\n<p><a class=\"a2a_button_facebook\" href=\"https:\/\/www.addtoany.com\/add_to\/facebook?linkurl=https%3A%2F%2Fcassano.lavocedelpaese.info%2Frace-for-the-cure-comincia-il-conto-alla-rovescia%2F&amp;linkname=%E2%80%9CRace%20for%20the%20cure%E2%80%9D%3A%20comincia%20il%20conto%20alla%20rovescia\" title=\"Facebook\" rel=\"nofollow noopener\" target=\"_blank\"><\/a><a class=\"a2a_button_twitter\" href=\"https:\/\/www.addtoany.com\/add_to\/twitter?linkurl=https%3A%2F%2Fcassano.lavocedelpaese.info%2Frace-for-the-cure-comincia-il-conto-alla-rovescia%2F&amp;linkname=%E2%80%9CRace%20for%20the%20cure%E2%80%9D%3A%20comincia%20il%20conto%20alla%20rovescia\" title=\"Twitter\" rel=\"nofollow noopener\" target=\"_blank\"><\/a><a class=\"a2a_button_whatsapp\" href=\"https:\/\/www.addtoany.com\/add_to\/whatsapp?linkurl=https%3A%2F%2Fcassano.lavocedelpaese.info%2Frace-for-the-cure-comincia-il-conto-alla-rovescia%2F&amp;linkname=%E2%80%9CRace%20for%20the%20cure%E2%80%9D%3A%20comincia%20il%20conto%20alla%20rovescia\" title=\"WhatsApp\" rel=\"nofollow noopener\" target=\"_blank\"><\/a><a class=\"a2a_button_telegram\" href=\"https:\/\/www.addtoany.com\/add_to\/telegram?linkurl=https%3A%2F%2Fcassano.lavocedelpaese.info%2Frace-for-the-cure-comincia-il-conto-alla-rovescia%2F&amp;linkname=%E2%80%9CRace%20for%20the%20cure%E2%80%9D%3A%20comincia%20il%20conto%20alla%20rovescia\" title=\"Telegram\" rel=\"nofollow noopener\" target=\"_blank\"><\/a><a class=\"a2a_button_email\" href=\"https:\/\/www.addtoany.com\/add_to\/email?linkurl=https%3A%2F%2Fcassano.lavocedelpaese.info%2Frace-for-the-cure-comincia-il-conto-alla-rovescia%2F&amp;linkname=%E2%80%9CRace%20for%20the%20cure%E2%80%9D%3A%20comincia%20il%20conto%20alla%20rovescia\" title=\"Email\" rel=\"nofollow noopener\" target=\"_blank\"><\/a><\/p>\n<p>\u00a0<\/p>\n<p>\u00a0<\/p>\n<p>\u200b\u00a0\u00a0\u00a0<\/p>","protected":false},"excerpt":{"rendered":"<p>\u00a0 \u200b\u00a0 \u200b\u00a0 Grazie alle oltre 18mila presenze della Race for the cure del 2024 e a tutte le iniziative<\/p>\n","protected":false},"author":6,"featured_media":8963,"comment_status":"open","ping_status":"closed","sticky":false,"template":"","format":"standard","meta":{"colormag_page_container_layout":"default_layout","colormag_page_sidebar_layout":"default_layout","footnotes":""},"categories":[33],"tags":[],"class_list":["post-8962","post","type-post","status-publish","format-standard","has-post-thumbnail","hentry","category-network"],"yoast_head":"<!-- This site is optimized with the Yoast SEO plugin v27.5 - https:\/\/yoast.com\/product\/yoast-seo-wordpress\/ -->\n<title>\u201cRace for the cure\u201d: comincia il conto alla rovescia\u00a0\u200b - La Voce del Paese<\/title>\n<meta name=\"robots\" content=\"index, follow, max-snippet:-1, max-image-preview:large, max-video-preview:-1\" \/>\n<link rel=\"canonical\" href=\"https:\/\/lavocedelpaese.info\/index.php\/2025\/03\/10\/race-for-the-cure-comincia-il-conto-alla-rovescia\/\" \/>\n<meta property=\"og:locale\" content=\"it_IT\" \/>\n<meta property=\"og:type\" content=\"article\" \/>\n<meta property=\"og:title\" content=\"\u201cRace for the cure\u201d: comincia il conto alla rovescia\u00a0\u200b - La Voce del Paese\" \/>\n<meta property=\"og:description\" content=\"\u00a0 \u200b\u00a0 \u200b\u00a0 Grazie alle oltre 18mila presenze della Race for the cure del 2024 e a tutte le iniziative\" \/>\n<meta property=\"og:url\" content=\"https:\/\/lavocedelpaese.info\/index.php\/2025\/03\/10\/race-for-the-cure-comincia-il-conto-alla-rovescia\/\" \/>\n<meta property=\"og:site_name\" content=\"La Voce del Paese\" \/>\n<meta property=\"article:publisher\" content=\"https:\/\/www.facebook.com\/lavocedelpaese.info\" \/>\n<meta property=\"article:published_time\" content=\"2025-03-10T07:23:21+00:00\" \/>\n<meta name=\"author\" content=\"admin\" \/>\n<meta name=\"twitter:card\" content=\"summary_large_image\" \/>\n<meta name=\"twitter:label1\" content=\"Scritto da\" \/>\n\t<meta name=\"twitter:data1\" content=\"admin\" \/>\n\t<meta name=\"twitter:label2\" content=\"Tempo di lettura stimato\" \/>\n\t<meta name=\"twitter:data2\" content=\"2 minuti\" \/>\n<script type=\"application\/ld+json\" class=\"yoast-schema-graph\">{\"@context\":\"https:\\\/\\\/schema.org\",\"@graph\":[{\"@type\":\"Article\",\"@id\":\"https:\\\/\\\/lavocedelpaese.info\\\/index.php\\\/2025\\\/03\\\/10\\\/race-for-the-cure-comincia-il-conto-alla-rovescia\\\/#article\",\"isPartOf\":{\"@id\":\"https:\\\/\\\/lavocedelpaese.info\\\/index.php\\\/2025\\\/03\\\/10\\\/race-for-the-cure-comincia-il-conto-alla-rovescia\\\/\"},\"author\":{\"name\":\"admin\",\"@id\":\"https:\\\/\\\/lavocedelpaese.info\\\/#\\\/schema\\\/person\\\/ec151d321306bd7591f7a061abf72d88\"},\"headline\":\"\u201cRace for the cure\u201d: comincia il conto alla rovescia\u00a0\u200b\",\"datePublished\":\"2025-03-10T07:23:21+00:00\",\"mainEntityOfPage\":{\"@id\":\"https:\\\/\\\/lavocedelpaese.info\\\/index.php\\\/2025\\\/03\\\/10\\\/race-for-the-cure-comincia-il-conto-alla-rovescia\\\/\"},\"wordCount\":425,\"commentCount\":0,\"publisher\":{\"@id\":\"https:\\\/\\\/lavocedelpaese.info\\\/#organization\"},\"image\":{\"@id\":\"https:\\\/\\\/lavocedelpaese.info\\\/index.php\\\/2025\\\/03\\\/10\\\/race-for-the-cure-comincia-il-conto-alla-rovescia\\\/#primaryimage\"},\"thumbnailUrl\":\"https:\\\/\\\/lavocedelpaese.info\\\/wp-content\\\/uploads\\\/2025\\\/03\\\/WhatsApp-Image-2025-03-08-at-13.26.16-1024x682-N0bTLy.jpeg\",\"articleSection\":[\"network\"],\"inLanguage\":\"it-IT\",\"potentialAction\":[{\"@type\":\"CommentAction\",\"name\":\"Comment\",\"target\":[\"https:\\\/\\\/lavocedelpaese.info\\\/index.php\\\/2025\\\/03\\\/10\\\/race-for-the-cure-comincia-il-conto-alla-rovescia\\\/#respond\"]}]},{\"@type\":\"WebPage\",\"@id\":\"https:\\\/\\\/lavocedelpaese.info\\\/index.php\\\/2025\\\/03\\\/10\\\/race-for-the-cure-comincia-il-conto-alla-rovescia\\\/\",\"url\":\"https:\\\/\\\/lavocedelpaese.info\\\/index.php\\\/2025\\\/03\\\/10\\\/race-for-the-cure-comincia-il-conto-alla-rovescia\\\/\",\"name\":\"\u201cRace for the cure\u201d: comincia il conto alla rovescia\u00a0\u200b - La Voce del Paese\",\"isPartOf\":{\"@id\":\"https:\\\/\\\/lavocedelpaese.info\\\/#website\"},\"primaryImageOfPage\":{\"@id\":\"https:\\\/\\\/lavocedelpaese.info\\\/index.php\\\/2025\\\/03\\\/10\\\/race-for-the-cure-comincia-il-conto-alla-rovescia\\\/#primaryimage\"},\"image\":{\"@id\":\"https:\\\/\\\/lavocedelpaese.info\\\/index.php\\\/2025\\\/03\\\/10\\\/race-for-the-cure-comincia-il-conto-alla-rovescia\\\/#primaryimage\"},\"thumbnailUrl\":\"https:\\\/\\\/lavocedelpaese.info\\\/wp-content\\\/uploads\\\/2025\\\/03\\\/WhatsApp-Image-2025-03-08-at-13.26.16-1024x682-N0bTLy.jpeg\",\"datePublished\":\"2025-03-10T07:23:21+00:00\",\"breadcrumb\":{\"@id\":\"https:\\\/\\\/lavocedelpaese.info\\\/index.php\\\/2025\\\/03\\\/10\\\/race-for-the-cure-comincia-il-conto-alla-rovescia\\\/#breadcrumb\"},\"inLanguage\":\"it-IT\",\"potentialAction\":[{\"@type\":\"ReadAction\",\"target\":[\"https:\\\/\\\/lavocedelpaese.info\\\/index.php\\\/2025\\\/03\\\/10\\\/race-for-the-cure-comincia-il-conto-alla-rovescia\\\/\"]}]},{\"@type\":\"ImageObject\",\"inLanguage\":\"it-IT\",\"@id\":\"https:\\\/\\\/lavocedelpaese.info\\\/index.php\\\/2025\\\/03\\\/10\\\/race-for-the-cure-comincia-il-conto-alla-rovescia\\\/#primaryimage\",\"url\":\"https:\\\/\\\/lavocedelpaese.info\\\/wp-content\\\/uploads\\\/2025\\\/03\\\/WhatsApp-Image-2025-03-08-at-13.26.16-1024x682-N0bTLy.jpeg\",\"contentUrl\":\"https:\\\/\\\/lavocedelpaese.info\\\/wp-content\\\/uploads\\\/2025\\\/03\\\/WhatsApp-Image-2025-03-08-at-13.26.16-1024x682-N0bTLy.jpeg\",\"width\":1000,\"height\":666},{\"@type\":\"BreadcrumbList\",\"@id\":\"https:\\\/\\\/lavocedelpaese.info\\\/index.php\\\/2025\\\/03\\\/10\\\/race-for-the-cure-comincia-il-conto-alla-rovescia\\\/#breadcrumb\",\"itemListElement\":[{\"@type\":\"ListItem\",\"position\":1,\"name\":\"Home\",\"item\":\"https:\\\/\\\/lavocedelpaese.info\\\/\"},{\"@type\":\"ListItem\",\"position\":2,\"name\":\"\u201cRace for the cure\u201d: comincia il conto alla rovescia\u00a0\u200b\"}]},{\"@type\":\"WebSite\",\"@id\":\"https:\\\/\\\/lavocedelpaese.info\\\/#website\",\"url\":\"https:\\\/\\\/lavocedelpaese.info\\\/\",\"name\":\"La Voce del Paese\",\"description\":\"Un network di idee\",\"publisher\":{\"@id\":\"https:\\\/\\\/lavocedelpaese.info\\\/#organization\"},\"potentialAction\":[{\"@type\":\"SearchAction\",\"target\":{\"@type\":\"EntryPoint\",\"urlTemplate\":\"https:\\\/\\\/lavocedelpaese.info\\\/?s={search_term_string}\"},\"query-input\":{\"@type\":\"PropertyValueSpecification\",\"valueRequired\":true,\"valueName\":\"search_term_string\"}}],\"inLanguage\":\"it-IT\"},{\"@type\":\"Organization\",\"@id\":\"https:\\\/\\\/lavocedelpaese.info\\\/#organization\",\"name\":\"La Voce del Paese\",\"url\":\"https:\\\/\\\/lavocedelpaese.info\\\/\",\"logo\":{\"@type\":\"ImageObject\",\"inLanguage\":\"it-IT\",\"@id\":\"https:\\\/\\\/lavocedelpaese.info\\\/#\\\/schema\\\/logo\\\/image\\\/\",\"url\":\"https:\\\/\\\/lavocedelpaese.info\\\/wp-content\\\/uploads\\\/2023\\\/01\\\/cropped-logo-150-127.png\",\"contentUrl\":\"https:\\\/\\\/lavocedelpaese.info\\\/wp-content\\\/uploads\\\/2023\\\/01\\\/cropped-logo-150-127.png\",\"width\":137,\"height\":119,\"caption\":\"La Voce del Paese\"},\"image\":{\"@id\":\"https:\\\/\\\/lavocedelpaese.info\\\/#\\\/schema\\\/logo\\\/image\\\/\"},\"sameAs\":[\"https:\\\/\\\/www.facebook.com\\\/lavocedelpaese.info\"]},{\"@type\":\"Person\",\"@id\":\"https:\\\/\\\/lavocedelpaese.info\\\/#\\\/schema\\\/person\\\/ec151d321306bd7591f7a061abf72d88\",\"name\":\"admin\",\"image\":{\"@type\":\"ImageObject\",\"inLanguage\":\"it-IT\",\"@id\":\"https:\\\/\\\/secure.gravatar.com\\\/avatar\\\/af8f2caf0663124588de48a9380e07cbc95a74ef15b8062d0d39106c32fe3023?s=96&d=mm&r=g\",\"url\":\"https:\\\/\\\/secure.gravatar.com\\\/avatar\\\/af8f2caf0663124588de48a9380e07cbc95a74ef15b8062d0d39106c32fe3023?s=96&d=mm&r=g\",\"contentUrl\":\"https:\\\/\\\/secure.gravatar.com\\\/avatar\\\/af8f2caf0663124588de48a9380e07cbc95a74ef15b8062d0d39106c32fe3023?s=96&d=mm&r=g\",\"caption\":\"admin\"},\"sameAs\":[\"https:\\\/\\\/lavocedelpaese.info\"],\"url\":\"https:\\\/\\\/lavocedelpaese.info\\\/index.php\\\/author\\\/admin\\\/\"}]}<\/script>\n<!-- \/ Yoast SEO plugin. -->","yoast_head_json":{"title":"\u201cRace for the cure\u201d: comincia il conto alla rovescia\u00a0\u200b - La Voce del Paese","robots":{"index":"index","follow":"follow","max-snippet":"max-snippet:-1","max-image-preview":"max-image-preview:large","max-video-preview":"max-video-preview:-1"},"canonical":"https:\/\/lavocedelpaese.info\/index.php\/2025\/03\/10\/race-for-the-cure-comincia-il-conto-alla-rovescia\/","og_locale":"it_IT","og_type":"article","og_title":"\u201cRace for the cure\u201d: comincia il conto alla rovescia\u00a0\u200b - La Voce del Paese","og_description":"\u00a0 \u200b\u00a0 \u200b\u00a0 Grazie alle oltre 18mila presenze della Race for the cure del 2024 e a tutte le iniziative","og_url":"https:\/\/lavocedelpaese.info\/index.php\/2025\/03\/10\/race-for-the-cure-comincia-il-conto-alla-rovescia\/","og_site_name":"La Voce del Paese","article_publisher":"https:\/\/www.facebook.com\/lavocedelpaese.info","article_published_time":"2025-03-10T07:23:21+00:00","author":"admin","twitter_card":"summary_large_image","twitter_misc":{"Scritto da":"admin","Tempo di lettura stimato":"2 minuti"},"schema":{"@context":"https:\/\/schema.org","@graph":[{"@type":"Article","@id":"https:\/\/lavocedelpaese.info\/index.php\/2025\/03\/10\/race-for-the-cure-comincia-il-conto-alla-rovescia\/#article","isPartOf":{"@id":"https:\/\/lavocedelpaese.info\/index.php\/2025\/03\/10\/race-for-the-cure-comincia-il-conto-alla-rovescia\/"},"author":{"name":"admin","@id":"https:\/\/lavocedelpaese.info\/#\/schema\/person\/ec151d321306bd7591f7a061abf72d88"},"headline":"\u201cRace for the cure\u201d: comincia il conto alla rovescia\u00a0\u200b","datePublished":"2025-03-10T07:23:21+00:00","mainEntityOfPage":{"@id":"https:\/\/lavocedelpaese.info\/index.php\/2025\/03\/10\/race-for-the-cure-comincia-il-conto-alla-rovescia\/"},"wordCount":425,"commentCount":0,"publisher":{"@id":"https:\/\/lavocedelpaese.info\/#organization"},"image":{"@id":"https:\/\/lavocedelpaese.info\/index.php\/2025\/03\/10\/race-for-the-cure-comincia-il-conto-alla-rovescia\/#primaryimage"},"thumbnailUrl":"https:\/\/lavocedelpaese.info\/wp-content\/uploads\/2025\/03\/WhatsApp-Image-2025-03-08-at-13.26.16-1024x682-N0bTLy.jpeg","articleSection":["network"],"inLanguage":"it-IT","potentialAction":[{"@type":"CommentAction","name":"Comment","target":["https:\/\/lavocedelpaese.info\/index.php\/2025\/03\/10\/race-for-the-cure-comincia-il-conto-alla-rovescia\/#respond"]}]},{"@type":"WebPage","@id":"https:\/\/lavocedelpaese.info\/index.php\/2025\/03\/10\/race-for-the-cure-comincia-il-conto-alla-rovescia\/","url":"https:\/\/lavocedelpaese.info\/index.php\/2025\/03\/10\/race-for-the-cure-comincia-il-conto-alla-rovescia\/","name":"\u201cRace for the cure\u201d: comincia il conto alla rovescia\u00a0\u200b - La Voce del Paese","isPartOf":{"@id":"https:\/\/lavocedelpaese.info\/#website"},"primaryImageOfPage":{"@id":"https:\/\/lavocedelpaese.info\/index.php\/2025\/03\/10\/race-for-the-cure-comincia-il-conto-alla-rovescia\/#primaryimage"},"image":{"@id":"https:\/\/lavocedelpaese.info\/index.php\/2025\/03\/10\/race-for-the-cure-comincia-il-conto-alla-rovescia\/#primaryimage"},"thumbnailUrl":"https:\/\/lavocedelpaese.info\/wp-content\/uploads\/2025\/03\/WhatsApp-Image-2025-03-08-at-13.26.16-1024x682-N0bTLy.jpeg","datePublished":"2025-03-10T07:23:21+00:00","breadcrumb":{"@id":"https:\/\/lavocedelpaese.info\/index.php\/2025\/03\/10\/race-for-the-cure-comincia-il-conto-alla-rovescia\/#breadcrumb"},"inLanguage":"it-IT","potentialAction":[{"@type":"ReadAction","target":["https:\/\/lavocedelpaese.info\/index.php\/2025\/03\/10\/race-for-the-cure-comincia-il-conto-alla-rovescia\/"]}]},{"@type":"ImageObject","inLanguage":"it-IT","@id":"https:\/\/lavocedelpaese.info\/index.php\/2025\/03\/10\/race-for-the-cure-comincia-il-conto-alla-rovescia\/#primaryimage","url":"https:\/\/lavocedelpaese.info\/wp-content\/uploads\/2025\/03\/WhatsApp-Image-2025-03-08-at-13.26.16-1024x682-N0bTLy.jpeg","contentUrl":"https:\/\/lavocedelpaese.info\/wp-content\/uploads\/2025\/03\/WhatsApp-Image-2025-03-08-at-13.26.16-1024x682-N0bTLy.jpeg","width":1000,"height":666},{"@type":"BreadcrumbList","@id":"https:\/\/lavocedelpaese.info\/index.php\/2025\/03\/10\/race-for-the-cure-comincia-il-conto-alla-rovescia\/#breadcrumb","itemListElement":[{"@type":"ListItem","position":1,"name":"Home","item":"https:\/\/lavocedelpaese.info\/"},{"@type":"ListItem","position":2,"name":"\u201cRace for the cure\u201d: comincia il conto alla rovescia\u00a0\u200b"}]},{"@type":"WebSite","@id":"https:\/\/lavocedelpaese.info\/#website","url":"https:\/\/lavocedelpaese.info\/","name":"La Voce del Paese","description":"Un network di idee","publisher":{"@id":"https:\/\/lavocedelpaese.info\/#organization"},"potentialAction":[{"@type":"SearchAction","target":{"@type":"EntryPoint","urlTemplate":"https:\/\/lavocedelpaese.info\/?s={search_term_string}"},"query-input":{"@type":"PropertyValueSpecification","valueRequired":true,"valueName":"search_term_string"}}],"inLanguage":"it-IT"},{"@type":"Organization","@id":"https:\/\/lavocedelpaese.info\/#organization","name":"La Voce del Paese","url":"https:\/\/lavocedelpaese.info\/","logo":{"@type":"ImageObject","inLanguage":"it-IT","@id":"https:\/\/lavocedelpaese.info\/#\/schema\/logo\/image\/","url":"https:\/\/lavocedelpaese.info\/wp-content\/uploads\/2023\/01\/cropped-logo-150-127.png","contentUrl":"https:\/\/lavocedelpaese.info\/wp-content\/uploads\/2023\/01\/cropped-logo-150-127.png","width":137,"height":119,"caption":"La Voce del Paese"},"image":{"@id":"https:\/\/lavocedelpaese.info\/#\/schema\/logo\/image\/"},"sameAs":["https:\/\/www.facebook.com\/lavocedelpaese.info"]},{"@type":"Person","@id":"https:\/\/lavocedelpaese.info\/#\/schema\/person\/ec151d321306bd7591f7a061abf72d88","name":"admin","image":{"@type":"ImageObject","inLanguage":"it-IT","@id":"https:\/\/secure.gravatar.com\/avatar\/af8f2caf0663124588de48a9380e07cbc95a74ef15b8062d0d39106c32fe3023?s=96&d=mm&r=g","url":"https:\/\/secure.gravatar.com\/avatar\/af8f2caf0663124588de48a9380e07cbc95a74ef15b8062d0d39106c32fe3023?s=96&d=mm&r=g","contentUrl":"https:\/\/secure.gravatar.com\/avatar\/af8f2caf0663124588de48a9380e07cbc95a74ef15b8062d0d39106c32fe3023?s=96&d=mm&r=g","caption":"admin"},"sameAs":["https:\/\/lavocedelpaese.info"],"url":"https:\/\/lavocedelpaese.info\/index.php\/author\/admin\/"}]}},"_links":{"self":[{"href":"https:\/\/lavocedelpaese.info\/index.php\/wp-json\/wp\/v2\/posts\/8962","targetHints":{"allow":["GET"]}}],"collection":[{"href":"https:\/\/lavocedelpaese.info\/index.php\/wp-json\/wp\/v2\/posts"}],"about":[{"href":"https:\/\/lavocedelpaese.info\/index.php\/wp-json\/wp\/v2\/types\/post"}],"author":[{"embeddable":true,"href":"https:\/\/lavocedelpaese.info\/index.php\/wp-json\/wp\/v2\/users\/6"}],"replies":[{"embeddable":true,"href":"https:\/\/lavocedelpaese.info\/index.php\/wp-json\/wp\/v2\/comments?post=8962"}],"version-history":[{"count":0,"href":"https:\/\/lavocedelpaese.info\/index.php\/wp-json\/wp\/v2\/posts\/8962\/revisions"}],"wp:featuredmedia":[{"embeddable":true,"href":"https:\/\/lavocedelpaese.info\/index.php\/wp-json\/wp\/v2\/media\/8963"}],"wp:attachment":[{"href":"https:\/\/lavocedelpaese.info\/index.php\/wp-json\/wp\/v2\/media?parent=8962"}],"wp:term":[{"taxonomy":"category","embeddable":true,"href":"https:\/\/lavocedelpaese.info\/index.php\/wp-json\/wp\/v2\/categories?post=8962"},{"taxonomy":"post_tag","embeddable":true,"href":"https:\/\/lavocedelpaese.info\/index.php\/wp-json\/wp\/v2\/tags?post=8962"}],"curies":[{"name":"wp","href":"https:\/\/api.w.org\/{rel}","templated":true}]}}