{"id":8947,"date":"2025-03-06T19:13:59","date_gmt":"2025-03-06T19:13:59","guid":{"rendered":"https:\/\/lavocedelpaese.info\/index.php\/2025\/03\/06\/consulta-delle-associazioni-che-fine-ha-fatto\/"},"modified":"2025-03-06T19:13:59","modified_gmt":"2025-03-06T19:13:59","slug":"consulta-delle-associazioni-che-fine-ha-fatto","status":"publish","type":"post","link":"https:\/\/lavocedelpaese.info\/index.php\/2025\/03\/06\/consulta-delle-associazioni-che-fine-ha-fatto\/","title":{"rendered":"Consulta delle Associazioni: che fine ha fatto?\u00a0\u200b"},"content":{"rendered":"<p>\u00a0<\/p>\n<p>\u200b\u00a0<\/p>\n<p>\u200b\u00a0<\/p>\n<p>Sono 72, secondo l\u2019ultimo aggiornamento del 28 febbraio scorso, le Associazioni cassanesi iscritte all\u2019Albo Comunale che dovrebbero poi dare vita alla Consulta Comunale delle Associazioni. Consulta che, dopo la diffida da parte del Comune di Cassano al Presidente in carica, Leonardo Losito (nel lontano ottobre 2022) a seguito delle elezioni-farsa del luglio 2021, quando a d eleggere il Direttivo della Consulta c\u2019erano appena 8 associazioni e solo 4 voti validi, \u00e8 caduta nel limbo dell\u2019inconsistenza.<\/p>\n<p>Dopo la riunione del Direttivo convocata da Losito il 14 ottobre del 2022 alla quale si presentarono i Carabinieri, su segnalazione del Sindaco Davide Del Re in quanto la stessa si tenne presso i locali comunali della Biblioteca, nulla \u00e8 pi\u00f9 successo. Stando al Regolamento comunale che disciplina la vita della Consulta la durata in carica del Direttivo \u00e8 di 3 anni e dunque i termini sarebbero gi\u00e0 scaduti (nel luglio dello scorso anno).<\/p>\n<p>Gi\u00e0: ma proprio il Regolamento non prevede nulla a proposito di <em>vacatio<\/em> di poteri e ruoli; in altre parole: chi deve convocare l\u2019Assemblea per procedere a nuove elezioni?<\/p>\n<p>Le associazioni si potrebbero auto-convocare ma difficilmente qualcuno prender\u00e0 l\u2019iniziativa.<\/p>\n<p>Dovrebbe essere, dunque, l\u2019Amministrazione Comunale cos\u00ec come sollecitata, durante il Consiglio Comunale del 30 dicembre, da parte della Consigliera Raffaella Casamassima che all\u2019Assessore al ramo, Marika Tassielli ha sollecitato la ricostituzione della Consulta, del suo Direttivo e dunque nuove elezioni.<\/p>\n<p>L\u2019Assessore ha detto che le associazioni lavorano e dialogano con il Comune, anche senza Consulta. Il che lascia presagire che nulla accadr\u00e0.<\/p>\n<p>La Consiglier di minoranza \u00e8 tornata qualche giorno fa alla carica con un post sulla sua pagina FB nel quale si riprendono alcuni articoli dello Statuto Comunale e se ne sollecita l\u2019applicazione.<\/p>\n<p>\u201cDopo 3 anni di amministrazione \u2013 scrive la Casamassima \u2013 il Sindaco Del Re, l\u2019Assessore alla cultura Lionetti e l\u2019Assessore Tassielli delegata ai rapporti con le Associazioni non sono in grado di riattivare un organo che \u00e8 il luogo deputato al confronto democratico tra le stesse e con l\u2019amministrazione in carica. Cartelloni le cui iniziative sono lasciate alle scelte politiche anche quando si creano avvisi pubblici le cui commissioni deputate a decidere chi deve fare cosa e con quali somme sono gli uffici e gli organi politici stessi. Dov\u2019\u00e8 la tanto decantata amministrazione della partecipazione? Dov\u2019\u00e8 l\u2019amministrazione che avrebbe dovuto risolvere ogni problema del passato?\u201d<\/p>\n<p>D\u2019altra parte n\u00e9 la Consulta delle Associazioni n\u00e9 gli altri organismi di partecipazione previsti dallo Statuto Comunale (ce ne sarebbe una dedicata all\u2019economia e attivit\u00e0 produttive e se ne vorrebbero creare una alla cultura ed un\u2019altra per la disabilit\u00e0\u2026) sono all\u2019attenzione dell\u2019Amministrazione Del Re che evidentemente, come d\u2019altra parte le precedenti amministrazioni, preferiscono un rapporto \u201cpersonale\u201d con chi sul territorio si spende per gli altri.<\/p>\n<p><a class=\"a2a_button_facebook\" href=\"https:\/\/www.addtoany.com\/add_to\/facebook?linkurl=https%3A%2F%2Fcassano.lavocedelpaese.info%2Fconsulta-delle-associazioni-che-fine-ha-fatto%2F&amp;linkname=Consulta%20delle%20Associazioni%3A%20che%20fine%20ha%20fatto%3F\" title=\"Facebook\" rel=\"nofollow noopener\" target=\"_blank\"><\/a><a class=\"a2a_button_twitter\" href=\"https:\/\/www.addtoany.com\/add_to\/twitter?linkurl=https%3A%2F%2Fcassano.lavocedelpaese.info%2Fconsulta-delle-associazioni-che-fine-ha-fatto%2F&amp;linkname=Consulta%20delle%20Associazioni%3A%20che%20fine%20ha%20fatto%3F\" title=\"Twitter\" rel=\"nofollow noopener\" target=\"_blank\"><\/a><a class=\"a2a_button_whatsapp\" href=\"https:\/\/www.addtoany.com\/add_to\/whatsapp?linkurl=https%3A%2F%2Fcassano.lavocedelpaese.info%2Fconsulta-delle-associazioni-che-fine-ha-fatto%2F&amp;linkname=Consulta%20delle%20Associazioni%3A%20che%20fine%20ha%20fatto%3F\" title=\"WhatsApp\" rel=\"nofollow noopener\" target=\"_blank\"><\/a><a class=\"a2a_button_telegram\" href=\"https:\/\/www.addtoany.com\/add_to\/telegram?linkurl=https%3A%2F%2Fcassano.lavocedelpaese.info%2Fconsulta-delle-associazioni-che-fine-ha-fatto%2F&amp;linkname=Consulta%20delle%20Associazioni%3A%20che%20fine%20ha%20fatto%3F\" title=\"Telegram\" rel=\"nofollow noopener\" target=\"_blank\"><\/a><a class=\"a2a_button_email\" href=\"https:\/\/www.addtoany.com\/add_to\/email?linkurl=https%3A%2F%2Fcassano.lavocedelpaese.info%2Fconsulta-delle-associazioni-che-fine-ha-fatto%2F&amp;linkname=Consulta%20delle%20Associazioni%3A%20che%20fine%20ha%20fatto%3F\" title=\"Email\" rel=\"nofollow noopener\" target=\"_blank\"><\/a><\/p>\n<p>\u00a0<\/p>\n<p>\u00a0<\/p>\n<p>\u200b\u00a0\u00a0\u00a0<\/p>","protected":false},"excerpt":{"rendered":"<p>\u00a0 \u200b\u00a0 \u200b\u00a0 Sono 72, secondo l\u2019ultimo aggiornamento del 28 febbraio scorso, le Associazioni cassanesi iscritte all\u2019Albo Comunale che dovrebbero<\/p>\n","protected":false},"author":6,"featured_media":730,"comment_status":"open","ping_status":"closed","sticky":false,"template":"","format":"standard","meta":{"colormag_page_container_layout":"default_layout","colormag_page_sidebar_layout":"default_layout","footnotes":""},"categories":[33],"tags":[],"class_list":["post-8947","post","type-post","status-publish","format-standard","has-post-thumbnail","hentry","category-network"],"yoast_head":"<!-- This site is optimized with the Yoast SEO plugin v27.5 - https:\/\/yoast.com\/product\/yoast-seo-wordpress\/ -->\n<title>Consulta delle Associazioni: che fine ha fatto?\u00a0\u200b - La Voce del Paese<\/title>\n<meta name=\"robots\" content=\"index, follow, max-snippet:-1, max-image-preview:large, max-video-preview:-1\" \/>\n<link rel=\"canonical\" href=\"https:\/\/lavocedelpaese.info\/index.php\/2025\/03\/06\/consulta-delle-associazioni-che-fine-ha-fatto\/\" \/>\n<meta property=\"og:locale\" content=\"it_IT\" \/>\n<meta property=\"og:type\" content=\"article\" \/>\n<meta property=\"og:title\" content=\"Consulta delle Associazioni: che fine ha fatto?\u00a0\u200b - La Voce del Paese\" \/>\n<meta property=\"og:description\" content=\"\u00a0 \u200b\u00a0 \u200b\u00a0 Sono 72, secondo l\u2019ultimo aggiornamento del 28 febbraio scorso, le Associazioni cassanesi iscritte all\u2019Albo Comunale che dovrebbero\" \/>\n<meta property=\"og:url\" content=\"https:\/\/lavocedelpaese.info\/index.php\/2025\/03\/06\/consulta-delle-associazioni-che-fine-ha-fatto\/\" \/>\n<meta property=\"og:site_name\" content=\"La Voce del Paese\" \/>\n<meta property=\"article:publisher\" content=\"https:\/\/www.facebook.com\/lavocedelpaese.info\" \/>\n<meta property=\"article:published_time\" content=\"2025-03-06T19:13:59+00:00\" \/>\n<meta name=\"author\" content=\"admin\" \/>\n<meta name=\"twitter:card\" content=\"summary_large_image\" \/>\n<meta name=\"twitter:label1\" content=\"Scritto da\" \/>\n\t<meta name=\"twitter:data1\" content=\"admin\" \/>\n\t<meta name=\"twitter:label2\" content=\"Tempo di lettura stimato\" \/>\n\t<meta name=\"twitter:data2\" content=\"2 minuti\" \/>\n<script type=\"application\/ld+json\" class=\"yoast-schema-graph\">{\"@context\":\"https:\\\/\\\/schema.org\",\"@graph\":[{\"@type\":\"Article\",\"@id\":\"https:\\\/\\\/lavocedelpaese.info\\\/index.php\\\/2025\\\/03\\\/06\\\/consulta-delle-associazioni-che-fine-ha-fatto\\\/#article\",\"isPartOf\":{\"@id\":\"https:\\\/\\\/lavocedelpaese.info\\\/index.php\\\/2025\\\/03\\\/06\\\/consulta-delle-associazioni-che-fine-ha-fatto\\\/\"},\"author\":{\"name\":\"admin\",\"@id\":\"https:\\\/\\\/lavocedelpaese.info\\\/#\\\/schema\\\/person\\\/ec151d321306bd7591f7a061abf72d88\"},\"headline\":\"Consulta delle Associazioni: che fine ha fatto?\u00a0\u200b\",\"datePublished\":\"2025-03-06T19:13:59+00:00\",\"mainEntityOfPage\":{\"@id\":\"https:\\\/\\\/lavocedelpaese.info\\\/index.php\\\/2025\\\/03\\\/06\\\/consulta-delle-associazioni-che-fine-ha-fatto\\\/\"},\"wordCount\":460,\"commentCount\":0,\"publisher\":{\"@id\":\"https:\\\/\\\/lavocedelpaese.info\\\/#organization\"},\"image\":{\"@id\":\"https:\\\/\\\/lavocedelpaese.info\\\/index.php\\\/2025\\\/03\\\/06\\\/consulta-delle-associazioni-che-fine-ha-fatto\\\/#primaryimage\"},\"thumbnailUrl\":\"https:\\\/\\\/lavocedelpaese.info\\\/wp-content\\\/uploads\\\/2023\\\/01\\\/logo-150-127.png\",\"articleSection\":[\"network\"],\"inLanguage\":\"it-IT\",\"potentialAction\":[{\"@type\":\"CommentAction\",\"name\":\"Comment\",\"target\":[\"https:\\\/\\\/lavocedelpaese.info\\\/index.php\\\/2025\\\/03\\\/06\\\/consulta-delle-associazioni-che-fine-ha-fatto\\\/#respond\"]}]},{\"@type\":\"WebPage\",\"@id\":\"https:\\\/\\\/lavocedelpaese.info\\\/index.php\\\/2025\\\/03\\\/06\\\/consulta-delle-associazioni-che-fine-ha-fatto\\\/\",\"url\":\"https:\\\/\\\/lavocedelpaese.info\\\/index.php\\\/2025\\\/03\\\/06\\\/consulta-delle-associazioni-che-fine-ha-fatto\\\/\",\"name\":\"Consulta delle Associazioni: che fine ha fatto?\u00a0\u200b - La Voce del Paese\",\"isPartOf\":{\"@id\":\"https:\\\/\\\/lavocedelpaese.info\\\/#website\"},\"primaryImageOfPage\":{\"@id\":\"https:\\\/\\\/lavocedelpaese.info\\\/index.php\\\/2025\\\/03\\\/06\\\/consulta-delle-associazioni-che-fine-ha-fatto\\\/#primaryimage\"},\"image\":{\"@id\":\"https:\\\/\\\/lavocedelpaese.info\\\/index.php\\\/2025\\\/03\\\/06\\\/consulta-delle-associazioni-che-fine-ha-fatto\\\/#primaryimage\"},\"thumbnailUrl\":\"https:\\\/\\\/lavocedelpaese.info\\\/wp-content\\\/uploads\\\/2023\\\/01\\\/logo-150-127.png\",\"datePublished\":\"2025-03-06T19:13:59+00:00\",\"breadcrumb\":{\"@id\":\"https:\\\/\\\/lavocedelpaese.info\\\/index.php\\\/2025\\\/03\\\/06\\\/consulta-delle-associazioni-che-fine-ha-fatto\\\/#breadcrumb\"},\"inLanguage\":\"it-IT\",\"potentialAction\":[{\"@type\":\"ReadAction\",\"target\":[\"https:\\\/\\\/lavocedelpaese.info\\\/index.php\\\/2025\\\/03\\\/06\\\/consulta-delle-associazioni-che-fine-ha-fatto\\\/\"]}]},{\"@type\":\"ImageObject\",\"inLanguage\":\"it-IT\",\"@id\":\"https:\\\/\\\/lavocedelpaese.info\\\/index.php\\\/2025\\\/03\\\/06\\\/consulta-delle-associazioni-che-fine-ha-fatto\\\/#primaryimage\",\"url\":\"https:\\\/\\\/lavocedelpaese.info\\\/wp-content\\\/uploads\\\/2023\\\/01\\\/logo-150-127.png\",\"contentUrl\":\"https:\\\/\\\/lavocedelpaese.info\\\/wp-content\\\/uploads\\\/2023\\\/01\\\/logo-150-127.png\",\"width\":150,\"height\":127},{\"@type\":\"BreadcrumbList\",\"@id\":\"https:\\\/\\\/lavocedelpaese.info\\\/index.php\\\/2025\\\/03\\\/06\\\/consulta-delle-associazioni-che-fine-ha-fatto\\\/#breadcrumb\",\"itemListElement\":[{\"@type\":\"ListItem\",\"position\":1,\"name\":\"Home\",\"item\":\"https:\\\/\\\/lavocedelpaese.info\\\/\"},{\"@type\":\"ListItem\",\"position\":2,\"name\":\"Consulta delle Associazioni: che fine ha fatto?\u00a0\u200b\"}]},{\"@type\":\"WebSite\",\"@id\":\"https:\\\/\\\/lavocedelpaese.info\\\/#website\",\"url\":\"https:\\\/\\\/lavocedelpaese.info\\\/\",\"name\":\"La Voce del Paese\",\"description\":\"Un network di idee\",\"publisher\":{\"@id\":\"https:\\\/\\\/lavocedelpaese.info\\\/#organization\"},\"potentialAction\":[{\"@type\":\"SearchAction\",\"target\":{\"@type\":\"EntryPoint\",\"urlTemplate\":\"https:\\\/\\\/lavocedelpaese.info\\\/?s={search_term_string}\"},\"query-input\":{\"@type\":\"PropertyValueSpecification\",\"valueRequired\":true,\"valueName\":\"search_term_string\"}}],\"inLanguage\":\"it-IT\"},{\"@type\":\"Organization\",\"@id\":\"https:\\\/\\\/lavocedelpaese.info\\\/#organization\",\"name\":\"La Voce del Paese\",\"url\":\"https:\\\/\\\/lavocedelpaese.info\\\/\",\"logo\":{\"@type\":\"ImageObject\",\"inLanguage\":\"it-IT\",\"@id\":\"https:\\\/\\\/lavocedelpaese.info\\\/#\\\/schema\\\/logo\\\/image\\\/\",\"url\":\"https:\\\/\\\/lavocedelpaese.info\\\/wp-content\\\/uploads\\\/2023\\\/01\\\/cropped-logo-150-127.png\",\"contentUrl\":\"https:\\\/\\\/lavocedelpaese.info\\\/wp-content\\\/uploads\\\/2023\\\/01\\\/cropped-logo-150-127.png\",\"width\":137,\"height\":119,\"caption\":\"La Voce del Paese\"},\"image\":{\"@id\":\"https:\\\/\\\/lavocedelpaese.info\\\/#\\\/schema\\\/logo\\\/image\\\/\"},\"sameAs\":[\"https:\\\/\\\/www.facebook.com\\\/lavocedelpaese.info\"]},{\"@type\":\"Person\",\"@id\":\"https:\\\/\\\/lavocedelpaese.info\\\/#\\\/schema\\\/person\\\/ec151d321306bd7591f7a061abf72d88\",\"name\":\"admin\",\"image\":{\"@type\":\"ImageObject\",\"inLanguage\":\"it-IT\",\"@id\":\"https:\\\/\\\/secure.gravatar.com\\\/avatar\\\/af8f2caf0663124588de48a9380e07cbc95a74ef15b8062d0d39106c32fe3023?s=96&d=mm&r=g\",\"url\":\"https:\\\/\\\/secure.gravatar.com\\\/avatar\\\/af8f2caf0663124588de48a9380e07cbc95a74ef15b8062d0d39106c32fe3023?s=96&d=mm&r=g\",\"contentUrl\":\"https:\\\/\\\/secure.gravatar.com\\\/avatar\\\/af8f2caf0663124588de48a9380e07cbc95a74ef15b8062d0d39106c32fe3023?s=96&d=mm&r=g\",\"caption\":\"admin\"},\"sameAs\":[\"https:\\\/\\\/lavocedelpaese.info\"],\"url\":\"https:\\\/\\\/lavocedelpaese.info\\\/index.php\\\/author\\\/admin\\\/\"}]}<\/script>\n<!-- \/ Yoast SEO plugin. -->","yoast_head_json":{"title":"Consulta delle Associazioni: che fine ha fatto?\u00a0\u200b - La Voce del Paese","robots":{"index":"index","follow":"follow","max-snippet":"max-snippet:-1","max-image-preview":"max-image-preview:large","max-video-preview":"max-video-preview:-1"},"canonical":"https:\/\/lavocedelpaese.info\/index.php\/2025\/03\/06\/consulta-delle-associazioni-che-fine-ha-fatto\/","og_locale":"it_IT","og_type":"article","og_title":"Consulta delle Associazioni: che fine ha fatto?\u00a0\u200b - La Voce del Paese","og_description":"\u00a0 \u200b\u00a0 \u200b\u00a0 Sono 72, secondo l\u2019ultimo aggiornamento del 28 febbraio scorso, le Associazioni cassanesi iscritte all\u2019Albo Comunale che dovrebbero","og_url":"https:\/\/lavocedelpaese.info\/index.php\/2025\/03\/06\/consulta-delle-associazioni-che-fine-ha-fatto\/","og_site_name":"La Voce del Paese","article_publisher":"https:\/\/www.facebook.com\/lavocedelpaese.info","article_published_time":"2025-03-06T19:13:59+00:00","author":"admin","twitter_card":"summary_large_image","twitter_misc":{"Scritto da":"admin","Tempo di lettura stimato":"2 minuti"},"schema":{"@context":"https:\/\/schema.org","@graph":[{"@type":"Article","@id":"https:\/\/lavocedelpaese.info\/index.php\/2025\/03\/06\/consulta-delle-associazioni-che-fine-ha-fatto\/#article","isPartOf":{"@id":"https:\/\/lavocedelpaese.info\/index.php\/2025\/03\/06\/consulta-delle-associazioni-che-fine-ha-fatto\/"},"author":{"name":"admin","@id":"https:\/\/lavocedelpaese.info\/#\/schema\/person\/ec151d321306bd7591f7a061abf72d88"},"headline":"Consulta delle Associazioni: che fine ha fatto?\u00a0\u200b","datePublished":"2025-03-06T19:13:59+00:00","mainEntityOfPage":{"@id":"https:\/\/lavocedelpaese.info\/index.php\/2025\/03\/06\/consulta-delle-associazioni-che-fine-ha-fatto\/"},"wordCount":460,"commentCount":0,"publisher":{"@id":"https:\/\/lavocedelpaese.info\/#organization"},"image":{"@id":"https:\/\/lavocedelpaese.info\/index.php\/2025\/03\/06\/consulta-delle-associazioni-che-fine-ha-fatto\/#primaryimage"},"thumbnailUrl":"https:\/\/lavocedelpaese.info\/wp-content\/uploads\/2023\/01\/logo-150-127.png","articleSection":["network"],"inLanguage":"it-IT","potentialAction":[{"@type":"CommentAction","name":"Comment","target":["https:\/\/lavocedelpaese.info\/index.php\/2025\/03\/06\/consulta-delle-associazioni-che-fine-ha-fatto\/#respond"]}]},{"@type":"WebPage","@id":"https:\/\/lavocedelpaese.info\/index.php\/2025\/03\/06\/consulta-delle-associazioni-che-fine-ha-fatto\/","url":"https:\/\/lavocedelpaese.info\/index.php\/2025\/03\/06\/consulta-delle-associazioni-che-fine-ha-fatto\/","name":"Consulta delle Associazioni: che fine ha fatto?\u00a0\u200b - La Voce del Paese","isPartOf":{"@id":"https:\/\/lavocedelpaese.info\/#website"},"primaryImageOfPage":{"@id":"https:\/\/lavocedelpaese.info\/index.php\/2025\/03\/06\/consulta-delle-associazioni-che-fine-ha-fatto\/#primaryimage"},"image":{"@id":"https:\/\/lavocedelpaese.info\/index.php\/2025\/03\/06\/consulta-delle-associazioni-che-fine-ha-fatto\/#primaryimage"},"thumbnailUrl":"https:\/\/lavocedelpaese.info\/wp-content\/uploads\/2023\/01\/logo-150-127.png","datePublished":"2025-03-06T19:13:59+00:00","breadcrumb":{"@id":"https:\/\/lavocedelpaese.info\/index.php\/2025\/03\/06\/consulta-delle-associazioni-che-fine-ha-fatto\/#breadcrumb"},"inLanguage":"it-IT","potentialAction":[{"@type":"ReadAction","target":["https:\/\/lavocedelpaese.info\/index.php\/2025\/03\/06\/consulta-delle-associazioni-che-fine-ha-fatto\/"]}]},{"@type":"ImageObject","inLanguage":"it-IT","@id":"https:\/\/lavocedelpaese.info\/index.php\/2025\/03\/06\/consulta-delle-associazioni-che-fine-ha-fatto\/#primaryimage","url":"https:\/\/lavocedelpaese.info\/wp-content\/uploads\/2023\/01\/logo-150-127.png","contentUrl":"https:\/\/lavocedelpaese.info\/wp-content\/uploads\/2023\/01\/logo-150-127.png","width":150,"height":127},{"@type":"BreadcrumbList","@id":"https:\/\/lavocedelpaese.info\/index.php\/2025\/03\/06\/consulta-delle-associazioni-che-fine-ha-fatto\/#breadcrumb","itemListElement":[{"@type":"ListItem","position":1,"name":"Home","item":"https:\/\/lavocedelpaese.info\/"},{"@type":"ListItem","position":2,"name":"Consulta delle Associazioni: che fine ha fatto?\u00a0\u200b"}]},{"@type":"WebSite","@id":"https:\/\/lavocedelpaese.info\/#website","url":"https:\/\/lavocedelpaese.info\/","name":"La Voce del Paese","description":"Un network di idee","publisher":{"@id":"https:\/\/lavocedelpaese.info\/#organization"},"potentialAction":[{"@type":"SearchAction","target":{"@type":"EntryPoint","urlTemplate":"https:\/\/lavocedelpaese.info\/?s={search_term_string}"},"query-input":{"@type":"PropertyValueSpecification","valueRequired":true,"valueName":"search_term_string"}}],"inLanguage":"it-IT"},{"@type":"Organization","@id":"https:\/\/lavocedelpaese.info\/#organization","name":"La Voce del Paese","url":"https:\/\/lavocedelpaese.info\/","logo":{"@type":"ImageObject","inLanguage":"it-IT","@id":"https:\/\/lavocedelpaese.info\/#\/schema\/logo\/image\/","url":"https:\/\/lavocedelpaese.info\/wp-content\/uploads\/2023\/01\/cropped-logo-150-127.png","contentUrl":"https:\/\/lavocedelpaese.info\/wp-content\/uploads\/2023\/01\/cropped-logo-150-127.png","width":137,"height":119,"caption":"La Voce del Paese"},"image":{"@id":"https:\/\/lavocedelpaese.info\/#\/schema\/logo\/image\/"},"sameAs":["https:\/\/www.facebook.com\/lavocedelpaese.info"]},{"@type":"Person","@id":"https:\/\/lavocedelpaese.info\/#\/schema\/person\/ec151d321306bd7591f7a061abf72d88","name":"admin","image":{"@type":"ImageObject","inLanguage":"it-IT","@id":"https:\/\/secure.gravatar.com\/avatar\/af8f2caf0663124588de48a9380e07cbc95a74ef15b8062d0d39106c32fe3023?s=96&d=mm&r=g","url":"https:\/\/secure.gravatar.com\/avatar\/af8f2caf0663124588de48a9380e07cbc95a74ef15b8062d0d39106c32fe3023?s=96&d=mm&r=g","contentUrl":"https:\/\/secure.gravatar.com\/avatar\/af8f2caf0663124588de48a9380e07cbc95a74ef15b8062d0d39106c32fe3023?s=96&d=mm&r=g","caption":"admin"},"sameAs":["https:\/\/lavocedelpaese.info"],"url":"https:\/\/lavocedelpaese.info\/index.php\/author\/admin\/"}]}},"_links":{"self":[{"href":"https:\/\/lavocedelpaese.info\/index.php\/wp-json\/wp\/v2\/posts\/8947","targetHints":{"allow":["GET"]}}],"collection":[{"href":"https:\/\/lavocedelpaese.info\/index.php\/wp-json\/wp\/v2\/posts"}],"about":[{"href":"https:\/\/lavocedelpaese.info\/index.php\/wp-json\/wp\/v2\/types\/post"}],"author":[{"embeddable":true,"href":"https:\/\/lavocedelpaese.info\/index.php\/wp-json\/wp\/v2\/users\/6"}],"replies":[{"embeddable":true,"href":"https:\/\/lavocedelpaese.info\/index.php\/wp-json\/wp\/v2\/comments?post=8947"}],"version-history":[{"count":0,"href":"https:\/\/lavocedelpaese.info\/index.php\/wp-json\/wp\/v2\/posts\/8947\/revisions"}],"wp:featuredmedia":[{"embeddable":true,"href":"https:\/\/lavocedelpaese.info\/index.php\/wp-json\/wp\/v2\/media\/730"}],"wp:attachment":[{"href":"https:\/\/lavocedelpaese.info\/index.php\/wp-json\/wp\/v2\/media?parent=8947"}],"wp:term":[{"taxonomy":"category","embeddable":true,"href":"https:\/\/lavocedelpaese.info\/index.php\/wp-json\/wp\/v2\/categories?post=8947"},{"taxonomy":"post_tag","embeddable":true,"href":"https:\/\/lavocedelpaese.info\/index.php\/wp-json\/wp\/v2\/tags?post=8947"}],"curies":[{"name":"wp","href":"https:\/\/api.w.org\/{rel}","templated":true}]}}