{"id":8943,"date":"2025-03-05T07:16:03","date_gmt":"2025-03-05T07:16:03","guid":{"rendered":"https:\/\/lavocedelpaese.info\/index.php\/2025\/03\/05\/con-il-mercoledi-delle-ceneri-comincia-oggi-la-quaresima\/"},"modified":"2025-03-05T07:16:03","modified_gmt":"2025-03-05T07:16:03","slug":"con-il-mercoledi-delle-ceneri-comincia-oggi-la-quaresima","status":"publish","type":"post","link":"https:\/\/lavocedelpaese.info\/index.php\/2025\/03\/05\/con-il-mercoledi-delle-ceneri-comincia-oggi-la-quaresima\/","title":{"rendered":"Con il Mercoled\u00ec delle Ceneri comincia oggi la Quaresima\u00a0\u200b"},"content":{"rendered":"<p>\u00a0<\/p>\n<p>\u200b\u00a0<\/p>\n<p>\u200b\u00a0<\/p>\n<p>La Chiesa cattolica celebra oggi il Mercoled\u00ec delle Ceneri, che apre la Quaresima, tempo di preparazione alla Pasqua.<\/p>\n<p>A Cassano delle Murge in Chiesa Madre gli orari delle celebrazioni sono i seguenti:<\/p>\n<p>Ore 10,00 Celebrazione eucaristica ed imposizione delle ceneri<br \/>Ore 16,30 Celebrazione della Parola e imposizione delle Ceneri per i ragazzi del catechismo di scuola primaria<br \/>Ore 19,00 Celebrazione eucaristica ed imposizione delle ceneri per tutta la comunit\u00e0.<\/p>\n<p>Presso la parrocchia Santa Maria delle Grazie alle ore 18.30 e presso il Santuario della Madonna degli Angeli comincer\u00e0, invece, alle ore 18.00.<\/p>\n<p>Di seguito il Messaggio di Papa Francesco per la Quaresima.<\/p>\n<p class=\"has-text-align-center\"><strong><em>Camminiamo insieme nella speranza<\/em><\/strong><\/p>\n<p>Cari fratelli e sorelle!<\/p>\n<p>Con il segno penitenziale delle ceneri sul capo, iniziamo il pellegrinaggio annuale della santa Quaresima, nella fede e nella speranza. La Chiesa, madre e maestra, ci invita a preparare i nostri cuori e ad aprirci alla grazia di Dio per poter celebrare con grande gioia il trionfo pasquale di Cristo, il Signore, sul peccato e sulla morte, come esclamava San Paolo: \u00abLa morte \u00e8 stata inghiottita nella vittoria. Dov\u2019\u00e8, o morte, la tua vittoria? Dov\u2019\u00e8, o morte, il tuo pungiglione?\u00bb (<em>1Cor<\/em>15,54-55). Infatti Ges\u00f9 Cristo, morto e risorto, \u00e8 il centro della nostra fede ed \u00e8 il garante della nostra speranza nella grande promessa del Padre, gi\u00e0 realizzata in Lui, il suo Figlio amato: la vita eterna (cfr<em>Gv<\/em>10,28; 17,3)<sup>[1]<\/sup>.<\/p>\n<p>In questa Quaresima, arricchita dalla grazia dell\u2019Anno Giubilare, desidero offrirvi alcune riflessioni su cosa significa<em>camminare insieme nella speranza<\/em>, e scoprire gli appelli alla conversione che la misericordia di Dio rivolge a tutti noi, come persone e come comunit\u00e0.<\/p>\n<p>Prima di tutto,<em>camminare<\/em>. Il motto del Giubileo \u201cPellegrini di speranza\u201d fa pensare al lungo viaggio del popolo d\u2019Israele verso la terra promessa, narrato nel libro dell\u2019Esodo: il difficile cammino dalla schiavit\u00f9 alla libert\u00e0, voluto e guidato dal Signore, che ama il suo popolo e sempre gli \u00e8 fedele. E non possiamo ricordare l\u2019esodo biblico senza pensare a tanti fratelli e sorelle che oggi fuggono da situazioni di miseria e di violenza e vanno in cerca di una vita migliore per s\u00e9 e i propri cari. Qui sorge un primo richiamo alla conversione, perch\u00e9 siamo tutti pellegrini nella vita, ma ognuno pu\u00f2 chiedersi: come mi lascio interpellare da questa condizione? Sono veramente in cammino o piuttosto paralizzato, statico, con la paura e la mancanza di speranza, oppure adagiato nella mia zona di comodit\u00e0? Cerco percorsi di liberazione dalle situazioni di peccato e di mancanza di dignit\u00e0? Sarebbe un buon esercizio quaresimale confrontarsi con la realt\u00e0 concreta di qualche migrante o pellegrino e lasciare che ci coinvolga, in modo da scoprire che cosa Dio ci chiede per essere viaggiatori migliori verso la casa del Padre. Questo \u00e8 un buon \u201cesame\u201d per il viandante.<\/p>\n<p>In secondo luogo, facciamo questo viaggio<em>insieme<\/em>. Camminare insieme, essere sinodali, questa \u00e8 la vocazione della Chiesa<sup>[2]<\/sup>. I cristiani sono chiamati a fare strada insieme, mai come viaggiatori solitari. Lo Spirito Santo ci spinge ad uscire da noi stessi per andare verso Dio e verso i fratelli, e mai a chiuderci in noi stessi<sup>[3]<\/sup>. Camminare insieme significa essere tessitori di unit\u00e0, a partire dalla comune dignit\u00e0 di figli di Dio (cfr<em>Gal<\/em>3,26-28); significa procedere fianco a fianco, senza calpestare o sopraffare l\u2019altro, senza covare invidia o ipocrisia, senza lasciare che qualcuno rimanga indietro o si senta escluso. Andiamo nella stessa direzione, verso la stessa meta, ascoltandoci gli uni gli altri con amore e pazienza.<\/p>\n<p>In questa Quaresima, Dio ci chiede di verificare se nella nostra vita, nelle nostre famiglie, nei luoghi in cui lavoriamo, nelle comunit\u00e0 parrocchiali o religiose, siamo capaci di camminare con gli altri, di ascoltare, di vincere la tentazione di arroccarci nella nostra autoreferenzialit\u00e0 e di badare soltanto ai nostri bisogni. Chiediamoci davanti al Signore se siamo in grado di lavorare insieme come vescovi, presbiteri, consacrati e laici, al servizio del Regno di Dio; se abbiamo un atteggiamento di accoglienza, con gesti concreti, verso coloro che si avvicinano a noi e a quanti sono lontani; se facciamo sentire le persone parte della comunit\u00e0 o se le teniamo ai margini<sup>[4]<\/sup>. Questo \u00e8 un secondo appello: la conversione alla sinodalit\u00e0.<\/p>\n<p>In terzo luogo, compiamo questo cammino insieme<em>nella speranza<\/em>di una promessa. La<em>speranza che non delude<\/em>(cfr<em>Rm<\/em>5,5), messaggio centrale del Giubileo<sup>[5]<\/sup>, sia per noi l\u2019orizzonte del cammino quaresimale verso la vittoria pasquale. Come ci ha insegnato nell\u2019Enciclica<em>Spe salvi<\/em>il Papa Benedetto XVI, \u00abl\u2019essere umano ha bisogno dell\u2019amore incondizionato. Ha bisogno di quella certezza che gli fa dire: \u201cN\u00e9 morte n\u00e9 vita, n\u00e9 angeli n\u00e9 principati, n\u00e9 presente n\u00e9 avvenire, n\u00e9 potenze, n\u00e9 altezze n\u00e9 profondit\u00e0, n\u00e9 alcun\u2019altra creatura potr\u00e0 mai separarci dall\u2019amore di Dio, che \u00e8 in Cristo Ges\u00f9, nostro Signore\u201d (<a href=\"http:\/\/www.vatican.va\/archive\/ITA0001\/__PX5.HTM\"><em>Rm<\/em>8,38-39<\/a>)\u00bb<sup>[6]<\/sup>. Ges\u00f9, nostro amore e nostra speranza, \u00e8 risorto<sup>[7]<\/sup>e vive e regna glorioso. La morte \u00e8 stata trasformata in vittoria e qui sta la fede e la grande speranza dei cristiani: nella risurrezione di Cristo!<\/p>\n<p>Ecco la terza chiamata alla conversione: quella della speranza, della fiducia in Dio e nella sua grande promessa, la vita eterna. Dobbiamo chiederci: ho in me la convinzione che Dio perdona i miei peccati? Oppure mi comporto come se potessi salvarmi da solo? Aspiro alla salvezza e invoco l\u2019aiuto di Dio per accoglierla? Vivo concretamente la speranza che mi aiuta a leggere gli eventi della storia e mi spinge all\u2019impegno per la giustizia, alla fraternit\u00e0, alla cura della casa comune, facendo in modo che nessuno sia lasciato indietro?<\/p>\n<p>Sorelle e fratelli, grazie all\u2019amore di Dio in Ges\u00f9 Cristo, siamo custoditi nella speranza che non delude (cfr<em>Rm<\/em>5,5). La speranza \u00e8 \u201cl\u2019ancora dell\u2019anima\u201d, sicura e salda<sup>[8]<\/sup>. In essa la Chiesa prega affinch\u00e9 \u00abtutti gli uomini siano salvati\u00bb (<em>1Tm<\/em>2,4) e attende di essere nella gloria del cielo unita a Cristo, suo sposo. Cos\u00ec si esprimeva Santa Teresa di Ges\u00f9: \u00abSpera, anima mia, spera. Tu non conosci il giorno n\u00e9 l\u2019ora. Veglia premurosamente, tutto passa in un soffio, sebbene la tua impazienza possa rendere incerto ci\u00f2 che \u00e8 certo, e lungo un tempo molto breve\u00bb (<em>Esclamazioni dell\u2019anima a Dio<\/em>, 15, 3)<sup>[9]<\/sup>.<\/p>\n<p>La Vergine Maria, Madre della Speranza, interceda per noi e ci accompagni nel cammino quaresimale.<\/p>\n<p><em>Roma, San Giovanni in Laterano, 6 febbraio 2025, memoria dei Santi Paolo Miki e compagni, martiri.<\/em><\/p>\n<p>FRANCESCO<\/p>\n\n<p><a class=\"a2a_button_facebook\" href=\"https:\/\/www.addtoany.com\/add_to\/facebook?linkurl=https%3A%2F%2Fcassano.lavocedelpaese.info%2Fcon-il-mercoledi-delle-ceneri-comincia-oggi-la-quaresima%2F&amp;linkname=Con%20il%20Mercoled%C3%AC%20delle%20Ceneri%20comincia%20oggi%20la%20Quaresima\" title=\"Facebook\" rel=\"nofollow noopener\" target=\"_blank\"><\/a><a class=\"a2a_button_twitter\" href=\"https:\/\/www.addtoany.com\/add_to\/twitter?linkurl=https%3A%2F%2Fcassano.lavocedelpaese.info%2Fcon-il-mercoledi-delle-ceneri-comincia-oggi-la-quaresima%2F&amp;linkname=Con%20il%20Mercoled%C3%AC%20delle%20Ceneri%20comincia%20oggi%20la%20Quaresima\" title=\"Twitter\" rel=\"nofollow noopener\" target=\"_blank\"><\/a><a class=\"a2a_button_whatsapp\" href=\"https:\/\/www.addtoany.com\/add_to\/whatsapp?linkurl=https%3A%2F%2Fcassano.lavocedelpaese.info%2Fcon-il-mercoledi-delle-ceneri-comincia-oggi-la-quaresima%2F&amp;linkname=Con%20il%20Mercoled%C3%AC%20delle%20Ceneri%20comincia%20oggi%20la%20Quaresima\" title=\"WhatsApp\" rel=\"nofollow noopener\" target=\"_blank\"><\/a><a class=\"a2a_button_telegram\" href=\"https:\/\/www.addtoany.com\/add_to\/telegram?linkurl=https%3A%2F%2Fcassano.lavocedelpaese.info%2Fcon-il-mercoledi-delle-ceneri-comincia-oggi-la-quaresima%2F&amp;linkname=Con%20il%20Mercoled%C3%AC%20delle%20Ceneri%20comincia%20oggi%20la%20Quaresima\" title=\"Telegram\" rel=\"nofollow noopener\" target=\"_blank\"><\/a><a class=\"a2a_button_email\" href=\"https:\/\/www.addtoany.com\/add_to\/email?linkurl=https%3A%2F%2Fcassano.lavocedelpaese.info%2Fcon-il-mercoledi-delle-ceneri-comincia-oggi-la-quaresima%2F&amp;linkname=Con%20il%20Mercoled%C3%AC%20delle%20Ceneri%20comincia%20oggi%20la%20Quaresima\" title=\"Email\" rel=\"nofollow noopener\" target=\"_blank\"><\/a><\/p>\n<p>\u00a0<\/p>\n<p>\u00a0<\/p>\n<p>\u200b\u00a0\u00a0\u00a0<\/p>","protected":false},"excerpt":{"rendered":"<p>\u00a0 \u200b\u00a0 \u200b\u00a0 La Chiesa cattolica celebra oggi il Mercoled\u00ec delle Ceneri, che apre la Quaresima, tempo di preparazione alla<\/p>\n","protected":false},"author":6,"featured_media":730,"comment_status":"open","ping_status":"closed","sticky":false,"template":"","format":"standard","meta":{"colormag_page_container_layout":"default_layout","colormag_page_sidebar_layout":"default_layout","footnotes":""},"categories":[33],"tags":[],"class_list":["post-8943","post","type-post","status-publish","format-standard","has-post-thumbnail","hentry","category-network"],"yoast_head":"<!-- This site is optimized with the Yoast SEO plugin v27.5 - https:\/\/yoast.com\/product\/yoast-seo-wordpress\/ -->\n<title>Con il Mercoled\u00ec delle Ceneri comincia oggi la Quaresima\u00a0\u200b - La Voce del Paese<\/title>\n<meta name=\"robots\" content=\"index, follow, max-snippet:-1, max-image-preview:large, max-video-preview:-1\" \/>\n<link rel=\"canonical\" href=\"https:\/\/lavocedelpaese.info\/index.php\/2025\/03\/05\/con-il-mercoledi-delle-ceneri-comincia-oggi-la-quaresima\/\" \/>\n<meta property=\"og:locale\" content=\"it_IT\" \/>\n<meta property=\"og:type\" content=\"article\" \/>\n<meta property=\"og:title\" content=\"Con il Mercoled\u00ec delle Ceneri comincia oggi la Quaresima\u00a0\u200b - La Voce del Paese\" \/>\n<meta property=\"og:description\" content=\"\u00a0 \u200b\u00a0 \u200b\u00a0 La Chiesa cattolica celebra oggi il Mercoled\u00ec delle Ceneri, che apre la Quaresima, tempo di preparazione alla\" \/>\n<meta property=\"og:url\" content=\"https:\/\/lavocedelpaese.info\/index.php\/2025\/03\/05\/con-il-mercoledi-delle-ceneri-comincia-oggi-la-quaresima\/\" \/>\n<meta property=\"og:site_name\" content=\"La Voce del Paese\" \/>\n<meta property=\"article:publisher\" content=\"https:\/\/www.facebook.com\/lavocedelpaese.info\" \/>\n<meta property=\"article:published_time\" content=\"2025-03-05T07:16:03+00:00\" \/>\n<meta name=\"author\" content=\"admin\" \/>\n<meta name=\"twitter:card\" content=\"summary_large_image\" \/>\n<meta name=\"twitter:label1\" content=\"Scritto da\" \/>\n\t<meta name=\"twitter:data1\" content=\"admin\" \/>\n\t<meta name=\"twitter:label2\" content=\"Tempo di lettura stimato\" \/>\n\t<meta name=\"twitter:data2\" content=\"5 minuti\" \/>\n<script type=\"application\/ld+json\" class=\"yoast-schema-graph\">{\"@context\":\"https:\\\/\\\/schema.org\",\"@graph\":[{\"@type\":\"Article\",\"@id\":\"https:\\\/\\\/lavocedelpaese.info\\\/index.php\\\/2025\\\/03\\\/05\\\/con-il-mercoledi-delle-ceneri-comincia-oggi-la-quaresima\\\/#article\",\"isPartOf\":{\"@id\":\"https:\\\/\\\/lavocedelpaese.info\\\/index.php\\\/2025\\\/03\\\/05\\\/con-il-mercoledi-delle-ceneri-comincia-oggi-la-quaresima\\\/\"},\"author\":{\"name\":\"admin\",\"@id\":\"https:\\\/\\\/lavocedelpaese.info\\\/#\\\/schema\\\/person\\\/ec151d321306bd7591f7a061abf72d88\"},\"headline\":\"Con il Mercoled\u00ec delle Ceneri comincia oggi la Quaresima\u00a0\u200b\",\"datePublished\":\"2025-03-05T07:16:03+00:00\",\"mainEntityOfPage\":{\"@id\":\"https:\\\/\\\/lavocedelpaese.info\\\/index.php\\\/2025\\\/03\\\/05\\\/con-il-mercoledi-delle-ceneri-comincia-oggi-la-quaresima\\\/\"},\"wordCount\":1036,\"commentCount\":0,\"publisher\":{\"@id\":\"https:\\\/\\\/lavocedelpaese.info\\\/#organization\"},\"image\":{\"@id\":\"https:\\\/\\\/lavocedelpaese.info\\\/index.php\\\/2025\\\/03\\\/05\\\/con-il-mercoledi-delle-ceneri-comincia-oggi-la-quaresima\\\/#primaryimage\"},\"thumbnailUrl\":\"https:\\\/\\\/lavocedelpaese.info\\\/wp-content\\\/uploads\\\/2023\\\/01\\\/logo-150-127.png\",\"articleSection\":[\"network\"],\"inLanguage\":\"it-IT\",\"potentialAction\":[{\"@type\":\"CommentAction\",\"name\":\"Comment\",\"target\":[\"https:\\\/\\\/lavocedelpaese.info\\\/index.php\\\/2025\\\/03\\\/05\\\/con-il-mercoledi-delle-ceneri-comincia-oggi-la-quaresima\\\/#respond\"]}]},{\"@type\":\"WebPage\",\"@id\":\"https:\\\/\\\/lavocedelpaese.info\\\/index.php\\\/2025\\\/03\\\/05\\\/con-il-mercoledi-delle-ceneri-comincia-oggi-la-quaresima\\\/\",\"url\":\"https:\\\/\\\/lavocedelpaese.info\\\/index.php\\\/2025\\\/03\\\/05\\\/con-il-mercoledi-delle-ceneri-comincia-oggi-la-quaresima\\\/\",\"name\":\"Con il Mercoled\u00ec delle Ceneri comincia oggi la Quaresima\u00a0\u200b - La Voce del Paese\",\"isPartOf\":{\"@id\":\"https:\\\/\\\/lavocedelpaese.info\\\/#website\"},\"primaryImageOfPage\":{\"@id\":\"https:\\\/\\\/lavocedelpaese.info\\\/index.php\\\/2025\\\/03\\\/05\\\/con-il-mercoledi-delle-ceneri-comincia-oggi-la-quaresima\\\/#primaryimage\"},\"image\":{\"@id\":\"https:\\\/\\\/lavocedelpaese.info\\\/index.php\\\/2025\\\/03\\\/05\\\/con-il-mercoledi-delle-ceneri-comincia-oggi-la-quaresima\\\/#primaryimage\"},\"thumbnailUrl\":\"https:\\\/\\\/lavocedelpaese.info\\\/wp-content\\\/uploads\\\/2023\\\/01\\\/logo-150-127.png\",\"datePublished\":\"2025-03-05T07:16:03+00:00\",\"breadcrumb\":{\"@id\":\"https:\\\/\\\/lavocedelpaese.info\\\/index.php\\\/2025\\\/03\\\/05\\\/con-il-mercoledi-delle-ceneri-comincia-oggi-la-quaresima\\\/#breadcrumb\"},\"inLanguage\":\"it-IT\",\"potentialAction\":[{\"@type\":\"ReadAction\",\"target\":[\"https:\\\/\\\/lavocedelpaese.info\\\/index.php\\\/2025\\\/03\\\/05\\\/con-il-mercoledi-delle-ceneri-comincia-oggi-la-quaresima\\\/\"]}]},{\"@type\":\"ImageObject\",\"inLanguage\":\"it-IT\",\"@id\":\"https:\\\/\\\/lavocedelpaese.info\\\/index.php\\\/2025\\\/03\\\/05\\\/con-il-mercoledi-delle-ceneri-comincia-oggi-la-quaresima\\\/#primaryimage\",\"url\":\"https:\\\/\\\/lavocedelpaese.info\\\/wp-content\\\/uploads\\\/2023\\\/01\\\/logo-150-127.png\",\"contentUrl\":\"https:\\\/\\\/lavocedelpaese.info\\\/wp-content\\\/uploads\\\/2023\\\/01\\\/logo-150-127.png\",\"width\":150,\"height\":127},{\"@type\":\"BreadcrumbList\",\"@id\":\"https:\\\/\\\/lavocedelpaese.info\\\/index.php\\\/2025\\\/03\\\/05\\\/con-il-mercoledi-delle-ceneri-comincia-oggi-la-quaresima\\\/#breadcrumb\",\"itemListElement\":[{\"@type\":\"ListItem\",\"position\":1,\"name\":\"Home\",\"item\":\"https:\\\/\\\/lavocedelpaese.info\\\/\"},{\"@type\":\"ListItem\",\"position\":2,\"name\":\"Con il Mercoled\u00ec delle Ceneri comincia oggi la Quaresima\u00a0\u200b\"}]},{\"@type\":\"WebSite\",\"@id\":\"https:\\\/\\\/lavocedelpaese.info\\\/#website\",\"url\":\"https:\\\/\\\/lavocedelpaese.info\\\/\",\"name\":\"La Voce del Paese\",\"description\":\"Un network di idee\",\"publisher\":{\"@id\":\"https:\\\/\\\/lavocedelpaese.info\\\/#organization\"},\"potentialAction\":[{\"@type\":\"SearchAction\",\"target\":{\"@type\":\"EntryPoint\",\"urlTemplate\":\"https:\\\/\\\/lavocedelpaese.info\\\/?s={search_term_string}\"},\"query-input\":{\"@type\":\"PropertyValueSpecification\",\"valueRequired\":true,\"valueName\":\"search_term_string\"}}],\"inLanguage\":\"it-IT\"},{\"@type\":\"Organization\",\"@id\":\"https:\\\/\\\/lavocedelpaese.info\\\/#organization\",\"name\":\"La Voce del Paese\",\"url\":\"https:\\\/\\\/lavocedelpaese.info\\\/\",\"logo\":{\"@type\":\"ImageObject\",\"inLanguage\":\"it-IT\",\"@id\":\"https:\\\/\\\/lavocedelpaese.info\\\/#\\\/schema\\\/logo\\\/image\\\/\",\"url\":\"https:\\\/\\\/lavocedelpaese.info\\\/wp-content\\\/uploads\\\/2023\\\/01\\\/cropped-logo-150-127.png\",\"contentUrl\":\"https:\\\/\\\/lavocedelpaese.info\\\/wp-content\\\/uploads\\\/2023\\\/01\\\/cropped-logo-150-127.png\",\"width\":137,\"height\":119,\"caption\":\"La Voce del Paese\"},\"image\":{\"@id\":\"https:\\\/\\\/lavocedelpaese.info\\\/#\\\/schema\\\/logo\\\/image\\\/\"},\"sameAs\":[\"https:\\\/\\\/www.facebook.com\\\/lavocedelpaese.info\"]},{\"@type\":\"Person\",\"@id\":\"https:\\\/\\\/lavocedelpaese.info\\\/#\\\/schema\\\/person\\\/ec151d321306bd7591f7a061abf72d88\",\"name\":\"admin\",\"image\":{\"@type\":\"ImageObject\",\"inLanguage\":\"it-IT\",\"@id\":\"https:\\\/\\\/secure.gravatar.com\\\/avatar\\\/af8f2caf0663124588de48a9380e07cbc95a74ef15b8062d0d39106c32fe3023?s=96&d=mm&r=g\",\"url\":\"https:\\\/\\\/secure.gravatar.com\\\/avatar\\\/af8f2caf0663124588de48a9380e07cbc95a74ef15b8062d0d39106c32fe3023?s=96&d=mm&r=g\",\"contentUrl\":\"https:\\\/\\\/secure.gravatar.com\\\/avatar\\\/af8f2caf0663124588de48a9380e07cbc95a74ef15b8062d0d39106c32fe3023?s=96&d=mm&r=g\",\"caption\":\"admin\"},\"sameAs\":[\"https:\\\/\\\/lavocedelpaese.info\"],\"url\":\"https:\\\/\\\/lavocedelpaese.info\\\/index.php\\\/author\\\/admin\\\/\"}]}<\/script>\n<!-- \/ Yoast SEO plugin. -->","yoast_head_json":{"title":"Con il Mercoled\u00ec delle Ceneri comincia oggi la Quaresima\u00a0\u200b - La Voce del Paese","robots":{"index":"index","follow":"follow","max-snippet":"max-snippet:-1","max-image-preview":"max-image-preview:large","max-video-preview":"max-video-preview:-1"},"canonical":"https:\/\/lavocedelpaese.info\/index.php\/2025\/03\/05\/con-il-mercoledi-delle-ceneri-comincia-oggi-la-quaresima\/","og_locale":"it_IT","og_type":"article","og_title":"Con il Mercoled\u00ec delle Ceneri comincia oggi la Quaresima\u00a0\u200b - La Voce del Paese","og_description":"\u00a0 \u200b\u00a0 \u200b\u00a0 La Chiesa cattolica celebra oggi il Mercoled\u00ec delle Ceneri, che apre la Quaresima, tempo di preparazione alla","og_url":"https:\/\/lavocedelpaese.info\/index.php\/2025\/03\/05\/con-il-mercoledi-delle-ceneri-comincia-oggi-la-quaresima\/","og_site_name":"La Voce del Paese","article_publisher":"https:\/\/www.facebook.com\/lavocedelpaese.info","article_published_time":"2025-03-05T07:16:03+00:00","author":"admin","twitter_card":"summary_large_image","twitter_misc":{"Scritto da":"admin","Tempo di lettura stimato":"5 minuti"},"schema":{"@context":"https:\/\/schema.org","@graph":[{"@type":"Article","@id":"https:\/\/lavocedelpaese.info\/index.php\/2025\/03\/05\/con-il-mercoledi-delle-ceneri-comincia-oggi-la-quaresima\/#article","isPartOf":{"@id":"https:\/\/lavocedelpaese.info\/index.php\/2025\/03\/05\/con-il-mercoledi-delle-ceneri-comincia-oggi-la-quaresima\/"},"author":{"name":"admin","@id":"https:\/\/lavocedelpaese.info\/#\/schema\/person\/ec151d321306bd7591f7a061abf72d88"},"headline":"Con il Mercoled\u00ec delle Ceneri comincia oggi la Quaresima\u00a0\u200b","datePublished":"2025-03-05T07:16:03+00:00","mainEntityOfPage":{"@id":"https:\/\/lavocedelpaese.info\/index.php\/2025\/03\/05\/con-il-mercoledi-delle-ceneri-comincia-oggi-la-quaresima\/"},"wordCount":1036,"commentCount":0,"publisher":{"@id":"https:\/\/lavocedelpaese.info\/#organization"},"image":{"@id":"https:\/\/lavocedelpaese.info\/index.php\/2025\/03\/05\/con-il-mercoledi-delle-ceneri-comincia-oggi-la-quaresima\/#primaryimage"},"thumbnailUrl":"https:\/\/lavocedelpaese.info\/wp-content\/uploads\/2023\/01\/logo-150-127.png","articleSection":["network"],"inLanguage":"it-IT","potentialAction":[{"@type":"CommentAction","name":"Comment","target":["https:\/\/lavocedelpaese.info\/index.php\/2025\/03\/05\/con-il-mercoledi-delle-ceneri-comincia-oggi-la-quaresima\/#respond"]}]},{"@type":"WebPage","@id":"https:\/\/lavocedelpaese.info\/index.php\/2025\/03\/05\/con-il-mercoledi-delle-ceneri-comincia-oggi-la-quaresima\/","url":"https:\/\/lavocedelpaese.info\/index.php\/2025\/03\/05\/con-il-mercoledi-delle-ceneri-comincia-oggi-la-quaresima\/","name":"Con il Mercoled\u00ec delle Ceneri comincia oggi la Quaresima\u00a0\u200b - La Voce del Paese","isPartOf":{"@id":"https:\/\/lavocedelpaese.info\/#website"},"primaryImageOfPage":{"@id":"https:\/\/lavocedelpaese.info\/index.php\/2025\/03\/05\/con-il-mercoledi-delle-ceneri-comincia-oggi-la-quaresima\/#primaryimage"},"image":{"@id":"https:\/\/lavocedelpaese.info\/index.php\/2025\/03\/05\/con-il-mercoledi-delle-ceneri-comincia-oggi-la-quaresima\/#primaryimage"},"thumbnailUrl":"https:\/\/lavocedelpaese.info\/wp-content\/uploads\/2023\/01\/logo-150-127.png","datePublished":"2025-03-05T07:16:03+00:00","breadcrumb":{"@id":"https:\/\/lavocedelpaese.info\/index.php\/2025\/03\/05\/con-il-mercoledi-delle-ceneri-comincia-oggi-la-quaresima\/#breadcrumb"},"inLanguage":"it-IT","potentialAction":[{"@type":"ReadAction","target":["https:\/\/lavocedelpaese.info\/index.php\/2025\/03\/05\/con-il-mercoledi-delle-ceneri-comincia-oggi-la-quaresima\/"]}]},{"@type":"ImageObject","inLanguage":"it-IT","@id":"https:\/\/lavocedelpaese.info\/index.php\/2025\/03\/05\/con-il-mercoledi-delle-ceneri-comincia-oggi-la-quaresima\/#primaryimage","url":"https:\/\/lavocedelpaese.info\/wp-content\/uploads\/2023\/01\/logo-150-127.png","contentUrl":"https:\/\/lavocedelpaese.info\/wp-content\/uploads\/2023\/01\/logo-150-127.png","width":150,"height":127},{"@type":"BreadcrumbList","@id":"https:\/\/lavocedelpaese.info\/index.php\/2025\/03\/05\/con-il-mercoledi-delle-ceneri-comincia-oggi-la-quaresima\/#breadcrumb","itemListElement":[{"@type":"ListItem","position":1,"name":"Home","item":"https:\/\/lavocedelpaese.info\/"},{"@type":"ListItem","position":2,"name":"Con il Mercoled\u00ec delle Ceneri comincia oggi la Quaresima\u00a0\u200b"}]},{"@type":"WebSite","@id":"https:\/\/lavocedelpaese.info\/#website","url":"https:\/\/lavocedelpaese.info\/","name":"La Voce del Paese","description":"Un network di idee","publisher":{"@id":"https:\/\/lavocedelpaese.info\/#organization"},"potentialAction":[{"@type":"SearchAction","target":{"@type":"EntryPoint","urlTemplate":"https:\/\/lavocedelpaese.info\/?s={search_term_string}"},"query-input":{"@type":"PropertyValueSpecification","valueRequired":true,"valueName":"search_term_string"}}],"inLanguage":"it-IT"},{"@type":"Organization","@id":"https:\/\/lavocedelpaese.info\/#organization","name":"La Voce del Paese","url":"https:\/\/lavocedelpaese.info\/","logo":{"@type":"ImageObject","inLanguage":"it-IT","@id":"https:\/\/lavocedelpaese.info\/#\/schema\/logo\/image\/","url":"https:\/\/lavocedelpaese.info\/wp-content\/uploads\/2023\/01\/cropped-logo-150-127.png","contentUrl":"https:\/\/lavocedelpaese.info\/wp-content\/uploads\/2023\/01\/cropped-logo-150-127.png","width":137,"height":119,"caption":"La Voce del Paese"},"image":{"@id":"https:\/\/lavocedelpaese.info\/#\/schema\/logo\/image\/"},"sameAs":["https:\/\/www.facebook.com\/lavocedelpaese.info"]},{"@type":"Person","@id":"https:\/\/lavocedelpaese.info\/#\/schema\/person\/ec151d321306bd7591f7a061abf72d88","name":"admin","image":{"@type":"ImageObject","inLanguage":"it-IT","@id":"https:\/\/secure.gravatar.com\/avatar\/af8f2caf0663124588de48a9380e07cbc95a74ef15b8062d0d39106c32fe3023?s=96&d=mm&r=g","url":"https:\/\/secure.gravatar.com\/avatar\/af8f2caf0663124588de48a9380e07cbc95a74ef15b8062d0d39106c32fe3023?s=96&d=mm&r=g","contentUrl":"https:\/\/secure.gravatar.com\/avatar\/af8f2caf0663124588de48a9380e07cbc95a74ef15b8062d0d39106c32fe3023?s=96&d=mm&r=g","caption":"admin"},"sameAs":["https:\/\/lavocedelpaese.info"],"url":"https:\/\/lavocedelpaese.info\/index.php\/author\/admin\/"}]}},"_links":{"self":[{"href":"https:\/\/lavocedelpaese.info\/index.php\/wp-json\/wp\/v2\/posts\/8943","targetHints":{"allow":["GET"]}}],"collection":[{"href":"https:\/\/lavocedelpaese.info\/index.php\/wp-json\/wp\/v2\/posts"}],"about":[{"href":"https:\/\/lavocedelpaese.info\/index.php\/wp-json\/wp\/v2\/types\/post"}],"author":[{"embeddable":true,"href":"https:\/\/lavocedelpaese.info\/index.php\/wp-json\/wp\/v2\/users\/6"}],"replies":[{"embeddable":true,"href":"https:\/\/lavocedelpaese.info\/index.php\/wp-json\/wp\/v2\/comments?post=8943"}],"version-history":[{"count":0,"href":"https:\/\/lavocedelpaese.info\/index.php\/wp-json\/wp\/v2\/posts\/8943\/revisions"}],"wp:featuredmedia":[{"embeddable":true,"href":"https:\/\/lavocedelpaese.info\/index.php\/wp-json\/wp\/v2\/media\/730"}],"wp:attachment":[{"href":"https:\/\/lavocedelpaese.info\/index.php\/wp-json\/wp\/v2\/media?parent=8943"}],"wp:term":[{"taxonomy":"category","embeddable":true,"href":"https:\/\/lavocedelpaese.info\/index.php\/wp-json\/wp\/v2\/categories?post=8943"},{"taxonomy":"post_tag","embeddable":true,"href":"https:\/\/lavocedelpaese.info\/index.php\/wp-json\/wp\/v2\/tags?post=8943"}],"curies":[{"name":"wp","href":"https:\/\/api.w.org\/{rel}","templated":true}]}}