{"id":8929,"date":"2025-03-01T07:14:58","date_gmt":"2025-03-01T07:14:58","guid":{"rendered":"https:\/\/lavocedelpaese.info\/index.php\/2025\/03\/01\/thuriae-importanti-vittorie-con-veglie-e-foggia\/"},"modified":"2025-03-01T07:14:58","modified_gmt":"2025-03-01T07:14:58","slug":"thuriae-importanti-vittorie-con-veglie-e-foggia","status":"publish","type":"post","link":"https:\/\/lavocedelpaese.info\/index.php\/2025\/03\/01\/thuriae-importanti-vittorie-con-veglie-e-foggia\/","title":{"rendered":"Thuriae, importanti vittorie con Veglie e Foggia\u00a0\u200b"},"content":{"rendered":"<p>\u00a0<\/p>\n<p>\u200b\u00a0<\/p>\n<p>\u200b\u00a0<\/p>\n<div><\/div>\n<p>I turesi sono ora all\u2019ottavo posto in classifica. Oggi sfida al Futsal Andria sesto<\/p>\n<p>Serviva una reazione, dopo i due ganci subiti da Bari e Mola, con le due immeritate sconfitte che avevano lasciato l\u2019amaro in bocca in tutto l\u2019ambiente. Il match non era dei pi\u00f9 facili, come confermato dallo storico degli ultimi quattro precedenti, con i salentini che fra C2, C1 e coppa avevano sempre avuto la meglio sui turesi. Ma questa volta a spuntarla sono stati i ragazzi di mister Masi, ben messi in campo e bravi ad arginare il talento degli avversari. Il 4-5 finale \u00e8 il frutto di ottime trame di gioco, duelli vinti e spirito di squadra, con i turesi pi\u00f9 forti di tutte le avversit\u00e0.<\/p>\n<p>La vittoria del gruppo, in cui tutti sono stati fondamentali al raggiungimento di questi fondamentali tre punti. La banda di mister Masi ha saputo essere pi\u00f9 forte delle indisponibilit\u00e0 e delle controverse scelte arbitrali, espugnando un campo storicamente difficile per i nostri colori, grazie alle reti di Balena, Banegas, Denovellis, Valentini e Ciavarella.<\/p>\n<figure class=\"wp-block-image size-full\"><img decoding=\"async\" width=\"1080\" height=\"1080\" src=\"https:\/\/turi.lavocedelpaese.info\/wp-content\/uploads\/2025\/02\/IMG-20250223-WA0020.jpg\" alt=\"\" class=\"wp-image-6627\"\/><\/figure>\n<p>Una settimana dopo, anche il CUS Foggia deve arrendersi alla furia di Balena e compagni. Fra le mura amiche, i rossogranata conquistano altri tre punti fondamentali e guadagnano due posizioni in classifica. Ora la salvezza \u00e8 davvero ad un passo.<\/p>\n<p>L\u2019obiettivo alla vigilia era quello di confermarsi, dopo la bella vittoria sul campo del Futsal Veglie, e i turesi non hanno deluso le aspettative. Spinti da una gremita folla di appassionati e tifosi, i ragazzi di mister Masi superano agilmente un CUS Foggia arrivato a Turi alla ricerca di punti preziosi in chiave salvezza. 9-6 il risultato finale, per una partita che non \u00e8 mai stata in discussione, in cui i turesi hanno mostrato quella maturit\u00e0 che tanto era mancata nella prima parte di stagione.<\/p>\n<figure class=\"wp-block-image size-full\"><img decoding=\"async\" width=\"1080\" height=\"1080\" src=\"https:\/\/turi.lavocedelpaese.info\/wp-content\/uploads\/2025\/02\/FB_IMG_1740731965628.jpg\" alt=\"\" class=\"wp-image-6629\"\/><\/figure>\n<p>Partita che si mette subito in discesa grazie alle tre reti in rapida sequenza firmate da Denovellis, Balena e Gallardo. Il Foggia non ci sta e si rif\u00e0 sotto nel giro di pochi minuti. I turesi mostrano maturit\u00e0, mantenendo la calma e non si scomponendosi: \u00e8 Corriero a firmare il 4-2. Nel finale di tempo i turesi allungano ancora con Balena e Gallardo, il quale nella ripresa sigla la sua tripletta personale. Segue una girandola di gol che porta il risultato sul 9-4, con le reti turesi siglate da Banegas e Corriero. I minuti finali sono stati l\u2019occasione per l\u2019esordio fra i grandi del baby Lioce, classe 2008 frutto del settore giovanile, da mesi ormai nel giro della prima squadra. Un orgoglio vedere un nuovo ragazzo turese esordire in prima squadra, gi\u00e0 formata per la maggioranza da frutti del nostro settore giovanile, con la speranza di continuare questo trend anche in futuro.<\/p>\n<p>Con i tre punti guadagnati sabato, i turesi scavalcano Conversano e Cassano e si portano in ottava posizione, con ben 14 lunghezze di vantaggio sulla zona retrocessione. A cinque giornate dalla fine del campionato, il traguardo salvezza \u00e8 sempre pi\u00f9 vicino. Un traguardo importante, impensabile non pi\u00f9 di quattro mesi fa. Ora, sognare non costa nulla: sabato prossimo Girolamo e compagni avranno l\u2019occasione di avvicinarsi ancora di pi\u00f9 alla zona playoff, nella difficile sfida al Futsal Andria sesto in classifica.<\/p>\n<h4 class=\"wp-block-heading\"><strong>CLASSIFICA<\/strong><\/h4>\n<p>Just Mola 46, CUS Bari 43, Real Molfetta 39, Volare Polignano 37, Grimal Barletta 36, Futsal Veglie 32, Futsal Andria 32, <strong>THURIAE 30<\/strong>,\u00a0 Azzurri Conversano 28, Cassano delle Murge C5 27, CUS Foggia 16, Futsal San Martino 15, Futsal Ruvo 13, Futbol Cinco Bisceglie 12.<\/p>\n<figure class=\"wp-block-image size-full\"><img decoding=\"async\" width=\"1080\" height=\"1080\" src=\"https:\/\/turi.lavocedelpaese.info\/wp-content\/uploads\/2025\/02\/FB_IMG_1740731958195.jpg\" alt=\"\" class=\"wp-image-6630\"\/><\/figure>\n<p><a class=\"a2a_button_facebook\" href=\"https:\/\/www.addtoany.com\/add_to\/facebook?linkurl=https%3A%2F%2Fturi.lavocedelpaese.info%2Fthuriae-importanti-vittorie-con-veglie-e-foggia%2F&amp;linkname=Thuriae%2C%20importanti%20vittorie%20con%20Veglie%20e%20Foggia\" title=\"Facebook\" rel=\"nofollow noopener\" target=\"_blank\"><\/a><a class=\"a2a_button_twitter\" href=\"https:\/\/www.addtoany.com\/add_to\/twitter?linkurl=https%3A%2F%2Fturi.lavocedelpaese.info%2Fthuriae-importanti-vittorie-con-veglie-e-foggia%2F&amp;linkname=Thuriae%2C%20importanti%20vittorie%20con%20Veglie%20e%20Foggia\" title=\"Twitter\" rel=\"nofollow noopener\" target=\"_blank\"><\/a><a class=\"a2a_button_whatsapp\" href=\"https:\/\/www.addtoany.com\/add_to\/whatsapp?linkurl=https%3A%2F%2Fturi.lavocedelpaese.info%2Fthuriae-importanti-vittorie-con-veglie-e-foggia%2F&amp;linkname=Thuriae%2C%20importanti%20vittorie%20con%20Veglie%20e%20Foggia\" title=\"WhatsApp\" rel=\"nofollow noopener\" target=\"_blank\"><\/a><a class=\"a2a_button_telegram\" href=\"https:\/\/www.addtoany.com\/add_to\/telegram?linkurl=https%3A%2F%2Fturi.lavocedelpaese.info%2Fthuriae-importanti-vittorie-con-veglie-e-foggia%2F&amp;linkname=Thuriae%2C%20importanti%20vittorie%20con%20Veglie%20e%20Foggia\" title=\"Telegram\" rel=\"nofollow noopener\" target=\"_blank\"><\/a><a class=\"a2a_button_email\" href=\"https:\/\/www.addtoany.com\/add_to\/email?linkurl=https%3A%2F%2Fturi.lavocedelpaese.info%2Fthuriae-importanti-vittorie-con-veglie-e-foggia%2F&amp;linkname=Thuriae%2C%20importanti%20vittorie%20con%20Veglie%20e%20Foggia\" title=\"Email\" rel=\"nofollow noopener\" target=\"_blank\"><\/a><\/p>\n<p>L&#8217;articolo <a href=\"https:\/\/turi.lavocedelpaese.info\/thuriae-importanti-vittorie-con-veglie-e-foggia\/\">Thuriae, importanti vittorie con Veglie e Foggia<\/a> proviene da <a href=\"https:\/\/turi.lavocedelpaese.info\/\">Turi &#8211; La Voce del Paese<\/a>.<\/p>\n<p>\u00a0<\/p>\n<p>\u00a0<\/p>\n<p>\u200b\u00a0\u00a0\u00a0<\/p>","protected":false},"excerpt":{"rendered":"<p>\u00a0 \u200b\u00a0 \u200b\u00a0 I turesi sono ora all\u2019ottavo posto in classifica. Oggi sfida al Futsal Andria sesto Serviva una reazione,<\/p>\n","protected":false},"author":6,"featured_media":8930,"comment_status":"open","ping_status":"closed","sticky":false,"template":"","format":"standard","meta":{"colormag_page_container_layout":"default_layout","colormag_page_sidebar_layout":"default_layout","footnotes":""},"categories":[33],"tags":[],"class_list":["post-8929","post","type-post","status-publish","format-standard","has-post-thumbnail","hentry","category-network"],"yoast_head":"<!-- This site is optimized with the Yoast SEO plugin v27.5 - https:\/\/yoast.com\/product\/yoast-seo-wordpress\/ -->\n<title>Thuriae, importanti vittorie con Veglie e Foggia\u00a0\u200b - La Voce del Paese<\/title>\n<meta name=\"robots\" content=\"index, follow, max-snippet:-1, max-image-preview:large, max-video-preview:-1\" \/>\n<link rel=\"canonical\" href=\"https:\/\/lavocedelpaese.info\/index.php\/2025\/03\/01\/thuriae-importanti-vittorie-con-veglie-e-foggia\/\" \/>\n<meta property=\"og:locale\" content=\"it_IT\" \/>\n<meta property=\"og:type\" content=\"article\" \/>\n<meta property=\"og:title\" content=\"Thuriae, importanti vittorie con Veglie e Foggia\u00a0\u200b - La Voce del Paese\" \/>\n<meta property=\"og:description\" content=\"\u00a0 \u200b\u00a0 \u200b\u00a0 I turesi sono ora all\u2019ottavo posto in classifica. Oggi sfida al Futsal Andria sesto Serviva una reazione,\" \/>\n<meta property=\"og:url\" content=\"https:\/\/lavocedelpaese.info\/index.php\/2025\/03\/01\/thuriae-importanti-vittorie-con-veglie-e-foggia\/\" \/>\n<meta property=\"og:site_name\" content=\"La Voce del Paese\" \/>\n<meta property=\"article:publisher\" content=\"https:\/\/www.facebook.com\/lavocedelpaese.info\" \/>\n<meta property=\"article:published_time\" content=\"2025-03-01T07:14:58+00:00\" \/>\n<meta name=\"author\" content=\"admin\" \/>\n<meta name=\"twitter:card\" content=\"summary_large_image\" \/>\n<meta name=\"twitter:label1\" content=\"Scritto da\" \/>\n\t<meta name=\"twitter:data1\" content=\"admin\" \/>\n\t<meta name=\"twitter:label2\" content=\"Tempo di lettura stimato\" \/>\n\t<meta name=\"twitter:data2\" content=\"3 minuti\" \/>\n<script type=\"application\/ld+json\" class=\"yoast-schema-graph\">{\"@context\":\"https:\\\/\\\/schema.org\",\"@graph\":[{\"@type\":\"Article\",\"@id\":\"https:\\\/\\\/lavocedelpaese.info\\\/index.php\\\/2025\\\/03\\\/01\\\/thuriae-importanti-vittorie-con-veglie-e-foggia\\\/#article\",\"isPartOf\":{\"@id\":\"https:\\\/\\\/lavocedelpaese.info\\\/index.php\\\/2025\\\/03\\\/01\\\/thuriae-importanti-vittorie-con-veglie-e-foggia\\\/\"},\"author\":{\"name\":\"admin\",\"@id\":\"https:\\\/\\\/lavocedelpaese.info\\\/#\\\/schema\\\/person\\\/ec151d321306bd7591f7a061abf72d88\"},\"headline\":\"Thuriae, importanti vittorie con Veglie e Foggia\u00a0\u200b\",\"datePublished\":\"2025-03-01T07:14:58+00:00\",\"mainEntityOfPage\":{\"@id\":\"https:\\\/\\\/lavocedelpaese.info\\\/index.php\\\/2025\\\/03\\\/01\\\/thuriae-importanti-vittorie-con-veglie-e-foggia\\\/\"},\"wordCount\":587,\"commentCount\":0,\"publisher\":{\"@id\":\"https:\\\/\\\/lavocedelpaese.info\\\/#organization\"},\"image\":{\"@id\":\"https:\\\/\\\/lavocedelpaese.info\\\/index.php\\\/2025\\\/03\\\/01\\\/thuriae-importanti-vittorie-con-veglie-e-foggia\\\/#primaryimage\"},\"thumbnailUrl\":\"https:\\\/\\\/lavocedelpaese.info\\\/wp-content\\\/uploads\\\/2025\\\/03\\\/IMG-20250223-WA0020-UAv8sJ.jpeg\",\"articleSection\":[\"network\"],\"inLanguage\":\"it-IT\",\"potentialAction\":[{\"@type\":\"CommentAction\",\"name\":\"Comment\",\"target\":[\"https:\\\/\\\/lavocedelpaese.info\\\/index.php\\\/2025\\\/03\\\/01\\\/thuriae-importanti-vittorie-con-veglie-e-foggia\\\/#respond\"]}]},{\"@type\":\"WebPage\",\"@id\":\"https:\\\/\\\/lavocedelpaese.info\\\/index.php\\\/2025\\\/03\\\/01\\\/thuriae-importanti-vittorie-con-veglie-e-foggia\\\/\",\"url\":\"https:\\\/\\\/lavocedelpaese.info\\\/index.php\\\/2025\\\/03\\\/01\\\/thuriae-importanti-vittorie-con-veglie-e-foggia\\\/\",\"name\":\"Thuriae, importanti vittorie con Veglie e Foggia\u00a0\u200b - La Voce del Paese\",\"isPartOf\":{\"@id\":\"https:\\\/\\\/lavocedelpaese.info\\\/#website\"},\"primaryImageOfPage\":{\"@id\":\"https:\\\/\\\/lavocedelpaese.info\\\/index.php\\\/2025\\\/03\\\/01\\\/thuriae-importanti-vittorie-con-veglie-e-foggia\\\/#primaryimage\"},\"image\":{\"@id\":\"https:\\\/\\\/lavocedelpaese.info\\\/index.php\\\/2025\\\/03\\\/01\\\/thuriae-importanti-vittorie-con-veglie-e-foggia\\\/#primaryimage\"},\"thumbnailUrl\":\"https:\\\/\\\/lavocedelpaese.info\\\/wp-content\\\/uploads\\\/2025\\\/03\\\/IMG-20250223-WA0020-UAv8sJ.jpeg\",\"datePublished\":\"2025-03-01T07:14:58+00:00\",\"breadcrumb\":{\"@id\":\"https:\\\/\\\/lavocedelpaese.info\\\/index.php\\\/2025\\\/03\\\/01\\\/thuriae-importanti-vittorie-con-veglie-e-foggia\\\/#breadcrumb\"},\"inLanguage\":\"it-IT\",\"potentialAction\":[{\"@type\":\"ReadAction\",\"target\":[\"https:\\\/\\\/lavocedelpaese.info\\\/index.php\\\/2025\\\/03\\\/01\\\/thuriae-importanti-vittorie-con-veglie-e-foggia\\\/\"]}]},{\"@type\":\"ImageObject\",\"inLanguage\":\"it-IT\",\"@id\":\"https:\\\/\\\/lavocedelpaese.info\\\/index.php\\\/2025\\\/03\\\/01\\\/thuriae-importanti-vittorie-con-veglie-e-foggia\\\/#primaryimage\",\"url\":\"https:\\\/\\\/lavocedelpaese.info\\\/wp-content\\\/uploads\\\/2025\\\/03\\\/IMG-20250223-WA0020-UAv8sJ.jpeg\",\"contentUrl\":\"https:\\\/\\\/lavocedelpaese.info\\\/wp-content\\\/uploads\\\/2025\\\/03\\\/IMG-20250223-WA0020-UAv8sJ.jpeg\",\"width\":800,\"height\":800},{\"@type\":\"BreadcrumbList\",\"@id\":\"https:\\\/\\\/lavocedelpaese.info\\\/index.php\\\/2025\\\/03\\\/01\\\/thuriae-importanti-vittorie-con-veglie-e-foggia\\\/#breadcrumb\",\"itemListElement\":[{\"@type\":\"ListItem\",\"position\":1,\"name\":\"Home\",\"item\":\"https:\\\/\\\/lavocedelpaese.info\\\/\"},{\"@type\":\"ListItem\",\"position\":2,\"name\":\"Thuriae, importanti vittorie con Veglie e Foggia\u00a0\u200b\"}]},{\"@type\":\"WebSite\",\"@id\":\"https:\\\/\\\/lavocedelpaese.info\\\/#website\",\"url\":\"https:\\\/\\\/lavocedelpaese.info\\\/\",\"name\":\"La Voce del Paese\",\"description\":\"Un network di idee\",\"publisher\":{\"@id\":\"https:\\\/\\\/lavocedelpaese.info\\\/#organization\"},\"potentialAction\":[{\"@type\":\"SearchAction\",\"target\":{\"@type\":\"EntryPoint\",\"urlTemplate\":\"https:\\\/\\\/lavocedelpaese.info\\\/?s={search_term_string}\"},\"query-input\":{\"@type\":\"PropertyValueSpecification\",\"valueRequired\":true,\"valueName\":\"search_term_string\"}}],\"inLanguage\":\"it-IT\"},{\"@type\":\"Organization\",\"@id\":\"https:\\\/\\\/lavocedelpaese.info\\\/#organization\",\"name\":\"La Voce del Paese\",\"url\":\"https:\\\/\\\/lavocedelpaese.info\\\/\",\"logo\":{\"@type\":\"ImageObject\",\"inLanguage\":\"it-IT\",\"@id\":\"https:\\\/\\\/lavocedelpaese.info\\\/#\\\/schema\\\/logo\\\/image\\\/\",\"url\":\"https:\\\/\\\/lavocedelpaese.info\\\/wp-content\\\/uploads\\\/2023\\\/01\\\/cropped-logo-150-127.png\",\"contentUrl\":\"https:\\\/\\\/lavocedelpaese.info\\\/wp-content\\\/uploads\\\/2023\\\/01\\\/cropped-logo-150-127.png\",\"width\":137,\"height\":119,\"caption\":\"La Voce del Paese\"},\"image\":{\"@id\":\"https:\\\/\\\/lavocedelpaese.info\\\/#\\\/schema\\\/logo\\\/image\\\/\"},\"sameAs\":[\"https:\\\/\\\/www.facebook.com\\\/lavocedelpaese.info\"]},{\"@type\":\"Person\",\"@id\":\"https:\\\/\\\/lavocedelpaese.info\\\/#\\\/schema\\\/person\\\/ec151d321306bd7591f7a061abf72d88\",\"name\":\"admin\",\"image\":{\"@type\":\"ImageObject\",\"inLanguage\":\"it-IT\",\"@id\":\"https:\\\/\\\/secure.gravatar.com\\\/avatar\\\/af8f2caf0663124588de48a9380e07cbc95a74ef15b8062d0d39106c32fe3023?s=96&d=mm&r=g\",\"url\":\"https:\\\/\\\/secure.gravatar.com\\\/avatar\\\/af8f2caf0663124588de48a9380e07cbc95a74ef15b8062d0d39106c32fe3023?s=96&d=mm&r=g\",\"contentUrl\":\"https:\\\/\\\/secure.gravatar.com\\\/avatar\\\/af8f2caf0663124588de48a9380e07cbc95a74ef15b8062d0d39106c32fe3023?s=96&d=mm&r=g\",\"caption\":\"admin\"},\"sameAs\":[\"https:\\\/\\\/lavocedelpaese.info\"],\"url\":\"https:\\\/\\\/lavocedelpaese.info\\\/index.php\\\/author\\\/admin\\\/\"}]}<\/script>\n<!-- \/ Yoast SEO plugin. -->","yoast_head_json":{"title":"Thuriae, importanti vittorie con Veglie e Foggia\u00a0\u200b - La Voce del Paese","robots":{"index":"index","follow":"follow","max-snippet":"max-snippet:-1","max-image-preview":"max-image-preview:large","max-video-preview":"max-video-preview:-1"},"canonical":"https:\/\/lavocedelpaese.info\/index.php\/2025\/03\/01\/thuriae-importanti-vittorie-con-veglie-e-foggia\/","og_locale":"it_IT","og_type":"article","og_title":"Thuriae, importanti vittorie con Veglie e Foggia\u00a0\u200b - La Voce del Paese","og_description":"\u00a0 \u200b\u00a0 \u200b\u00a0 I turesi sono ora all\u2019ottavo posto in classifica. Oggi sfida al Futsal Andria sesto Serviva una reazione,","og_url":"https:\/\/lavocedelpaese.info\/index.php\/2025\/03\/01\/thuriae-importanti-vittorie-con-veglie-e-foggia\/","og_site_name":"La Voce del Paese","article_publisher":"https:\/\/www.facebook.com\/lavocedelpaese.info","article_published_time":"2025-03-01T07:14:58+00:00","author":"admin","twitter_card":"summary_large_image","twitter_misc":{"Scritto da":"admin","Tempo di lettura stimato":"3 minuti"},"schema":{"@context":"https:\/\/schema.org","@graph":[{"@type":"Article","@id":"https:\/\/lavocedelpaese.info\/index.php\/2025\/03\/01\/thuriae-importanti-vittorie-con-veglie-e-foggia\/#article","isPartOf":{"@id":"https:\/\/lavocedelpaese.info\/index.php\/2025\/03\/01\/thuriae-importanti-vittorie-con-veglie-e-foggia\/"},"author":{"name":"admin","@id":"https:\/\/lavocedelpaese.info\/#\/schema\/person\/ec151d321306bd7591f7a061abf72d88"},"headline":"Thuriae, importanti vittorie con Veglie e Foggia\u00a0\u200b","datePublished":"2025-03-01T07:14:58+00:00","mainEntityOfPage":{"@id":"https:\/\/lavocedelpaese.info\/index.php\/2025\/03\/01\/thuriae-importanti-vittorie-con-veglie-e-foggia\/"},"wordCount":587,"commentCount":0,"publisher":{"@id":"https:\/\/lavocedelpaese.info\/#organization"},"image":{"@id":"https:\/\/lavocedelpaese.info\/index.php\/2025\/03\/01\/thuriae-importanti-vittorie-con-veglie-e-foggia\/#primaryimage"},"thumbnailUrl":"https:\/\/lavocedelpaese.info\/wp-content\/uploads\/2025\/03\/IMG-20250223-WA0020-UAv8sJ.jpeg","articleSection":["network"],"inLanguage":"it-IT","potentialAction":[{"@type":"CommentAction","name":"Comment","target":["https:\/\/lavocedelpaese.info\/index.php\/2025\/03\/01\/thuriae-importanti-vittorie-con-veglie-e-foggia\/#respond"]}]},{"@type":"WebPage","@id":"https:\/\/lavocedelpaese.info\/index.php\/2025\/03\/01\/thuriae-importanti-vittorie-con-veglie-e-foggia\/","url":"https:\/\/lavocedelpaese.info\/index.php\/2025\/03\/01\/thuriae-importanti-vittorie-con-veglie-e-foggia\/","name":"Thuriae, importanti vittorie con Veglie e Foggia\u00a0\u200b - La Voce del Paese","isPartOf":{"@id":"https:\/\/lavocedelpaese.info\/#website"},"primaryImageOfPage":{"@id":"https:\/\/lavocedelpaese.info\/index.php\/2025\/03\/01\/thuriae-importanti-vittorie-con-veglie-e-foggia\/#primaryimage"},"image":{"@id":"https:\/\/lavocedelpaese.info\/index.php\/2025\/03\/01\/thuriae-importanti-vittorie-con-veglie-e-foggia\/#primaryimage"},"thumbnailUrl":"https:\/\/lavocedelpaese.info\/wp-content\/uploads\/2025\/03\/IMG-20250223-WA0020-UAv8sJ.jpeg","datePublished":"2025-03-01T07:14:58+00:00","breadcrumb":{"@id":"https:\/\/lavocedelpaese.info\/index.php\/2025\/03\/01\/thuriae-importanti-vittorie-con-veglie-e-foggia\/#breadcrumb"},"inLanguage":"it-IT","potentialAction":[{"@type":"ReadAction","target":["https:\/\/lavocedelpaese.info\/index.php\/2025\/03\/01\/thuriae-importanti-vittorie-con-veglie-e-foggia\/"]}]},{"@type":"ImageObject","inLanguage":"it-IT","@id":"https:\/\/lavocedelpaese.info\/index.php\/2025\/03\/01\/thuriae-importanti-vittorie-con-veglie-e-foggia\/#primaryimage","url":"https:\/\/lavocedelpaese.info\/wp-content\/uploads\/2025\/03\/IMG-20250223-WA0020-UAv8sJ.jpeg","contentUrl":"https:\/\/lavocedelpaese.info\/wp-content\/uploads\/2025\/03\/IMG-20250223-WA0020-UAv8sJ.jpeg","width":800,"height":800},{"@type":"BreadcrumbList","@id":"https:\/\/lavocedelpaese.info\/index.php\/2025\/03\/01\/thuriae-importanti-vittorie-con-veglie-e-foggia\/#breadcrumb","itemListElement":[{"@type":"ListItem","position":1,"name":"Home","item":"https:\/\/lavocedelpaese.info\/"},{"@type":"ListItem","position":2,"name":"Thuriae, importanti vittorie con Veglie e Foggia\u00a0\u200b"}]},{"@type":"WebSite","@id":"https:\/\/lavocedelpaese.info\/#website","url":"https:\/\/lavocedelpaese.info\/","name":"La Voce del Paese","description":"Un network di idee","publisher":{"@id":"https:\/\/lavocedelpaese.info\/#organization"},"potentialAction":[{"@type":"SearchAction","target":{"@type":"EntryPoint","urlTemplate":"https:\/\/lavocedelpaese.info\/?s={search_term_string}"},"query-input":{"@type":"PropertyValueSpecification","valueRequired":true,"valueName":"search_term_string"}}],"inLanguage":"it-IT"},{"@type":"Organization","@id":"https:\/\/lavocedelpaese.info\/#organization","name":"La Voce del Paese","url":"https:\/\/lavocedelpaese.info\/","logo":{"@type":"ImageObject","inLanguage":"it-IT","@id":"https:\/\/lavocedelpaese.info\/#\/schema\/logo\/image\/","url":"https:\/\/lavocedelpaese.info\/wp-content\/uploads\/2023\/01\/cropped-logo-150-127.png","contentUrl":"https:\/\/lavocedelpaese.info\/wp-content\/uploads\/2023\/01\/cropped-logo-150-127.png","width":137,"height":119,"caption":"La Voce del Paese"},"image":{"@id":"https:\/\/lavocedelpaese.info\/#\/schema\/logo\/image\/"},"sameAs":["https:\/\/www.facebook.com\/lavocedelpaese.info"]},{"@type":"Person","@id":"https:\/\/lavocedelpaese.info\/#\/schema\/person\/ec151d321306bd7591f7a061abf72d88","name":"admin","image":{"@type":"ImageObject","inLanguage":"it-IT","@id":"https:\/\/secure.gravatar.com\/avatar\/af8f2caf0663124588de48a9380e07cbc95a74ef15b8062d0d39106c32fe3023?s=96&d=mm&r=g","url":"https:\/\/secure.gravatar.com\/avatar\/af8f2caf0663124588de48a9380e07cbc95a74ef15b8062d0d39106c32fe3023?s=96&d=mm&r=g","contentUrl":"https:\/\/secure.gravatar.com\/avatar\/af8f2caf0663124588de48a9380e07cbc95a74ef15b8062d0d39106c32fe3023?s=96&d=mm&r=g","caption":"admin"},"sameAs":["https:\/\/lavocedelpaese.info"],"url":"https:\/\/lavocedelpaese.info\/index.php\/author\/admin\/"}]}},"_links":{"self":[{"href":"https:\/\/lavocedelpaese.info\/index.php\/wp-json\/wp\/v2\/posts\/8929","targetHints":{"allow":["GET"]}}],"collection":[{"href":"https:\/\/lavocedelpaese.info\/index.php\/wp-json\/wp\/v2\/posts"}],"about":[{"href":"https:\/\/lavocedelpaese.info\/index.php\/wp-json\/wp\/v2\/types\/post"}],"author":[{"embeddable":true,"href":"https:\/\/lavocedelpaese.info\/index.php\/wp-json\/wp\/v2\/users\/6"}],"replies":[{"embeddable":true,"href":"https:\/\/lavocedelpaese.info\/index.php\/wp-json\/wp\/v2\/comments?post=8929"}],"version-history":[{"count":0,"href":"https:\/\/lavocedelpaese.info\/index.php\/wp-json\/wp\/v2\/posts\/8929\/revisions"}],"wp:featuredmedia":[{"embeddable":true,"href":"https:\/\/lavocedelpaese.info\/index.php\/wp-json\/wp\/v2\/media\/8930"}],"wp:attachment":[{"href":"https:\/\/lavocedelpaese.info\/index.php\/wp-json\/wp\/v2\/media?parent=8929"}],"wp:term":[{"taxonomy":"category","embeddable":true,"href":"https:\/\/lavocedelpaese.info\/index.php\/wp-json\/wp\/v2\/categories?post=8929"},{"taxonomy":"post_tag","embeddable":true,"href":"https:\/\/lavocedelpaese.info\/index.php\/wp-json\/wp\/v2\/tags?post=8929"}],"curies":[{"name":"wp","href":"https:\/\/api.w.org\/{rel}","templated":true}]}}