{"id":8914,"date":"2025-02-25T08:13:37","date_gmt":"2025-02-25T08:13:37","guid":{"rendered":"https:\/\/lavocedelpaese.info\/index.php\/2025\/02\/25\/il-mulino-per-grani-di-antonio-zaccheo\/"},"modified":"2025-02-25T08:13:37","modified_gmt":"2025-02-25T08:13:37","slug":"il-mulino-per-grani-di-antonio-zaccheo","status":"publish","type":"post","link":"https:\/\/lavocedelpaese.info\/index.php\/2025\/02\/25\/il-mulino-per-grani-di-antonio-zaccheo\/","title":{"rendered":"Il Mulino per grani di Antonio Zaccheo\u00a0\u200b"},"content":{"rendered":"<p>\u00a0<\/p>\n<p>\u200b\u00a0<\/p>\n<p>\u200b\u00a0<\/p>\n<div><\/div>\n<h4 class=\"wp-block-heading\"><strong>Un simbolo della storia industriale di Turi da conoscere e valorizzare<\/strong><\/h4>\n<p><strong>di Stefano de Carolis<\/strong><\/p>\n<p>Negli anni \u201920 del Novecento, nei pressi della stazione ferroviaria di Turi, l\u2019imprenditore Raffaele Lefemine edific\u00f2 un grande mulino per la molitura dei grani con motore motore ruston 30 Hp e locomobile Ransomese.<br \/>Qualche anno dopo, l\u2019imprenditore vitivinicolo turese Antonio Zaccheo ne assunse dapprima la gestione e, negli anni \u201930 lo acquist\u00f2 all\u2019asta al prezzo di circa 200 mila lire.<\/p>\n<p>Si trattava di un mulino a cilindri per la molitura del grano tenero della capacit\u00e0 di 80 quintali giornalieri di macinato.<br \/>La complessa macchina molitoria veniva mossa da un singolo motore elettrico da 100 cavalli, attraverso pulegge collegate ai vari macchinari con grosse cinghie di trasmissione in cuoio.<br \/>Poich\u00e9 la lavorazione dei grani avveniva su 4 piani, la movimentazione del grano e del macinato era garantita da elevatori a tazze.<\/p>\n<p>L\u2019attivit\u00e0 del mulino era svolta nelle 24 ore, senza sosta nemmeno nei giorni di festa. Il fermo delle macchine avveniva solo periodicamente quando si doveva provvedere alla manutenzione e pulizia degli impianti.<\/p>\n<figure class=\"wp-block-image aligncenter size-full is-resized\"><img decoding=\"async\" width=\"1080\" height=\"1043\" src=\"https:\/\/turi.lavocedelpaese.info\/wp-content\/uploads\/2025\/02\/Don-Antonio-Zaccheo.jpeg\" alt=\"\" class=\"wp-image-6599\"\/><figcaption class=\"wp-element-caption\"><strong><em>Nella foto, a destra, Don Antonio Zaccheo (proprietario del mulino)<\/em><\/strong><\/figcaption><\/figure>\n<p>Nell\u2019impianto vi erano due grandi setacci, detti \u201cplanzisters\u201d, caratterizzati da un movimento ritmico oscillante. Questi macchinari erano talmente pesanti che trasmettevano vibrazioni a tutto l\u2019edificio, i cui pavimenti erano composti da un tavolato massiccio di legno sul quale erano fissate tutte le macchine del mulino.<\/p>\n<p>All\u2019ingresso dell\u2019edificio si trovavano gli uffici e le botole di scarico del grano, che arrivava in sacchi di iuta da 1 quintale ciascuno. Al piano superiore vi era un appartamento in cui abit\u00f2 don Antonio Zaccheo e spesso anche suo figlio Antonio, oggi grande e stimato imprenditore vitivinicolo toscano.<\/p>\n<p>Sul retro del mulino si sviluppava un piccolo allevamento di maiali, nutriti con i residui della lavorazione del grano. Negli anni \u201950 fu realizzata una grande stalla per ospitare gli animali di don Antonio \u2013 muli, asini e cavalli \u2013 impiegati nei lavori agricoli e nel trasporto della farina. Accanto alla stalla vi era anche un\u2019abitazione destinata al guardiano e alla sua famiglia, oltre a un ampio magazzino per gli attrezzi agricoli e altri prodotti.<\/p>\n<p>Tra il 1954 e il 1956, sempre sul retro del mulino, furono costruiti alcuni silos in cemento armato, con una capacit\u00e0 di stoccaggio di circa 2000 metri cubi di grano, un volume nettamente superiore rispetto a quello precedentemente disponibile. Il grano veniva movimentato da un innovativo impianto di aspirazione pneumatica, all\u2019avanguardia per l\u2019epoca, che lo trasportava direttamente nei silos.<\/p>\n<figure class=\"wp-block-image size-full\"><img decoding=\"async\" width=\"1080\" height=\"470\" src=\"https:\/\/turi.lavocedelpaese.info\/wp-content\/uploads\/2025\/02\/Molino-Zaccheo.jpeg\" alt=\"\" class=\"wp-image-6601\"\/><figcaption class=\"wp-element-caption\"><strong><em>Il retro del mulino<\/em><\/strong><\/figcaption><\/figure>\n<p>Il mulino garantiva occupazione a circa 7-8 operai. Tra il personale si ricordano il ragioniere Calisi (poi sindaco di Turi) e Vita Martal\u00f2, nota come \u201cla signorina\u201d. Oltre a rifornire la comunit\u00e0 di Turi, il mulino Zaccheo forniva farina anche ai paesi limitrofi.<\/p>\n<p>Durante la Seconda Guerra Mondiale, il mulino assunse un ruolo strategico a causa del razionamento delle derrate alimentari. In un periodo di economia di guerra e di rigidi contingentamenti, Antonio Zaccheo si adoper\u00f2 per agevolare, per quanto possibile, i suoi concittadini.<\/p>\n<p>Agli inizi degli anni \u201960, in pieno boom economico, erano necessari maggiori investimenti per adeguarsi alla concorrenza; tuttavia il luogo, la logistica e le fonti di approvvigionamento non erano i pi\u00f9 idonei per affrontare i costi di tale ammodernamento. Per questi motivi, nel 1963 il mulino cess\u00f2 definitivamente la sua attivit\u00e0, chiudendo un capitolo importante della storia economica e sociale di Turi.<\/p>\n<h4 class=\"wp-block-heading\"><strong>La nevicata del 1956: i turesi necessitano di pane<\/strong><\/h4>\n<p>Cenzino Carenza, classe 1935, ricorda con emozione uno degli inverni pi\u00f9 rigidi della storia recente:<\/p>\n<p>\u00abNel 1956 ci fu una nevicata memorabile. La neve cadde senza sosta per oltre un mese, accumulandosi fino a un metro di altezza. A causa delle difficolt\u00e0 di approvvigionamento della farina, i forni rimasero a secco di materia prima e la panificazione si ferm\u00f2. La cittadinanza, esasperata dalla mancanza di pane, protestava dinnanzi all\u2019unico panificio di Turi di propriet\u00e0 di Vincenzo Battista<\/p>\n<p>Un giorno, il fornaio mi contatt\u00f2: aveva bisogno di aiuto per andare a caricare la farina dal mulino di don Antonio Zaccheo, poich\u00e9 il suo trainiere, tale Peppino Corcelli, non poteva effettuare la consegna al forno dei venti quintali di farina.<\/p>\n<figure class=\"wp-block-image aligncenter size-full is-resized\"><img decoding=\"async\" width=\"1080\" height=\"737\" src=\"https:\/\/turi.lavocedelpaese.info\/wp-content\/uploads\/2025\/02\/Il-trainiere-Peppino-Corcelli.jpeg\" alt=\"\" class=\"wp-image-6600\"\/><figcaption class=\"wp-element-caption\"><strong><em>Il trainiere Peppino Corcelli<\/em><\/strong><\/figcaption><\/figure>\n<p>Vista l\u2019impellente necessit\u00e0, presi il traino e lo attaccai al mio cavallo baio di nome \u201cPiccino\u201d. Era uno straordinario cavallo che, nel 1949, acquistammo con mio padre a Scandicci (FI).<\/p>\n<p>L\u2019impresa del trasporto fu ardua; tuttavia, con estrema fatica, tra una scivolata e l\u2019altra, arrivai davanti al mulino, dove trovai don Antonio Zaccheo, il quale vedendomi con il traino che veniva trascinato come una slitta esclam\u00f2: \u201c\u2026 ma tu sei pazzo!\u201d.<br \/>Fu cos\u00ec che caricai i primi cinque quintali di farina e con non poche difficolt\u00e0 la trasportai sino al forno di Battista. <\/p>\n<figure class=\"wp-block-gallery has-nested-images columns-default is-cropped wp-block-gallery-1 is-layout-flex wp-block-gallery-is-layout-flex\">\n<figure class=\"wp-block-image size-large\"><img decoding=\"async\" loading=\"lazy\" width=\"720\" height=\"1001\" data-id=\"6598\" src=\"https:\/\/turi.lavocedelpaese.info\/wp-content\/uploads\/2025\/02\/Turi-1951-Cenzino-Carenza-con-il-suo-Piccino-acquistato-a-Scandicci-FI-nel-1949.jpeg\" alt=\"\" class=\"wp-image-6598\"\/><\/figure>\n<figure class=\"wp-block-image size-large\"><img decoding=\"async\" loading=\"lazy\" width=\"1049\" height=\"1492\" data-id=\"6603\" src=\"https:\/\/turi.lavocedelpaese.info\/wp-content\/uploads\/2025\/02\/WhatsApp-Image-2025-02-25-at-08.13.56.jpeg\" alt=\"\" class=\"wp-image-6603\"\/><\/figure>\n<\/figure>\n<p class=\"has-text-align-left\"><strong><em>Turi 1951 \u2013 Cenzino Carenza con il suo Piccino acquistato a Scandicci (FI) <\/em><\/strong><\/p>\n<p>Ricordo che i tanti turesi che erano davanti al forno applaudivano e mi ringraziavano perch\u00e9 finalmente il fornaio avrebbe potuto riprendere la panificazione. Margherita, moglie di Battista, con gratitudine mi don\u00f2 cinque chili di pane e un litro di alcol per strofinare il manto di \u201cPiccino\u201d, che si era ridotto un pezzo d\u2019acqua\u00bb.<\/p>\n<figure class=\"wp-block-embed is-type-video is-provider-youtube wp-block-embed-youtube wp-embed-aspect-4-3 wp-has-aspect-ratio\">\n<div class=\"wp-block-embed__wrapper\">\n<\/div>\n<\/figure>\n<p><a class=\"a2a_button_facebook\" href=\"https:\/\/www.addtoany.com\/add_to\/facebook?linkurl=https%3A%2F%2Fturi.lavocedelpaese.info%2Fil-mulino-per-grani-di-antonio-zaccheo%2F&amp;linkname=Il%20Mulino%20per%20grani%20di%20Antonio%20Zaccheo\" title=\"Facebook\" rel=\"nofollow noopener\" target=\"_blank\"><\/a><a class=\"a2a_button_twitter\" href=\"https:\/\/www.addtoany.com\/add_to\/twitter?linkurl=https%3A%2F%2Fturi.lavocedelpaese.info%2Fil-mulino-per-grani-di-antonio-zaccheo%2F&amp;linkname=Il%20Mulino%20per%20grani%20di%20Antonio%20Zaccheo\" title=\"Twitter\" rel=\"nofollow noopener\" target=\"_blank\"><\/a><a class=\"a2a_button_whatsapp\" href=\"https:\/\/www.addtoany.com\/add_to\/whatsapp?linkurl=https%3A%2F%2Fturi.lavocedelpaese.info%2Fil-mulino-per-grani-di-antonio-zaccheo%2F&amp;linkname=Il%20Mulino%20per%20grani%20di%20Antonio%20Zaccheo\" title=\"WhatsApp\" rel=\"nofollow noopener\" target=\"_blank\"><\/a><a class=\"a2a_button_telegram\" href=\"https:\/\/www.addtoany.com\/add_to\/telegram?linkurl=https%3A%2F%2Fturi.lavocedelpaese.info%2Fil-mulino-per-grani-di-antonio-zaccheo%2F&amp;linkname=Il%20Mulino%20per%20grani%20di%20Antonio%20Zaccheo\" title=\"Telegram\" rel=\"nofollow noopener\" target=\"_blank\"><\/a><a class=\"a2a_button_email\" href=\"https:\/\/www.addtoany.com\/add_to\/email?linkurl=https%3A%2F%2Fturi.lavocedelpaese.info%2Fil-mulino-per-grani-di-antonio-zaccheo%2F&amp;linkname=Il%20Mulino%20per%20grani%20di%20Antonio%20Zaccheo\" title=\"Email\" rel=\"nofollow noopener\" target=\"_blank\"><\/a><\/p>\n<p>L&#8217;articolo <a href=\"https:\/\/turi.lavocedelpaese.info\/il-mulino-per-grani-di-antonio-zaccheo\/\">Il Mulino per grani di Antonio Zaccheo<\/a> proviene da <a href=\"https:\/\/turi.lavocedelpaese.info\/\">Turi &#8211; La Voce del Paese<\/a>.<\/p>\n<p>\u00a0<\/p>\n<p>\u00a0<\/p>\n<p>\u200b\u00a0\u00a0\u00a0<\/p>","protected":false},"excerpt":{"rendered":"<p>\u00a0 \u200b\u00a0 \u200b\u00a0 Un simbolo della storia industriale di Turi da conoscere e valorizzare di Stefano de Carolis Negli anni<\/p>\n","protected":false},"author":6,"featured_media":8915,"comment_status":"open","ping_status":"closed","sticky":false,"template":"","format":"standard","meta":{"colormag_page_container_layout":"default_layout","colormag_page_sidebar_layout":"default_layout","footnotes":""},"categories":[33],"tags":[],"class_list":["post-8914","post","type-post","status-publish","format-standard","has-post-thumbnail","hentry","category-network"],"yoast_head":"<!-- This site is optimized with the Yoast SEO plugin v27.5 - https:\/\/yoast.com\/product\/yoast-seo-wordpress\/ -->\n<title>Il Mulino per grani di Antonio Zaccheo\u00a0\u200b - La Voce del Paese<\/title>\n<meta name=\"robots\" content=\"index, follow, max-snippet:-1, max-image-preview:large, max-video-preview:-1\" \/>\n<link rel=\"canonical\" href=\"https:\/\/lavocedelpaese.info\/index.php\/2025\/02\/25\/il-mulino-per-grani-di-antonio-zaccheo\/\" \/>\n<meta property=\"og:locale\" content=\"it_IT\" \/>\n<meta property=\"og:type\" content=\"article\" \/>\n<meta property=\"og:title\" content=\"Il Mulino per grani di Antonio Zaccheo\u00a0\u200b - La Voce del Paese\" \/>\n<meta property=\"og:description\" content=\"\u00a0 \u200b\u00a0 \u200b\u00a0 Un simbolo della storia industriale di Turi da conoscere e valorizzare di Stefano de Carolis Negli anni\" \/>\n<meta property=\"og:url\" content=\"https:\/\/lavocedelpaese.info\/index.php\/2025\/02\/25\/il-mulino-per-grani-di-antonio-zaccheo\/\" \/>\n<meta property=\"og:site_name\" content=\"La Voce del Paese\" \/>\n<meta property=\"article:publisher\" content=\"https:\/\/www.facebook.com\/lavocedelpaese.info\" \/>\n<meta property=\"article:published_time\" content=\"2025-02-25T08:13:37+00:00\" \/>\n<meta name=\"author\" content=\"admin\" \/>\n<meta name=\"twitter:card\" content=\"summary_large_image\" \/>\n<meta name=\"twitter:label1\" content=\"Scritto da\" \/>\n\t<meta name=\"twitter:data1\" content=\"admin\" \/>\n\t<meta name=\"twitter:label2\" content=\"Tempo di lettura stimato\" \/>\n\t<meta name=\"twitter:data2\" content=\"4 minuti\" \/>\n<script type=\"application\/ld+json\" class=\"yoast-schema-graph\">{\"@context\":\"https:\\\/\\\/schema.org\",\"@graph\":[{\"@type\":\"Article\",\"@id\":\"https:\\\/\\\/lavocedelpaese.info\\\/index.php\\\/2025\\\/02\\\/25\\\/il-mulino-per-grani-di-antonio-zaccheo\\\/#article\",\"isPartOf\":{\"@id\":\"https:\\\/\\\/lavocedelpaese.info\\\/index.php\\\/2025\\\/02\\\/25\\\/il-mulino-per-grani-di-antonio-zaccheo\\\/\"},\"author\":{\"name\":\"admin\",\"@id\":\"https:\\\/\\\/lavocedelpaese.info\\\/#\\\/schema\\\/person\\\/ec151d321306bd7591f7a061abf72d88\"},\"headline\":\"Il Mulino per grani di Antonio Zaccheo\u00a0\u200b\",\"datePublished\":\"2025-02-25T08:13:37+00:00\",\"mainEntityOfPage\":{\"@id\":\"https:\\\/\\\/lavocedelpaese.info\\\/index.php\\\/2025\\\/02\\\/25\\\/il-mulino-per-grani-di-antonio-zaccheo\\\/\"},\"wordCount\":871,\"commentCount\":0,\"publisher\":{\"@id\":\"https:\\\/\\\/lavocedelpaese.info\\\/#organization\"},\"image\":{\"@id\":\"https:\\\/\\\/lavocedelpaese.info\\\/index.php\\\/2025\\\/02\\\/25\\\/il-mulino-per-grani-di-antonio-zaccheo\\\/#primaryimage\"},\"thumbnailUrl\":\"https:\\\/\\\/lavocedelpaese.info\\\/wp-content\\\/uploads\\\/2025\\\/02\\\/Don-Antonio-Zaccheo-50eIec.jpeg\",\"articleSection\":[\"network\"],\"inLanguage\":\"it-IT\",\"potentialAction\":[{\"@type\":\"CommentAction\",\"name\":\"Comment\",\"target\":[\"https:\\\/\\\/lavocedelpaese.info\\\/index.php\\\/2025\\\/02\\\/25\\\/il-mulino-per-grani-di-antonio-zaccheo\\\/#respond\"]}]},{\"@type\":\"WebPage\",\"@id\":\"https:\\\/\\\/lavocedelpaese.info\\\/index.php\\\/2025\\\/02\\\/25\\\/il-mulino-per-grani-di-antonio-zaccheo\\\/\",\"url\":\"https:\\\/\\\/lavocedelpaese.info\\\/index.php\\\/2025\\\/02\\\/25\\\/il-mulino-per-grani-di-antonio-zaccheo\\\/\",\"name\":\"Il Mulino per grani di Antonio Zaccheo\u00a0\u200b - La Voce del Paese\",\"isPartOf\":{\"@id\":\"https:\\\/\\\/lavocedelpaese.info\\\/#website\"},\"primaryImageOfPage\":{\"@id\":\"https:\\\/\\\/lavocedelpaese.info\\\/index.php\\\/2025\\\/02\\\/25\\\/il-mulino-per-grani-di-antonio-zaccheo\\\/#primaryimage\"},\"image\":{\"@id\":\"https:\\\/\\\/lavocedelpaese.info\\\/index.php\\\/2025\\\/02\\\/25\\\/il-mulino-per-grani-di-antonio-zaccheo\\\/#primaryimage\"},\"thumbnailUrl\":\"https:\\\/\\\/lavocedelpaese.info\\\/wp-content\\\/uploads\\\/2025\\\/02\\\/Don-Antonio-Zaccheo-50eIec.jpeg\",\"datePublished\":\"2025-02-25T08:13:37+00:00\",\"breadcrumb\":{\"@id\":\"https:\\\/\\\/lavocedelpaese.info\\\/index.php\\\/2025\\\/02\\\/25\\\/il-mulino-per-grani-di-antonio-zaccheo\\\/#breadcrumb\"},\"inLanguage\":\"it-IT\",\"potentialAction\":[{\"@type\":\"ReadAction\",\"target\":[\"https:\\\/\\\/lavocedelpaese.info\\\/index.php\\\/2025\\\/02\\\/25\\\/il-mulino-per-grani-di-antonio-zaccheo\\\/\"]}]},{\"@type\":\"ImageObject\",\"inLanguage\":\"it-IT\",\"@id\":\"https:\\\/\\\/lavocedelpaese.info\\\/index.php\\\/2025\\\/02\\\/25\\\/il-mulino-per-grani-di-antonio-zaccheo\\\/#primaryimage\",\"url\":\"https:\\\/\\\/lavocedelpaese.info\\\/wp-content\\\/uploads\\\/2025\\\/02\\\/Don-Antonio-Zaccheo-50eIec.jpeg\",\"contentUrl\":\"https:\\\/\\\/lavocedelpaese.info\\\/wp-content\\\/uploads\\\/2025\\\/02\\\/Don-Antonio-Zaccheo-50eIec.jpeg\",\"width\":828,\"height\":800},{\"@type\":\"BreadcrumbList\",\"@id\":\"https:\\\/\\\/lavocedelpaese.info\\\/index.php\\\/2025\\\/02\\\/25\\\/il-mulino-per-grani-di-antonio-zaccheo\\\/#breadcrumb\",\"itemListElement\":[{\"@type\":\"ListItem\",\"position\":1,\"name\":\"Home\",\"item\":\"https:\\\/\\\/lavocedelpaese.info\\\/\"},{\"@type\":\"ListItem\",\"position\":2,\"name\":\"Il Mulino per grani di Antonio Zaccheo\u00a0\u200b\"}]},{\"@type\":\"WebSite\",\"@id\":\"https:\\\/\\\/lavocedelpaese.info\\\/#website\",\"url\":\"https:\\\/\\\/lavocedelpaese.info\\\/\",\"name\":\"La Voce del Paese\",\"description\":\"Un network di idee\",\"publisher\":{\"@id\":\"https:\\\/\\\/lavocedelpaese.info\\\/#organization\"},\"potentialAction\":[{\"@type\":\"SearchAction\",\"target\":{\"@type\":\"EntryPoint\",\"urlTemplate\":\"https:\\\/\\\/lavocedelpaese.info\\\/?s={search_term_string}\"},\"query-input\":{\"@type\":\"PropertyValueSpecification\",\"valueRequired\":true,\"valueName\":\"search_term_string\"}}],\"inLanguage\":\"it-IT\"},{\"@type\":\"Organization\",\"@id\":\"https:\\\/\\\/lavocedelpaese.info\\\/#organization\",\"name\":\"La Voce del Paese\",\"url\":\"https:\\\/\\\/lavocedelpaese.info\\\/\",\"logo\":{\"@type\":\"ImageObject\",\"inLanguage\":\"it-IT\",\"@id\":\"https:\\\/\\\/lavocedelpaese.info\\\/#\\\/schema\\\/logo\\\/image\\\/\",\"url\":\"https:\\\/\\\/lavocedelpaese.info\\\/wp-content\\\/uploads\\\/2023\\\/01\\\/cropped-logo-150-127.png\",\"contentUrl\":\"https:\\\/\\\/lavocedelpaese.info\\\/wp-content\\\/uploads\\\/2023\\\/01\\\/cropped-logo-150-127.png\",\"width\":137,\"height\":119,\"caption\":\"La Voce del Paese\"},\"image\":{\"@id\":\"https:\\\/\\\/lavocedelpaese.info\\\/#\\\/schema\\\/logo\\\/image\\\/\"},\"sameAs\":[\"https:\\\/\\\/www.facebook.com\\\/lavocedelpaese.info\"]},{\"@type\":\"Person\",\"@id\":\"https:\\\/\\\/lavocedelpaese.info\\\/#\\\/schema\\\/person\\\/ec151d321306bd7591f7a061abf72d88\",\"name\":\"admin\",\"image\":{\"@type\":\"ImageObject\",\"inLanguage\":\"it-IT\",\"@id\":\"https:\\\/\\\/secure.gravatar.com\\\/avatar\\\/af8f2caf0663124588de48a9380e07cbc95a74ef15b8062d0d39106c32fe3023?s=96&d=mm&r=g\",\"url\":\"https:\\\/\\\/secure.gravatar.com\\\/avatar\\\/af8f2caf0663124588de48a9380e07cbc95a74ef15b8062d0d39106c32fe3023?s=96&d=mm&r=g\",\"contentUrl\":\"https:\\\/\\\/secure.gravatar.com\\\/avatar\\\/af8f2caf0663124588de48a9380e07cbc95a74ef15b8062d0d39106c32fe3023?s=96&d=mm&r=g\",\"caption\":\"admin\"},\"sameAs\":[\"https:\\\/\\\/lavocedelpaese.info\"],\"url\":\"https:\\\/\\\/lavocedelpaese.info\\\/index.php\\\/author\\\/admin\\\/\"}]}<\/script>\n<!-- \/ Yoast SEO plugin. -->","yoast_head_json":{"title":"Il Mulino per grani di Antonio Zaccheo\u00a0\u200b - La Voce del Paese","robots":{"index":"index","follow":"follow","max-snippet":"max-snippet:-1","max-image-preview":"max-image-preview:large","max-video-preview":"max-video-preview:-1"},"canonical":"https:\/\/lavocedelpaese.info\/index.php\/2025\/02\/25\/il-mulino-per-grani-di-antonio-zaccheo\/","og_locale":"it_IT","og_type":"article","og_title":"Il Mulino per grani di Antonio Zaccheo\u00a0\u200b - La Voce del Paese","og_description":"\u00a0 \u200b\u00a0 \u200b\u00a0 Un simbolo della storia industriale di Turi da conoscere e valorizzare di Stefano de Carolis Negli anni","og_url":"https:\/\/lavocedelpaese.info\/index.php\/2025\/02\/25\/il-mulino-per-grani-di-antonio-zaccheo\/","og_site_name":"La Voce del Paese","article_publisher":"https:\/\/www.facebook.com\/lavocedelpaese.info","article_published_time":"2025-02-25T08:13:37+00:00","author":"admin","twitter_card":"summary_large_image","twitter_misc":{"Scritto da":"admin","Tempo di lettura stimato":"4 minuti"},"schema":{"@context":"https:\/\/schema.org","@graph":[{"@type":"Article","@id":"https:\/\/lavocedelpaese.info\/index.php\/2025\/02\/25\/il-mulino-per-grani-di-antonio-zaccheo\/#article","isPartOf":{"@id":"https:\/\/lavocedelpaese.info\/index.php\/2025\/02\/25\/il-mulino-per-grani-di-antonio-zaccheo\/"},"author":{"name":"admin","@id":"https:\/\/lavocedelpaese.info\/#\/schema\/person\/ec151d321306bd7591f7a061abf72d88"},"headline":"Il Mulino per grani di Antonio Zaccheo\u00a0\u200b","datePublished":"2025-02-25T08:13:37+00:00","mainEntityOfPage":{"@id":"https:\/\/lavocedelpaese.info\/index.php\/2025\/02\/25\/il-mulino-per-grani-di-antonio-zaccheo\/"},"wordCount":871,"commentCount":0,"publisher":{"@id":"https:\/\/lavocedelpaese.info\/#organization"},"image":{"@id":"https:\/\/lavocedelpaese.info\/index.php\/2025\/02\/25\/il-mulino-per-grani-di-antonio-zaccheo\/#primaryimage"},"thumbnailUrl":"https:\/\/lavocedelpaese.info\/wp-content\/uploads\/2025\/02\/Don-Antonio-Zaccheo-50eIec.jpeg","articleSection":["network"],"inLanguage":"it-IT","potentialAction":[{"@type":"CommentAction","name":"Comment","target":["https:\/\/lavocedelpaese.info\/index.php\/2025\/02\/25\/il-mulino-per-grani-di-antonio-zaccheo\/#respond"]}]},{"@type":"WebPage","@id":"https:\/\/lavocedelpaese.info\/index.php\/2025\/02\/25\/il-mulino-per-grani-di-antonio-zaccheo\/","url":"https:\/\/lavocedelpaese.info\/index.php\/2025\/02\/25\/il-mulino-per-grani-di-antonio-zaccheo\/","name":"Il Mulino per grani di Antonio Zaccheo\u00a0\u200b - La Voce del Paese","isPartOf":{"@id":"https:\/\/lavocedelpaese.info\/#website"},"primaryImageOfPage":{"@id":"https:\/\/lavocedelpaese.info\/index.php\/2025\/02\/25\/il-mulino-per-grani-di-antonio-zaccheo\/#primaryimage"},"image":{"@id":"https:\/\/lavocedelpaese.info\/index.php\/2025\/02\/25\/il-mulino-per-grani-di-antonio-zaccheo\/#primaryimage"},"thumbnailUrl":"https:\/\/lavocedelpaese.info\/wp-content\/uploads\/2025\/02\/Don-Antonio-Zaccheo-50eIec.jpeg","datePublished":"2025-02-25T08:13:37+00:00","breadcrumb":{"@id":"https:\/\/lavocedelpaese.info\/index.php\/2025\/02\/25\/il-mulino-per-grani-di-antonio-zaccheo\/#breadcrumb"},"inLanguage":"it-IT","potentialAction":[{"@type":"ReadAction","target":["https:\/\/lavocedelpaese.info\/index.php\/2025\/02\/25\/il-mulino-per-grani-di-antonio-zaccheo\/"]}]},{"@type":"ImageObject","inLanguage":"it-IT","@id":"https:\/\/lavocedelpaese.info\/index.php\/2025\/02\/25\/il-mulino-per-grani-di-antonio-zaccheo\/#primaryimage","url":"https:\/\/lavocedelpaese.info\/wp-content\/uploads\/2025\/02\/Don-Antonio-Zaccheo-50eIec.jpeg","contentUrl":"https:\/\/lavocedelpaese.info\/wp-content\/uploads\/2025\/02\/Don-Antonio-Zaccheo-50eIec.jpeg","width":828,"height":800},{"@type":"BreadcrumbList","@id":"https:\/\/lavocedelpaese.info\/index.php\/2025\/02\/25\/il-mulino-per-grani-di-antonio-zaccheo\/#breadcrumb","itemListElement":[{"@type":"ListItem","position":1,"name":"Home","item":"https:\/\/lavocedelpaese.info\/"},{"@type":"ListItem","position":2,"name":"Il Mulino per grani di Antonio Zaccheo\u00a0\u200b"}]},{"@type":"WebSite","@id":"https:\/\/lavocedelpaese.info\/#website","url":"https:\/\/lavocedelpaese.info\/","name":"La Voce del Paese","description":"Un network di idee","publisher":{"@id":"https:\/\/lavocedelpaese.info\/#organization"},"potentialAction":[{"@type":"SearchAction","target":{"@type":"EntryPoint","urlTemplate":"https:\/\/lavocedelpaese.info\/?s={search_term_string}"},"query-input":{"@type":"PropertyValueSpecification","valueRequired":true,"valueName":"search_term_string"}}],"inLanguage":"it-IT"},{"@type":"Organization","@id":"https:\/\/lavocedelpaese.info\/#organization","name":"La Voce del Paese","url":"https:\/\/lavocedelpaese.info\/","logo":{"@type":"ImageObject","inLanguage":"it-IT","@id":"https:\/\/lavocedelpaese.info\/#\/schema\/logo\/image\/","url":"https:\/\/lavocedelpaese.info\/wp-content\/uploads\/2023\/01\/cropped-logo-150-127.png","contentUrl":"https:\/\/lavocedelpaese.info\/wp-content\/uploads\/2023\/01\/cropped-logo-150-127.png","width":137,"height":119,"caption":"La Voce del Paese"},"image":{"@id":"https:\/\/lavocedelpaese.info\/#\/schema\/logo\/image\/"},"sameAs":["https:\/\/www.facebook.com\/lavocedelpaese.info"]},{"@type":"Person","@id":"https:\/\/lavocedelpaese.info\/#\/schema\/person\/ec151d321306bd7591f7a061abf72d88","name":"admin","image":{"@type":"ImageObject","inLanguage":"it-IT","@id":"https:\/\/secure.gravatar.com\/avatar\/af8f2caf0663124588de48a9380e07cbc95a74ef15b8062d0d39106c32fe3023?s=96&d=mm&r=g","url":"https:\/\/secure.gravatar.com\/avatar\/af8f2caf0663124588de48a9380e07cbc95a74ef15b8062d0d39106c32fe3023?s=96&d=mm&r=g","contentUrl":"https:\/\/secure.gravatar.com\/avatar\/af8f2caf0663124588de48a9380e07cbc95a74ef15b8062d0d39106c32fe3023?s=96&d=mm&r=g","caption":"admin"},"sameAs":["https:\/\/lavocedelpaese.info"],"url":"https:\/\/lavocedelpaese.info\/index.php\/author\/admin\/"}]}},"_links":{"self":[{"href":"https:\/\/lavocedelpaese.info\/index.php\/wp-json\/wp\/v2\/posts\/8914","targetHints":{"allow":["GET"]}}],"collection":[{"href":"https:\/\/lavocedelpaese.info\/index.php\/wp-json\/wp\/v2\/posts"}],"about":[{"href":"https:\/\/lavocedelpaese.info\/index.php\/wp-json\/wp\/v2\/types\/post"}],"author":[{"embeddable":true,"href":"https:\/\/lavocedelpaese.info\/index.php\/wp-json\/wp\/v2\/users\/6"}],"replies":[{"embeddable":true,"href":"https:\/\/lavocedelpaese.info\/index.php\/wp-json\/wp\/v2\/comments?post=8914"}],"version-history":[{"count":0,"href":"https:\/\/lavocedelpaese.info\/index.php\/wp-json\/wp\/v2\/posts\/8914\/revisions"}],"wp:featuredmedia":[{"embeddable":true,"href":"https:\/\/lavocedelpaese.info\/index.php\/wp-json\/wp\/v2\/media\/8915"}],"wp:attachment":[{"href":"https:\/\/lavocedelpaese.info\/index.php\/wp-json\/wp\/v2\/media?parent=8914"}],"wp:term":[{"taxonomy":"category","embeddable":true,"href":"https:\/\/lavocedelpaese.info\/index.php\/wp-json\/wp\/v2\/categories?post=8914"},{"taxonomy":"post_tag","embeddable":true,"href":"https:\/\/lavocedelpaese.info\/index.php\/wp-json\/wp\/v2\/tags?post=8914"}],"curies":[{"name":"wp","href":"https:\/\/api.w.org\/{rel}","templated":true}]}}