{"id":8865,"date":"2025-02-18T18:15:01","date_gmt":"2025-02-18T18:15:01","guid":{"rendered":"https:\/\/lavocedelpaese.info\/index.php\/2025\/02\/18\/inaugurato-il-cohousing-per-donne-e-minori-vittime-di-violenza\/"},"modified":"2025-02-18T18:15:01","modified_gmt":"2025-02-18T18:15:01","slug":"inaugurato-il-cohousing-per-donne-e-minori-vittime-di-violenza","status":"publish","type":"post","link":"https:\/\/lavocedelpaese.info\/index.php\/2025\/02\/18\/inaugurato-il-cohousing-per-donne-e-minori-vittime-di-violenza\/","title":{"rendered":"Inaugurato il cohousing  per donne e minori vittime di violenza\u00a0\u200b"},"content":{"rendered":"<p>\u00a0<\/p>\n<p>\u200b\u00a0<\/p>\n<p>\u200b\u00a0<\/p>\n<p>Un nuovo inizio in via Giambattista Vico: inaugurazione del cohousing per donne e minori vittime di violenza <\/p>\n<p><a><\/a>Ieri \u00e8 stata una giornata di grande significato per la nostra comunit\u00e0 di Acquaviva delle Fonti. Abbiamo inaugurato un importante progetto di cohousing in un immobile precedentemente confiscato alla criminalit\u00e0, situato in via Giambattista Vico. Questa iniziativa trasforma un luogo un tempo segnato dalla negativit\u00e0 in un rifugio sicuro e accogliente per donne e minori vittime di violenza.<\/p>\n<p>Il centro sar\u00e0 gestito dall\u2019Associazione Sud Est Donne, che con dedizione e professionalit\u00e0 offrir\u00e0 supporto e nuove opportunit\u00e0 a chi ha pi\u00f9 bisogno. Questo spazio \u00e8 pensato per essere non solo un rifugio, ma un vero e proprio luogo di rinascita e speranza, dove le persone potranno ricostruire le loro vite in sicurezza e dignit\u00e0.<\/p>\n<p>Voglio esprimere la mia profonda gratitudine a tutti coloro che hanno lavorato per rendere possibile questo progetto, dalla pianificazione alla realizzazione. Dalla passata amministrazione che ha richiesto il finanziamento all\u2018\u2019assessora Morano che si \u00e8 impegnata a fondo per dare concretezza al progetto.<\/p>\n<p>Invito tutta la comunit\u00e0 a sostenere questo e altri progetti simili. Ognuno di noi pu\u00f2 fare la differenza nel promuovere la pace e il sostegno all\u2019interno della nostra comunit\u00e0.<\/p>\n<p>Unisciti a noi nel celebrare questo nuovo inizio, nel segno della solidariet\u00e0 e del rinnovamento.<\/p>\n<figure class=\"wp-block-image size-full\"><img decoding=\"async\" src=\"https:\/\/acquaviva.lavocedelpaese.info\/wp-content\/uploads\/2025\/02\/480443689_571404472567044_4056457269073822231_n.jpg\" alt=\"\" class=\"wp-image-5308\"\/><\/figure>\n<figure class=\"wp-block-image size-full\"><img decoding=\"async\" width=\"800\" height=\"800\" src=\"https:\/\/acquaviva.lavocedelpaese.info\/wp-content\/uploads\/2025\/02\/480874778_571404712567020_6692419989555741691_n.jpg\" alt=\"\" class=\"wp-image-5306\"\/><\/figure>\n<figure class=\"wp-block-image size-full\"><img decoding=\"async\" width=\"800\" height=\"800\" src=\"https:\/\/acquaviva.lavocedelpaese.info\/wp-content\/uploads\/2025\/02\/480330301_571404702567021_2205123614595579913_n.jpg\" alt=\"\" class=\"wp-image-5307\"\/><\/figure>\n<p><a class=\"a2a_button_facebook\" href=\"https:\/\/www.addtoany.com\/add_to\/facebook?linkurl=https%3A%2F%2Facquaviva.lavocedelpaese.info%2Findex.php%2F2025%2F02%2F18%2Finaugurato-il-cohousing-per-donne-e-minori-vittime-di-violenza%2F&amp;linkname=Inaugurato%20il%20cohousing%20%20per%20donne%20e%20minori%20vittime%20di%20violenza\" title=\"Facebook\" rel=\"nofollow noopener\" target=\"_blank\"><\/a><a class=\"a2a_button_twitter\" href=\"https:\/\/www.addtoany.com\/add_to\/twitter?linkurl=https%3A%2F%2Facquaviva.lavocedelpaese.info%2Findex.php%2F2025%2F02%2F18%2Finaugurato-il-cohousing-per-donne-e-minori-vittime-di-violenza%2F&amp;linkname=Inaugurato%20il%20cohousing%20%20per%20donne%20e%20minori%20vittime%20di%20violenza\" title=\"Twitter\" rel=\"nofollow noopener\" target=\"_blank\"><\/a><a class=\"a2a_button_whatsapp\" href=\"https:\/\/www.addtoany.com\/add_to\/whatsapp?linkurl=https%3A%2F%2Facquaviva.lavocedelpaese.info%2Findex.php%2F2025%2F02%2F18%2Finaugurato-il-cohousing-per-donne-e-minori-vittime-di-violenza%2F&amp;linkname=Inaugurato%20il%20cohousing%20%20per%20donne%20e%20minori%20vittime%20di%20violenza\" title=\"WhatsApp\" rel=\"nofollow noopener\" target=\"_blank\"><\/a><a class=\"a2a_button_telegram\" href=\"https:\/\/www.addtoany.com\/add_to\/telegram?linkurl=https%3A%2F%2Facquaviva.lavocedelpaese.info%2Findex.php%2F2025%2F02%2F18%2Finaugurato-il-cohousing-per-donne-e-minori-vittime-di-violenza%2F&amp;linkname=Inaugurato%20il%20cohousing%20%20per%20donne%20e%20minori%20vittime%20di%20violenza\" title=\"Telegram\" rel=\"nofollow noopener\" target=\"_blank\"><\/a><a class=\"a2a_button_email\" href=\"https:\/\/www.addtoany.com\/add_to\/email?linkurl=https%3A%2F%2Facquaviva.lavocedelpaese.info%2Findex.php%2F2025%2F02%2F18%2Finaugurato-il-cohousing-per-donne-e-minori-vittime-di-violenza%2F&amp;linkname=Inaugurato%20il%20cohousing%20%20per%20donne%20e%20minori%20vittime%20di%20violenza\" title=\"Email\" rel=\"nofollow noopener\" target=\"_blank\"><\/a><\/p>\n<p>\u00a0<\/p>\n<p>\u00a0<\/p>\n<p>\u200b\u00a0\u00a0\u00a0<\/p>","protected":false},"excerpt":{"rendered":"<p>\u00a0 \u200b\u00a0 \u200b\u00a0 Un nuovo inizio in via Giambattista Vico: inaugurazione del cohousing per donne e minori vittime di violenza<\/p>\n","protected":false},"author":6,"featured_media":8866,"comment_status":"open","ping_status":"closed","sticky":false,"template":"","format":"standard","meta":{"colormag_page_container_layout":"default_layout","colormag_page_sidebar_layout":"default_layout","footnotes":""},"categories":[33],"tags":[],"class_list":["post-8865","post","type-post","status-publish","format-standard","has-post-thumbnail","hentry","category-network"],"yoast_head":"<!-- This site is optimized with the Yoast SEO plugin v27.5 - https:\/\/yoast.com\/product\/yoast-seo-wordpress\/ -->\n<title>Inaugurato il cohousing per donne e minori vittime di violenza\u00a0\u200b - La Voce del Paese<\/title>\n<meta name=\"robots\" content=\"index, follow, max-snippet:-1, max-image-preview:large, max-video-preview:-1\" \/>\n<link rel=\"canonical\" href=\"https:\/\/lavocedelpaese.info\/index.php\/2025\/02\/18\/inaugurato-il-cohousing-per-donne-e-minori-vittime-di-violenza\/\" \/>\n<meta property=\"og:locale\" content=\"it_IT\" \/>\n<meta property=\"og:type\" content=\"article\" \/>\n<meta property=\"og:title\" content=\"Inaugurato il cohousing per donne e minori vittime di violenza\u00a0\u200b - La Voce del Paese\" \/>\n<meta property=\"og:description\" content=\"\u00a0 \u200b\u00a0 \u200b\u00a0 Un nuovo inizio in via Giambattista Vico: inaugurazione del cohousing per donne e minori vittime di violenza\" \/>\n<meta property=\"og:url\" content=\"https:\/\/lavocedelpaese.info\/index.php\/2025\/02\/18\/inaugurato-il-cohousing-per-donne-e-minori-vittime-di-violenza\/\" \/>\n<meta property=\"og:site_name\" content=\"La Voce del Paese\" \/>\n<meta property=\"article:publisher\" content=\"https:\/\/www.facebook.com\/lavocedelpaese.info\" \/>\n<meta property=\"article:published_time\" content=\"2025-02-18T18:15:01+00:00\" \/>\n<meta name=\"author\" content=\"admin\" \/>\n<meta name=\"twitter:card\" content=\"summary_large_image\" \/>\n<meta name=\"twitter:label1\" content=\"Scritto da\" \/>\n\t<meta name=\"twitter:data1\" content=\"admin\" \/>\n\t<meta name=\"twitter:label2\" content=\"Tempo di lettura stimato\" \/>\n\t<meta name=\"twitter:data2\" content=\"1 minuto\" \/>\n<script type=\"application\/ld+json\" class=\"yoast-schema-graph\">{\"@context\":\"https:\\\/\\\/schema.org\",\"@graph\":[{\"@type\":\"Article\",\"@id\":\"https:\\\/\\\/lavocedelpaese.info\\\/index.php\\\/2025\\\/02\\\/18\\\/inaugurato-il-cohousing-per-donne-e-minori-vittime-di-violenza\\\/#article\",\"isPartOf\":{\"@id\":\"https:\\\/\\\/lavocedelpaese.info\\\/index.php\\\/2025\\\/02\\\/18\\\/inaugurato-il-cohousing-per-donne-e-minori-vittime-di-violenza\\\/\"},\"author\":{\"name\":\"admin\",\"@id\":\"https:\\\/\\\/lavocedelpaese.info\\\/#\\\/schema\\\/person\\\/ec151d321306bd7591f7a061abf72d88\"},\"headline\":\"Inaugurato il cohousing per donne e minori vittime di violenza\u00a0\u200b\",\"datePublished\":\"2025-02-18T18:15:01+00:00\",\"mainEntityOfPage\":{\"@id\":\"https:\\\/\\\/lavocedelpaese.info\\\/index.php\\\/2025\\\/02\\\/18\\\/inaugurato-il-cohousing-per-donne-e-minori-vittime-di-violenza\\\/\"},\"wordCount\":226,\"commentCount\":0,\"publisher\":{\"@id\":\"https:\\\/\\\/lavocedelpaese.info\\\/#organization\"},\"image\":{\"@id\":\"https:\\\/\\\/lavocedelpaese.info\\\/index.php\\\/2025\\\/02\\\/18\\\/inaugurato-il-cohousing-per-donne-e-minori-vittime-di-violenza\\\/#primaryimage\"},\"thumbnailUrl\":\"https:\\\/\\\/lavocedelpaese.info\\\/wp-content\\\/uploads\\\/2025\\\/02\\\/480443689_571404472567044_4056457269073822231_n-CorYN6.jpeg\",\"articleSection\":[\"network\"],\"inLanguage\":\"it-IT\",\"potentialAction\":[{\"@type\":\"CommentAction\",\"name\":\"Comment\",\"target\":[\"https:\\\/\\\/lavocedelpaese.info\\\/index.php\\\/2025\\\/02\\\/18\\\/inaugurato-il-cohousing-per-donne-e-minori-vittime-di-violenza\\\/#respond\"]}]},{\"@type\":\"WebPage\",\"@id\":\"https:\\\/\\\/lavocedelpaese.info\\\/index.php\\\/2025\\\/02\\\/18\\\/inaugurato-il-cohousing-per-donne-e-minori-vittime-di-violenza\\\/\",\"url\":\"https:\\\/\\\/lavocedelpaese.info\\\/index.php\\\/2025\\\/02\\\/18\\\/inaugurato-il-cohousing-per-donne-e-minori-vittime-di-violenza\\\/\",\"name\":\"Inaugurato il cohousing per donne e minori vittime di violenza\u00a0\u200b - La Voce del Paese\",\"isPartOf\":{\"@id\":\"https:\\\/\\\/lavocedelpaese.info\\\/#website\"},\"primaryImageOfPage\":{\"@id\":\"https:\\\/\\\/lavocedelpaese.info\\\/index.php\\\/2025\\\/02\\\/18\\\/inaugurato-il-cohousing-per-donne-e-minori-vittime-di-violenza\\\/#primaryimage\"},\"image\":{\"@id\":\"https:\\\/\\\/lavocedelpaese.info\\\/index.php\\\/2025\\\/02\\\/18\\\/inaugurato-il-cohousing-per-donne-e-minori-vittime-di-violenza\\\/#primaryimage\"},\"thumbnailUrl\":\"https:\\\/\\\/lavocedelpaese.info\\\/wp-content\\\/uploads\\\/2025\\\/02\\\/480443689_571404472567044_4056457269073822231_n-CorYN6.jpeg\",\"datePublished\":\"2025-02-18T18:15:01+00:00\",\"breadcrumb\":{\"@id\":\"https:\\\/\\\/lavocedelpaese.info\\\/index.php\\\/2025\\\/02\\\/18\\\/inaugurato-il-cohousing-per-donne-e-minori-vittime-di-violenza\\\/#breadcrumb\"},\"inLanguage\":\"it-IT\",\"potentialAction\":[{\"@type\":\"ReadAction\",\"target\":[\"https:\\\/\\\/lavocedelpaese.info\\\/index.php\\\/2025\\\/02\\\/18\\\/inaugurato-il-cohousing-per-donne-e-minori-vittime-di-violenza\\\/\"]}]},{\"@type\":\"ImageObject\",\"inLanguage\":\"it-IT\",\"@id\":\"https:\\\/\\\/lavocedelpaese.info\\\/index.php\\\/2025\\\/02\\\/18\\\/inaugurato-il-cohousing-per-donne-e-minori-vittime-di-violenza\\\/#primaryimage\",\"url\":\"https:\\\/\\\/lavocedelpaese.info\\\/wp-content\\\/uploads\\\/2025\\\/02\\\/480443689_571404472567044_4056457269073822231_n-CorYN6.jpeg\",\"contentUrl\":\"https:\\\/\\\/lavocedelpaese.info\\\/wp-content\\\/uploads\\\/2025\\\/02\\\/480443689_571404472567044_4056457269073822231_n-CorYN6.jpeg\",\"width\":776,\"height\":776},{\"@type\":\"BreadcrumbList\",\"@id\":\"https:\\\/\\\/lavocedelpaese.info\\\/index.php\\\/2025\\\/02\\\/18\\\/inaugurato-il-cohousing-per-donne-e-minori-vittime-di-violenza\\\/#breadcrumb\",\"itemListElement\":[{\"@type\":\"ListItem\",\"position\":1,\"name\":\"Home\",\"item\":\"https:\\\/\\\/lavocedelpaese.info\\\/\"},{\"@type\":\"ListItem\",\"position\":2,\"name\":\"Inaugurato il cohousing per donne e minori vittime di violenza\u00a0\u200b\"}]},{\"@type\":\"WebSite\",\"@id\":\"https:\\\/\\\/lavocedelpaese.info\\\/#website\",\"url\":\"https:\\\/\\\/lavocedelpaese.info\\\/\",\"name\":\"La Voce del Paese\",\"description\":\"Un network di idee\",\"publisher\":{\"@id\":\"https:\\\/\\\/lavocedelpaese.info\\\/#organization\"},\"potentialAction\":[{\"@type\":\"SearchAction\",\"target\":{\"@type\":\"EntryPoint\",\"urlTemplate\":\"https:\\\/\\\/lavocedelpaese.info\\\/?s={search_term_string}\"},\"query-input\":{\"@type\":\"PropertyValueSpecification\",\"valueRequired\":true,\"valueName\":\"search_term_string\"}}],\"inLanguage\":\"it-IT\"},{\"@type\":\"Organization\",\"@id\":\"https:\\\/\\\/lavocedelpaese.info\\\/#organization\",\"name\":\"La Voce del Paese\",\"url\":\"https:\\\/\\\/lavocedelpaese.info\\\/\",\"logo\":{\"@type\":\"ImageObject\",\"inLanguage\":\"it-IT\",\"@id\":\"https:\\\/\\\/lavocedelpaese.info\\\/#\\\/schema\\\/logo\\\/image\\\/\",\"url\":\"https:\\\/\\\/lavocedelpaese.info\\\/wp-content\\\/uploads\\\/2023\\\/01\\\/cropped-logo-150-127.png\",\"contentUrl\":\"https:\\\/\\\/lavocedelpaese.info\\\/wp-content\\\/uploads\\\/2023\\\/01\\\/cropped-logo-150-127.png\",\"width\":137,\"height\":119,\"caption\":\"La Voce del Paese\"},\"image\":{\"@id\":\"https:\\\/\\\/lavocedelpaese.info\\\/#\\\/schema\\\/logo\\\/image\\\/\"},\"sameAs\":[\"https:\\\/\\\/www.facebook.com\\\/lavocedelpaese.info\"]},{\"@type\":\"Person\",\"@id\":\"https:\\\/\\\/lavocedelpaese.info\\\/#\\\/schema\\\/person\\\/ec151d321306bd7591f7a061abf72d88\",\"name\":\"admin\",\"image\":{\"@type\":\"ImageObject\",\"inLanguage\":\"it-IT\",\"@id\":\"https:\\\/\\\/secure.gravatar.com\\\/avatar\\\/af8f2caf0663124588de48a9380e07cbc95a74ef15b8062d0d39106c32fe3023?s=96&d=mm&r=g\",\"url\":\"https:\\\/\\\/secure.gravatar.com\\\/avatar\\\/af8f2caf0663124588de48a9380e07cbc95a74ef15b8062d0d39106c32fe3023?s=96&d=mm&r=g\",\"contentUrl\":\"https:\\\/\\\/secure.gravatar.com\\\/avatar\\\/af8f2caf0663124588de48a9380e07cbc95a74ef15b8062d0d39106c32fe3023?s=96&d=mm&r=g\",\"caption\":\"admin\"},\"sameAs\":[\"https:\\\/\\\/lavocedelpaese.info\"],\"url\":\"https:\\\/\\\/lavocedelpaese.info\\\/index.php\\\/author\\\/admin\\\/\"}]}<\/script>\n<!-- \/ Yoast SEO plugin. -->","yoast_head_json":{"title":"Inaugurato il cohousing per donne e minori vittime di violenza\u00a0\u200b - La Voce del Paese","robots":{"index":"index","follow":"follow","max-snippet":"max-snippet:-1","max-image-preview":"max-image-preview:large","max-video-preview":"max-video-preview:-1"},"canonical":"https:\/\/lavocedelpaese.info\/index.php\/2025\/02\/18\/inaugurato-il-cohousing-per-donne-e-minori-vittime-di-violenza\/","og_locale":"it_IT","og_type":"article","og_title":"Inaugurato il cohousing per donne e minori vittime di violenza\u00a0\u200b - La Voce del Paese","og_description":"\u00a0 \u200b\u00a0 \u200b\u00a0 Un nuovo inizio in via Giambattista Vico: inaugurazione del cohousing per donne e minori vittime di violenza","og_url":"https:\/\/lavocedelpaese.info\/index.php\/2025\/02\/18\/inaugurato-il-cohousing-per-donne-e-minori-vittime-di-violenza\/","og_site_name":"La Voce del Paese","article_publisher":"https:\/\/www.facebook.com\/lavocedelpaese.info","article_published_time":"2025-02-18T18:15:01+00:00","author":"admin","twitter_card":"summary_large_image","twitter_misc":{"Scritto da":"admin","Tempo di lettura stimato":"1 minuto"},"schema":{"@context":"https:\/\/schema.org","@graph":[{"@type":"Article","@id":"https:\/\/lavocedelpaese.info\/index.php\/2025\/02\/18\/inaugurato-il-cohousing-per-donne-e-minori-vittime-di-violenza\/#article","isPartOf":{"@id":"https:\/\/lavocedelpaese.info\/index.php\/2025\/02\/18\/inaugurato-il-cohousing-per-donne-e-minori-vittime-di-violenza\/"},"author":{"name":"admin","@id":"https:\/\/lavocedelpaese.info\/#\/schema\/person\/ec151d321306bd7591f7a061abf72d88"},"headline":"Inaugurato il cohousing per donne e minori vittime di violenza\u00a0\u200b","datePublished":"2025-02-18T18:15:01+00:00","mainEntityOfPage":{"@id":"https:\/\/lavocedelpaese.info\/index.php\/2025\/02\/18\/inaugurato-il-cohousing-per-donne-e-minori-vittime-di-violenza\/"},"wordCount":226,"commentCount":0,"publisher":{"@id":"https:\/\/lavocedelpaese.info\/#organization"},"image":{"@id":"https:\/\/lavocedelpaese.info\/index.php\/2025\/02\/18\/inaugurato-il-cohousing-per-donne-e-minori-vittime-di-violenza\/#primaryimage"},"thumbnailUrl":"https:\/\/lavocedelpaese.info\/wp-content\/uploads\/2025\/02\/480443689_571404472567044_4056457269073822231_n-CorYN6.jpeg","articleSection":["network"],"inLanguage":"it-IT","potentialAction":[{"@type":"CommentAction","name":"Comment","target":["https:\/\/lavocedelpaese.info\/index.php\/2025\/02\/18\/inaugurato-il-cohousing-per-donne-e-minori-vittime-di-violenza\/#respond"]}]},{"@type":"WebPage","@id":"https:\/\/lavocedelpaese.info\/index.php\/2025\/02\/18\/inaugurato-il-cohousing-per-donne-e-minori-vittime-di-violenza\/","url":"https:\/\/lavocedelpaese.info\/index.php\/2025\/02\/18\/inaugurato-il-cohousing-per-donne-e-minori-vittime-di-violenza\/","name":"Inaugurato il cohousing per donne e minori vittime di violenza\u00a0\u200b - La Voce del Paese","isPartOf":{"@id":"https:\/\/lavocedelpaese.info\/#website"},"primaryImageOfPage":{"@id":"https:\/\/lavocedelpaese.info\/index.php\/2025\/02\/18\/inaugurato-il-cohousing-per-donne-e-minori-vittime-di-violenza\/#primaryimage"},"image":{"@id":"https:\/\/lavocedelpaese.info\/index.php\/2025\/02\/18\/inaugurato-il-cohousing-per-donne-e-minori-vittime-di-violenza\/#primaryimage"},"thumbnailUrl":"https:\/\/lavocedelpaese.info\/wp-content\/uploads\/2025\/02\/480443689_571404472567044_4056457269073822231_n-CorYN6.jpeg","datePublished":"2025-02-18T18:15:01+00:00","breadcrumb":{"@id":"https:\/\/lavocedelpaese.info\/index.php\/2025\/02\/18\/inaugurato-il-cohousing-per-donne-e-minori-vittime-di-violenza\/#breadcrumb"},"inLanguage":"it-IT","potentialAction":[{"@type":"ReadAction","target":["https:\/\/lavocedelpaese.info\/index.php\/2025\/02\/18\/inaugurato-il-cohousing-per-donne-e-minori-vittime-di-violenza\/"]}]},{"@type":"ImageObject","inLanguage":"it-IT","@id":"https:\/\/lavocedelpaese.info\/index.php\/2025\/02\/18\/inaugurato-il-cohousing-per-donne-e-minori-vittime-di-violenza\/#primaryimage","url":"https:\/\/lavocedelpaese.info\/wp-content\/uploads\/2025\/02\/480443689_571404472567044_4056457269073822231_n-CorYN6.jpeg","contentUrl":"https:\/\/lavocedelpaese.info\/wp-content\/uploads\/2025\/02\/480443689_571404472567044_4056457269073822231_n-CorYN6.jpeg","width":776,"height":776},{"@type":"BreadcrumbList","@id":"https:\/\/lavocedelpaese.info\/index.php\/2025\/02\/18\/inaugurato-il-cohousing-per-donne-e-minori-vittime-di-violenza\/#breadcrumb","itemListElement":[{"@type":"ListItem","position":1,"name":"Home","item":"https:\/\/lavocedelpaese.info\/"},{"@type":"ListItem","position":2,"name":"Inaugurato il cohousing per donne e minori vittime di violenza\u00a0\u200b"}]},{"@type":"WebSite","@id":"https:\/\/lavocedelpaese.info\/#website","url":"https:\/\/lavocedelpaese.info\/","name":"La Voce del Paese","description":"Un network di idee","publisher":{"@id":"https:\/\/lavocedelpaese.info\/#organization"},"potentialAction":[{"@type":"SearchAction","target":{"@type":"EntryPoint","urlTemplate":"https:\/\/lavocedelpaese.info\/?s={search_term_string}"},"query-input":{"@type":"PropertyValueSpecification","valueRequired":true,"valueName":"search_term_string"}}],"inLanguage":"it-IT"},{"@type":"Organization","@id":"https:\/\/lavocedelpaese.info\/#organization","name":"La Voce del Paese","url":"https:\/\/lavocedelpaese.info\/","logo":{"@type":"ImageObject","inLanguage":"it-IT","@id":"https:\/\/lavocedelpaese.info\/#\/schema\/logo\/image\/","url":"https:\/\/lavocedelpaese.info\/wp-content\/uploads\/2023\/01\/cropped-logo-150-127.png","contentUrl":"https:\/\/lavocedelpaese.info\/wp-content\/uploads\/2023\/01\/cropped-logo-150-127.png","width":137,"height":119,"caption":"La Voce del Paese"},"image":{"@id":"https:\/\/lavocedelpaese.info\/#\/schema\/logo\/image\/"},"sameAs":["https:\/\/www.facebook.com\/lavocedelpaese.info"]},{"@type":"Person","@id":"https:\/\/lavocedelpaese.info\/#\/schema\/person\/ec151d321306bd7591f7a061abf72d88","name":"admin","image":{"@type":"ImageObject","inLanguage":"it-IT","@id":"https:\/\/secure.gravatar.com\/avatar\/af8f2caf0663124588de48a9380e07cbc95a74ef15b8062d0d39106c32fe3023?s=96&d=mm&r=g","url":"https:\/\/secure.gravatar.com\/avatar\/af8f2caf0663124588de48a9380e07cbc95a74ef15b8062d0d39106c32fe3023?s=96&d=mm&r=g","contentUrl":"https:\/\/secure.gravatar.com\/avatar\/af8f2caf0663124588de48a9380e07cbc95a74ef15b8062d0d39106c32fe3023?s=96&d=mm&r=g","caption":"admin"},"sameAs":["https:\/\/lavocedelpaese.info"],"url":"https:\/\/lavocedelpaese.info\/index.php\/author\/admin\/"}]}},"_links":{"self":[{"href":"https:\/\/lavocedelpaese.info\/index.php\/wp-json\/wp\/v2\/posts\/8865","targetHints":{"allow":["GET"]}}],"collection":[{"href":"https:\/\/lavocedelpaese.info\/index.php\/wp-json\/wp\/v2\/posts"}],"about":[{"href":"https:\/\/lavocedelpaese.info\/index.php\/wp-json\/wp\/v2\/types\/post"}],"author":[{"embeddable":true,"href":"https:\/\/lavocedelpaese.info\/index.php\/wp-json\/wp\/v2\/users\/6"}],"replies":[{"embeddable":true,"href":"https:\/\/lavocedelpaese.info\/index.php\/wp-json\/wp\/v2\/comments?post=8865"}],"version-history":[{"count":0,"href":"https:\/\/lavocedelpaese.info\/index.php\/wp-json\/wp\/v2\/posts\/8865\/revisions"}],"wp:featuredmedia":[{"embeddable":true,"href":"https:\/\/lavocedelpaese.info\/index.php\/wp-json\/wp\/v2\/media\/8866"}],"wp:attachment":[{"href":"https:\/\/lavocedelpaese.info\/index.php\/wp-json\/wp\/v2\/media?parent=8865"}],"wp:term":[{"taxonomy":"category","embeddable":true,"href":"https:\/\/lavocedelpaese.info\/index.php\/wp-json\/wp\/v2\/categories?post=8865"},{"taxonomy":"post_tag","embeddable":true,"href":"https:\/\/lavocedelpaese.info\/index.php\/wp-json\/wp\/v2\/tags?post=8865"}],"curies":[{"name":"wp","href":"https:\/\/api.w.org\/{rel}","templated":true}]}}