{"id":8856,"date":"2025-02-17T20:15:50","date_gmt":"2025-02-17T20:15:50","guid":{"rendered":"https:\/\/lavocedelpaese.info\/index.php\/2025\/02\/17\/rotatoria-del-sacro-cuore-si-chiude-il-contenzioso\/"},"modified":"2025-02-17T20:15:50","modified_gmt":"2025-02-17T20:15:50","slug":"rotatoria-del-sacro-cuore-si-chiude-il-contenzioso","status":"publish","type":"post","link":"https:\/\/lavocedelpaese.info\/index.php\/2025\/02\/17\/rotatoria-del-sacro-cuore-si-chiude-il-contenzioso\/","title":{"rendered":"Rotatoria del \u201cSacro Cuore\u201d: si chiude il contenzioso\u00a0\u200b"},"content":{"rendered":"<p>\u00a0<\/p>\n<p>\u200b\u00a0<\/p>\n<p>\u200b\u00a0<\/p>\n<p>Atto finale \u2013 almeno si spera \u2013 per la trentennale vicenda della rotatoria presso il quartiere \u201cSacro Cuore\u201d, fino ad oggi utilizzabile solo a met\u00e0.<\/p>\n<p>A maggioranza e con il voto contrario dell\u2019opposizione, il Consiglio Comunale di questa mattina \u2013 presieduto dal Sindaco Del Re visto che la Presidente Simonetti era assente, per incompatibilit\u00e0 con gli argomenti in discussione essendo imparentata con alcuni dei proprietari dell\u2019area oggetto di discussione \u2013 ha deciso di aprire una transazione con i proprietari delle aree acquisite ed occupate indebitamente nel lontano 1996 dal Comune, aprendo una serie di contenziosi e cause (ben 21 fino ad oggi!) con la prospettiva di arrivare addirittura alla CEDU, la Corte Internazionale per i Diritti dell\u2019uomo da parte delle parti ricorrenti.<\/p>\n<p>Che cosa prevede, dunque, la transazione?<\/p>\n<p>Il Comune pagher\u00e0 ai proprietari 130mila euro ed in cambio avr\u00e0 la propriet\u00e0 piena della restante parte della rotatoria, che si potr\u00e0 subito ripristinare ed aprire al traffico veicolare, senza che i proprietari abbiano null\u2019altro a pretendere.<\/p>\n<p>Critici i consiglieri di opposizione Angelo Giustino e Annamaria Caprio secondo i quali si tratta di un vero e proprio \u201cregalo\u201d che il Comune fa a privati cittadini: \u201cquell\u2019area ha un valore venale \u2013 hanno spiegato i componenti di \u201cCassano Avanti\u201d \u2013 di 13mila euro, come certificato dall\u2019esperto del Tribunale per cui stiamo pagando dieci volte tanto un pezzo di campagna!\u201d, facendo notare a pi\u00f9 riprese che agli atti non solo mancavano diverse carte ma soprattutto non c\u2019era la Relazione di merito della Responsabile al Contenzioso del Comune, la dott.sa Tummolo.<\/p>\n<p>Il Consigliere di maggioranza Damiano Baldassarre, memoria storica del Consiglio, ha fatto maggiore chiarezza: \u201cci copriremmo di ridicolo dinanzi alla popolazione se adesso \u2013 come ci obbliga l\u2019ultima sentenza del Consiglio di Stato \u2013 dovessimo andare a fare il ripristino dei luoghi, dunque smantellare l\u2019asfalto, le strutture, la pubblica illuminazione e via dicendo; quindi portare la terra e ripiantare le essenze che c\u2019erano all\u2019epoca (nel 1996) per poi avviare l\u2019esproprio, con la speranza che questa volta non si dia adito a contenziosi e dunque ricostruire il pezzo di rotatoria e tutte le strutture che oggi gi\u00e0 ci sono\u2026.\u201d, il tutto per la cifra, preventivata dall\u2019Ufficio Tecnico del Comune, di non meno di 200mila euro oltre i tempi di attesa molto lunghi per le opere pubbliche.<\/p>\n<p>\u201cIl nostro voto \u00e8 no \u2013 ha ribadito il capogruppo Francesco Cavalluzzi \u2013 ed auspico che non vi siano state, nella costruzione del provvedimento, condizionamenti esogeni: siamo tutte persone per bene, qui dentro e dunque voglio credere alla buona fede di tutti\u201d.<\/p>\n<p>Si chiude, dunque, una vicenda legata al vecchio, seppure ancora vigente, Piano Regolatore pensato malissimo e realizzato ancora peggio, con conseguenze che ancora oggi siamo qui a pagare come cittadini.<\/p>\n<p>Dal punto di vista formale, la scelta del Consiglio non appare certo del tutto cristallina ma se si ragiona col buon senso, che spesso manca nelle Pubbliche Amministrazioni, la scelta \u00e8 senza dubbio condivisibile: perch\u00e9 spendere pi\u00f9 soldi e pi\u00f9 tempo per completare un\u2019opera, pur di non acquisirla gi\u00e0 fatta, pagando alcuni privati?<\/p>\n<p><a class=\"a2a_button_facebook\" href=\"https:\/\/www.addtoany.com\/add_to\/facebook?linkurl=https%3A%2F%2Fcassano.lavocedelpaese.info%2Frotatoria-del-sacro-cuore-si-chiude-il-contenzioso%2F&amp;linkname=Rotatoria%20del%20%E2%80%9CSacro%20Cuore%E2%80%9D%3A%20si%20chiude%20il%20contenzioso\" title=\"Facebook\" rel=\"nofollow noopener\" target=\"_blank\"><\/a><a class=\"a2a_button_twitter\" href=\"https:\/\/www.addtoany.com\/add_to\/twitter?linkurl=https%3A%2F%2Fcassano.lavocedelpaese.info%2Frotatoria-del-sacro-cuore-si-chiude-il-contenzioso%2F&amp;linkname=Rotatoria%20del%20%E2%80%9CSacro%20Cuore%E2%80%9D%3A%20si%20chiude%20il%20contenzioso\" title=\"Twitter\" rel=\"nofollow noopener\" target=\"_blank\"><\/a><a class=\"a2a_button_whatsapp\" href=\"https:\/\/www.addtoany.com\/add_to\/whatsapp?linkurl=https%3A%2F%2Fcassano.lavocedelpaese.info%2Frotatoria-del-sacro-cuore-si-chiude-il-contenzioso%2F&amp;linkname=Rotatoria%20del%20%E2%80%9CSacro%20Cuore%E2%80%9D%3A%20si%20chiude%20il%20contenzioso\" title=\"WhatsApp\" rel=\"nofollow noopener\" target=\"_blank\"><\/a><a class=\"a2a_button_telegram\" href=\"https:\/\/www.addtoany.com\/add_to\/telegram?linkurl=https%3A%2F%2Fcassano.lavocedelpaese.info%2Frotatoria-del-sacro-cuore-si-chiude-il-contenzioso%2F&amp;linkname=Rotatoria%20del%20%E2%80%9CSacro%20Cuore%E2%80%9D%3A%20si%20chiude%20il%20contenzioso\" title=\"Telegram\" rel=\"nofollow noopener\" target=\"_blank\"><\/a><a class=\"a2a_button_email\" href=\"https:\/\/www.addtoany.com\/add_to\/email?linkurl=https%3A%2F%2Fcassano.lavocedelpaese.info%2Frotatoria-del-sacro-cuore-si-chiude-il-contenzioso%2F&amp;linkname=Rotatoria%20del%20%E2%80%9CSacro%20Cuore%E2%80%9D%3A%20si%20chiude%20il%20contenzioso\" title=\"Email\" rel=\"nofollow noopener\" target=\"_blank\"><\/a><\/p>\n<p>\u00a0<\/p>\n<p>\u00a0<\/p>\n<p>\u200b\u00a0\u00a0\u00a0<\/p>","protected":false},"excerpt":{"rendered":"<p>\u00a0 \u200b\u00a0 \u200b\u00a0 Atto finale \u2013 almeno si spera \u2013 per la trentennale vicenda della rotatoria presso il quartiere \u201cSacro<\/p>\n","protected":false},"author":6,"featured_media":730,"comment_status":"open","ping_status":"closed","sticky":false,"template":"","format":"standard","meta":{"colormag_page_container_layout":"default_layout","colormag_page_sidebar_layout":"default_layout","footnotes":""},"categories":[33],"tags":[],"class_list":["post-8856","post","type-post","status-publish","format-standard","has-post-thumbnail","hentry","category-network"],"yoast_head":"<!-- This site is optimized with the Yoast SEO plugin v27.5 - https:\/\/yoast.com\/product\/yoast-seo-wordpress\/ -->\n<title>Rotatoria del \u201cSacro Cuore\u201d: si chiude il contenzioso\u00a0\u200b - La Voce del Paese<\/title>\n<meta name=\"robots\" content=\"index, follow, max-snippet:-1, max-image-preview:large, max-video-preview:-1\" \/>\n<link rel=\"canonical\" href=\"https:\/\/lavocedelpaese.info\/index.php\/2025\/02\/17\/rotatoria-del-sacro-cuore-si-chiude-il-contenzioso\/\" \/>\n<meta property=\"og:locale\" content=\"it_IT\" \/>\n<meta property=\"og:type\" content=\"article\" \/>\n<meta property=\"og:title\" content=\"Rotatoria del \u201cSacro Cuore\u201d: si chiude il contenzioso\u00a0\u200b - La Voce del Paese\" \/>\n<meta property=\"og:description\" content=\"\u00a0 \u200b\u00a0 \u200b\u00a0 Atto finale \u2013 almeno si spera \u2013 per la trentennale vicenda della rotatoria presso il quartiere \u201cSacro\" \/>\n<meta property=\"og:url\" content=\"https:\/\/lavocedelpaese.info\/index.php\/2025\/02\/17\/rotatoria-del-sacro-cuore-si-chiude-il-contenzioso\/\" \/>\n<meta property=\"og:site_name\" content=\"La Voce del Paese\" \/>\n<meta property=\"article:publisher\" content=\"https:\/\/www.facebook.com\/lavocedelpaese.info\" \/>\n<meta property=\"article:published_time\" content=\"2025-02-17T20:15:50+00:00\" \/>\n<meta name=\"author\" content=\"admin\" \/>\n<meta name=\"twitter:card\" content=\"summary_large_image\" \/>\n<meta name=\"twitter:label1\" content=\"Scritto da\" \/>\n\t<meta name=\"twitter:data1\" content=\"admin\" \/>\n\t<meta name=\"twitter:label2\" content=\"Tempo di lettura stimato\" \/>\n\t<meta name=\"twitter:data2\" content=\"3 minuti\" \/>\n<script type=\"application\/ld+json\" class=\"yoast-schema-graph\">{\"@context\":\"https:\\\/\\\/schema.org\",\"@graph\":[{\"@type\":\"Article\",\"@id\":\"https:\\\/\\\/lavocedelpaese.info\\\/index.php\\\/2025\\\/02\\\/17\\\/rotatoria-del-sacro-cuore-si-chiude-il-contenzioso\\\/#article\",\"isPartOf\":{\"@id\":\"https:\\\/\\\/lavocedelpaese.info\\\/index.php\\\/2025\\\/02\\\/17\\\/rotatoria-del-sacro-cuore-si-chiude-il-contenzioso\\\/\"},\"author\":{\"name\":\"admin\",\"@id\":\"https:\\\/\\\/lavocedelpaese.info\\\/#\\\/schema\\\/person\\\/ec151d321306bd7591f7a061abf72d88\"},\"headline\":\"Rotatoria del \u201cSacro Cuore\u201d: si chiude il contenzioso\u00a0\u200b\",\"datePublished\":\"2025-02-17T20:15:50+00:00\",\"mainEntityOfPage\":{\"@id\":\"https:\\\/\\\/lavocedelpaese.info\\\/index.php\\\/2025\\\/02\\\/17\\\/rotatoria-del-sacro-cuore-si-chiude-il-contenzioso\\\/\"},\"wordCount\":514,\"commentCount\":0,\"publisher\":{\"@id\":\"https:\\\/\\\/lavocedelpaese.info\\\/#organization\"},\"image\":{\"@id\":\"https:\\\/\\\/lavocedelpaese.info\\\/index.php\\\/2025\\\/02\\\/17\\\/rotatoria-del-sacro-cuore-si-chiude-il-contenzioso\\\/#primaryimage\"},\"thumbnailUrl\":\"https:\\\/\\\/lavocedelpaese.info\\\/wp-content\\\/uploads\\\/2023\\\/01\\\/logo-150-127.png\",\"articleSection\":[\"network\"],\"inLanguage\":\"it-IT\",\"potentialAction\":[{\"@type\":\"CommentAction\",\"name\":\"Comment\",\"target\":[\"https:\\\/\\\/lavocedelpaese.info\\\/index.php\\\/2025\\\/02\\\/17\\\/rotatoria-del-sacro-cuore-si-chiude-il-contenzioso\\\/#respond\"]}]},{\"@type\":\"WebPage\",\"@id\":\"https:\\\/\\\/lavocedelpaese.info\\\/index.php\\\/2025\\\/02\\\/17\\\/rotatoria-del-sacro-cuore-si-chiude-il-contenzioso\\\/\",\"url\":\"https:\\\/\\\/lavocedelpaese.info\\\/index.php\\\/2025\\\/02\\\/17\\\/rotatoria-del-sacro-cuore-si-chiude-il-contenzioso\\\/\",\"name\":\"Rotatoria del \u201cSacro Cuore\u201d: si chiude il contenzioso\u00a0\u200b - La Voce del Paese\",\"isPartOf\":{\"@id\":\"https:\\\/\\\/lavocedelpaese.info\\\/#website\"},\"primaryImageOfPage\":{\"@id\":\"https:\\\/\\\/lavocedelpaese.info\\\/index.php\\\/2025\\\/02\\\/17\\\/rotatoria-del-sacro-cuore-si-chiude-il-contenzioso\\\/#primaryimage\"},\"image\":{\"@id\":\"https:\\\/\\\/lavocedelpaese.info\\\/index.php\\\/2025\\\/02\\\/17\\\/rotatoria-del-sacro-cuore-si-chiude-il-contenzioso\\\/#primaryimage\"},\"thumbnailUrl\":\"https:\\\/\\\/lavocedelpaese.info\\\/wp-content\\\/uploads\\\/2023\\\/01\\\/logo-150-127.png\",\"datePublished\":\"2025-02-17T20:15:50+00:00\",\"breadcrumb\":{\"@id\":\"https:\\\/\\\/lavocedelpaese.info\\\/index.php\\\/2025\\\/02\\\/17\\\/rotatoria-del-sacro-cuore-si-chiude-il-contenzioso\\\/#breadcrumb\"},\"inLanguage\":\"it-IT\",\"potentialAction\":[{\"@type\":\"ReadAction\",\"target\":[\"https:\\\/\\\/lavocedelpaese.info\\\/index.php\\\/2025\\\/02\\\/17\\\/rotatoria-del-sacro-cuore-si-chiude-il-contenzioso\\\/\"]}]},{\"@type\":\"ImageObject\",\"inLanguage\":\"it-IT\",\"@id\":\"https:\\\/\\\/lavocedelpaese.info\\\/index.php\\\/2025\\\/02\\\/17\\\/rotatoria-del-sacro-cuore-si-chiude-il-contenzioso\\\/#primaryimage\",\"url\":\"https:\\\/\\\/lavocedelpaese.info\\\/wp-content\\\/uploads\\\/2023\\\/01\\\/logo-150-127.png\",\"contentUrl\":\"https:\\\/\\\/lavocedelpaese.info\\\/wp-content\\\/uploads\\\/2023\\\/01\\\/logo-150-127.png\",\"width\":150,\"height\":127},{\"@type\":\"BreadcrumbList\",\"@id\":\"https:\\\/\\\/lavocedelpaese.info\\\/index.php\\\/2025\\\/02\\\/17\\\/rotatoria-del-sacro-cuore-si-chiude-il-contenzioso\\\/#breadcrumb\",\"itemListElement\":[{\"@type\":\"ListItem\",\"position\":1,\"name\":\"Home\",\"item\":\"https:\\\/\\\/lavocedelpaese.info\\\/\"},{\"@type\":\"ListItem\",\"position\":2,\"name\":\"Rotatoria del \u201cSacro Cuore\u201d: si chiude il contenzioso\u00a0\u200b\"}]},{\"@type\":\"WebSite\",\"@id\":\"https:\\\/\\\/lavocedelpaese.info\\\/#website\",\"url\":\"https:\\\/\\\/lavocedelpaese.info\\\/\",\"name\":\"La Voce del Paese\",\"description\":\"Un network di idee\",\"publisher\":{\"@id\":\"https:\\\/\\\/lavocedelpaese.info\\\/#organization\"},\"potentialAction\":[{\"@type\":\"SearchAction\",\"target\":{\"@type\":\"EntryPoint\",\"urlTemplate\":\"https:\\\/\\\/lavocedelpaese.info\\\/?s={search_term_string}\"},\"query-input\":{\"@type\":\"PropertyValueSpecification\",\"valueRequired\":true,\"valueName\":\"search_term_string\"}}],\"inLanguage\":\"it-IT\"},{\"@type\":\"Organization\",\"@id\":\"https:\\\/\\\/lavocedelpaese.info\\\/#organization\",\"name\":\"La Voce del Paese\",\"url\":\"https:\\\/\\\/lavocedelpaese.info\\\/\",\"logo\":{\"@type\":\"ImageObject\",\"inLanguage\":\"it-IT\",\"@id\":\"https:\\\/\\\/lavocedelpaese.info\\\/#\\\/schema\\\/logo\\\/image\\\/\",\"url\":\"https:\\\/\\\/lavocedelpaese.info\\\/wp-content\\\/uploads\\\/2023\\\/01\\\/cropped-logo-150-127.png\",\"contentUrl\":\"https:\\\/\\\/lavocedelpaese.info\\\/wp-content\\\/uploads\\\/2023\\\/01\\\/cropped-logo-150-127.png\",\"width\":137,\"height\":119,\"caption\":\"La Voce del Paese\"},\"image\":{\"@id\":\"https:\\\/\\\/lavocedelpaese.info\\\/#\\\/schema\\\/logo\\\/image\\\/\"},\"sameAs\":[\"https:\\\/\\\/www.facebook.com\\\/lavocedelpaese.info\"]},{\"@type\":\"Person\",\"@id\":\"https:\\\/\\\/lavocedelpaese.info\\\/#\\\/schema\\\/person\\\/ec151d321306bd7591f7a061abf72d88\",\"name\":\"admin\",\"image\":{\"@type\":\"ImageObject\",\"inLanguage\":\"it-IT\",\"@id\":\"https:\\\/\\\/secure.gravatar.com\\\/avatar\\\/af8f2caf0663124588de48a9380e07cbc95a74ef15b8062d0d39106c32fe3023?s=96&d=mm&r=g\",\"url\":\"https:\\\/\\\/secure.gravatar.com\\\/avatar\\\/af8f2caf0663124588de48a9380e07cbc95a74ef15b8062d0d39106c32fe3023?s=96&d=mm&r=g\",\"contentUrl\":\"https:\\\/\\\/secure.gravatar.com\\\/avatar\\\/af8f2caf0663124588de48a9380e07cbc95a74ef15b8062d0d39106c32fe3023?s=96&d=mm&r=g\",\"caption\":\"admin\"},\"sameAs\":[\"https:\\\/\\\/lavocedelpaese.info\"],\"url\":\"https:\\\/\\\/lavocedelpaese.info\\\/index.php\\\/author\\\/admin\\\/\"}]}<\/script>\n<!-- \/ Yoast SEO plugin. -->","yoast_head_json":{"title":"Rotatoria del \u201cSacro Cuore\u201d: si chiude il contenzioso\u00a0\u200b - La Voce del Paese","robots":{"index":"index","follow":"follow","max-snippet":"max-snippet:-1","max-image-preview":"max-image-preview:large","max-video-preview":"max-video-preview:-1"},"canonical":"https:\/\/lavocedelpaese.info\/index.php\/2025\/02\/17\/rotatoria-del-sacro-cuore-si-chiude-il-contenzioso\/","og_locale":"it_IT","og_type":"article","og_title":"Rotatoria del \u201cSacro Cuore\u201d: si chiude il contenzioso\u00a0\u200b - La Voce del Paese","og_description":"\u00a0 \u200b\u00a0 \u200b\u00a0 Atto finale \u2013 almeno si spera \u2013 per la trentennale vicenda della rotatoria presso il quartiere \u201cSacro","og_url":"https:\/\/lavocedelpaese.info\/index.php\/2025\/02\/17\/rotatoria-del-sacro-cuore-si-chiude-il-contenzioso\/","og_site_name":"La Voce del Paese","article_publisher":"https:\/\/www.facebook.com\/lavocedelpaese.info","article_published_time":"2025-02-17T20:15:50+00:00","author":"admin","twitter_card":"summary_large_image","twitter_misc":{"Scritto da":"admin","Tempo di lettura stimato":"3 minuti"},"schema":{"@context":"https:\/\/schema.org","@graph":[{"@type":"Article","@id":"https:\/\/lavocedelpaese.info\/index.php\/2025\/02\/17\/rotatoria-del-sacro-cuore-si-chiude-il-contenzioso\/#article","isPartOf":{"@id":"https:\/\/lavocedelpaese.info\/index.php\/2025\/02\/17\/rotatoria-del-sacro-cuore-si-chiude-il-contenzioso\/"},"author":{"name":"admin","@id":"https:\/\/lavocedelpaese.info\/#\/schema\/person\/ec151d321306bd7591f7a061abf72d88"},"headline":"Rotatoria del \u201cSacro Cuore\u201d: si chiude il contenzioso\u00a0\u200b","datePublished":"2025-02-17T20:15:50+00:00","mainEntityOfPage":{"@id":"https:\/\/lavocedelpaese.info\/index.php\/2025\/02\/17\/rotatoria-del-sacro-cuore-si-chiude-il-contenzioso\/"},"wordCount":514,"commentCount":0,"publisher":{"@id":"https:\/\/lavocedelpaese.info\/#organization"},"image":{"@id":"https:\/\/lavocedelpaese.info\/index.php\/2025\/02\/17\/rotatoria-del-sacro-cuore-si-chiude-il-contenzioso\/#primaryimage"},"thumbnailUrl":"https:\/\/lavocedelpaese.info\/wp-content\/uploads\/2023\/01\/logo-150-127.png","articleSection":["network"],"inLanguage":"it-IT","potentialAction":[{"@type":"CommentAction","name":"Comment","target":["https:\/\/lavocedelpaese.info\/index.php\/2025\/02\/17\/rotatoria-del-sacro-cuore-si-chiude-il-contenzioso\/#respond"]}]},{"@type":"WebPage","@id":"https:\/\/lavocedelpaese.info\/index.php\/2025\/02\/17\/rotatoria-del-sacro-cuore-si-chiude-il-contenzioso\/","url":"https:\/\/lavocedelpaese.info\/index.php\/2025\/02\/17\/rotatoria-del-sacro-cuore-si-chiude-il-contenzioso\/","name":"Rotatoria del \u201cSacro Cuore\u201d: si chiude il contenzioso\u00a0\u200b - La Voce del Paese","isPartOf":{"@id":"https:\/\/lavocedelpaese.info\/#website"},"primaryImageOfPage":{"@id":"https:\/\/lavocedelpaese.info\/index.php\/2025\/02\/17\/rotatoria-del-sacro-cuore-si-chiude-il-contenzioso\/#primaryimage"},"image":{"@id":"https:\/\/lavocedelpaese.info\/index.php\/2025\/02\/17\/rotatoria-del-sacro-cuore-si-chiude-il-contenzioso\/#primaryimage"},"thumbnailUrl":"https:\/\/lavocedelpaese.info\/wp-content\/uploads\/2023\/01\/logo-150-127.png","datePublished":"2025-02-17T20:15:50+00:00","breadcrumb":{"@id":"https:\/\/lavocedelpaese.info\/index.php\/2025\/02\/17\/rotatoria-del-sacro-cuore-si-chiude-il-contenzioso\/#breadcrumb"},"inLanguage":"it-IT","potentialAction":[{"@type":"ReadAction","target":["https:\/\/lavocedelpaese.info\/index.php\/2025\/02\/17\/rotatoria-del-sacro-cuore-si-chiude-il-contenzioso\/"]}]},{"@type":"ImageObject","inLanguage":"it-IT","@id":"https:\/\/lavocedelpaese.info\/index.php\/2025\/02\/17\/rotatoria-del-sacro-cuore-si-chiude-il-contenzioso\/#primaryimage","url":"https:\/\/lavocedelpaese.info\/wp-content\/uploads\/2023\/01\/logo-150-127.png","contentUrl":"https:\/\/lavocedelpaese.info\/wp-content\/uploads\/2023\/01\/logo-150-127.png","width":150,"height":127},{"@type":"BreadcrumbList","@id":"https:\/\/lavocedelpaese.info\/index.php\/2025\/02\/17\/rotatoria-del-sacro-cuore-si-chiude-il-contenzioso\/#breadcrumb","itemListElement":[{"@type":"ListItem","position":1,"name":"Home","item":"https:\/\/lavocedelpaese.info\/"},{"@type":"ListItem","position":2,"name":"Rotatoria del \u201cSacro Cuore\u201d: si chiude il contenzioso\u00a0\u200b"}]},{"@type":"WebSite","@id":"https:\/\/lavocedelpaese.info\/#website","url":"https:\/\/lavocedelpaese.info\/","name":"La Voce del Paese","description":"Un network di idee","publisher":{"@id":"https:\/\/lavocedelpaese.info\/#organization"},"potentialAction":[{"@type":"SearchAction","target":{"@type":"EntryPoint","urlTemplate":"https:\/\/lavocedelpaese.info\/?s={search_term_string}"},"query-input":{"@type":"PropertyValueSpecification","valueRequired":true,"valueName":"search_term_string"}}],"inLanguage":"it-IT"},{"@type":"Organization","@id":"https:\/\/lavocedelpaese.info\/#organization","name":"La Voce del Paese","url":"https:\/\/lavocedelpaese.info\/","logo":{"@type":"ImageObject","inLanguage":"it-IT","@id":"https:\/\/lavocedelpaese.info\/#\/schema\/logo\/image\/","url":"https:\/\/lavocedelpaese.info\/wp-content\/uploads\/2023\/01\/cropped-logo-150-127.png","contentUrl":"https:\/\/lavocedelpaese.info\/wp-content\/uploads\/2023\/01\/cropped-logo-150-127.png","width":137,"height":119,"caption":"La Voce del Paese"},"image":{"@id":"https:\/\/lavocedelpaese.info\/#\/schema\/logo\/image\/"},"sameAs":["https:\/\/www.facebook.com\/lavocedelpaese.info"]},{"@type":"Person","@id":"https:\/\/lavocedelpaese.info\/#\/schema\/person\/ec151d321306bd7591f7a061abf72d88","name":"admin","image":{"@type":"ImageObject","inLanguage":"it-IT","@id":"https:\/\/secure.gravatar.com\/avatar\/af8f2caf0663124588de48a9380e07cbc95a74ef15b8062d0d39106c32fe3023?s=96&d=mm&r=g","url":"https:\/\/secure.gravatar.com\/avatar\/af8f2caf0663124588de48a9380e07cbc95a74ef15b8062d0d39106c32fe3023?s=96&d=mm&r=g","contentUrl":"https:\/\/secure.gravatar.com\/avatar\/af8f2caf0663124588de48a9380e07cbc95a74ef15b8062d0d39106c32fe3023?s=96&d=mm&r=g","caption":"admin"},"sameAs":["https:\/\/lavocedelpaese.info"],"url":"https:\/\/lavocedelpaese.info\/index.php\/author\/admin\/"}]}},"_links":{"self":[{"href":"https:\/\/lavocedelpaese.info\/index.php\/wp-json\/wp\/v2\/posts\/8856","targetHints":{"allow":["GET"]}}],"collection":[{"href":"https:\/\/lavocedelpaese.info\/index.php\/wp-json\/wp\/v2\/posts"}],"about":[{"href":"https:\/\/lavocedelpaese.info\/index.php\/wp-json\/wp\/v2\/types\/post"}],"author":[{"embeddable":true,"href":"https:\/\/lavocedelpaese.info\/index.php\/wp-json\/wp\/v2\/users\/6"}],"replies":[{"embeddable":true,"href":"https:\/\/lavocedelpaese.info\/index.php\/wp-json\/wp\/v2\/comments?post=8856"}],"version-history":[{"count":0,"href":"https:\/\/lavocedelpaese.info\/index.php\/wp-json\/wp\/v2\/posts\/8856\/revisions"}],"wp:featuredmedia":[{"embeddable":true,"href":"https:\/\/lavocedelpaese.info\/index.php\/wp-json\/wp\/v2\/media\/730"}],"wp:attachment":[{"href":"https:\/\/lavocedelpaese.info\/index.php\/wp-json\/wp\/v2\/media?parent=8856"}],"wp:term":[{"taxonomy":"category","embeddable":true,"href":"https:\/\/lavocedelpaese.info\/index.php\/wp-json\/wp\/v2\/categories?post=8856"},{"taxonomy":"post_tag","embeddable":true,"href":"https:\/\/lavocedelpaese.info\/index.php\/wp-json\/wp\/v2\/tags?post=8856"}],"curies":[{"name":"wp","href":"https:\/\/api.w.org\/{rel}","templated":true}]}}