{"id":8837,"date":"2025-02-14T09:21:19","date_gmt":"2025-02-14T09:21:19","guid":{"rendered":"https:\/\/lavocedelpaese.info\/index.php\/2025\/02\/14\/thuriae-nulla-da-fare-contro-le-capoliste-bari-e-mola\/"},"modified":"2025-02-14T09:21:19","modified_gmt":"2025-02-14T09:21:19","slug":"thuriae-nulla-da-fare-contro-le-capoliste-bari-e-mola","status":"publish","type":"post","link":"https:\/\/lavocedelpaese.info\/index.php\/2025\/02\/14\/thuriae-nulla-da-fare-contro-le-capoliste-bari-e-mola\/","title":{"rendered":"Thuriae, nulla da fare contro le capoliste Bari e Mola\u00a0\u200b"},"content":{"rendered":"<p>\u00a0<\/p>\n<p>\u200b\u00a0<\/p>\n<p>\u200b\u00a0<\/p>\n<div><\/div>\n<h4 class=\"wp-block-heading\"><strong>Due sfortunate sconfitte per i turesi. Sabato impegno esterno a Veglie<\/strong><\/h4>\n<p>Niente da fare per il Thuriae: le due capoliste Bari e Mola, affrontate a stretto giro di posta fra sabato e marted\u00ec si impongono, al termine di due partite equilibrate in cui i turesi non hanno sfigurato contro squadre costruite per le zone alte di classifica.<\/p>\n<p>Si parte da Bari, dove i padroni di casa escono vincitori dalla contesa per 6-5, con i turesi che hanno messo non poca paura ai baresi, specialmente nella prima frazione quando, dopo aver rimontato lo svantaggio iniziale, hanno avuto le occasioni per allungare. Cos\u00ec non \u00e8 stato e nella ripresa \u00e8 arrivata la reazione dei padroni di casa che, complice un\u2019ingiusta espulsione a sfavore dei turesi, hanno allungato in maniera decisiva, rendendo vana la rimonta finale firmata Valentini e Corriero che ha portato il risultato sul 6-5.<\/p>\n<p>Marted\u00ec sera \u00e8 stato il turno della Just Mola, ospitata al palazzetto nel recupero della quattordicesima giornata non disputata causa guasto elettrico al palazzetto. Che il Mola fosse una corazzata era ben chiaro sin dalla vigilia, come confermato dalle cinque vittorie consecutive. Eppure i turesi hanno tenuto botta, disputando una partita intensa e con tanto agonismo, senza sfigurare. Ancora una volta una svista arbitrale incanala il match, quando nella ripresa ai turesi non viene fischiato un rigore e sul ribaltamento il Mola chiude la partita con il gol dello 0-3, che rende vana la rete finale di Gallardo.<\/p>\n<p>Due buone prestazioni in due partite difficili, che per\u00f2 lasciano a mani vuote i turesi che avrebbero meritato di uscire da questa coppia di partite con qualche punto in pi\u00f9. Ora la classifica \u00e8 finalmente allineata, con tutte le squadre che hanno disputato lo stesso numero di partite. Le due sconfitte non intaccano la classifica dei turesi, alla luce dei risultati delle squadre in coda.<\/p>\n<p>Dopo 19 giornate, i turesi sono saldi in decima posizione con 24 punti, in vantaggio di otto lunghezze rispetto alle inseguitrici. Vietato tuttavia rilassarsi. Sabato un altro difficile match ci attende: saremo ospiti di un Futsal Veglie lanciatissimo nella corsa ai playoff e dovremo fare il possibile per reagire alle ultime due sconfitte.<\/p>\n<h4 class=\"wp-block-heading\"><strong>CLASSIFICA<\/strong><\/h4>\n<p>Just Mola 42, CUS Bari 39, Real Molfetta 36, Volare Polignano 34, Grimal Barletta 32, Futsal Veglie 32, Futsal Andria 28, Azzurri Conversano 28, Cassano delle Murge C5 26, <strong>THURIAE 24<\/strong>, CUS Foggia 16, Futsal Ruvo 13, Futsal San Martino 12, Futbol Cinco Bisceglie 9\u00a0 .<\/p>\n<p><a class=\"a2a_button_facebook\" href=\"https:\/\/www.addtoany.com\/add_to\/facebook?linkurl=https%3A%2F%2Fturi.lavocedelpaese.info%2Fthuriae-nulla-da-fare-contro-le-capoliste-bari-e-mola%2F&amp;linkname=Thuriae%2C%20nulla%20da%20fare%20contro%20le%20capoliste%20Bari%20e%20Mola\" title=\"Facebook\" rel=\"nofollow noopener\" target=\"_blank\"><\/a><a class=\"a2a_button_twitter\" href=\"https:\/\/www.addtoany.com\/add_to\/twitter?linkurl=https%3A%2F%2Fturi.lavocedelpaese.info%2Fthuriae-nulla-da-fare-contro-le-capoliste-bari-e-mola%2F&amp;linkname=Thuriae%2C%20nulla%20da%20fare%20contro%20le%20capoliste%20Bari%20e%20Mola\" title=\"Twitter\" rel=\"nofollow noopener\" target=\"_blank\"><\/a><a class=\"a2a_button_whatsapp\" href=\"https:\/\/www.addtoany.com\/add_to\/whatsapp?linkurl=https%3A%2F%2Fturi.lavocedelpaese.info%2Fthuriae-nulla-da-fare-contro-le-capoliste-bari-e-mola%2F&amp;linkname=Thuriae%2C%20nulla%20da%20fare%20contro%20le%20capoliste%20Bari%20e%20Mola\" title=\"WhatsApp\" rel=\"nofollow noopener\" target=\"_blank\"><\/a><a class=\"a2a_button_telegram\" href=\"https:\/\/www.addtoany.com\/add_to\/telegram?linkurl=https%3A%2F%2Fturi.lavocedelpaese.info%2Fthuriae-nulla-da-fare-contro-le-capoliste-bari-e-mola%2F&amp;linkname=Thuriae%2C%20nulla%20da%20fare%20contro%20le%20capoliste%20Bari%20e%20Mola\" title=\"Telegram\" rel=\"nofollow noopener\" target=\"_blank\"><\/a><a class=\"a2a_button_email\" href=\"https:\/\/www.addtoany.com\/add_to\/email?linkurl=https%3A%2F%2Fturi.lavocedelpaese.info%2Fthuriae-nulla-da-fare-contro-le-capoliste-bari-e-mola%2F&amp;linkname=Thuriae%2C%20nulla%20da%20fare%20contro%20le%20capoliste%20Bari%20e%20Mola\" title=\"Email\" rel=\"nofollow noopener\" target=\"_blank\"><\/a><\/p>\n<p>L&#8217;articolo <a href=\"https:\/\/turi.lavocedelpaese.info\/thuriae-nulla-da-fare-contro-le-capoliste-bari-e-mola\/\">Thuriae, nulla da fare contro le capoliste Bari e Mola<\/a> proviene da <a href=\"https:\/\/turi.lavocedelpaese.info\/\">Turi &#8211; La Voce del Paese<\/a>.<\/p>\n<p>\u00a0<\/p>\n<p>\u00a0<\/p>\n<p>\u200b\u00a0\u00a0\u00a0<\/p>","protected":false},"excerpt":{"rendered":"<p>\u00a0 \u200b\u00a0 \u200b\u00a0 Due sfortunate sconfitte per i turesi. Sabato impegno esterno a Veglie Niente da fare per il Thuriae:<\/p>\n","protected":false},"author":6,"featured_media":730,"comment_status":"open","ping_status":"closed","sticky":false,"template":"","format":"standard","meta":{"colormag_page_container_layout":"default_layout","colormag_page_sidebar_layout":"default_layout","footnotes":""},"categories":[33],"tags":[],"class_list":["post-8837","post","type-post","status-publish","format-standard","has-post-thumbnail","hentry","category-network"],"yoast_head":"<!-- This site is optimized with the Yoast SEO plugin v27.5 - https:\/\/yoast.com\/product\/yoast-seo-wordpress\/ -->\n<title>Thuriae, nulla da fare contro le capoliste Bari e Mola\u00a0\u200b - La Voce del Paese<\/title>\n<meta name=\"robots\" content=\"index, follow, max-snippet:-1, max-image-preview:large, max-video-preview:-1\" \/>\n<link rel=\"canonical\" href=\"https:\/\/lavocedelpaese.info\/index.php\/2025\/02\/14\/thuriae-nulla-da-fare-contro-le-capoliste-bari-e-mola\/\" \/>\n<meta property=\"og:locale\" content=\"it_IT\" \/>\n<meta property=\"og:type\" content=\"article\" \/>\n<meta property=\"og:title\" content=\"Thuriae, nulla da fare contro le capoliste Bari e Mola\u00a0\u200b - La Voce del Paese\" \/>\n<meta property=\"og:description\" content=\"\u00a0 \u200b\u00a0 \u200b\u00a0 Due sfortunate sconfitte per i turesi. Sabato impegno esterno a Veglie Niente da fare per il Thuriae:\" \/>\n<meta property=\"og:url\" content=\"https:\/\/lavocedelpaese.info\/index.php\/2025\/02\/14\/thuriae-nulla-da-fare-contro-le-capoliste-bari-e-mola\/\" \/>\n<meta property=\"og:site_name\" content=\"La Voce del Paese\" \/>\n<meta property=\"article:publisher\" content=\"https:\/\/www.facebook.com\/lavocedelpaese.info\" \/>\n<meta property=\"article:published_time\" content=\"2025-02-14T09:21:19+00:00\" \/>\n<meta name=\"author\" content=\"admin\" \/>\n<meta name=\"twitter:card\" content=\"summary_large_image\" \/>\n<meta name=\"twitter:label1\" content=\"Scritto da\" \/>\n\t<meta name=\"twitter:data1\" content=\"admin\" \/>\n\t<meta name=\"twitter:label2\" content=\"Tempo di lettura stimato\" \/>\n\t<meta name=\"twitter:data2\" content=\"2 minuti\" \/>\n<script type=\"application\/ld+json\" class=\"yoast-schema-graph\">{\"@context\":\"https:\\\/\\\/schema.org\",\"@graph\":[{\"@type\":\"Article\",\"@id\":\"https:\\\/\\\/lavocedelpaese.info\\\/index.php\\\/2025\\\/02\\\/14\\\/thuriae-nulla-da-fare-contro-le-capoliste-bari-e-mola\\\/#article\",\"isPartOf\":{\"@id\":\"https:\\\/\\\/lavocedelpaese.info\\\/index.php\\\/2025\\\/02\\\/14\\\/thuriae-nulla-da-fare-contro-le-capoliste-bari-e-mola\\\/\"},\"author\":{\"name\":\"admin\",\"@id\":\"https:\\\/\\\/lavocedelpaese.info\\\/#\\\/schema\\\/person\\\/ec151d321306bd7591f7a061abf72d88\"},\"headline\":\"Thuriae, nulla da fare contro le capoliste Bari e Mola\u00a0\u200b\",\"datePublished\":\"2025-02-14T09:21:19+00:00\",\"mainEntityOfPage\":{\"@id\":\"https:\\\/\\\/lavocedelpaese.info\\\/index.php\\\/2025\\\/02\\\/14\\\/thuriae-nulla-da-fare-contro-le-capoliste-bari-e-mola\\\/\"},\"wordCount\":417,\"commentCount\":0,\"publisher\":{\"@id\":\"https:\\\/\\\/lavocedelpaese.info\\\/#organization\"},\"image\":{\"@id\":\"https:\\\/\\\/lavocedelpaese.info\\\/index.php\\\/2025\\\/02\\\/14\\\/thuriae-nulla-da-fare-contro-le-capoliste-bari-e-mola\\\/#primaryimage\"},\"thumbnailUrl\":\"https:\\\/\\\/lavocedelpaese.info\\\/wp-content\\\/uploads\\\/2023\\\/01\\\/logo-150-127.png\",\"articleSection\":[\"network\"],\"inLanguage\":\"it-IT\",\"potentialAction\":[{\"@type\":\"CommentAction\",\"name\":\"Comment\",\"target\":[\"https:\\\/\\\/lavocedelpaese.info\\\/index.php\\\/2025\\\/02\\\/14\\\/thuriae-nulla-da-fare-contro-le-capoliste-bari-e-mola\\\/#respond\"]}]},{\"@type\":\"WebPage\",\"@id\":\"https:\\\/\\\/lavocedelpaese.info\\\/index.php\\\/2025\\\/02\\\/14\\\/thuriae-nulla-da-fare-contro-le-capoliste-bari-e-mola\\\/\",\"url\":\"https:\\\/\\\/lavocedelpaese.info\\\/index.php\\\/2025\\\/02\\\/14\\\/thuriae-nulla-da-fare-contro-le-capoliste-bari-e-mola\\\/\",\"name\":\"Thuriae, nulla da fare contro le capoliste Bari e Mola\u00a0\u200b - La Voce del Paese\",\"isPartOf\":{\"@id\":\"https:\\\/\\\/lavocedelpaese.info\\\/#website\"},\"primaryImageOfPage\":{\"@id\":\"https:\\\/\\\/lavocedelpaese.info\\\/index.php\\\/2025\\\/02\\\/14\\\/thuriae-nulla-da-fare-contro-le-capoliste-bari-e-mola\\\/#primaryimage\"},\"image\":{\"@id\":\"https:\\\/\\\/lavocedelpaese.info\\\/index.php\\\/2025\\\/02\\\/14\\\/thuriae-nulla-da-fare-contro-le-capoliste-bari-e-mola\\\/#primaryimage\"},\"thumbnailUrl\":\"https:\\\/\\\/lavocedelpaese.info\\\/wp-content\\\/uploads\\\/2023\\\/01\\\/logo-150-127.png\",\"datePublished\":\"2025-02-14T09:21:19+00:00\",\"breadcrumb\":{\"@id\":\"https:\\\/\\\/lavocedelpaese.info\\\/index.php\\\/2025\\\/02\\\/14\\\/thuriae-nulla-da-fare-contro-le-capoliste-bari-e-mola\\\/#breadcrumb\"},\"inLanguage\":\"it-IT\",\"potentialAction\":[{\"@type\":\"ReadAction\",\"target\":[\"https:\\\/\\\/lavocedelpaese.info\\\/index.php\\\/2025\\\/02\\\/14\\\/thuriae-nulla-da-fare-contro-le-capoliste-bari-e-mola\\\/\"]}]},{\"@type\":\"ImageObject\",\"inLanguage\":\"it-IT\",\"@id\":\"https:\\\/\\\/lavocedelpaese.info\\\/index.php\\\/2025\\\/02\\\/14\\\/thuriae-nulla-da-fare-contro-le-capoliste-bari-e-mola\\\/#primaryimage\",\"url\":\"https:\\\/\\\/lavocedelpaese.info\\\/wp-content\\\/uploads\\\/2023\\\/01\\\/logo-150-127.png\",\"contentUrl\":\"https:\\\/\\\/lavocedelpaese.info\\\/wp-content\\\/uploads\\\/2023\\\/01\\\/logo-150-127.png\",\"width\":150,\"height\":127},{\"@type\":\"BreadcrumbList\",\"@id\":\"https:\\\/\\\/lavocedelpaese.info\\\/index.php\\\/2025\\\/02\\\/14\\\/thuriae-nulla-da-fare-contro-le-capoliste-bari-e-mola\\\/#breadcrumb\",\"itemListElement\":[{\"@type\":\"ListItem\",\"position\":1,\"name\":\"Home\",\"item\":\"https:\\\/\\\/lavocedelpaese.info\\\/\"},{\"@type\":\"ListItem\",\"position\":2,\"name\":\"Thuriae, nulla da fare contro le capoliste Bari e Mola\u00a0\u200b\"}]},{\"@type\":\"WebSite\",\"@id\":\"https:\\\/\\\/lavocedelpaese.info\\\/#website\",\"url\":\"https:\\\/\\\/lavocedelpaese.info\\\/\",\"name\":\"La Voce del Paese\",\"description\":\"Un network di idee\",\"publisher\":{\"@id\":\"https:\\\/\\\/lavocedelpaese.info\\\/#organization\"},\"potentialAction\":[{\"@type\":\"SearchAction\",\"target\":{\"@type\":\"EntryPoint\",\"urlTemplate\":\"https:\\\/\\\/lavocedelpaese.info\\\/?s={search_term_string}\"},\"query-input\":{\"@type\":\"PropertyValueSpecification\",\"valueRequired\":true,\"valueName\":\"search_term_string\"}}],\"inLanguage\":\"it-IT\"},{\"@type\":\"Organization\",\"@id\":\"https:\\\/\\\/lavocedelpaese.info\\\/#organization\",\"name\":\"La Voce del Paese\",\"url\":\"https:\\\/\\\/lavocedelpaese.info\\\/\",\"logo\":{\"@type\":\"ImageObject\",\"inLanguage\":\"it-IT\",\"@id\":\"https:\\\/\\\/lavocedelpaese.info\\\/#\\\/schema\\\/logo\\\/image\\\/\",\"url\":\"https:\\\/\\\/lavocedelpaese.info\\\/wp-content\\\/uploads\\\/2023\\\/01\\\/cropped-logo-150-127.png\",\"contentUrl\":\"https:\\\/\\\/lavocedelpaese.info\\\/wp-content\\\/uploads\\\/2023\\\/01\\\/cropped-logo-150-127.png\",\"width\":137,\"height\":119,\"caption\":\"La Voce del Paese\"},\"image\":{\"@id\":\"https:\\\/\\\/lavocedelpaese.info\\\/#\\\/schema\\\/logo\\\/image\\\/\"},\"sameAs\":[\"https:\\\/\\\/www.facebook.com\\\/lavocedelpaese.info\"]},{\"@type\":\"Person\",\"@id\":\"https:\\\/\\\/lavocedelpaese.info\\\/#\\\/schema\\\/person\\\/ec151d321306bd7591f7a061abf72d88\",\"name\":\"admin\",\"image\":{\"@type\":\"ImageObject\",\"inLanguage\":\"it-IT\",\"@id\":\"https:\\\/\\\/secure.gravatar.com\\\/avatar\\\/af8f2caf0663124588de48a9380e07cbc95a74ef15b8062d0d39106c32fe3023?s=96&d=mm&r=g\",\"url\":\"https:\\\/\\\/secure.gravatar.com\\\/avatar\\\/af8f2caf0663124588de48a9380e07cbc95a74ef15b8062d0d39106c32fe3023?s=96&d=mm&r=g\",\"contentUrl\":\"https:\\\/\\\/secure.gravatar.com\\\/avatar\\\/af8f2caf0663124588de48a9380e07cbc95a74ef15b8062d0d39106c32fe3023?s=96&d=mm&r=g\",\"caption\":\"admin\"},\"sameAs\":[\"https:\\\/\\\/lavocedelpaese.info\"],\"url\":\"https:\\\/\\\/lavocedelpaese.info\\\/index.php\\\/author\\\/admin\\\/\"}]}<\/script>\n<!-- \/ Yoast SEO plugin. -->","yoast_head_json":{"title":"Thuriae, nulla da fare contro le capoliste Bari e Mola\u00a0\u200b - La Voce del Paese","robots":{"index":"index","follow":"follow","max-snippet":"max-snippet:-1","max-image-preview":"max-image-preview:large","max-video-preview":"max-video-preview:-1"},"canonical":"https:\/\/lavocedelpaese.info\/index.php\/2025\/02\/14\/thuriae-nulla-da-fare-contro-le-capoliste-bari-e-mola\/","og_locale":"it_IT","og_type":"article","og_title":"Thuriae, nulla da fare contro le capoliste Bari e Mola\u00a0\u200b - La Voce del Paese","og_description":"\u00a0 \u200b\u00a0 \u200b\u00a0 Due sfortunate sconfitte per i turesi. Sabato impegno esterno a Veglie Niente da fare per il Thuriae:","og_url":"https:\/\/lavocedelpaese.info\/index.php\/2025\/02\/14\/thuriae-nulla-da-fare-contro-le-capoliste-bari-e-mola\/","og_site_name":"La Voce del Paese","article_publisher":"https:\/\/www.facebook.com\/lavocedelpaese.info","article_published_time":"2025-02-14T09:21:19+00:00","author":"admin","twitter_card":"summary_large_image","twitter_misc":{"Scritto da":"admin","Tempo di lettura stimato":"2 minuti"},"schema":{"@context":"https:\/\/schema.org","@graph":[{"@type":"Article","@id":"https:\/\/lavocedelpaese.info\/index.php\/2025\/02\/14\/thuriae-nulla-da-fare-contro-le-capoliste-bari-e-mola\/#article","isPartOf":{"@id":"https:\/\/lavocedelpaese.info\/index.php\/2025\/02\/14\/thuriae-nulla-da-fare-contro-le-capoliste-bari-e-mola\/"},"author":{"name":"admin","@id":"https:\/\/lavocedelpaese.info\/#\/schema\/person\/ec151d321306bd7591f7a061abf72d88"},"headline":"Thuriae, nulla da fare contro le capoliste Bari e Mola\u00a0\u200b","datePublished":"2025-02-14T09:21:19+00:00","mainEntityOfPage":{"@id":"https:\/\/lavocedelpaese.info\/index.php\/2025\/02\/14\/thuriae-nulla-da-fare-contro-le-capoliste-bari-e-mola\/"},"wordCount":417,"commentCount":0,"publisher":{"@id":"https:\/\/lavocedelpaese.info\/#organization"},"image":{"@id":"https:\/\/lavocedelpaese.info\/index.php\/2025\/02\/14\/thuriae-nulla-da-fare-contro-le-capoliste-bari-e-mola\/#primaryimage"},"thumbnailUrl":"https:\/\/lavocedelpaese.info\/wp-content\/uploads\/2023\/01\/logo-150-127.png","articleSection":["network"],"inLanguage":"it-IT","potentialAction":[{"@type":"CommentAction","name":"Comment","target":["https:\/\/lavocedelpaese.info\/index.php\/2025\/02\/14\/thuriae-nulla-da-fare-contro-le-capoliste-bari-e-mola\/#respond"]}]},{"@type":"WebPage","@id":"https:\/\/lavocedelpaese.info\/index.php\/2025\/02\/14\/thuriae-nulla-da-fare-contro-le-capoliste-bari-e-mola\/","url":"https:\/\/lavocedelpaese.info\/index.php\/2025\/02\/14\/thuriae-nulla-da-fare-contro-le-capoliste-bari-e-mola\/","name":"Thuriae, nulla da fare contro le capoliste Bari e Mola\u00a0\u200b - La Voce del Paese","isPartOf":{"@id":"https:\/\/lavocedelpaese.info\/#website"},"primaryImageOfPage":{"@id":"https:\/\/lavocedelpaese.info\/index.php\/2025\/02\/14\/thuriae-nulla-da-fare-contro-le-capoliste-bari-e-mola\/#primaryimage"},"image":{"@id":"https:\/\/lavocedelpaese.info\/index.php\/2025\/02\/14\/thuriae-nulla-da-fare-contro-le-capoliste-bari-e-mola\/#primaryimage"},"thumbnailUrl":"https:\/\/lavocedelpaese.info\/wp-content\/uploads\/2023\/01\/logo-150-127.png","datePublished":"2025-02-14T09:21:19+00:00","breadcrumb":{"@id":"https:\/\/lavocedelpaese.info\/index.php\/2025\/02\/14\/thuriae-nulla-da-fare-contro-le-capoliste-bari-e-mola\/#breadcrumb"},"inLanguage":"it-IT","potentialAction":[{"@type":"ReadAction","target":["https:\/\/lavocedelpaese.info\/index.php\/2025\/02\/14\/thuriae-nulla-da-fare-contro-le-capoliste-bari-e-mola\/"]}]},{"@type":"ImageObject","inLanguage":"it-IT","@id":"https:\/\/lavocedelpaese.info\/index.php\/2025\/02\/14\/thuriae-nulla-da-fare-contro-le-capoliste-bari-e-mola\/#primaryimage","url":"https:\/\/lavocedelpaese.info\/wp-content\/uploads\/2023\/01\/logo-150-127.png","contentUrl":"https:\/\/lavocedelpaese.info\/wp-content\/uploads\/2023\/01\/logo-150-127.png","width":150,"height":127},{"@type":"BreadcrumbList","@id":"https:\/\/lavocedelpaese.info\/index.php\/2025\/02\/14\/thuriae-nulla-da-fare-contro-le-capoliste-bari-e-mola\/#breadcrumb","itemListElement":[{"@type":"ListItem","position":1,"name":"Home","item":"https:\/\/lavocedelpaese.info\/"},{"@type":"ListItem","position":2,"name":"Thuriae, nulla da fare contro le capoliste Bari e Mola\u00a0\u200b"}]},{"@type":"WebSite","@id":"https:\/\/lavocedelpaese.info\/#website","url":"https:\/\/lavocedelpaese.info\/","name":"La Voce del Paese","description":"Un network di idee","publisher":{"@id":"https:\/\/lavocedelpaese.info\/#organization"},"potentialAction":[{"@type":"SearchAction","target":{"@type":"EntryPoint","urlTemplate":"https:\/\/lavocedelpaese.info\/?s={search_term_string}"},"query-input":{"@type":"PropertyValueSpecification","valueRequired":true,"valueName":"search_term_string"}}],"inLanguage":"it-IT"},{"@type":"Organization","@id":"https:\/\/lavocedelpaese.info\/#organization","name":"La Voce del Paese","url":"https:\/\/lavocedelpaese.info\/","logo":{"@type":"ImageObject","inLanguage":"it-IT","@id":"https:\/\/lavocedelpaese.info\/#\/schema\/logo\/image\/","url":"https:\/\/lavocedelpaese.info\/wp-content\/uploads\/2023\/01\/cropped-logo-150-127.png","contentUrl":"https:\/\/lavocedelpaese.info\/wp-content\/uploads\/2023\/01\/cropped-logo-150-127.png","width":137,"height":119,"caption":"La Voce del Paese"},"image":{"@id":"https:\/\/lavocedelpaese.info\/#\/schema\/logo\/image\/"},"sameAs":["https:\/\/www.facebook.com\/lavocedelpaese.info"]},{"@type":"Person","@id":"https:\/\/lavocedelpaese.info\/#\/schema\/person\/ec151d321306bd7591f7a061abf72d88","name":"admin","image":{"@type":"ImageObject","inLanguage":"it-IT","@id":"https:\/\/secure.gravatar.com\/avatar\/af8f2caf0663124588de48a9380e07cbc95a74ef15b8062d0d39106c32fe3023?s=96&d=mm&r=g","url":"https:\/\/secure.gravatar.com\/avatar\/af8f2caf0663124588de48a9380e07cbc95a74ef15b8062d0d39106c32fe3023?s=96&d=mm&r=g","contentUrl":"https:\/\/secure.gravatar.com\/avatar\/af8f2caf0663124588de48a9380e07cbc95a74ef15b8062d0d39106c32fe3023?s=96&d=mm&r=g","caption":"admin"},"sameAs":["https:\/\/lavocedelpaese.info"],"url":"https:\/\/lavocedelpaese.info\/index.php\/author\/admin\/"}]}},"_links":{"self":[{"href":"https:\/\/lavocedelpaese.info\/index.php\/wp-json\/wp\/v2\/posts\/8837","targetHints":{"allow":["GET"]}}],"collection":[{"href":"https:\/\/lavocedelpaese.info\/index.php\/wp-json\/wp\/v2\/posts"}],"about":[{"href":"https:\/\/lavocedelpaese.info\/index.php\/wp-json\/wp\/v2\/types\/post"}],"author":[{"embeddable":true,"href":"https:\/\/lavocedelpaese.info\/index.php\/wp-json\/wp\/v2\/users\/6"}],"replies":[{"embeddable":true,"href":"https:\/\/lavocedelpaese.info\/index.php\/wp-json\/wp\/v2\/comments?post=8837"}],"version-history":[{"count":0,"href":"https:\/\/lavocedelpaese.info\/index.php\/wp-json\/wp\/v2\/posts\/8837\/revisions"}],"wp:featuredmedia":[{"embeddable":true,"href":"https:\/\/lavocedelpaese.info\/index.php\/wp-json\/wp\/v2\/media\/730"}],"wp:attachment":[{"href":"https:\/\/lavocedelpaese.info\/index.php\/wp-json\/wp\/v2\/media?parent=8837"}],"wp:term":[{"taxonomy":"category","embeddable":true,"href":"https:\/\/lavocedelpaese.info\/index.php\/wp-json\/wp\/v2\/categories?post=8837"},{"taxonomy":"post_tag","embeddable":true,"href":"https:\/\/lavocedelpaese.info\/index.php\/wp-json\/wp\/v2\/tags?post=8837"}],"curies":[{"name":"wp","href":"https:\/\/api.w.org\/{rel}","templated":true}]}}