{"id":8814,"date":"2025-02-07T07:14:59","date_gmt":"2025-02-07T07:14:59","guid":{"rendered":"https:\/\/lavocedelpaese.info\/index.php\/2025\/02\/07\/la-squadra-femminile-riparte-con-mister-francesco-savino\/"},"modified":"2025-02-07T07:14:59","modified_gmt":"2025-02-07T07:14:59","slug":"la-squadra-femminile-riparte-con-mister-francesco-savino","status":"publish","type":"post","link":"https:\/\/lavocedelpaese.info\/index.php\/2025\/02\/07\/la-squadra-femminile-riparte-con-mister-francesco-savino\/","title":{"rendered":"La squadra femminile riparte con mister Francesco Savino\u00a0\u200b"},"content":{"rendered":"<p>\u00a0<\/p>\n<p>\u200b\u00a0<\/p>\n<p>\u200b\u00a0<\/p>\n<div><\/div>\n<h4 class=\"wp-block-heading\"><strong>Cosimo Meuli e Joseph Mazzotta lasciano la guida della prima squadra<\/strong><\/h4>\n<p>L\u2019Asd Revolution Turi comunica che, dopo cinque stagioni alla guida della prima squadra femminile, <strong>Cosimo Meuli<\/strong> ha rassegnato le dimissioni da primo allenatore. Con lui, lascia anche il suo vice, <strong>Joseph Mazzotta<\/strong>, che ha ricoperto il ruolo di secondo allenatore per tre annate.<\/p>\n<p>Dedizione, passione e professionalit\u00e0 hanno contraddistinto il percorso di Meuli, che ha guidato la squadra con professionalit\u00e0 e continuer\u00e0 a trasmettere la sua esperienza nel settore giovanile biancoazzurro.<\/p>\n<p>A entrambi va il nostro pi\u00f9 sentito ringraziamento per il lavoro svolto e per i risultati ottenuti in questi anni. Grazie, mister Cosimo e mister Joseph!<\/p>\n<figure class=\"wp-block-gallery has-nested-images columns-default is-cropped wp-block-gallery-1 is-layout-flex wp-block-gallery-is-layout-flex\">\n<figure class=\"wp-block-image size-large\"><img decoding=\"async\" width=\"1009\" height=\"1494\" data-id=\"6553\" src=\"https:\/\/turi.lavocedelpaese.info\/wp-content\/uploads\/2025\/02\/Cosimo-Meuli.jpg\" alt=\"\" class=\"wp-image-6553\"\/><figcaption class=\"wp-element-caption\"><strong>Cosimo Meuli<\/strong><\/figcaption><\/figure>\n<figure class=\"wp-block-image size-large\"><img decoding=\"async\" width=\"1365\" height=\"2048\" data-id=\"6552\" src=\"https:\/\/turi.lavocedelpaese.info\/wp-content\/uploads\/2025\/02\/Joseph-Mazzotta-1365x2048.jpg\" alt=\"\" class=\"wp-image-6552\"\/><figcaption class=\"wp-element-caption\"><strong>Joseph Mazzotta<\/strong><\/figcaption><\/figure>\n<\/figure>\n<div aria-hidden=\"true\" class=\"wp-block-spacer\"><\/div>\n<h4 class=\"wp-block-heading\"><strong>Francesco Savino nuovo allenatore della Farmacia Mastrolonardo Turi<\/strong><\/h4>\n<p>Sar\u00e0 <strong>Francesco Savino<\/strong>, turese doc, a dirigere la prima squadra femminile di serie C fino al termine della stagione in corso.<\/p>\n<p>Dopo le dimissioni di mister Cosimo Meuli, l\u2019Asd Revolution Turi infatti ha deciso di affidare a lui le chiavi del team femminile, attualmente al sesto posto in classifica.<\/p>\n<p>Francesco Savino, figura storica del volley turese, \u00e8 cresciuto prima come atleta e poi come tecnico sia del settore giovanile che della prima squadra; inoltre, \u00e8 stato protagonista della promozione in serie D femminile nella stagione 2017\/18.<\/p>\n<figure class=\"wp-block-image aligncenter size-full is-resized\"><img decoding=\"async\" width=\"1015\" height=\"1350\" src=\"https:\/\/turi.lavocedelpaese.info\/wp-content\/uploads\/2025\/02\/Francesco-Savino.jpg\" alt=\"\" class=\"wp-image-6554\"\/><\/figure>\n<p><a class=\"a2a_button_facebook\" href=\"https:\/\/www.addtoany.com\/add_to\/facebook?linkurl=https%3A%2F%2Fturi.lavocedelpaese.info%2Fla-squadra-femminile-riparte-con-mister-francesco-savino%2F&amp;linkname=La%20squadra%20femminile%20riparte%20con%20mister%20Francesco%20Savino\" title=\"Facebook\" rel=\"nofollow noopener\" target=\"_blank\"><\/a><a class=\"a2a_button_twitter\" href=\"https:\/\/www.addtoany.com\/add_to\/twitter?linkurl=https%3A%2F%2Fturi.lavocedelpaese.info%2Fla-squadra-femminile-riparte-con-mister-francesco-savino%2F&amp;linkname=La%20squadra%20femminile%20riparte%20con%20mister%20Francesco%20Savino\" title=\"Twitter\" rel=\"nofollow noopener\" target=\"_blank\"><\/a><a class=\"a2a_button_whatsapp\" href=\"https:\/\/www.addtoany.com\/add_to\/whatsapp?linkurl=https%3A%2F%2Fturi.lavocedelpaese.info%2Fla-squadra-femminile-riparte-con-mister-francesco-savino%2F&amp;linkname=La%20squadra%20femminile%20riparte%20con%20mister%20Francesco%20Savino\" title=\"WhatsApp\" rel=\"nofollow noopener\" target=\"_blank\"><\/a><a class=\"a2a_button_telegram\" href=\"https:\/\/www.addtoany.com\/add_to\/telegram?linkurl=https%3A%2F%2Fturi.lavocedelpaese.info%2Fla-squadra-femminile-riparte-con-mister-francesco-savino%2F&amp;linkname=La%20squadra%20femminile%20riparte%20con%20mister%20Francesco%20Savino\" title=\"Telegram\" rel=\"nofollow noopener\" target=\"_blank\"><\/a><a class=\"a2a_button_email\" href=\"https:\/\/www.addtoany.com\/add_to\/email?linkurl=https%3A%2F%2Fturi.lavocedelpaese.info%2Fla-squadra-femminile-riparte-con-mister-francesco-savino%2F&amp;linkname=La%20squadra%20femminile%20riparte%20con%20mister%20Francesco%20Savino\" title=\"Email\" rel=\"nofollow noopener\" target=\"_blank\"><\/a><\/p>\n<p>L&#8217;articolo <a href=\"https:\/\/turi.lavocedelpaese.info\/la-squadra-femminile-riparte-con-mister-francesco-savino\/\">La squadra femminile riparte con mister Francesco Savino<\/a> proviene da <a href=\"https:\/\/turi.lavocedelpaese.info\/\">Turi &#8211; La Voce del Paese<\/a>.<\/p>\n<p>\u00a0<\/p>\n<p>\u00a0<\/p>\n<p>\u200b\u00a0\u00a0\u00a0<\/p>","protected":false},"excerpt":{"rendered":"<p>\u00a0 \u200b\u00a0 \u200b\u00a0 Cosimo Meuli e Joseph Mazzotta lasciano la guida della prima squadra L\u2019Asd Revolution Turi comunica che, dopo<\/p>\n","protected":false},"author":6,"featured_media":8815,"comment_status":"open","ping_status":"closed","sticky":false,"template":"","format":"standard","meta":{"colormag_page_container_layout":"default_layout","colormag_page_sidebar_layout":"default_layout","footnotes":""},"categories":[33],"tags":[],"class_list":["post-8814","post","type-post","status-publish","format-standard","has-post-thumbnail","hentry","category-network"],"yoast_head":"<!-- This site is optimized with the Yoast SEO plugin v27.5 - https:\/\/yoast.com\/product\/yoast-seo-wordpress\/ -->\n<title>La squadra femminile riparte con mister Francesco Savino\u00a0\u200b - La Voce del Paese<\/title>\n<meta name=\"robots\" content=\"index, follow, max-snippet:-1, max-image-preview:large, max-video-preview:-1\" \/>\n<link rel=\"canonical\" href=\"https:\/\/lavocedelpaese.info\/index.php\/2025\/02\/07\/la-squadra-femminile-riparte-con-mister-francesco-savino\/\" \/>\n<meta property=\"og:locale\" content=\"it_IT\" \/>\n<meta property=\"og:type\" content=\"article\" \/>\n<meta property=\"og:title\" content=\"La squadra femminile riparte con mister Francesco Savino\u00a0\u200b - La Voce del Paese\" \/>\n<meta property=\"og:description\" content=\"\u00a0 \u200b\u00a0 \u200b\u00a0 Cosimo Meuli e Joseph Mazzotta lasciano la guida della prima squadra L\u2019Asd Revolution Turi comunica che, dopo\" \/>\n<meta property=\"og:url\" content=\"https:\/\/lavocedelpaese.info\/index.php\/2025\/02\/07\/la-squadra-femminile-riparte-con-mister-francesco-savino\/\" \/>\n<meta property=\"og:site_name\" content=\"La Voce del Paese\" \/>\n<meta property=\"article:publisher\" content=\"https:\/\/www.facebook.com\/lavocedelpaese.info\" \/>\n<meta property=\"article:published_time\" content=\"2025-02-07T07:14:59+00:00\" \/>\n<meta name=\"author\" content=\"admin\" \/>\n<meta name=\"twitter:card\" content=\"summary_large_image\" \/>\n<meta name=\"twitter:label1\" content=\"Scritto da\" \/>\n\t<meta name=\"twitter:data1\" content=\"admin\" \/>\n\t<meta name=\"twitter:label2\" content=\"Tempo di lettura stimato\" \/>\n\t<meta name=\"twitter:data2\" content=\"1 minuto\" \/>\n<script type=\"application\/ld+json\" class=\"yoast-schema-graph\">{\"@context\":\"https:\\\/\\\/schema.org\",\"@graph\":[{\"@type\":\"Article\",\"@id\":\"https:\\\/\\\/lavocedelpaese.info\\\/index.php\\\/2025\\\/02\\\/07\\\/la-squadra-femminile-riparte-con-mister-francesco-savino\\\/#article\",\"isPartOf\":{\"@id\":\"https:\\\/\\\/lavocedelpaese.info\\\/index.php\\\/2025\\\/02\\\/07\\\/la-squadra-femminile-riparte-con-mister-francesco-savino\\\/\"},\"author\":{\"name\":\"admin\",\"@id\":\"https:\\\/\\\/lavocedelpaese.info\\\/#\\\/schema\\\/person\\\/ec151d321306bd7591f7a061abf72d88\"},\"headline\":\"La squadra femminile riparte con mister Francesco Savino\u00a0\u200b\",\"datePublished\":\"2025-02-07T07:14:59+00:00\",\"mainEntityOfPage\":{\"@id\":\"https:\\\/\\\/lavocedelpaese.info\\\/index.php\\\/2025\\\/02\\\/07\\\/la-squadra-femminile-riparte-con-mister-francesco-savino\\\/\"},\"wordCount\":231,\"commentCount\":0,\"publisher\":{\"@id\":\"https:\\\/\\\/lavocedelpaese.info\\\/#organization\"},\"image\":{\"@id\":\"https:\\\/\\\/lavocedelpaese.info\\\/index.php\\\/2025\\\/02\\\/07\\\/la-squadra-femminile-riparte-con-mister-francesco-savino\\\/#primaryimage\"},\"thumbnailUrl\":\"https:\\\/\\\/lavocedelpaese.info\\\/wp-content\\\/uploads\\\/2025\\\/02\\\/Cosimo-Meuli-bKO3vN.jpeg\",\"articleSection\":[\"network\"],\"inLanguage\":\"it-IT\",\"potentialAction\":[{\"@type\":\"CommentAction\",\"name\":\"Comment\",\"target\":[\"https:\\\/\\\/lavocedelpaese.info\\\/index.php\\\/2025\\\/02\\\/07\\\/la-squadra-femminile-riparte-con-mister-francesco-savino\\\/#respond\"]}]},{\"@type\":\"WebPage\",\"@id\":\"https:\\\/\\\/lavocedelpaese.info\\\/index.php\\\/2025\\\/02\\\/07\\\/la-squadra-femminile-riparte-con-mister-francesco-savino\\\/\",\"url\":\"https:\\\/\\\/lavocedelpaese.info\\\/index.php\\\/2025\\\/02\\\/07\\\/la-squadra-femminile-riparte-con-mister-francesco-savino\\\/\",\"name\":\"La squadra femminile riparte con mister Francesco Savino\u00a0\u200b - La Voce del Paese\",\"isPartOf\":{\"@id\":\"https:\\\/\\\/lavocedelpaese.info\\\/#website\"},\"primaryImageOfPage\":{\"@id\":\"https:\\\/\\\/lavocedelpaese.info\\\/index.php\\\/2025\\\/02\\\/07\\\/la-squadra-femminile-riparte-con-mister-francesco-savino\\\/#primaryimage\"},\"image\":{\"@id\":\"https:\\\/\\\/lavocedelpaese.info\\\/index.php\\\/2025\\\/02\\\/07\\\/la-squadra-femminile-riparte-con-mister-francesco-savino\\\/#primaryimage\"},\"thumbnailUrl\":\"https:\\\/\\\/lavocedelpaese.info\\\/wp-content\\\/uploads\\\/2025\\\/02\\\/Cosimo-Meuli-bKO3vN.jpeg\",\"datePublished\":\"2025-02-07T07:14:59+00:00\",\"breadcrumb\":{\"@id\":\"https:\\\/\\\/lavocedelpaese.info\\\/index.php\\\/2025\\\/02\\\/07\\\/la-squadra-femminile-riparte-con-mister-francesco-savino\\\/#breadcrumb\"},\"inLanguage\":\"it-IT\",\"potentialAction\":[{\"@type\":\"ReadAction\",\"target\":[\"https:\\\/\\\/lavocedelpaese.info\\\/index.php\\\/2025\\\/02\\\/07\\\/la-squadra-femminile-riparte-con-mister-francesco-savino\\\/\"]}]},{\"@type\":\"ImageObject\",\"inLanguage\":\"it-IT\",\"@id\":\"https:\\\/\\\/lavocedelpaese.info\\\/index.php\\\/2025\\\/02\\\/07\\\/la-squadra-femminile-riparte-con-mister-francesco-savino\\\/#primaryimage\",\"url\":\"https:\\\/\\\/lavocedelpaese.info\\\/wp-content\\\/uploads\\\/2025\\\/02\\\/Cosimo-Meuli-bKO3vN.jpeg\",\"contentUrl\":\"https:\\\/\\\/lavocedelpaese.info\\\/wp-content\\\/uploads\\\/2025\\\/02\\\/Cosimo-Meuli-bKO3vN.jpeg\",\"width\":540,\"height\":800},{\"@type\":\"BreadcrumbList\",\"@id\":\"https:\\\/\\\/lavocedelpaese.info\\\/index.php\\\/2025\\\/02\\\/07\\\/la-squadra-femminile-riparte-con-mister-francesco-savino\\\/#breadcrumb\",\"itemListElement\":[{\"@type\":\"ListItem\",\"position\":1,\"name\":\"Home\",\"item\":\"https:\\\/\\\/lavocedelpaese.info\\\/\"},{\"@type\":\"ListItem\",\"position\":2,\"name\":\"La squadra femminile riparte con mister Francesco Savino\u00a0\u200b\"}]},{\"@type\":\"WebSite\",\"@id\":\"https:\\\/\\\/lavocedelpaese.info\\\/#website\",\"url\":\"https:\\\/\\\/lavocedelpaese.info\\\/\",\"name\":\"La Voce del Paese\",\"description\":\"Un network di idee\",\"publisher\":{\"@id\":\"https:\\\/\\\/lavocedelpaese.info\\\/#organization\"},\"potentialAction\":[{\"@type\":\"SearchAction\",\"target\":{\"@type\":\"EntryPoint\",\"urlTemplate\":\"https:\\\/\\\/lavocedelpaese.info\\\/?s={search_term_string}\"},\"query-input\":{\"@type\":\"PropertyValueSpecification\",\"valueRequired\":true,\"valueName\":\"search_term_string\"}}],\"inLanguage\":\"it-IT\"},{\"@type\":\"Organization\",\"@id\":\"https:\\\/\\\/lavocedelpaese.info\\\/#organization\",\"name\":\"La Voce del Paese\",\"url\":\"https:\\\/\\\/lavocedelpaese.info\\\/\",\"logo\":{\"@type\":\"ImageObject\",\"inLanguage\":\"it-IT\",\"@id\":\"https:\\\/\\\/lavocedelpaese.info\\\/#\\\/schema\\\/logo\\\/image\\\/\",\"url\":\"https:\\\/\\\/lavocedelpaese.info\\\/wp-content\\\/uploads\\\/2023\\\/01\\\/cropped-logo-150-127.png\",\"contentUrl\":\"https:\\\/\\\/lavocedelpaese.info\\\/wp-content\\\/uploads\\\/2023\\\/01\\\/cropped-logo-150-127.png\",\"width\":137,\"height\":119,\"caption\":\"La Voce del Paese\"},\"image\":{\"@id\":\"https:\\\/\\\/lavocedelpaese.info\\\/#\\\/schema\\\/logo\\\/image\\\/\"},\"sameAs\":[\"https:\\\/\\\/www.facebook.com\\\/lavocedelpaese.info\"]},{\"@type\":\"Person\",\"@id\":\"https:\\\/\\\/lavocedelpaese.info\\\/#\\\/schema\\\/person\\\/ec151d321306bd7591f7a061abf72d88\",\"name\":\"admin\",\"image\":{\"@type\":\"ImageObject\",\"inLanguage\":\"it-IT\",\"@id\":\"https:\\\/\\\/secure.gravatar.com\\\/avatar\\\/af8f2caf0663124588de48a9380e07cbc95a74ef15b8062d0d39106c32fe3023?s=96&d=mm&r=g\",\"url\":\"https:\\\/\\\/secure.gravatar.com\\\/avatar\\\/af8f2caf0663124588de48a9380e07cbc95a74ef15b8062d0d39106c32fe3023?s=96&d=mm&r=g\",\"contentUrl\":\"https:\\\/\\\/secure.gravatar.com\\\/avatar\\\/af8f2caf0663124588de48a9380e07cbc95a74ef15b8062d0d39106c32fe3023?s=96&d=mm&r=g\",\"caption\":\"admin\"},\"sameAs\":[\"https:\\\/\\\/lavocedelpaese.info\"],\"url\":\"https:\\\/\\\/lavocedelpaese.info\\\/index.php\\\/author\\\/admin\\\/\"}]}<\/script>\n<!-- \/ Yoast SEO plugin. -->","yoast_head_json":{"title":"La squadra femminile riparte con mister Francesco Savino\u00a0\u200b - La Voce del Paese","robots":{"index":"index","follow":"follow","max-snippet":"max-snippet:-1","max-image-preview":"max-image-preview:large","max-video-preview":"max-video-preview:-1"},"canonical":"https:\/\/lavocedelpaese.info\/index.php\/2025\/02\/07\/la-squadra-femminile-riparte-con-mister-francesco-savino\/","og_locale":"it_IT","og_type":"article","og_title":"La squadra femminile riparte con mister Francesco Savino\u00a0\u200b - La Voce del Paese","og_description":"\u00a0 \u200b\u00a0 \u200b\u00a0 Cosimo Meuli e Joseph Mazzotta lasciano la guida della prima squadra L\u2019Asd Revolution Turi comunica che, dopo","og_url":"https:\/\/lavocedelpaese.info\/index.php\/2025\/02\/07\/la-squadra-femminile-riparte-con-mister-francesco-savino\/","og_site_name":"La Voce del Paese","article_publisher":"https:\/\/www.facebook.com\/lavocedelpaese.info","article_published_time":"2025-02-07T07:14:59+00:00","author":"admin","twitter_card":"summary_large_image","twitter_misc":{"Scritto da":"admin","Tempo di lettura stimato":"1 minuto"},"schema":{"@context":"https:\/\/schema.org","@graph":[{"@type":"Article","@id":"https:\/\/lavocedelpaese.info\/index.php\/2025\/02\/07\/la-squadra-femminile-riparte-con-mister-francesco-savino\/#article","isPartOf":{"@id":"https:\/\/lavocedelpaese.info\/index.php\/2025\/02\/07\/la-squadra-femminile-riparte-con-mister-francesco-savino\/"},"author":{"name":"admin","@id":"https:\/\/lavocedelpaese.info\/#\/schema\/person\/ec151d321306bd7591f7a061abf72d88"},"headline":"La squadra femminile riparte con mister Francesco Savino\u00a0\u200b","datePublished":"2025-02-07T07:14:59+00:00","mainEntityOfPage":{"@id":"https:\/\/lavocedelpaese.info\/index.php\/2025\/02\/07\/la-squadra-femminile-riparte-con-mister-francesco-savino\/"},"wordCount":231,"commentCount":0,"publisher":{"@id":"https:\/\/lavocedelpaese.info\/#organization"},"image":{"@id":"https:\/\/lavocedelpaese.info\/index.php\/2025\/02\/07\/la-squadra-femminile-riparte-con-mister-francesco-savino\/#primaryimage"},"thumbnailUrl":"https:\/\/lavocedelpaese.info\/wp-content\/uploads\/2025\/02\/Cosimo-Meuli-bKO3vN.jpeg","articleSection":["network"],"inLanguage":"it-IT","potentialAction":[{"@type":"CommentAction","name":"Comment","target":["https:\/\/lavocedelpaese.info\/index.php\/2025\/02\/07\/la-squadra-femminile-riparte-con-mister-francesco-savino\/#respond"]}]},{"@type":"WebPage","@id":"https:\/\/lavocedelpaese.info\/index.php\/2025\/02\/07\/la-squadra-femminile-riparte-con-mister-francesco-savino\/","url":"https:\/\/lavocedelpaese.info\/index.php\/2025\/02\/07\/la-squadra-femminile-riparte-con-mister-francesco-savino\/","name":"La squadra femminile riparte con mister Francesco Savino\u00a0\u200b - La Voce del Paese","isPartOf":{"@id":"https:\/\/lavocedelpaese.info\/#website"},"primaryImageOfPage":{"@id":"https:\/\/lavocedelpaese.info\/index.php\/2025\/02\/07\/la-squadra-femminile-riparte-con-mister-francesco-savino\/#primaryimage"},"image":{"@id":"https:\/\/lavocedelpaese.info\/index.php\/2025\/02\/07\/la-squadra-femminile-riparte-con-mister-francesco-savino\/#primaryimage"},"thumbnailUrl":"https:\/\/lavocedelpaese.info\/wp-content\/uploads\/2025\/02\/Cosimo-Meuli-bKO3vN.jpeg","datePublished":"2025-02-07T07:14:59+00:00","breadcrumb":{"@id":"https:\/\/lavocedelpaese.info\/index.php\/2025\/02\/07\/la-squadra-femminile-riparte-con-mister-francesco-savino\/#breadcrumb"},"inLanguage":"it-IT","potentialAction":[{"@type":"ReadAction","target":["https:\/\/lavocedelpaese.info\/index.php\/2025\/02\/07\/la-squadra-femminile-riparte-con-mister-francesco-savino\/"]}]},{"@type":"ImageObject","inLanguage":"it-IT","@id":"https:\/\/lavocedelpaese.info\/index.php\/2025\/02\/07\/la-squadra-femminile-riparte-con-mister-francesco-savino\/#primaryimage","url":"https:\/\/lavocedelpaese.info\/wp-content\/uploads\/2025\/02\/Cosimo-Meuli-bKO3vN.jpeg","contentUrl":"https:\/\/lavocedelpaese.info\/wp-content\/uploads\/2025\/02\/Cosimo-Meuli-bKO3vN.jpeg","width":540,"height":800},{"@type":"BreadcrumbList","@id":"https:\/\/lavocedelpaese.info\/index.php\/2025\/02\/07\/la-squadra-femminile-riparte-con-mister-francesco-savino\/#breadcrumb","itemListElement":[{"@type":"ListItem","position":1,"name":"Home","item":"https:\/\/lavocedelpaese.info\/"},{"@type":"ListItem","position":2,"name":"La squadra femminile riparte con mister Francesco Savino\u00a0\u200b"}]},{"@type":"WebSite","@id":"https:\/\/lavocedelpaese.info\/#website","url":"https:\/\/lavocedelpaese.info\/","name":"La Voce del Paese","description":"Un network di idee","publisher":{"@id":"https:\/\/lavocedelpaese.info\/#organization"},"potentialAction":[{"@type":"SearchAction","target":{"@type":"EntryPoint","urlTemplate":"https:\/\/lavocedelpaese.info\/?s={search_term_string}"},"query-input":{"@type":"PropertyValueSpecification","valueRequired":true,"valueName":"search_term_string"}}],"inLanguage":"it-IT"},{"@type":"Organization","@id":"https:\/\/lavocedelpaese.info\/#organization","name":"La Voce del Paese","url":"https:\/\/lavocedelpaese.info\/","logo":{"@type":"ImageObject","inLanguage":"it-IT","@id":"https:\/\/lavocedelpaese.info\/#\/schema\/logo\/image\/","url":"https:\/\/lavocedelpaese.info\/wp-content\/uploads\/2023\/01\/cropped-logo-150-127.png","contentUrl":"https:\/\/lavocedelpaese.info\/wp-content\/uploads\/2023\/01\/cropped-logo-150-127.png","width":137,"height":119,"caption":"La Voce del Paese"},"image":{"@id":"https:\/\/lavocedelpaese.info\/#\/schema\/logo\/image\/"},"sameAs":["https:\/\/www.facebook.com\/lavocedelpaese.info"]},{"@type":"Person","@id":"https:\/\/lavocedelpaese.info\/#\/schema\/person\/ec151d321306bd7591f7a061abf72d88","name":"admin","image":{"@type":"ImageObject","inLanguage":"it-IT","@id":"https:\/\/secure.gravatar.com\/avatar\/af8f2caf0663124588de48a9380e07cbc95a74ef15b8062d0d39106c32fe3023?s=96&d=mm&r=g","url":"https:\/\/secure.gravatar.com\/avatar\/af8f2caf0663124588de48a9380e07cbc95a74ef15b8062d0d39106c32fe3023?s=96&d=mm&r=g","contentUrl":"https:\/\/secure.gravatar.com\/avatar\/af8f2caf0663124588de48a9380e07cbc95a74ef15b8062d0d39106c32fe3023?s=96&d=mm&r=g","caption":"admin"},"sameAs":["https:\/\/lavocedelpaese.info"],"url":"https:\/\/lavocedelpaese.info\/index.php\/author\/admin\/"}]}},"_links":{"self":[{"href":"https:\/\/lavocedelpaese.info\/index.php\/wp-json\/wp\/v2\/posts\/8814","targetHints":{"allow":["GET"]}}],"collection":[{"href":"https:\/\/lavocedelpaese.info\/index.php\/wp-json\/wp\/v2\/posts"}],"about":[{"href":"https:\/\/lavocedelpaese.info\/index.php\/wp-json\/wp\/v2\/types\/post"}],"author":[{"embeddable":true,"href":"https:\/\/lavocedelpaese.info\/index.php\/wp-json\/wp\/v2\/users\/6"}],"replies":[{"embeddable":true,"href":"https:\/\/lavocedelpaese.info\/index.php\/wp-json\/wp\/v2\/comments?post=8814"}],"version-history":[{"count":0,"href":"https:\/\/lavocedelpaese.info\/index.php\/wp-json\/wp\/v2\/posts\/8814\/revisions"}],"wp:featuredmedia":[{"embeddable":true,"href":"https:\/\/lavocedelpaese.info\/index.php\/wp-json\/wp\/v2\/media\/8815"}],"wp:attachment":[{"href":"https:\/\/lavocedelpaese.info\/index.php\/wp-json\/wp\/v2\/media?parent=8814"}],"wp:term":[{"taxonomy":"category","embeddable":true,"href":"https:\/\/lavocedelpaese.info\/index.php\/wp-json\/wp\/v2\/categories?post=8814"},{"taxonomy":"post_tag","embeddable":true,"href":"https:\/\/lavocedelpaese.info\/index.php\/wp-json\/wp\/v2\/tags?post=8814"}],"curies":[{"name":"wp","href":"https:\/\/api.w.org\/{rel}","templated":true}]}}