{"id":877,"date":"2023-02-01T07:00:27","date_gmt":"2023-02-01T07:00:27","guid":{"rendered":"https:\/\/lavocedelpaese.info\/?p=877"},"modified":"2023-02-01T07:00:28","modified_gmt":"2023-02-01T07:00:28","slug":"in-funzione-la-prima-tac-pnrr-in-puglia","status":"publish","type":"post","link":"https:\/\/lavocedelpaese.info\/index.php\/2023\/02\/01\/in-funzione-la-prima-tac-pnrr-in-puglia\/","title":{"rendered":"In funzione la prima Tac PNRR in Puglia"},"content":{"rendered":"\n<p>La prima TAC acquistata con fondi PNRR in Puglia \u00e8 entrata in funzione stamattina, a tempo di record, nell\u2019Ospedale di Putignano. Comprensibile la soddisfazione degli operatori sanitari del \u201cSanta Maria degli Angeli\u201d, a partire dal responsabile della direzione medica di presidio Saverio Tateo e dal responsabile della Radiologia Nicola Zaccheo, per i primi pazienti sottoposti ad esame e per la rapidit\u00e0 dell\u2019installazione e avvio del macchinario: molte delle procedure di gara Consip, con i contratti che hanno reso prenotabili le apparecchiature da parte delle regioni italiane, sono state infatti concluse solamente nel dicembre scorso.&nbsp;&nbsp;<\/p>\n\n\n\n<p>L\u2019azienda sanitaria di Bari ha centrato cos\u00ec il primo degli obiettivi finanziati dal Piano Nazionale di Ripresa e Resilienza attraverso la Missione 6 Salute, Componente C2 sub-investimento 1.1.2 dedicato all\u2019ammodernamento del parco tecnologico e digitale ospedaliero (Grandi Apparecchiature). In dettaglio, il programma prevede complessivamente l\u2019acquisto di 35 grandi apparecchiature:&nbsp;<strong>11 Tac, 2 Risonanze magnetiche, 2 Gamma camere, 10 Ecotomografi, 2 Angiografi, 7 Telecomandati digitali e 1 Sistema radiologico polifunzionale.<\/strong><\/p>\n\n\n\n<p>\u00abLa nuova TAC di Putignano \u2013 commenta il Direttore generale Antonio Sanguedolce \u2013 \u00e8 un importante punto di partenza, giacch\u00e8 rientra in un ampio programma di innovazione del parco tecnologico finanziato principalmente con fondi PNRR che interesser\u00e0 tutti gli ospedali della ASL. I filoni d\u2019intervento sono diversi, per un ammontare complessivo in questo specifico ambito di circa 13 milioni di euro, e riguardano l\u2019acquisizione di Tac, Risonanze Magnetiche, Angiografi, Ecotomografi, Tavoli e Telecomandati radiologici polifunzionali. Tutte apparecchiature tecnologicamente avanzate che renderanno pi\u00f9 moderni e performanti i nostri presidi a beneficio delle comunit\u00e0 assistite e della qualit\u00e0 del lavoro degli stessi operatori. Merito anche delle strutture tecnico-amministrative della ASL, particolarmente pronte nel finalizzare le procedure di acquisto\u00bb.<\/p>\n\n\n\n<p>L\u2019avvio della TAC 128 slice \u00e8 anche il punto culminante in un percorso di ammodernamento del presidio che, da oggi, mette a disposizione dei reparti ospedalieri e dell\u2019utenza del territorio un\u2019apparecchiatura radiologica ad alto contenuto tecnologico, con elevati livelli di performance in termini di immagini e qualit\u00e0, quindi di accuratezza degli esiti e, soprattutto, con un dosaggio d\u2019irradiazione ridotto fino all\u201980 per cento. In questa prima fase di training con il tecnico della ditta fornitrice, la Radiologia effettuer\u00e0 esami in elezione sino a fine mese, mentre dagli inizi di febbraio potr\u00e0 garantire h24 anche le urgenze del presidio ospedaliero.<\/p>\n\n\n\n<p><strong>Esami pi\u00f9 rapidi e precisi con la TAC di ultima generazione<\/strong><\/p>\n\n\n\n<p>La TAC dell\u2019Ospedale di Putignano &#8211; multislice 128 &#8211;&nbsp;&nbsp;appartiene alla nuova generazione di macchine dotate di detettori digitali e di sistema iterativo di riduzione della dose al paziente. L\u2019apparecchiatura permette di eseguire esami in tempi molto rapidi, da pochi secondi a qualche minuto a seconda della tipologia di esame, con una risoluzione spaziale e di contrasto ottimali. Questo consente diagnosi pi\u00f9 precoci e precise a vantaggio di terapie mirate. La tecnologia a disposizione, versatile e di ultima generazione, permette maggiori applicazioni cliniche nello studio di tutti i distretti corporei in esame. Particolari accorgimenti tecnici permettono poi di ottenere un\u2019elevata qualit\u00e0 d\u2019immagine e, contemporaneamente, di ridurre la quantit\u00e0 d\u2019irradiazione e il dosaggio dei mezzi di contrasto, limitando notevolmente l\u2019impatto sui pazienti sottoposti all\u2019esame.<\/p>\n\n\n\n<p>Innovativi pacchetti software, inoltre, consentono la ricostruzione 3D e la trasmissione diretta \u201creal time\u201d in ogni piano dello spazio, con funzioni dedicate per numerose applicazioni cliniche, da quelle neurologiche a quelle addominali, muscoloscheletriche e&nbsp;&nbsp;protocolli angiografici altamente performanti, sino alle indagini pediatriche con specifici applicativi.<\/p>\n\n\n\n<p><strong>I locali della Radiologia adeguati per ospitare la nuova attrezzatura<\/strong><\/p>\n\n\n\n<p>L\u2019intervento nell\u2019area in cui \u00e8 stata allocata la nuova Tac dell\u2019Ospedale di Putignano, a cura dell\u2019Area Gestione Tecnica e della Ingegneria Clinica della ASL Bari, ha comportato l&#8217;adeguamento dei locali destinati ad ospitare la nuova sala esami, sala controllo, sala refertazione, sala preparazione e osservazione breve. In particolare, sono stati rifatti tutti gli impianti elettrici, speciali e di condizionamento oltre alle necessarie nuove opere protettive e di sicurezza.<\/p>\n\n\n\n<p>La riqualificazione degli ambienti della Radiologia aveva gi\u00e0 permesso, inoltre, di alloggiare una nuova Diagnostica digitale diretta con tavolo telecomandato polifunzionale, mentre dopo ulteriori lavori sar\u00e0 possibile installare altre due apparecchiature radiologiche pensili. Gi\u00e0 in attivit\u00e0, frutto di donazione, anche un Densitometro Osseo Computerizzato per l\u2019effettuazione di esami in tutti i distretti corporei e, per la sanit\u00e0 territoriale, un nuovo mammografo 3D con tomosintesi in aggiunta a quello gi\u00e0 esistente, anch\u2019esso dotato di tecnologia digitale, per gli esami di senologia clinica e screening mammografico.<\/p>\n","protected":false},"excerpt":{"rendered":"<p>La prima TAC acquistata con fondi PNRR in Puglia \u00e8 entrata in funzione stamattina, a tempo di record, nell\u2019Ospedale di<\/p>\n","protected":false},"author":4,"featured_media":878,"comment_status":"open","ping_status":"closed","sticky":false,"template":"","format":"standard","meta":{"colormag_page_container_layout":"default_layout","colormag_page_sidebar_layout":"default_layout","footnotes":""},"categories":[2,28],"tags":[],"class_list":["post-877","post","type-post","status-publish","format-standard","has-post-thumbnail","hentry","category-attualita","category-primo-piano"],"yoast_head":"<!-- This site is optimized with the Yoast SEO plugin v27.5 - https:\/\/yoast.com\/product\/yoast-seo-wordpress\/ -->\n<title>In funzione la prima Tac PNRR in Puglia - La Voce del Paese<\/title>\n<meta name=\"robots\" content=\"index, follow, max-snippet:-1, max-image-preview:large, max-video-preview:-1\" \/>\n<link rel=\"canonical\" href=\"https:\/\/lavocedelpaese.info\/index.php\/2023\/02\/01\/in-funzione-la-prima-tac-pnrr-in-puglia\/\" \/>\n<meta property=\"og:locale\" content=\"it_IT\" \/>\n<meta property=\"og:type\" content=\"article\" \/>\n<meta property=\"og:title\" content=\"In funzione la prima Tac PNRR in Puglia - La Voce del Paese\" \/>\n<meta property=\"og:description\" content=\"La prima TAC acquistata con fondi PNRR in Puglia \u00e8 entrata in funzione stamattina, a tempo di record, nell\u2019Ospedale di\" \/>\n<meta property=\"og:url\" content=\"https:\/\/lavocedelpaese.info\/index.php\/2023\/02\/01\/in-funzione-la-prima-tac-pnrr-in-puglia\/\" \/>\n<meta property=\"og:site_name\" content=\"La Voce del Paese\" \/>\n<meta property=\"article:publisher\" content=\"https:\/\/www.facebook.com\/lavocedelpaese.info\" \/>\n<meta property=\"article:published_time\" content=\"2023-02-01T07:00:27+00:00\" \/>\n<meta property=\"article:modified_time\" content=\"2023-02-01T07:00:28+00:00\" \/>\n<meta property=\"og:image\" content=\"https:\/\/lavocedelpaese.info\/wp-content\/uploads\/2023\/02\/TAC-128-slice-Putignano-2.jpeg\" \/>\n\t<meta property=\"og:image:width\" content=\"1000\" \/>\n\t<meta property=\"og:image:height\" content=\"450\" \/>\n\t<meta property=\"og:image:type\" content=\"image\/jpeg\" \/>\n<meta name=\"author\" content=\"admin_voce\" \/>\n<meta name=\"twitter:card\" content=\"summary_large_image\" \/>\n<meta name=\"twitter:label1\" content=\"Scritto da\" \/>\n\t<meta name=\"twitter:data1\" content=\"admin_voce\" \/>\n\t<meta name=\"twitter:label2\" content=\"Tempo di lettura stimato\" \/>\n\t<meta name=\"twitter:data2\" content=\"4 minuti\" \/>\n<script type=\"application\/ld+json\" class=\"yoast-schema-graph\">{\"@context\":\"https:\\\/\\\/schema.org\",\"@graph\":[{\"@type\":\"Article\",\"@id\":\"https:\\\/\\\/lavocedelpaese.info\\\/index.php\\\/2023\\\/02\\\/01\\\/in-funzione-la-prima-tac-pnrr-in-puglia\\\/#article\",\"isPartOf\":{\"@id\":\"https:\\\/\\\/lavocedelpaese.info\\\/index.php\\\/2023\\\/02\\\/01\\\/in-funzione-la-prima-tac-pnrr-in-puglia\\\/\"},\"author\":{\"name\":\"admin_voce\",\"@id\":\"https:\\\/\\\/lavocedelpaese.info\\\/#\\\/schema\\\/person\\\/ab94aca56f9d1bb6fc898990a7998bda\"},\"headline\":\"In funzione la prima Tac PNRR in Puglia\",\"datePublished\":\"2023-02-01T07:00:27+00:00\",\"dateModified\":\"2023-02-01T07:00:28+00:00\",\"mainEntityOfPage\":{\"@id\":\"https:\\\/\\\/lavocedelpaese.info\\\/index.php\\\/2023\\\/02\\\/01\\\/in-funzione-la-prima-tac-pnrr-in-puglia\\\/\"},\"wordCount\":740,\"commentCount\":0,\"publisher\":{\"@id\":\"https:\\\/\\\/lavocedelpaese.info\\\/#organization\"},\"image\":{\"@id\":\"https:\\\/\\\/lavocedelpaese.info\\\/index.php\\\/2023\\\/02\\\/01\\\/in-funzione-la-prima-tac-pnrr-in-puglia\\\/#primaryimage\"},\"thumbnailUrl\":\"https:\\\/\\\/lavocedelpaese.info\\\/wp-content\\\/uploads\\\/2023\\\/02\\\/TAC-128-slice-Putignano-2.jpeg\",\"articleSection\":[\"Attualit\u00e0\",\"Primo Piano\"],\"inLanguage\":\"it-IT\",\"potentialAction\":[{\"@type\":\"CommentAction\",\"name\":\"Comment\",\"target\":[\"https:\\\/\\\/lavocedelpaese.info\\\/index.php\\\/2023\\\/02\\\/01\\\/in-funzione-la-prima-tac-pnrr-in-puglia\\\/#respond\"]}]},{\"@type\":\"WebPage\",\"@id\":\"https:\\\/\\\/lavocedelpaese.info\\\/index.php\\\/2023\\\/02\\\/01\\\/in-funzione-la-prima-tac-pnrr-in-puglia\\\/\",\"url\":\"https:\\\/\\\/lavocedelpaese.info\\\/index.php\\\/2023\\\/02\\\/01\\\/in-funzione-la-prima-tac-pnrr-in-puglia\\\/\",\"name\":\"In funzione la prima Tac PNRR in Puglia - La Voce del Paese\",\"isPartOf\":{\"@id\":\"https:\\\/\\\/lavocedelpaese.info\\\/#website\"},\"primaryImageOfPage\":{\"@id\":\"https:\\\/\\\/lavocedelpaese.info\\\/index.php\\\/2023\\\/02\\\/01\\\/in-funzione-la-prima-tac-pnrr-in-puglia\\\/#primaryimage\"},\"image\":{\"@id\":\"https:\\\/\\\/lavocedelpaese.info\\\/index.php\\\/2023\\\/02\\\/01\\\/in-funzione-la-prima-tac-pnrr-in-puglia\\\/#primaryimage\"},\"thumbnailUrl\":\"https:\\\/\\\/lavocedelpaese.info\\\/wp-content\\\/uploads\\\/2023\\\/02\\\/TAC-128-slice-Putignano-2.jpeg\",\"datePublished\":\"2023-02-01T07:00:27+00:00\",\"dateModified\":\"2023-02-01T07:00:28+00:00\",\"breadcrumb\":{\"@id\":\"https:\\\/\\\/lavocedelpaese.info\\\/index.php\\\/2023\\\/02\\\/01\\\/in-funzione-la-prima-tac-pnrr-in-puglia\\\/#breadcrumb\"},\"inLanguage\":\"it-IT\",\"potentialAction\":[{\"@type\":\"ReadAction\",\"target\":[\"https:\\\/\\\/lavocedelpaese.info\\\/index.php\\\/2023\\\/02\\\/01\\\/in-funzione-la-prima-tac-pnrr-in-puglia\\\/\"]}]},{\"@type\":\"ImageObject\",\"inLanguage\":\"it-IT\",\"@id\":\"https:\\\/\\\/lavocedelpaese.info\\\/index.php\\\/2023\\\/02\\\/01\\\/in-funzione-la-prima-tac-pnrr-in-puglia\\\/#primaryimage\",\"url\":\"https:\\\/\\\/lavocedelpaese.info\\\/wp-content\\\/uploads\\\/2023\\\/02\\\/TAC-128-slice-Putignano-2.jpeg\",\"contentUrl\":\"https:\\\/\\\/lavocedelpaese.info\\\/wp-content\\\/uploads\\\/2023\\\/02\\\/TAC-128-slice-Putignano-2.jpeg\",\"width\":1000,\"height\":450},{\"@type\":\"BreadcrumbList\",\"@id\":\"https:\\\/\\\/lavocedelpaese.info\\\/index.php\\\/2023\\\/02\\\/01\\\/in-funzione-la-prima-tac-pnrr-in-puglia\\\/#breadcrumb\",\"itemListElement\":[{\"@type\":\"ListItem\",\"position\":1,\"name\":\"Home\",\"item\":\"https:\\\/\\\/lavocedelpaese.info\\\/\"},{\"@type\":\"ListItem\",\"position\":2,\"name\":\"In funzione la prima Tac PNRR in Puglia\"}]},{\"@type\":\"WebSite\",\"@id\":\"https:\\\/\\\/lavocedelpaese.info\\\/#website\",\"url\":\"https:\\\/\\\/lavocedelpaese.info\\\/\",\"name\":\"La Voce del Paese\",\"description\":\"Un network di idee\",\"publisher\":{\"@id\":\"https:\\\/\\\/lavocedelpaese.info\\\/#organization\"},\"potentialAction\":[{\"@type\":\"SearchAction\",\"target\":{\"@type\":\"EntryPoint\",\"urlTemplate\":\"https:\\\/\\\/lavocedelpaese.info\\\/?s={search_term_string}\"},\"query-input\":{\"@type\":\"PropertyValueSpecification\",\"valueRequired\":true,\"valueName\":\"search_term_string\"}}],\"inLanguage\":\"it-IT\"},{\"@type\":\"Organization\",\"@id\":\"https:\\\/\\\/lavocedelpaese.info\\\/#organization\",\"name\":\"La Voce del Paese\",\"url\":\"https:\\\/\\\/lavocedelpaese.info\\\/\",\"logo\":{\"@type\":\"ImageObject\",\"inLanguage\":\"it-IT\",\"@id\":\"https:\\\/\\\/lavocedelpaese.info\\\/#\\\/schema\\\/logo\\\/image\\\/\",\"url\":\"https:\\\/\\\/lavocedelpaese.info\\\/wp-content\\\/uploads\\\/2023\\\/01\\\/cropped-logo-150-127.png\",\"contentUrl\":\"https:\\\/\\\/lavocedelpaese.info\\\/wp-content\\\/uploads\\\/2023\\\/01\\\/cropped-logo-150-127.png\",\"width\":137,\"height\":119,\"caption\":\"La Voce del Paese\"},\"image\":{\"@id\":\"https:\\\/\\\/lavocedelpaese.info\\\/#\\\/schema\\\/logo\\\/image\\\/\"},\"sameAs\":[\"https:\\\/\\\/www.facebook.com\\\/lavocedelpaese.info\"]},{\"@type\":\"Person\",\"@id\":\"https:\\\/\\\/lavocedelpaese.info\\\/#\\\/schema\\\/person\\\/ab94aca56f9d1bb6fc898990a7998bda\",\"name\":\"admin_voce\",\"image\":{\"@type\":\"ImageObject\",\"inLanguage\":\"it-IT\",\"@id\":\"https:\\\/\\\/secure.gravatar.com\\\/avatar\\\/0389d2e4ee5fe5beea65785e1b739e8791eb8fb05bff0baad8409158664db351?s=96&d=mm&r=g\",\"url\":\"https:\\\/\\\/secure.gravatar.com\\\/avatar\\\/0389d2e4ee5fe5beea65785e1b739e8791eb8fb05bff0baad8409158664db351?s=96&d=mm&r=g\",\"contentUrl\":\"https:\\\/\\\/secure.gravatar.com\\\/avatar\\\/0389d2e4ee5fe5beea65785e1b739e8791eb8fb05bff0baad8409158664db351?s=96&d=mm&r=g\",\"caption\":\"admin_voce\"},\"url\":\"https:\\\/\\\/lavocedelpaese.info\\\/index.php\\\/author\\\/admin_voce\\\/\"}]}<\/script>\n<!-- \/ Yoast SEO plugin. -->","yoast_head_json":{"title":"In funzione la prima Tac PNRR in Puglia - La Voce del Paese","robots":{"index":"index","follow":"follow","max-snippet":"max-snippet:-1","max-image-preview":"max-image-preview:large","max-video-preview":"max-video-preview:-1"},"canonical":"https:\/\/lavocedelpaese.info\/index.php\/2023\/02\/01\/in-funzione-la-prima-tac-pnrr-in-puglia\/","og_locale":"it_IT","og_type":"article","og_title":"In funzione la prima Tac PNRR in Puglia - La Voce del Paese","og_description":"La prima TAC acquistata con fondi PNRR in Puglia \u00e8 entrata in funzione stamattina, a tempo di record, nell\u2019Ospedale di","og_url":"https:\/\/lavocedelpaese.info\/index.php\/2023\/02\/01\/in-funzione-la-prima-tac-pnrr-in-puglia\/","og_site_name":"La Voce del Paese","article_publisher":"https:\/\/www.facebook.com\/lavocedelpaese.info","article_published_time":"2023-02-01T07:00:27+00:00","article_modified_time":"2023-02-01T07:00:28+00:00","og_image":[{"width":1000,"height":450,"url":"https:\/\/lavocedelpaese.info\/wp-content\/uploads\/2023\/02\/TAC-128-slice-Putignano-2.jpeg","type":"image\/jpeg"}],"author":"admin_voce","twitter_card":"summary_large_image","twitter_misc":{"Scritto da":"admin_voce","Tempo di lettura stimato":"4 minuti"},"schema":{"@context":"https:\/\/schema.org","@graph":[{"@type":"Article","@id":"https:\/\/lavocedelpaese.info\/index.php\/2023\/02\/01\/in-funzione-la-prima-tac-pnrr-in-puglia\/#article","isPartOf":{"@id":"https:\/\/lavocedelpaese.info\/index.php\/2023\/02\/01\/in-funzione-la-prima-tac-pnrr-in-puglia\/"},"author":{"name":"admin_voce","@id":"https:\/\/lavocedelpaese.info\/#\/schema\/person\/ab94aca56f9d1bb6fc898990a7998bda"},"headline":"In funzione la prima Tac PNRR in Puglia","datePublished":"2023-02-01T07:00:27+00:00","dateModified":"2023-02-01T07:00:28+00:00","mainEntityOfPage":{"@id":"https:\/\/lavocedelpaese.info\/index.php\/2023\/02\/01\/in-funzione-la-prima-tac-pnrr-in-puglia\/"},"wordCount":740,"commentCount":0,"publisher":{"@id":"https:\/\/lavocedelpaese.info\/#organization"},"image":{"@id":"https:\/\/lavocedelpaese.info\/index.php\/2023\/02\/01\/in-funzione-la-prima-tac-pnrr-in-puglia\/#primaryimage"},"thumbnailUrl":"https:\/\/lavocedelpaese.info\/wp-content\/uploads\/2023\/02\/TAC-128-slice-Putignano-2.jpeg","articleSection":["Attualit\u00e0","Primo Piano"],"inLanguage":"it-IT","potentialAction":[{"@type":"CommentAction","name":"Comment","target":["https:\/\/lavocedelpaese.info\/index.php\/2023\/02\/01\/in-funzione-la-prima-tac-pnrr-in-puglia\/#respond"]}]},{"@type":"WebPage","@id":"https:\/\/lavocedelpaese.info\/index.php\/2023\/02\/01\/in-funzione-la-prima-tac-pnrr-in-puglia\/","url":"https:\/\/lavocedelpaese.info\/index.php\/2023\/02\/01\/in-funzione-la-prima-tac-pnrr-in-puglia\/","name":"In funzione la prima Tac PNRR in Puglia - La Voce del Paese","isPartOf":{"@id":"https:\/\/lavocedelpaese.info\/#website"},"primaryImageOfPage":{"@id":"https:\/\/lavocedelpaese.info\/index.php\/2023\/02\/01\/in-funzione-la-prima-tac-pnrr-in-puglia\/#primaryimage"},"image":{"@id":"https:\/\/lavocedelpaese.info\/index.php\/2023\/02\/01\/in-funzione-la-prima-tac-pnrr-in-puglia\/#primaryimage"},"thumbnailUrl":"https:\/\/lavocedelpaese.info\/wp-content\/uploads\/2023\/02\/TAC-128-slice-Putignano-2.jpeg","datePublished":"2023-02-01T07:00:27+00:00","dateModified":"2023-02-01T07:00:28+00:00","breadcrumb":{"@id":"https:\/\/lavocedelpaese.info\/index.php\/2023\/02\/01\/in-funzione-la-prima-tac-pnrr-in-puglia\/#breadcrumb"},"inLanguage":"it-IT","potentialAction":[{"@type":"ReadAction","target":["https:\/\/lavocedelpaese.info\/index.php\/2023\/02\/01\/in-funzione-la-prima-tac-pnrr-in-puglia\/"]}]},{"@type":"ImageObject","inLanguage":"it-IT","@id":"https:\/\/lavocedelpaese.info\/index.php\/2023\/02\/01\/in-funzione-la-prima-tac-pnrr-in-puglia\/#primaryimage","url":"https:\/\/lavocedelpaese.info\/wp-content\/uploads\/2023\/02\/TAC-128-slice-Putignano-2.jpeg","contentUrl":"https:\/\/lavocedelpaese.info\/wp-content\/uploads\/2023\/02\/TAC-128-slice-Putignano-2.jpeg","width":1000,"height":450},{"@type":"BreadcrumbList","@id":"https:\/\/lavocedelpaese.info\/index.php\/2023\/02\/01\/in-funzione-la-prima-tac-pnrr-in-puglia\/#breadcrumb","itemListElement":[{"@type":"ListItem","position":1,"name":"Home","item":"https:\/\/lavocedelpaese.info\/"},{"@type":"ListItem","position":2,"name":"In funzione la prima Tac PNRR in Puglia"}]},{"@type":"WebSite","@id":"https:\/\/lavocedelpaese.info\/#website","url":"https:\/\/lavocedelpaese.info\/","name":"La Voce del Paese","description":"Un network di idee","publisher":{"@id":"https:\/\/lavocedelpaese.info\/#organization"},"potentialAction":[{"@type":"SearchAction","target":{"@type":"EntryPoint","urlTemplate":"https:\/\/lavocedelpaese.info\/?s={search_term_string}"},"query-input":{"@type":"PropertyValueSpecification","valueRequired":true,"valueName":"search_term_string"}}],"inLanguage":"it-IT"},{"@type":"Organization","@id":"https:\/\/lavocedelpaese.info\/#organization","name":"La Voce del Paese","url":"https:\/\/lavocedelpaese.info\/","logo":{"@type":"ImageObject","inLanguage":"it-IT","@id":"https:\/\/lavocedelpaese.info\/#\/schema\/logo\/image\/","url":"https:\/\/lavocedelpaese.info\/wp-content\/uploads\/2023\/01\/cropped-logo-150-127.png","contentUrl":"https:\/\/lavocedelpaese.info\/wp-content\/uploads\/2023\/01\/cropped-logo-150-127.png","width":137,"height":119,"caption":"La Voce del Paese"},"image":{"@id":"https:\/\/lavocedelpaese.info\/#\/schema\/logo\/image\/"},"sameAs":["https:\/\/www.facebook.com\/lavocedelpaese.info"]},{"@type":"Person","@id":"https:\/\/lavocedelpaese.info\/#\/schema\/person\/ab94aca56f9d1bb6fc898990a7998bda","name":"admin_voce","image":{"@type":"ImageObject","inLanguage":"it-IT","@id":"https:\/\/secure.gravatar.com\/avatar\/0389d2e4ee5fe5beea65785e1b739e8791eb8fb05bff0baad8409158664db351?s=96&d=mm&r=g","url":"https:\/\/secure.gravatar.com\/avatar\/0389d2e4ee5fe5beea65785e1b739e8791eb8fb05bff0baad8409158664db351?s=96&d=mm&r=g","contentUrl":"https:\/\/secure.gravatar.com\/avatar\/0389d2e4ee5fe5beea65785e1b739e8791eb8fb05bff0baad8409158664db351?s=96&d=mm&r=g","caption":"admin_voce"},"url":"https:\/\/lavocedelpaese.info\/index.php\/author\/admin_voce\/"}]}},"_links":{"self":[{"href":"https:\/\/lavocedelpaese.info\/index.php\/wp-json\/wp\/v2\/posts\/877","targetHints":{"allow":["GET"]}}],"collection":[{"href":"https:\/\/lavocedelpaese.info\/index.php\/wp-json\/wp\/v2\/posts"}],"about":[{"href":"https:\/\/lavocedelpaese.info\/index.php\/wp-json\/wp\/v2\/types\/post"}],"author":[{"embeddable":true,"href":"https:\/\/lavocedelpaese.info\/index.php\/wp-json\/wp\/v2\/users\/4"}],"replies":[{"embeddable":true,"href":"https:\/\/lavocedelpaese.info\/index.php\/wp-json\/wp\/v2\/comments?post=877"}],"version-history":[{"count":1,"href":"https:\/\/lavocedelpaese.info\/index.php\/wp-json\/wp\/v2\/posts\/877\/revisions"}],"predecessor-version":[{"id":879,"href":"https:\/\/lavocedelpaese.info\/index.php\/wp-json\/wp\/v2\/posts\/877\/revisions\/879"}],"wp:featuredmedia":[{"embeddable":true,"href":"https:\/\/lavocedelpaese.info\/index.php\/wp-json\/wp\/v2\/media\/878"}],"wp:attachment":[{"href":"https:\/\/lavocedelpaese.info\/index.php\/wp-json\/wp\/v2\/media?parent=877"}],"wp:term":[{"taxonomy":"category","embeddable":true,"href":"https:\/\/lavocedelpaese.info\/index.php\/wp-json\/wp\/v2\/categories?post=877"},{"taxonomy":"post_tag","embeddable":true,"href":"https:\/\/lavocedelpaese.info\/index.php\/wp-json\/wp\/v2\/tags?post=877"}],"curies":[{"name":"wp","href":"https:\/\/api.w.org\/{rel}","templated":true}]}}