{"id":8758,"date":"2025-01-26T08:14:30","date_gmt":"2025-01-26T08:14:30","guid":{"rendered":"https:\/\/lavocedelpaese.info\/index.php\/2025\/01\/26\/giornata-della-memoria-il-pd-cassanese-ricorda-giuseppe-mallardi\/"},"modified":"2025-01-26T08:14:30","modified_gmt":"2025-01-26T08:14:30","slug":"giornata-della-memoria-il-pd-cassanese-ricorda-giuseppe-mallardi","status":"publish","type":"post","link":"https:\/\/lavocedelpaese.info\/index.php\/2025\/01\/26\/giornata-della-memoria-il-pd-cassanese-ricorda-giuseppe-mallardi\/","title":{"rendered":"Giornata della Memoria: il Pd cassanese ricorda Giuseppe Mallardi\u00a0\u200b"},"content":{"rendered":"<p>\u00a0<\/p>\n<p>\u200b\u00a0<\/p>\n<p>\u200b\u00a0<\/p>\n<p>In occasione della Giornata della Memoria, il circolo locale del Partito Democratico di Cassano delle Murge rinnova il suo impegno nel preservare e tramandare la memoria storica, ricordando i cassanesi che hanno subito l\u2019odio e le terribili violenze del nazifascismo. Quest\u2019anno, in particolare, verr\u00e0<br \/>apposta una targa commemorativa in piazza Garibaldi 49 in onore di Giuseppe Mallardi.<br \/>Giuseppe Mallardi, nato il 4 novembre 1923 ad Acquaviva delle Fonti, figlio di Vincenzo Mallardi e Maria Martellotta, fu un giovane soldato italiano catturato dai tedeschi l\u20198 settembre 1943. Deportato nei campi di concentramento tedeschi, come oltre 600 mila Internati Militari Italiani, sub\u00ec condizioni di prigionia disumane, trovando la forza di resistere e rifiutare l\u2019adesione alla Repubblica Sociale Italiana. Rientrato in patria solo il 3 settembre 1945, Mallardi rappresenta oggi un simbolo di resilienza e coraggio.<br \/>\u201cCon questa targa, posta nell\u2019abitazione in cui visse fino alla sua morte, avvenuta il 29 gennaio 1998 \u2013 si legge in una nota del Pd cassanese \u2013 intendiamo rendere omaggio non solo alla sua memoria, ma anche a quella di tutte le vittime e i protagonisti di quella tragica pagina della nostra storia.<br \/>Gli Internati Militari Italiani rappresentano una delle vicende pi\u00f9 drammatiche e meno conosciute della Resistenza italiana. Migliaia di uomini scelsero di non piegarsi alle lusinghe e alle minacce del<br \/>nazifascismo, pagando con anni di prigionia, sofferenze e, in molti casi, la vita stessa. Le loro storie ci ricordano quanto sia importante preservare i valori di libert\u00e0, giustizia e democrazia.<br \/>La Memoria come argine contro i rigurgiti nazifascisti.<\/p>\n<p>Nel contesto odierno, dove rigurgiti di odio, intolleranza e nostalgie autoritarie si affacciano sempre pi\u00f9 frequentemente nella nostra vita politica e sociale, celebrare la Giornata della Memoria assume<br \/>un significato ancora pi\u00f9 profondo.<br \/>Ricordare gli orrori del passato non \u00e8 solo un atto di giustizia verso le vittime, ma un monito per il presente e il futuro. La lotta contro ogni forma di fascismo e discriminazione non \u00e8 mai terminata: \u00e8 un impegno quotidiano che ci chiama tutti in causa, come cittadini e come comunit\u00e0.<br \/><strong>Invitiamo tutta la cittadinanza a partecipare alla cerimonia di commemorazione, che si terr\u00e0 il 27 gennaio 2025 in piazza Garibaldi 49 alle ore 17.30,<\/strong> unendosi a noi nel rinnovare il nostro impegno per una societ\u00e0 fondata sui valori della libert\u00e0, dell\u2019uguaglianza e della democrazia.<\/p>\n<p><a class=\"a2a_button_facebook\" href=\"https:\/\/www.addtoany.com\/add_to\/facebook?linkurl=https%3A%2F%2Fcassano.lavocedelpaese.info%2Fgiornata-della-memoria-il-pd-cassanese-ricorda-giuseppe-mallardi%2F&amp;linkname=Giornata%20della%20Memoria%3A%20il%20Pd%20cassanese%20ricorda%20Giuseppe%20Mallardi\" title=\"Facebook\" rel=\"nofollow noopener\" target=\"_blank\"><\/a><a class=\"a2a_button_twitter\" href=\"https:\/\/www.addtoany.com\/add_to\/twitter?linkurl=https%3A%2F%2Fcassano.lavocedelpaese.info%2Fgiornata-della-memoria-il-pd-cassanese-ricorda-giuseppe-mallardi%2F&amp;linkname=Giornata%20della%20Memoria%3A%20il%20Pd%20cassanese%20ricorda%20Giuseppe%20Mallardi\" title=\"Twitter\" rel=\"nofollow noopener\" target=\"_blank\"><\/a><a class=\"a2a_button_whatsapp\" href=\"https:\/\/www.addtoany.com\/add_to\/whatsapp?linkurl=https%3A%2F%2Fcassano.lavocedelpaese.info%2Fgiornata-della-memoria-il-pd-cassanese-ricorda-giuseppe-mallardi%2F&amp;linkname=Giornata%20della%20Memoria%3A%20il%20Pd%20cassanese%20ricorda%20Giuseppe%20Mallardi\" title=\"WhatsApp\" rel=\"nofollow noopener\" target=\"_blank\"><\/a><a class=\"a2a_button_telegram\" href=\"https:\/\/www.addtoany.com\/add_to\/telegram?linkurl=https%3A%2F%2Fcassano.lavocedelpaese.info%2Fgiornata-della-memoria-il-pd-cassanese-ricorda-giuseppe-mallardi%2F&amp;linkname=Giornata%20della%20Memoria%3A%20il%20Pd%20cassanese%20ricorda%20Giuseppe%20Mallardi\" title=\"Telegram\" rel=\"nofollow noopener\" target=\"_blank\"><\/a><a class=\"a2a_button_email\" href=\"https:\/\/www.addtoany.com\/add_to\/email?linkurl=https%3A%2F%2Fcassano.lavocedelpaese.info%2Fgiornata-della-memoria-il-pd-cassanese-ricorda-giuseppe-mallardi%2F&amp;linkname=Giornata%20della%20Memoria%3A%20il%20Pd%20cassanese%20ricorda%20Giuseppe%20Mallardi\" title=\"Email\" rel=\"nofollow noopener\" target=\"_blank\"><\/a><\/p>\n<p>\u00a0<\/p>\n<p>\u00a0<\/p>\n<p>\u200b\u00a0\u00a0\u00a0<\/p>","protected":false},"excerpt":{"rendered":"<p>\u00a0 \u200b\u00a0 \u200b\u00a0 In occasione della Giornata della Memoria, il circolo locale del Partito Democratico di Cassano delle Murge rinnova<\/p>\n","protected":false},"author":6,"featured_media":730,"comment_status":"open","ping_status":"closed","sticky":false,"template":"","format":"standard","meta":{"colormag_page_container_layout":"default_layout","colormag_page_sidebar_layout":"default_layout","footnotes":""},"categories":[33],"tags":[],"class_list":["post-8758","post","type-post","status-publish","format-standard","has-post-thumbnail","hentry","category-network"],"yoast_head":"<!-- This site is optimized with the Yoast SEO plugin v27.5 - https:\/\/yoast.com\/product\/yoast-seo-wordpress\/ -->\n<title>Giornata della Memoria: il Pd cassanese ricorda Giuseppe Mallardi\u00a0\u200b - La Voce del Paese<\/title>\n<meta name=\"robots\" content=\"index, follow, max-snippet:-1, max-image-preview:large, max-video-preview:-1\" \/>\n<link rel=\"canonical\" href=\"https:\/\/lavocedelpaese.info\/index.php\/2025\/01\/26\/giornata-della-memoria-il-pd-cassanese-ricorda-giuseppe-mallardi\/\" \/>\n<meta property=\"og:locale\" content=\"it_IT\" \/>\n<meta property=\"og:type\" content=\"article\" \/>\n<meta property=\"og:title\" content=\"Giornata della Memoria: il Pd cassanese ricorda Giuseppe Mallardi\u00a0\u200b - La Voce del Paese\" \/>\n<meta property=\"og:description\" content=\"\u00a0 \u200b\u00a0 \u200b\u00a0 In occasione della Giornata della Memoria, il circolo locale del Partito Democratico di Cassano delle Murge rinnova\" \/>\n<meta property=\"og:url\" content=\"https:\/\/lavocedelpaese.info\/index.php\/2025\/01\/26\/giornata-della-memoria-il-pd-cassanese-ricorda-giuseppe-mallardi\/\" \/>\n<meta property=\"og:site_name\" content=\"La Voce del Paese\" \/>\n<meta property=\"article:publisher\" content=\"https:\/\/www.facebook.com\/lavocedelpaese.info\" \/>\n<meta property=\"article:published_time\" content=\"2025-01-26T08:14:30+00:00\" \/>\n<meta name=\"author\" content=\"admin\" \/>\n<meta name=\"twitter:card\" content=\"summary_large_image\" \/>\n<meta name=\"twitter:label1\" content=\"Scritto da\" \/>\n\t<meta name=\"twitter:data1\" content=\"admin\" \/>\n\t<meta name=\"twitter:label2\" content=\"Tempo di lettura stimato\" \/>\n\t<meta name=\"twitter:data2\" content=\"2 minuti\" \/>\n<script type=\"application\/ld+json\" class=\"yoast-schema-graph\">{\"@context\":\"https:\\\/\\\/schema.org\",\"@graph\":[{\"@type\":\"Article\",\"@id\":\"https:\\\/\\\/lavocedelpaese.info\\\/index.php\\\/2025\\\/01\\\/26\\\/giornata-della-memoria-il-pd-cassanese-ricorda-giuseppe-mallardi\\\/#article\",\"isPartOf\":{\"@id\":\"https:\\\/\\\/lavocedelpaese.info\\\/index.php\\\/2025\\\/01\\\/26\\\/giornata-della-memoria-il-pd-cassanese-ricorda-giuseppe-mallardi\\\/\"},\"author\":{\"name\":\"admin\",\"@id\":\"https:\\\/\\\/lavocedelpaese.info\\\/#\\\/schema\\\/person\\\/ec151d321306bd7591f7a061abf72d88\"},\"headline\":\"Giornata della Memoria: il Pd cassanese ricorda Giuseppe Mallardi\u00a0\u200b\",\"datePublished\":\"2025-01-26T08:14:30+00:00\",\"mainEntityOfPage\":{\"@id\":\"https:\\\/\\\/lavocedelpaese.info\\\/index.php\\\/2025\\\/01\\\/26\\\/giornata-della-memoria-il-pd-cassanese-ricorda-giuseppe-mallardi\\\/\"},\"wordCount\":376,\"commentCount\":0,\"publisher\":{\"@id\":\"https:\\\/\\\/lavocedelpaese.info\\\/#organization\"},\"image\":{\"@id\":\"https:\\\/\\\/lavocedelpaese.info\\\/index.php\\\/2025\\\/01\\\/26\\\/giornata-della-memoria-il-pd-cassanese-ricorda-giuseppe-mallardi\\\/#primaryimage\"},\"thumbnailUrl\":\"https:\\\/\\\/lavocedelpaese.info\\\/wp-content\\\/uploads\\\/2023\\\/01\\\/logo-150-127.png\",\"articleSection\":[\"network\"],\"inLanguage\":\"it-IT\",\"potentialAction\":[{\"@type\":\"CommentAction\",\"name\":\"Comment\",\"target\":[\"https:\\\/\\\/lavocedelpaese.info\\\/index.php\\\/2025\\\/01\\\/26\\\/giornata-della-memoria-il-pd-cassanese-ricorda-giuseppe-mallardi\\\/#respond\"]}]},{\"@type\":\"WebPage\",\"@id\":\"https:\\\/\\\/lavocedelpaese.info\\\/index.php\\\/2025\\\/01\\\/26\\\/giornata-della-memoria-il-pd-cassanese-ricorda-giuseppe-mallardi\\\/\",\"url\":\"https:\\\/\\\/lavocedelpaese.info\\\/index.php\\\/2025\\\/01\\\/26\\\/giornata-della-memoria-il-pd-cassanese-ricorda-giuseppe-mallardi\\\/\",\"name\":\"Giornata della Memoria: il Pd cassanese ricorda Giuseppe Mallardi\u00a0\u200b - La Voce del Paese\",\"isPartOf\":{\"@id\":\"https:\\\/\\\/lavocedelpaese.info\\\/#website\"},\"primaryImageOfPage\":{\"@id\":\"https:\\\/\\\/lavocedelpaese.info\\\/index.php\\\/2025\\\/01\\\/26\\\/giornata-della-memoria-il-pd-cassanese-ricorda-giuseppe-mallardi\\\/#primaryimage\"},\"image\":{\"@id\":\"https:\\\/\\\/lavocedelpaese.info\\\/index.php\\\/2025\\\/01\\\/26\\\/giornata-della-memoria-il-pd-cassanese-ricorda-giuseppe-mallardi\\\/#primaryimage\"},\"thumbnailUrl\":\"https:\\\/\\\/lavocedelpaese.info\\\/wp-content\\\/uploads\\\/2023\\\/01\\\/logo-150-127.png\",\"datePublished\":\"2025-01-26T08:14:30+00:00\",\"breadcrumb\":{\"@id\":\"https:\\\/\\\/lavocedelpaese.info\\\/index.php\\\/2025\\\/01\\\/26\\\/giornata-della-memoria-il-pd-cassanese-ricorda-giuseppe-mallardi\\\/#breadcrumb\"},\"inLanguage\":\"it-IT\",\"potentialAction\":[{\"@type\":\"ReadAction\",\"target\":[\"https:\\\/\\\/lavocedelpaese.info\\\/index.php\\\/2025\\\/01\\\/26\\\/giornata-della-memoria-il-pd-cassanese-ricorda-giuseppe-mallardi\\\/\"]}]},{\"@type\":\"ImageObject\",\"inLanguage\":\"it-IT\",\"@id\":\"https:\\\/\\\/lavocedelpaese.info\\\/index.php\\\/2025\\\/01\\\/26\\\/giornata-della-memoria-il-pd-cassanese-ricorda-giuseppe-mallardi\\\/#primaryimage\",\"url\":\"https:\\\/\\\/lavocedelpaese.info\\\/wp-content\\\/uploads\\\/2023\\\/01\\\/logo-150-127.png\",\"contentUrl\":\"https:\\\/\\\/lavocedelpaese.info\\\/wp-content\\\/uploads\\\/2023\\\/01\\\/logo-150-127.png\",\"width\":150,\"height\":127},{\"@type\":\"BreadcrumbList\",\"@id\":\"https:\\\/\\\/lavocedelpaese.info\\\/index.php\\\/2025\\\/01\\\/26\\\/giornata-della-memoria-il-pd-cassanese-ricorda-giuseppe-mallardi\\\/#breadcrumb\",\"itemListElement\":[{\"@type\":\"ListItem\",\"position\":1,\"name\":\"Home\",\"item\":\"https:\\\/\\\/lavocedelpaese.info\\\/\"},{\"@type\":\"ListItem\",\"position\":2,\"name\":\"Giornata della Memoria: il Pd cassanese ricorda Giuseppe Mallardi\u00a0\u200b\"}]},{\"@type\":\"WebSite\",\"@id\":\"https:\\\/\\\/lavocedelpaese.info\\\/#website\",\"url\":\"https:\\\/\\\/lavocedelpaese.info\\\/\",\"name\":\"La Voce del Paese\",\"description\":\"Un network di idee\",\"publisher\":{\"@id\":\"https:\\\/\\\/lavocedelpaese.info\\\/#organization\"},\"potentialAction\":[{\"@type\":\"SearchAction\",\"target\":{\"@type\":\"EntryPoint\",\"urlTemplate\":\"https:\\\/\\\/lavocedelpaese.info\\\/?s={search_term_string}\"},\"query-input\":{\"@type\":\"PropertyValueSpecification\",\"valueRequired\":true,\"valueName\":\"search_term_string\"}}],\"inLanguage\":\"it-IT\"},{\"@type\":\"Organization\",\"@id\":\"https:\\\/\\\/lavocedelpaese.info\\\/#organization\",\"name\":\"La Voce del Paese\",\"url\":\"https:\\\/\\\/lavocedelpaese.info\\\/\",\"logo\":{\"@type\":\"ImageObject\",\"inLanguage\":\"it-IT\",\"@id\":\"https:\\\/\\\/lavocedelpaese.info\\\/#\\\/schema\\\/logo\\\/image\\\/\",\"url\":\"https:\\\/\\\/lavocedelpaese.info\\\/wp-content\\\/uploads\\\/2023\\\/01\\\/cropped-logo-150-127.png\",\"contentUrl\":\"https:\\\/\\\/lavocedelpaese.info\\\/wp-content\\\/uploads\\\/2023\\\/01\\\/cropped-logo-150-127.png\",\"width\":137,\"height\":119,\"caption\":\"La Voce del Paese\"},\"image\":{\"@id\":\"https:\\\/\\\/lavocedelpaese.info\\\/#\\\/schema\\\/logo\\\/image\\\/\"},\"sameAs\":[\"https:\\\/\\\/www.facebook.com\\\/lavocedelpaese.info\"]},{\"@type\":\"Person\",\"@id\":\"https:\\\/\\\/lavocedelpaese.info\\\/#\\\/schema\\\/person\\\/ec151d321306bd7591f7a061abf72d88\",\"name\":\"admin\",\"image\":{\"@type\":\"ImageObject\",\"inLanguage\":\"it-IT\",\"@id\":\"https:\\\/\\\/secure.gravatar.com\\\/avatar\\\/af8f2caf0663124588de48a9380e07cbc95a74ef15b8062d0d39106c32fe3023?s=96&d=mm&r=g\",\"url\":\"https:\\\/\\\/secure.gravatar.com\\\/avatar\\\/af8f2caf0663124588de48a9380e07cbc95a74ef15b8062d0d39106c32fe3023?s=96&d=mm&r=g\",\"contentUrl\":\"https:\\\/\\\/secure.gravatar.com\\\/avatar\\\/af8f2caf0663124588de48a9380e07cbc95a74ef15b8062d0d39106c32fe3023?s=96&d=mm&r=g\",\"caption\":\"admin\"},\"sameAs\":[\"https:\\\/\\\/lavocedelpaese.info\"],\"url\":\"https:\\\/\\\/lavocedelpaese.info\\\/index.php\\\/author\\\/admin\\\/\"}]}<\/script>\n<!-- \/ Yoast SEO plugin. -->","yoast_head_json":{"title":"Giornata della Memoria: il Pd cassanese ricorda Giuseppe Mallardi\u00a0\u200b - La Voce del Paese","robots":{"index":"index","follow":"follow","max-snippet":"max-snippet:-1","max-image-preview":"max-image-preview:large","max-video-preview":"max-video-preview:-1"},"canonical":"https:\/\/lavocedelpaese.info\/index.php\/2025\/01\/26\/giornata-della-memoria-il-pd-cassanese-ricorda-giuseppe-mallardi\/","og_locale":"it_IT","og_type":"article","og_title":"Giornata della Memoria: il Pd cassanese ricorda Giuseppe Mallardi\u00a0\u200b - La Voce del Paese","og_description":"\u00a0 \u200b\u00a0 \u200b\u00a0 In occasione della Giornata della Memoria, il circolo locale del Partito Democratico di Cassano delle Murge rinnova","og_url":"https:\/\/lavocedelpaese.info\/index.php\/2025\/01\/26\/giornata-della-memoria-il-pd-cassanese-ricorda-giuseppe-mallardi\/","og_site_name":"La Voce del Paese","article_publisher":"https:\/\/www.facebook.com\/lavocedelpaese.info","article_published_time":"2025-01-26T08:14:30+00:00","author":"admin","twitter_card":"summary_large_image","twitter_misc":{"Scritto da":"admin","Tempo di lettura stimato":"2 minuti"},"schema":{"@context":"https:\/\/schema.org","@graph":[{"@type":"Article","@id":"https:\/\/lavocedelpaese.info\/index.php\/2025\/01\/26\/giornata-della-memoria-il-pd-cassanese-ricorda-giuseppe-mallardi\/#article","isPartOf":{"@id":"https:\/\/lavocedelpaese.info\/index.php\/2025\/01\/26\/giornata-della-memoria-il-pd-cassanese-ricorda-giuseppe-mallardi\/"},"author":{"name":"admin","@id":"https:\/\/lavocedelpaese.info\/#\/schema\/person\/ec151d321306bd7591f7a061abf72d88"},"headline":"Giornata della Memoria: il Pd cassanese ricorda Giuseppe Mallardi\u00a0\u200b","datePublished":"2025-01-26T08:14:30+00:00","mainEntityOfPage":{"@id":"https:\/\/lavocedelpaese.info\/index.php\/2025\/01\/26\/giornata-della-memoria-il-pd-cassanese-ricorda-giuseppe-mallardi\/"},"wordCount":376,"commentCount":0,"publisher":{"@id":"https:\/\/lavocedelpaese.info\/#organization"},"image":{"@id":"https:\/\/lavocedelpaese.info\/index.php\/2025\/01\/26\/giornata-della-memoria-il-pd-cassanese-ricorda-giuseppe-mallardi\/#primaryimage"},"thumbnailUrl":"https:\/\/lavocedelpaese.info\/wp-content\/uploads\/2023\/01\/logo-150-127.png","articleSection":["network"],"inLanguage":"it-IT","potentialAction":[{"@type":"CommentAction","name":"Comment","target":["https:\/\/lavocedelpaese.info\/index.php\/2025\/01\/26\/giornata-della-memoria-il-pd-cassanese-ricorda-giuseppe-mallardi\/#respond"]}]},{"@type":"WebPage","@id":"https:\/\/lavocedelpaese.info\/index.php\/2025\/01\/26\/giornata-della-memoria-il-pd-cassanese-ricorda-giuseppe-mallardi\/","url":"https:\/\/lavocedelpaese.info\/index.php\/2025\/01\/26\/giornata-della-memoria-il-pd-cassanese-ricorda-giuseppe-mallardi\/","name":"Giornata della Memoria: il Pd cassanese ricorda Giuseppe Mallardi\u00a0\u200b - La Voce del Paese","isPartOf":{"@id":"https:\/\/lavocedelpaese.info\/#website"},"primaryImageOfPage":{"@id":"https:\/\/lavocedelpaese.info\/index.php\/2025\/01\/26\/giornata-della-memoria-il-pd-cassanese-ricorda-giuseppe-mallardi\/#primaryimage"},"image":{"@id":"https:\/\/lavocedelpaese.info\/index.php\/2025\/01\/26\/giornata-della-memoria-il-pd-cassanese-ricorda-giuseppe-mallardi\/#primaryimage"},"thumbnailUrl":"https:\/\/lavocedelpaese.info\/wp-content\/uploads\/2023\/01\/logo-150-127.png","datePublished":"2025-01-26T08:14:30+00:00","breadcrumb":{"@id":"https:\/\/lavocedelpaese.info\/index.php\/2025\/01\/26\/giornata-della-memoria-il-pd-cassanese-ricorda-giuseppe-mallardi\/#breadcrumb"},"inLanguage":"it-IT","potentialAction":[{"@type":"ReadAction","target":["https:\/\/lavocedelpaese.info\/index.php\/2025\/01\/26\/giornata-della-memoria-il-pd-cassanese-ricorda-giuseppe-mallardi\/"]}]},{"@type":"ImageObject","inLanguage":"it-IT","@id":"https:\/\/lavocedelpaese.info\/index.php\/2025\/01\/26\/giornata-della-memoria-il-pd-cassanese-ricorda-giuseppe-mallardi\/#primaryimage","url":"https:\/\/lavocedelpaese.info\/wp-content\/uploads\/2023\/01\/logo-150-127.png","contentUrl":"https:\/\/lavocedelpaese.info\/wp-content\/uploads\/2023\/01\/logo-150-127.png","width":150,"height":127},{"@type":"BreadcrumbList","@id":"https:\/\/lavocedelpaese.info\/index.php\/2025\/01\/26\/giornata-della-memoria-il-pd-cassanese-ricorda-giuseppe-mallardi\/#breadcrumb","itemListElement":[{"@type":"ListItem","position":1,"name":"Home","item":"https:\/\/lavocedelpaese.info\/"},{"@type":"ListItem","position":2,"name":"Giornata della Memoria: il Pd cassanese ricorda Giuseppe Mallardi\u00a0\u200b"}]},{"@type":"WebSite","@id":"https:\/\/lavocedelpaese.info\/#website","url":"https:\/\/lavocedelpaese.info\/","name":"La Voce del Paese","description":"Un network di idee","publisher":{"@id":"https:\/\/lavocedelpaese.info\/#organization"},"potentialAction":[{"@type":"SearchAction","target":{"@type":"EntryPoint","urlTemplate":"https:\/\/lavocedelpaese.info\/?s={search_term_string}"},"query-input":{"@type":"PropertyValueSpecification","valueRequired":true,"valueName":"search_term_string"}}],"inLanguage":"it-IT"},{"@type":"Organization","@id":"https:\/\/lavocedelpaese.info\/#organization","name":"La Voce del Paese","url":"https:\/\/lavocedelpaese.info\/","logo":{"@type":"ImageObject","inLanguage":"it-IT","@id":"https:\/\/lavocedelpaese.info\/#\/schema\/logo\/image\/","url":"https:\/\/lavocedelpaese.info\/wp-content\/uploads\/2023\/01\/cropped-logo-150-127.png","contentUrl":"https:\/\/lavocedelpaese.info\/wp-content\/uploads\/2023\/01\/cropped-logo-150-127.png","width":137,"height":119,"caption":"La Voce del Paese"},"image":{"@id":"https:\/\/lavocedelpaese.info\/#\/schema\/logo\/image\/"},"sameAs":["https:\/\/www.facebook.com\/lavocedelpaese.info"]},{"@type":"Person","@id":"https:\/\/lavocedelpaese.info\/#\/schema\/person\/ec151d321306bd7591f7a061abf72d88","name":"admin","image":{"@type":"ImageObject","inLanguage":"it-IT","@id":"https:\/\/secure.gravatar.com\/avatar\/af8f2caf0663124588de48a9380e07cbc95a74ef15b8062d0d39106c32fe3023?s=96&d=mm&r=g","url":"https:\/\/secure.gravatar.com\/avatar\/af8f2caf0663124588de48a9380e07cbc95a74ef15b8062d0d39106c32fe3023?s=96&d=mm&r=g","contentUrl":"https:\/\/secure.gravatar.com\/avatar\/af8f2caf0663124588de48a9380e07cbc95a74ef15b8062d0d39106c32fe3023?s=96&d=mm&r=g","caption":"admin"},"sameAs":["https:\/\/lavocedelpaese.info"],"url":"https:\/\/lavocedelpaese.info\/index.php\/author\/admin\/"}]}},"_links":{"self":[{"href":"https:\/\/lavocedelpaese.info\/index.php\/wp-json\/wp\/v2\/posts\/8758","targetHints":{"allow":["GET"]}}],"collection":[{"href":"https:\/\/lavocedelpaese.info\/index.php\/wp-json\/wp\/v2\/posts"}],"about":[{"href":"https:\/\/lavocedelpaese.info\/index.php\/wp-json\/wp\/v2\/types\/post"}],"author":[{"embeddable":true,"href":"https:\/\/lavocedelpaese.info\/index.php\/wp-json\/wp\/v2\/users\/6"}],"replies":[{"embeddable":true,"href":"https:\/\/lavocedelpaese.info\/index.php\/wp-json\/wp\/v2\/comments?post=8758"}],"version-history":[{"count":0,"href":"https:\/\/lavocedelpaese.info\/index.php\/wp-json\/wp\/v2\/posts\/8758\/revisions"}],"wp:featuredmedia":[{"embeddable":true,"href":"https:\/\/lavocedelpaese.info\/index.php\/wp-json\/wp\/v2\/media\/730"}],"wp:attachment":[{"href":"https:\/\/lavocedelpaese.info\/index.php\/wp-json\/wp\/v2\/media?parent=8758"}],"wp:term":[{"taxonomy":"category","embeddable":true,"href":"https:\/\/lavocedelpaese.info\/index.php\/wp-json\/wp\/v2\/categories?post=8758"},{"taxonomy":"post_tag","embeddable":true,"href":"https:\/\/lavocedelpaese.info\/index.php\/wp-json\/wp\/v2\/tags?post=8758"}],"curies":[{"name":"wp","href":"https:\/\/api.w.org\/{rel}","templated":true}]}}