{"id":8721,"date":"2025-01-18T07:18:12","date_gmt":"2025-01-18T07:18:12","guid":{"rendered":"https:\/\/lavocedelpaese.info\/index.php\/2025\/01\/18\/allerta-meteo-gialla-per-piogge-dalle-8-di-sabato-18-gennaio\/"},"modified":"2025-01-18T07:18:12","modified_gmt":"2025-01-18T07:18:12","slug":"allerta-meteo-gialla-per-piogge-dalle-8-di-sabato-18-gennaio","status":"publish","type":"post","link":"https:\/\/lavocedelpaese.info\/index.php\/2025\/01\/18\/allerta-meteo-gialla-per-piogge-dalle-8-di-sabato-18-gennaio\/","title":{"rendered":"Allerta meteo gialla per piogge dalle 8 di sabato 18 gennaio\u00a0\u200b"},"content":{"rendered":"<p>\u00a0<\/p>\n<p>\u200b\u00a0<\/p>\n<p>\u200b\u00a0<\/p>\n<p>La Sezione Protezione Civile della Regione Puglia ha diramato lo stato di\u00a0<strong>allerta meteo gialla<\/strong>\u00a0sulla Puglia\u00a0<strong>dalle 8 di sabato 18 gennaio e per le successive 16 ore<\/strong>. Sono previste\u00a0<strong>precipitazioni diffuse, anche a carattere di rovescio o temporale<\/strong>\u00a0sulla Puglia centro-meridionale, con quantitativi cumulati moderati; da isolate a sparse, localmente anche a carattere di rovescio, sui restanti settori con quantitativi cumulati deboli, fino a puntualmente moderati sulle zone interne della Puglia settentrionale.<\/p>\n<p>Si raccomanda di osservare le buone norme comportamentali indicate dalla Protezione Civile.<\/p>\n<p><strong>\u00a0I COMPORTAMENTI DA ADOTTARE IN CASO DI TEMPORALE:<\/strong><\/p>\n<p>Associati ai temporali, i fulmini rappresentano uno dei pericoli pi\u00f9 temibili. La maggior parte degli incidenti causati dai fulmini si verifica all\u2019aperto: la montagna \u00e8 il luogo pi\u00f9 a rischio, ma lo sono anche tutti i luoghi ampi ed esposti, come ad esempio un prato o un campo di calcio, soprattutto in presenza dell\u2019acqua, come il mare, le spiagge, i moli, i pontili, le piscine all\u2019esterno. In realt\u00e0, esiste un rischio residuo connesso ai fulmini anche al chiuso.<\/p>\n<p><strong>All\u2019aperto<\/strong><\/p>\n<ul class=\"wp-block-list\">\n<li>All\u2019aperto nessun luogo \u00e8 sicuro, quindi la prima cosa da fare \u00e8 raggiungere rapidamente un luogo chiuso e aspettare almeno 30 minuti dopo l\u2019ultimo tuono, prima di riprendere le attivit\u00e0 all\u2019aperto. In mancanza di un edificio, cerca riparo all\u2019interno dell\u2019automobile con portiere e finestrini chiusi e con l\u2019antenna della radio possibilmente abbassata.<\/li>\n<li>I bersagli privilegiati sono quelli alti (alberi, pali, tralicci) o comunque sporgenti rispetto a un ambiente circostante pi\u00f9 basso (anche una singola persona in un luogo ampio e piatto, come un prato o una spiaggia), e quelli di forma appuntita (ombrello, canna da pesca, ecc.).<\/li>\n<li>Se sei costretto a restare all\u2019aperto e non hai la possibilit\u00e0 di raggiungere rapidamente un riparo sicuro, allontanati dai punti che sporgono sensibilmente, come pali o alberi, e non cercarvi riparo, specie se sono isolati e pi\u00f9 elevati rispetto alla vegetazione circostante. Cerca a tua volta di non costituire la presenza pi\u00f9 alta del luogo che ti circonda.<\/li>\n<li>Il metallo non attira i fulmini, non \u00e8 quindi pericoloso indossare o tenere in mano piccoli oggetti metallici (orologio, chiavi, collane, orecchini, ecc.). Il metallo \u00e8 per\u00f2 un buon conduttore di elettricit\u00e0: \u00e8 quindi importante restare lontani da oggetti metallici particolarmente estesi (reti o recinzioni, ringhiere, gradinate o spalti, funi o scale, ecc.). Se una struttura come queste viene colpita da un fulmine, il metallo pu\u00f2 condurre la corrente alla persona che vi si trova a contatto o nelle immediate vicinanze. Per lo stesso motivo, \u00e8 opportuno stare lontani dall\u2019acqua (allontanandosi dalla riva del mare o di un lago) se nelle vicinanze si sta scatenando un temporale.<\/li>\n<\/ul>\n<p><strong>In casa<\/strong><\/p>\n<p>Il rischio fulmini \u00e8 fortemente ridotto, segui comunque alcune semplici regole durante il temporale, tenendo presente che un edificio \u00e8 un luogo sicuro, purch\u00e9 non si entri in contatto con nulla che possa condurre elettricit\u00e0:<\/p>\n<ul class=\"wp-block-list\">\n<li>evita di utilizzare le apparecchiature connesse alla rete elettrica e il telefono fisso. Se hai bisogno di comunicare, puoi usare il telefono cellulare o il cordless. Tieni spenti gli apparecchi ad alimentazione elettrica (meglio ancora staccando la spina), in particolare televisore, computer ed elettrodomestici;<\/li>\n<li>non toccare gli elementi metallici collegati all\u2019esterno, come condutture, cavi, tubature ed impianto elettrico;<\/li>\n<li>evita il contatto con l\u2019acqua (rimanda al termine del temporale operazioni come lavare i piatti o fare la doccia, nella maggior parte dei casi basta pazientare una o due ore);<\/li>\n<li>non sostare sotto tettoie, balconi, capannoni, padiglioni, gazebo e verande che non sono luoghi sicuri. Riparati invece all\u2019interno dell\u2019edificio mantenendoti a distanza da porte e finestre, assicurandoti che queste ultime siano chiuse.<\/li>\n<\/ul>\n<p><a class=\"a2a_button_facebook\" href=\"https:\/\/www.addtoany.com\/add_to\/facebook?linkurl=https%3A%2F%2Fcassano.lavocedelpaese.info%2Fallerta-meteo-gialla-per-piogge-dalle-8-di-sabato-18-gennaio%2F&amp;linkname=Allerta%20meteo%20gialla%20per%20piogge%20dalle%208%20di%20sabato%2018%20gennaio\" title=\"Facebook\" rel=\"nofollow noopener\" target=\"_blank\"><\/a><a class=\"a2a_button_twitter\" href=\"https:\/\/www.addtoany.com\/add_to\/twitter?linkurl=https%3A%2F%2Fcassano.lavocedelpaese.info%2Fallerta-meteo-gialla-per-piogge-dalle-8-di-sabato-18-gennaio%2F&amp;linkname=Allerta%20meteo%20gialla%20per%20piogge%20dalle%208%20di%20sabato%2018%20gennaio\" title=\"Twitter\" rel=\"nofollow noopener\" target=\"_blank\"><\/a><a class=\"a2a_button_whatsapp\" href=\"https:\/\/www.addtoany.com\/add_to\/whatsapp?linkurl=https%3A%2F%2Fcassano.lavocedelpaese.info%2Fallerta-meteo-gialla-per-piogge-dalle-8-di-sabato-18-gennaio%2F&amp;linkname=Allerta%20meteo%20gialla%20per%20piogge%20dalle%208%20di%20sabato%2018%20gennaio\" title=\"WhatsApp\" rel=\"nofollow noopener\" target=\"_blank\"><\/a><a class=\"a2a_button_telegram\" href=\"https:\/\/www.addtoany.com\/add_to\/telegram?linkurl=https%3A%2F%2Fcassano.lavocedelpaese.info%2Fallerta-meteo-gialla-per-piogge-dalle-8-di-sabato-18-gennaio%2F&amp;linkname=Allerta%20meteo%20gialla%20per%20piogge%20dalle%208%20di%20sabato%2018%20gennaio\" title=\"Telegram\" rel=\"nofollow noopener\" target=\"_blank\"><\/a><a class=\"a2a_button_email\" href=\"https:\/\/www.addtoany.com\/add_to\/email?linkurl=https%3A%2F%2Fcassano.lavocedelpaese.info%2Fallerta-meteo-gialla-per-piogge-dalle-8-di-sabato-18-gennaio%2F&amp;linkname=Allerta%20meteo%20gialla%20per%20piogge%20dalle%208%20di%20sabato%2018%20gennaio\" title=\"Email\" rel=\"nofollow noopener\" target=\"_blank\"><\/a><\/p>\n<p>\u00a0<\/p>\n<p>\u00a0<\/p>\n<p>\u200b\u00a0\u00a0\u00a0<\/p>","protected":false},"excerpt":{"rendered":"<p>\u00a0 \u200b\u00a0 \u200b\u00a0 La Sezione Protezione Civile della Regione Puglia ha diramato lo stato di\u00a0allerta meteo gialla\u00a0sulla Puglia\u00a0dalle 8 di<\/p>\n","protected":false},"author":6,"featured_media":730,"comment_status":"open","ping_status":"closed","sticky":false,"template":"","format":"standard","meta":{"colormag_page_container_layout":"default_layout","colormag_page_sidebar_layout":"default_layout","footnotes":""},"categories":[33],"tags":[],"class_list":["post-8721","post","type-post","status-publish","format-standard","has-post-thumbnail","hentry","category-network"],"yoast_head":"<!-- This site is optimized with the Yoast SEO plugin v27.5 - https:\/\/yoast.com\/product\/yoast-seo-wordpress\/ -->\n<title>Allerta meteo gialla per piogge dalle 8 di sabato 18 gennaio\u00a0\u200b - La Voce del Paese<\/title>\n<meta name=\"robots\" content=\"index, follow, max-snippet:-1, max-image-preview:large, max-video-preview:-1\" \/>\n<link rel=\"canonical\" href=\"https:\/\/lavocedelpaese.info\/index.php\/2025\/01\/18\/allerta-meteo-gialla-per-piogge-dalle-8-di-sabato-18-gennaio\/\" \/>\n<meta property=\"og:locale\" content=\"it_IT\" \/>\n<meta property=\"og:type\" content=\"article\" \/>\n<meta property=\"og:title\" content=\"Allerta meteo gialla per piogge dalle 8 di sabato 18 gennaio\u00a0\u200b - La Voce del Paese\" \/>\n<meta property=\"og:description\" content=\"\u00a0 \u200b\u00a0 \u200b\u00a0 La Sezione Protezione Civile della Regione Puglia ha diramato lo stato di\u00a0allerta meteo gialla\u00a0sulla Puglia\u00a0dalle 8 di\" \/>\n<meta property=\"og:url\" content=\"https:\/\/lavocedelpaese.info\/index.php\/2025\/01\/18\/allerta-meteo-gialla-per-piogge-dalle-8-di-sabato-18-gennaio\/\" \/>\n<meta property=\"og:site_name\" content=\"La Voce del Paese\" \/>\n<meta property=\"article:publisher\" content=\"https:\/\/www.facebook.com\/lavocedelpaese.info\" \/>\n<meta property=\"article:published_time\" content=\"2025-01-18T07:18:12+00:00\" \/>\n<meta name=\"author\" content=\"admin\" \/>\n<meta name=\"twitter:card\" content=\"summary_large_image\" \/>\n<meta name=\"twitter:label1\" content=\"Scritto da\" \/>\n\t<meta name=\"twitter:data1\" content=\"admin\" \/>\n\t<meta name=\"twitter:label2\" content=\"Tempo di lettura stimato\" \/>\n\t<meta name=\"twitter:data2\" content=\"3 minuti\" \/>\n<script type=\"application\/ld+json\" class=\"yoast-schema-graph\">{\"@context\":\"https:\\\/\\\/schema.org\",\"@graph\":[{\"@type\":\"Article\",\"@id\":\"https:\\\/\\\/lavocedelpaese.info\\\/index.php\\\/2025\\\/01\\\/18\\\/allerta-meteo-gialla-per-piogge-dalle-8-di-sabato-18-gennaio\\\/#article\",\"isPartOf\":{\"@id\":\"https:\\\/\\\/lavocedelpaese.info\\\/index.php\\\/2025\\\/01\\\/18\\\/allerta-meteo-gialla-per-piogge-dalle-8-di-sabato-18-gennaio\\\/\"},\"author\":{\"name\":\"admin\",\"@id\":\"https:\\\/\\\/lavocedelpaese.info\\\/#\\\/schema\\\/person\\\/ec151d321306bd7591f7a061abf72d88\"},\"headline\":\"Allerta meteo gialla per piogge dalle 8 di sabato 18 gennaio\u00a0\u200b\",\"datePublished\":\"2025-01-18T07:18:12+00:00\",\"mainEntityOfPage\":{\"@id\":\"https:\\\/\\\/lavocedelpaese.info\\\/index.php\\\/2025\\\/01\\\/18\\\/allerta-meteo-gialla-per-piogge-dalle-8-di-sabato-18-gennaio\\\/\"},\"wordCount\":604,\"commentCount\":0,\"publisher\":{\"@id\":\"https:\\\/\\\/lavocedelpaese.info\\\/#organization\"},\"image\":{\"@id\":\"https:\\\/\\\/lavocedelpaese.info\\\/index.php\\\/2025\\\/01\\\/18\\\/allerta-meteo-gialla-per-piogge-dalle-8-di-sabato-18-gennaio\\\/#primaryimage\"},\"thumbnailUrl\":\"https:\\\/\\\/lavocedelpaese.info\\\/wp-content\\\/uploads\\\/2023\\\/01\\\/logo-150-127.png\",\"articleSection\":[\"network\"],\"inLanguage\":\"it-IT\",\"potentialAction\":[{\"@type\":\"CommentAction\",\"name\":\"Comment\",\"target\":[\"https:\\\/\\\/lavocedelpaese.info\\\/index.php\\\/2025\\\/01\\\/18\\\/allerta-meteo-gialla-per-piogge-dalle-8-di-sabato-18-gennaio\\\/#respond\"]}]},{\"@type\":\"WebPage\",\"@id\":\"https:\\\/\\\/lavocedelpaese.info\\\/index.php\\\/2025\\\/01\\\/18\\\/allerta-meteo-gialla-per-piogge-dalle-8-di-sabato-18-gennaio\\\/\",\"url\":\"https:\\\/\\\/lavocedelpaese.info\\\/index.php\\\/2025\\\/01\\\/18\\\/allerta-meteo-gialla-per-piogge-dalle-8-di-sabato-18-gennaio\\\/\",\"name\":\"Allerta meteo gialla per piogge dalle 8 di sabato 18 gennaio\u00a0\u200b - La Voce del Paese\",\"isPartOf\":{\"@id\":\"https:\\\/\\\/lavocedelpaese.info\\\/#website\"},\"primaryImageOfPage\":{\"@id\":\"https:\\\/\\\/lavocedelpaese.info\\\/index.php\\\/2025\\\/01\\\/18\\\/allerta-meteo-gialla-per-piogge-dalle-8-di-sabato-18-gennaio\\\/#primaryimage\"},\"image\":{\"@id\":\"https:\\\/\\\/lavocedelpaese.info\\\/index.php\\\/2025\\\/01\\\/18\\\/allerta-meteo-gialla-per-piogge-dalle-8-di-sabato-18-gennaio\\\/#primaryimage\"},\"thumbnailUrl\":\"https:\\\/\\\/lavocedelpaese.info\\\/wp-content\\\/uploads\\\/2023\\\/01\\\/logo-150-127.png\",\"datePublished\":\"2025-01-18T07:18:12+00:00\",\"breadcrumb\":{\"@id\":\"https:\\\/\\\/lavocedelpaese.info\\\/index.php\\\/2025\\\/01\\\/18\\\/allerta-meteo-gialla-per-piogge-dalle-8-di-sabato-18-gennaio\\\/#breadcrumb\"},\"inLanguage\":\"it-IT\",\"potentialAction\":[{\"@type\":\"ReadAction\",\"target\":[\"https:\\\/\\\/lavocedelpaese.info\\\/index.php\\\/2025\\\/01\\\/18\\\/allerta-meteo-gialla-per-piogge-dalle-8-di-sabato-18-gennaio\\\/\"]}]},{\"@type\":\"ImageObject\",\"inLanguage\":\"it-IT\",\"@id\":\"https:\\\/\\\/lavocedelpaese.info\\\/index.php\\\/2025\\\/01\\\/18\\\/allerta-meteo-gialla-per-piogge-dalle-8-di-sabato-18-gennaio\\\/#primaryimage\",\"url\":\"https:\\\/\\\/lavocedelpaese.info\\\/wp-content\\\/uploads\\\/2023\\\/01\\\/logo-150-127.png\",\"contentUrl\":\"https:\\\/\\\/lavocedelpaese.info\\\/wp-content\\\/uploads\\\/2023\\\/01\\\/logo-150-127.png\",\"width\":150,\"height\":127},{\"@type\":\"BreadcrumbList\",\"@id\":\"https:\\\/\\\/lavocedelpaese.info\\\/index.php\\\/2025\\\/01\\\/18\\\/allerta-meteo-gialla-per-piogge-dalle-8-di-sabato-18-gennaio\\\/#breadcrumb\",\"itemListElement\":[{\"@type\":\"ListItem\",\"position\":1,\"name\":\"Home\",\"item\":\"https:\\\/\\\/lavocedelpaese.info\\\/\"},{\"@type\":\"ListItem\",\"position\":2,\"name\":\"Allerta meteo gialla per piogge dalle 8 di sabato 18 gennaio\u00a0\u200b\"}]},{\"@type\":\"WebSite\",\"@id\":\"https:\\\/\\\/lavocedelpaese.info\\\/#website\",\"url\":\"https:\\\/\\\/lavocedelpaese.info\\\/\",\"name\":\"La Voce del Paese\",\"description\":\"Un network di idee\",\"publisher\":{\"@id\":\"https:\\\/\\\/lavocedelpaese.info\\\/#organization\"},\"potentialAction\":[{\"@type\":\"SearchAction\",\"target\":{\"@type\":\"EntryPoint\",\"urlTemplate\":\"https:\\\/\\\/lavocedelpaese.info\\\/?s={search_term_string}\"},\"query-input\":{\"@type\":\"PropertyValueSpecification\",\"valueRequired\":true,\"valueName\":\"search_term_string\"}}],\"inLanguage\":\"it-IT\"},{\"@type\":\"Organization\",\"@id\":\"https:\\\/\\\/lavocedelpaese.info\\\/#organization\",\"name\":\"La Voce del Paese\",\"url\":\"https:\\\/\\\/lavocedelpaese.info\\\/\",\"logo\":{\"@type\":\"ImageObject\",\"inLanguage\":\"it-IT\",\"@id\":\"https:\\\/\\\/lavocedelpaese.info\\\/#\\\/schema\\\/logo\\\/image\\\/\",\"url\":\"https:\\\/\\\/lavocedelpaese.info\\\/wp-content\\\/uploads\\\/2023\\\/01\\\/cropped-logo-150-127.png\",\"contentUrl\":\"https:\\\/\\\/lavocedelpaese.info\\\/wp-content\\\/uploads\\\/2023\\\/01\\\/cropped-logo-150-127.png\",\"width\":137,\"height\":119,\"caption\":\"La Voce del Paese\"},\"image\":{\"@id\":\"https:\\\/\\\/lavocedelpaese.info\\\/#\\\/schema\\\/logo\\\/image\\\/\"},\"sameAs\":[\"https:\\\/\\\/www.facebook.com\\\/lavocedelpaese.info\"]},{\"@type\":\"Person\",\"@id\":\"https:\\\/\\\/lavocedelpaese.info\\\/#\\\/schema\\\/person\\\/ec151d321306bd7591f7a061abf72d88\",\"name\":\"admin\",\"image\":{\"@type\":\"ImageObject\",\"inLanguage\":\"it-IT\",\"@id\":\"https:\\\/\\\/secure.gravatar.com\\\/avatar\\\/af8f2caf0663124588de48a9380e07cbc95a74ef15b8062d0d39106c32fe3023?s=96&d=mm&r=g\",\"url\":\"https:\\\/\\\/secure.gravatar.com\\\/avatar\\\/af8f2caf0663124588de48a9380e07cbc95a74ef15b8062d0d39106c32fe3023?s=96&d=mm&r=g\",\"contentUrl\":\"https:\\\/\\\/secure.gravatar.com\\\/avatar\\\/af8f2caf0663124588de48a9380e07cbc95a74ef15b8062d0d39106c32fe3023?s=96&d=mm&r=g\",\"caption\":\"admin\"},\"sameAs\":[\"https:\\\/\\\/lavocedelpaese.info\"],\"url\":\"https:\\\/\\\/lavocedelpaese.info\\\/index.php\\\/author\\\/admin\\\/\"}]}<\/script>\n<!-- \/ Yoast SEO plugin. -->","yoast_head_json":{"title":"Allerta meteo gialla per piogge dalle 8 di sabato 18 gennaio\u00a0\u200b - La Voce del Paese","robots":{"index":"index","follow":"follow","max-snippet":"max-snippet:-1","max-image-preview":"max-image-preview:large","max-video-preview":"max-video-preview:-1"},"canonical":"https:\/\/lavocedelpaese.info\/index.php\/2025\/01\/18\/allerta-meteo-gialla-per-piogge-dalle-8-di-sabato-18-gennaio\/","og_locale":"it_IT","og_type":"article","og_title":"Allerta meteo gialla per piogge dalle 8 di sabato 18 gennaio\u00a0\u200b - La Voce del Paese","og_description":"\u00a0 \u200b\u00a0 \u200b\u00a0 La Sezione Protezione Civile della Regione Puglia ha diramato lo stato di\u00a0allerta meteo gialla\u00a0sulla Puglia\u00a0dalle 8 di","og_url":"https:\/\/lavocedelpaese.info\/index.php\/2025\/01\/18\/allerta-meteo-gialla-per-piogge-dalle-8-di-sabato-18-gennaio\/","og_site_name":"La Voce del Paese","article_publisher":"https:\/\/www.facebook.com\/lavocedelpaese.info","article_published_time":"2025-01-18T07:18:12+00:00","author":"admin","twitter_card":"summary_large_image","twitter_misc":{"Scritto da":"admin","Tempo di lettura stimato":"3 minuti"},"schema":{"@context":"https:\/\/schema.org","@graph":[{"@type":"Article","@id":"https:\/\/lavocedelpaese.info\/index.php\/2025\/01\/18\/allerta-meteo-gialla-per-piogge-dalle-8-di-sabato-18-gennaio\/#article","isPartOf":{"@id":"https:\/\/lavocedelpaese.info\/index.php\/2025\/01\/18\/allerta-meteo-gialla-per-piogge-dalle-8-di-sabato-18-gennaio\/"},"author":{"name":"admin","@id":"https:\/\/lavocedelpaese.info\/#\/schema\/person\/ec151d321306bd7591f7a061abf72d88"},"headline":"Allerta meteo gialla per piogge dalle 8 di sabato 18 gennaio\u00a0\u200b","datePublished":"2025-01-18T07:18:12+00:00","mainEntityOfPage":{"@id":"https:\/\/lavocedelpaese.info\/index.php\/2025\/01\/18\/allerta-meteo-gialla-per-piogge-dalle-8-di-sabato-18-gennaio\/"},"wordCount":604,"commentCount":0,"publisher":{"@id":"https:\/\/lavocedelpaese.info\/#organization"},"image":{"@id":"https:\/\/lavocedelpaese.info\/index.php\/2025\/01\/18\/allerta-meteo-gialla-per-piogge-dalle-8-di-sabato-18-gennaio\/#primaryimage"},"thumbnailUrl":"https:\/\/lavocedelpaese.info\/wp-content\/uploads\/2023\/01\/logo-150-127.png","articleSection":["network"],"inLanguage":"it-IT","potentialAction":[{"@type":"CommentAction","name":"Comment","target":["https:\/\/lavocedelpaese.info\/index.php\/2025\/01\/18\/allerta-meteo-gialla-per-piogge-dalle-8-di-sabato-18-gennaio\/#respond"]}]},{"@type":"WebPage","@id":"https:\/\/lavocedelpaese.info\/index.php\/2025\/01\/18\/allerta-meteo-gialla-per-piogge-dalle-8-di-sabato-18-gennaio\/","url":"https:\/\/lavocedelpaese.info\/index.php\/2025\/01\/18\/allerta-meteo-gialla-per-piogge-dalle-8-di-sabato-18-gennaio\/","name":"Allerta meteo gialla per piogge dalle 8 di sabato 18 gennaio\u00a0\u200b - La Voce del Paese","isPartOf":{"@id":"https:\/\/lavocedelpaese.info\/#website"},"primaryImageOfPage":{"@id":"https:\/\/lavocedelpaese.info\/index.php\/2025\/01\/18\/allerta-meteo-gialla-per-piogge-dalle-8-di-sabato-18-gennaio\/#primaryimage"},"image":{"@id":"https:\/\/lavocedelpaese.info\/index.php\/2025\/01\/18\/allerta-meteo-gialla-per-piogge-dalle-8-di-sabato-18-gennaio\/#primaryimage"},"thumbnailUrl":"https:\/\/lavocedelpaese.info\/wp-content\/uploads\/2023\/01\/logo-150-127.png","datePublished":"2025-01-18T07:18:12+00:00","breadcrumb":{"@id":"https:\/\/lavocedelpaese.info\/index.php\/2025\/01\/18\/allerta-meteo-gialla-per-piogge-dalle-8-di-sabato-18-gennaio\/#breadcrumb"},"inLanguage":"it-IT","potentialAction":[{"@type":"ReadAction","target":["https:\/\/lavocedelpaese.info\/index.php\/2025\/01\/18\/allerta-meteo-gialla-per-piogge-dalle-8-di-sabato-18-gennaio\/"]}]},{"@type":"ImageObject","inLanguage":"it-IT","@id":"https:\/\/lavocedelpaese.info\/index.php\/2025\/01\/18\/allerta-meteo-gialla-per-piogge-dalle-8-di-sabato-18-gennaio\/#primaryimage","url":"https:\/\/lavocedelpaese.info\/wp-content\/uploads\/2023\/01\/logo-150-127.png","contentUrl":"https:\/\/lavocedelpaese.info\/wp-content\/uploads\/2023\/01\/logo-150-127.png","width":150,"height":127},{"@type":"BreadcrumbList","@id":"https:\/\/lavocedelpaese.info\/index.php\/2025\/01\/18\/allerta-meteo-gialla-per-piogge-dalle-8-di-sabato-18-gennaio\/#breadcrumb","itemListElement":[{"@type":"ListItem","position":1,"name":"Home","item":"https:\/\/lavocedelpaese.info\/"},{"@type":"ListItem","position":2,"name":"Allerta meteo gialla per piogge dalle 8 di sabato 18 gennaio\u00a0\u200b"}]},{"@type":"WebSite","@id":"https:\/\/lavocedelpaese.info\/#website","url":"https:\/\/lavocedelpaese.info\/","name":"La Voce del Paese","description":"Un network di idee","publisher":{"@id":"https:\/\/lavocedelpaese.info\/#organization"},"potentialAction":[{"@type":"SearchAction","target":{"@type":"EntryPoint","urlTemplate":"https:\/\/lavocedelpaese.info\/?s={search_term_string}"},"query-input":{"@type":"PropertyValueSpecification","valueRequired":true,"valueName":"search_term_string"}}],"inLanguage":"it-IT"},{"@type":"Organization","@id":"https:\/\/lavocedelpaese.info\/#organization","name":"La Voce del Paese","url":"https:\/\/lavocedelpaese.info\/","logo":{"@type":"ImageObject","inLanguage":"it-IT","@id":"https:\/\/lavocedelpaese.info\/#\/schema\/logo\/image\/","url":"https:\/\/lavocedelpaese.info\/wp-content\/uploads\/2023\/01\/cropped-logo-150-127.png","contentUrl":"https:\/\/lavocedelpaese.info\/wp-content\/uploads\/2023\/01\/cropped-logo-150-127.png","width":137,"height":119,"caption":"La Voce del Paese"},"image":{"@id":"https:\/\/lavocedelpaese.info\/#\/schema\/logo\/image\/"},"sameAs":["https:\/\/www.facebook.com\/lavocedelpaese.info"]},{"@type":"Person","@id":"https:\/\/lavocedelpaese.info\/#\/schema\/person\/ec151d321306bd7591f7a061abf72d88","name":"admin","image":{"@type":"ImageObject","inLanguage":"it-IT","@id":"https:\/\/secure.gravatar.com\/avatar\/af8f2caf0663124588de48a9380e07cbc95a74ef15b8062d0d39106c32fe3023?s=96&d=mm&r=g","url":"https:\/\/secure.gravatar.com\/avatar\/af8f2caf0663124588de48a9380e07cbc95a74ef15b8062d0d39106c32fe3023?s=96&d=mm&r=g","contentUrl":"https:\/\/secure.gravatar.com\/avatar\/af8f2caf0663124588de48a9380e07cbc95a74ef15b8062d0d39106c32fe3023?s=96&d=mm&r=g","caption":"admin"},"sameAs":["https:\/\/lavocedelpaese.info"],"url":"https:\/\/lavocedelpaese.info\/index.php\/author\/admin\/"}]}},"_links":{"self":[{"href":"https:\/\/lavocedelpaese.info\/index.php\/wp-json\/wp\/v2\/posts\/8721","targetHints":{"allow":["GET"]}}],"collection":[{"href":"https:\/\/lavocedelpaese.info\/index.php\/wp-json\/wp\/v2\/posts"}],"about":[{"href":"https:\/\/lavocedelpaese.info\/index.php\/wp-json\/wp\/v2\/types\/post"}],"author":[{"embeddable":true,"href":"https:\/\/lavocedelpaese.info\/index.php\/wp-json\/wp\/v2\/users\/6"}],"replies":[{"embeddable":true,"href":"https:\/\/lavocedelpaese.info\/index.php\/wp-json\/wp\/v2\/comments?post=8721"}],"version-history":[{"count":0,"href":"https:\/\/lavocedelpaese.info\/index.php\/wp-json\/wp\/v2\/posts\/8721\/revisions"}],"wp:featuredmedia":[{"embeddable":true,"href":"https:\/\/lavocedelpaese.info\/index.php\/wp-json\/wp\/v2\/media\/730"}],"wp:attachment":[{"href":"https:\/\/lavocedelpaese.info\/index.php\/wp-json\/wp\/v2\/media?parent=8721"}],"wp:term":[{"taxonomy":"category","embeddable":true,"href":"https:\/\/lavocedelpaese.info\/index.php\/wp-json\/wp\/v2\/categories?post=8721"},{"taxonomy":"post_tag","embeddable":true,"href":"https:\/\/lavocedelpaese.info\/index.php\/wp-json\/wp\/v2\/tags?post=8721"}],"curies":[{"name":"wp","href":"https:\/\/api.w.org\/{rel}","templated":true}]}}