{"id":8714,"date":"2025-01-17T19:18:26","date_gmt":"2025-01-17T19:18:26","guid":{"rendered":"https:\/\/lavocedelpaese.info\/index.php\/2025\/01\/17\/tesseramento-pro-loco-2025\/"},"modified":"2025-01-17T19:18:26","modified_gmt":"2025-01-17T19:18:26","slug":"tesseramento-pro-loco-2025","status":"publish","type":"post","link":"https:\/\/lavocedelpaese.info\/index.php\/2025\/01\/17\/tesseramento-pro-loco-2025\/","title":{"rendered":"Tesseramento Pro Loco 2025\u00a0\u200b"},"content":{"rendered":"<p>\u00a0<\/p>\n<p>\u200b\u00a0<\/p>\n<p>\u200b\u00a0<\/p>\n<p><em>di Francesco Lenoci<\/em><\/p>\n<p>Nuovo anno, nuove attivit\u00e0, nuovi eventi, nuove idee da ricercare e sviluppare.<\/p>\n<p>Si pu\u00f2 riassumere cos\u00ec l\u2019inizio anno della <strong>Pro Loco \u201cCurtomartino\u201d di Acquaviva<\/strong>.<\/p>\n<p>\u00c8 partito infatti il tesseramento per l\u2019anno 2025 e le opportunit\u00e0 e le esperienze che la Pro Loco offre sono davvero tante..<\/p>\n<p>Con quasi 30 anni di storia, \u00e8 una delle realt\u00e0 associative del territorio pi\u00f9 attive e longeve. L\u2019organizzazione di eventi legati alla tradizione e alla cultura (tra queste la <em>Festa della Cipolla Rossa<\/em>, la <em>Festa del Vino Primitivo e del Cece Nero<\/em> e la <em>Festa delle Pettole<\/em>), manifestazioni legate alla promozione del turismo e del territorio, la gestione dell\u2019<strong>Info Point Turistico<\/strong> e della <strong>Biblioteca Comunale<\/strong>, assieme a collaborazioni e piccoli eventi, sono solo alcune delle iniziative che annualmente vengono supportate da decine di volontari.<\/p>\n<p>Anche per quest\u2019anno \u00e8 sede del <strong><a href=\"https:\/\/www.prolocoacquaviva.it\/servizio-civile-2024\">Ser<\/a><a href=\"https:\/\/www.prolocoacquaviva.it\/servizio-civile-2023-bando-scadenza-10-febbraio\/\">vizio Civile Universal<\/a>e<\/strong>. Un\u2019opportunit\u00e0 a ragazzi dai 18 ai 29 anni di affiancarsi ai soci Pro Loco, per un periodo di 12 mesi, avvicinandosi cos\u00ec a tutte le attivit\u00e0 svolte dall\u2019Associazione.<\/p>\n<p>Abbiamo intervistato il Presidente, <strong>Alessandro Macchia<\/strong>, per farci scoprire, oltre alle attivit\u00e0 che di consuetudine vengono svolte, tutte le novit\u00e0 del 2025.<\/p>\n<div class=\"wp-block-columns is-layout-flex wp-container-core-columns-is-layout-1 wp-block-columns-is-layout-flex\">\n<div class=\"wp-block-column is-layout-flow wp-block-column-is-layout-flow\">\n<figure class=\"wp-block-image size-full\"><img decoding=\"async\" width=\"640\" height=\"800\" src=\"https:\/\/acquaviva.lavocedelpaese.info\/wp-content\/uploads\/2025\/01\/437570063_951999826928927_3965096806501586965_n.jpg\" alt=\"\" class=\"wp-image-5198\"\/><\/figure>\n<\/div>\n<\/div>\n<p>\u201cUna grande famiglia composta da numerose professionalit\u00e0 e competenze, che negli anni ha visto ragazzi e ragazze avvicinarsi al mondo associativo, formarsi e intraprendere poi il proprio percorso lavorativo. Un luogo comune dove condividere e costruire progettualit\u00e0 per la comunit\u00e0 e continuare a tenere acceso quel motore che, attraverso le idee e lo spirito di iniziativa, riesce a creare e a diversificare un\u2019offerta variegata culturale, sociale e turistica. \u00c8 questa la nostra Pro Loco.<\/p>\n<p>Per quanto riguarda gli eventi organizzati nel 2024 l\u2019obiettivo primario \u00e8 quello di confermarli tutti, riproponendoli in edizioni rinfrescate e riviste per poter offrire sempre una novit\u00e0 ai tanti che parteciperanno. Sono gi\u00e0 in cantiere nuove progettualit\u00e0 e nuove attivit\u00e0 alla luce dei bandi regionali, nazionali ed europei a cui la Pro Loco potr\u00e0 presentare richiesta.<\/p>\n<p>Uno dei bandi nazionali che quest\u2019anno andremo a concludere \u00e8 <strong>Biblio In<\/strong>, progetto che ci ha permesso di favorire una maggiore fruizione delle biblioteche comunali di Acquaviva e Casamassima, consolidandone la funzione socio-culturale.<\/p>\n<p>Consolideremo lo <strong>Strati Music Contest<\/strong>, che l\u2019anno scorso ha riscosso successo per la grande partecipazione di giovani artisti e band emergenti. Il gruppo di soci Pro Loco e dei tanti ragazzi che ci sono affacciati in Associazione \u00e8 stato fondamentale per la buona riuscita e sono sicuro che nel 2025 faremo altrettanto e meglio.<\/p>\n<p><strong>Festa della Cipolla Rossa di Acquaviva<\/strong>. Quest\u2019anno cercheremo di dare un nuovo taglio all\u2019evento, in linea con quello dell\u2019anno scorso, con l\u2019obiettivo di rompere il solito format incentrato pi\u00f9 sullo spettacolo di un\u2019artista nazionale che passa per mettere un po\u2019 in ombra il prodotto principe della nostra Festa e terra. Sar\u00e0 un evento di qualit\u00e0, con un appeal diverso e di grande interesse. L\u2019idea su cui stiamo ragionando \u00e8 quella di \u201cspostare\u201d l\u2019evento all\u2019interno del nostro centro storico, valorizzando cos\u00ec ulteriormente quanto Acquaviva ha di bello da offrire e mostrare alle tante persone che partecipano alla Festa.<\/p>\n<p>La <strong>Festa del Vino Primitivo e del Cece Nero<\/strong>, gi\u00e0 nell\u2019edizione 2024, ha iniziato un percorso di cambiamento. Un percorso di miglioramento, grazie alla collaborazione con il Consorzio di Tutela Vini DOC Gioia del Colle e con l\u2019AIS Puglia Delegazione Murgia. Un evento che sia ricercato e soprattutto di qualit\u00e0, non solamente sul vino ma anche su una gastronomia di livello.<\/p>\n<p>Le <strong>attivit\u00e0 turistiche<\/strong>, gi\u00e0 iniziate, vedranno un potenziamento dell\u2019<strong>Info Point Turistico<\/strong>, la cui convenzione \u00e8 stata rinnovata per ulteriori 3 anni, e che ci vedr\u00e0 impegnati nel far conoscere, attraverso le guide abilitate dalla Regione Puglia, tutte le bellezze storico-architettoniche della nostra citt\u00e0.<\/p>\n<p>Un invito speciale voglio rivolgerlo ai giovani. Comprendo benissimo che stiamo vivendo un momento storico complesso e pieno di difficolt\u00e0, in particolare sotto l\u2019aspetto lavorativo e di opportunit\u00e0. L\u2019Associazionismo richiede tempo e sono sicuro che sono pochi coloro che aspirano a cimentarsi in questo percorso, per\u00f2 posso dire, per esperienza in prima persona, e lo confermano i soci \u201cpi\u00f9 anziani\u201d, che ci ha aperto diversi canali, abbiamo colto diverse opportunit\u00e0 di conoscenza del territorio e di persone.<\/p>\n<p>Dal canto nostro, ai giovani, possiamo offrire consigli pi\u00f9 genuini, pi\u00f9 strutturati e carichi di esperienza. In loro cerchiamo lo spirito ribelle, una progettazione pi\u00f9 sbarazzina e il pensiero diretto. Con questo mix, potremo di sicuro alzare il nostro livello di progettualit\u00e0 e puntare sempre pi\u00f9 in alto.<\/p>\n<p>Le porte della nostra Associazione sono sempre aperte verso la comunit\u00e0 e a tutti coloro che sono proiettati verso il bene della nostra citt\u00e0. Vi aspettiamo per confrontarci e realizzare tutti insieme qualcosa di positivo per il nostro paese\u201d.<\/p>\n<p>Il costo della tessera \u00e8 di 20,00\u20ac\/anno, mentre \u00e8 di 10,00\u20ac per studenti under 26. C\u2019\u00e8 tempo<strong> fino al 28 febbraio 2025<\/strong>, per iscriversi o rinnovare la propria tessera<\/p>\n<p><strong>INFO:<\/strong>Sede: P.zza Maria SS. di Costantinopoli, 16 \u2013 Acquaviva delle Fonti<br \/>Mail: info@prolocoacquaviva.it \/ Tel. &amp; Whatsapp: +39.392.3369394<br \/>Orari: da gioved\u00ec alla domenica dalle ore 09:00 alle ore 13:00 e dalle ore 16:00 alle ore 20:00<\/p>\n<p><em>Francesco Lenoci<\/em><\/p>\n\n<figure class=\"wp-block-image size-full\"><img decoding=\"async\" src=\"https:\/\/acquaviva.lavocedelpaese.info\/wp-content\/uploads\/2025\/01\/Tesseramento-2025_web-01-scaled-1.jpg\" alt=\"\" class=\"wp-image-5197\"\/><\/figure>\n<p><a class=\"a2a_button_facebook\" href=\"https:\/\/www.addtoany.com\/add_to\/facebook?linkurl=https%3A%2F%2Facquaviva.lavocedelpaese.info%2Findex.php%2F2025%2F01%2F17%2Ftesseramento-pro-loco-2025%2F&amp;linkname=Tesseramento%20Pro%20Loco%202025\" title=\"Facebook\" rel=\"nofollow noopener\" target=\"_blank\"><\/a><a class=\"a2a_button_twitter\" href=\"https:\/\/www.addtoany.com\/add_to\/twitter?linkurl=https%3A%2F%2Facquaviva.lavocedelpaese.info%2Findex.php%2F2025%2F01%2F17%2Ftesseramento-pro-loco-2025%2F&amp;linkname=Tesseramento%20Pro%20Loco%202025\" title=\"Twitter\" rel=\"nofollow noopener\" target=\"_blank\"><\/a><a class=\"a2a_button_whatsapp\" href=\"https:\/\/www.addtoany.com\/add_to\/whatsapp?linkurl=https%3A%2F%2Facquaviva.lavocedelpaese.info%2Findex.php%2F2025%2F01%2F17%2Ftesseramento-pro-loco-2025%2F&amp;linkname=Tesseramento%20Pro%20Loco%202025\" title=\"WhatsApp\" rel=\"nofollow noopener\" target=\"_blank\"><\/a><a class=\"a2a_button_telegram\" href=\"https:\/\/www.addtoany.com\/add_to\/telegram?linkurl=https%3A%2F%2Facquaviva.lavocedelpaese.info%2Findex.php%2F2025%2F01%2F17%2Ftesseramento-pro-loco-2025%2F&amp;linkname=Tesseramento%20Pro%20Loco%202025\" title=\"Telegram\" rel=\"nofollow noopener\" target=\"_blank\"><\/a><a class=\"a2a_button_email\" href=\"https:\/\/www.addtoany.com\/add_to\/email?linkurl=https%3A%2F%2Facquaviva.lavocedelpaese.info%2Findex.php%2F2025%2F01%2F17%2Ftesseramento-pro-loco-2025%2F&amp;linkname=Tesseramento%20Pro%20Loco%202025\" title=\"Email\" rel=\"nofollow noopener\" target=\"_blank\"><\/a><\/p>\n<p>\u00a0<\/p>\n<p>\u00a0<\/p>\n<p>\u200b\u00a0\u00a0\u00a0<\/p>","protected":false},"excerpt":{"rendered":"<p>\u00a0 \u200b\u00a0 \u200b\u00a0 di Francesco Lenoci Nuovo anno, nuove attivit\u00e0, nuovi eventi, nuove idee da ricercare e sviluppare. Si pu\u00f2<\/p>\n","protected":false},"author":6,"featured_media":8715,"comment_status":"open","ping_status":"closed","sticky":false,"template":"","format":"standard","meta":{"colormag_page_container_layout":"default_layout","colormag_page_sidebar_layout":"default_layout","footnotes":""},"categories":[33],"tags":[],"class_list":["post-8714","post","type-post","status-publish","format-standard","has-post-thumbnail","hentry","category-network"],"yoast_head":"<!-- This site is optimized with the Yoast SEO plugin v27.5 - https:\/\/yoast.com\/product\/yoast-seo-wordpress\/ -->\n<title>Tesseramento Pro Loco 2025\u00a0\u200b - La Voce del Paese<\/title>\n<meta name=\"robots\" content=\"index, follow, max-snippet:-1, max-image-preview:large, max-video-preview:-1\" \/>\n<link rel=\"canonical\" href=\"https:\/\/lavocedelpaese.info\/index.php\/2025\/01\/17\/tesseramento-pro-loco-2025\/\" \/>\n<meta property=\"og:locale\" content=\"it_IT\" \/>\n<meta property=\"og:type\" content=\"article\" \/>\n<meta property=\"og:title\" content=\"Tesseramento Pro Loco 2025\u00a0\u200b - La Voce del Paese\" \/>\n<meta property=\"og:description\" content=\"\u00a0 \u200b\u00a0 \u200b\u00a0 di Francesco Lenoci Nuovo anno, nuove attivit\u00e0, nuovi eventi, nuove idee da ricercare e sviluppare. Si pu\u00f2\" \/>\n<meta property=\"og:url\" content=\"https:\/\/lavocedelpaese.info\/index.php\/2025\/01\/17\/tesseramento-pro-loco-2025\/\" \/>\n<meta property=\"og:site_name\" content=\"La Voce del Paese\" \/>\n<meta property=\"article:publisher\" content=\"https:\/\/www.facebook.com\/lavocedelpaese.info\" \/>\n<meta property=\"article:published_time\" content=\"2025-01-17T19:18:26+00:00\" \/>\n<meta name=\"author\" content=\"admin\" \/>\n<meta name=\"twitter:card\" content=\"summary_large_image\" \/>\n<meta name=\"twitter:label1\" content=\"Scritto da\" \/>\n\t<meta name=\"twitter:data1\" content=\"admin\" \/>\n\t<meta name=\"twitter:label2\" content=\"Tempo di lettura stimato\" \/>\n\t<meta name=\"twitter:data2\" content=\"4 minuti\" \/>\n<script type=\"application\/ld+json\" class=\"yoast-schema-graph\">{\"@context\":\"https:\\\/\\\/schema.org\",\"@graph\":[{\"@type\":\"Article\",\"@id\":\"https:\\\/\\\/lavocedelpaese.info\\\/index.php\\\/2025\\\/01\\\/17\\\/tesseramento-pro-loco-2025\\\/#article\",\"isPartOf\":{\"@id\":\"https:\\\/\\\/lavocedelpaese.info\\\/index.php\\\/2025\\\/01\\\/17\\\/tesseramento-pro-loco-2025\\\/\"},\"author\":{\"name\":\"admin\",\"@id\":\"https:\\\/\\\/lavocedelpaese.info\\\/#\\\/schema\\\/person\\\/ec151d321306bd7591f7a061abf72d88\"},\"headline\":\"Tesseramento Pro Loco 2025\u00a0\u200b\",\"datePublished\":\"2025-01-17T19:18:26+00:00\",\"mainEntityOfPage\":{\"@id\":\"https:\\\/\\\/lavocedelpaese.info\\\/index.php\\\/2025\\\/01\\\/17\\\/tesseramento-pro-loco-2025\\\/\"},\"wordCount\":839,\"commentCount\":0,\"publisher\":{\"@id\":\"https:\\\/\\\/lavocedelpaese.info\\\/#organization\"},\"image\":{\"@id\":\"https:\\\/\\\/lavocedelpaese.info\\\/index.php\\\/2025\\\/01\\\/17\\\/tesseramento-pro-loco-2025\\\/#primaryimage\"},\"thumbnailUrl\":\"https:\\\/\\\/lavocedelpaese.info\\\/wp-content\\\/uploads\\\/2025\\\/01\\\/437570063_951999826928927_3965096806501586965_n-Wt2T5m.jpeg\",\"articleSection\":[\"network\"],\"inLanguage\":\"it-IT\",\"potentialAction\":[{\"@type\":\"CommentAction\",\"name\":\"Comment\",\"target\":[\"https:\\\/\\\/lavocedelpaese.info\\\/index.php\\\/2025\\\/01\\\/17\\\/tesseramento-pro-loco-2025\\\/#respond\"]}]},{\"@type\":\"WebPage\",\"@id\":\"https:\\\/\\\/lavocedelpaese.info\\\/index.php\\\/2025\\\/01\\\/17\\\/tesseramento-pro-loco-2025\\\/\",\"url\":\"https:\\\/\\\/lavocedelpaese.info\\\/index.php\\\/2025\\\/01\\\/17\\\/tesseramento-pro-loco-2025\\\/\",\"name\":\"Tesseramento Pro Loco 2025\u00a0\u200b - La Voce del Paese\",\"isPartOf\":{\"@id\":\"https:\\\/\\\/lavocedelpaese.info\\\/#website\"},\"primaryImageOfPage\":{\"@id\":\"https:\\\/\\\/lavocedelpaese.info\\\/index.php\\\/2025\\\/01\\\/17\\\/tesseramento-pro-loco-2025\\\/#primaryimage\"},\"image\":{\"@id\":\"https:\\\/\\\/lavocedelpaese.info\\\/index.php\\\/2025\\\/01\\\/17\\\/tesseramento-pro-loco-2025\\\/#primaryimage\"},\"thumbnailUrl\":\"https:\\\/\\\/lavocedelpaese.info\\\/wp-content\\\/uploads\\\/2025\\\/01\\\/437570063_951999826928927_3965096806501586965_n-Wt2T5m.jpeg\",\"datePublished\":\"2025-01-17T19:18:26+00:00\",\"breadcrumb\":{\"@id\":\"https:\\\/\\\/lavocedelpaese.info\\\/index.php\\\/2025\\\/01\\\/17\\\/tesseramento-pro-loco-2025\\\/#breadcrumb\"},\"inLanguage\":\"it-IT\",\"potentialAction\":[{\"@type\":\"ReadAction\",\"target\":[\"https:\\\/\\\/lavocedelpaese.info\\\/index.php\\\/2025\\\/01\\\/17\\\/tesseramento-pro-loco-2025\\\/\"]}]},{\"@type\":\"ImageObject\",\"inLanguage\":\"it-IT\",\"@id\":\"https:\\\/\\\/lavocedelpaese.info\\\/index.php\\\/2025\\\/01\\\/17\\\/tesseramento-pro-loco-2025\\\/#primaryimage\",\"url\":\"https:\\\/\\\/lavocedelpaese.info\\\/wp-content\\\/uploads\\\/2025\\\/01\\\/437570063_951999826928927_3965096806501586965_n-Wt2T5m.jpeg\",\"contentUrl\":\"https:\\\/\\\/lavocedelpaese.info\\\/wp-content\\\/uploads\\\/2025\\\/01\\\/437570063_951999826928927_3965096806501586965_n-Wt2T5m.jpeg\",\"width\":640,\"height\":800},{\"@type\":\"BreadcrumbList\",\"@id\":\"https:\\\/\\\/lavocedelpaese.info\\\/index.php\\\/2025\\\/01\\\/17\\\/tesseramento-pro-loco-2025\\\/#breadcrumb\",\"itemListElement\":[{\"@type\":\"ListItem\",\"position\":1,\"name\":\"Home\",\"item\":\"https:\\\/\\\/lavocedelpaese.info\\\/\"},{\"@type\":\"ListItem\",\"position\":2,\"name\":\"Tesseramento Pro Loco 2025\u00a0\u200b\"}]},{\"@type\":\"WebSite\",\"@id\":\"https:\\\/\\\/lavocedelpaese.info\\\/#website\",\"url\":\"https:\\\/\\\/lavocedelpaese.info\\\/\",\"name\":\"La Voce del Paese\",\"description\":\"Un network di idee\",\"publisher\":{\"@id\":\"https:\\\/\\\/lavocedelpaese.info\\\/#organization\"},\"potentialAction\":[{\"@type\":\"SearchAction\",\"target\":{\"@type\":\"EntryPoint\",\"urlTemplate\":\"https:\\\/\\\/lavocedelpaese.info\\\/?s={search_term_string}\"},\"query-input\":{\"@type\":\"PropertyValueSpecification\",\"valueRequired\":true,\"valueName\":\"search_term_string\"}}],\"inLanguage\":\"it-IT\"},{\"@type\":\"Organization\",\"@id\":\"https:\\\/\\\/lavocedelpaese.info\\\/#organization\",\"name\":\"La Voce del Paese\",\"url\":\"https:\\\/\\\/lavocedelpaese.info\\\/\",\"logo\":{\"@type\":\"ImageObject\",\"inLanguage\":\"it-IT\",\"@id\":\"https:\\\/\\\/lavocedelpaese.info\\\/#\\\/schema\\\/logo\\\/image\\\/\",\"url\":\"https:\\\/\\\/lavocedelpaese.info\\\/wp-content\\\/uploads\\\/2023\\\/01\\\/cropped-logo-150-127.png\",\"contentUrl\":\"https:\\\/\\\/lavocedelpaese.info\\\/wp-content\\\/uploads\\\/2023\\\/01\\\/cropped-logo-150-127.png\",\"width\":137,\"height\":119,\"caption\":\"La Voce del Paese\"},\"image\":{\"@id\":\"https:\\\/\\\/lavocedelpaese.info\\\/#\\\/schema\\\/logo\\\/image\\\/\"},\"sameAs\":[\"https:\\\/\\\/www.facebook.com\\\/lavocedelpaese.info\"]},{\"@type\":\"Person\",\"@id\":\"https:\\\/\\\/lavocedelpaese.info\\\/#\\\/schema\\\/person\\\/ec151d321306bd7591f7a061abf72d88\",\"name\":\"admin\",\"image\":{\"@type\":\"ImageObject\",\"inLanguage\":\"it-IT\",\"@id\":\"https:\\\/\\\/secure.gravatar.com\\\/avatar\\\/af8f2caf0663124588de48a9380e07cbc95a74ef15b8062d0d39106c32fe3023?s=96&d=mm&r=g\",\"url\":\"https:\\\/\\\/secure.gravatar.com\\\/avatar\\\/af8f2caf0663124588de48a9380e07cbc95a74ef15b8062d0d39106c32fe3023?s=96&d=mm&r=g\",\"contentUrl\":\"https:\\\/\\\/secure.gravatar.com\\\/avatar\\\/af8f2caf0663124588de48a9380e07cbc95a74ef15b8062d0d39106c32fe3023?s=96&d=mm&r=g\",\"caption\":\"admin\"},\"sameAs\":[\"https:\\\/\\\/lavocedelpaese.info\"],\"url\":\"https:\\\/\\\/lavocedelpaese.info\\\/index.php\\\/author\\\/admin\\\/\"}]}<\/script>\n<!-- \/ Yoast SEO plugin. -->","yoast_head_json":{"title":"Tesseramento Pro Loco 2025\u00a0\u200b - La Voce del Paese","robots":{"index":"index","follow":"follow","max-snippet":"max-snippet:-1","max-image-preview":"max-image-preview:large","max-video-preview":"max-video-preview:-1"},"canonical":"https:\/\/lavocedelpaese.info\/index.php\/2025\/01\/17\/tesseramento-pro-loco-2025\/","og_locale":"it_IT","og_type":"article","og_title":"Tesseramento Pro Loco 2025\u00a0\u200b - La Voce del Paese","og_description":"\u00a0 \u200b\u00a0 \u200b\u00a0 di Francesco Lenoci Nuovo anno, nuove attivit\u00e0, nuovi eventi, nuove idee da ricercare e sviluppare. Si pu\u00f2","og_url":"https:\/\/lavocedelpaese.info\/index.php\/2025\/01\/17\/tesseramento-pro-loco-2025\/","og_site_name":"La Voce del Paese","article_publisher":"https:\/\/www.facebook.com\/lavocedelpaese.info","article_published_time":"2025-01-17T19:18:26+00:00","author":"admin","twitter_card":"summary_large_image","twitter_misc":{"Scritto da":"admin","Tempo di lettura stimato":"4 minuti"},"schema":{"@context":"https:\/\/schema.org","@graph":[{"@type":"Article","@id":"https:\/\/lavocedelpaese.info\/index.php\/2025\/01\/17\/tesseramento-pro-loco-2025\/#article","isPartOf":{"@id":"https:\/\/lavocedelpaese.info\/index.php\/2025\/01\/17\/tesseramento-pro-loco-2025\/"},"author":{"name":"admin","@id":"https:\/\/lavocedelpaese.info\/#\/schema\/person\/ec151d321306bd7591f7a061abf72d88"},"headline":"Tesseramento Pro Loco 2025\u00a0\u200b","datePublished":"2025-01-17T19:18:26+00:00","mainEntityOfPage":{"@id":"https:\/\/lavocedelpaese.info\/index.php\/2025\/01\/17\/tesseramento-pro-loco-2025\/"},"wordCount":839,"commentCount":0,"publisher":{"@id":"https:\/\/lavocedelpaese.info\/#organization"},"image":{"@id":"https:\/\/lavocedelpaese.info\/index.php\/2025\/01\/17\/tesseramento-pro-loco-2025\/#primaryimage"},"thumbnailUrl":"https:\/\/lavocedelpaese.info\/wp-content\/uploads\/2025\/01\/437570063_951999826928927_3965096806501586965_n-Wt2T5m.jpeg","articleSection":["network"],"inLanguage":"it-IT","potentialAction":[{"@type":"CommentAction","name":"Comment","target":["https:\/\/lavocedelpaese.info\/index.php\/2025\/01\/17\/tesseramento-pro-loco-2025\/#respond"]}]},{"@type":"WebPage","@id":"https:\/\/lavocedelpaese.info\/index.php\/2025\/01\/17\/tesseramento-pro-loco-2025\/","url":"https:\/\/lavocedelpaese.info\/index.php\/2025\/01\/17\/tesseramento-pro-loco-2025\/","name":"Tesseramento Pro Loco 2025\u00a0\u200b - La Voce del Paese","isPartOf":{"@id":"https:\/\/lavocedelpaese.info\/#website"},"primaryImageOfPage":{"@id":"https:\/\/lavocedelpaese.info\/index.php\/2025\/01\/17\/tesseramento-pro-loco-2025\/#primaryimage"},"image":{"@id":"https:\/\/lavocedelpaese.info\/index.php\/2025\/01\/17\/tesseramento-pro-loco-2025\/#primaryimage"},"thumbnailUrl":"https:\/\/lavocedelpaese.info\/wp-content\/uploads\/2025\/01\/437570063_951999826928927_3965096806501586965_n-Wt2T5m.jpeg","datePublished":"2025-01-17T19:18:26+00:00","breadcrumb":{"@id":"https:\/\/lavocedelpaese.info\/index.php\/2025\/01\/17\/tesseramento-pro-loco-2025\/#breadcrumb"},"inLanguage":"it-IT","potentialAction":[{"@type":"ReadAction","target":["https:\/\/lavocedelpaese.info\/index.php\/2025\/01\/17\/tesseramento-pro-loco-2025\/"]}]},{"@type":"ImageObject","inLanguage":"it-IT","@id":"https:\/\/lavocedelpaese.info\/index.php\/2025\/01\/17\/tesseramento-pro-loco-2025\/#primaryimage","url":"https:\/\/lavocedelpaese.info\/wp-content\/uploads\/2025\/01\/437570063_951999826928927_3965096806501586965_n-Wt2T5m.jpeg","contentUrl":"https:\/\/lavocedelpaese.info\/wp-content\/uploads\/2025\/01\/437570063_951999826928927_3965096806501586965_n-Wt2T5m.jpeg","width":640,"height":800},{"@type":"BreadcrumbList","@id":"https:\/\/lavocedelpaese.info\/index.php\/2025\/01\/17\/tesseramento-pro-loco-2025\/#breadcrumb","itemListElement":[{"@type":"ListItem","position":1,"name":"Home","item":"https:\/\/lavocedelpaese.info\/"},{"@type":"ListItem","position":2,"name":"Tesseramento Pro Loco 2025\u00a0\u200b"}]},{"@type":"WebSite","@id":"https:\/\/lavocedelpaese.info\/#website","url":"https:\/\/lavocedelpaese.info\/","name":"La Voce del Paese","description":"Un network di idee","publisher":{"@id":"https:\/\/lavocedelpaese.info\/#organization"},"potentialAction":[{"@type":"SearchAction","target":{"@type":"EntryPoint","urlTemplate":"https:\/\/lavocedelpaese.info\/?s={search_term_string}"},"query-input":{"@type":"PropertyValueSpecification","valueRequired":true,"valueName":"search_term_string"}}],"inLanguage":"it-IT"},{"@type":"Organization","@id":"https:\/\/lavocedelpaese.info\/#organization","name":"La Voce del Paese","url":"https:\/\/lavocedelpaese.info\/","logo":{"@type":"ImageObject","inLanguage":"it-IT","@id":"https:\/\/lavocedelpaese.info\/#\/schema\/logo\/image\/","url":"https:\/\/lavocedelpaese.info\/wp-content\/uploads\/2023\/01\/cropped-logo-150-127.png","contentUrl":"https:\/\/lavocedelpaese.info\/wp-content\/uploads\/2023\/01\/cropped-logo-150-127.png","width":137,"height":119,"caption":"La Voce del Paese"},"image":{"@id":"https:\/\/lavocedelpaese.info\/#\/schema\/logo\/image\/"},"sameAs":["https:\/\/www.facebook.com\/lavocedelpaese.info"]},{"@type":"Person","@id":"https:\/\/lavocedelpaese.info\/#\/schema\/person\/ec151d321306bd7591f7a061abf72d88","name":"admin","image":{"@type":"ImageObject","inLanguage":"it-IT","@id":"https:\/\/secure.gravatar.com\/avatar\/af8f2caf0663124588de48a9380e07cbc95a74ef15b8062d0d39106c32fe3023?s=96&d=mm&r=g","url":"https:\/\/secure.gravatar.com\/avatar\/af8f2caf0663124588de48a9380e07cbc95a74ef15b8062d0d39106c32fe3023?s=96&d=mm&r=g","contentUrl":"https:\/\/secure.gravatar.com\/avatar\/af8f2caf0663124588de48a9380e07cbc95a74ef15b8062d0d39106c32fe3023?s=96&d=mm&r=g","caption":"admin"},"sameAs":["https:\/\/lavocedelpaese.info"],"url":"https:\/\/lavocedelpaese.info\/index.php\/author\/admin\/"}]}},"_links":{"self":[{"href":"https:\/\/lavocedelpaese.info\/index.php\/wp-json\/wp\/v2\/posts\/8714","targetHints":{"allow":["GET"]}}],"collection":[{"href":"https:\/\/lavocedelpaese.info\/index.php\/wp-json\/wp\/v2\/posts"}],"about":[{"href":"https:\/\/lavocedelpaese.info\/index.php\/wp-json\/wp\/v2\/types\/post"}],"author":[{"embeddable":true,"href":"https:\/\/lavocedelpaese.info\/index.php\/wp-json\/wp\/v2\/users\/6"}],"replies":[{"embeddable":true,"href":"https:\/\/lavocedelpaese.info\/index.php\/wp-json\/wp\/v2\/comments?post=8714"}],"version-history":[{"count":0,"href":"https:\/\/lavocedelpaese.info\/index.php\/wp-json\/wp\/v2\/posts\/8714\/revisions"}],"wp:featuredmedia":[{"embeddable":true,"href":"https:\/\/lavocedelpaese.info\/index.php\/wp-json\/wp\/v2\/media\/8715"}],"wp:attachment":[{"href":"https:\/\/lavocedelpaese.info\/index.php\/wp-json\/wp\/v2\/media?parent=8714"}],"wp:term":[{"taxonomy":"category","embeddable":true,"href":"https:\/\/lavocedelpaese.info\/index.php\/wp-json\/wp\/v2\/categories?post=8714"},{"taxonomy":"post_tag","embeddable":true,"href":"https:\/\/lavocedelpaese.info\/index.php\/wp-json\/wp\/v2\/tags?post=8714"}],"curies":[{"name":"wp","href":"https:\/\/api.w.org\/{rel}","templated":true}]}}