{"id":8712,"date":"2025-01-17T19:18:23","date_gmt":"2025-01-17T19:18:23","guid":{"rendered":"https:\/\/lavocedelpaese.info\/index.php\/2025\/01\/17\/settimana-di-preghiera-per-lunita-dei-cristiani-18-25-gennaio-2025\/"},"modified":"2025-01-17T19:18:23","modified_gmt":"2025-01-17T19:18:23","slug":"settimana-di-preghiera-per-lunita-dei-cristiani-18-25-gennaio-2025","status":"publish","type":"post","link":"https:\/\/lavocedelpaese.info\/index.php\/2025\/01\/17\/settimana-di-preghiera-per-lunita-dei-cristiani-18-25-gennaio-2025\/","title":{"rendered":"Settimana di Preghiera per l\u2019Unit\u00e0 dei Cristiani (18-25 gennaio 2025)\u00a0\u200b"},"content":{"rendered":"<p>\u00a0<\/p>\n<p>\u200b\u00a0<\/p>\n<p>\u200b\u00a0<\/p>\n<p>\u201cCredi tu questo? (Giovanni 11, 26)\u201d.<\/p>\n<p>Recita cos\u00ec il claim per il 2025 per la Settimana di preghiera per l\u2019Unit\u00e0 dei Cristiani, che si svolger\u00e0 dal 18 al 25 gennaio.<\/p>\n<p>La Settimana di Preghiera per l\u2019Unit\u00e0 dei cristiani rappresenta un\u2019iniziativa ecumenica di preghiera nel quale tutte le confessioni cristiane pregano insieme per il raggiungimento della piena unit\u00e0 che \u00e8 il volere di Cristo stesso. Nata in ambito protestante nel 1908, nel 2008 ha festeggiato il centenario. Dal 1968 il tema e i testi per la preghiera sono elaborati congiuntamente dalla commissione Fede e Costituzione del Consiglio Ecumenico delle Chiese, per protestanti e ortodossi, e dal Pontificio Consiglio per la Promozione dell\u2019Unit\u00e0 dei Cristiani, per i cattolici.<\/p>\n<p><strong>IL PROGRAMMA<\/strong><\/p>\n<p><strong>Sabato 18 gennaio 2024<\/strong>\u00a0| Ore 18:00<br \/>Cattedrale \u2013 Piazza Duomo, Altamura<br \/>Apertura della Settimana con la preghiera dei Vespri in collaborazione con la Comunit\u00e0 di Ges\u00f9. Predicatore: S.E. Mons. Giuseppe RUSSO<\/p>\n<p><strong>Luned\u00ec 20 gennaio 2025<\/strong>|Ore 20:00<br \/>Cattedrale \u2013 Piazza Duomo, Altamura<br \/>Concerto meditativo \u201cRester\u00e0 la luce\u201d, in ricordo di Mario Fortunato Direnzo, del Consonare Ensemble. Direttore: M\u00b0 Luigi Leo<\/p>\n<p><strong>Marted\u00ec 21 gennaio 2025<\/strong>|Ore 20:00<br \/>Parrocchia Ges\u00f9 Buon Pastore, Gravina in Puglia<br \/>\u201cNoi crediamo in un solo Dio, Padre Onnipotente\u201d in collaborazione con i movimenti e le nuove comunit\u00e0. Predicatore: Prof. Matteo Calisi, fondatore e presidente della \u201cComunit\u00e0 di Ges\u00f9\u201d<\/p>\n<p><strong>Mercoled\u00ec 22 gennaio 2025<\/strong>|Ore 20:00<br \/>Cattedrale \u2013 Piazza Duomo, Altamura<br \/>\u201cNoi crediamo in un solo Signore, Ges\u00f9 Cristo\u201d in collaborazione con l\u2019A.C.R.. Predicatore: Don Angelo Cianciotta, Vicario Generale della Diocesi di Altamura \u2013 Gravina \u2013 Acquaviva delle Fonti<\/p>\n<p><strong>Gioved\u00ec 23 gennaio 2025<\/strong>|Ore 20:00<br \/>Parrocchia S. Maria della Consolazione, Altamura<br \/>\u201cNoi crediamo nello Spirito Santo\u201d in collaborazione con la A.C.I.. Predicatore: S. G. Sean Larkin, Arcivescovo della United Anglican Church. Woking (UK)<\/p>\n<p><strong>Venerd\u00ec 24 gennaio 2025<\/strong>|Ore 18:00<br \/>Chiesa Ortodossa Romena (Gi\u00e0 chiesa della Trinit\u00e0), Altamura<br \/>Chiusura della Settimana con la preghiera dei Vespri<\/p>\n<p><strong>Sabato 25 gennaio 2025<\/strong>|Ore 19:30<br \/>Chiesa Evangelica Battista, Gravina in Puglia<br \/>Celebrazione Ecumenica nel giorno di chiusura della Settimana di Preghiera per l\u2019Unit\u00e0 dei Cristiani.<\/p>\n<p><em>Alcune curiosit\u00e0:<\/em><\/p>\n<p><strong>PERCH\u00c9 SI CELEBRA DAL 18 AL 25 GENNAIO?<\/strong><br \/>La data tradizionale nell\u2019emisfero nord, va dal 18 al 25 gennaio, data proposta nel 1908 da padre Paul Wattson, perch\u00e9 compresa tra la festa della cattedra di san Pietro e quella della conversione di san Paolo; assume quindi un significato simbolico. Nell\u2019emisfero sud, in cui gennaio \u00e8 periodo di vacanza, le chiese celebrano la Settimana di preghiera in altre date, per esempio nel tempo di Pentecoste (come suggerito dal movimento Fede e Costituzione nel 1926), periodo altrettanto simbolico per l\u2019unit\u00e0 della Chiesa.<\/p>\n<p><strong>QUANDO NASCE?<\/strong><br \/>In realt\u00e0, la prima ipotesi di una preghiera per l\u2019unit\u00e0 delle Chiese, antenata dell\u2019odierna Settimana di preghiera, nasce in ambito protestante alla fine del XVIII secolo; e nella seconda met\u00e0 dell\u2019Ottocento comincia a diffondersi un\u2019Unione di preghiera per l\u2019unit\u00e0 sostenuta sia dalla prima Assemblea dei vescovi anglicani a Lambeth (1867) sia da papa Leone XIII (1894), che invita a inserirla nel contesto della festa di Pentecoste. Agli inizi del Novecento, poi, il Patriarca ecumenico di Costantinopoli Joachim III scrive l\u2019enciclica patriarcale e sinodale Lettera irenica (1902), in cui invita a pregare per l\u2019unione dei credenti in Cristo. Sar\u00e0 infine il reverendo Paul Wattson a proporre definitivamente la celebrazione dell\u2019Ottavario che lo celebra per la prima volta a Graymoor (New York), dal 18 al 25 gennaio, auspicando che divenga pratica comune.<\/p>\n<p>Nel 1926 Il movimento Fede e Costituzione d\u00e0 avvio alla pubblicazione dei Suggerimenti per l\u2019Ottavario di preghiera per l\u2019unit\u00e0 dei cristiani (Suggestions for an Octave of Prayer for Christian Unity), mentre nel 1935 l\u2019abate Paul Couturier, in Francia, promuove la Settimana universale di preghiera per l\u2019unit\u00e0 dei cristiani, basata sulla preghiera per \u00abl\u2019unit\u00e0 voluta da Cristo, con i mezzi voluti da lui\u00bb. Nel 1958 Il Centre Oecum\u00e9nique Unit\u00e9 Chr\u00e9tienne di Lione (Francia) inizia la preparazione del materiale per la Settimana di preghiera in collaborazione con la commissione Fede e Costituzione del Consiglio Ecumenico delle Chiese.<\/p>\n<p>Nel 2008 viene celebrato solennemente, in tutto il mondo, con vari eventi, il primo centenario della Settimana di preghiera, il cui tema \u00abPregate continuamente!\u00bb (1Ts 5,17) manifestava la gioia per i cento anni di comune preghiera e per i risultati raggiunti.<\/p>\n<p><strong>COME SI CELEBRA E CHI SCEGLIE I TESTI?<\/strong><br \/>Attualmente la Settimana si celebra con un tema generale, e a partire da un passo biblico appositamente scelto e da un sussidio elaborato congiuntamente, a partire dal 1968, dalla commissione Fede e costituzione del CEC (protestanti e ortodossi) e dal Pontificio consiglio per la promozione dell\u2019unit\u00e0 dei cristiani (cattolici), \u201cantenato\u201d del Segretariato per l\u2019unione dei cristiani voluto da Giovanni XXIII.<\/p>\n<p><a href=\"https:\/\/www.diocesidialtamura.it\/wp-content\/uploads\/2025\/01\/fde19466-cd0d-4ac7-9c5a-462465436002.jpg\" target=\"_blank\" rel=\"noreferrer noopener\">Scarica il programma<\/a><\/p>\n<figure class=\"wp-block-image size-full\"><img decoding=\"async\" width=\"566\" height=\"800\" src=\"https:\/\/acquaviva.lavocedelpaese.info\/wp-content\/uploads\/2025\/01\/82b10082-b387-44ec-898a-eed4ea6bb6d7.jpg\" alt=\"\" class=\"wp-image-5201\"\/><\/figure>\n<p><a class=\"a2a_button_facebook\" href=\"https:\/\/www.addtoany.com\/add_to\/facebook?linkurl=https%3A%2F%2Facquaviva.lavocedelpaese.info%2Findex.php%2F2025%2F01%2F17%2Fsettimana-di-preghiera-per-lunita-dei-cristiani-18-25-gennaio-2025%2F&amp;linkname=Settimana%20di%20Preghiera%20per%20l%E2%80%99Unit%C3%A0%20dei%20Cristiani%20%2818-25%20gennaio%202025%29\" title=\"Facebook\" rel=\"nofollow noopener\" target=\"_blank\"><\/a><a class=\"a2a_button_twitter\" href=\"https:\/\/www.addtoany.com\/add_to\/twitter?linkurl=https%3A%2F%2Facquaviva.lavocedelpaese.info%2Findex.php%2F2025%2F01%2F17%2Fsettimana-di-preghiera-per-lunita-dei-cristiani-18-25-gennaio-2025%2F&amp;linkname=Settimana%20di%20Preghiera%20per%20l%E2%80%99Unit%C3%A0%20dei%20Cristiani%20%2818-25%20gennaio%202025%29\" title=\"Twitter\" rel=\"nofollow noopener\" target=\"_blank\"><\/a><a class=\"a2a_button_whatsapp\" href=\"https:\/\/www.addtoany.com\/add_to\/whatsapp?linkurl=https%3A%2F%2Facquaviva.lavocedelpaese.info%2Findex.php%2F2025%2F01%2F17%2Fsettimana-di-preghiera-per-lunita-dei-cristiani-18-25-gennaio-2025%2F&amp;linkname=Settimana%20di%20Preghiera%20per%20l%E2%80%99Unit%C3%A0%20dei%20Cristiani%20%2818-25%20gennaio%202025%29\" title=\"WhatsApp\" rel=\"nofollow noopener\" target=\"_blank\"><\/a><a class=\"a2a_button_telegram\" href=\"https:\/\/www.addtoany.com\/add_to\/telegram?linkurl=https%3A%2F%2Facquaviva.lavocedelpaese.info%2Findex.php%2F2025%2F01%2F17%2Fsettimana-di-preghiera-per-lunita-dei-cristiani-18-25-gennaio-2025%2F&amp;linkname=Settimana%20di%20Preghiera%20per%20l%E2%80%99Unit%C3%A0%20dei%20Cristiani%20%2818-25%20gennaio%202025%29\" title=\"Telegram\" rel=\"nofollow noopener\" target=\"_blank\"><\/a><a class=\"a2a_button_email\" href=\"https:\/\/www.addtoany.com\/add_to\/email?linkurl=https%3A%2F%2Facquaviva.lavocedelpaese.info%2Findex.php%2F2025%2F01%2F17%2Fsettimana-di-preghiera-per-lunita-dei-cristiani-18-25-gennaio-2025%2F&amp;linkname=Settimana%20di%20Preghiera%20per%20l%E2%80%99Unit%C3%A0%20dei%20Cristiani%20%2818-25%20gennaio%202025%29\" title=\"Email\" rel=\"nofollow noopener\" target=\"_blank\"><\/a><\/p>\n<p>\u00a0<\/p>\n<p>\u00a0<\/p>\n<p>\u200b\u00a0\u00a0\u00a0<\/p>","protected":false},"excerpt":{"rendered":"<p>\u00a0 \u200b\u00a0 \u200b\u00a0 \u201cCredi tu questo? (Giovanni 11, 26)\u201d. Recita cos\u00ec il claim per il 2025 per la Settimana di<\/p>\n","protected":false},"author":6,"featured_media":8713,"comment_status":"open","ping_status":"closed","sticky":false,"template":"","format":"standard","meta":{"colormag_page_container_layout":"default_layout","colormag_page_sidebar_layout":"default_layout","footnotes":""},"categories":[33],"tags":[],"class_list":["post-8712","post","type-post","status-publish","format-standard","has-post-thumbnail","hentry","category-network"],"yoast_head":"<!-- This site is optimized with the Yoast SEO plugin v27.5 - https:\/\/yoast.com\/product\/yoast-seo-wordpress\/ -->\n<title>Settimana di Preghiera per l\u2019Unit\u00e0 dei Cristiani (18-25 gennaio 2025)\u00a0\u200b - La Voce del Paese<\/title>\n<meta name=\"robots\" content=\"index, follow, max-snippet:-1, max-image-preview:large, max-video-preview:-1\" \/>\n<link rel=\"canonical\" href=\"https:\/\/lavocedelpaese.info\/index.php\/2025\/01\/17\/settimana-di-preghiera-per-lunita-dei-cristiani-18-25-gennaio-2025\/\" \/>\n<meta property=\"og:locale\" content=\"it_IT\" \/>\n<meta property=\"og:type\" content=\"article\" \/>\n<meta property=\"og:title\" content=\"Settimana di Preghiera per l\u2019Unit\u00e0 dei Cristiani (18-25 gennaio 2025)\u00a0\u200b - La Voce del Paese\" \/>\n<meta property=\"og:description\" content=\"\u00a0 \u200b\u00a0 \u200b\u00a0 \u201cCredi tu questo? (Giovanni 11, 26)\u201d. Recita cos\u00ec il claim per il 2025 per la Settimana di\" \/>\n<meta property=\"og:url\" content=\"https:\/\/lavocedelpaese.info\/index.php\/2025\/01\/17\/settimana-di-preghiera-per-lunita-dei-cristiani-18-25-gennaio-2025\/\" \/>\n<meta property=\"og:site_name\" content=\"La Voce del Paese\" \/>\n<meta property=\"article:publisher\" content=\"https:\/\/www.facebook.com\/lavocedelpaese.info\" \/>\n<meta property=\"article:published_time\" content=\"2025-01-17T19:18:23+00:00\" \/>\n<meta name=\"author\" content=\"admin\" \/>\n<meta name=\"twitter:card\" content=\"summary_large_image\" \/>\n<meta name=\"twitter:label1\" content=\"Scritto da\" \/>\n\t<meta name=\"twitter:data1\" content=\"admin\" \/>\n\t<meta name=\"twitter:label2\" content=\"Tempo di lettura stimato\" \/>\n\t<meta name=\"twitter:data2\" content=\"4 minuti\" \/>\n<script type=\"application\/ld+json\" class=\"yoast-schema-graph\">{\"@context\":\"https:\\\/\\\/schema.org\",\"@graph\":[{\"@type\":\"Article\",\"@id\":\"https:\\\/\\\/lavocedelpaese.info\\\/index.php\\\/2025\\\/01\\\/17\\\/settimana-di-preghiera-per-lunita-dei-cristiani-18-25-gennaio-2025\\\/#article\",\"isPartOf\":{\"@id\":\"https:\\\/\\\/lavocedelpaese.info\\\/index.php\\\/2025\\\/01\\\/17\\\/settimana-di-preghiera-per-lunita-dei-cristiani-18-25-gennaio-2025\\\/\"},\"author\":{\"name\":\"admin\",\"@id\":\"https:\\\/\\\/lavocedelpaese.info\\\/#\\\/schema\\\/person\\\/ec151d321306bd7591f7a061abf72d88\"},\"headline\":\"Settimana di Preghiera per l\u2019Unit\u00e0 dei Cristiani (18-25 gennaio 2025)\u00a0\u200b\",\"datePublished\":\"2025-01-17T19:18:23+00:00\",\"mainEntityOfPage\":{\"@id\":\"https:\\\/\\\/lavocedelpaese.info\\\/index.php\\\/2025\\\/01\\\/17\\\/settimana-di-preghiera-per-lunita-dei-cristiani-18-25-gennaio-2025\\\/\"},\"wordCount\":755,\"commentCount\":0,\"publisher\":{\"@id\":\"https:\\\/\\\/lavocedelpaese.info\\\/#organization\"},\"image\":{\"@id\":\"https:\\\/\\\/lavocedelpaese.info\\\/index.php\\\/2025\\\/01\\\/17\\\/settimana-di-preghiera-per-lunita-dei-cristiani-18-25-gennaio-2025\\\/#primaryimage\"},\"thumbnailUrl\":\"https:\\\/\\\/lavocedelpaese.info\\\/wp-content\\\/uploads\\\/2025\\\/01\\\/82b10082-b387-44ec-898a-eed4ea6bb6d7-ugqA8n.jpeg\",\"articleSection\":[\"network\"],\"inLanguage\":\"it-IT\",\"potentialAction\":[{\"@type\":\"CommentAction\",\"name\":\"Comment\",\"target\":[\"https:\\\/\\\/lavocedelpaese.info\\\/index.php\\\/2025\\\/01\\\/17\\\/settimana-di-preghiera-per-lunita-dei-cristiani-18-25-gennaio-2025\\\/#respond\"]}]},{\"@type\":\"WebPage\",\"@id\":\"https:\\\/\\\/lavocedelpaese.info\\\/index.php\\\/2025\\\/01\\\/17\\\/settimana-di-preghiera-per-lunita-dei-cristiani-18-25-gennaio-2025\\\/\",\"url\":\"https:\\\/\\\/lavocedelpaese.info\\\/index.php\\\/2025\\\/01\\\/17\\\/settimana-di-preghiera-per-lunita-dei-cristiani-18-25-gennaio-2025\\\/\",\"name\":\"Settimana di Preghiera per l\u2019Unit\u00e0 dei Cristiani (18-25 gennaio 2025)\u00a0\u200b - La Voce del Paese\",\"isPartOf\":{\"@id\":\"https:\\\/\\\/lavocedelpaese.info\\\/#website\"},\"primaryImageOfPage\":{\"@id\":\"https:\\\/\\\/lavocedelpaese.info\\\/index.php\\\/2025\\\/01\\\/17\\\/settimana-di-preghiera-per-lunita-dei-cristiani-18-25-gennaio-2025\\\/#primaryimage\"},\"image\":{\"@id\":\"https:\\\/\\\/lavocedelpaese.info\\\/index.php\\\/2025\\\/01\\\/17\\\/settimana-di-preghiera-per-lunita-dei-cristiani-18-25-gennaio-2025\\\/#primaryimage\"},\"thumbnailUrl\":\"https:\\\/\\\/lavocedelpaese.info\\\/wp-content\\\/uploads\\\/2025\\\/01\\\/82b10082-b387-44ec-898a-eed4ea6bb6d7-ugqA8n.jpeg\",\"datePublished\":\"2025-01-17T19:18:23+00:00\",\"breadcrumb\":{\"@id\":\"https:\\\/\\\/lavocedelpaese.info\\\/index.php\\\/2025\\\/01\\\/17\\\/settimana-di-preghiera-per-lunita-dei-cristiani-18-25-gennaio-2025\\\/#breadcrumb\"},\"inLanguage\":\"it-IT\",\"potentialAction\":[{\"@type\":\"ReadAction\",\"target\":[\"https:\\\/\\\/lavocedelpaese.info\\\/index.php\\\/2025\\\/01\\\/17\\\/settimana-di-preghiera-per-lunita-dei-cristiani-18-25-gennaio-2025\\\/\"]}]},{\"@type\":\"ImageObject\",\"inLanguage\":\"it-IT\",\"@id\":\"https:\\\/\\\/lavocedelpaese.info\\\/index.php\\\/2025\\\/01\\\/17\\\/settimana-di-preghiera-per-lunita-dei-cristiani-18-25-gennaio-2025\\\/#primaryimage\",\"url\":\"https:\\\/\\\/lavocedelpaese.info\\\/wp-content\\\/uploads\\\/2025\\\/01\\\/82b10082-b387-44ec-898a-eed4ea6bb6d7-ugqA8n.jpeg\",\"contentUrl\":\"https:\\\/\\\/lavocedelpaese.info\\\/wp-content\\\/uploads\\\/2025\\\/01\\\/82b10082-b387-44ec-898a-eed4ea6bb6d7-ugqA8n.jpeg\",\"width\":566,\"height\":800},{\"@type\":\"BreadcrumbList\",\"@id\":\"https:\\\/\\\/lavocedelpaese.info\\\/index.php\\\/2025\\\/01\\\/17\\\/settimana-di-preghiera-per-lunita-dei-cristiani-18-25-gennaio-2025\\\/#breadcrumb\",\"itemListElement\":[{\"@type\":\"ListItem\",\"position\":1,\"name\":\"Home\",\"item\":\"https:\\\/\\\/lavocedelpaese.info\\\/\"},{\"@type\":\"ListItem\",\"position\":2,\"name\":\"Settimana di Preghiera per l\u2019Unit\u00e0 dei Cristiani (18-25 gennaio 2025)\u00a0\u200b\"}]},{\"@type\":\"WebSite\",\"@id\":\"https:\\\/\\\/lavocedelpaese.info\\\/#website\",\"url\":\"https:\\\/\\\/lavocedelpaese.info\\\/\",\"name\":\"La Voce del Paese\",\"description\":\"Un network di idee\",\"publisher\":{\"@id\":\"https:\\\/\\\/lavocedelpaese.info\\\/#organization\"},\"potentialAction\":[{\"@type\":\"SearchAction\",\"target\":{\"@type\":\"EntryPoint\",\"urlTemplate\":\"https:\\\/\\\/lavocedelpaese.info\\\/?s={search_term_string}\"},\"query-input\":{\"@type\":\"PropertyValueSpecification\",\"valueRequired\":true,\"valueName\":\"search_term_string\"}}],\"inLanguage\":\"it-IT\"},{\"@type\":\"Organization\",\"@id\":\"https:\\\/\\\/lavocedelpaese.info\\\/#organization\",\"name\":\"La Voce del Paese\",\"url\":\"https:\\\/\\\/lavocedelpaese.info\\\/\",\"logo\":{\"@type\":\"ImageObject\",\"inLanguage\":\"it-IT\",\"@id\":\"https:\\\/\\\/lavocedelpaese.info\\\/#\\\/schema\\\/logo\\\/image\\\/\",\"url\":\"https:\\\/\\\/lavocedelpaese.info\\\/wp-content\\\/uploads\\\/2023\\\/01\\\/cropped-logo-150-127.png\",\"contentUrl\":\"https:\\\/\\\/lavocedelpaese.info\\\/wp-content\\\/uploads\\\/2023\\\/01\\\/cropped-logo-150-127.png\",\"width\":137,\"height\":119,\"caption\":\"La Voce del Paese\"},\"image\":{\"@id\":\"https:\\\/\\\/lavocedelpaese.info\\\/#\\\/schema\\\/logo\\\/image\\\/\"},\"sameAs\":[\"https:\\\/\\\/www.facebook.com\\\/lavocedelpaese.info\"]},{\"@type\":\"Person\",\"@id\":\"https:\\\/\\\/lavocedelpaese.info\\\/#\\\/schema\\\/person\\\/ec151d321306bd7591f7a061abf72d88\",\"name\":\"admin\",\"image\":{\"@type\":\"ImageObject\",\"inLanguage\":\"it-IT\",\"@id\":\"https:\\\/\\\/secure.gravatar.com\\\/avatar\\\/af8f2caf0663124588de48a9380e07cbc95a74ef15b8062d0d39106c32fe3023?s=96&d=mm&r=g\",\"url\":\"https:\\\/\\\/secure.gravatar.com\\\/avatar\\\/af8f2caf0663124588de48a9380e07cbc95a74ef15b8062d0d39106c32fe3023?s=96&d=mm&r=g\",\"contentUrl\":\"https:\\\/\\\/secure.gravatar.com\\\/avatar\\\/af8f2caf0663124588de48a9380e07cbc95a74ef15b8062d0d39106c32fe3023?s=96&d=mm&r=g\",\"caption\":\"admin\"},\"sameAs\":[\"https:\\\/\\\/lavocedelpaese.info\"],\"url\":\"https:\\\/\\\/lavocedelpaese.info\\\/index.php\\\/author\\\/admin\\\/\"}]}<\/script>\n<!-- \/ Yoast SEO plugin. -->","yoast_head_json":{"title":"Settimana di Preghiera per l\u2019Unit\u00e0 dei Cristiani (18-25 gennaio 2025)\u00a0\u200b - La Voce del Paese","robots":{"index":"index","follow":"follow","max-snippet":"max-snippet:-1","max-image-preview":"max-image-preview:large","max-video-preview":"max-video-preview:-1"},"canonical":"https:\/\/lavocedelpaese.info\/index.php\/2025\/01\/17\/settimana-di-preghiera-per-lunita-dei-cristiani-18-25-gennaio-2025\/","og_locale":"it_IT","og_type":"article","og_title":"Settimana di Preghiera per l\u2019Unit\u00e0 dei Cristiani (18-25 gennaio 2025)\u00a0\u200b - La Voce del Paese","og_description":"\u00a0 \u200b\u00a0 \u200b\u00a0 \u201cCredi tu questo? (Giovanni 11, 26)\u201d. Recita cos\u00ec il claim per il 2025 per la Settimana di","og_url":"https:\/\/lavocedelpaese.info\/index.php\/2025\/01\/17\/settimana-di-preghiera-per-lunita-dei-cristiani-18-25-gennaio-2025\/","og_site_name":"La Voce del Paese","article_publisher":"https:\/\/www.facebook.com\/lavocedelpaese.info","article_published_time":"2025-01-17T19:18:23+00:00","author":"admin","twitter_card":"summary_large_image","twitter_misc":{"Scritto da":"admin","Tempo di lettura stimato":"4 minuti"},"schema":{"@context":"https:\/\/schema.org","@graph":[{"@type":"Article","@id":"https:\/\/lavocedelpaese.info\/index.php\/2025\/01\/17\/settimana-di-preghiera-per-lunita-dei-cristiani-18-25-gennaio-2025\/#article","isPartOf":{"@id":"https:\/\/lavocedelpaese.info\/index.php\/2025\/01\/17\/settimana-di-preghiera-per-lunita-dei-cristiani-18-25-gennaio-2025\/"},"author":{"name":"admin","@id":"https:\/\/lavocedelpaese.info\/#\/schema\/person\/ec151d321306bd7591f7a061abf72d88"},"headline":"Settimana di Preghiera per l\u2019Unit\u00e0 dei Cristiani (18-25 gennaio 2025)\u00a0\u200b","datePublished":"2025-01-17T19:18:23+00:00","mainEntityOfPage":{"@id":"https:\/\/lavocedelpaese.info\/index.php\/2025\/01\/17\/settimana-di-preghiera-per-lunita-dei-cristiani-18-25-gennaio-2025\/"},"wordCount":755,"commentCount":0,"publisher":{"@id":"https:\/\/lavocedelpaese.info\/#organization"},"image":{"@id":"https:\/\/lavocedelpaese.info\/index.php\/2025\/01\/17\/settimana-di-preghiera-per-lunita-dei-cristiani-18-25-gennaio-2025\/#primaryimage"},"thumbnailUrl":"https:\/\/lavocedelpaese.info\/wp-content\/uploads\/2025\/01\/82b10082-b387-44ec-898a-eed4ea6bb6d7-ugqA8n.jpeg","articleSection":["network"],"inLanguage":"it-IT","potentialAction":[{"@type":"CommentAction","name":"Comment","target":["https:\/\/lavocedelpaese.info\/index.php\/2025\/01\/17\/settimana-di-preghiera-per-lunita-dei-cristiani-18-25-gennaio-2025\/#respond"]}]},{"@type":"WebPage","@id":"https:\/\/lavocedelpaese.info\/index.php\/2025\/01\/17\/settimana-di-preghiera-per-lunita-dei-cristiani-18-25-gennaio-2025\/","url":"https:\/\/lavocedelpaese.info\/index.php\/2025\/01\/17\/settimana-di-preghiera-per-lunita-dei-cristiani-18-25-gennaio-2025\/","name":"Settimana di Preghiera per l\u2019Unit\u00e0 dei Cristiani (18-25 gennaio 2025)\u00a0\u200b - La Voce del Paese","isPartOf":{"@id":"https:\/\/lavocedelpaese.info\/#website"},"primaryImageOfPage":{"@id":"https:\/\/lavocedelpaese.info\/index.php\/2025\/01\/17\/settimana-di-preghiera-per-lunita-dei-cristiani-18-25-gennaio-2025\/#primaryimage"},"image":{"@id":"https:\/\/lavocedelpaese.info\/index.php\/2025\/01\/17\/settimana-di-preghiera-per-lunita-dei-cristiani-18-25-gennaio-2025\/#primaryimage"},"thumbnailUrl":"https:\/\/lavocedelpaese.info\/wp-content\/uploads\/2025\/01\/82b10082-b387-44ec-898a-eed4ea6bb6d7-ugqA8n.jpeg","datePublished":"2025-01-17T19:18:23+00:00","breadcrumb":{"@id":"https:\/\/lavocedelpaese.info\/index.php\/2025\/01\/17\/settimana-di-preghiera-per-lunita-dei-cristiani-18-25-gennaio-2025\/#breadcrumb"},"inLanguage":"it-IT","potentialAction":[{"@type":"ReadAction","target":["https:\/\/lavocedelpaese.info\/index.php\/2025\/01\/17\/settimana-di-preghiera-per-lunita-dei-cristiani-18-25-gennaio-2025\/"]}]},{"@type":"ImageObject","inLanguage":"it-IT","@id":"https:\/\/lavocedelpaese.info\/index.php\/2025\/01\/17\/settimana-di-preghiera-per-lunita-dei-cristiani-18-25-gennaio-2025\/#primaryimage","url":"https:\/\/lavocedelpaese.info\/wp-content\/uploads\/2025\/01\/82b10082-b387-44ec-898a-eed4ea6bb6d7-ugqA8n.jpeg","contentUrl":"https:\/\/lavocedelpaese.info\/wp-content\/uploads\/2025\/01\/82b10082-b387-44ec-898a-eed4ea6bb6d7-ugqA8n.jpeg","width":566,"height":800},{"@type":"BreadcrumbList","@id":"https:\/\/lavocedelpaese.info\/index.php\/2025\/01\/17\/settimana-di-preghiera-per-lunita-dei-cristiani-18-25-gennaio-2025\/#breadcrumb","itemListElement":[{"@type":"ListItem","position":1,"name":"Home","item":"https:\/\/lavocedelpaese.info\/"},{"@type":"ListItem","position":2,"name":"Settimana di Preghiera per l\u2019Unit\u00e0 dei Cristiani (18-25 gennaio 2025)\u00a0\u200b"}]},{"@type":"WebSite","@id":"https:\/\/lavocedelpaese.info\/#website","url":"https:\/\/lavocedelpaese.info\/","name":"La Voce del Paese","description":"Un network di idee","publisher":{"@id":"https:\/\/lavocedelpaese.info\/#organization"},"potentialAction":[{"@type":"SearchAction","target":{"@type":"EntryPoint","urlTemplate":"https:\/\/lavocedelpaese.info\/?s={search_term_string}"},"query-input":{"@type":"PropertyValueSpecification","valueRequired":true,"valueName":"search_term_string"}}],"inLanguage":"it-IT"},{"@type":"Organization","@id":"https:\/\/lavocedelpaese.info\/#organization","name":"La Voce del Paese","url":"https:\/\/lavocedelpaese.info\/","logo":{"@type":"ImageObject","inLanguage":"it-IT","@id":"https:\/\/lavocedelpaese.info\/#\/schema\/logo\/image\/","url":"https:\/\/lavocedelpaese.info\/wp-content\/uploads\/2023\/01\/cropped-logo-150-127.png","contentUrl":"https:\/\/lavocedelpaese.info\/wp-content\/uploads\/2023\/01\/cropped-logo-150-127.png","width":137,"height":119,"caption":"La Voce del Paese"},"image":{"@id":"https:\/\/lavocedelpaese.info\/#\/schema\/logo\/image\/"},"sameAs":["https:\/\/www.facebook.com\/lavocedelpaese.info"]},{"@type":"Person","@id":"https:\/\/lavocedelpaese.info\/#\/schema\/person\/ec151d321306bd7591f7a061abf72d88","name":"admin","image":{"@type":"ImageObject","inLanguage":"it-IT","@id":"https:\/\/secure.gravatar.com\/avatar\/af8f2caf0663124588de48a9380e07cbc95a74ef15b8062d0d39106c32fe3023?s=96&d=mm&r=g","url":"https:\/\/secure.gravatar.com\/avatar\/af8f2caf0663124588de48a9380e07cbc95a74ef15b8062d0d39106c32fe3023?s=96&d=mm&r=g","contentUrl":"https:\/\/secure.gravatar.com\/avatar\/af8f2caf0663124588de48a9380e07cbc95a74ef15b8062d0d39106c32fe3023?s=96&d=mm&r=g","caption":"admin"},"sameAs":["https:\/\/lavocedelpaese.info"],"url":"https:\/\/lavocedelpaese.info\/index.php\/author\/admin\/"}]}},"_links":{"self":[{"href":"https:\/\/lavocedelpaese.info\/index.php\/wp-json\/wp\/v2\/posts\/8712","targetHints":{"allow":["GET"]}}],"collection":[{"href":"https:\/\/lavocedelpaese.info\/index.php\/wp-json\/wp\/v2\/posts"}],"about":[{"href":"https:\/\/lavocedelpaese.info\/index.php\/wp-json\/wp\/v2\/types\/post"}],"author":[{"embeddable":true,"href":"https:\/\/lavocedelpaese.info\/index.php\/wp-json\/wp\/v2\/users\/6"}],"replies":[{"embeddable":true,"href":"https:\/\/lavocedelpaese.info\/index.php\/wp-json\/wp\/v2\/comments?post=8712"}],"version-history":[{"count":0,"href":"https:\/\/lavocedelpaese.info\/index.php\/wp-json\/wp\/v2\/posts\/8712\/revisions"}],"wp:featuredmedia":[{"embeddable":true,"href":"https:\/\/lavocedelpaese.info\/index.php\/wp-json\/wp\/v2\/media\/8713"}],"wp:attachment":[{"href":"https:\/\/lavocedelpaese.info\/index.php\/wp-json\/wp\/v2\/media?parent=8712"}],"wp:term":[{"taxonomy":"category","embeddable":true,"href":"https:\/\/lavocedelpaese.info\/index.php\/wp-json\/wp\/v2\/categories?post=8712"},{"taxonomy":"post_tag","embeddable":true,"href":"https:\/\/lavocedelpaese.info\/index.php\/wp-json\/wp\/v2\/tags?post=8712"}],"curies":[{"name":"wp","href":"https:\/\/api.w.org\/{rel}","templated":true}]}}