{"id":8704,"date":"2025-01-15T07:18:31","date_gmt":"2025-01-15T07:18:31","guid":{"rendered":"https:\/\/lavocedelpaese.info\/index.php\/2025\/01\/15\/il-2025-inizia-con-tanti-appuntamenti-firmati-cultura-e-armonia\/"},"modified":"2025-01-15T07:18:31","modified_gmt":"2025-01-15T07:18:31","slug":"il-2025-inizia-con-tanti-appuntamenti-firmati-cultura-e-armonia","status":"publish","type":"post","link":"https:\/\/lavocedelpaese.info\/index.php\/2025\/01\/15\/il-2025-inizia-con-tanti-appuntamenti-firmati-cultura-e-armonia\/","title":{"rendered":"Il 2025 inizia con tanti appuntamenti firmati \u201cCultura e Armonia\u201d\u00a0\u200b"},"content":{"rendered":"<p>\u00a0<\/p>\n<p>\u200b\u00a0<\/p>\n<p>\u200b\u00a0<\/p>\n<div><\/div>\n<p>Le eleganti sale settecentesche di Palazzo Cozzolongo (via M. Orlandi 10\/12, Turi) si preparano ad accogliere ancora tanti eventi dedicati a cinema, letteratura, musica, arte, socialit\u00e0 e molto altro.<\/p>\n<p>Il programma della stagione \u00e8 in continua evoluzione, ma il punto fermo resta la rassegna Disordine \u2013 Il caos che rigenera, organizzata dall\u2019associazione <strong>Cultura e Armonia <\/strong>e curata da <strong>Tekmore Studio<\/strong>, grazie al supporto di Willy Green Technology, con il patrocinio gratuito della Regione Puglia (concesso con decreto 380 del 5\/9\/2024) e la collaborazione dell\u2019Accademia di Belle Arti di Bari.<\/p>\n<p>Prosegue l\u2019indagine sul disordine come forza generativa capace di ispirare trasformazioni. La rassegna, aprendo nuovi spazi di riflessione, vuole manifestare attraverso il cinema, la letteratura, le arti visive e la musica, un atto d\u2019amore nei confronti del futuro del nostro territorio.<\/p>\n<h4 class=\"wp-block-heading\"><strong>I prossimi appuntamenti a Palazzo Cozzolongo (ingresso libero)<\/strong>:<\/h4>\n<ul class=\"wp-block-list\">\n<li><strong>Mercoled\u00ec 15 gennaio<\/strong>, alle 20:00, esploriamo il disordine attraverso la visione della pellicola di Hirokazu kore\u2019eda: \ud835\udc14\ud835\udc27 \ud835\udc1a\ud835\udc1f\ud835\udc1f\ud835\udc1a\ud835\udc2b\ud835\udc1e \ud835\udc1d\ud835\udc22 \ud835\udc1f\ud835\udc1a\ud835\udc26\ud835\udc22\ud835\udc20\ud835\udc25\ud835\udc22\ud835\udc1a. Il film mostra una famiglia ai margini della societ\u00e0, che vive di espedienti, alle prese con una questione etica e morale nel momento in cui accolgono tra loro una bambina maltrattata. Pur essendo una famiglia \u201cdisfunzionale\u201d agli occhi della societ\u00e0, riesce a creare un legame affettuoso e autentico che sfida le convenzioni tradizionali. Il giapponese Kore\u2019eda esplora il caos morale della societ\u00e0, che giudica e condanna le azioni ma ignora le questioni pi\u00f9 profonde come la povert\u00e0 e l\u2019abbandono. Riflettendo sul concetto di famiglia e sulla linea sottile tra legittimo e illegittimo, giusto e sbagliato, mentre il sistema sociale sembra incapace di offrire soluzioni adeguate.<\/li>\n<\/ul>\n<ul class=\"wp-block-list\">\n<li><strong>Venerd\u00ec 24 gennaio<\/strong>, alle 21, si torna a suonare il disordine con Body electric, il progetto sperimentale dell\u2019artista <strong>Francesco Massaro<\/strong>, sassofonista, strumentista, compositore, talento del Jazz nazionale (tra i migliori 10 giovani italiani secondo la rivista specializzata Musica Jazz), allievo di Gianni Lenoci, col quale ha stretto anche un sodalizio artistico. Unendo il sax ad un sapiente utilizzo dell\u2019elettronica, Massaro dar\u00e0 vita ad un live immersivo ospitato all\u2019interno delle suggestive sale del palazzo turese del \u2018700. La performance esplora le possibilit\u00e0 espressive del sax, regalando sensazioni sonore coinvolgenti mai percepite prima. I suoi lavori discografici hanno ottenuto numerosi riconoscimenti da parte di critica e pubblico (Premio delle Arti, Premio SIAE per i talenti emergenti, Top Jazz Musica Jazz). Inoltre l\u2019artista si dedica a progetti di ricerca musicale (avant jazz, classica contemporanea, musiche popolari) e all\u2019interazione con le altre forme di espressione artistica (video, cinema, poesia, danza). Ingresso libero su prenotazione tramite eventbrite: https:\/\/shorturl.at\/PciIE<\/li>\n<\/ul>\n<ul class=\"wp-block-list\">\n<li><strong>Mercoled\u00ec 29 gennaio<\/strong>, alle 20:00, si prosegue con il cinema di Darren Aronofsky e la proiezione del suo <strong>The Whale<\/strong>. Il tema questa volta \u00e8 Disordine e corpo nel cinema. Il protagonista, Charlie, \u00e8 un uomo gravemente obeso che si \u00e8 isolato dal mondo, afflitto da senso di colpa e di vergogna dopo la morte del suo partner. Il corpo di Charlie \u00e8 fuori controllo, un riflesso fisico del caos interno che lo consuma. Aronofsky analizza come il dolore, il senso di colpa e la perdita portino a una rottura con se stessi e con gli altri, creando una spirale di auto-distruzione. La narrazione si concentra sul desiderio di redenzione di Charlie e sulla sua lotta per riconciliarsi con il passato.<\/li>\n<\/ul>\n<ul class=\"wp-block-list\">\n<li><strong>Gioved\u00ec 30 gennaio<\/strong>, alle 19:00, la professoressa <strong>Irene Martino <\/strong>presenta il nuovo appuntamento della rassegna Disordine \u2013 Il caos che rigenera dedicato a due luminari della letteratura latina: la professoressa <strong>Graziana Brescia <\/strong>e il professor <strong>Mario Lentano<\/strong>, che ci presentano Scrivere di donne in Roma antica (Cairo Editore, 2024). Il libro scritto a quattro mani mette al centro le donne e ne fa le protagoniste di un racconto spesso sorprendente, che vede svelare aspetti inediti, lasciando affiorare sfumature destinate altrimenti a rimanere nascoste. <br \/>La serata sar\u00e0 incorniciata da una suggestiva esibizione musicale curata dall\u2019<strong>Accademia turese<\/strong> <strong>Chi \u00e8 di scena<\/strong>.\n<p><strong>Graziana Brescia<\/strong> \u00e8 docente di \u201cLingua e Letteratura Latina\u201d presso l\u2019Universit\u00e0 di Bari \u201cAldo Moro\u201d. I suoi interessi di ricerca vertono su Sallustio, Virgilio, Ovidio, Seneca tragico, la declamazione latina, l\u2019antropologia del mondo antico, la fortuna dei classici e del mito. \u00c8 autrice di numerose pubblicazioni sulle figure femminili nell\u2019antica Roma. Tra le monografie su questo tema: Anna soror e le altre. Coppie di sorelle nella letteratura latina, (P\u00e0tron, Bologna 2012); G. Brescia, La donna violata. Casi di stuprum e raptus nella declamazione latina, (Edizioni Grifo, Lecce 2012); Giunone e la paelex. Dinamiche di un conflitto femminile tra terra e cielo, (ETS Pisa 2022).<\/p>\n<p><strong>Mario Lentano<\/strong> \u00e8 professore di Lingua e letteratura latina all\u2019Universit\u00e0 di Siena e membro del Centro Antropologia e mondo antico, diretto da Maurizio Bettini. Si occupa soprattutto di teatro comico, di retorica scolastica e del complesso dei miti sulle origini di Roma e l\u2019et\u00e0 monarchica. Tra i suoi titoli pi\u00f9 recenti ricordiamo Lucrezia. Vita e morte di una matrona romana (Carrocci editore, Roma, 2021), Romolo. La leggenda del fondatore (Carrocci editore, Roma, 2021), Straniero (Il Mulino, 2021). Per la Salerno editrice ha pubblicato Enea. L\u2019ultimo dei Troiani, il primo dei Romani (2020) e Virgilio (2022).<\/p><\/li>\n<\/ul>\n<p><\/p>\n<ul class=\"wp-block-list\">\n<li><strong>Fino al 28 febbraio<\/strong>, sar\u00e0 possibile visitare la personale dedicata a <strong>Giuseppe Marinelli <\/strong>dal titolo <strong>Interstizi entropici <\/strong>(testo critico di Gabriele Romeo), che esplora la potenza creativa del disordine.<br \/>Una costante nelle opere di Marinelli \u00e8 l\u2019elemento naturale, fondamentale nella sua ricerca artistica. Nel ciclo \u201cSovrapposizioni\u201d, una serie di immagini, legate tra loro da una composizione caotica, vanno a depositarsi nel nostro inconscio, stratificandosi nella mente. Attraverso le pennellate dell\u2019artista il caos viene reinterpretato come metamorfosi in grado di dar vita a qualcosa di nuovo.<br \/>In questo viaggio esplorativo, l\u2019artista ci invita a guardare oltre e a trasformare la confusione in una nuova forma di bellezza, in una rivoluzionaria fonte di energia creativa. Per riconoscere il caos non come un nemico bens\u00ec come elemento fondamentale della nostra esperienza.\n<p><strong>Giuseppe Marinelli<\/strong> nato a Castellana Grotte (BA) nel 1990, vive e lavora tra il Trentino e la Puglia. Nel 2019 si diploma in pittura all\u2019Accademia di Belle Arti di Bari. La sua prima personale \u201cLa pelle nomade della pittura\u201d si tiene nel 2018 presso la galleria VerniceArte di Bari. Nel 2022 partecipa alla terza edizione di \u201cARTEFICI DEL NOSTRO TEMPO\u201d nel 2022 in occasione della 59^ edizione della Biennale di Venezia \u201cTHE MILK OF DREAMS\u201d, in una mostra collettiva organizzata in collaborazione con il padiglione Venezia della Biennale e MUVE.<br \/>Nel 2023 partecipa a \u201cACCIONS \u2013 CRISI CLIMATICA, ARTE E SCIENZA\u201d a Barcellona. Nel medesimo anno espone a Paratissima con la mostra \u201cECDISI \u2013 le infinite mute dell\u2019animo\u201d, vincendo il Contemporary Vision Prize.<\/p>\n<p><img decoding=\"async\" src=\"https:\/\/s.w.org\/images\/core\/emoji\/15.0.3\/72x72\/1f4cc.png\" alt=\"\ud83d\udccc\" class=\"wp-smiley\"\/>Mostra visitabile dal marted\u00ec alla domenica, fino al 28 febbraio. Orari di visita: 10:30 \u2013 12:30 | 16:30 \u2013 20:30. (via Maggiore Orlandi 10\/12, Turi)<\/p><\/li>\n<\/ul>\n<p class=\"has-text-align-left\"><strong>Per tutti gli aggiornamenti \u00e8 possibile consultare i canali social di Cultura e armonia e il sito <a href=\"http:\/\/culturaearmonia.it\/\" target=\"_blank\" rel=\"noreferrer noopener\">culturaearmonia.it<\/a>. <\/strong><\/p>\n<p class=\"has-text-align-right\">Ufficio stampa Cultura &amp; Armonia \u2013 <a href=\"mailto:comunicazione@tekmore.it\">comunicazione@tekmore.it<\/a><\/p>\n\n<p><a class=\"a2a_button_facebook\" href=\"https:\/\/www.addtoany.com\/add_to\/facebook?linkurl=https%3A%2F%2Fturi.lavocedelpaese.info%2Fil-2025-inizia-con-tanti-appuntamenti-firmati-cultura-e-armonia%2F&amp;linkname=Il%202025%20inizia%20con%20tanti%20appuntamenti%20firmati%20%E2%80%9CCultura%20e%20Armonia%E2%80%9D\" title=\"Facebook\" rel=\"nofollow noopener\" target=\"_blank\"><\/a><a class=\"a2a_button_twitter\" href=\"https:\/\/www.addtoany.com\/add_to\/twitter?linkurl=https%3A%2F%2Fturi.lavocedelpaese.info%2Fil-2025-inizia-con-tanti-appuntamenti-firmati-cultura-e-armonia%2F&amp;linkname=Il%202025%20inizia%20con%20tanti%20appuntamenti%20firmati%20%E2%80%9CCultura%20e%20Armonia%E2%80%9D\" title=\"Twitter\" rel=\"nofollow noopener\" target=\"_blank\"><\/a><a class=\"a2a_button_whatsapp\" href=\"https:\/\/www.addtoany.com\/add_to\/whatsapp?linkurl=https%3A%2F%2Fturi.lavocedelpaese.info%2Fil-2025-inizia-con-tanti-appuntamenti-firmati-cultura-e-armonia%2F&amp;linkname=Il%202025%20inizia%20con%20tanti%20appuntamenti%20firmati%20%E2%80%9CCultura%20e%20Armonia%E2%80%9D\" title=\"WhatsApp\" rel=\"nofollow noopener\" target=\"_blank\"><\/a><a class=\"a2a_button_telegram\" href=\"https:\/\/www.addtoany.com\/add_to\/telegram?linkurl=https%3A%2F%2Fturi.lavocedelpaese.info%2Fil-2025-inizia-con-tanti-appuntamenti-firmati-cultura-e-armonia%2F&amp;linkname=Il%202025%20inizia%20con%20tanti%20appuntamenti%20firmati%20%E2%80%9CCultura%20e%20Armonia%E2%80%9D\" title=\"Telegram\" rel=\"nofollow noopener\" target=\"_blank\"><\/a><a class=\"a2a_button_email\" href=\"https:\/\/www.addtoany.com\/add_to\/email?linkurl=https%3A%2F%2Fturi.lavocedelpaese.info%2Fil-2025-inizia-con-tanti-appuntamenti-firmati-cultura-e-armonia%2F&amp;linkname=Il%202025%20inizia%20con%20tanti%20appuntamenti%20firmati%20%E2%80%9CCultura%20e%20Armonia%E2%80%9D\" title=\"Email\" rel=\"nofollow noopener\" target=\"_blank\"><\/a><\/p>\n<p>L&#8217;articolo <a href=\"https:\/\/turi.lavocedelpaese.info\/il-2025-inizia-con-tanti-appuntamenti-firmati-cultura-e-armonia\/\">Il 2025 inizia con tanti appuntamenti firmati \u201cCultura e Armonia\u201d<\/a> proviene da <a href=\"https:\/\/turi.lavocedelpaese.info\/\">Turi &#8211; La Voce del Paese<\/a>.<\/p>\n<p>\u00a0<\/p>\n<p>\u00a0<\/p>\n<p>\u200b\u00a0\u00a0\u00a0<\/p>","protected":false},"excerpt":{"rendered":"<p>\u00a0 \u200b\u00a0 \u200b\u00a0 Le eleganti sale settecentesche di Palazzo Cozzolongo (via M. Orlandi 10\/12, Turi) si preparano ad accogliere ancora<\/p>\n","protected":false},"author":6,"featured_media":730,"comment_status":"open","ping_status":"closed","sticky":false,"template":"","format":"standard","meta":{"colormag_page_container_layout":"default_layout","colormag_page_sidebar_layout":"default_layout","footnotes":""},"categories":[33],"tags":[],"class_list":["post-8704","post","type-post","status-publish","format-standard","has-post-thumbnail","hentry","category-network"],"yoast_head":"<!-- This site is optimized with the Yoast SEO plugin v27.5 - https:\/\/yoast.com\/product\/yoast-seo-wordpress\/ -->\n<title>Il 2025 inizia con tanti appuntamenti firmati \u201cCultura e Armonia\u201d\u00a0\u200b - La Voce del Paese<\/title>\n<meta name=\"robots\" content=\"index, follow, max-snippet:-1, max-image-preview:large, max-video-preview:-1\" \/>\n<link rel=\"canonical\" href=\"https:\/\/lavocedelpaese.info\/index.php\/2025\/01\/15\/il-2025-inizia-con-tanti-appuntamenti-firmati-cultura-e-armonia\/\" \/>\n<meta property=\"og:locale\" content=\"it_IT\" \/>\n<meta property=\"og:type\" content=\"article\" \/>\n<meta property=\"og:title\" content=\"Il 2025 inizia con tanti appuntamenti firmati \u201cCultura e Armonia\u201d\u00a0\u200b - La Voce del Paese\" \/>\n<meta property=\"og:description\" content=\"\u00a0 \u200b\u00a0 \u200b\u00a0 Le eleganti sale settecentesche di Palazzo Cozzolongo (via M. Orlandi 10\/12, Turi) si preparano ad accogliere ancora\" \/>\n<meta property=\"og:url\" content=\"https:\/\/lavocedelpaese.info\/index.php\/2025\/01\/15\/il-2025-inizia-con-tanti-appuntamenti-firmati-cultura-e-armonia\/\" \/>\n<meta property=\"og:site_name\" content=\"La Voce del Paese\" \/>\n<meta property=\"article:publisher\" content=\"https:\/\/www.facebook.com\/lavocedelpaese.info\" \/>\n<meta property=\"article:published_time\" content=\"2025-01-15T07:18:31+00:00\" \/>\n<meta property=\"og:image\" content=\"https:\/\/s.w.org\/images\/core\/emoji\/15.0.3\/72x72\/1f4cc.png\" \/>\n<meta name=\"author\" content=\"admin\" \/>\n<meta name=\"twitter:card\" content=\"summary_large_image\" \/>\n<meta name=\"twitter:label1\" content=\"Scritto da\" \/>\n\t<meta name=\"twitter:data1\" content=\"admin\" \/>\n\t<meta name=\"twitter:label2\" content=\"Tempo di lettura stimato\" \/>\n\t<meta name=\"twitter:data2\" content=\"6 minuti\" \/>\n<script type=\"application\/ld+json\" class=\"yoast-schema-graph\">{\"@context\":\"https:\\\/\\\/schema.org\",\"@graph\":[{\"@type\":\"Article\",\"@id\":\"https:\\\/\\\/lavocedelpaese.info\\\/index.php\\\/2025\\\/01\\\/15\\\/il-2025-inizia-con-tanti-appuntamenti-firmati-cultura-e-armonia\\\/#article\",\"isPartOf\":{\"@id\":\"https:\\\/\\\/lavocedelpaese.info\\\/index.php\\\/2025\\\/01\\\/15\\\/il-2025-inizia-con-tanti-appuntamenti-firmati-cultura-e-armonia\\\/\"},\"author\":{\"name\":\"admin\",\"@id\":\"https:\\\/\\\/lavocedelpaese.info\\\/#\\\/schema\\\/person\\\/ec151d321306bd7591f7a061abf72d88\"},\"headline\":\"Il 2025 inizia con tanti appuntamenti firmati \u201cCultura e Armonia\u201d\u00a0\u200b\",\"datePublished\":\"2025-01-15T07:18:31+00:00\",\"mainEntityOfPage\":{\"@id\":\"https:\\\/\\\/lavocedelpaese.info\\\/index.php\\\/2025\\\/01\\\/15\\\/il-2025-inizia-con-tanti-appuntamenti-firmati-cultura-e-armonia\\\/\"},\"wordCount\":1136,\"commentCount\":0,\"publisher\":{\"@id\":\"https:\\\/\\\/lavocedelpaese.info\\\/#organization\"},\"image\":{\"@id\":\"https:\\\/\\\/lavocedelpaese.info\\\/index.php\\\/2025\\\/01\\\/15\\\/il-2025-inizia-con-tanti-appuntamenti-firmati-cultura-e-armonia\\\/#primaryimage\"},\"thumbnailUrl\":\"https:\\\/\\\/lavocedelpaese.info\\\/wp-content\\\/uploads\\\/2023\\\/01\\\/logo-150-127.png\",\"articleSection\":[\"network\"],\"inLanguage\":\"it-IT\",\"potentialAction\":[{\"@type\":\"CommentAction\",\"name\":\"Comment\",\"target\":[\"https:\\\/\\\/lavocedelpaese.info\\\/index.php\\\/2025\\\/01\\\/15\\\/il-2025-inizia-con-tanti-appuntamenti-firmati-cultura-e-armonia\\\/#respond\"]}]},{\"@type\":\"WebPage\",\"@id\":\"https:\\\/\\\/lavocedelpaese.info\\\/index.php\\\/2025\\\/01\\\/15\\\/il-2025-inizia-con-tanti-appuntamenti-firmati-cultura-e-armonia\\\/\",\"url\":\"https:\\\/\\\/lavocedelpaese.info\\\/index.php\\\/2025\\\/01\\\/15\\\/il-2025-inizia-con-tanti-appuntamenti-firmati-cultura-e-armonia\\\/\",\"name\":\"Il 2025 inizia con tanti appuntamenti firmati \u201cCultura e Armonia\u201d\u00a0\u200b - La Voce del Paese\",\"isPartOf\":{\"@id\":\"https:\\\/\\\/lavocedelpaese.info\\\/#website\"},\"primaryImageOfPage\":{\"@id\":\"https:\\\/\\\/lavocedelpaese.info\\\/index.php\\\/2025\\\/01\\\/15\\\/il-2025-inizia-con-tanti-appuntamenti-firmati-cultura-e-armonia\\\/#primaryimage\"},\"image\":{\"@id\":\"https:\\\/\\\/lavocedelpaese.info\\\/index.php\\\/2025\\\/01\\\/15\\\/il-2025-inizia-con-tanti-appuntamenti-firmati-cultura-e-armonia\\\/#primaryimage\"},\"thumbnailUrl\":\"https:\\\/\\\/lavocedelpaese.info\\\/wp-content\\\/uploads\\\/2023\\\/01\\\/logo-150-127.png\",\"datePublished\":\"2025-01-15T07:18:31+00:00\",\"breadcrumb\":{\"@id\":\"https:\\\/\\\/lavocedelpaese.info\\\/index.php\\\/2025\\\/01\\\/15\\\/il-2025-inizia-con-tanti-appuntamenti-firmati-cultura-e-armonia\\\/#breadcrumb\"},\"inLanguage\":\"it-IT\",\"potentialAction\":[{\"@type\":\"ReadAction\",\"target\":[\"https:\\\/\\\/lavocedelpaese.info\\\/index.php\\\/2025\\\/01\\\/15\\\/il-2025-inizia-con-tanti-appuntamenti-firmati-cultura-e-armonia\\\/\"]}]},{\"@type\":\"ImageObject\",\"inLanguage\":\"it-IT\",\"@id\":\"https:\\\/\\\/lavocedelpaese.info\\\/index.php\\\/2025\\\/01\\\/15\\\/il-2025-inizia-con-tanti-appuntamenti-firmati-cultura-e-armonia\\\/#primaryimage\",\"url\":\"https:\\\/\\\/lavocedelpaese.info\\\/wp-content\\\/uploads\\\/2023\\\/01\\\/logo-150-127.png\",\"contentUrl\":\"https:\\\/\\\/lavocedelpaese.info\\\/wp-content\\\/uploads\\\/2023\\\/01\\\/logo-150-127.png\",\"width\":150,\"height\":127},{\"@type\":\"BreadcrumbList\",\"@id\":\"https:\\\/\\\/lavocedelpaese.info\\\/index.php\\\/2025\\\/01\\\/15\\\/il-2025-inizia-con-tanti-appuntamenti-firmati-cultura-e-armonia\\\/#breadcrumb\",\"itemListElement\":[{\"@type\":\"ListItem\",\"position\":1,\"name\":\"Home\",\"item\":\"https:\\\/\\\/lavocedelpaese.info\\\/\"},{\"@type\":\"ListItem\",\"position\":2,\"name\":\"Il 2025 inizia con tanti appuntamenti firmati \u201cCultura e Armonia\u201d\u00a0\u200b\"}]},{\"@type\":\"WebSite\",\"@id\":\"https:\\\/\\\/lavocedelpaese.info\\\/#website\",\"url\":\"https:\\\/\\\/lavocedelpaese.info\\\/\",\"name\":\"La Voce del Paese\",\"description\":\"Un network di idee\",\"publisher\":{\"@id\":\"https:\\\/\\\/lavocedelpaese.info\\\/#organization\"},\"potentialAction\":[{\"@type\":\"SearchAction\",\"target\":{\"@type\":\"EntryPoint\",\"urlTemplate\":\"https:\\\/\\\/lavocedelpaese.info\\\/?s={search_term_string}\"},\"query-input\":{\"@type\":\"PropertyValueSpecification\",\"valueRequired\":true,\"valueName\":\"search_term_string\"}}],\"inLanguage\":\"it-IT\"},{\"@type\":\"Organization\",\"@id\":\"https:\\\/\\\/lavocedelpaese.info\\\/#organization\",\"name\":\"La Voce del Paese\",\"url\":\"https:\\\/\\\/lavocedelpaese.info\\\/\",\"logo\":{\"@type\":\"ImageObject\",\"inLanguage\":\"it-IT\",\"@id\":\"https:\\\/\\\/lavocedelpaese.info\\\/#\\\/schema\\\/logo\\\/image\\\/\",\"url\":\"https:\\\/\\\/lavocedelpaese.info\\\/wp-content\\\/uploads\\\/2023\\\/01\\\/cropped-logo-150-127.png\",\"contentUrl\":\"https:\\\/\\\/lavocedelpaese.info\\\/wp-content\\\/uploads\\\/2023\\\/01\\\/cropped-logo-150-127.png\",\"width\":137,\"height\":119,\"caption\":\"La Voce del Paese\"},\"image\":{\"@id\":\"https:\\\/\\\/lavocedelpaese.info\\\/#\\\/schema\\\/logo\\\/image\\\/\"},\"sameAs\":[\"https:\\\/\\\/www.facebook.com\\\/lavocedelpaese.info\"]},{\"@type\":\"Person\",\"@id\":\"https:\\\/\\\/lavocedelpaese.info\\\/#\\\/schema\\\/person\\\/ec151d321306bd7591f7a061abf72d88\",\"name\":\"admin\",\"image\":{\"@type\":\"ImageObject\",\"inLanguage\":\"it-IT\",\"@id\":\"https:\\\/\\\/secure.gravatar.com\\\/avatar\\\/af8f2caf0663124588de48a9380e07cbc95a74ef15b8062d0d39106c32fe3023?s=96&d=mm&r=g\",\"url\":\"https:\\\/\\\/secure.gravatar.com\\\/avatar\\\/af8f2caf0663124588de48a9380e07cbc95a74ef15b8062d0d39106c32fe3023?s=96&d=mm&r=g\",\"contentUrl\":\"https:\\\/\\\/secure.gravatar.com\\\/avatar\\\/af8f2caf0663124588de48a9380e07cbc95a74ef15b8062d0d39106c32fe3023?s=96&d=mm&r=g\",\"caption\":\"admin\"},\"sameAs\":[\"https:\\\/\\\/lavocedelpaese.info\"],\"url\":\"https:\\\/\\\/lavocedelpaese.info\\\/index.php\\\/author\\\/admin\\\/\"}]}<\/script>\n<!-- \/ Yoast SEO plugin. -->","yoast_head_json":{"title":"Il 2025 inizia con tanti appuntamenti firmati \u201cCultura e Armonia\u201d\u00a0\u200b - La Voce del Paese","robots":{"index":"index","follow":"follow","max-snippet":"max-snippet:-1","max-image-preview":"max-image-preview:large","max-video-preview":"max-video-preview:-1"},"canonical":"https:\/\/lavocedelpaese.info\/index.php\/2025\/01\/15\/il-2025-inizia-con-tanti-appuntamenti-firmati-cultura-e-armonia\/","og_locale":"it_IT","og_type":"article","og_title":"Il 2025 inizia con tanti appuntamenti firmati \u201cCultura e Armonia\u201d\u00a0\u200b - La Voce del Paese","og_description":"\u00a0 \u200b\u00a0 \u200b\u00a0 Le eleganti sale settecentesche di Palazzo Cozzolongo (via M. Orlandi 10\/12, Turi) si preparano ad accogliere ancora","og_url":"https:\/\/lavocedelpaese.info\/index.php\/2025\/01\/15\/il-2025-inizia-con-tanti-appuntamenti-firmati-cultura-e-armonia\/","og_site_name":"La Voce del Paese","article_publisher":"https:\/\/www.facebook.com\/lavocedelpaese.info","article_published_time":"2025-01-15T07:18:31+00:00","og_image":[{"url":"https:\/\/s.w.org\/images\/core\/emoji\/15.0.3\/72x72\/1f4cc.png","type":"","width":"","height":""}],"author":"admin","twitter_card":"summary_large_image","twitter_misc":{"Scritto da":"admin","Tempo di lettura stimato":"6 minuti"},"schema":{"@context":"https:\/\/schema.org","@graph":[{"@type":"Article","@id":"https:\/\/lavocedelpaese.info\/index.php\/2025\/01\/15\/il-2025-inizia-con-tanti-appuntamenti-firmati-cultura-e-armonia\/#article","isPartOf":{"@id":"https:\/\/lavocedelpaese.info\/index.php\/2025\/01\/15\/il-2025-inizia-con-tanti-appuntamenti-firmati-cultura-e-armonia\/"},"author":{"name":"admin","@id":"https:\/\/lavocedelpaese.info\/#\/schema\/person\/ec151d321306bd7591f7a061abf72d88"},"headline":"Il 2025 inizia con tanti appuntamenti firmati \u201cCultura e Armonia\u201d\u00a0\u200b","datePublished":"2025-01-15T07:18:31+00:00","mainEntityOfPage":{"@id":"https:\/\/lavocedelpaese.info\/index.php\/2025\/01\/15\/il-2025-inizia-con-tanti-appuntamenti-firmati-cultura-e-armonia\/"},"wordCount":1136,"commentCount":0,"publisher":{"@id":"https:\/\/lavocedelpaese.info\/#organization"},"image":{"@id":"https:\/\/lavocedelpaese.info\/index.php\/2025\/01\/15\/il-2025-inizia-con-tanti-appuntamenti-firmati-cultura-e-armonia\/#primaryimage"},"thumbnailUrl":"https:\/\/lavocedelpaese.info\/wp-content\/uploads\/2023\/01\/logo-150-127.png","articleSection":["network"],"inLanguage":"it-IT","potentialAction":[{"@type":"CommentAction","name":"Comment","target":["https:\/\/lavocedelpaese.info\/index.php\/2025\/01\/15\/il-2025-inizia-con-tanti-appuntamenti-firmati-cultura-e-armonia\/#respond"]}]},{"@type":"WebPage","@id":"https:\/\/lavocedelpaese.info\/index.php\/2025\/01\/15\/il-2025-inizia-con-tanti-appuntamenti-firmati-cultura-e-armonia\/","url":"https:\/\/lavocedelpaese.info\/index.php\/2025\/01\/15\/il-2025-inizia-con-tanti-appuntamenti-firmati-cultura-e-armonia\/","name":"Il 2025 inizia con tanti appuntamenti firmati \u201cCultura e Armonia\u201d\u00a0\u200b - La Voce del Paese","isPartOf":{"@id":"https:\/\/lavocedelpaese.info\/#website"},"primaryImageOfPage":{"@id":"https:\/\/lavocedelpaese.info\/index.php\/2025\/01\/15\/il-2025-inizia-con-tanti-appuntamenti-firmati-cultura-e-armonia\/#primaryimage"},"image":{"@id":"https:\/\/lavocedelpaese.info\/index.php\/2025\/01\/15\/il-2025-inizia-con-tanti-appuntamenti-firmati-cultura-e-armonia\/#primaryimage"},"thumbnailUrl":"https:\/\/lavocedelpaese.info\/wp-content\/uploads\/2023\/01\/logo-150-127.png","datePublished":"2025-01-15T07:18:31+00:00","breadcrumb":{"@id":"https:\/\/lavocedelpaese.info\/index.php\/2025\/01\/15\/il-2025-inizia-con-tanti-appuntamenti-firmati-cultura-e-armonia\/#breadcrumb"},"inLanguage":"it-IT","potentialAction":[{"@type":"ReadAction","target":["https:\/\/lavocedelpaese.info\/index.php\/2025\/01\/15\/il-2025-inizia-con-tanti-appuntamenti-firmati-cultura-e-armonia\/"]}]},{"@type":"ImageObject","inLanguage":"it-IT","@id":"https:\/\/lavocedelpaese.info\/index.php\/2025\/01\/15\/il-2025-inizia-con-tanti-appuntamenti-firmati-cultura-e-armonia\/#primaryimage","url":"https:\/\/lavocedelpaese.info\/wp-content\/uploads\/2023\/01\/logo-150-127.png","contentUrl":"https:\/\/lavocedelpaese.info\/wp-content\/uploads\/2023\/01\/logo-150-127.png","width":150,"height":127},{"@type":"BreadcrumbList","@id":"https:\/\/lavocedelpaese.info\/index.php\/2025\/01\/15\/il-2025-inizia-con-tanti-appuntamenti-firmati-cultura-e-armonia\/#breadcrumb","itemListElement":[{"@type":"ListItem","position":1,"name":"Home","item":"https:\/\/lavocedelpaese.info\/"},{"@type":"ListItem","position":2,"name":"Il 2025 inizia con tanti appuntamenti firmati \u201cCultura e Armonia\u201d\u00a0\u200b"}]},{"@type":"WebSite","@id":"https:\/\/lavocedelpaese.info\/#website","url":"https:\/\/lavocedelpaese.info\/","name":"La Voce del Paese","description":"Un network di idee","publisher":{"@id":"https:\/\/lavocedelpaese.info\/#organization"},"potentialAction":[{"@type":"SearchAction","target":{"@type":"EntryPoint","urlTemplate":"https:\/\/lavocedelpaese.info\/?s={search_term_string}"},"query-input":{"@type":"PropertyValueSpecification","valueRequired":true,"valueName":"search_term_string"}}],"inLanguage":"it-IT"},{"@type":"Organization","@id":"https:\/\/lavocedelpaese.info\/#organization","name":"La Voce del Paese","url":"https:\/\/lavocedelpaese.info\/","logo":{"@type":"ImageObject","inLanguage":"it-IT","@id":"https:\/\/lavocedelpaese.info\/#\/schema\/logo\/image\/","url":"https:\/\/lavocedelpaese.info\/wp-content\/uploads\/2023\/01\/cropped-logo-150-127.png","contentUrl":"https:\/\/lavocedelpaese.info\/wp-content\/uploads\/2023\/01\/cropped-logo-150-127.png","width":137,"height":119,"caption":"La Voce del Paese"},"image":{"@id":"https:\/\/lavocedelpaese.info\/#\/schema\/logo\/image\/"},"sameAs":["https:\/\/www.facebook.com\/lavocedelpaese.info"]},{"@type":"Person","@id":"https:\/\/lavocedelpaese.info\/#\/schema\/person\/ec151d321306bd7591f7a061abf72d88","name":"admin","image":{"@type":"ImageObject","inLanguage":"it-IT","@id":"https:\/\/secure.gravatar.com\/avatar\/af8f2caf0663124588de48a9380e07cbc95a74ef15b8062d0d39106c32fe3023?s=96&d=mm&r=g","url":"https:\/\/secure.gravatar.com\/avatar\/af8f2caf0663124588de48a9380e07cbc95a74ef15b8062d0d39106c32fe3023?s=96&d=mm&r=g","contentUrl":"https:\/\/secure.gravatar.com\/avatar\/af8f2caf0663124588de48a9380e07cbc95a74ef15b8062d0d39106c32fe3023?s=96&d=mm&r=g","caption":"admin"},"sameAs":["https:\/\/lavocedelpaese.info"],"url":"https:\/\/lavocedelpaese.info\/index.php\/author\/admin\/"}]}},"_links":{"self":[{"href":"https:\/\/lavocedelpaese.info\/index.php\/wp-json\/wp\/v2\/posts\/8704","targetHints":{"allow":["GET"]}}],"collection":[{"href":"https:\/\/lavocedelpaese.info\/index.php\/wp-json\/wp\/v2\/posts"}],"about":[{"href":"https:\/\/lavocedelpaese.info\/index.php\/wp-json\/wp\/v2\/types\/post"}],"author":[{"embeddable":true,"href":"https:\/\/lavocedelpaese.info\/index.php\/wp-json\/wp\/v2\/users\/6"}],"replies":[{"embeddable":true,"href":"https:\/\/lavocedelpaese.info\/index.php\/wp-json\/wp\/v2\/comments?post=8704"}],"version-history":[{"count":0,"href":"https:\/\/lavocedelpaese.info\/index.php\/wp-json\/wp\/v2\/posts\/8704\/revisions"}],"wp:featuredmedia":[{"embeddable":true,"href":"https:\/\/lavocedelpaese.info\/index.php\/wp-json\/wp\/v2\/media\/730"}],"wp:attachment":[{"href":"https:\/\/lavocedelpaese.info\/index.php\/wp-json\/wp\/v2\/media?parent=8704"}],"wp:term":[{"taxonomy":"category","embeddable":true,"href":"https:\/\/lavocedelpaese.info\/index.php\/wp-json\/wp\/v2\/categories?post=8704"},{"taxonomy":"post_tag","embeddable":true,"href":"https:\/\/lavocedelpaese.info\/index.php\/wp-json\/wp\/v2\/tags?post=8704"}],"curies":[{"name":"wp","href":"https:\/\/api.w.org\/{rel}","templated":true}]}}