{"id":8694,"date":"2025-01-14T07:26:20","date_gmt":"2025-01-14T07:26:20","guid":{"rendered":"https:\/\/lavocedelpaese.info\/index.php\/2025\/01\/14\/in-viaggio-verso-laffidamento\/"},"modified":"2025-01-14T07:26:20","modified_gmt":"2025-01-14T07:26:20","slug":"in-viaggio-verso-laffidamento","status":"publish","type":"post","link":"https:\/\/lavocedelpaese.info\/index.php\/2025\/01\/14\/in-viaggio-verso-laffidamento\/","title":{"rendered":"In viaggio verso l\u2019affidamento\u00a0\u200b"},"content":{"rendered":"<p>\u00a0<\/p>\n<p>\u200b\u00a0<\/p>\n<p>\u200b\u00a0<\/p>\n<p>Il Comune di Cassano delle Murge, in collaborazione con l\u2019Associazione di Promozione Sociale \u201cOfficina dei Legami\u201d, promuove il progetto\u00a0<strong>\u201cIn viaggio verso l\u2019affidamento \u2013 Percorsi di buona comunicazione in famiglia\u201d<\/strong>, una preziosa iniziativa volta a sensibilizzare e preparare le famiglie sul tema dell\u2019affido familiare.<\/p>\n<p>L\u2019appuntamento inaugurale si terr\u00e0 il\u00a0<strong>30 gennaio 2025<\/strong>, alle ore 16:00 presso il Salone delle Feste della Biblioteca Comunale Armando Perotti.\u00a0<\/p>\n<p>Durante l\u2019incontro verr\u00e0 presentato il progetto, con interventi istituzionali del Sindaco\u00a0<strong>Davide Del Re<\/strong>\u00a0e dell\u2019Assessore ai Servizi Sociali\u00a0<strong>Enza Battista<\/strong>.<\/p>\n<p><strong>L\u2019obiettivo del progetto<\/strong>\u00a0\u00e8 supportare le famiglie che desiderano proporsi come affidatarie, offrendo loro strumenti per riflettere sulle dinamiche relazionali interne e acquisire consapevolezza delle proprie risorse e fragilit\u00e0. Attraverso un percorso formativo in tre incontri, che si terranno tra marzo e aprile 2025, le famiglie potranno scoprire come prepararsi adeguatamente a questa importante esperienza. I temi trattati includono:<\/p>\n<ul class=\"wp-block-list\">\n<li>la conoscenza delle identit\u00e0 familiari;<\/li>\n<li>il rafforzamento del dialogo e della cura dei legami;<\/li>\n<li>la gestione delle dinamiche comunicative e relazionali.<\/li>\n<\/ul>\n<p>Il progetto \u00e8 riservato a un massimo di 10 coppie e si svolger\u00e0 con modalit\u00e0 didattiche interattive e di taglio esperienziale. La partecipazione \u00e8 rivolta a coppie che hanno gi\u00e0 espresso la disponibilit\u00e0 o stanno valutando di proporsi come famiglia affidataria.<\/p>\n<p><strong>\u00ab<\/strong><em>Siamo orgogliosi di sostenere un\u2019iniziativa che guarda al futuro dei nostri minori e delle loro famiglie \u2013 <\/em>dichiara il Sindaco Del Re in una nota diffusa dal Comune <em>\u2013 poich\u00e9 l\u2019affido \u00e8 un atto di grande generosit\u00e0 e responsabilit\u00e0, e questo percorso vuole offrire alle famiglie gli strumenti giusti per affrontarlo con consapevolezza e serenit\u00e0\u00bb.<\/em><\/p>\n<p>\u00ab<em>Il nostro obiettivo \u2013 <\/em>aggiunge Enza Battista, Assessore ai Servizi Sociali <em>\u2013 \u00e8 creare una rete di supporto per le famiglie che scelgono di intraprendere il percorso dell\u2019affido. Questo progetto rappresenta un\u2019opportunit\u00e0 preziosa per rafforzare i legami familiari e costruire un ambiente accogliente e solidale per i minori in difficolt\u00e0\u00bb.<\/em><\/p>\n<p>Questa iniziativa nasce dalla volont\u00e0 dell\u2019amministrazione comunale di prevenire l\u2019istituzionalizzazione dei minori e promuovere l\u2019affido come strumento di inclusione e solidariet\u00e0. Grazie alla collaborazione con \u201cOfficina dei Legami\u201d, associazione attiva dal 2017 nel campo delle problematiche familiari e della mediazione relazionale, il progetto mira a rafforzare il tessuto sociale e il benessere dei minori e delle famiglie coinvolte.<\/p>\n<p>L\u2019incontro del 30 gennaio, aperto a tutta la cittadinanza, sar\u00e0 un momento di sensibilizzazione e confronto su un tema tanto importante quanto delicato, che riguarda il futuro dei nostri bambini e il valore della solidariet\u00e0 familiare.<\/p>\n<figure class=\"wp-block-image size-large is-resized\"><img decoding=\"async\" width=\"724\" height=\"1024\" src=\"https:\/\/cassano.lavocedelpaese.info\/wp-content\/uploads\/2025\/01\/locandina-724x1024.jpg\" alt=\"\" class=\"wp-image-5843\"\/><\/figure>\n<p><a class=\"a2a_button_facebook\" href=\"https:\/\/www.addtoany.com\/add_to\/facebook?linkurl=https%3A%2F%2Fcassano.lavocedelpaese.info%2Fin-viaggio-verso-laffidamento-percorsi-di-buona-comunicazione-in-famiglia%2F&amp;linkname=In%20viaggio%20verso%20l%E2%80%99affidamento\" title=\"Facebook\" rel=\"nofollow noopener\" target=\"_blank\"><\/a><a class=\"a2a_button_twitter\" href=\"https:\/\/www.addtoany.com\/add_to\/twitter?linkurl=https%3A%2F%2Fcassano.lavocedelpaese.info%2Fin-viaggio-verso-laffidamento-percorsi-di-buona-comunicazione-in-famiglia%2F&amp;linkname=In%20viaggio%20verso%20l%E2%80%99affidamento\" title=\"Twitter\" rel=\"nofollow noopener\" target=\"_blank\"><\/a><a class=\"a2a_button_whatsapp\" href=\"https:\/\/www.addtoany.com\/add_to\/whatsapp?linkurl=https%3A%2F%2Fcassano.lavocedelpaese.info%2Fin-viaggio-verso-laffidamento-percorsi-di-buona-comunicazione-in-famiglia%2F&amp;linkname=In%20viaggio%20verso%20l%E2%80%99affidamento\" title=\"WhatsApp\" rel=\"nofollow noopener\" target=\"_blank\"><\/a><a class=\"a2a_button_telegram\" href=\"https:\/\/www.addtoany.com\/add_to\/telegram?linkurl=https%3A%2F%2Fcassano.lavocedelpaese.info%2Fin-viaggio-verso-laffidamento-percorsi-di-buona-comunicazione-in-famiglia%2F&amp;linkname=In%20viaggio%20verso%20l%E2%80%99affidamento\" title=\"Telegram\" rel=\"nofollow noopener\" target=\"_blank\"><\/a><a class=\"a2a_button_email\" href=\"https:\/\/www.addtoany.com\/add_to\/email?linkurl=https%3A%2F%2Fcassano.lavocedelpaese.info%2Fin-viaggio-verso-laffidamento-percorsi-di-buona-comunicazione-in-famiglia%2F&amp;linkname=In%20viaggio%20verso%20l%E2%80%99affidamento\" title=\"Email\" rel=\"nofollow noopener\" target=\"_blank\"><\/a><\/p>\n<p>\u00a0<\/p>\n<p>\u00a0<\/p>\n<p>\u200b\u00a0\u00a0\u00a0<\/p>","protected":false},"excerpt":{"rendered":"<p>\u00a0 \u200b\u00a0 \u200b\u00a0 Il Comune di Cassano delle Murge, in collaborazione con l\u2019Associazione di Promozione Sociale \u201cOfficina dei Legami\u201d, promuove<\/p>\n","protected":false},"author":6,"featured_media":8695,"comment_status":"open","ping_status":"closed","sticky":false,"template":"","format":"standard","meta":{"colormag_page_container_layout":"default_layout","colormag_page_sidebar_layout":"default_layout","footnotes":""},"categories":[33],"tags":[],"class_list":["post-8694","post","type-post","status-publish","format-standard","has-post-thumbnail","hentry","category-network"],"yoast_head":"<!-- This site is optimized with the Yoast SEO plugin v27.5 - https:\/\/yoast.com\/product\/yoast-seo-wordpress\/ -->\n<title>In viaggio verso l\u2019affidamento\u00a0\u200b - La Voce del Paese<\/title>\n<meta name=\"robots\" content=\"index, follow, max-snippet:-1, max-image-preview:large, max-video-preview:-1\" \/>\n<link rel=\"canonical\" href=\"https:\/\/lavocedelpaese.info\/index.php\/2025\/01\/14\/in-viaggio-verso-laffidamento\/\" \/>\n<meta property=\"og:locale\" content=\"it_IT\" \/>\n<meta property=\"og:type\" content=\"article\" \/>\n<meta property=\"og:title\" content=\"In viaggio verso l\u2019affidamento\u00a0\u200b - La Voce del Paese\" \/>\n<meta property=\"og:description\" content=\"\u00a0 \u200b\u00a0 \u200b\u00a0 Il Comune di Cassano delle Murge, in collaborazione con l\u2019Associazione di Promozione Sociale \u201cOfficina dei Legami\u201d, promuove\" \/>\n<meta property=\"og:url\" content=\"https:\/\/lavocedelpaese.info\/index.php\/2025\/01\/14\/in-viaggio-verso-laffidamento\/\" \/>\n<meta property=\"og:site_name\" content=\"La Voce del Paese\" \/>\n<meta property=\"article:publisher\" content=\"https:\/\/www.facebook.com\/lavocedelpaese.info\" \/>\n<meta property=\"article:published_time\" content=\"2025-01-14T07:26:20+00:00\" \/>\n<meta name=\"author\" content=\"admin\" \/>\n<meta name=\"twitter:card\" content=\"summary_large_image\" \/>\n<meta name=\"twitter:label1\" content=\"Scritto da\" \/>\n\t<meta name=\"twitter:data1\" content=\"admin\" \/>\n\t<meta name=\"twitter:label2\" content=\"Tempo di lettura stimato\" \/>\n\t<meta name=\"twitter:data2\" content=\"2 minuti\" \/>\n<script type=\"application\/ld+json\" class=\"yoast-schema-graph\">{\"@context\":\"https:\\\/\\\/schema.org\",\"@graph\":[{\"@type\":\"Article\",\"@id\":\"https:\\\/\\\/lavocedelpaese.info\\\/index.php\\\/2025\\\/01\\\/14\\\/in-viaggio-verso-laffidamento\\\/#article\",\"isPartOf\":{\"@id\":\"https:\\\/\\\/lavocedelpaese.info\\\/index.php\\\/2025\\\/01\\\/14\\\/in-viaggio-verso-laffidamento\\\/\"},\"author\":{\"name\":\"admin\",\"@id\":\"https:\\\/\\\/lavocedelpaese.info\\\/#\\\/schema\\\/person\\\/ec151d321306bd7591f7a061abf72d88\"},\"headline\":\"In viaggio verso l\u2019affidamento\u00a0\u200b\",\"datePublished\":\"2025-01-14T07:26:20+00:00\",\"mainEntityOfPage\":{\"@id\":\"https:\\\/\\\/lavocedelpaese.info\\\/index.php\\\/2025\\\/01\\\/14\\\/in-viaggio-verso-laffidamento\\\/\"},\"wordCount\":409,\"commentCount\":0,\"publisher\":{\"@id\":\"https:\\\/\\\/lavocedelpaese.info\\\/#organization\"},\"image\":{\"@id\":\"https:\\\/\\\/lavocedelpaese.info\\\/index.php\\\/2025\\\/01\\\/14\\\/in-viaggio-verso-laffidamento\\\/#primaryimage\"},\"thumbnailUrl\":\"https:\\\/\\\/lavocedelpaese.info\\\/wp-content\\\/uploads\\\/2025\\\/01\\\/locandina-724x1024-MtOfeY.jpeg\",\"articleSection\":[\"network\"],\"inLanguage\":\"it-IT\",\"potentialAction\":[{\"@type\":\"CommentAction\",\"name\":\"Comment\",\"target\":[\"https:\\\/\\\/lavocedelpaese.info\\\/index.php\\\/2025\\\/01\\\/14\\\/in-viaggio-verso-laffidamento\\\/#respond\"]}]},{\"@type\":\"WebPage\",\"@id\":\"https:\\\/\\\/lavocedelpaese.info\\\/index.php\\\/2025\\\/01\\\/14\\\/in-viaggio-verso-laffidamento\\\/\",\"url\":\"https:\\\/\\\/lavocedelpaese.info\\\/index.php\\\/2025\\\/01\\\/14\\\/in-viaggio-verso-laffidamento\\\/\",\"name\":\"In viaggio verso l\u2019affidamento\u00a0\u200b - La Voce del Paese\",\"isPartOf\":{\"@id\":\"https:\\\/\\\/lavocedelpaese.info\\\/#website\"},\"primaryImageOfPage\":{\"@id\":\"https:\\\/\\\/lavocedelpaese.info\\\/index.php\\\/2025\\\/01\\\/14\\\/in-viaggio-verso-laffidamento\\\/#primaryimage\"},\"image\":{\"@id\":\"https:\\\/\\\/lavocedelpaese.info\\\/index.php\\\/2025\\\/01\\\/14\\\/in-viaggio-verso-laffidamento\\\/#primaryimage\"},\"thumbnailUrl\":\"https:\\\/\\\/lavocedelpaese.info\\\/wp-content\\\/uploads\\\/2025\\\/01\\\/locandina-724x1024-MtOfeY.jpeg\",\"datePublished\":\"2025-01-14T07:26:20+00:00\",\"breadcrumb\":{\"@id\":\"https:\\\/\\\/lavocedelpaese.info\\\/index.php\\\/2025\\\/01\\\/14\\\/in-viaggio-verso-laffidamento\\\/#breadcrumb\"},\"inLanguage\":\"it-IT\",\"potentialAction\":[{\"@type\":\"ReadAction\",\"target\":[\"https:\\\/\\\/lavocedelpaese.info\\\/index.php\\\/2025\\\/01\\\/14\\\/in-viaggio-verso-laffidamento\\\/\"]}]},{\"@type\":\"ImageObject\",\"inLanguage\":\"it-IT\",\"@id\":\"https:\\\/\\\/lavocedelpaese.info\\\/index.php\\\/2025\\\/01\\\/14\\\/in-viaggio-verso-laffidamento\\\/#primaryimage\",\"url\":\"https:\\\/\\\/lavocedelpaese.info\\\/wp-content\\\/uploads\\\/2025\\\/01\\\/locandina-724x1024-MtOfeY.jpeg\",\"contentUrl\":\"https:\\\/\\\/lavocedelpaese.info\\\/wp-content\\\/uploads\\\/2025\\\/01\\\/locandina-724x1024-MtOfeY.jpeg\",\"width\":566,\"height\":800},{\"@type\":\"BreadcrumbList\",\"@id\":\"https:\\\/\\\/lavocedelpaese.info\\\/index.php\\\/2025\\\/01\\\/14\\\/in-viaggio-verso-laffidamento\\\/#breadcrumb\",\"itemListElement\":[{\"@type\":\"ListItem\",\"position\":1,\"name\":\"Home\",\"item\":\"https:\\\/\\\/lavocedelpaese.info\\\/\"},{\"@type\":\"ListItem\",\"position\":2,\"name\":\"In viaggio verso l\u2019affidamento\u00a0\u200b\"}]},{\"@type\":\"WebSite\",\"@id\":\"https:\\\/\\\/lavocedelpaese.info\\\/#website\",\"url\":\"https:\\\/\\\/lavocedelpaese.info\\\/\",\"name\":\"La Voce del Paese\",\"description\":\"Un network di idee\",\"publisher\":{\"@id\":\"https:\\\/\\\/lavocedelpaese.info\\\/#organization\"},\"potentialAction\":[{\"@type\":\"SearchAction\",\"target\":{\"@type\":\"EntryPoint\",\"urlTemplate\":\"https:\\\/\\\/lavocedelpaese.info\\\/?s={search_term_string}\"},\"query-input\":{\"@type\":\"PropertyValueSpecification\",\"valueRequired\":true,\"valueName\":\"search_term_string\"}}],\"inLanguage\":\"it-IT\"},{\"@type\":\"Organization\",\"@id\":\"https:\\\/\\\/lavocedelpaese.info\\\/#organization\",\"name\":\"La Voce del Paese\",\"url\":\"https:\\\/\\\/lavocedelpaese.info\\\/\",\"logo\":{\"@type\":\"ImageObject\",\"inLanguage\":\"it-IT\",\"@id\":\"https:\\\/\\\/lavocedelpaese.info\\\/#\\\/schema\\\/logo\\\/image\\\/\",\"url\":\"https:\\\/\\\/lavocedelpaese.info\\\/wp-content\\\/uploads\\\/2023\\\/01\\\/cropped-logo-150-127.png\",\"contentUrl\":\"https:\\\/\\\/lavocedelpaese.info\\\/wp-content\\\/uploads\\\/2023\\\/01\\\/cropped-logo-150-127.png\",\"width\":137,\"height\":119,\"caption\":\"La Voce del Paese\"},\"image\":{\"@id\":\"https:\\\/\\\/lavocedelpaese.info\\\/#\\\/schema\\\/logo\\\/image\\\/\"},\"sameAs\":[\"https:\\\/\\\/www.facebook.com\\\/lavocedelpaese.info\"]},{\"@type\":\"Person\",\"@id\":\"https:\\\/\\\/lavocedelpaese.info\\\/#\\\/schema\\\/person\\\/ec151d321306bd7591f7a061abf72d88\",\"name\":\"admin\",\"image\":{\"@type\":\"ImageObject\",\"inLanguage\":\"it-IT\",\"@id\":\"https:\\\/\\\/secure.gravatar.com\\\/avatar\\\/af8f2caf0663124588de48a9380e07cbc95a74ef15b8062d0d39106c32fe3023?s=96&d=mm&r=g\",\"url\":\"https:\\\/\\\/secure.gravatar.com\\\/avatar\\\/af8f2caf0663124588de48a9380e07cbc95a74ef15b8062d0d39106c32fe3023?s=96&d=mm&r=g\",\"contentUrl\":\"https:\\\/\\\/secure.gravatar.com\\\/avatar\\\/af8f2caf0663124588de48a9380e07cbc95a74ef15b8062d0d39106c32fe3023?s=96&d=mm&r=g\",\"caption\":\"admin\"},\"sameAs\":[\"https:\\\/\\\/lavocedelpaese.info\"],\"url\":\"https:\\\/\\\/lavocedelpaese.info\\\/index.php\\\/author\\\/admin\\\/\"}]}<\/script>\n<!-- \/ Yoast SEO plugin. -->","yoast_head_json":{"title":"In viaggio verso l\u2019affidamento\u00a0\u200b - La Voce del Paese","robots":{"index":"index","follow":"follow","max-snippet":"max-snippet:-1","max-image-preview":"max-image-preview:large","max-video-preview":"max-video-preview:-1"},"canonical":"https:\/\/lavocedelpaese.info\/index.php\/2025\/01\/14\/in-viaggio-verso-laffidamento\/","og_locale":"it_IT","og_type":"article","og_title":"In viaggio verso l\u2019affidamento\u00a0\u200b - La Voce del Paese","og_description":"\u00a0 \u200b\u00a0 \u200b\u00a0 Il Comune di Cassano delle Murge, in collaborazione con l\u2019Associazione di Promozione Sociale \u201cOfficina dei Legami\u201d, promuove","og_url":"https:\/\/lavocedelpaese.info\/index.php\/2025\/01\/14\/in-viaggio-verso-laffidamento\/","og_site_name":"La Voce del Paese","article_publisher":"https:\/\/www.facebook.com\/lavocedelpaese.info","article_published_time":"2025-01-14T07:26:20+00:00","author":"admin","twitter_card":"summary_large_image","twitter_misc":{"Scritto da":"admin","Tempo di lettura stimato":"2 minuti"},"schema":{"@context":"https:\/\/schema.org","@graph":[{"@type":"Article","@id":"https:\/\/lavocedelpaese.info\/index.php\/2025\/01\/14\/in-viaggio-verso-laffidamento\/#article","isPartOf":{"@id":"https:\/\/lavocedelpaese.info\/index.php\/2025\/01\/14\/in-viaggio-verso-laffidamento\/"},"author":{"name":"admin","@id":"https:\/\/lavocedelpaese.info\/#\/schema\/person\/ec151d321306bd7591f7a061abf72d88"},"headline":"In viaggio verso l\u2019affidamento\u00a0\u200b","datePublished":"2025-01-14T07:26:20+00:00","mainEntityOfPage":{"@id":"https:\/\/lavocedelpaese.info\/index.php\/2025\/01\/14\/in-viaggio-verso-laffidamento\/"},"wordCount":409,"commentCount":0,"publisher":{"@id":"https:\/\/lavocedelpaese.info\/#organization"},"image":{"@id":"https:\/\/lavocedelpaese.info\/index.php\/2025\/01\/14\/in-viaggio-verso-laffidamento\/#primaryimage"},"thumbnailUrl":"https:\/\/lavocedelpaese.info\/wp-content\/uploads\/2025\/01\/locandina-724x1024-MtOfeY.jpeg","articleSection":["network"],"inLanguage":"it-IT","potentialAction":[{"@type":"CommentAction","name":"Comment","target":["https:\/\/lavocedelpaese.info\/index.php\/2025\/01\/14\/in-viaggio-verso-laffidamento\/#respond"]}]},{"@type":"WebPage","@id":"https:\/\/lavocedelpaese.info\/index.php\/2025\/01\/14\/in-viaggio-verso-laffidamento\/","url":"https:\/\/lavocedelpaese.info\/index.php\/2025\/01\/14\/in-viaggio-verso-laffidamento\/","name":"In viaggio verso l\u2019affidamento\u00a0\u200b - La Voce del Paese","isPartOf":{"@id":"https:\/\/lavocedelpaese.info\/#website"},"primaryImageOfPage":{"@id":"https:\/\/lavocedelpaese.info\/index.php\/2025\/01\/14\/in-viaggio-verso-laffidamento\/#primaryimage"},"image":{"@id":"https:\/\/lavocedelpaese.info\/index.php\/2025\/01\/14\/in-viaggio-verso-laffidamento\/#primaryimage"},"thumbnailUrl":"https:\/\/lavocedelpaese.info\/wp-content\/uploads\/2025\/01\/locandina-724x1024-MtOfeY.jpeg","datePublished":"2025-01-14T07:26:20+00:00","breadcrumb":{"@id":"https:\/\/lavocedelpaese.info\/index.php\/2025\/01\/14\/in-viaggio-verso-laffidamento\/#breadcrumb"},"inLanguage":"it-IT","potentialAction":[{"@type":"ReadAction","target":["https:\/\/lavocedelpaese.info\/index.php\/2025\/01\/14\/in-viaggio-verso-laffidamento\/"]}]},{"@type":"ImageObject","inLanguage":"it-IT","@id":"https:\/\/lavocedelpaese.info\/index.php\/2025\/01\/14\/in-viaggio-verso-laffidamento\/#primaryimage","url":"https:\/\/lavocedelpaese.info\/wp-content\/uploads\/2025\/01\/locandina-724x1024-MtOfeY.jpeg","contentUrl":"https:\/\/lavocedelpaese.info\/wp-content\/uploads\/2025\/01\/locandina-724x1024-MtOfeY.jpeg","width":566,"height":800},{"@type":"BreadcrumbList","@id":"https:\/\/lavocedelpaese.info\/index.php\/2025\/01\/14\/in-viaggio-verso-laffidamento\/#breadcrumb","itemListElement":[{"@type":"ListItem","position":1,"name":"Home","item":"https:\/\/lavocedelpaese.info\/"},{"@type":"ListItem","position":2,"name":"In viaggio verso l\u2019affidamento\u00a0\u200b"}]},{"@type":"WebSite","@id":"https:\/\/lavocedelpaese.info\/#website","url":"https:\/\/lavocedelpaese.info\/","name":"La Voce del Paese","description":"Un network di idee","publisher":{"@id":"https:\/\/lavocedelpaese.info\/#organization"},"potentialAction":[{"@type":"SearchAction","target":{"@type":"EntryPoint","urlTemplate":"https:\/\/lavocedelpaese.info\/?s={search_term_string}"},"query-input":{"@type":"PropertyValueSpecification","valueRequired":true,"valueName":"search_term_string"}}],"inLanguage":"it-IT"},{"@type":"Organization","@id":"https:\/\/lavocedelpaese.info\/#organization","name":"La Voce del Paese","url":"https:\/\/lavocedelpaese.info\/","logo":{"@type":"ImageObject","inLanguage":"it-IT","@id":"https:\/\/lavocedelpaese.info\/#\/schema\/logo\/image\/","url":"https:\/\/lavocedelpaese.info\/wp-content\/uploads\/2023\/01\/cropped-logo-150-127.png","contentUrl":"https:\/\/lavocedelpaese.info\/wp-content\/uploads\/2023\/01\/cropped-logo-150-127.png","width":137,"height":119,"caption":"La Voce del Paese"},"image":{"@id":"https:\/\/lavocedelpaese.info\/#\/schema\/logo\/image\/"},"sameAs":["https:\/\/www.facebook.com\/lavocedelpaese.info"]},{"@type":"Person","@id":"https:\/\/lavocedelpaese.info\/#\/schema\/person\/ec151d321306bd7591f7a061abf72d88","name":"admin","image":{"@type":"ImageObject","inLanguage":"it-IT","@id":"https:\/\/secure.gravatar.com\/avatar\/af8f2caf0663124588de48a9380e07cbc95a74ef15b8062d0d39106c32fe3023?s=96&d=mm&r=g","url":"https:\/\/secure.gravatar.com\/avatar\/af8f2caf0663124588de48a9380e07cbc95a74ef15b8062d0d39106c32fe3023?s=96&d=mm&r=g","contentUrl":"https:\/\/secure.gravatar.com\/avatar\/af8f2caf0663124588de48a9380e07cbc95a74ef15b8062d0d39106c32fe3023?s=96&d=mm&r=g","caption":"admin"},"sameAs":["https:\/\/lavocedelpaese.info"],"url":"https:\/\/lavocedelpaese.info\/index.php\/author\/admin\/"}]}},"_links":{"self":[{"href":"https:\/\/lavocedelpaese.info\/index.php\/wp-json\/wp\/v2\/posts\/8694","targetHints":{"allow":["GET"]}}],"collection":[{"href":"https:\/\/lavocedelpaese.info\/index.php\/wp-json\/wp\/v2\/posts"}],"about":[{"href":"https:\/\/lavocedelpaese.info\/index.php\/wp-json\/wp\/v2\/types\/post"}],"author":[{"embeddable":true,"href":"https:\/\/lavocedelpaese.info\/index.php\/wp-json\/wp\/v2\/users\/6"}],"replies":[{"embeddable":true,"href":"https:\/\/lavocedelpaese.info\/index.php\/wp-json\/wp\/v2\/comments?post=8694"}],"version-history":[{"count":0,"href":"https:\/\/lavocedelpaese.info\/index.php\/wp-json\/wp\/v2\/posts\/8694\/revisions"}],"wp:featuredmedia":[{"embeddable":true,"href":"https:\/\/lavocedelpaese.info\/index.php\/wp-json\/wp\/v2\/media\/8695"}],"wp:attachment":[{"href":"https:\/\/lavocedelpaese.info\/index.php\/wp-json\/wp\/v2\/media?parent=8694"}],"wp:term":[{"taxonomy":"category","embeddable":true,"href":"https:\/\/lavocedelpaese.info\/index.php\/wp-json\/wp\/v2\/categories?post=8694"},{"taxonomy":"post_tag","embeddable":true,"href":"https:\/\/lavocedelpaese.info\/index.php\/wp-json\/wp\/v2\/tags?post=8694"}],"curies":[{"name":"wp","href":"https:\/\/api.w.org\/{rel}","templated":true}]}}