{"id":8686,"date":"2025-01-12T09:15:09","date_gmt":"2025-01-12T09:15:09","guid":{"rendered":"https:\/\/lavocedelpaese.info\/index.php\/2025\/01\/12\/h24-con-i-prodotti-de-il-papiro-di-matteo-e-michela\/"},"modified":"2025-01-12T09:15:09","modified_gmt":"2025-01-12T09:15:09","slug":"h24-con-i-prodotti-de-il-papiro-di-matteo-e-michela","status":"publish","type":"post","link":"https:\/\/lavocedelpaese.info\/index.php\/2025\/01\/12\/h24-con-i-prodotti-de-il-papiro-di-matteo-e-michela\/","title":{"rendered":"H24 con i prodotti de \u201cIl Papiro\u201d di Matteo e Michela\u00a0\u200b"},"content":{"rendered":"<p>\u00a0<\/p>\n<p>\u200b\u00a0<\/p>\n<p>\u200b\u00a0<\/p>\n<p>Mai pi\u00f9 senza prodotti di cancelleria o colori per la scuola e neppure chiavette Usb che servono all\u2019ultimo momento, grazie alla nuova iniziativa della Cartolibreria \u201cIl Papiro\u201d di Matteo Piscazzi.<\/p>\n<p>Che nei giorni scorsi ha installato, presso il punto vendita di via Capitan Galietti, una macchina distributrice utilizzabile 24 ore su 24 che, come per le bibite o i farmaci, a disposizione della clientela anche quando il negozio \u00e8 chiuso, nelle ore notturne o nei giorni festivi, magari proprio quando necessita un qualcosa per completare i compiti il giorno dopo oppure un accessorio elettronico o una scheda telefonica per ricaricare il cellulare.<\/p>\n<p>Si tratta di una novit\u00e0 assoluta per Cassano e l\u2019intero territorio perch\u00e9 macchine distributrici come questa vengono di solito utilizzate per altri tipi di prodotti ma non per quelli di cartolibreria.<\/p>\n<p><em>\u201cUn altro investimento per la nostra clientela e per la nostra Cassano<\/em> \u2013 dicono a questo giornale il <strong>titolare Matteo e la sua fedele, preziosa Michela<\/strong> che lo coadiuva in negozio \u2013 <em>affinch\u00e8 chi ha bisogno di un qualche prodotto e ci trova chiusi, pu\u00f2 fare affidamento su questo distributore, aperto H24\u201d.<\/em><\/p>\n<p>Una bella novit\u00e0 commerciale, dunque, che non mancher\u00e0 di avere successo come le tante idee innovative che questa coppia di giovani commercianti cassanesi ha gi\u00e0 dimostrato in passato, non solo nel campo imprenditoriale ma anche nella generosit\u00e0 legata al volontariato e nell\u2019aiuto delle persone pi\u00f9 bisognose. \u00a0<\/p>\n<figure class=\"wp-block-image size-large\"><img decoding=\"async\" width=\"705\" height=\"1024\" src=\"https:\/\/cassano.lavocedelpaese.info\/wp-content\/uploads\/2025\/01\/WhatsApp-Image-2025-01-11-at-11.45.11-705x1024.jpeg\" alt=\"\" class=\"wp-image-5838\"\/><\/figure>\n<p><a class=\"a2a_button_facebook\" href=\"https:\/\/www.addtoany.com\/add_to\/facebook?linkurl=https%3A%2F%2Fcassano.lavocedelpaese.info%2Fh24-con-i-prodotti-de-il-papiro-di-matteo-e-michela%2F&amp;linkname=H24%20con%20i%20prodotti%20de%20%E2%80%9CIl%20Papiro%E2%80%9D%20di%20Matteo%20e%20Michela\" title=\"Facebook\" rel=\"nofollow noopener\" target=\"_blank\"><\/a><a class=\"a2a_button_twitter\" href=\"https:\/\/www.addtoany.com\/add_to\/twitter?linkurl=https%3A%2F%2Fcassano.lavocedelpaese.info%2Fh24-con-i-prodotti-de-il-papiro-di-matteo-e-michela%2F&amp;linkname=H24%20con%20i%20prodotti%20de%20%E2%80%9CIl%20Papiro%E2%80%9D%20di%20Matteo%20e%20Michela\" title=\"Twitter\" rel=\"nofollow noopener\" target=\"_blank\"><\/a><a class=\"a2a_button_whatsapp\" href=\"https:\/\/www.addtoany.com\/add_to\/whatsapp?linkurl=https%3A%2F%2Fcassano.lavocedelpaese.info%2Fh24-con-i-prodotti-de-il-papiro-di-matteo-e-michela%2F&amp;linkname=H24%20con%20i%20prodotti%20de%20%E2%80%9CIl%20Papiro%E2%80%9D%20di%20Matteo%20e%20Michela\" title=\"WhatsApp\" rel=\"nofollow noopener\" target=\"_blank\"><\/a><a class=\"a2a_button_telegram\" href=\"https:\/\/www.addtoany.com\/add_to\/telegram?linkurl=https%3A%2F%2Fcassano.lavocedelpaese.info%2Fh24-con-i-prodotti-de-il-papiro-di-matteo-e-michela%2F&amp;linkname=H24%20con%20i%20prodotti%20de%20%E2%80%9CIl%20Papiro%E2%80%9D%20di%20Matteo%20e%20Michela\" title=\"Telegram\" rel=\"nofollow noopener\" target=\"_blank\"><\/a><a class=\"a2a_button_email\" href=\"https:\/\/www.addtoany.com\/add_to\/email?linkurl=https%3A%2F%2Fcassano.lavocedelpaese.info%2Fh24-con-i-prodotti-de-il-papiro-di-matteo-e-michela%2F&amp;linkname=H24%20con%20i%20prodotti%20de%20%E2%80%9CIl%20Papiro%E2%80%9D%20di%20Matteo%20e%20Michela\" title=\"Email\" rel=\"nofollow noopener\" target=\"_blank\"><\/a><\/p>\n<p>\u00a0<\/p>\n<p>\u00a0<\/p>\n<p>\u200b\u00a0\u00a0\u00a0<\/p>","protected":false},"excerpt":{"rendered":"<p>\u00a0 \u200b\u00a0 \u200b\u00a0 Mai pi\u00f9 senza prodotti di cancelleria o colori per la scuola e neppure chiavette Usb che servono<\/p>\n","protected":false},"author":6,"featured_media":8687,"comment_status":"open","ping_status":"closed","sticky":false,"template":"","format":"standard","meta":{"colormag_page_container_layout":"default_layout","colormag_page_sidebar_layout":"default_layout","footnotes":""},"categories":[33],"tags":[],"class_list":["post-8686","post","type-post","status-publish","format-standard","has-post-thumbnail","hentry","category-network"],"yoast_head":"<!-- This site is optimized with the Yoast SEO plugin v27.5 - https:\/\/yoast.com\/product\/yoast-seo-wordpress\/ -->\n<title>H24 con i prodotti de \u201cIl Papiro\u201d di Matteo e Michela\u00a0\u200b - La Voce del Paese<\/title>\n<meta name=\"robots\" content=\"index, follow, max-snippet:-1, max-image-preview:large, max-video-preview:-1\" \/>\n<link rel=\"canonical\" href=\"https:\/\/lavocedelpaese.info\/index.php\/2025\/01\/12\/h24-con-i-prodotti-de-il-papiro-di-matteo-e-michela\/\" \/>\n<meta property=\"og:locale\" content=\"it_IT\" \/>\n<meta property=\"og:type\" content=\"article\" \/>\n<meta property=\"og:title\" content=\"H24 con i prodotti de \u201cIl Papiro\u201d di Matteo e Michela\u00a0\u200b - La Voce del Paese\" \/>\n<meta property=\"og:description\" content=\"\u00a0 \u200b\u00a0 \u200b\u00a0 Mai pi\u00f9 senza prodotti di cancelleria o colori per la scuola e neppure chiavette Usb che servono\" \/>\n<meta property=\"og:url\" content=\"https:\/\/lavocedelpaese.info\/index.php\/2025\/01\/12\/h24-con-i-prodotti-de-il-papiro-di-matteo-e-michela\/\" \/>\n<meta property=\"og:site_name\" content=\"La Voce del Paese\" \/>\n<meta property=\"article:publisher\" content=\"https:\/\/www.facebook.com\/lavocedelpaese.info\" \/>\n<meta property=\"article:published_time\" content=\"2025-01-12T09:15:09+00:00\" \/>\n<meta name=\"author\" content=\"admin\" \/>\n<meta name=\"twitter:card\" content=\"summary_large_image\" \/>\n<meta name=\"twitter:label1\" content=\"Scritto da\" \/>\n\t<meta name=\"twitter:data1\" content=\"admin\" \/>\n\t<meta name=\"twitter:label2\" content=\"Tempo di lettura stimato\" \/>\n\t<meta name=\"twitter:data2\" content=\"1 minuto\" \/>\n<script type=\"application\/ld+json\" class=\"yoast-schema-graph\">{\"@context\":\"https:\\\/\\\/schema.org\",\"@graph\":[{\"@type\":\"Article\",\"@id\":\"https:\\\/\\\/lavocedelpaese.info\\\/index.php\\\/2025\\\/01\\\/12\\\/h24-con-i-prodotti-de-il-papiro-di-matteo-e-michela\\\/#article\",\"isPartOf\":{\"@id\":\"https:\\\/\\\/lavocedelpaese.info\\\/index.php\\\/2025\\\/01\\\/12\\\/h24-con-i-prodotti-de-il-papiro-di-matteo-e-michela\\\/\"},\"author\":{\"name\":\"admin\",\"@id\":\"https:\\\/\\\/lavocedelpaese.info\\\/#\\\/schema\\\/person\\\/ec151d321306bd7591f7a061abf72d88\"},\"headline\":\"H24 con i prodotti de \u201cIl Papiro\u201d di Matteo e Michela\u00a0\u200b\",\"datePublished\":\"2025-01-12T09:15:09+00:00\",\"mainEntityOfPage\":{\"@id\":\"https:\\\/\\\/lavocedelpaese.info\\\/index.php\\\/2025\\\/01\\\/12\\\/h24-con-i-prodotti-de-il-papiro-di-matteo-e-michela\\\/\"},\"wordCount\":240,\"commentCount\":0,\"publisher\":{\"@id\":\"https:\\\/\\\/lavocedelpaese.info\\\/#organization\"},\"image\":{\"@id\":\"https:\\\/\\\/lavocedelpaese.info\\\/index.php\\\/2025\\\/01\\\/12\\\/h24-con-i-prodotti-de-il-papiro-di-matteo-e-michela\\\/#primaryimage\"},\"thumbnailUrl\":\"https:\\\/\\\/lavocedelpaese.info\\\/wp-content\\\/uploads\\\/2025\\\/01\\\/WhatsApp-Image-2025-01-11-at-11.45.11-705x1024-4HXJhC.jpeg\",\"articleSection\":[\"network\"],\"inLanguage\":\"it-IT\",\"potentialAction\":[{\"@type\":\"CommentAction\",\"name\":\"Comment\",\"target\":[\"https:\\\/\\\/lavocedelpaese.info\\\/index.php\\\/2025\\\/01\\\/12\\\/h24-con-i-prodotti-de-il-papiro-di-matteo-e-michela\\\/#respond\"]}]},{\"@type\":\"WebPage\",\"@id\":\"https:\\\/\\\/lavocedelpaese.info\\\/index.php\\\/2025\\\/01\\\/12\\\/h24-con-i-prodotti-de-il-papiro-di-matteo-e-michela\\\/\",\"url\":\"https:\\\/\\\/lavocedelpaese.info\\\/index.php\\\/2025\\\/01\\\/12\\\/h24-con-i-prodotti-de-il-papiro-di-matteo-e-michela\\\/\",\"name\":\"H24 con i prodotti de \u201cIl Papiro\u201d di Matteo e Michela\u00a0\u200b - La Voce del Paese\",\"isPartOf\":{\"@id\":\"https:\\\/\\\/lavocedelpaese.info\\\/#website\"},\"primaryImageOfPage\":{\"@id\":\"https:\\\/\\\/lavocedelpaese.info\\\/index.php\\\/2025\\\/01\\\/12\\\/h24-con-i-prodotti-de-il-papiro-di-matteo-e-michela\\\/#primaryimage\"},\"image\":{\"@id\":\"https:\\\/\\\/lavocedelpaese.info\\\/index.php\\\/2025\\\/01\\\/12\\\/h24-con-i-prodotti-de-il-papiro-di-matteo-e-michela\\\/#primaryimage\"},\"thumbnailUrl\":\"https:\\\/\\\/lavocedelpaese.info\\\/wp-content\\\/uploads\\\/2025\\\/01\\\/WhatsApp-Image-2025-01-11-at-11.45.11-705x1024-4HXJhC.jpeg\",\"datePublished\":\"2025-01-12T09:15:09+00:00\",\"breadcrumb\":{\"@id\":\"https:\\\/\\\/lavocedelpaese.info\\\/index.php\\\/2025\\\/01\\\/12\\\/h24-con-i-prodotti-de-il-papiro-di-matteo-e-michela\\\/#breadcrumb\"},\"inLanguage\":\"it-IT\",\"potentialAction\":[{\"@type\":\"ReadAction\",\"target\":[\"https:\\\/\\\/lavocedelpaese.info\\\/index.php\\\/2025\\\/01\\\/12\\\/h24-con-i-prodotti-de-il-papiro-di-matteo-e-michela\\\/\"]}]},{\"@type\":\"ImageObject\",\"inLanguage\":\"it-IT\",\"@id\":\"https:\\\/\\\/lavocedelpaese.info\\\/index.php\\\/2025\\\/01\\\/12\\\/h24-con-i-prodotti-de-il-papiro-di-matteo-e-michela\\\/#primaryimage\",\"url\":\"https:\\\/\\\/lavocedelpaese.info\\\/wp-content\\\/uploads\\\/2025\\\/01\\\/WhatsApp-Image-2025-01-11-at-11.45.11-705x1024-4HXJhC.jpeg\",\"contentUrl\":\"https:\\\/\\\/lavocedelpaese.info\\\/wp-content\\\/uploads\\\/2025\\\/01\\\/WhatsApp-Image-2025-01-11-at-11.45.11-705x1024-4HXJhC.jpeg\",\"width\":551,\"height\":800},{\"@type\":\"BreadcrumbList\",\"@id\":\"https:\\\/\\\/lavocedelpaese.info\\\/index.php\\\/2025\\\/01\\\/12\\\/h24-con-i-prodotti-de-il-papiro-di-matteo-e-michela\\\/#breadcrumb\",\"itemListElement\":[{\"@type\":\"ListItem\",\"position\":1,\"name\":\"Home\",\"item\":\"https:\\\/\\\/lavocedelpaese.info\\\/\"},{\"@type\":\"ListItem\",\"position\":2,\"name\":\"H24 con i prodotti de \u201cIl Papiro\u201d di Matteo e Michela\u00a0\u200b\"}]},{\"@type\":\"WebSite\",\"@id\":\"https:\\\/\\\/lavocedelpaese.info\\\/#website\",\"url\":\"https:\\\/\\\/lavocedelpaese.info\\\/\",\"name\":\"La Voce del Paese\",\"description\":\"Un network di idee\",\"publisher\":{\"@id\":\"https:\\\/\\\/lavocedelpaese.info\\\/#organization\"},\"potentialAction\":[{\"@type\":\"SearchAction\",\"target\":{\"@type\":\"EntryPoint\",\"urlTemplate\":\"https:\\\/\\\/lavocedelpaese.info\\\/?s={search_term_string}\"},\"query-input\":{\"@type\":\"PropertyValueSpecification\",\"valueRequired\":true,\"valueName\":\"search_term_string\"}}],\"inLanguage\":\"it-IT\"},{\"@type\":\"Organization\",\"@id\":\"https:\\\/\\\/lavocedelpaese.info\\\/#organization\",\"name\":\"La Voce del Paese\",\"url\":\"https:\\\/\\\/lavocedelpaese.info\\\/\",\"logo\":{\"@type\":\"ImageObject\",\"inLanguage\":\"it-IT\",\"@id\":\"https:\\\/\\\/lavocedelpaese.info\\\/#\\\/schema\\\/logo\\\/image\\\/\",\"url\":\"https:\\\/\\\/lavocedelpaese.info\\\/wp-content\\\/uploads\\\/2023\\\/01\\\/cropped-logo-150-127.png\",\"contentUrl\":\"https:\\\/\\\/lavocedelpaese.info\\\/wp-content\\\/uploads\\\/2023\\\/01\\\/cropped-logo-150-127.png\",\"width\":137,\"height\":119,\"caption\":\"La Voce del Paese\"},\"image\":{\"@id\":\"https:\\\/\\\/lavocedelpaese.info\\\/#\\\/schema\\\/logo\\\/image\\\/\"},\"sameAs\":[\"https:\\\/\\\/www.facebook.com\\\/lavocedelpaese.info\"]},{\"@type\":\"Person\",\"@id\":\"https:\\\/\\\/lavocedelpaese.info\\\/#\\\/schema\\\/person\\\/ec151d321306bd7591f7a061abf72d88\",\"name\":\"admin\",\"image\":{\"@type\":\"ImageObject\",\"inLanguage\":\"it-IT\",\"@id\":\"https:\\\/\\\/secure.gravatar.com\\\/avatar\\\/af8f2caf0663124588de48a9380e07cbc95a74ef15b8062d0d39106c32fe3023?s=96&d=mm&r=g\",\"url\":\"https:\\\/\\\/secure.gravatar.com\\\/avatar\\\/af8f2caf0663124588de48a9380e07cbc95a74ef15b8062d0d39106c32fe3023?s=96&d=mm&r=g\",\"contentUrl\":\"https:\\\/\\\/secure.gravatar.com\\\/avatar\\\/af8f2caf0663124588de48a9380e07cbc95a74ef15b8062d0d39106c32fe3023?s=96&d=mm&r=g\",\"caption\":\"admin\"},\"sameAs\":[\"https:\\\/\\\/lavocedelpaese.info\"],\"url\":\"https:\\\/\\\/lavocedelpaese.info\\\/index.php\\\/author\\\/admin\\\/\"}]}<\/script>\n<!-- \/ Yoast SEO plugin. -->","yoast_head_json":{"title":"H24 con i prodotti de \u201cIl Papiro\u201d di Matteo e Michela\u00a0\u200b - La Voce del Paese","robots":{"index":"index","follow":"follow","max-snippet":"max-snippet:-1","max-image-preview":"max-image-preview:large","max-video-preview":"max-video-preview:-1"},"canonical":"https:\/\/lavocedelpaese.info\/index.php\/2025\/01\/12\/h24-con-i-prodotti-de-il-papiro-di-matteo-e-michela\/","og_locale":"it_IT","og_type":"article","og_title":"H24 con i prodotti de \u201cIl Papiro\u201d di Matteo e Michela\u00a0\u200b - La Voce del Paese","og_description":"\u00a0 \u200b\u00a0 \u200b\u00a0 Mai pi\u00f9 senza prodotti di cancelleria o colori per la scuola e neppure chiavette Usb che servono","og_url":"https:\/\/lavocedelpaese.info\/index.php\/2025\/01\/12\/h24-con-i-prodotti-de-il-papiro-di-matteo-e-michela\/","og_site_name":"La Voce del Paese","article_publisher":"https:\/\/www.facebook.com\/lavocedelpaese.info","article_published_time":"2025-01-12T09:15:09+00:00","author":"admin","twitter_card":"summary_large_image","twitter_misc":{"Scritto da":"admin","Tempo di lettura stimato":"1 minuto"},"schema":{"@context":"https:\/\/schema.org","@graph":[{"@type":"Article","@id":"https:\/\/lavocedelpaese.info\/index.php\/2025\/01\/12\/h24-con-i-prodotti-de-il-papiro-di-matteo-e-michela\/#article","isPartOf":{"@id":"https:\/\/lavocedelpaese.info\/index.php\/2025\/01\/12\/h24-con-i-prodotti-de-il-papiro-di-matteo-e-michela\/"},"author":{"name":"admin","@id":"https:\/\/lavocedelpaese.info\/#\/schema\/person\/ec151d321306bd7591f7a061abf72d88"},"headline":"H24 con i prodotti de \u201cIl Papiro\u201d di Matteo e Michela\u00a0\u200b","datePublished":"2025-01-12T09:15:09+00:00","mainEntityOfPage":{"@id":"https:\/\/lavocedelpaese.info\/index.php\/2025\/01\/12\/h24-con-i-prodotti-de-il-papiro-di-matteo-e-michela\/"},"wordCount":240,"commentCount":0,"publisher":{"@id":"https:\/\/lavocedelpaese.info\/#organization"},"image":{"@id":"https:\/\/lavocedelpaese.info\/index.php\/2025\/01\/12\/h24-con-i-prodotti-de-il-papiro-di-matteo-e-michela\/#primaryimage"},"thumbnailUrl":"https:\/\/lavocedelpaese.info\/wp-content\/uploads\/2025\/01\/WhatsApp-Image-2025-01-11-at-11.45.11-705x1024-4HXJhC.jpeg","articleSection":["network"],"inLanguage":"it-IT","potentialAction":[{"@type":"CommentAction","name":"Comment","target":["https:\/\/lavocedelpaese.info\/index.php\/2025\/01\/12\/h24-con-i-prodotti-de-il-papiro-di-matteo-e-michela\/#respond"]}]},{"@type":"WebPage","@id":"https:\/\/lavocedelpaese.info\/index.php\/2025\/01\/12\/h24-con-i-prodotti-de-il-papiro-di-matteo-e-michela\/","url":"https:\/\/lavocedelpaese.info\/index.php\/2025\/01\/12\/h24-con-i-prodotti-de-il-papiro-di-matteo-e-michela\/","name":"H24 con i prodotti de \u201cIl Papiro\u201d di Matteo e Michela\u00a0\u200b - La Voce del Paese","isPartOf":{"@id":"https:\/\/lavocedelpaese.info\/#website"},"primaryImageOfPage":{"@id":"https:\/\/lavocedelpaese.info\/index.php\/2025\/01\/12\/h24-con-i-prodotti-de-il-papiro-di-matteo-e-michela\/#primaryimage"},"image":{"@id":"https:\/\/lavocedelpaese.info\/index.php\/2025\/01\/12\/h24-con-i-prodotti-de-il-papiro-di-matteo-e-michela\/#primaryimage"},"thumbnailUrl":"https:\/\/lavocedelpaese.info\/wp-content\/uploads\/2025\/01\/WhatsApp-Image-2025-01-11-at-11.45.11-705x1024-4HXJhC.jpeg","datePublished":"2025-01-12T09:15:09+00:00","breadcrumb":{"@id":"https:\/\/lavocedelpaese.info\/index.php\/2025\/01\/12\/h24-con-i-prodotti-de-il-papiro-di-matteo-e-michela\/#breadcrumb"},"inLanguage":"it-IT","potentialAction":[{"@type":"ReadAction","target":["https:\/\/lavocedelpaese.info\/index.php\/2025\/01\/12\/h24-con-i-prodotti-de-il-papiro-di-matteo-e-michela\/"]}]},{"@type":"ImageObject","inLanguage":"it-IT","@id":"https:\/\/lavocedelpaese.info\/index.php\/2025\/01\/12\/h24-con-i-prodotti-de-il-papiro-di-matteo-e-michela\/#primaryimage","url":"https:\/\/lavocedelpaese.info\/wp-content\/uploads\/2025\/01\/WhatsApp-Image-2025-01-11-at-11.45.11-705x1024-4HXJhC.jpeg","contentUrl":"https:\/\/lavocedelpaese.info\/wp-content\/uploads\/2025\/01\/WhatsApp-Image-2025-01-11-at-11.45.11-705x1024-4HXJhC.jpeg","width":551,"height":800},{"@type":"BreadcrumbList","@id":"https:\/\/lavocedelpaese.info\/index.php\/2025\/01\/12\/h24-con-i-prodotti-de-il-papiro-di-matteo-e-michela\/#breadcrumb","itemListElement":[{"@type":"ListItem","position":1,"name":"Home","item":"https:\/\/lavocedelpaese.info\/"},{"@type":"ListItem","position":2,"name":"H24 con i prodotti de \u201cIl Papiro\u201d di Matteo e Michela\u00a0\u200b"}]},{"@type":"WebSite","@id":"https:\/\/lavocedelpaese.info\/#website","url":"https:\/\/lavocedelpaese.info\/","name":"La Voce del Paese","description":"Un network di idee","publisher":{"@id":"https:\/\/lavocedelpaese.info\/#organization"},"potentialAction":[{"@type":"SearchAction","target":{"@type":"EntryPoint","urlTemplate":"https:\/\/lavocedelpaese.info\/?s={search_term_string}"},"query-input":{"@type":"PropertyValueSpecification","valueRequired":true,"valueName":"search_term_string"}}],"inLanguage":"it-IT"},{"@type":"Organization","@id":"https:\/\/lavocedelpaese.info\/#organization","name":"La Voce del Paese","url":"https:\/\/lavocedelpaese.info\/","logo":{"@type":"ImageObject","inLanguage":"it-IT","@id":"https:\/\/lavocedelpaese.info\/#\/schema\/logo\/image\/","url":"https:\/\/lavocedelpaese.info\/wp-content\/uploads\/2023\/01\/cropped-logo-150-127.png","contentUrl":"https:\/\/lavocedelpaese.info\/wp-content\/uploads\/2023\/01\/cropped-logo-150-127.png","width":137,"height":119,"caption":"La Voce del Paese"},"image":{"@id":"https:\/\/lavocedelpaese.info\/#\/schema\/logo\/image\/"},"sameAs":["https:\/\/www.facebook.com\/lavocedelpaese.info"]},{"@type":"Person","@id":"https:\/\/lavocedelpaese.info\/#\/schema\/person\/ec151d321306bd7591f7a061abf72d88","name":"admin","image":{"@type":"ImageObject","inLanguage":"it-IT","@id":"https:\/\/secure.gravatar.com\/avatar\/af8f2caf0663124588de48a9380e07cbc95a74ef15b8062d0d39106c32fe3023?s=96&d=mm&r=g","url":"https:\/\/secure.gravatar.com\/avatar\/af8f2caf0663124588de48a9380e07cbc95a74ef15b8062d0d39106c32fe3023?s=96&d=mm&r=g","contentUrl":"https:\/\/secure.gravatar.com\/avatar\/af8f2caf0663124588de48a9380e07cbc95a74ef15b8062d0d39106c32fe3023?s=96&d=mm&r=g","caption":"admin"},"sameAs":["https:\/\/lavocedelpaese.info"],"url":"https:\/\/lavocedelpaese.info\/index.php\/author\/admin\/"}]}},"_links":{"self":[{"href":"https:\/\/lavocedelpaese.info\/index.php\/wp-json\/wp\/v2\/posts\/8686","targetHints":{"allow":["GET"]}}],"collection":[{"href":"https:\/\/lavocedelpaese.info\/index.php\/wp-json\/wp\/v2\/posts"}],"about":[{"href":"https:\/\/lavocedelpaese.info\/index.php\/wp-json\/wp\/v2\/types\/post"}],"author":[{"embeddable":true,"href":"https:\/\/lavocedelpaese.info\/index.php\/wp-json\/wp\/v2\/users\/6"}],"replies":[{"embeddable":true,"href":"https:\/\/lavocedelpaese.info\/index.php\/wp-json\/wp\/v2\/comments?post=8686"}],"version-history":[{"count":0,"href":"https:\/\/lavocedelpaese.info\/index.php\/wp-json\/wp\/v2\/posts\/8686\/revisions"}],"wp:featuredmedia":[{"embeddable":true,"href":"https:\/\/lavocedelpaese.info\/index.php\/wp-json\/wp\/v2\/media\/8687"}],"wp:attachment":[{"href":"https:\/\/lavocedelpaese.info\/index.php\/wp-json\/wp\/v2\/media?parent=8686"}],"wp:term":[{"taxonomy":"category","embeddable":true,"href":"https:\/\/lavocedelpaese.info\/index.php\/wp-json\/wp\/v2\/categories?post=8686"},{"taxonomy":"post_tag","embeddable":true,"href":"https:\/\/lavocedelpaese.info\/index.php\/wp-json\/wp\/v2\/tags?post=8686"}],"curies":[{"name":"wp","href":"https:\/\/api.w.org\/{rel}","templated":true}]}}