{"id":868,"date":"2023-02-01T06:51:08","date_gmt":"2023-02-01T06:51:08","guid":{"rendered":"https:\/\/lavocedelpaese.info\/?p=868"},"modified":"2023-02-09T07:19:18","modified_gmt":"2023-02-09T07:19:18","slug":"baby-gang-in-puglia-fenomeno-in-crescita","status":"publish","type":"post","link":"https:\/\/lavocedelpaese.info\/index.php\/2023\/02\/01\/baby-gang-in-puglia-fenomeno-in-crescita\/","title":{"rendered":"Baby gang: in Puglia fenomeno in crescita"},"content":{"rendered":"\n<p>\u201cA Bari recentemente due 17enni sono stati aggrediti al Parco Rossani, un 21enne \u00e8 stato picchiato per aver difeso una ragazza nell\u2019autobus e al quartier San Paolo i residenti e soprattutto le donne vengono terrorizzati dalle baby gang. Nel Leccese nei mesi scorsi le gang giovanili hanno terrorizzato e aggredito i coetanei, i bambini e gli anziani nelle strade del centro. A Foggia una baby gang ha molestato una ragazza e picchiato il padre. A Barletta sono stati identificati 15 minori dopo le segnalazioni dei residenti. E\u2019 evidente che il fenomeno delle baby-gang \u00e8 in crescita anche in Puglia. Lo rileva, per altro, una ricerca pubblicata a ottobre scorso e condotta su giovani adolescenti tra i 15 e i 17 anni e i 18 e i 24 anni in tutta Italia, da Istituto interuniversitario di ricerca \u2018Transcrime\u2019 dell\u2019Universit\u00e0 Cattolica di Milano, Universit\u00e0 di Bologna e Universit\u00e0 di Perugia in collaborazione con il Dipartimento per la Giustizia Minorile e il Dipartimento della Pubblica Sicurezza del Ministero dell\u2019Interno.<\/p>\n\n\n\n<p>\u201cI Carabinieri della Puglia negli ultimi 5 anni, infatti, hanno registrato un aumento delle denunce nella provincia di Lecce e un dato stabile nelle province di Bari, BAT e Foggia. Per la Polizia, invece, \u00e8 la provincia di Foggia a subire le conseguenze di un aumento delle baby gang. Mentre, per le province di Taranto e Brindisi non sono stati riportati dati rilevanti. L\u2019analisi ha evidenziato che le baby gang possono avere una connotazione pi\u00f9 criminale o meno, ovvero essere minori inseriti in un contesto delinquenziale (furti e\/o rapine in esercizi commerciali o in pubblica via, spaccio di stupefacenti, estorsioni, atti vandalici, reati gravi contro la persona, possesso di esplosivi e non si escludono i legami con i membri di organizzazioni di stampo mafioso) o in quello di un\u2019attivit\u00e0 di bullismo (risse, percosse, lesioni, furti in pubblica via a danno di coetanei, minacce con armi da taglio e violenza sessuale). per la crescente efferatezza e violenza gratuita, e l\u2019appartenenza a classi sociali diverse. Inoltre, i due gruppi sono identificabili secondo modalit\u00e0 diverse: i bulli per la loro attivit\u00e0 sui social network con lo scopo di diffondere in rete le proprie azioni come atto di sfida e autoaffermazione e i \u2018delinquenti\u2019, meno propensi a pubblicizzarsi, sono identificabili per la ripetitivit\u00e0 dei reati commessi.<\/p>\n\n\n\n<p>\u201cLa ricerca, ancora, evidenzia che i fattori che influenzano la nascita delle gang giovanili sono molteplici: l\u2019assenza o la problematicit\u00e0 di rapporti con le famiglie o le istituzioni scolastiche, la conseguente ricerca di modelli di riferimento all\u2019interno di un gruppo che favorisce i processi emulativi e i meccanismi di reciproco sostegno, incoraggiamento e deresponsabilizzazione per le azioni criminali; il disagio socioeconomico; l\u2019abbandono scolastico; l\u2019assenza di stimoli e di ambizioni personali dal punto di vista formativo o lavorativo; l\u2019analfabetismo delle emozioni; l\u2019incapacit\u00e0 relazionale con i propri pari; il crescente utilizzo di social network e il conseguente aumento del cyberbullismo.<\/p>\n\n\n\n<p>\u201cCome presidente della Commissione di studio e d\u2019inchiesta sul fenomeno della criminalit\u00e0 organizzata in Puglia ritengo che siano necessari azioni e interventi sinergici fra le diverse istituzioni, mirati allo sviluppo di percorsi di prevenzione della devianza minorile, nonch\u00e9 di educazione alla legalit\u00e0 che disinnescano l\u2019avvio di percorsi criminali. Per questo ho voluto dedicare una seduta della Commissione per audire il direttore del Centro giustizia minorile della Puglia, i direttori degli uffici dei servizi sociali minorili provinciali, i presidenti dei Tribunali per minorenni, i Procuratori della Repubblica presso i Tribunali per minorenni, i dirigenti delle Prefetture provinciali e Questure provinciali, il direttore dell\u2019Istituto Minorile Fornelli, il Responsabile dell\u2019Ufficio scolastico regionale, il presidente, dell\u2019Ordine degli assistenti sociali, il presidente dell\u2019Ordine degli psicologi, la presidente del Centro di Mediazione penale \u2013 CRISI, per approfondire il fenomeno delle gang giovanili in Puglia, gli strumenti e i percorsi messi in atto per contrastare lo stesso e porre in essere un tavolo di confronto per nuove iniziative di prevenzione e diffusione della legalit\u00e0.\u201d<\/p>\n","protected":false},"excerpt":{"rendered":"<p>\u201cA Bari recentemente due 17enni sono stati aggrediti al Parco Rossani, un 21enne \u00e8 stato picchiato per aver difeso una<\/p>\n","protected":false},"author":4,"featured_media":869,"comment_status":"open","ping_status":"closed","sticky":false,"template":"","format":"standard","meta":{"colormag_page_container_layout":"default_layout","colormag_page_sidebar_layout":"default_layout","footnotes":""},"categories":[2,34],"tags":[],"class_list":["post-868","post","type-post","status-publish","format-standard","has-post-thumbnail","hentry","category-attualita","category-box-laterali-blocco-1"],"yoast_head":"<!-- This site is optimized with the Yoast SEO plugin v27.5 - https:\/\/yoast.com\/product\/yoast-seo-wordpress\/ -->\n<title>Baby gang: in Puglia fenomeno in crescita - La Voce del Paese<\/title>\n<meta name=\"robots\" content=\"index, follow, max-snippet:-1, max-image-preview:large, max-video-preview:-1\" \/>\n<link rel=\"canonical\" href=\"https:\/\/lavocedelpaese.info\/index.php\/2023\/02\/01\/baby-gang-in-puglia-fenomeno-in-crescita\/\" \/>\n<meta property=\"og:locale\" content=\"it_IT\" \/>\n<meta property=\"og:type\" content=\"article\" \/>\n<meta property=\"og:title\" content=\"Baby gang: in Puglia fenomeno in crescita - La Voce del Paese\" \/>\n<meta property=\"og:description\" content=\"\u201cA Bari recentemente due 17enni sono stati aggrediti al Parco Rossani, un 21enne \u00e8 stato picchiato per aver difeso una\" \/>\n<meta property=\"og:url\" content=\"https:\/\/lavocedelpaese.info\/index.php\/2023\/02\/01\/baby-gang-in-puglia-fenomeno-in-crescita\/\" \/>\n<meta property=\"og:site_name\" content=\"La Voce del Paese\" \/>\n<meta property=\"article:publisher\" content=\"https:\/\/www.facebook.com\/lavocedelpaese.info\" \/>\n<meta property=\"article:published_time\" content=\"2023-02-01T06:51:08+00:00\" \/>\n<meta property=\"article:modified_time\" content=\"2023-02-09T07:19:18+00:00\" \/>\n<meta property=\"og:image\" content=\"https:\/\/lavocedelpaese.info\/wp-content\/uploads\/2023\/02\/baby-gang.jpeg\" \/>\n\t<meta property=\"og:image:width\" content=\"810\" \/>\n\t<meta property=\"og:image:height\" content=\"486\" \/>\n\t<meta property=\"og:image:type\" content=\"image\/jpeg\" \/>\n<meta name=\"author\" content=\"admin_voce\" \/>\n<meta name=\"twitter:card\" content=\"summary_large_image\" \/>\n<meta name=\"twitter:label1\" content=\"Scritto da\" \/>\n\t<meta name=\"twitter:data1\" content=\"admin_voce\" \/>\n\t<meta name=\"twitter:label2\" content=\"Tempo di lettura stimato\" \/>\n\t<meta name=\"twitter:data2\" content=\"3 minuti\" \/>\n<script type=\"application\/ld+json\" class=\"yoast-schema-graph\">{\"@context\":\"https:\\\/\\\/schema.org\",\"@graph\":[{\"@type\":\"Article\",\"@id\":\"https:\\\/\\\/lavocedelpaese.info\\\/index.php\\\/2023\\\/02\\\/01\\\/baby-gang-in-puglia-fenomeno-in-crescita\\\/#article\",\"isPartOf\":{\"@id\":\"https:\\\/\\\/lavocedelpaese.info\\\/index.php\\\/2023\\\/02\\\/01\\\/baby-gang-in-puglia-fenomeno-in-crescita\\\/\"},\"author\":{\"name\":\"admin_voce\",\"@id\":\"https:\\\/\\\/lavocedelpaese.info\\\/#\\\/schema\\\/person\\\/ab94aca56f9d1bb6fc898990a7998bda\"},\"headline\":\"Baby gang: in Puglia fenomeno in crescita\",\"datePublished\":\"2023-02-01T06:51:08+00:00\",\"dateModified\":\"2023-02-09T07:19:18+00:00\",\"mainEntityOfPage\":{\"@id\":\"https:\\\/\\\/lavocedelpaese.info\\\/index.php\\\/2023\\\/02\\\/01\\\/baby-gang-in-puglia-fenomeno-in-crescita\\\/\"},\"wordCount\":659,\"commentCount\":0,\"publisher\":{\"@id\":\"https:\\\/\\\/lavocedelpaese.info\\\/#organization\"},\"image\":{\"@id\":\"https:\\\/\\\/lavocedelpaese.info\\\/index.php\\\/2023\\\/02\\\/01\\\/baby-gang-in-puglia-fenomeno-in-crescita\\\/#primaryimage\"},\"thumbnailUrl\":\"https:\\\/\\\/lavocedelpaese.info\\\/wp-content\\\/uploads\\\/2023\\\/02\\\/baby-gang.jpeg\",\"articleSection\":[\"Attualit\u00e0\",\"primo piano\"],\"inLanguage\":\"it-IT\",\"potentialAction\":[{\"@type\":\"CommentAction\",\"name\":\"Comment\",\"target\":[\"https:\\\/\\\/lavocedelpaese.info\\\/index.php\\\/2023\\\/02\\\/01\\\/baby-gang-in-puglia-fenomeno-in-crescita\\\/#respond\"]}]},{\"@type\":\"WebPage\",\"@id\":\"https:\\\/\\\/lavocedelpaese.info\\\/index.php\\\/2023\\\/02\\\/01\\\/baby-gang-in-puglia-fenomeno-in-crescita\\\/\",\"url\":\"https:\\\/\\\/lavocedelpaese.info\\\/index.php\\\/2023\\\/02\\\/01\\\/baby-gang-in-puglia-fenomeno-in-crescita\\\/\",\"name\":\"Baby gang: in Puglia fenomeno in crescita - La Voce del Paese\",\"isPartOf\":{\"@id\":\"https:\\\/\\\/lavocedelpaese.info\\\/#website\"},\"primaryImageOfPage\":{\"@id\":\"https:\\\/\\\/lavocedelpaese.info\\\/index.php\\\/2023\\\/02\\\/01\\\/baby-gang-in-puglia-fenomeno-in-crescita\\\/#primaryimage\"},\"image\":{\"@id\":\"https:\\\/\\\/lavocedelpaese.info\\\/index.php\\\/2023\\\/02\\\/01\\\/baby-gang-in-puglia-fenomeno-in-crescita\\\/#primaryimage\"},\"thumbnailUrl\":\"https:\\\/\\\/lavocedelpaese.info\\\/wp-content\\\/uploads\\\/2023\\\/02\\\/baby-gang.jpeg\",\"datePublished\":\"2023-02-01T06:51:08+00:00\",\"dateModified\":\"2023-02-09T07:19:18+00:00\",\"breadcrumb\":{\"@id\":\"https:\\\/\\\/lavocedelpaese.info\\\/index.php\\\/2023\\\/02\\\/01\\\/baby-gang-in-puglia-fenomeno-in-crescita\\\/#breadcrumb\"},\"inLanguage\":\"it-IT\",\"potentialAction\":[{\"@type\":\"ReadAction\",\"target\":[\"https:\\\/\\\/lavocedelpaese.info\\\/index.php\\\/2023\\\/02\\\/01\\\/baby-gang-in-puglia-fenomeno-in-crescita\\\/\"]}]},{\"@type\":\"ImageObject\",\"inLanguage\":\"it-IT\",\"@id\":\"https:\\\/\\\/lavocedelpaese.info\\\/index.php\\\/2023\\\/02\\\/01\\\/baby-gang-in-puglia-fenomeno-in-crescita\\\/#primaryimage\",\"url\":\"https:\\\/\\\/lavocedelpaese.info\\\/wp-content\\\/uploads\\\/2023\\\/02\\\/baby-gang.jpeg\",\"contentUrl\":\"https:\\\/\\\/lavocedelpaese.info\\\/wp-content\\\/uploads\\\/2023\\\/02\\\/baby-gang.jpeg\",\"width\":810,\"height\":486},{\"@type\":\"BreadcrumbList\",\"@id\":\"https:\\\/\\\/lavocedelpaese.info\\\/index.php\\\/2023\\\/02\\\/01\\\/baby-gang-in-puglia-fenomeno-in-crescita\\\/#breadcrumb\",\"itemListElement\":[{\"@type\":\"ListItem\",\"position\":1,\"name\":\"Home\",\"item\":\"https:\\\/\\\/lavocedelpaese.info\\\/\"},{\"@type\":\"ListItem\",\"position\":2,\"name\":\"Baby gang: in Puglia fenomeno in crescita\"}]},{\"@type\":\"WebSite\",\"@id\":\"https:\\\/\\\/lavocedelpaese.info\\\/#website\",\"url\":\"https:\\\/\\\/lavocedelpaese.info\\\/\",\"name\":\"La Voce del Paese\",\"description\":\"Un network di idee\",\"publisher\":{\"@id\":\"https:\\\/\\\/lavocedelpaese.info\\\/#organization\"},\"potentialAction\":[{\"@type\":\"SearchAction\",\"target\":{\"@type\":\"EntryPoint\",\"urlTemplate\":\"https:\\\/\\\/lavocedelpaese.info\\\/?s={search_term_string}\"},\"query-input\":{\"@type\":\"PropertyValueSpecification\",\"valueRequired\":true,\"valueName\":\"search_term_string\"}}],\"inLanguage\":\"it-IT\"},{\"@type\":\"Organization\",\"@id\":\"https:\\\/\\\/lavocedelpaese.info\\\/#organization\",\"name\":\"La Voce del Paese\",\"url\":\"https:\\\/\\\/lavocedelpaese.info\\\/\",\"logo\":{\"@type\":\"ImageObject\",\"inLanguage\":\"it-IT\",\"@id\":\"https:\\\/\\\/lavocedelpaese.info\\\/#\\\/schema\\\/logo\\\/image\\\/\",\"url\":\"https:\\\/\\\/lavocedelpaese.info\\\/wp-content\\\/uploads\\\/2023\\\/01\\\/cropped-logo-150-127.png\",\"contentUrl\":\"https:\\\/\\\/lavocedelpaese.info\\\/wp-content\\\/uploads\\\/2023\\\/01\\\/cropped-logo-150-127.png\",\"width\":137,\"height\":119,\"caption\":\"La Voce del Paese\"},\"image\":{\"@id\":\"https:\\\/\\\/lavocedelpaese.info\\\/#\\\/schema\\\/logo\\\/image\\\/\"},\"sameAs\":[\"https:\\\/\\\/www.facebook.com\\\/lavocedelpaese.info\"]},{\"@type\":\"Person\",\"@id\":\"https:\\\/\\\/lavocedelpaese.info\\\/#\\\/schema\\\/person\\\/ab94aca56f9d1bb6fc898990a7998bda\",\"name\":\"admin_voce\",\"image\":{\"@type\":\"ImageObject\",\"inLanguage\":\"it-IT\",\"@id\":\"https:\\\/\\\/secure.gravatar.com\\\/avatar\\\/0389d2e4ee5fe5beea65785e1b739e8791eb8fb05bff0baad8409158664db351?s=96&d=mm&r=g\",\"url\":\"https:\\\/\\\/secure.gravatar.com\\\/avatar\\\/0389d2e4ee5fe5beea65785e1b739e8791eb8fb05bff0baad8409158664db351?s=96&d=mm&r=g\",\"contentUrl\":\"https:\\\/\\\/secure.gravatar.com\\\/avatar\\\/0389d2e4ee5fe5beea65785e1b739e8791eb8fb05bff0baad8409158664db351?s=96&d=mm&r=g\",\"caption\":\"admin_voce\"},\"url\":\"https:\\\/\\\/lavocedelpaese.info\\\/index.php\\\/author\\\/admin_voce\\\/\"}]}<\/script>\n<!-- \/ Yoast SEO plugin. -->","yoast_head_json":{"title":"Baby gang: in Puglia fenomeno in crescita - La Voce del Paese","robots":{"index":"index","follow":"follow","max-snippet":"max-snippet:-1","max-image-preview":"max-image-preview:large","max-video-preview":"max-video-preview:-1"},"canonical":"https:\/\/lavocedelpaese.info\/index.php\/2023\/02\/01\/baby-gang-in-puglia-fenomeno-in-crescita\/","og_locale":"it_IT","og_type":"article","og_title":"Baby gang: in Puglia fenomeno in crescita - La Voce del Paese","og_description":"\u201cA Bari recentemente due 17enni sono stati aggrediti al Parco Rossani, un 21enne \u00e8 stato picchiato per aver difeso una","og_url":"https:\/\/lavocedelpaese.info\/index.php\/2023\/02\/01\/baby-gang-in-puglia-fenomeno-in-crescita\/","og_site_name":"La Voce del Paese","article_publisher":"https:\/\/www.facebook.com\/lavocedelpaese.info","article_published_time":"2023-02-01T06:51:08+00:00","article_modified_time":"2023-02-09T07:19:18+00:00","og_image":[{"width":810,"height":486,"url":"https:\/\/lavocedelpaese.info\/wp-content\/uploads\/2023\/02\/baby-gang.jpeg","type":"image\/jpeg"}],"author":"admin_voce","twitter_card":"summary_large_image","twitter_misc":{"Scritto da":"admin_voce","Tempo di lettura stimato":"3 minuti"},"schema":{"@context":"https:\/\/schema.org","@graph":[{"@type":"Article","@id":"https:\/\/lavocedelpaese.info\/index.php\/2023\/02\/01\/baby-gang-in-puglia-fenomeno-in-crescita\/#article","isPartOf":{"@id":"https:\/\/lavocedelpaese.info\/index.php\/2023\/02\/01\/baby-gang-in-puglia-fenomeno-in-crescita\/"},"author":{"name":"admin_voce","@id":"https:\/\/lavocedelpaese.info\/#\/schema\/person\/ab94aca56f9d1bb6fc898990a7998bda"},"headline":"Baby gang: in Puglia fenomeno in crescita","datePublished":"2023-02-01T06:51:08+00:00","dateModified":"2023-02-09T07:19:18+00:00","mainEntityOfPage":{"@id":"https:\/\/lavocedelpaese.info\/index.php\/2023\/02\/01\/baby-gang-in-puglia-fenomeno-in-crescita\/"},"wordCount":659,"commentCount":0,"publisher":{"@id":"https:\/\/lavocedelpaese.info\/#organization"},"image":{"@id":"https:\/\/lavocedelpaese.info\/index.php\/2023\/02\/01\/baby-gang-in-puglia-fenomeno-in-crescita\/#primaryimage"},"thumbnailUrl":"https:\/\/lavocedelpaese.info\/wp-content\/uploads\/2023\/02\/baby-gang.jpeg","articleSection":["Attualit\u00e0","primo piano"],"inLanguage":"it-IT","potentialAction":[{"@type":"CommentAction","name":"Comment","target":["https:\/\/lavocedelpaese.info\/index.php\/2023\/02\/01\/baby-gang-in-puglia-fenomeno-in-crescita\/#respond"]}]},{"@type":"WebPage","@id":"https:\/\/lavocedelpaese.info\/index.php\/2023\/02\/01\/baby-gang-in-puglia-fenomeno-in-crescita\/","url":"https:\/\/lavocedelpaese.info\/index.php\/2023\/02\/01\/baby-gang-in-puglia-fenomeno-in-crescita\/","name":"Baby gang: in Puglia fenomeno in crescita - La Voce del Paese","isPartOf":{"@id":"https:\/\/lavocedelpaese.info\/#website"},"primaryImageOfPage":{"@id":"https:\/\/lavocedelpaese.info\/index.php\/2023\/02\/01\/baby-gang-in-puglia-fenomeno-in-crescita\/#primaryimage"},"image":{"@id":"https:\/\/lavocedelpaese.info\/index.php\/2023\/02\/01\/baby-gang-in-puglia-fenomeno-in-crescita\/#primaryimage"},"thumbnailUrl":"https:\/\/lavocedelpaese.info\/wp-content\/uploads\/2023\/02\/baby-gang.jpeg","datePublished":"2023-02-01T06:51:08+00:00","dateModified":"2023-02-09T07:19:18+00:00","breadcrumb":{"@id":"https:\/\/lavocedelpaese.info\/index.php\/2023\/02\/01\/baby-gang-in-puglia-fenomeno-in-crescita\/#breadcrumb"},"inLanguage":"it-IT","potentialAction":[{"@type":"ReadAction","target":["https:\/\/lavocedelpaese.info\/index.php\/2023\/02\/01\/baby-gang-in-puglia-fenomeno-in-crescita\/"]}]},{"@type":"ImageObject","inLanguage":"it-IT","@id":"https:\/\/lavocedelpaese.info\/index.php\/2023\/02\/01\/baby-gang-in-puglia-fenomeno-in-crescita\/#primaryimage","url":"https:\/\/lavocedelpaese.info\/wp-content\/uploads\/2023\/02\/baby-gang.jpeg","contentUrl":"https:\/\/lavocedelpaese.info\/wp-content\/uploads\/2023\/02\/baby-gang.jpeg","width":810,"height":486},{"@type":"BreadcrumbList","@id":"https:\/\/lavocedelpaese.info\/index.php\/2023\/02\/01\/baby-gang-in-puglia-fenomeno-in-crescita\/#breadcrumb","itemListElement":[{"@type":"ListItem","position":1,"name":"Home","item":"https:\/\/lavocedelpaese.info\/"},{"@type":"ListItem","position":2,"name":"Baby gang: in Puglia fenomeno in crescita"}]},{"@type":"WebSite","@id":"https:\/\/lavocedelpaese.info\/#website","url":"https:\/\/lavocedelpaese.info\/","name":"La Voce del Paese","description":"Un network di idee","publisher":{"@id":"https:\/\/lavocedelpaese.info\/#organization"},"potentialAction":[{"@type":"SearchAction","target":{"@type":"EntryPoint","urlTemplate":"https:\/\/lavocedelpaese.info\/?s={search_term_string}"},"query-input":{"@type":"PropertyValueSpecification","valueRequired":true,"valueName":"search_term_string"}}],"inLanguage":"it-IT"},{"@type":"Organization","@id":"https:\/\/lavocedelpaese.info\/#organization","name":"La Voce del Paese","url":"https:\/\/lavocedelpaese.info\/","logo":{"@type":"ImageObject","inLanguage":"it-IT","@id":"https:\/\/lavocedelpaese.info\/#\/schema\/logo\/image\/","url":"https:\/\/lavocedelpaese.info\/wp-content\/uploads\/2023\/01\/cropped-logo-150-127.png","contentUrl":"https:\/\/lavocedelpaese.info\/wp-content\/uploads\/2023\/01\/cropped-logo-150-127.png","width":137,"height":119,"caption":"La Voce del Paese"},"image":{"@id":"https:\/\/lavocedelpaese.info\/#\/schema\/logo\/image\/"},"sameAs":["https:\/\/www.facebook.com\/lavocedelpaese.info"]},{"@type":"Person","@id":"https:\/\/lavocedelpaese.info\/#\/schema\/person\/ab94aca56f9d1bb6fc898990a7998bda","name":"admin_voce","image":{"@type":"ImageObject","inLanguage":"it-IT","@id":"https:\/\/secure.gravatar.com\/avatar\/0389d2e4ee5fe5beea65785e1b739e8791eb8fb05bff0baad8409158664db351?s=96&d=mm&r=g","url":"https:\/\/secure.gravatar.com\/avatar\/0389d2e4ee5fe5beea65785e1b739e8791eb8fb05bff0baad8409158664db351?s=96&d=mm&r=g","contentUrl":"https:\/\/secure.gravatar.com\/avatar\/0389d2e4ee5fe5beea65785e1b739e8791eb8fb05bff0baad8409158664db351?s=96&d=mm&r=g","caption":"admin_voce"},"url":"https:\/\/lavocedelpaese.info\/index.php\/author\/admin_voce\/"}]}},"_links":{"self":[{"href":"https:\/\/lavocedelpaese.info\/index.php\/wp-json\/wp\/v2\/posts\/868","targetHints":{"allow":["GET"]}}],"collection":[{"href":"https:\/\/lavocedelpaese.info\/index.php\/wp-json\/wp\/v2\/posts"}],"about":[{"href":"https:\/\/lavocedelpaese.info\/index.php\/wp-json\/wp\/v2\/types\/post"}],"author":[{"embeddable":true,"href":"https:\/\/lavocedelpaese.info\/index.php\/wp-json\/wp\/v2\/users\/4"}],"replies":[{"embeddable":true,"href":"https:\/\/lavocedelpaese.info\/index.php\/wp-json\/wp\/v2\/comments?post=868"}],"version-history":[{"count":1,"href":"https:\/\/lavocedelpaese.info\/index.php\/wp-json\/wp\/v2\/posts\/868\/revisions"}],"predecessor-version":[{"id":870,"href":"https:\/\/lavocedelpaese.info\/index.php\/wp-json\/wp\/v2\/posts\/868\/revisions\/870"}],"wp:featuredmedia":[{"embeddable":true,"href":"https:\/\/lavocedelpaese.info\/index.php\/wp-json\/wp\/v2\/media\/869"}],"wp:attachment":[{"href":"https:\/\/lavocedelpaese.info\/index.php\/wp-json\/wp\/v2\/media?parent=868"}],"wp:term":[{"taxonomy":"category","embeddable":true,"href":"https:\/\/lavocedelpaese.info\/index.php\/wp-json\/wp\/v2\/categories?post=868"},{"taxonomy":"post_tag","embeddable":true,"href":"https:\/\/lavocedelpaese.info\/index.php\/wp-json\/wp\/v2\/tags?post=868"}],"curies":[{"name":"wp","href":"https:\/\/api.w.org\/{rel}","templated":true}]}}