{"id":8679,"date":"2025-01-10T14:25:43","date_gmt":"2025-01-10T14:25:43","guid":{"rendered":"https:\/\/lavocedelpaese.info\/index.php\/2025\/01\/10\/abbiamo-tutti-bisogno-di-un-amico-fragile-nicola-vacca-al-circolo-unione\/"},"modified":"2025-01-10T14:25:43","modified_gmt":"2025-01-10T14:25:43","slug":"abbiamo-tutti-bisogno-di-un-amico-fragile-nicola-vacca-al-circolo-unione","status":"publish","type":"post","link":"https:\/\/lavocedelpaese.info\/index.php\/2025\/01\/10\/abbiamo-tutti-bisogno-di-un-amico-fragile-nicola-vacca-al-circolo-unione\/","title":{"rendered":"\u201cAbbiamo tutti bisogno di un amico fragile\u201d. Nicola Vacca al Circolo Unione\u00a0\u200b"},"content":{"rendered":"<p>\u00a0<\/p>\n<p>\u200b\u00a0<\/p>\n<p>\u200b\u00a0<\/p>\n<p><img decoding=\"async\" class=\"size-full wp-image-5697 alignleft\" src=\"https:\/\/gioia.lavocedelpaese.info\/wp-content\/uploads\/2025\/01\/LOCANDINA-11.01.25-libro-3d-foto.jpg\" alt=\"\" width=\"400\" height=\"550\"\/>L\u201911 gennaio alle 18:30 \u2013 con ingresso libero \u2013 il Circolo Unione presieduto da Romolo Di Brino ospiter\u00e0 la presentazione di \u201cAbbiamo tutti bisogno di un amico fragile\u201d [Ed. Qed \u2013 2024], un viaggio nel mondo poetico di Fabrizio De Andr\u00e9 scritto dal poeta e critico letterario Nicola Vacca.<\/p>\n<p>L\u2019incontro organizzato dal Circolo Unione in collaborazione con il Circolo Libert\u00e0 e Giustizia \u201cVito Vinci\u201d rappresentato da Tonia Scarnera, vedr\u00e0 tra i relatori che dialogheranno con Nicola \u2013 premio Camaiore -, i poeti Vittorino Curci (Premio Montale) e Giacomo Leronni (Premio Castelfiorentino).<\/p>\n<p>Eseguir\u00e0 brani di De Andr\u00e8 un duo d\u2019eccezione: Ilaria Fico, cantante, musicoterapeuta, studiosa di canti tradizionali pugliesi che dopo la laurea magistrale in Scienze dello spettacolo e produzione multimediale con indirizzo musicologico insegna attualmente a Udine, dove le \u00e8 stato conferito un Dottorato di ricerca in \u201cStoria dell\u2019arte, Cinema, Media Audiovisivi e Musica\u201d, e il chitarrista Giuseppe Rizzi, 36enne laureato in Informatica e Tecnologie per la Produzione del Software all\u2019Universit\u00e0 degli studi \u201cAldo Moro\u201d di Bari; attualmente programmatore in un\u2019azienda privata, nonch\u00e9 appassionato di De Andr\u00e9, e componente con Ilaria del gruppo pop-rock \u201cPipedogs\u201d con la quale ha al momento un progetto di duo acustico.<\/p>\n<p>Dialogher\u00e0 con i poeti e il pubblico Dalila Bellacicco.<\/p>\n<p>\u201cNicola Vacca ascolta Faber e si lascia coinvolgere dalla sua profetica eresia. Questo libro \u00e8 un omaggio non solo al cantautore genovese. Il poeta con i suoi versi cerca l\u2019uomo e poi il cantautore, l\u2019anarchico e soprattutto l\u2019artista che con la sua musica e le sue parole come pochi ha saputo declinare, andando sempre in direzione ostinata e contraria, il suo amore per la libert\u00e0. Vacca incontra De Andr\u00e9 e la sua laica e smisurata preghiera che oggi come ieri sta sempre dalla parte degli infedeli. Una preghiera di libert\u00e0 e poesia che sar\u00e0 per sempre un concerto di anime salve.\u201d<\/p>\n<p><strong><img decoding=\"async\" class=\"size-full wp-image-5698 alignright\" src=\"https:\/\/gioia.lavocedelpaese.info\/wp-content\/uploads\/2025\/01\/471166890_9334498116594263_2368612643966396777_n.jpg\" alt=\"\" width=\"400\" height=\"500\"\/>NICOLA VACCA<\/strong><\/p>\n<p>Nicola Vacca \u00e8 nato a Gioia del Colle, nel 1963, ed \u00e8 laureato in giurisprudenza. Scrittore, opinionista, critico letterario, collabora alle pagine culturali di quotidiani e riviste. Svolge, inoltre, un\u2019intensa attivit\u00e0 di operatore culturale, organizzando presentazioni ed eventi legati al mondo della poesia contemporanea. Dirige la rivista blog \u00abZona di disagio\u00bb. Ha pubblicato Nel bene e nel male (1994), Frutto della passione (2000), La grazia di un pensiero (2002), Serena musica segreta (2003), Civilt\u00e0 delle anime (2004), Incursioni nell\u2019apparenza (2006), Ti ho dato tutte le stagioni (2007), Frecce e pugnali (2008), Esperienza degli affanni (2009), il pamphlet A destra per caso con Carlo Gambescia (2010), Serena felicit\u00e0 nell\u2019istante (2010), Almeno un grammo di salvezza (2011), Mattanza dell\u2019incanto (2013), Sguardi dal Novecento (2014), Luce nera (2015), Vite colme di versi (2016), Commedia ubriaca (2017), Lettere a Cioran (2017), Tutti i nomi di un padre (2019), Non dare la corda ai giocattoli (2019), Arrivano parole dal jazz (2020), Muse nascoste (2021), Un caff\u00e8 in due (2022), Libro delle bestemmie (2023).<\/p>\n<p><a class=\"a2a_button_facebook\" href=\"https:\/\/www.addtoany.com\/add_to\/facebook?linkurl=https%3A%2F%2Fgioia.lavocedelpaese.info%2Findex.php%2F2025%2F01%2F10%2Fabbiamo-tutti-bisogno-di-un-amico-fragile-nicola-vacca-al-circolo-unione%2F&amp;linkname=%E2%80%9CAbbiamo%20tutti%20bisogno%20di%20un%20amico%20fragile%E2%80%9D.%20Nicola%20Vacca%20al%20Circolo%20Unione\" title=\"Facebook\" rel=\"nofollow noopener\" target=\"_blank\"><\/a><a class=\"a2a_button_twitter\" href=\"https:\/\/www.addtoany.com\/add_to\/twitter?linkurl=https%3A%2F%2Fgioia.lavocedelpaese.info%2Findex.php%2F2025%2F01%2F10%2Fabbiamo-tutti-bisogno-di-un-amico-fragile-nicola-vacca-al-circolo-unione%2F&amp;linkname=%E2%80%9CAbbiamo%20tutti%20bisogno%20di%20un%20amico%20fragile%E2%80%9D.%20Nicola%20Vacca%20al%20Circolo%20Unione\" title=\"Twitter\" rel=\"nofollow noopener\" target=\"_blank\"><\/a><a class=\"a2a_button_whatsapp\" href=\"https:\/\/www.addtoany.com\/add_to\/whatsapp?linkurl=https%3A%2F%2Fgioia.lavocedelpaese.info%2Findex.php%2F2025%2F01%2F10%2Fabbiamo-tutti-bisogno-di-un-amico-fragile-nicola-vacca-al-circolo-unione%2F&amp;linkname=%E2%80%9CAbbiamo%20tutti%20bisogno%20di%20un%20amico%20fragile%E2%80%9D.%20Nicola%20Vacca%20al%20Circolo%20Unione\" title=\"WhatsApp\" rel=\"nofollow noopener\" target=\"_blank\"><\/a><a class=\"a2a_button_telegram\" href=\"https:\/\/www.addtoany.com\/add_to\/telegram?linkurl=https%3A%2F%2Fgioia.lavocedelpaese.info%2Findex.php%2F2025%2F01%2F10%2Fabbiamo-tutti-bisogno-di-un-amico-fragile-nicola-vacca-al-circolo-unione%2F&amp;linkname=%E2%80%9CAbbiamo%20tutti%20bisogno%20di%20un%20amico%20fragile%E2%80%9D.%20Nicola%20Vacca%20al%20Circolo%20Unione\" title=\"Telegram\" rel=\"nofollow noopener\" target=\"_blank\"><\/a><a class=\"a2a_button_email\" href=\"https:\/\/www.addtoany.com\/add_to\/email?linkurl=https%3A%2F%2Fgioia.lavocedelpaese.info%2Findex.php%2F2025%2F01%2F10%2Fabbiamo-tutti-bisogno-di-un-amico-fragile-nicola-vacca-al-circolo-unione%2F&amp;linkname=%E2%80%9CAbbiamo%20tutti%20bisogno%20di%20un%20amico%20fragile%E2%80%9D.%20Nicola%20Vacca%20al%20Circolo%20Unione\" title=\"Email\" rel=\"nofollow noopener\" target=\"_blank\"><\/a><\/p>\n<p>\u00a0<\/p>\n<p>\u00a0<\/p>\n<p>\u200b\u00a0\u00a0\u00a0<\/p>","protected":false},"excerpt":{"rendered":"<p>\u00a0 \u200b\u00a0 \u200b\u00a0 L\u201911 gennaio alle 18:30 \u2013 con ingresso libero \u2013 il Circolo Unione presieduto da Romolo Di Brino<\/p>\n","protected":false},"author":6,"featured_media":8680,"comment_status":"open","ping_status":"closed","sticky":false,"template":"","format":"standard","meta":{"colormag_page_container_layout":"default_layout","colormag_page_sidebar_layout":"default_layout","footnotes":""},"categories":[33],"tags":[],"class_list":["post-8679","post","type-post","status-publish","format-standard","has-post-thumbnail","hentry","category-network"],"yoast_head":"<!-- This site is optimized with the Yoast SEO plugin v27.5 - https:\/\/yoast.com\/product\/yoast-seo-wordpress\/ -->\n<title>\u201cAbbiamo tutti bisogno di un amico fragile\u201d. Nicola Vacca al Circolo Unione\u00a0\u200b - La Voce del Paese<\/title>\n<meta name=\"robots\" content=\"index, follow, max-snippet:-1, max-image-preview:large, max-video-preview:-1\" \/>\n<link rel=\"canonical\" href=\"https:\/\/lavocedelpaese.info\/index.php\/2025\/01\/10\/abbiamo-tutti-bisogno-di-un-amico-fragile-nicola-vacca-al-circolo-unione\/\" \/>\n<meta property=\"og:locale\" content=\"it_IT\" \/>\n<meta property=\"og:type\" content=\"article\" \/>\n<meta property=\"og:title\" content=\"\u201cAbbiamo tutti bisogno di un amico fragile\u201d. Nicola Vacca al Circolo Unione\u00a0\u200b - La Voce del Paese\" \/>\n<meta property=\"og:description\" content=\"\u00a0 \u200b\u00a0 \u200b\u00a0 L\u201911 gennaio alle 18:30 \u2013 con ingresso libero \u2013 il Circolo Unione presieduto da Romolo Di Brino\" \/>\n<meta property=\"og:url\" content=\"https:\/\/lavocedelpaese.info\/index.php\/2025\/01\/10\/abbiamo-tutti-bisogno-di-un-amico-fragile-nicola-vacca-al-circolo-unione\/\" \/>\n<meta property=\"og:site_name\" content=\"La Voce del Paese\" \/>\n<meta property=\"article:publisher\" content=\"https:\/\/www.facebook.com\/lavocedelpaese.info\" \/>\n<meta property=\"article:published_time\" content=\"2025-01-10T14:25:43+00:00\" \/>\n<meta name=\"author\" content=\"admin\" \/>\n<meta name=\"twitter:card\" content=\"summary_large_image\" \/>\n<meta name=\"twitter:label1\" content=\"Scritto da\" \/>\n\t<meta name=\"twitter:data1\" content=\"admin\" \/>\n\t<meta name=\"twitter:label2\" content=\"Tempo di lettura stimato\" \/>\n\t<meta name=\"twitter:data2\" content=\"2 minuti\" \/>\n<script type=\"application\/ld+json\" class=\"yoast-schema-graph\">{\"@context\":\"https:\\\/\\\/schema.org\",\"@graph\":[{\"@type\":\"Article\",\"@id\":\"https:\\\/\\\/lavocedelpaese.info\\\/index.php\\\/2025\\\/01\\\/10\\\/abbiamo-tutti-bisogno-di-un-amico-fragile-nicola-vacca-al-circolo-unione\\\/#article\",\"isPartOf\":{\"@id\":\"https:\\\/\\\/lavocedelpaese.info\\\/index.php\\\/2025\\\/01\\\/10\\\/abbiamo-tutti-bisogno-di-un-amico-fragile-nicola-vacca-al-circolo-unione\\\/\"},\"author\":{\"name\":\"admin\",\"@id\":\"https:\\\/\\\/lavocedelpaese.info\\\/#\\\/schema\\\/person\\\/ec151d321306bd7591f7a061abf72d88\"},\"headline\":\"\u201cAbbiamo tutti bisogno di un amico fragile\u201d. Nicola Vacca al Circolo Unione\u00a0\u200b\",\"datePublished\":\"2025-01-10T14:25:43+00:00\",\"mainEntityOfPage\":{\"@id\":\"https:\\\/\\\/lavocedelpaese.info\\\/index.php\\\/2025\\\/01\\\/10\\\/abbiamo-tutti-bisogno-di-un-amico-fragile-nicola-vacca-al-circolo-unione\\\/\"},\"wordCount\":465,\"commentCount\":0,\"publisher\":{\"@id\":\"https:\\\/\\\/lavocedelpaese.info\\\/#organization\"},\"image\":{\"@id\":\"https:\\\/\\\/lavocedelpaese.info\\\/index.php\\\/2025\\\/01\\\/10\\\/abbiamo-tutti-bisogno-di-un-amico-fragile-nicola-vacca-al-circolo-unione\\\/#primaryimage\"},\"thumbnailUrl\":\"https:\\\/\\\/lavocedelpaese.info\\\/wp-content\\\/uploads\\\/2025\\\/01\\\/LOCANDINA-11.01.25-libro-3d-foto-Locczl.jpeg\",\"articleSection\":[\"network\"],\"inLanguage\":\"it-IT\",\"potentialAction\":[{\"@type\":\"CommentAction\",\"name\":\"Comment\",\"target\":[\"https:\\\/\\\/lavocedelpaese.info\\\/index.php\\\/2025\\\/01\\\/10\\\/abbiamo-tutti-bisogno-di-un-amico-fragile-nicola-vacca-al-circolo-unione\\\/#respond\"]}]},{\"@type\":\"WebPage\",\"@id\":\"https:\\\/\\\/lavocedelpaese.info\\\/index.php\\\/2025\\\/01\\\/10\\\/abbiamo-tutti-bisogno-di-un-amico-fragile-nicola-vacca-al-circolo-unione\\\/\",\"url\":\"https:\\\/\\\/lavocedelpaese.info\\\/index.php\\\/2025\\\/01\\\/10\\\/abbiamo-tutti-bisogno-di-un-amico-fragile-nicola-vacca-al-circolo-unione\\\/\",\"name\":\"\u201cAbbiamo tutti bisogno di un amico fragile\u201d. Nicola Vacca al Circolo Unione\u00a0\u200b - La Voce del Paese\",\"isPartOf\":{\"@id\":\"https:\\\/\\\/lavocedelpaese.info\\\/#website\"},\"primaryImageOfPage\":{\"@id\":\"https:\\\/\\\/lavocedelpaese.info\\\/index.php\\\/2025\\\/01\\\/10\\\/abbiamo-tutti-bisogno-di-un-amico-fragile-nicola-vacca-al-circolo-unione\\\/#primaryimage\"},\"image\":{\"@id\":\"https:\\\/\\\/lavocedelpaese.info\\\/index.php\\\/2025\\\/01\\\/10\\\/abbiamo-tutti-bisogno-di-un-amico-fragile-nicola-vacca-al-circolo-unione\\\/#primaryimage\"},\"thumbnailUrl\":\"https:\\\/\\\/lavocedelpaese.info\\\/wp-content\\\/uploads\\\/2025\\\/01\\\/LOCANDINA-11.01.25-libro-3d-foto-Locczl.jpeg\",\"datePublished\":\"2025-01-10T14:25:43+00:00\",\"breadcrumb\":{\"@id\":\"https:\\\/\\\/lavocedelpaese.info\\\/index.php\\\/2025\\\/01\\\/10\\\/abbiamo-tutti-bisogno-di-un-amico-fragile-nicola-vacca-al-circolo-unione\\\/#breadcrumb\"},\"inLanguage\":\"it-IT\",\"potentialAction\":[{\"@type\":\"ReadAction\",\"target\":[\"https:\\\/\\\/lavocedelpaese.info\\\/index.php\\\/2025\\\/01\\\/10\\\/abbiamo-tutti-bisogno-di-un-amico-fragile-nicola-vacca-al-circolo-unione\\\/\"]}]},{\"@type\":\"ImageObject\",\"inLanguage\":\"it-IT\",\"@id\":\"https:\\\/\\\/lavocedelpaese.info\\\/index.php\\\/2025\\\/01\\\/10\\\/abbiamo-tutti-bisogno-di-un-amico-fragile-nicola-vacca-al-circolo-unione\\\/#primaryimage\",\"url\":\"https:\\\/\\\/lavocedelpaese.info\\\/wp-content\\\/uploads\\\/2025\\\/01\\\/LOCANDINA-11.01.25-libro-3d-foto-Locczl.jpeg\",\"contentUrl\":\"https:\\\/\\\/lavocedelpaese.info\\\/wp-content\\\/uploads\\\/2025\\\/01\\\/LOCANDINA-11.01.25-libro-3d-foto-Locczl.jpeg\",\"width\":582,\"height\":800},{\"@type\":\"BreadcrumbList\",\"@id\":\"https:\\\/\\\/lavocedelpaese.info\\\/index.php\\\/2025\\\/01\\\/10\\\/abbiamo-tutti-bisogno-di-un-amico-fragile-nicola-vacca-al-circolo-unione\\\/#breadcrumb\",\"itemListElement\":[{\"@type\":\"ListItem\",\"position\":1,\"name\":\"Home\",\"item\":\"https:\\\/\\\/lavocedelpaese.info\\\/\"},{\"@type\":\"ListItem\",\"position\":2,\"name\":\"\u201cAbbiamo tutti bisogno di un amico fragile\u201d. Nicola Vacca al Circolo Unione\u00a0\u200b\"}]},{\"@type\":\"WebSite\",\"@id\":\"https:\\\/\\\/lavocedelpaese.info\\\/#website\",\"url\":\"https:\\\/\\\/lavocedelpaese.info\\\/\",\"name\":\"La Voce del Paese\",\"description\":\"Un network di idee\",\"publisher\":{\"@id\":\"https:\\\/\\\/lavocedelpaese.info\\\/#organization\"},\"potentialAction\":[{\"@type\":\"SearchAction\",\"target\":{\"@type\":\"EntryPoint\",\"urlTemplate\":\"https:\\\/\\\/lavocedelpaese.info\\\/?s={search_term_string}\"},\"query-input\":{\"@type\":\"PropertyValueSpecification\",\"valueRequired\":true,\"valueName\":\"search_term_string\"}}],\"inLanguage\":\"it-IT\"},{\"@type\":\"Organization\",\"@id\":\"https:\\\/\\\/lavocedelpaese.info\\\/#organization\",\"name\":\"La Voce del Paese\",\"url\":\"https:\\\/\\\/lavocedelpaese.info\\\/\",\"logo\":{\"@type\":\"ImageObject\",\"inLanguage\":\"it-IT\",\"@id\":\"https:\\\/\\\/lavocedelpaese.info\\\/#\\\/schema\\\/logo\\\/image\\\/\",\"url\":\"https:\\\/\\\/lavocedelpaese.info\\\/wp-content\\\/uploads\\\/2023\\\/01\\\/cropped-logo-150-127.png\",\"contentUrl\":\"https:\\\/\\\/lavocedelpaese.info\\\/wp-content\\\/uploads\\\/2023\\\/01\\\/cropped-logo-150-127.png\",\"width\":137,\"height\":119,\"caption\":\"La Voce del Paese\"},\"image\":{\"@id\":\"https:\\\/\\\/lavocedelpaese.info\\\/#\\\/schema\\\/logo\\\/image\\\/\"},\"sameAs\":[\"https:\\\/\\\/www.facebook.com\\\/lavocedelpaese.info\"]},{\"@type\":\"Person\",\"@id\":\"https:\\\/\\\/lavocedelpaese.info\\\/#\\\/schema\\\/person\\\/ec151d321306bd7591f7a061abf72d88\",\"name\":\"admin\",\"image\":{\"@type\":\"ImageObject\",\"inLanguage\":\"it-IT\",\"@id\":\"https:\\\/\\\/secure.gravatar.com\\\/avatar\\\/af8f2caf0663124588de48a9380e07cbc95a74ef15b8062d0d39106c32fe3023?s=96&d=mm&r=g\",\"url\":\"https:\\\/\\\/secure.gravatar.com\\\/avatar\\\/af8f2caf0663124588de48a9380e07cbc95a74ef15b8062d0d39106c32fe3023?s=96&d=mm&r=g\",\"contentUrl\":\"https:\\\/\\\/secure.gravatar.com\\\/avatar\\\/af8f2caf0663124588de48a9380e07cbc95a74ef15b8062d0d39106c32fe3023?s=96&d=mm&r=g\",\"caption\":\"admin\"},\"sameAs\":[\"https:\\\/\\\/lavocedelpaese.info\"],\"url\":\"https:\\\/\\\/lavocedelpaese.info\\\/index.php\\\/author\\\/admin\\\/\"}]}<\/script>\n<!-- \/ Yoast SEO plugin. -->","yoast_head_json":{"title":"\u201cAbbiamo tutti bisogno di un amico fragile\u201d. Nicola Vacca al Circolo Unione\u00a0\u200b - La Voce del Paese","robots":{"index":"index","follow":"follow","max-snippet":"max-snippet:-1","max-image-preview":"max-image-preview:large","max-video-preview":"max-video-preview:-1"},"canonical":"https:\/\/lavocedelpaese.info\/index.php\/2025\/01\/10\/abbiamo-tutti-bisogno-di-un-amico-fragile-nicola-vacca-al-circolo-unione\/","og_locale":"it_IT","og_type":"article","og_title":"\u201cAbbiamo tutti bisogno di un amico fragile\u201d. Nicola Vacca al Circolo Unione\u00a0\u200b - La Voce del Paese","og_description":"\u00a0 \u200b\u00a0 \u200b\u00a0 L\u201911 gennaio alle 18:30 \u2013 con ingresso libero \u2013 il Circolo Unione presieduto da Romolo Di Brino","og_url":"https:\/\/lavocedelpaese.info\/index.php\/2025\/01\/10\/abbiamo-tutti-bisogno-di-un-amico-fragile-nicola-vacca-al-circolo-unione\/","og_site_name":"La Voce del Paese","article_publisher":"https:\/\/www.facebook.com\/lavocedelpaese.info","article_published_time":"2025-01-10T14:25:43+00:00","author":"admin","twitter_card":"summary_large_image","twitter_misc":{"Scritto da":"admin","Tempo di lettura stimato":"2 minuti"},"schema":{"@context":"https:\/\/schema.org","@graph":[{"@type":"Article","@id":"https:\/\/lavocedelpaese.info\/index.php\/2025\/01\/10\/abbiamo-tutti-bisogno-di-un-amico-fragile-nicola-vacca-al-circolo-unione\/#article","isPartOf":{"@id":"https:\/\/lavocedelpaese.info\/index.php\/2025\/01\/10\/abbiamo-tutti-bisogno-di-un-amico-fragile-nicola-vacca-al-circolo-unione\/"},"author":{"name":"admin","@id":"https:\/\/lavocedelpaese.info\/#\/schema\/person\/ec151d321306bd7591f7a061abf72d88"},"headline":"\u201cAbbiamo tutti bisogno di un amico fragile\u201d. Nicola Vacca al Circolo Unione\u00a0\u200b","datePublished":"2025-01-10T14:25:43+00:00","mainEntityOfPage":{"@id":"https:\/\/lavocedelpaese.info\/index.php\/2025\/01\/10\/abbiamo-tutti-bisogno-di-un-amico-fragile-nicola-vacca-al-circolo-unione\/"},"wordCount":465,"commentCount":0,"publisher":{"@id":"https:\/\/lavocedelpaese.info\/#organization"},"image":{"@id":"https:\/\/lavocedelpaese.info\/index.php\/2025\/01\/10\/abbiamo-tutti-bisogno-di-un-amico-fragile-nicola-vacca-al-circolo-unione\/#primaryimage"},"thumbnailUrl":"https:\/\/lavocedelpaese.info\/wp-content\/uploads\/2025\/01\/LOCANDINA-11.01.25-libro-3d-foto-Locczl.jpeg","articleSection":["network"],"inLanguage":"it-IT","potentialAction":[{"@type":"CommentAction","name":"Comment","target":["https:\/\/lavocedelpaese.info\/index.php\/2025\/01\/10\/abbiamo-tutti-bisogno-di-un-amico-fragile-nicola-vacca-al-circolo-unione\/#respond"]}]},{"@type":"WebPage","@id":"https:\/\/lavocedelpaese.info\/index.php\/2025\/01\/10\/abbiamo-tutti-bisogno-di-un-amico-fragile-nicola-vacca-al-circolo-unione\/","url":"https:\/\/lavocedelpaese.info\/index.php\/2025\/01\/10\/abbiamo-tutti-bisogno-di-un-amico-fragile-nicola-vacca-al-circolo-unione\/","name":"\u201cAbbiamo tutti bisogno di un amico fragile\u201d. Nicola Vacca al Circolo Unione\u00a0\u200b - La Voce del Paese","isPartOf":{"@id":"https:\/\/lavocedelpaese.info\/#website"},"primaryImageOfPage":{"@id":"https:\/\/lavocedelpaese.info\/index.php\/2025\/01\/10\/abbiamo-tutti-bisogno-di-un-amico-fragile-nicola-vacca-al-circolo-unione\/#primaryimage"},"image":{"@id":"https:\/\/lavocedelpaese.info\/index.php\/2025\/01\/10\/abbiamo-tutti-bisogno-di-un-amico-fragile-nicola-vacca-al-circolo-unione\/#primaryimage"},"thumbnailUrl":"https:\/\/lavocedelpaese.info\/wp-content\/uploads\/2025\/01\/LOCANDINA-11.01.25-libro-3d-foto-Locczl.jpeg","datePublished":"2025-01-10T14:25:43+00:00","breadcrumb":{"@id":"https:\/\/lavocedelpaese.info\/index.php\/2025\/01\/10\/abbiamo-tutti-bisogno-di-un-amico-fragile-nicola-vacca-al-circolo-unione\/#breadcrumb"},"inLanguage":"it-IT","potentialAction":[{"@type":"ReadAction","target":["https:\/\/lavocedelpaese.info\/index.php\/2025\/01\/10\/abbiamo-tutti-bisogno-di-un-amico-fragile-nicola-vacca-al-circolo-unione\/"]}]},{"@type":"ImageObject","inLanguage":"it-IT","@id":"https:\/\/lavocedelpaese.info\/index.php\/2025\/01\/10\/abbiamo-tutti-bisogno-di-un-amico-fragile-nicola-vacca-al-circolo-unione\/#primaryimage","url":"https:\/\/lavocedelpaese.info\/wp-content\/uploads\/2025\/01\/LOCANDINA-11.01.25-libro-3d-foto-Locczl.jpeg","contentUrl":"https:\/\/lavocedelpaese.info\/wp-content\/uploads\/2025\/01\/LOCANDINA-11.01.25-libro-3d-foto-Locczl.jpeg","width":582,"height":800},{"@type":"BreadcrumbList","@id":"https:\/\/lavocedelpaese.info\/index.php\/2025\/01\/10\/abbiamo-tutti-bisogno-di-un-amico-fragile-nicola-vacca-al-circolo-unione\/#breadcrumb","itemListElement":[{"@type":"ListItem","position":1,"name":"Home","item":"https:\/\/lavocedelpaese.info\/"},{"@type":"ListItem","position":2,"name":"\u201cAbbiamo tutti bisogno di un amico fragile\u201d. Nicola Vacca al Circolo Unione\u00a0\u200b"}]},{"@type":"WebSite","@id":"https:\/\/lavocedelpaese.info\/#website","url":"https:\/\/lavocedelpaese.info\/","name":"La Voce del Paese","description":"Un network di idee","publisher":{"@id":"https:\/\/lavocedelpaese.info\/#organization"},"potentialAction":[{"@type":"SearchAction","target":{"@type":"EntryPoint","urlTemplate":"https:\/\/lavocedelpaese.info\/?s={search_term_string}"},"query-input":{"@type":"PropertyValueSpecification","valueRequired":true,"valueName":"search_term_string"}}],"inLanguage":"it-IT"},{"@type":"Organization","@id":"https:\/\/lavocedelpaese.info\/#organization","name":"La Voce del Paese","url":"https:\/\/lavocedelpaese.info\/","logo":{"@type":"ImageObject","inLanguage":"it-IT","@id":"https:\/\/lavocedelpaese.info\/#\/schema\/logo\/image\/","url":"https:\/\/lavocedelpaese.info\/wp-content\/uploads\/2023\/01\/cropped-logo-150-127.png","contentUrl":"https:\/\/lavocedelpaese.info\/wp-content\/uploads\/2023\/01\/cropped-logo-150-127.png","width":137,"height":119,"caption":"La Voce del Paese"},"image":{"@id":"https:\/\/lavocedelpaese.info\/#\/schema\/logo\/image\/"},"sameAs":["https:\/\/www.facebook.com\/lavocedelpaese.info"]},{"@type":"Person","@id":"https:\/\/lavocedelpaese.info\/#\/schema\/person\/ec151d321306bd7591f7a061abf72d88","name":"admin","image":{"@type":"ImageObject","inLanguage":"it-IT","@id":"https:\/\/secure.gravatar.com\/avatar\/af8f2caf0663124588de48a9380e07cbc95a74ef15b8062d0d39106c32fe3023?s=96&d=mm&r=g","url":"https:\/\/secure.gravatar.com\/avatar\/af8f2caf0663124588de48a9380e07cbc95a74ef15b8062d0d39106c32fe3023?s=96&d=mm&r=g","contentUrl":"https:\/\/secure.gravatar.com\/avatar\/af8f2caf0663124588de48a9380e07cbc95a74ef15b8062d0d39106c32fe3023?s=96&d=mm&r=g","caption":"admin"},"sameAs":["https:\/\/lavocedelpaese.info"],"url":"https:\/\/lavocedelpaese.info\/index.php\/author\/admin\/"}]}},"_links":{"self":[{"href":"https:\/\/lavocedelpaese.info\/index.php\/wp-json\/wp\/v2\/posts\/8679","targetHints":{"allow":["GET"]}}],"collection":[{"href":"https:\/\/lavocedelpaese.info\/index.php\/wp-json\/wp\/v2\/posts"}],"about":[{"href":"https:\/\/lavocedelpaese.info\/index.php\/wp-json\/wp\/v2\/types\/post"}],"author":[{"embeddable":true,"href":"https:\/\/lavocedelpaese.info\/index.php\/wp-json\/wp\/v2\/users\/6"}],"replies":[{"embeddable":true,"href":"https:\/\/lavocedelpaese.info\/index.php\/wp-json\/wp\/v2\/comments?post=8679"}],"version-history":[{"count":0,"href":"https:\/\/lavocedelpaese.info\/index.php\/wp-json\/wp\/v2\/posts\/8679\/revisions"}],"wp:featuredmedia":[{"embeddable":true,"href":"https:\/\/lavocedelpaese.info\/index.php\/wp-json\/wp\/v2\/media\/8680"}],"wp:attachment":[{"href":"https:\/\/lavocedelpaese.info\/index.php\/wp-json\/wp\/v2\/media?parent=8679"}],"wp:term":[{"taxonomy":"category","embeddable":true,"href":"https:\/\/lavocedelpaese.info\/index.php\/wp-json\/wp\/v2\/categories?post=8679"},{"taxonomy":"post_tag","embeddable":true,"href":"https:\/\/lavocedelpaese.info\/index.php\/wp-json\/wp\/v2\/tags?post=8679"}],"curies":[{"name":"wp","href":"https:\/\/api.w.org\/{rel}","templated":true}]}}