{"id":8669,"date":"2025-01-09T07:14:28","date_gmt":"2025-01-09T07:14:28","guid":{"rendered":"https:\/\/lavocedelpaese.info\/index.php\/2025\/01\/09\/la-persona-al-centro-incontro-in-sala-consiliare\/"},"modified":"2025-01-09T07:14:28","modified_gmt":"2025-01-09T07:14:28","slug":"la-persona-al-centro-incontro-in-sala-consiliare","status":"publish","type":"post","link":"https:\/\/lavocedelpaese.info\/index.php\/2025\/01\/09\/la-persona-al-centro-incontro-in-sala-consiliare\/","title":{"rendered":"\u201cLa persona al centro\u201d: incontro in Sala Consiliare\u00a0\u200b"},"content":{"rendered":"<p>\u00a0<\/p>\n<p>\u200b\u00a0<\/p>\n<p>\u200b\u00a0<\/p>\n<p>\u00c8 il titolo del 1\u00b0 tavolo di condivisione e confronto a pi\u00f9 voci sul rilevante tema di carattere sociale che si svolger\u00e0 a Cassano delle Murge venerd\u00ec 10 gennaio nella sala consiliare municipale, Piazza Rossani (ore 17,30).<\/p>\n<p>Un momento d\u2019incontro tra le Associazioni e gli operatori di settore per presentare le intense e importanti attivit\u00e0, oltre a confrontarsi sulle progettualit\u00e0 portate avanti a favore delle numerose famiglie che vivono la \u201cdisabilit\u00e0\u201d delle Persone care.<\/p>\n<p>Non mancheranno anche gli spunti per affrontare le eventuali priorit\u00e0 e a come poterle trasformarle in soluzioni.<\/p>\n<p>Un confronto costruttivo che vedr\u00e0 l\u2019apertura affidata ai saluti introduttivi del Sindaco di Cassano di Cassano delle Murge, ing. Davide Del Re.<\/p>\n<p>A seguire, gli interventi dei protagonisti ovvero di Vito Mancini Presidente Unione Ciechi ed Ipovedenti Bari ed il M\u00b0 Enrico Palladino, Sergio Giannullo della Lega del Filo d\u2019Oro Onlus Molfetta, Vito Dellino Responsabile del Centro Socio Rieducativo \u201cI colori del Sorriso\u201d, Titti Cinieri della Associazione Tempo Libero Bari, Antonio Brascia Responsabile CRAP \u201cSan Francesco\u201d, Ornella Starace Presidente del Centro Ippico degli Ulivi, il M\u00b0 Roberto Angiulo ed i Maestri della Associazione \u201cAl bosco Sonoro\u201d, Margherita Lassandro coordinatrice CRAP \u201cFratello Sole\u201d e Rosanna Gaeta Tecnico Allenatore Cooperativa \u201cRanidae\u201d<\/p>\n<p>Concluder\u00e0 i lavori la promotrice dell\u2019iniziativa l\u2019Europarlamentare Chiara Gemma, componente del Forum Europeo della Disabilit\u00e0.<\/p>\n<p>Moderatrice del focus sar\u00e0 l\u2019avv. Raffaella Casamassima, da sempre vicino al mondo delle tematiche al centro di discussione della serata.<\/p>\n<figure class=\"wp-block-image size-large\"><img decoding=\"async\" width=\"729\" height=\"1024\" src=\"https:\/\/cassano.lavocedelpaese.info\/wp-content\/uploads\/2025\/01\/WhatsApp-Image-2025-01-08-at-20.34.40-1-729x1024.jpeg\" alt=\"\" class=\"wp-image-5814\"\/><\/figure>\n<p><a class=\"a2a_button_facebook\" href=\"https:\/\/www.addtoany.com\/add_to\/facebook?linkurl=https%3A%2F%2Fcassano.lavocedelpaese.info%2Fla-persona-al-centro-incontro-in-sala-consiliare%2F&amp;linkname=%E2%80%9CLa%20persona%20al%20centro%E2%80%9D%3A%20incontro%20in%20Sala%20Consiliare\" title=\"Facebook\" rel=\"nofollow noopener\" target=\"_blank\"><\/a><a class=\"a2a_button_twitter\" href=\"https:\/\/www.addtoany.com\/add_to\/twitter?linkurl=https%3A%2F%2Fcassano.lavocedelpaese.info%2Fla-persona-al-centro-incontro-in-sala-consiliare%2F&amp;linkname=%E2%80%9CLa%20persona%20al%20centro%E2%80%9D%3A%20incontro%20in%20Sala%20Consiliare\" title=\"Twitter\" rel=\"nofollow noopener\" target=\"_blank\"><\/a><a class=\"a2a_button_whatsapp\" href=\"https:\/\/www.addtoany.com\/add_to\/whatsapp?linkurl=https%3A%2F%2Fcassano.lavocedelpaese.info%2Fla-persona-al-centro-incontro-in-sala-consiliare%2F&amp;linkname=%E2%80%9CLa%20persona%20al%20centro%E2%80%9D%3A%20incontro%20in%20Sala%20Consiliare\" title=\"WhatsApp\" rel=\"nofollow noopener\" target=\"_blank\"><\/a><a class=\"a2a_button_telegram\" href=\"https:\/\/www.addtoany.com\/add_to\/telegram?linkurl=https%3A%2F%2Fcassano.lavocedelpaese.info%2Fla-persona-al-centro-incontro-in-sala-consiliare%2F&amp;linkname=%E2%80%9CLa%20persona%20al%20centro%E2%80%9D%3A%20incontro%20in%20Sala%20Consiliare\" title=\"Telegram\" rel=\"nofollow noopener\" target=\"_blank\"><\/a><a class=\"a2a_button_email\" href=\"https:\/\/www.addtoany.com\/add_to\/email?linkurl=https%3A%2F%2Fcassano.lavocedelpaese.info%2Fla-persona-al-centro-incontro-in-sala-consiliare%2F&amp;linkname=%E2%80%9CLa%20persona%20al%20centro%E2%80%9D%3A%20incontro%20in%20Sala%20Consiliare\" title=\"Email\" rel=\"nofollow noopener\" target=\"_blank\"><\/a><\/p>\n<p>\u00a0<\/p>\n<p>\u00a0<\/p>\n<p>\u200b\u00a0\u00a0\u00a0<\/p>","protected":false},"excerpt":{"rendered":"<p>\u00a0 \u200b\u00a0 \u200b\u00a0 \u00c8 il titolo del 1\u00b0 tavolo di condivisione e confronto a pi\u00f9 voci sul rilevante tema di<\/p>\n","protected":false},"author":6,"featured_media":8670,"comment_status":"open","ping_status":"closed","sticky":false,"template":"","format":"standard","meta":{"colormag_page_container_layout":"default_layout","colormag_page_sidebar_layout":"default_layout","footnotes":""},"categories":[33],"tags":[],"class_list":["post-8669","post","type-post","status-publish","format-standard","has-post-thumbnail","hentry","category-network"],"yoast_head":"<!-- This site is optimized with the Yoast SEO plugin v27.5 - https:\/\/yoast.com\/product\/yoast-seo-wordpress\/ -->\n<title>\u201cLa persona al centro\u201d: incontro in Sala Consiliare\u00a0\u200b - La Voce del Paese<\/title>\n<meta name=\"robots\" content=\"index, follow, max-snippet:-1, max-image-preview:large, max-video-preview:-1\" \/>\n<link rel=\"canonical\" href=\"https:\/\/lavocedelpaese.info\/index.php\/2025\/01\/09\/la-persona-al-centro-incontro-in-sala-consiliare\/\" \/>\n<meta property=\"og:locale\" content=\"it_IT\" \/>\n<meta property=\"og:type\" content=\"article\" \/>\n<meta property=\"og:title\" content=\"\u201cLa persona al centro\u201d: incontro in Sala Consiliare\u00a0\u200b - La Voce del Paese\" \/>\n<meta property=\"og:description\" content=\"\u00a0 \u200b\u00a0 \u200b\u00a0 \u00c8 il titolo del 1\u00b0 tavolo di condivisione e confronto a pi\u00f9 voci sul rilevante tema di\" \/>\n<meta property=\"og:url\" content=\"https:\/\/lavocedelpaese.info\/index.php\/2025\/01\/09\/la-persona-al-centro-incontro-in-sala-consiliare\/\" \/>\n<meta property=\"og:site_name\" content=\"La Voce del Paese\" \/>\n<meta property=\"article:publisher\" content=\"https:\/\/www.facebook.com\/lavocedelpaese.info\" \/>\n<meta property=\"article:published_time\" content=\"2025-01-09T07:14:28+00:00\" \/>\n<meta name=\"author\" content=\"admin\" \/>\n<meta name=\"twitter:card\" content=\"summary_large_image\" \/>\n<meta name=\"twitter:label1\" content=\"Scritto da\" \/>\n\t<meta name=\"twitter:data1\" content=\"admin\" \/>\n\t<meta name=\"twitter:label2\" content=\"Tempo di lettura stimato\" \/>\n\t<meta name=\"twitter:data2\" content=\"1 minuto\" \/>\n<script type=\"application\/ld+json\" class=\"yoast-schema-graph\">{\"@context\":\"https:\\\/\\\/schema.org\",\"@graph\":[{\"@type\":\"Article\",\"@id\":\"https:\\\/\\\/lavocedelpaese.info\\\/index.php\\\/2025\\\/01\\\/09\\\/la-persona-al-centro-incontro-in-sala-consiliare\\\/#article\",\"isPartOf\":{\"@id\":\"https:\\\/\\\/lavocedelpaese.info\\\/index.php\\\/2025\\\/01\\\/09\\\/la-persona-al-centro-incontro-in-sala-consiliare\\\/\"},\"author\":{\"name\":\"admin\",\"@id\":\"https:\\\/\\\/lavocedelpaese.info\\\/#\\\/schema\\\/person\\\/ec151d321306bd7591f7a061abf72d88\"},\"headline\":\"\u201cLa persona al centro\u201d: incontro in Sala Consiliare\u00a0\u200b\",\"datePublished\":\"2025-01-09T07:14:28+00:00\",\"mainEntityOfPage\":{\"@id\":\"https:\\\/\\\/lavocedelpaese.info\\\/index.php\\\/2025\\\/01\\\/09\\\/la-persona-al-centro-incontro-in-sala-consiliare\\\/\"},\"wordCount\":245,\"commentCount\":0,\"publisher\":{\"@id\":\"https:\\\/\\\/lavocedelpaese.info\\\/#organization\"},\"image\":{\"@id\":\"https:\\\/\\\/lavocedelpaese.info\\\/index.php\\\/2025\\\/01\\\/09\\\/la-persona-al-centro-incontro-in-sala-consiliare\\\/#primaryimage\"},\"thumbnailUrl\":\"https:\\\/\\\/lavocedelpaese.info\\\/wp-content\\\/uploads\\\/2025\\\/01\\\/WhatsApp-Image-2025-01-08-at-20.34.40-1-729x1024-QRssvn.jpeg\",\"articleSection\":[\"network\"],\"inLanguage\":\"it-IT\",\"potentialAction\":[{\"@type\":\"CommentAction\",\"name\":\"Comment\",\"target\":[\"https:\\\/\\\/lavocedelpaese.info\\\/index.php\\\/2025\\\/01\\\/09\\\/la-persona-al-centro-incontro-in-sala-consiliare\\\/#respond\"]}]},{\"@type\":\"WebPage\",\"@id\":\"https:\\\/\\\/lavocedelpaese.info\\\/index.php\\\/2025\\\/01\\\/09\\\/la-persona-al-centro-incontro-in-sala-consiliare\\\/\",\"url\":\"https:\\\/\\\/lavocedelpaese.info\\\/index.php\\\/2025\\\/01\\\/09\\\/la-persona-al-centro-incontro-in-sala-consiliare\\\/\",\"name\":\"\u201cLa persona al centro\u201d: incontro in Sala Consiliare\u00a0\u200b - La Voce del Paese\",\"isPartOf\":{\"@id\":\"https:\\\/\\\/lavocedelpaese.info\\\/#website\"},\"primaryImageOfPage\":{\"@id\":\"https:\\\/\\\/lavocedelpaese.info\\\/index.php\\\/2025\\\/01\\\/09\\\/la-persona-al-centro-incontro-in-sala-consiliare\\\/#primaryimage\"},\"image\":{\"@id\":\"https:\\\/\\\/lavocedelpaese.info\\\/index.php\\\/2025\\\/01\\\/09\\\/la-persona-al-centro-incontro-in-sala-consiliare\\\/#primaryimage\"},\"thumbnailUrl\":\"https:\\\/\\\/lavocedelpaese.info\\\/wp-content\\\/uploads\\\/2025\\\/01\\\/WhatsApp-Image-2025-01-08-at-20.34.40-1-729x1024-QRssvn.jpeg\",\"datePublished\":\"2025-01-09T07:14:28+00:00\",\"breadcrumb\":{\"@id\":\"https:\\\/\\\/lavocedelpaese.info\\\/index.php\\\/2025\\\/01\\\/09\\\/la-persona-al-centro-incontro-in-sala-consiliare\\\/#breadcrumb\"},\"inLanguage\":\"it-IT\",\"potentialAction\":[{\"@type\":\"ReadAction\",\"target\":[\"https:\\\/\\\/lavocedelpaese.info\\\/index.php\\\/2025\\\/01\\\/09\\\/la-persona-al-centro-incontro-in-sala-consiliare\\\/\"]}]},{\"@type\":\"ImageObject\",\"inLanguage\":\"it-IT\",\"@id\":\"https:\\\/\\\/lavocedelpaese.info\\\/index.php\\\/2025\\\/01\\\/09\\\/la-persona-al-centro-incontro-in-sala-consiliare\\\/#primaryimage\",\"url\":\"https:\\\/\\\/lavocedelpaese.info\\\/wp-content\\\/uploads\\\/2025\\\/01\\\/WhatsApp-Image-2025-01-08-at-20.34.40-1-729x1024-QRssvn.jpeg\",\"contentUrl\":\"https:\\\/\\\/lavocedelpaese.info\\\/wp-content\\\/uploads\\\/2025\\\/01\\\/WhatsApp-Image-2025-01-08-at-20.34.40-1-729x1024-QRssvn.jpeg\",\"width\":570,\"height\":800},{\"@type\":\"BreadcrumbList\",\"@id\":\"https:\\\/\\\/lavocedelpaese.info\\\/index.php\\\/2025\\\/01\\\/09\\\/la-persona-al-centro-incontro-in-sala-consiliare\\\/#breadcrumb\",\"itemListElement\":[{\"@type\":\"ListItem\",\"position\":1,\"name\":\"Home\",\"item\":\"https:\\\/\\\/lavocedelpaese.info\\\/\"},{\"@type\":\"ListItem\",\"position\":2,\"name\":\"\u201cLa persona al centro\u201d: incontro in Sala Consiliare\u00a0\u200b\"}]},{\"@type\":\"WebSite\",\"@id\":\"https:\\\/\\\/lavocedelpaese.info\\\/#website\",\"url\":\"https:\\\/\\\/lavocedelpaese.info\\\/\",\"name\":\"La Voce del Paese\",\"description\":\"Un network di idee\",\"publisher\":{\"@id\":\"https:\\\/\\\/lavocedelpaese.info\\\/#organization\"},\"potentialAction\":[{\"@type\":\"SearchAction\",\"target\":{\"@type\":\"EntryPoint\",\"urlTemplate\":\"https:\\\/\\\/lavocedelpaese.info\\\/?s={search_term_string}\"},\"query-input\":{\"@type\":\"PropertyValueSpecification\",\"valueRequired\":true,\"valueName\":\"search_term_string\"}}],\"inLanguage\":\"it-IT\"},{\"@type\":\"Organization\",\"@id\":\"https:\\\/\\\/lavocedelpaese.info\\\/#organization\",\"name\":\"La Voce del Paese\",\"url\":\"https:\\\/\\\/lavocedelpaese.info\\\/\",\"logo\":{\"@type\":\"ImageObject\",\"inLanguage\":\"it-IT\",\"@id\":\"https:\\\/\\\/lavocedelpaese.info\\\/#\\\/schema\\\/logo\\\/image\\\/\",\"url\":\"https:\\\/\\\/lavocedelpaese.info\\\/wp-content\\\/uploads\\\/2023\\\/01\\\/cropped-logo-150-127.png\",\"contentUrl\":\"https:\\\/\\\/lavocedelpaese.info\\\/wp-content\\\/uploads\\\/2023\\\/01\\\/cropped-logo-150-127.png\",\"width\":137,\"height\":119,\"caption\":\"La Voce del Paese\"},\"image\":{\"@id\":\"https:\\\/\\\/lavocedelpaese.info\\\/#\\\/schema\\\/logo\\\/image\\\/\"},\"sameAs\":[\"https:\\\/\\\/www.facebook.com\\\/lavocedelpaese.info\"]},{\"@type\":\"Person\",\"@id\":\"https:\\\/\\\/lavocedelpaese.info\\\/#\\\/schema\\\/person\\\/ec151d321306bd7591f7a061abf72d88\",\"name\":\"admin\",\"image\":{\"@type\":\"ImageObject\",\"inLanguage\":\"it-IT\",\"@id\":\"https:\\\/\\\/secure.gravatar.com\\\/avatar\\\/af8f2caf0663124588de48a9380e07cbc95a74ef15b8062d0d39106c32fe3023?s=96&d=mm&r=g\",\"url\":\"https:\\\/\\\/secure.gravatar.com\\\/avatar\\\/af8f2caf0663124588de48a9380e07cbc95a74ef15b8062d0d39106c32fe3023?s=96&d=mm&r=g\",\"contentUrl\":\"https:\\\/\\\/secure.gravatar.com\\\/avatar\\\/af8f2caf0663124588de48a9380e07cbc95a74ef15b8062d0d39106c32fe3023?s=96&d=mm&r=g\",\"caption\":\"admin\"},\"sameAs\":[\"https:\\\/\\\/lavocedelpaese.info\"],\"url\":\"https:\\\/\\\/lavocedelpaese.info\\\/index.php\\\/author\\\/admin\\\/\"}]}<\/script>\n<!-- \/ Yoast SEO plugin. -->","yoast_head_json":{"title":"\u201cLa persona al centro\u201d: incontro in Sala Consiliare\u00a0\u200b - La Voce del Paese","robots":{"index":"index","follow":"follow","max-snippet":"max-snippet:-1","max-image-preview":"max-image-preview:large","max-video-preview":"max-video-preview:-1"},"canonical":"https:\/\/lavocedelpaese.info\/index.php\/2025\/01\/09\/la-persona-al-centro-incontro-in-sala-consiliare\/","og_locale":"it_IT","og_type":"article","og_title":"\u201cLa persona al centro\u201d: incontro in Sala Consiliare\u00a0\u200b - La Voce del Paese","og_description":"\u00a0 \u200b\u00a0 \u200b\u00a0 \u00c8 il titolo del 1\u00b0 tavolo di condivisione e confronto a pi\u00f9 voci sul rilevante tema di","og_url":"https:\/\/lavocedelpaese.info\/index.php\/2025\/01\/09\/la-persona-al-centro-incontro-in-sala-consiliare\/","og_site_name":"La Voce del Paese","article_publisher":"https:\/\/www.facebook.com\/lavocedelpaese.info","article_published_time":"2025-01-09T07:14:28+00:00","author":"admin","twitter_card":"summary_large_image","twitter_misc":{"Scritto da":"admin","Tempo di lettura stimato":"1 minuto"},"schema":{"@context":"https:\/\/schema.org","@graph":[{"@type":"Article","@id":"https:\/\/lavocedelpaese.info\/index.php\/2025\/01\/09\/la-persona-al-centro-incontro-in-sala-consiliare\/#article","isPartOf":{"@id":"https:\/\/lavocedelpaese.info\/index.php\/2025\/01\/09\/la-persona-al-centro-incontro-in-sala-consiliare\/"},"author":{"name":"admin","@id":"https:\/\/lavocedelpaese.info\/#\/schema\/person\/ec151d321306bd7591f7a061abf72d88"},"headline":"\u201cLa persona al centro\u201d: incontro in Sala Consiliare\u00a0\u200b","datePublished":"2025-01-09T07:14:28+00:00","mainEntityOfPage":{"@id":"https:\/\/lavocedelpaese.info\/index.php\/2025\/01\/09\/la-persona-al-centro-incontro-in-sala-consiliare\/"},"wordCount":245,"commentCount":0,"publisher":{"@id":"https:\/\/lavocedelpaese.info\/#organization"},"image":{"@id":"https:\/\/lavocedelpaese.info\/index.php\/2025\/01\/09\/la-persona-al-centro-incontro-in-sala-consiliare\/#primaryimage"},"thumbnailUrl":"https:\/\/lavocedelpaese.info\/wp-content\/uploads\/2025\/01\/WhatsApp-Image-2025-01-08-at-20.34.40-1-729x1024-QRssvn.jpeg","articleSection":["network"],"inLanguage":"it-IT","potentialAction":[{"@type":"CommentAction","name":"Comment","target":["https:\/\/lavocedelpaese.info\/index.php\/2025\/01\/09\/la-persona-al-centro-incontro-in-sala-consiliare\/#respond"]}]},{"@type":"WebPage","@id":"https:\/\/lavocedelpaese.info\/index.php\/2025\/01\/09\/la-persona-al-centro-incontro-in-sala-consiliare\/","url":"https:\/\/lavocedelpaese.info\/index.php\/2025\/01\/09\/la-persona-al-centro-incontro-in-sala-consiliare\/","name":"\u201cLa persona al centro\u201d: incontro in Sala Consiliare\u00a0\u200b - La Voce del Paese","isPartOf":{"@id":"https:\/\/lavocedelpaese.info\/#website"},"primaryImageOfPage":{"@id":"https:\/\/lavocedelpaese.info\/index.php\/2025\/01\/09\/la-persona-al-centro-incontro-in-sala-consiliare\/#primaryimage"},"image":{"@id":"https:\/\/lavocedelpaese.info\/index.php\/2025\/01\/09\/la-persona-al-centro-incontro-in-sala-consiliare\/#primaryimage"},"thumbnailUrl":"https:\/\/lavocedelpaese.info\/wp-content\/uploads\/2025\/01\/WhatsApp-Image-2025-01-08-at-20.34.40-1-729x1024-QRssvn.jpeg","datePublished":"2025-01-09T07:14:28+00:00","breadcrumb":{"@id":"https:\/\/lavocedelpaese.info\/index.php\/2025\/01\/09\/la-persona-al-centro-incontro-in-sala-consiliare\/#breadcrumb"},"inLanguage":"it-IT","potentialAction":[{"@type":"ReadAction","target":["https:\/\/lavocedelpaese.info\/index.php\/2025\/01\/09\/la-persona-al-centro-incontro-in-sala-consiliare\/"]}]},{"@type":"ImageObject","inLanguage":"it-IT","@id":"https:\/\/lavocedelpaese.info\/index.php\/2025\/01\/09\/la-persona-al-centro-incontro-in-sala-consiliare\/#primaryimage","url":"https:\/\/lavocedelpaese.info\/wp-content\/uploads\/2025\/01\/WhatsApp-Image-2025-01-08-at-20.34.40-1-729x1024-QRssvn.jpeg","contentUrl":"https:\/\/lavocedelpaese.info\/wp-content\/uploads\/2025\/01\/WhatsApp-Image-2025-01-08-at-20.34.40-1-729x1024-QRssvn.jpeg","width":570,"height":800},{"@type":"BreadcrumbList","@id":"https:\/\/lavocedelpaese.info\/index.php\/2025\/01\/09\/la-persona-al-centro-incontro-in-sala-consiliare\/#breadcrumb","itemListElement":[{"@type":"ListItem","position":1,"name":"Home","item":"https:\/\/lavocedelpaese.info\/"},{"@type":"ListItem","position":2,"name":"\u201cLa persona al centro\u201d: incontro in Sala Consiliare\u00a0\u200b"}]},{"@type":"WebSite","@id":"https:\/\/lavocedelpaese.info\/#website","url":"https:\/\/lavocedelpaese.info\/","name":"La Voce del Paese","description":"Un network di idee","publisher":{"@id":"https:\/\/lavocedelpaese.info\/#organization"},"potentialAction":[{"@type":"SearchAction","target":{"@type":"EntryPoint","urlTemplate":"https:\/\/lavocedelpaese.info\/?s={search_term_string}"},"query-input":{"@type":"PropertyValueSpecification","valueRequired":true,"valueName":"search_term_string"}}],"inLanguage":"it-IT"},{"@type":"Organization","@id":"https:\/\/lavocedelpaese.info\/#organization","name":"La Voce del Paese","url":"https:\/\/lavocedelpaese.info\/","logo":{"@type":"ImageObject","inLanguage":"it-IT","@id":"https:\/\/lavocedelpaese.info\/#\/schema\/logo\/image\/","url":"https:\/\/lavocedelpaese.info\/wp-content\/uploads\/2023\/01\/cropped-logo-150-127.png","contentUrl":"https:\/\/lavocedelpaese.info\/wp-content\/uploads\/2023\/01\/cropped-logo-150-127.png","width":137,"height":119,"caption":"La Voce del Paese"},"image":{"@id":"https:\/\/lavocedelpaese.info\/#\/schema\/logo\/image\/"},"sameAs":["https:\/\/www.facebook.com\/lavocedelpaese.info"]},{"@type":"Person","@id":"https:\/\/lavocedelpaese.info\/#\/schema\/person\/ec151d321306bd7591f7a061abf72d88","name":"admin","image":{"@type":"ImageObject","inLanguage":"it-IT","@id":"https:\/\/secure.gravatar.com\/avatar\/af8f2caf0663124588de48a9380e07cbc95a74ef15b8062d0d39106c32fe3023?s=96&d=mm&r=g","url":"https:\/\/secure.gravatar.com\/avatar\/af8f2caf0663124588de48a9380e07cbc95a74ef15b8062d0d39106c32fe3023?s=96&d=mm&r=g","contentUrl":"https:\/\/secure.gravatar.com\/avatar\/af8f2caf0663124588de48a9380e07cbc95a74ef15b8062d0d39106c32fe3023?s=96&d=mm&r=g","caption":"admin"},"sameAs":["https:\/\/lavocedelpaese.info"],"url":"https:\/\/lavocedelpaese.info\/index.php\/author\/admin\/"}]}},"_links":{"self":[{"href":"https:\/\/lavocedelpaese.info\/index.php\/wp-json\/wp\/v2\/posts\/8669","targetHints":{"allow":["GET"]}}],"collection":[{"href":"https:\/\/lavocedelpaese.info\/index.php\/wp-json\/wp\/v2\/posts"}],"about":[{"href":"https:\/\/lavocedelpaese.info\/index.php\/wp-json\/wp\/v2\/types\/post"}],"author":[{"embeddable":true,"href":"https:\/\/lavocedelpaese.info\/index.php\/wp-json\/wp\/v2\/users\/6"}],"replies":[{"embeddable":true,"href":"https:\/\/lavocedelpaese.info\/index.php\/wp-json\/wp\/v2\/comments?post=8669"}],"version-history":[{"count":0,"href":"https:\/\/lavocedelpaese.info\/index.php\/wp-json\/wp\/v2\/posts\/8669\/revisions"}],"wp:featuredmedia":[{"embeddable":true,"href":"https:\/\/lavocedelpaese.info\/index.php\/wp-json\/wp\/v2\/media\/8670"}],"wp:attachment":[{"href":"https:\/\/lavocedelpaese.info\/index.php\/wp-json\/wp\/v2\/media?parent=8669"}],"wp:term":[{"taxonomy":"category","embeddable":true,"href":"https:\/\/lavocedelpaese.info\/index.php\/wp-json\/wp\/v2\/categories?post=8669"},{"taxonomy":"post_tag","embeddable":true,"href":"https:\/\/lavocedelpaese.info\/index.php\/wp-json\/wp\/v2\/tags?post=8669"}],"curies":[{"name":"wp","href":"https:\/\/api.w.org\/{rel}","templated":true}]}}