{"id":8662,"date":"2025-01-05T07:18:59","date_gmt":"2025-01-05T07:18:59","guid":{"rendered":"https:\/\/lavocedelpaese.info\/index.php\/2025\/01\/05\/bari-nel-culto-di-san-nicola\/"},"modified":"2025-01-05T07:18:59","modified_gmt":"2025-01-05T07:18:59","slug":"bari-nel-culto-di-san-nicola","status":"publish","type":"post","link":"https:\/\/lavocedelpaese.info\/index.php\/2025\/01\/05\/bari-nel-culto-di-san-nicola\/","title":{"rendered":"\u201cBARI nel culto di San Nicola\u201d\u00a0\u200b"},"content":{"rendered":"<p>\u00a0<\/p>\n<p>\u200b\u00a0<\/p>\n<p>\u200b\u00a0<\/p>\n<div><\/div>\n<h4 class=\"wp-block-heading\"><strong>Appuntamento questa sera, alle ore 18.30, nella Chiesa di San Domenico<\/strong><\/h4>\n<p>Domenica 5 gennaio, alle ore 18.30, nella Chiesa di San Domenico di Turi verr\u00e0 presentato il libro dal titolo: \u201cBARI nel culto di San Nicola\u201d, di Franco Introna, (Prof. Ordinario UniBa, patologo forense) e Gianvito Chiarello (medico odontoiatra). Il volume \u00e8 edito da ADDA Editore.<\/p>\n<p>Letture di Gigi De Santis, cultore del dialetto barese (Don Dialetto Bari).<\/p>\n<p>L\u2019incontro verr\u00e0 moderato da Stefano de Carolis, Presidente della Ass. Culturale \u201cLa Faldacchea di Turi\u201d e organizzatore dell\u2019evento.\u00a0\u00a0<\/p>\n<h4 class=\"wp-block-heading\"><strong>Sinossi del libro<\/strong><\/h4>\n<p>San Nicola \u00e8 indubbiamente un Santo del nostro tempo, uno di noi, come affermano gli autori di questo volume, dedicato a momenti di culto e devozione popolare Barese verso in nostro Santo taumaturgo. <\/p>\n<p>Oggi la citt\u00e0 di Bari vive un particolare contesto socio-temporale che sta cambiando radicalmente le attitudini dei suoi abitanti. La loro tradizionale vocazione commerciale e marittima gradualmente lascia spazio alle opportunit\u00e0 di accoglienza e di ospitalit\u00e0 destinate ad un flusso turistico sempre pi\u00f9 intenso che oggi percorre i quartieri della citt\u00e0 che lambiscono il mare. E a parte la suggestivit\u00e0 del lungomare, degli edifici in zona Umbertina, dell\u2019impareggiabile tradizione culinaria e delle meraviglie del suo hinterland, \u00e8 innegabile che il Santo Protettore costituisca l\u2019attrazione pi\u00f9 significativa di questa citt\u00e0. Un\u2019attrazione innanzitutto fra lui e i baresi, legatissimi al culto e alle sue ricorrenze, che annualmente gremiscono di folla le strade dove si snodano cortei e processioni. E che non perdono occasione di far parlare di s\u00e9, quando in questi contesti avvengono episodi che mettono in risalto il contrasto fra sacralit\u00e0 religiosa e debolezze umane. <\/p>\n<p>Potente taumaturgo che guariva all\u2019istante ogni infermit\u00e0, la sua fama si alimenta ancora oggi per mezzo della Manna che sgorga dalla tomba in Basilica, medicina universale di tutti i tempi, antico strumento di comunicazione internazionale, antesignano millenario dei nostri social mediatici. <\/p>\n<p>Queste e altre situazioni si susseguono nei vari capitoli del libro in una facile e attraente lettura, trattando argomenti ben conosciuti, connotati per\u00f2 di una stringente attualit\u00e0 che fornisce il pretesto per approfondire e divulgare tradizioni, aneddoti e modi di dire ormai radicati nel lungo corso della storia.<\/p>\n<figure class=\"wp-block-image size-full\"><img decoding=\"async\" width=\"1209\" height=\"1550\" src=\"https:\/\/turi.lavocedelpaese.info\/wp-content\/uploads\/2025\/01\/locandina-san-nicola.jpg\" alt=\"\" class=\"wp-image-6391\"\/><\/figure>\n<p><a class=\"a2a_button_facebook\" href=\"https:\/\/www.addtoany.com\/add_to\/facebook?linkurl=https%3A%2F%2Fturi.lavocedelpaese.info%2Fbari-nel-culto-di-san-nicola%2F&amp;linkname=%E2%80%9CBARI%20nel%20culto%20di%20San%20Nicola%E2%80%9D\" title=\"Facebook\" rel=\"nofollow noopener\" target=\"_blank\"><\/a><a class=\"a2a_button_twitter\" href=\"https:\/\/www.addtoany.com\/add_to\/twitter?linkurl=https%3A%2F%2Fturi.lavocedelpaese.info%2Fbari-nel-culto-di-san-nicola%2F&amp;linkname=%E2%80%9CBARI%20nel%20culto%20di%20San%20Nicola%E2%80%9D\" title=\"Twitter\" rel=\"nofollow noopener\" target=\"_blank\"><\/a><a class=\"a2a_button_whatsapp\" href=\"https:\/\/www.addtoany.com\/add_to\/whatsapp?linkurl=https%3A%2F%2Fturi.lavocedelpaese.info%2Fbari-nel-culto-di-san-nicola%2F&amp;linkname=%E2%80%9CBARI%20nel%20culto%20di%20San%20Nicola%E2%80%9D\" title=\"WhatsApp\" rel=\"nofollow noopener\" target=\"_blank\"><\/a><a class=\"a2a_button_telegram\" href=\"https:\/\/www.addtoany.com\/add_to\/telegram?linkurl=https%3A%2F%2Fturi.lavocedelpaese.info%2Fbari-nel-culto-di-san-nicola%2F&amp;linkname=%E2%80%9CBARI%20nel%20culto%20di%20San%20Nicola%E2%80%9D\" title=\"Telegram\" rel=\"nofollow noopener\" target=\"_blank\"><\/a><a class=\"a2a_button_email\" href=\"https:\/\/www.addtoany.com\/add_to\/email?linkurl=https%3A%2F%2Fturi.lavocedelpaese.info%2Fbari-nel-culto-di-san-nicola%2F&amp;linkname=%E2%80%9CBARI%20nel%20culto%20di%20San%20Nicola%E2%80%9D\" title=\"Email\" rel=\"nofollow noopener\" target=\"_blank\"><\/a><\/p>\n<p>L&#8217;articolo <a href=\"https:\/\/turi.lavocedelpaese.info\/bari-nel-culto-di-san-nicola\/\">\u201cBARI nel culto di San Nicola\u201d<\/a> proviene da <a href=\"https:\/\/turi.lavocedelpaese.info\/\">Turi &#8211; La Voce del Paese<\/a>.<\/p>\n<p>\u00a0<\/p>\n<p>\u00a0<\/p>\n<p>\u200b\u00a0\u00a0\u00a0<\/p>","protected":false},"excerpt":{"rendered":"<p>\u00a0 \u200b\u00a0 \u200b\u00a0 Appuntamento questa sera, alle ore 18.30, nella Chiesa di San Domenico Domenica 5 gennaio, alle ore 18.30,<\/p>\n","protected":false},"author":0,"featured_media":8663,"comment_status":"open","ping_status":"closed","sticky":false,"template":"","format":"standard","meta":{"colormag_page_container_layout":"default_layout","colormag_page_sidebar_layout":"default_layout","footnotes":""},"categories":[33],"tags":[],"class_list":["post-8662","post","type-post","status-publish","format-standard","has-post-thumbnail","hentry","category-network"],"yoast_head":"<!-- This site is optimized with the Yoast SEO plugin v27.5 - https:\/\/yoast.com\/product\/yoast-seo-wordpress\/ -->\n<title>\u201cBARI nel culto di San Nicola\u201d\u00a0\u200b - La Voce del Paese<\/title>\n<meta name=\"robots\" content=\"index, follow, max-snippet:-1, max-image-preview:large, max-video-preview:-1\" \/>\n<link rel=\"canonical\" href=\"https:\/\/lavocedelpaese.info\/index.php\/2025\/01\/05\/bari-nel-culto-di-san-nicola\/\" \/>\n<meta property=\"og:locale\" content=\"it_IT\" \/>\n<meta property=\"og:type\" content=\"article\" \/>\n<meta property=\"og:title\" content=\"\u201cBARI nel culto di San Nicola\u201d\u00a0\u200b - La Voce del Paese\" \/>\n<meta property=\"og:description\" content=\"\u00a0 \u200b\u00a0 \u200b\u00a0 Appuntamento questa sera, alle ore 18.30, nella Chiesa di San Domenico Domenica 5 gennaio, alle ore 18.30,\" \/>\n<meta property=\"og:url\" content=\"https:\/\/lavocedelpaese.info\/index.php\/2025\/01\/05\/bari-nel-culto-di-san-nicola\/\" \/>\n<meta property=\"og:site_name\" content=\"La Voce del Paese\" \/>\n<meta property=\"article:publisher\" content=\"https:\/\/www.facebook.com\/lavocedelpaese.info\" \/>\n<meta property=\"article:published_time\" content=\"2025-01-05T07:18:59+00:00\" \/>\n<meta name=\"twitter:card\" content=\"summary_large_image\" \/>\n<meta name=\"twitter:label1\" content=\"Tempo di lettura stimato\" \/>\n\t<meta name=\"twitter:data1\" content=\"2 minuti\" \/>\n<script type=\"application\/ld+json\" class=\"yoast-schema-graph\">{\"@context\":\"https:\\\/\\\/schema.org\",\"@graph\":[{\"@type\":\"Article\",\"@id\":\"https:\\\/\\\/lavocedelpaese.info\\\/index.php\\\/2025\\\/01\\\/05\\\/bari-nel-culto-di-san-nicola\\\/#article\",\"isPartOf\":{\"@id\":\"https:\\\/\\\/lavocedelpaese.info\\\/index.php\\\/2025\\\/01\\\/05\\\/bari-nel-culto-di-san-nicola\\\/\"},\"author\":{\"name\":\"\",\"@id\":\"\"},\"headline\":\"\u201cBARI nel culto di San Nicola\u201d\u00a0\u200b\",\"datePublished\":\"2025-01-05T07:18:59+00:00\",\"mainEntityOfPage\":{\"@id\":\"https:\\\/\\\/lavocedelpaese.info\\\/index.php\\\/2025\\\/01\\\/05\\\/bari-nel-culto-di-san-nicola\\\/\"},\"wordCount\":377,\"commentCount\":0,\"publisher\":{\"@id\":\"https:\\\/\\\/lavocedelpaese.info\\\/#organization\"},\"image\":{\"@id\":\"https:\\\/\\\/lavocedelpaese.info\\\/index.php\\\/2025\\\/01\\\/05\\\/bari-nel-culto-di-san-nicola\\\/#primaryimage\"},\"thumbnailUrl\":\"https:\\\/\\\/lavocedelpaese.info\\\/wp-content\\\/uploads\\\/2025\\\/01\\\/locandina-san-nicola-7q0eck.jpeg\",\"articleSection\":[\"network\"],\"inLanguage\":\"it-IT\",\"potentialAction\":[{\"@type\":\"CommentAction\",\"name\":\"Comment\",\"target\":[\"https:\\\/\\\/lavocedelpaese.info\\\/index.php\\\/2025\\\/01\\\/05\\\/bari-nel-culto-di-san-nicola\\\/#respond\"]}]},{\"@type\":\"WebPage\",\"@id\":\"https:\\\/\\\/lavocedelpaese.info\\\/index.php\\\/2025\\\/01\\\/05\\\/bari-nel-culto-di-san-nicola\\\/\",\"url\":\"https:\\\/\\\/lavocedelpaese.info\\\/index.php\\\/2025\\\/01\\\/05\\\/bari-nel-culto-di-san-nicola\\\/\",\"name\":\"\u201cBARI nel culto di San Nicola\u201d\u00a0\u200b - La Voce del Paese\",\"isPartOf\":{\"@id\":\"https:\\\/\\\/lavocedelpaese.info\\\/#website\"},\"primaryImageOfPage\":{\"@id\":\"https:\\\/\\\/lavocedelpaese.info\\\/index.php\\\/2025\\\/01\\\/05\\\/bari-nel-culto-di-san-nicola\\\/#primaryimage\"},\"image\":{\"@id\":\"https:\\\/\\\/lavocedelpaese.info\\\/index.php\\\/2025\\\/01\\\/05\\\/bari-nel-culto-di-san-nicola\\\/#primaryimage\"},\"thumbnailUrl\":\"https:\\\/\\\/lavocedelpaese.info\\\/wp-content\\\/uploads\\\/2025\\\/01\\\/locandina-san-nicola-7q0eck.jpeg\",\"datePublished\":\"2025-01-05T07:18:59+00:00\",\"breadcrumb\":{\"@id\":\"https:\\\/\\\/lavocedelpaese.info\\\/index.php\\\/2025\\\/01\\\/05\\\/bari-nel-culto-di-san-nicola\\\/#breadcrumb\"},\"inLanguage\":\"it-IT\",\"potentialAction\":[{\"@type\":\"ReadAction\",\"target\":[\"https:\\\/\\\/lavocedelpaese.info\\\/index.php\\\/2025\\\/01\\\/05\\\/bari-nel-culto-di-san-nicola\\\/\"]}]},{\"@type\":\"ImageObject\",\"inLanguage\":\"it-IT\",\"@id\":\"https:\\\/\\\/lavocedelpaese.info\\\/index.php\\\/2025\\\/01\\\/05\\\/bari-nel-culto-di-san-nicola\\\/#primaryimage\",\"url\":\"https:\\\/\\\/lavocedelpaese.info\\\/wp-content\\\/uploads\\\/2025\\\/01\\\/locandina-san-nicola-7q0eck.jpeg\",\"contentUrl\":\"https:\\\/\\\/lavocedelpaese.info\\\/wp-content\\\/uploads\\\/2025\\\/01\\\/locandina-san-nicola-7q0eck.jpeg\",\"width\":624,\"height\":800},{\"@type\":\"BreadcrumbList\",\"@id\":\"https:\\\/\\\/lavocedelpaese.info\\\/index.php\\\/2025\\\/01\\\/05\\\/bari-nel-culto-di-san-nicola\\\/#breadcrumb\",\"itemListElement\":[{\"@type\":\"ListItem\",\"position\":1,\"name\":\"Home\",\"item\":\"https:\\\/\\\/lavocedelpaese.info\\\/\"},{\"@type\":\"ListItem\",\"position\":2,\"name\":\"\u201cBARI nel culto di San Nicola\u201d\u00a0\u200b\"}]},{\"@type\":\"WebSite\",\"@id\":\"https:\\\/\\\/lavocedelpaese.info\\\/#website\",\"url\":\"https:\\\/\\\/lavocedelpaese.info\\\/\",\"name\":\"La Voce del Paese\",\"description\":\"Un network di idee\",\"publisher\":{\"@id\":\"https:\\\/\\\/lavocedelpaese.info\\\/#organization\"},\"potentialAction\":[{\"@type\":\"SearchAction\",\"target\":{\"@type\":\"EntryPoint\",\"urlTemplate\":\"https:\\\/\\\/lavocedelpaese.info\\\/?s={search_term_string}\"},\"query-input\":{\"@type\":\"PropertyValueSpecification\",\"valueRequired\":true,\"valueName\":\"search_term_string\"}}],\"inLanguage\":\"it-IT\"},{\"@type\":\"Organization\",\"@id\":\"https:\\\/\\\/lavocedelpaese.info\\\/#organization\",\"name\":\"La Voce del Paese\",\"url\":\"https:\\\/\\\/lavocedelpaese.info\\\/\",\"logo\":{\"@type\":\"ImageObject\",\"inLanguage\":\"it-IT\",\"@id\":\"https:\\\/\\\/lavocedelpaese.info\\\/#\\\/schema\\\/logo\\\/image\\\/\",\"url\":\"https:\\\/\\\/lavocedelpaese.info\\\/wp-content\\\/uploads\\\/2023\\\/01\\\/cropped-logo-150-127.png\",\"contentUrl\":\"https:\\\/\\\/lavocedelpaese.info\\\/wp-content\\\/uploads\\\/2023\\\/01\\\/cropped-logo-150-127.png\",\"width\":137,\"height\":119,\"caption\":\"La Voce del Paese\"},\"image\":{\"@id\":\"https:\\\/\\\/lavocedelpaese.info\\\/#\\\/schema\\\/logo\\\/image\\\/\"},\"sameAs\":[\"https:\\\/\\\/www.facebook.com\\\/lavocedelpaese.info\"]}]}<\/script>\n<!-- \/ Yoast SEO plugin. -->","yoast_head_json":{"title":"\u201cBARI nel culto di San Nicola\u201d\u00a0\u200b - La Voce del Paese","robots":{"index":"index","follow":"follow","max-snippet":"max-snippet:-1","max-image-preview":"max-image-preview:large","max-video-preview":"max-video-preview:-1"},"canonical":"https:\/\/lavocedelpaese.info\/index.php\/2025\/01\/05\/bari-nel-culto-di-san-nicola\/","og_locale":"it_IT","og_type":"article","og_title":"\u201cBARI nel culto di San Nicola\u201d\u00a0\u200b - La Voce del Paese","og_description":"\u00a0 \u200b\u00a0 \u200b\u00a0 Appuntamento questa sera, alle ore 18.30, nella Chiesa di San Domenico Domenica 5 gennaio, alle ore 18.30,","og_url":"https:\/\/lavocedelpaese.info\/index.php\/2025\/01\/05\/bari-nel-culto-di-san-nicola\/","og_site_name":"La Voce del Paese","article_publisher":"https:\/\/www.facebook.com\/lavocedelpaese.info","article_published_time":"2025-01-05T07:18:59+00:00","twitter_card":"summary_large_image","twitter_misc":{"Tempo di lettura stimato":"2 minuti"},"schema":{"@context":"https:\/\/schema.org","@graph":[{"@type":"Article","@id":"https:\/\/lavocedelpaese.info\/index.php\/2025\/01\/05\/bari-nel-culto-di-san-nicola\/#article","isPartOf":{"@id":"https:\/\/lavocedelpaese.info\/index.php\/2025\/01\/05\/bari-nel-culto-di-san-nicola\/"},"author":{"name":"","@id":""},"headline":"\u201cBARI nel culto di San Nicola\u201d\u00a0\u200b","datePublished":"2025-01-05T07:18:59+00:00","mainEntityOfPage":{"@id":"https:\/\/lavocedelpaese.info\/index.php\/2025\/01\/05\/bari-nel-culto-di-san-nicola\/"},"wordCount":377,"commentCount":0,"publisher":{"@id":"https:\/\/lavocedelpaese.info\/#organization"},"image":{"@id":"https:\/\/lavocedelpaese.info\/index.php\/2025\/01\/05\/bari-nel-culto-di-san-nicola\/#primaryimage"},"thumbnailUrl":"https:\/\/lavocedelpaese.info\/wp-content\/uploads\/2025\/01\/locandina-san-nicola-7q0eck.jpeg","articleSection":["network"],"inLanguage":"it-IT","potentialAction":[{"@type":"CommentAction","name":"Comment","target":["https:\/\/lavocedelpaese.info\/index.php\/2025\/01\/05\/bari-nel-culto-di-san-nicola\/#respond"]}]},{"@type":"WebPage","@id":"https:\/\/lavocedelpaese.info\/index.php\/2025\/01\/05\/bari-nel-culto-di-san-nicola\/","url":"https:\/\/lavocedelpaese.info\/index.php\/2025\/01\/05\/bari-nel-culto-di-san-nicola\/","name":"\u201cBARI nel culto di San Nicola\u201d\u00a0\u200b - La Voce del Paese","isPartOf":{"@id":"https:\/\/lavocedelpaese.info\/#website"},"primaryImageOfPage":{"@id":"https:\/\/lavocedelpaese.info\/index.php\/2025\/01\/05\/bari-nel-culto-di-san-nicola\/#primaryimage"},"image":{"@id":"https:\/\/lavocedelpaese.info\/index.php\/2025\/01\/05\/bari-nel-culto-di-san-nicola\/#primaryimage"},"thumbnailUrl":"https:\/\/lavocedelpaese.info\/wp-content\/uploads\/2025\/01\/locandina-san-nicola-7q0eck.jpeg","datePublished":"2025-01-05T07:18:59+00:00","breadcrumb":{"@id":"https:\/\/lavocedelpaese.info\/index.php\/2025\/01\/05\/bari-nel-culto-di-san-nicola\/#breadcrumb"},"inLanguage":"it-IT","potentialAction":[{"@type":"ReadAction","target":["https:\/\/lavocedelpaese.info\/index.php\/2025\/01\/05\/bari-nel-culto-di-san-nicola\/"]}]},{"@type":"ImageObject","inLanguage":"it-IT","@id":"https:\/\/lavocedelpaese.info\/index.php\/2025\/01\/05\/bari-nel-culto-di-san-nicola\/#primaryimage","url":"https:\/\/lavocedelpaese.info\/wp-content\/uploads\/2025\/01\/locandina-san-nicola-7q0eck.jpeg","contentUrl":"https:\/\/lavocedelpaese.info\/wp-content\/uploads\/2025\/01\/locandina-san-nicola-7q0eck.jpeg","width":624,"height":800},{"@type":"BreadcrumbList","@id":"https:\/\/lavocedelpaese.info\/index.php\/2025\/01\/05\/bari-nel-culto-di-san-nicola\/#breadcrumb","itemListElement":[{"@type":"ListItem","position":1,"name":"Home","item":"https:\/\/lavocedelpaese.info\/"},{"@type":"ListItem","position":2,"name":"\u201cBARI nel culto di San Nicola\u201d\u00a0\u200b"}]},{"@type":"WebSite","@id":"https:\/\/lavocedelpaese.info\/#website","url":"https:\/\/lavocedelpaese.info\/","name":"La Voce del Paese","description":"Un network di idee","publisher":{"@id":"https:\/\/lavocedelpaese.info\/#organization"},"potentialAction":[{"@type":"SearchAction","target":{"@type":"EntryPoint","urlTemplate":"https:\/\/lavocedelpaese.info\/?s={search_term_string}"},"query-input":{"@type":"PropertyValueSpecification","valueRequired":true,"valueName":"search_term_string"}}],"inLanguage":"it-IT"},{"@type":"Organization","@id":"https:\/\/lavocedelpaese.info\/#organization","name":"La Voce del Paese","url":"https:\/\/lavocedelpaese.info\/","logo":{"@type":"ImageObject","inLanguage":"it-IT","@id":"https:\/\/lavocedelpaese.info\/#\/schema\/logo\/image\/","url":"https:\/\/lavocedelpaese.info\/wp-content\/uploads\/2023\/01\/cropped-logo-150-127.png","contentUrl":"https:\/\/lavocedelpaese.info\/wp-content\/uploads\/2023\/01\/cropped-logo-150-127.png","width":137,"height":119,"caption":"La Voce del Paese"},"image":{"@id":"https:\/\/lavocedelpaese.info\/#\/schema\/logo\/image\/"},"sameAs":["https:\/\/www.facebook.com\/lavocedelpaese.info"]}]}},"_links":{"self":[{"href":"https:\/\/lavocedelpaese.info\/index.php\/wp-json\/wp\/v2\/posts\/8662","targetHints":{"allow":["GET"]}}],"collection":[{"href":"https:\/\/lavocedelpaese.info\/index.php\/wp-json\/wp\/v2\/posts"}],"about":[{"href":"https:\/\/lavocedelpaese.info\/index.php\/wp-json\/wp\/v2\/types\/post"}],"replies":[{"embeddable":true,"href":"https:\/\/lavocedelpaese.info\/index.php\/wp-json\/wp\/v2\/comments?post=8662"}],"version-history":[{"count":0,"href":"https:\/\/lavocedelpaese.info\/index.php\/wp-json\/wp\/v2\/posts\/8662\/revisions"}],"wp:featuredmedia":[{"embeddable":true,"href":"https:\/\/lavocedelpaese.info\/index.php\/wp-json\/wp\/v2\/media\/8663"}],"wp:attachment":[{"href":"https:\/\/lavocedelpaese.info\/index.php\/wp-json\/wp\/v2\/media?parent=8662"}],"wp:term":[{"taxonomy":"category","embeddable":true,"href":"https:\/\/lavocedelpaese.info\/index.php\/wp-json\/wp\/v2\/categories?post=8662"},{"taxonomy":"post_tag","embeddable":true,"href":"https:\/\/lavocedelpaese.info\/index.php\/wp-json\/wp\/v2\/tags?post=8662"}],"curies":[{"name":"wp","href":"https:\/\/api.w.org\/{rel}","templated":true}]}}