{"id":8656,"date":"2025-01-03T19:13:50","date_gmt":"2025-01-03T19:13:50","guid":{"rendered":"https:\/\/lavocedelpaese.info\/index.php\/2025\/01\/03\/concerto-di-canto-gregoriano-hodie-christus-natus-est-nella-chiesa-di-san-rocco\/"},"modified":"2025-01-03T19:13:50","modified_gmt":"2025-01-03T19:13:50","slug":"concerto-di-canto-gregoriano-hodie-christus-natus-est-nella-chiesa-di-san-rocco","status":"publish","type":"post","link":"https:\/\/lavocedelpaese.info\/index.php\/2025\/01\/03\/concerto-di-canto-gregoriano-hodie-christus-natus-est-nella-chiesa-di-san-rocco\/","title":{"rendered":"Concerto di canto gregoriano \u201cHodie Christus natus est\u201d nella chiesa di San Rocco\u00a0\u200b"},"content":{"rendered":"<p>\u00a0<\/p>\n<p>\u200b\u00a0<\/p>\n<p>\u200b\u00a0<\/p>\n<p><img decoding=\"async\" class=\"size-full wp-image-5673 alignleft\" src=\"https:\/\/gioia.lavocedelpaese.info\/wp-content\/uploads\/2025\/01\/locandina-concerto.jpg\" alt=\"\" width=\"400\" height=\"582\"\/>\u201cAncora un appuntamento da non perdere \u00e8 quello in programma sabato 4\u00a0 gennaio, ore 19:30, nella chiesa di San Rocco organizzato dalla Pro Loco di Gioia del Colle. Infatti, dopo aver chiuso il 2024 con il magnifico appuntamento dedicato alla \u201cBuona Novella\u201d di De Andr\u00e8, rafforzato dalla lettura di Maurizio Vacca, chiamato a leggere la lettera di Don Andrea Gallo a Fabrizio De Andr\u00e8, il sodalizio presieduto da Angelo Antresini apre il 2025 con il concerto di canto gregoriano \u201cHodie Christus natus est\u201d affidato alla direzione di Ilaria Fico. Tuttavia, se nella serata dedicata al cantautore genovese (dove si \u00e8 registrato il tutto esaurito del Cine-Teatro S. Cuore di Gioia del Colle), il tema \u00e8 stato quello di rivivere la figura di Cristo attraverso i Vangeli apocrifi, traccia indelebile scelta da De Andr\u00e8 per raccontare il tratto umano e terreno di Ges\u00f9 di Nazareth, il prossimo appuntamento offrir\u00e0 agli spettatori un repertorio gregoriano del tempo di Avvento e del Natale. Ad esibirsi sar\u00e0 il gruppo di canto gregoriano \u201cIn cordis nubili\u201d diretto appunto dalla Fico, brava nel 2023 a mettere insieme un gruppo di cantori intenzionati a valorizzare il repertorio gregoriano. E del gruppo fanno parte nove coristi non solo gioiesi, ma provenienti anche da Acquaviva delle Fonti, Santeramo, Altamura e Martina Franca.<\/p>\n<p>Ecco <strong>la scaletta del programma<\/strong> che presenteranno durante la serata: Puer natus est nobis (Introito) \u2013 Hodie Christus natus est (Inno) \u2013 Antifone Maggiori (Antifone) \u2013 Rorate Caeli (Prosa) \u2013 Puer natus in Bethlehem (Inno) \u2013 Regem venturum Dominum (Cantico delle Profezie) \u2013 De publicatione festorum mobilium (Annuncio del Giorno di Pasqua) \u2013 Adeste Fideles (Inno)\u201d.<\/p>\n<p><strong>Pro Loco \u2013 Gioia del Colle<\/strong><\/p>\n<p><a class=\"a2a_button_facebook\" href=\"https:\/\/www.addtoany.com\/add_to\/facebook?linkurl=https%3A%2F%2Fgioia.lavocedelpaese.info%2Findex.php%2F2025%2F01%2F03%2Fconcerto-di-canto-gregoriano-hodie-christus-natus-est-nella-chiesa-di-san-rocco%2F&amp;linkname=Concerto%20di%20canto%20gregoriano%20%E2%80%9CHodie%20Christus%20natus%20est%E2%80%9D%20nella%20chiesa%20di%20San%20Rocco\" title=\"Facebook\" rel=\"nofollow noopener\" target=\"_blank\"><\/a><a class=\"a2a_button_twitter\" href=\"https:\/\/www.addtoany.com\/add_to\/twitter?linkurl=https%3A%2F%2Fgioia.lavocedelpaese.info%2Findex.php%2F2025%2F01%2F03%2Fconcerto-di-canto-gregoriano-hodie-christus-natus-est-nella-chiesa-di-san-rocco%2F&amp;linkname=Concerto%20di%20canto%20gregoriano%20%E2%80%9CHodie%20Christus%20natus%20est%E2%80%9D%20nella%20chiesa%20di%20San%20Rocco\" title=\"Twitter\" rel=\"nofollow noopener\" target=\"_blank\"><\/a><a class=\"a2a_button_whatsapp\" href=\"https:\/\/www.addtoany.com\/add_to\/whatsapp?linkurl=https%3A%2F%2Fgioia.lavocedelpaese.info%2Findex.php%2F2025%2F01%2F03%2Fconcerto-di-canto-gregoriano-hodie-christus-natus-est-nella-chiesa-di-san-rocco%2F&amp;linkname=Concerto%20di%20canto%20gregoriano%20%E2%80%9CHodie%20Christus%20natus%20est%E2%80%9D%20nella%20chiesa%20di%20San%20Rocco\" title=\"WhatsApp\" rel=\"nofollow noopener\" target=\"_blank\"><\/a><a class=\"a2a_button_telegram\" href=\"https:\/\/www.addtoany.com\/add_to\/telegram?linkurl=https%3A%2F%2Fgioia.lavocedelpaese.info%2Findex.php%2F2025%2F01%2F03%2Fconcerto-di-canto-gregoriano-hodie-christus-natus-est-nella-chiesa-di-san-rocco%2F&amp;linkname=Concerto%20di%20canto%20gregoriano%20%E2%80%9CHodie%20Christus%20natus%20est%E2%80%9D%20nella%20chiesa%20di%20San%20Rocco\" title=\"Telegram\" rel=\"nofollow noopener\" target=\"_blank\"><\/a><a class=\"a2a_button_email\" href=\"https:\/\/www.addtoany.com\/add_to\/email?linkurl=https%3A%2F%2Fgioia.lavocedelpaese.info%2Findex.php%2F2025%2F01%2F03%2Fconcerto-di-canto-gregoriano-hodie-christus-natus-est-nella-chiesa-di-san-rocco%2F&amp;linkname=Concerto%20di%20canto%20gregoriano%20%E2%80%9CHodie%20Christus%20natus%20est%E2%80%9D%20nella%20chiesa%20di%20San%20Rocco\" title=\"Email\" rel=\"nofollow noopener\" target=\"_blank\"><\/a><\/p>\n<p>\u00a0<\/p>\n<p>\u00a0<\/p>\n<p>\u200b\u00a0\u00a0\u00a0<\/p>","protected":false},"excerpt":{"rendered":"<p>\u00a0 \u200b\u00a0 \u200b\u00a0 \u201cAncora un appuntamento da non perdere \u00e8 quello in programma sabato 4\u00a0 gennaio, ore 19:30, nella chiesa<\/p>\n","protected":false},"author":0,"featured_media":8657,"comment_status":"open","ping_status":"closed","sticky":false,"template":"","format":"standard","meta":{"colormag_page_container_layout":"default_layout","colormag_page_sidebar_layout":"default_layout","footnotes":""},"categories":[33],"tags":[],"class_list":["post-8656","post","type-post","status-publish","format-standard","has-post-thumbnail","hentry","category-network"],"yoast_head":"<!-- This site is optimized with the Yoast SEO plugin v27.5 - https:\/\/yoast.com\/product\/yoast-seo-wordpress\/ -->\n<title>Concerto di canto gregoriano \u201cHodie Christus natus est\u201d nella chiesa di San Rocco\u00a0\u200b - La Voce del Paese<\/title>\n<meta name=\"robots\" content=\"index, follow, max-snippet:-1, max-image-preview:large, max-video-preview:-1\" \/>\n<link rel=\"canonical\" href=\"https:\/\/lavocedelpaese.info\/index.php\/2025\/01\/03\/concerto-di-canto-gregoriano-hodie-christus-natus-est-nella-chiesa-di-san-rocco\/\" \/>\n<meta property=\"og:locale\" content=\"it_IT\" \/>\n<meta property=\"og:type\" content=\"article\" \/>\n<meta property=\"og:title\" content=\"Concerto di canto gregoriano \u201cHodie Christus natus est\u201d nella chiesa di San Rocco\u00a0\u200b - La Voce del Paese\" \/>\n<meta property=\"og:description\" content=\"\u00a0 \u200b\u00a0 \u200b\u00a0 \u201cAncora un appuntamento da non perdere \u00e8 quello in programma sabato 4\u00a0 gennaio, ore 19:30, nella chiesa\" \/>\n<meta property=\"og:url\" content=\"https:\/\/lavocedelpaese.info\/index.php\/2025\/01\/03\/concerto-di-canto-gregoriano-hodie-christus-natus-est-nella-chiesa-di-san-rocco\/\" \/>\n<meta property=\"og:site_name\" content=\"La Voce del Paese\" \/>\n<meta property=\"article:publisher\" content=\"https:\/\/www.facebook.com\/lavocedelpaese.info\" \/>\n<meta property=\"article:published_time\" content=\"2025-01-03T19:13:50+00:00\" \/>\n<meta name=\"twitter:card\" content=\"summary_large_image\" \/>\n<meta name=\"twitter:label1\" content=\"Tempo di lettura stimato\" \/>\n\t<meta name=\"twitter:data1\" content=\"1 minuto\" \/>\n<script type=\"application\/ld+json\" class=\"yoast-schema-graph\">{\"@context\":\"https:\\\/\\\/schema.org\",\"@graph\":[{\"@type\":\"Article\",\"@id\":\"https:\\\/\\\/lavocedelpaese.info\\\/index.php\\\/2025\\\/01\\\/03\\\/concerto-di-canto-gregoriano-hodie-christus-natus-est-nella-chiesa-di-san-rocco\\\/#article\",\"isPartOf\":{\"@id\":\"https:\\\/\\\/lavocedelpaese.info\\\/index.php\\\/2025\\\/01\\\/03\\\/concerto-di-canto-gregoriano-hodie-christus-natus-est-nella-chiesa-di-san-rocco\\\/\"},\"author\":{\"name\":\"\",\"@id\":\"\"},\"headline\":\"Concerto di canto gregoriano \u201cHodie Christus natus est\u201d nella chiesa di San Rocco\u00a0\u200b\",\"datePublished\":\"2025-01-03T19:13:50+00:00\",\"mainEntityOfPage\":{\"@id\":\"https:\\\/\\\/lavocedelpaese.info\\\/index.php\\\/2025\\\/01\\\/03\\\/concerto-di-canto-gregoriano-hodie-christus-natus-est-nella-chiesa-di-san-rocco\\\/\"},\"wordCount\":272,\"commentCount\":0,\"publisher\":{\"@id\":\"https:\\\/\\\/lavocedelpaese.info\\\/#organization\"},\"image\":{\"@id\":\"https:\\\/\\\/lavocedelpaese.info\\\/index.php\\\/2025\\\/01\\\/03\\\/concerto-di-canto-gregoriano-hodie-christus-natus-est-nella-chiesa-di-san-rocco\\\/#primaryimage\"},\"thumbnailUrl\":\"https:\\\/\\\/lavocedelpaese.info\\\/wp-content\\\/uploads\\\/2025\\\/01\\\/locandina-concerto-lXjRgM.jpeg\",\"articleSection\":[\"network\"],\"inLanguage\":\"it-IT\",\"potentialAction\":[{\"@type\":\"CommentAction\",\"name\":\"Comment\",\"target\":[\"https:\\\/\\\/lavocedelpaese.info\\\/index.php\\\/2025\\\/01\\\/03\\\/concerto-di-canto-gregoriano-hodie-christus-natus-est-nella-chiesa-di-san-rocco\\\/#respond\"]}]},{\"@type\":\"WebPage\",\"@id\":\"https:\\\/\\\/lavocedelpaese.info\\\/index.php\\\/2025\\\/01\\\/03\\\/concerto-di-canto-gregoriano-hodie-christus-natus-est-nella-chiesa-di-san-rocco\\\/\",\"url\":\"https:\\\/\\\/lavocedelpaese.info\\\/index.php\\\/2025\\\/01\\\/03\\\/concerto-di-canto-gregoriano-hodie-christus-natus-est-nella-chiesa-di-san-rocco\\\/\",\"name\":\"Concerto di canto gregoriano \u201cHodie Christus natus est\u201d nella chiesa di San Rocco\u00a0\u200b - La Voce del Paese\",\"isPartOf\":{\"@id\":\"https:\\\/\\\/lavocedelpaese.info\\\/#website\"},\"primaryImageOfPage\":{\"@id\":\"https:\\\/\\\/lavocedelpaese.info\\\/index.php\\\/2025\\\/01\\\/03\\\/concerto-di-canto-gregoriano-hodie-christus-natus-est-nella-chiesa-di-san-rocco\\\/#primaryimage\"},\"image\":{\"@id\":\"https:\\\/\\\/lavocedelpaese.info\\\/index.php\\\/2025\\\/01\\\/03\\\/concerto-di-canto-gregoriano-hodie-christus-natus-est-nella-chiesa-di-san-rocco\\\/#primaryimage\"},\"thumbnailUrl\":\"https:\\\/\\\/lavocedelpaese.info\\\/wp-content\\\/uploads\\\/2025\\\/01\\\/locandina-concerto-lXjRgM.jpeg\",\"datePublished\":\"2025-01-03T19:13:50+00:00\",\"breadcrumb\":{\"@id\":\"https:\\\/\\\/lavocedelpaese.info\\\/index.php\\\/2025\\\/01\\\/03\\\/concerto-di-canto-gregoriano-hodie-christus-natus-est-nella-chiesa-di-san-rocco\\\/#breadcrumb\"},\"inLanguage\":\"it-IT\",\"potentialAction\":[{\"@type\":\"ReadAction\",\"target\":[\"https:\\\/\\\/lavocedelpaese.info\\\/index.php\\\/2025\\\/01\\\/03\\\/concerto-di-canto-gregoriano-hodie-christus-natus-est-nella-chiesa-di-san-rocco\\\/\"]}]},{\"@type\":\"ImageObject\",\"inLanguage\":\"it-IT\",\"@id\":\"https:\\\/\\\/lavocedelpaese.info\\\/index.php\\\/2025\\\/01\\\/03\\\/concerto-di-canto-gregoriano-hodie-christus-natus-est-nella-chiesa-di-san-rocco\\\/#primaryimage\",\"url\":\"https:\\\/\\\/lavocedelpaese.info\\\/wp-content\\\/uploads\\\/2025\\\/01\\\/locandina-concerto-lXjRgM.jpeg\",\"contentUrl\":\"https:\\\/\\\/lavocedelpaese.info\\\/wp-content\\\/uploads\\\/2025\\\/01\\\/locandina-concerto-lXjRgM.jpeg\",\"width\":550,\"height\":800},{\"@type\":\"BreadcrumbList\",\"@id\":\"https:\\\/\\\/lavocedelpaese.info\\\/index.php\\\/2025\\\/01\\\/03\\\/concerto-di-canto-gregoriano-hodie-christus-natus-est-nella-chiesa-di-san-rocco\\\/#breadcrumb\",\"itemListElement\":[{\"@type\":\"ListItem\",\"position\":1,\"name\":\"Home\",\"item\":\"https:\\\/\\\/lavocedelpaese.info\\\/\"},{\"@type\":\"ListItem\",\"position\":2,\"name\":\"Concerto di canto gregoriano \u201cHodie Christus natus est\u201d nella chiesa di San Rocco\u00a0\u200b\"}]},{\"@type\":\"WebSite\",\"@id\":\"https:\\\/\\\/lavocedelpaese.info\\\/#website\",\"url\":\"https:\\\/\\\/lavocedelpaese.info\\\/\",\"name\":\"La Voce del Paese\",\"description\":\"Un network di idee\",\"publisher\":{\"@id\":\"https:\\\/\\\/lavocedelpaese.info\\\/#organization\"},\"potentialAction\":[{\"@type\":\"SearchAction\",\"target\":{\"@type\":\"EntryPoint\",\"urlTemplate\":\"https:\\\/\\\/lavocedelpaese.info\\\/?s={search_term_string}\"},\"query-input\":{\"@type\":\"PropertyValueSpecification\",\"valueRequired\":true,\"valueName\":\"search_term_string\"}}],\"inLanguage\":\"it-IT\"},{\"@type\":\"Organization\",\"@id\":\"https:\\\/\\\/lavocedelpaese.info\\\/#organization\",\"name\":\"La Voce del Paese\",\"url\":\"https:\\\/\\\/lavocedelpaese.info\\\/\",\"logo\":{\"@type\":\"ImageObject\",\"inLanguage\":\"it-IT\",\"@id\":\"https:\\\/\\\/lavocedelpaese.info\\\/#\\\/schema\\\/logo\\\/image\\\/\",\"url\":\"https:\\\/\\\/lavocedelpaese.info\\\/wp-content\\\/uploads\\\/2023\\\/01\\\/cropped-logo-150-127.png\",\"contentUrl\":\"https:\\\/\\\/lavocedelpaese.info\\\/wp-content\\\/uploads\\\/2023\\\/01\\\/cropped-logo-150-127.png\",\"width\":137,\"height\":119,\"caption\":\"La Voce del Paese\"},\"image\":{\"@id\":\"https:\\\/\\\/lavocedelpaese.info\\\/#\\\/schema\\\/logo\\\/image\\\/\"},\"sameAs\":[\"https:\\\/\\\/www.facebook.com\\\/lavocedelpaese.info\"]}]}<\/script>\n<!-- \/ Yoast SEO plugin. -->","yoast_head_json":{"title":"Concerto di canto gregoriano \u201cHodie Christus natus est\u201d nella chiesa di San Rocco\u00a0\u200b - La Voce del Paese","robots":{"index":"index","follow":"follow","max-snippet":"max-snippet:-1","max-image-preview":"max-image-preview:large","max-video-preview":"max-video-preview:-1"},"canonical":"https:\/\/lavocedelpaese.info\/index.php\/2025\/01\/03\/concerto-di-canto-gregoriano-hodie-christus-natus-est-nella-chiesa-di-san-rocco\/","og_locale":"it_IT","og_type":"article","og_title":"Concerto di canto gregoriano \u201cHodie Christus natus est\u201d nella chiesa di San Rocco\u00a0\u200b - La Voce del Paese","og_description":"\u00a0 \u200b\u00a0 \u200b\u00a0 \u201cAncora un appuntamento da non perdere \u00e8 quello in programma sabato 4\u00a0 gennaio, ore 19:30, nella chiesa","og_url":"https:\/\/lavocedelpaese.info\/index.php\/2025\/01\/03\/concerto-di-canto-gregoriano-hodie-christus-natus-est-nella-chiesa-di-san-rocco\/","og_site_name":"La Voce del Paese","article_publisher":"https:\/\/www.facebook.com\/lavocedelpaese.info","article_published_time":"2025-01-03T19:13:50+00:00","twitter_card":"summary_large_image","twitter_misc":{"Tempo di lettura stimato":"1 minuto"},"schema":{"@context":"https:\/\/schema.org","@graph":[{"@type":"Article","@id":"https:\/\/lavocedelpaese.info\/index.php\/2025\/01\/03\/concerto-di-canto-gregoriano-hodie-christus-natus-est-nella-chiesa-di-san-rocco\/#article","isPartOf":{"@id":"https:\/\/lavocedelpaese.info\/index.php\/2025\/01\/03\/concerto-di-canto-gregoriano-hodie-christus-natus-est-nella-chiesa-di-san-rocco\/"},"author":{"name":"","@id":""},"headline":"Concerto di canto gregoriano \u201cHodie Christus natus est\u201d nella chiesa di San Rocco\u00a0\u200b","datePublished":"2025-01-03T19:13:50+00:00","mainEntityOfPage":{"@id":"https:\/\/lavocedelpaese.info\/index.php\/2025\/01\/03\/concerto-di-canto-gregoriano-hodie-christus-natus-est-nella-chiesa-di-san-rocco\/"},"wordCount":272,"commentCount":0,"publisher":{"@id":"https:\/\/lavocedelpaese.info\/#organization"},"image":{"@id":"https:\/\/lavocedelpaese.info\/index.php\/2025\/01\/03\/concerto-di-canto-gregoriano-hodie-christus-natus-est-nella-chiesa-di-san-rocco\/#primaryimage"},"thumbnailUrl":"https:\/\/lavocedelpaese.info\/wp-content\/uploads\/2025\/01\/locandina-concerto-lXjRgM.jpeg","articleSection":["network"],"inLanguage":"it-IT","potentialAction":[{"@type":"CommentAction","name":"Comment","target":["https:\/\/lavocedelpaese.info\/index.php\/2025\/01\/03\/concerto-di-canto-gregoriano-hodie-christus-natus-est-nella-chiesa-di-san-rocco\/#respond"]}]},{"@type":"WebPage","@id":"https:\/\/lavocedelpaese.info\/index.php\/2025\/01\/03\/concerto-di-canto-gregoriano-hodie-christus-natus-est-nella-chiesa-di-san-rocco\/","url":"https:\/\/lavocedelpaese.info\/index.php\/2025\/01\/03\/concerto-di-canto-gregoriano-hodie-christus-natus-est-nella-chiesa-di-san-rocco\/","name":"Concerto di canto gregoriano \u201cHodie Christus natus est\u201d nella chiesa di San Rocco\u00a0\u200b - La Voce del Paese","isPartOf":{"@id":"https:\/\/lavocedelpaese.info\/#website"},"primaryImageOfPage":{"@id":"https:\/\/lavocedelpaese.info\/index.php\/2025\/01\/03\/concerto-di-canto-gregoriano-hodie-christus-natus-est-nella-chiesa-di-san-rocco\/#primaryimage"},"image":{"@id":"https:\/\/lavocedelpaese.info\/index.php\/2025\/01\/03\/concerto-di-canto-gregoriano-hodie-christus-natus-est-nella-chiesa-di-san-rocco\/#primaryimage"},"thumbnailUrl":"https:\/\/lavocedelpaese.info\/wp-content\/uploads\/2025\/01\/locandina-concerto-lXjRgM.jpeg","datePublished":"2025-01-03T19:13:50+00:00","breadcrumb":{"@id":"https:\/\/lavocedelpaese.info\/index.php\/2025\/01\/03\/concerto-di-canto-gregoriano-hodie-christus-natus-est-nella-chiesa-di-san-rocco\/#breadcrumb"},"inLanguage":"it-IT","potentialAction":[{"@type":"ReadAction","target":["https:\/\/lavocedelpaese.info\/index.php\/2025\/01\/03\/concerto-di-canto-gregoriano-hodie-christus-natus-est-nella-chiesa-di-san-rocco\/"]}]},{"@type":"ImageObject","inLanguage":"it-IT","@id":"https:\/\/lavocedelpaese.info\/index.php\/2025\/01\/03\/concerto-di-canto-gregoriano-hodie-christus-natus-est-nella-chiesa-di-san-rocco\/#primaryimage","url":"https:\/\/lavocedelpaese.info\/wp-content\/uploads\/2025\/01\/locandina-concerto-lXjRgM.jpeg","contentUrl":"https:\/\/lavocedelpaese.info\/wp-content\/uploads\/2025\/01\/locandina-concerto-lXjRgM.jpeg","width":550,"height":800},{"@type":"BreadcrumbList","@id":"https:\/\/lavocedelpaese.info\/index.php\/2025\/01\/03\/concerto-di-canto-gregoriano-hodie-christus-natus-est-nella-chiesa-di-san-rocco\/#breadcrumb","itemListElement":[{"@type":"ListItem","position":1,"name":"Home","item":"https:\/\/lavocedelpaese.info\/"},{"@type":"ListItem","position":2,"name":"Concerto di canto gregoriano \u201cHodie Christus natus est\u201d nella chiesa di San Rocco\u00a0\u200b"}]},{"@type":"WebSite","@id":"https:\/\/lavocedelpaese.info\/#website","url":"https:\/\/lavocedelpaese.info\/","name":"La Voce del Paese","description":"Un network di idee","publisher":{"@id":"https:\/\/lavocedelpaese.info\/#organization"},"potentialAction":[{"@type":"SearchAction","target":{"@type":"EntryPoint","urlTemplate":"https:\/\/lavocedelpaese.info\/?s={search_term_string}"},"query-input":{"@type":"PropertyValueSpecification","valueRequired":true,"valueName":"search_term_string"}}],"inLanguage":"it-IT"},{"@type":"Organization","@id":"https:\/\/lavocedelpaese.info\/#organization","name":"La Voce del Paese","url":"https:\/\/lavocedelpaese.info\/","logo":{"@type":"ImageObject","inLanguage":"it-IT","@id":"https:\/\/lavocedelpaese.info\/#\/schema\/logo\/image\/","url":"https:\/\/lavocedelpaese.info\/wp-content\/uploads\/2023\/01\/cropped-logo-150-127.png","contentUrl":"https:\/\/lavocedelpaese.info\/wp-content\/uploads\/2023\/01\/cropped-logo-150-127.png","width":137,"height":119,"caption":"La Voce del Paese"},"image":{"@id":"https:\/\/lavocedelpaese.info\/#\/schema\/logo\/image\/"},"sameAs":["https:\/\/www.facebook.com\/lavocedelpaese.info"]}]}},"_links":{"self":[{"href":"https:\/\/lavocedelpaese.info\/index.php\/wp-json\/wp\/v2\/posts\/8656","targetHints":{"allow":["GET"]}}],"collection":[{"href":"https:\/\/lavocedelpaese.info\/index.php\/wp-json\/wp\/v2\/posts"}],"about":[{"href":"https:\/\/lavocedelpaese.info\/index.php\/wp-json\/wp\/v2\/types\/post"}],"replies":[{"embeddable":true,"href":"https:\/\/lavocedelpaese.info\/index.php\/wp-json\/wp\/v2\/comments?post=8656"}],"version-history":[{"count":0,"href":"https:\/\/lavocedelpaese.info\/index.php\/wp-json\/wp\/v2\/posts\/8656\/revisions"}],"wp:featuredmedia":[{"embeddable":true,"href":"https:\/\/lavocedelpaese.info\/index.php\/wp-json\/wp\/v2\/media\/8657"}],"wp:attachment":[{"href":"https:\/\/lavocedelpaese.info\/index.php\/wp-json\/wp\/v2\/media?parent=8656"}],"wp:term":[{"taxonomy":"category","embeddable":true,"href":"https:\/\/lavocedelpaese.info\/index.php\/wp-json\/wp\/v2\/categories?post=8656"},{"taxonomy":"post_tag","embeddable":true,"href":"https:\/\/lavocedelpaese.info\/index.php\/wp-json\/wp\/v2\/tags?post=8656"}],"curies":[{"name":"wp","href":"https:\/\/api.w.org\/{rel}","templated":true}]}}