{"id":8621,"date":"2024-12-27T13:22:31","date_gmt":"2024-12-27T13:22:31","guid":{"rendered":"https:\/\/lavocedelpaese.info\/index.php\/2024\/12\/27\/raffaele-nigro-racconta-federico-ii-vita-abitudini-ed-eredita-di-un-imperatore-illuminato\/"},"modified":"2024-12-27T13:22:31","modified_gmt":"2024-12-27T13:22:31","slug":"raffaele-nigro-racconta-federico-ii-vita-abitudini-ed-eredita-di-un-imperatore-illuminato","status":"publish","type":"post","link":"https:\/\/lavocedelpaese.info\/index.php\/2024\/12\/27\/raffaele-nigro-racconta-federico-ii-vita-abitudini-ed-eredita-di-un-imperatore-illuminato\/","title":{"rendered":"Raffaele Nigro racconta \u201cFederico II \u2013 Vita abitudini ed eredit\u00e0 di un imperatore illuminato\u201d\u00a0\u200b"},"content":{"rendered":"<p>\u00a0<\/p>\n<p>\u200b\u00a0<\/p>\n<p>\u200b\u00a0<\/p>\n<p><img decoding=\"async\" class=\"size-full wp-image-5622 alignleft\" src=\"https:\/\/gioia.lavocedelpaese.info\/wp-content\/uploads\/2024\/12\/WhatsApp-Image-2024-12-27-at-09.57.39.jpeg\" alt=\"\" width=\"400\" height=\"430\"\/>Tra le mura del castello che solitamente parlano ai visitatori con la loro straordinaria potenza storica, nella sala della trifora, venerd\u00ec 20 dicembre Federico II Hohenstaufen si \u00e8 reso presente attraverso la narrazione di <strong>Raffaele Nigro<\/strong> in <strong>\u201cFederico II \u2013 Vita abitudini ed eredit\u00e0 di un imperatore illuminato\u201d.<\/strong><\/p>\n<p>L\u2019iniziativa, sapientemente moderata dalla giornalista <strong>Dalila Bellacicco<\/strong>, \u00e8 stata voluta dal \u201cCircolo federiciano di Gioia del Colle\u201d presieduto dall\u2019ing. <strong>Nicola Romano<\/strong>, dalla \u201cPro Loco Antonio Donvito\u201d di cui \u00e8 presidente <strong>Angelo Antresini<\/strong> e dalla Sovrintendenza dei beni architettonici di Puglia rappresentata dal Direttore del Castello e Parco Archeologico di Gioia del Colle, <strong>Fabio Galeandro<\/strong> che, con grande entusiasmo, ha descritto l\u2019importanza di iniziative come questa che accrescono la consapevolezza dei cittadini rispetto alla ricchezza del patrimonio storico-architettonico locale.<\/p>\n<p>L\u2019incontro ha riportato al centro dell\u2019attenzione dei gioiesi Federico II, stupor mundi e PuerApuliae.<\/p>\n<p>Dopo l\u2019Inno nazionale il direttore del Castello ha ricordato quanto sia importante per il territorio la presenza del sito archeologico di Monte Sannace e del Castello, un patrimonio culturale che molti ci invidiano. <strong>Vito Etna<\/strong> in veste di socio del Circolo, assessore all\u2019Urbanistica e all\u2019Ambiente, ha portato i saluti dell\u2019Amministrazione e ricordando che Federico amava la caccia ha dichiarato che\u00a0 i cacciatori e gli agricoltori sono i primi custodi dell\u2019ambiente.<\/p>\n<p><img decoding=\"async\" class=\"size-full wp-image-5623 alignright\" src=\"https:\/\/gioia.lavocedelpaese.info\/wp-content\/uploads\/2024\/12\/WhatsApp-Image-2024-12-27-at-09.52.09.jpeg\" alt=\"\" width=\"400\" height=\"225\"\/>Prima di introdurre l\u2019intervento di <strong>Angelo Antresini<\/strong>, Dalila ha brevemente ricordato <strong>Antonio Donvito<\/strong>,\u00a0 storico e letterato di cui Gioia \u00e8 orgogliosa, presidente della Pro Loco, promotore e sostenitore dell\u2019istituzione del Museo archeologico gioiese, direttore di alcune campagne di scavo a Monte Sannace negli anni \u201960 e \u201970, finanziate dalla Pro Loco, Ispettore Onorario della Soprintendenza ai\u00a0 beni architettonici e archeologici\u00a0 del Comune di Gioia, Presidente onorario di Storia Patria per la Puglia, autore di numerosi libri e ricerche sul Castello e sugli scavi, Presidente dell\u2019Istituto dei Castelli pugliesi cui \u00e8 stata intitolata un\u2019aula in biblioteca e una piazza, grazie all\u2019interessamento di un altro grande presidente della Pro Loco, il pretore <strong>Gennaro Losito<\/strong>, un uomo che pensava in grande e che ha lasciato insieme a Donvito un segno sul territorio. E\u2019\u00a0 grazie al loro impegno che venne pubblicata la \u201cStoria di Gioia dal Colle\u201d del Carano Donvito cui \u00e8 seguito un patrimonio di pubblicazioni storiche, tra cui \u201cDa Monte Sannace a Gioia del Colle\u201d di <strong>Vito Celiberti<\/strong> e \u201cMemorie dal Fuoco\u201d di cui la famiglia Losito tramite Antresini \u2013 che ha oggi il compito di traghettare la Pro Loco verso altri traguardi importanti \u2013 ha omaggiato gli illustri relatori.<\/p>\n<p><img decoding=\"async\" class=\"size-full wp-image-5624 alignleft\" src=\"https:\/\/gioia.lavocedelpaese.info\/wp-content\/uploads\/2024\/12\/WhatsApp-Image-2024-12-27-at-09.53.31.jpeg\" alt=\"\" width=\"400\" height=\"225\"\/>La parola \u00e8 quindi passata a <strong>Nicola Romano<\/strong> che ha illustrato le attivit\u00e0 del Circolo, i motivi della intitolazione e gli obiettivi futuri, manifestando la sua ammirazione del Federico II. A supportarlo <strong>Marcello Gisotti<\/strong>, da sempre prezioso amico e \u201cconsigliere\u201d.<\/p>\n<p>La parola \u00e8 quindi passata all\u2019atteso ed apprezzatissimo relatore, Raffaele Nigro, Caporedattore Rai, scrittore (Premio Campiello nel 1987 con \u201cI fuochi del Basento\u201d), poeta, autore di oltre sessanta opere, drammaturgo \u2013 Albertazzi port\u00f2 in scena il suo Hohenstaufen \u2013 autore di un musical, sceneggiatore del film di Sergio Rubini \u201cIl viaggio della sposa\u201de vincitore di pi\u00f9 di trenta prestigiosi premi letterari. A Nigro sono state conferite due lauree Honoris causa in Scienze dell\u2019informazione a Malta e in Lettere e Filosofia a Foggia e non a caso \u00e8 stato definito un \u201cagitatore culturale\u201d che ha restituito al Sud dignit\u00e0 e gloria attraverso i suoi scritti, tra cui l\u2019ultimo \u201cIl cuoco dell\u2019Imperatore\u201d, in cui Federico \u00e8 narrato nella sua quotidianit\u00e0, guardando dal basso fino a cogliere il \u201cgigante\u201d ed i suoi segni.<\/p>\n<p><img decoding=\"async\" class=\"size-full wp-image-5625 alignright\" src=\"https:\/\/gioia.lavocedelpaese.info\/wp-content\/uploads\/2024\/12\/WhatsApp-Image-2024-12-27-at-09.47.42.jpeg\" alt=\"\" width=\"400\" height=\"225\"\/>Federico II, re di Sicilia, duca di Svevia, Imperatore dei romani e re di Gerusalemme \u00e8 narrato nella sua vicenda storico-politica, ma soprattutto umana da uno straordinario Raffaele Nigro, capace di tenere viva l\u2019attenzione di una platea attenta a cogliere le vicende di una personaggio che ha rappresentato per la storia dell\u2019umanit\u00e0 un elemento cardine nel passaggio storico tra XII e XIII, \u00a0dall\u2019austero ambiente medievale al nascente umanesimo, rinascita culturale e sociale di un mondo che finalmente si apriva a nuove prospettive.<\/p>\n<p>La narrazione della vita di Federico II realizzata da Raffaele Nigro, pur inframmezzata da ilari intermezzi di colore, a sottolineare la grande dignit\u00e0 della vita dell\u2019epoca, \u00e8 stata incalzante, viva, pur nella pacatezza suadente del racconto, caratteristica di Nigro, sembrava appunto che Federico II fosse l\u00ec presente.<\/p>\n<p><img decoding=\"async\" class=\"size-full wp-image-5626 alignleft\" src=\"https:\/\/gioia.lavocedelpaese.info\/wp-content\/uploads\/2024\/12\/WhatsApp-Image-2024-12-27-at-09.50.32.jpeg\" alt=\"\" width=\"400\" height=\"225\"\/>Un ragazzo sfortunato, Federico, nato per caso a Iesi il 26 dicembre 1194 mentre la madre Costanza di Altavilla, moglie dell\u2019imperatore Enrico VI di Svevia, si stava trasferendo al sud Italia; rimase orfano giovanissimo, affidato al papa Innocenzo III chelo educ\u00f2 dichiarandolo maggiorenne a soli quattordici anni per poi farlo sposare con Costanza d\u2019Aragona. Re di Germania nel 1214 (a soli vent\u2019anni), dopo la battaglia di Bouvinnes dove Ottone IV fu sconfitto dai francesi. Nel periodo tedesco Federico scopr\u00ec la poesia dei Minnesager (c.d. \u201cpoeti dell\u2019amore\u201d, poeti di strada che faranno da ponte alla \u201cscuola poetica siciliana\u201d che Federico sosterr\u00e0 successivamente), accoglie per primo l\u2019uso del volgare nella scrittura. Nel 1220 viene incoronato a Roma Imperatore. Negli anni seguenti si trasfer\u00ec verso sud attraversando la Puglia che rese ricca di fortificazioni; a Foggia scopr\u00ec la bellezza della natura attraverso l\u2019osservazione delle paludi e della fauna presenti in quel territorio giungendo a scrivere il suo trattato naturalistico, DE ARTE VENANDI CUM AVIBUS, accurata descrizione di tantissime specie volatili e manuale della caccia con il falcone di cui divenne cultore. Ci sono tracce del suo passaggio nel 1221 da Gioia del Colle dove, con molta probabilit\u00e0, nacque il figlio Manfredi, figlio dell\u2019unione con Bianca Lancia. La promessa fatta al Papa, nel momento dell\u2019incoronazione a Roma, di portare avanti una crociata, si realizz\u00f2 nel 1228 quando Federico si rec\u00f2 in Terra Santa per una crociata anomala, incruenta, entr\u00f2 in Gerusalemme da trionfatore, grazie all\u2019alleanza con il <img decoding=\"async\" class=\"size-full wp-image-5627 alignright\" src=\"https:\/\/gioia.lavocedelpaese.info\/wp-content\/uploads\/2024\/12\/WhatsApp-Image-2024-12-27-at-09.50.53.jpeg\" alt=\"\" width=\"400\" height=\"225\"\/>Sultano Al Khamil. Stabil\u00ec la sua corte a Palermo che divenne luogo di incontro delle culture araba, ebrea, greca, cultura che si rifletteva sapientemente nell\u2019architettura dei castelli e degli edifici di culto da lui voluti, soprattutto nell\u2019Italia meridionale. STUPORMUNDI \u00e8 l\u2019appellativo che gli venne attribuito a sottolineare la sua capacit\u00e0 di coinvolgere e mettere insieme popoli di tutte le nazioni della terra conosciuta. Stupore suscitavano gli spostamenti con i suoi cortei multiformi e multietnici, accompagnati da animali provenienti da tutto il mondo; significativa la presenza itinerante dell\u2019elefantino donatogli dal sultano Al Khamil. Scomunicato per ben tre volte per i suoi comportamenti considerati poco cristiani, riusc\u00ec\u00a0 a tenere insieme un impero immenso ed a sostenere la cultura del tempo con arguzia e creativit\u00e0. Nel 1231 realizz\u00f2 con le \u201cCostituzioni di Melfi\u201d un ricco impianto giuridico con contenuti morali assolutamente originali. Morir\u00e0 per una dissenteria nel 1250. Per quello che fu il suo impegno politico e culturale, ha affermato Nigro, possiamo definire Federico II, l\u2019uomo che ha dato una fisionomia al meridione d\u2019Italia, per cui noi tutti oggi, appassionati delle vicende che hanno contraddistinto i nostri territori, possiamo definirci anche grazie a lui \u201cfigli della storia\u201d.<\/p>\n<p><strong>Gianni Fraccalvieri<\/strong><\/p>\n<p><img decoding=\"async\" class=\"size-full wp-image-5629 aligncenter\" src=\"https:\/\/gioia.lavocedelpaese.info\/wp-content\/uploads\/2024\/12\/WhatsApp-Image-2024-12-27-at-09.48.36.jpeg\" alt=\"\" width=\"720\" height=\"405\"\/><\/p>\n<p><img decoding=\"async\" class=\"size-full wp-image-5628 aligncenter\" src=\"https:\/\/gioia.lavocedelpaese.info\/wp-content\/uploads\/2024\/12\/WhatsApp-Image-2024-12-27-at-09.55.02.jpeg\" alt=\"\" width=\"720\" height=\"405\"\/><\/p>\n<p><a class=\"a2a_button_facebook\" href=\"https:\/\/www.addtoany.com\/add_to\/facebook?linkurl=https%3A%2F%2Fgioia.lavocedelpaese.info%2Findex.php%2F2024%2F12%2F27%2Fraffaele-nigro-racconta-federico-ii-vita-abitudini-ed-eredita-di-un-imperatore-illuminato%2F&amp;linkname=Raffaele%20Nigro%20racconta%20%E2%80%9CFederico%20II%20%E2%80%93%20Vita%20abitudini%20ed%20eredit%C3%A0%20di%20un%20imperatore%20illuminato%E2%80%9D\" title=\"Facebook\" rel=\"nofollow noopener\" target=\"_blank\"><\/a><a class=\"a2a_button_twitter\" href=\"https:\/\/www.addtoany.com\/add_to\/twitter?linkurl=https%3A%2F%2Fgioia.lavocedelpaese.info%2Findex.php%2F2024%2F12%2F27%2Fraffaele-nigro-racconta-federico-ii-vita-abitudini-ed-eredita-di-un-imperatore-illuminato%2F&amp;linkname=Raffaele%20Nigro%20racconta%20%E2%80%9CFederico%20II%20%E2%80%93%20Vita%20abitudini%20ed%20eredit%C3%A0%20di%20un%20imperatore%20illuminato%E2%80%9D\" title=\"Twitter\" rel=\"nofollow noopener\" target=\"_blank\"><\/a><a class=\"a2a_button_whatsapp\" href=\"https:\/\/www.addtoany.com\/add_to\/whatsapp?linkurl=https%3A%2F%2Fgioia.lavocedelpaese.info%2Findex.php%2F2024%2F12%2F27%2Fraffaele-nigro-racconta-federico-ii-vita-abitudini-ed-eredita-di-un-imperatore-illuminato%2F&amp;linkname=Raffaele%20Nigro%20racconta%20%E2%80%9CFederico%20II%20%E2%80%93%20Vita%20abitudini%20ed%20eredit%C3%A0%20di%20un%20imperatore%20illuminato%E2%80%9D\" title=\"WhatsApp\" rel=\"nofollow noopener\" target=\"_blank\"><\/a><a class=\"a2a_button_telegram\" href=\"https:\/\/www.addtoany.com\/add_to\/telegram?linkurl=https%3A%2F%2Fgioia.lavocedelpaese.info%2Findex.php%2F2024%2F12%2F27%2Fraffaele-nigro-racconta-federico-ii-vita-abitudini-ed-eredita-di-un-imperatore-illuminato%2F&amp;linkname=Raffaele%20Nigro%20racconta%20%E2%80%9CFederico%20II%20%E2%80%93%20Vita%20abitudini%20ed%20eredit%C3%A0%20di%20un%20imperatore%20illuminato%E2%80%9D\" title=\"Telegram\" rel=\"nofollow noopener\" target=\"_blank\"><\/a><a class=\"a2a_button_email\" href=\"https:\/\/www.addtoany.com\/add_to\/email?linkurl=https%3A%2F%2Fgioia.lavocedelpaese.info%2Findex.php%2F2024%2F12%2F27%2Fraffaele-nigro-racconta-federico-ii-vita-abitudini-ed-eredita-di-un-imperatore-illuminato%2F&amp;linkname=Raffaele%20Nigro%20racconta%20%E2%80%9CFederico%20II%20%E2%80%93%20Vita%20abitudini%20ed%20eredit%C3%A0%20di%20un%20imperatore%20illuminato%E2%80%9D\" title=\"Email\" rel=\"nofollow noopener\" target=\"_blank\"><\/a><\/p>\n<p>\u00a0<\/p>\n<p>\u00a0<\/p>\n<p>\u200b\u00a0\u00a0\u00a0<\/p>","protected":false},"excerpt":{"rendered":"<p>\u00a0 \u200b\u00a0 \u200b\u00a0 Tra le mura del castello che solitamente parlano ai visitatori con la loro straordinaria potenza storica, nella<\/p>\n","protected":false},"author":0,"featured_media":8622,"comment_status":"open","ping_status":"closed","sticky":false,"template":"","format":"standard","meta":{"colormag_page_container_layout":"default_layout","colormag_page_sidebar_layout":"default_layout","footnotes":""},"categories":[33],"tags":[],"class_list":["post-8621","post","type-post","status-publish","format-standard","has-post-thumbnail","hentry","category-network"],"yoast_head":"<!-- This site is optimized with the Yoast SEO plugin v27.5 - https:\/\/yoast.com\/product\/yoast-seo-wordpress\/ -->\n<title>Raffaele Nigro racconta \u201cFederico II \u2013 Vita abitudini ed eredit\u00e0 di un imperatore illuminato\u201d\u00a0\u200b - La Voce del Paese<\/title>\n<meta name=\"robots\" content=\"index, follow, max-snippet:-1, max-image-preview:large, max-video-preview:-1\" \/>\n<link rel=\"canonical\" href=\"https:\/\/lavocedelpaese.info\/index.php\/2024\/12\/27\/raffaele-nigro-racconta-federico-ii-vita-abitudini-ed-eredita-di-un-imperatore-illuminato\/\" \/>\n<meta property=\"og:locale\" content=\"it_IT\" \/>\n<meta property=\"og:type\" content=\"article\" \/>\n<meta property=\"og:title\" content=\"Raffaele Nigro racconta \u201cFederico II \u2013 Vita abitudini ed eredit\u00e0 di un imperatore illuminato\u201d\u00a0\u200b - La Voce del Paese\" \/>\n<meta property=\"og:description\" content=\"\u00a0 \u200b\u00a0 \u200b\u00a0 Tra le mura del castello che solitamente parlano ai visitatori con la loro straordinaria potenza storica, nella\" \/>\n<meta property=\"og:url\" content=\"https:\/\/lavocedelpaese.info\/index.php\/2024\/12\/27\/raffaele-nigro-racconta-federico-ii-vita-abitudini-ed-eredita-di-un-imperatore-illuminato\/\" \/>\n<meta property=\"og:site_name\" content=\"La Voce del Paese\" \/>\n<meta property=\"article:publisher\" content=\"https:\/\/www.facebook.com\/lavocedelpaese.info\" \/>\n<meta property=\"article:published_time\" content=\"2024-12-27T13:22:31+00:00\" \/>\n<meta name=\"twitter:card\" content=\"summary_large_image\" \/>\n<meta name=\"twitter:label1\" content=\"Tempo di lettura stimato\" \/>\n\t<meta name=\"twitter:data1\" content=\"6 minuti\" \/>\n<script type=\"application\/ld+json\" class=\"yoast-schema-graph\">{\"@context\":\"https:\\\/\\\/schema.org\",\"@graph\":[{\"@type\":\"Article\",\"@id\":\"https:\\\/\\\/lavocedelpaese.info\\\/index.php\\\/2024\\\/12\\\/27\\\/raffaele-nigro-racconta-federico-ii-vita-abitudini-ed-eredita-di-un-imperatore-illuminato\\\/#article\",\"isPartOf\":{\"@id\":\"https:\\\/\\\/lavocedelpaese.info\\\/index.php\\\/2024\\\/12\\\/27\\\/raffaele-nigro-racconta-federico-ii-vita-abitudini-ed-eredita-di-un-imperatore-illuminato\\\/\"},\"author\":{\"name\":\"\",\"@id\":\"\"},\"headline\":\"Raffaele Nigro racconta \u201cFederico II \u2013 Vita abitudini ed eredit\u00e0 di un imperatore illuminato\u201d\u00a0\u200b\",\"datePublished\":\"2024-12-27T13:22:31+00:00\",\"mainEntityOfPage\":{\"@id\":\"https:\\\/\\\/lavocedelpaese.info\\\/index.php\\\/2024\\\/12\\\/27\\\/raffaele-nigro-racconta-federico-ii-vita-abitudini-ed-eredita-di-un-imperatore-illuminato\\\/\"},\"wordCount\":1169,\"commentCount\":0,\"publisher\":{\"@id\":\"https:\\\/\\\/lavocedelpaese.info\\\/#organization\"},\"image\":{\"@id\":\"https:\\\/\\\/lavocedelpaese.info\\\/index.php\\\/2024\\\/12\\\/27\\\/raffaele-nigro-racconta-federico-ii-vita-abitudini-ed-eredita-di-un-imperatore-illuminato\\\/#primaryimage\"},\"thumbnailUrl\":\"https:\\\/\\\/lavocedelpaese.info\\\/wp-content\\\/uploads\\\/2024\\\/12\\\/WhatsApp-Image-2024-12-27-at-09.57.39-yW5cZQ.jpeg\",\"articleSection\":[\"network\"],\"inLanguage\":\"it-IT\",\"potentialAction\":[{\"@type\":\"CommentAction\",\"name\":\"Comment\",\"target\":[\"https:\\\/\\\/lavocedelpaese.info\\\/index.php\\\/2024\\\/12\\\/27\\\/raffaele-nigro-racconta-federico-ii-vita-abitudini-ed-eredita-di-un-imperatore-illuminato\\\/#respond\"]}]},{\"@type\":\"WebPage\",\"@id\":\"https:\\\/\\\/lavocedelpaese.info\\\/index.php\\\/2024\\\/12\\\/27\\\/raffaele-nigro-racconta-federico-ii-vita-abitudini-ed-eredita-di-un-imperatore-illuminato\\\/\",\"url\":\"https:\\\/\\\/lavocedelpaese.info\\\/index.php\\\/2024\\\/12\\\/27\\\/raffaele-nigro-racconta-federico-ii-vita-abitudini-ed-eredita-di-un-imperatore-illuminato\\\/\",\"name\":\"Raffaele Nigro racconta \u201cFederico II \u2013 Vita abitudini ed eredit\u00e0 di un imperatore illuminato\u201d\u00a0\u200b - La Voce del Paese\",\"isPartOf\":{\"@id\":\"https:\\\/\\\/lavocedelpaese.info\\\/#website\"},\"primaryImageOfPage\":{\"@id\":\"https:\\\/\\\/lavocedelpaese.info\\\/index.php\\\/2024\\\/12\\\/27\\\/raffaele-nigro-racconta-federico-ii-vita-abitudini-ed-eredita-di-un-imperatore-illuminato\\\/#primaryimage\"},\"image\":{\"@id\":\"https:\\\/\\\/lavocedelpaese.info\\\/index.php\\\/2024\\\/12\\\/27\\\/raffaele-nigro-racconta-federico-ii-vita-abitudini-ed-eredita-di-un-imperatore-illuminato\\\/#primaryimage\"},\"thumbnailUrl\":\"https:\\\/\\\/lavocedelpaese.info\\\/wp-content\\\/uploads\\\/2024\\\/12\\\/WhatsApp-Image-2024-12-27-at-09.57.39-yW5cZQ.jpeg\",\"datePublished\":\"2024-12-27T13:22:31+00:00\",\"breadcrumb\":{\"@id\":\"https:\\\/\\\/lavocedelpaese.info\\\/index.php\\\/2024\\\/12\\\/27\\\/raffaele-nigro-racconta-federico-ii-vita-abitudini-ed-eredita-di-un-imperatore-illuminato\\\/#breadcrumb\"},\"inLanguage\":\"it-IT\",\"potentialAction\":[{\"@type\":\"ReadAction\",\"target\":[\"https:\\\/\\\/lavocedelpaese.info\\\/index.php\\\/2024\\\/12\\\/27\\\/raffaele-nigro-racconta-federico-ii-vita-abitudini-ed-eredita-di-un-imperatore-illuminato\\\/\"]}]},{\"@type\":\"ImageObject\",\"inLanguage\":\"it-IT\",\"@id\":\"https:\\\/\\\/lavocedelpaese.info\\\/index.php\\\/2024\\\/12\\\/27\\\/raffaele-nigro-racconta-federico-ii-vita-abitudini-ed-eredita-di-un-imperatore-illuminato\\\/#primaryimage\",\"url\":\"https:\\\/\\\/lavocedelpaese.info\\\/wp-content\\\/uploads\\\/2024\\\/12\\\/WhatsApp-Image-2024-12-27-at-09.57.39-yW5cZQ.jpeg\",\"contentUrl\":\"https:\\\/\\\/lavocedelpaese.info\\\/wp-content\\\/uploads\\\/2024\\\/12\\\/WhatsApp-Image-2024-12-27-at-09.57.39-yW5cZQ.jpeg\",\"width\":565,\"height\":608},{\"@type\":\"BreadcrumbList\",\"@id\":\"https:\\\/\\\/lavocedelpaese.info\\\/index.php\\\/2024\\\/12\\\/27\\\/raffaele-nigro-racconta-federico-ii-vita-abitudini-ed-eredita-di-un-imperatore-illuminato\\\/#breadcrumb\",\"itemListElement\":[{\"@type\":\"ListItem\",\"position\":1,\"name\":\"Home\",\"item\":\"https:\\\/\\\/lavocedelpaese.info\\\/\"},{\"@type\":\"ListItem\",\"position\":2,\"name\":\"Raffaele Nigro racconta \u201cFederico II \u2013 Vita abitudini ed eredit\u00e0 di un imperatore illuminato\u201d\u00a0\u200b\"}]},{\"@type\":\"WebSite\",\"@id\":\"https:\\\/\\\/lavocedelpaese.info\\\/#website\",\"url\":\"https:\\\/\\\/lavocedelpaese.info\\\/\",\"name\":\"La Voce del Paese\",\"description\":\"Un network di idee\",\"publisher\":{\"@id\":\"https:\\\/\\\/lavocedelpaese.info\\\/#organization\"},\"potentialAction\":[{\"@type\":\"SearchAction\",\"target\":{\"@type\":\"EntryPoint\",\"urlTemplate\":\"https:\\\/\\\/lavocedelpaese.info\\\/?s={search_term_string}\"},\"query-input\":{\"@type\":\"PropertyValueSpecification\",\"valueRequired\":true,\"valueName\":\"search_term_string\"}}],\"inLanguage\":\"it-IT\"},{\"@type\":\"Organization\",\"@id\":\"https:\\\/\\\/lavocedelpaese.info\\\/#organization\",\"name\":\"La Voce del Paese\",\"url\":\"https:\\\/\\\/lavocedelpaese.info\\\/\",\"logo\":{\"@type\":\"ImageObject\",\"inLanguage\":\"it-IT\",\"@id\":\"https:\\\/\\\/lavocedelpaese.info\\\/#\\\/schema\\\/logo\\\/image\\\/\",\"url\":\"https:\\\/\\\/lavocedelpaese.info\\\/wp-content\\\/uploads\\\/2023\\\/01\\\/cropped-logo-150-127.png\",\"contentUrl\":\"https:\\\/\\\/lavocedelpaese.info\\\/wp-content\\\/uploads\\\/2023\\\/01\\\/cropped-logo-150-127.png\",\"width\":137,\"height\":119,\"caption\":\"La Voce del Paese\"},\"image\":{\"@id\":\"https:\\\/\\\/lavocedelpaese.info\\\/#\\\/schema\\\/logo\\\/image\\\/\"},\"sameAs\":[\"https:\\\/\\\/www.facebook.com\\\/lavocedelpaese.info\"]}]}<\/script>\n<!-- \/ Yoast SEO plugin. -->","yoast_head_json":{"title":"Raffaele Nigro racconta \u201cFederico II \u2013 Vita abitudini ed eredit\u00e0 di un imperatore illuminato\u201d\u00a0\u200b - La Voce del Paese","robots":{"index":"index","follow":"follow","max-snippet":"max-snippet:-1","max-image-preview":"max-image-preview:large","max-video-preview":"max-video-preview:-1"},"canonical":"https:\/\/lavocedelpaese.info\/index.php\/2024\/12\/27\/raffaele-nigro-racconta-federico-ii-vita-abitudini-ed-eredita-di-un-imperatore-illuminato\/","og_locale":"it_IT","og_type":"article","og_title":"Raffaele Nigro racconta \u201cFederico II \u2013 Vita abitudini ed eredit\u00e0 di un imperatore illuminato\u201d\u00a0\u200b - La Voce del Paese","og_description":"\u00a0 \u200b\u00a0 \u200b\u00a0 Tra le mura del castello che solitamente parlano ai visitatori con la loro straordinaria potenza storica, nella","og_url":"https:\/\/lavocedelpaese.info\/index.php\/2024\/12\/27\/raffaele-nigro-racconta-federico-ii-vita-abitudini-ed-eredita-di-un-imperatore-illuminato\/","og_site_name":"La Voce del Paese","article_publisher":"https:\/\/www.facebook.com\/lavocedelpaese.info","article_published_time":"2024-12-27T13:22:31+00:00","twitter_card":"summary_large_image","twitter_misc":{"Tempo di lettura stimato":"6 minuti"},"schema":{"@context":"https:\/\/schema.org","@graph":[{"@type":"Article","@id":"https:\/\/lavocedelpaese.info\/index.php\/2024\/12\/27\/raffaele-nigro-racconta-federico-ii-vita-abitudini-ed-eredita-di-un-imperatore-illuminato\/#article","isPartOf":{"@id":"https:\/\/lavocedelpaese.info\/index.php\/2024\/12\/27\/raffaele-nigro-racconta-federico-ii-vita-abitudini-ed-eredita-di-un-imperatore-illuminato\/"},"author":{"name":"","@id":""},"headline":"Raffaele Nigro racconta \u201cFederico II \u2013 Vita abitudini ed eredit\u00e0 di un imperatore illuminato\u201d\u00a0\u200b","datePublished":"2024-12-27T13:22:31+00:00","mainEntityOfPage":{"@id":"https:\/\/lavocedelpaese.info\/index.php\/2024\/12\/27\/raffaele-nigro-racconta-federico-ii-vita-abitudini-ed-eredita-di-un-imperatore-illuminato\/"},"wordCount":1169,"commentCount":0,"publisher":{"@id":"https:\/\/lavocedelpaese.info\/#organization"},"image":{"@id":"https:\/\/lavocedelpaese.info\/index.php\/2024\/12\/27\/raffaele-nigro-racconta-federico-ii-vita-abitudini-ed-eredita-di-un-imperatore-illuminato\/#primaryimage"},"thumbnailUrl":"https:\/\/lavocedelpaese.info\/wp-content\/uploads\/2024\/12\/WhatsApp-Image-2024-12-27-at-09.57.39-yW5cZQ.jpeg","articleSection":["network"],"inLanguage":"it-IT","potentialAction":[{"@type":"CommentAction","name":"Comment","target":["https:\/\/lavocedelpaese.info\/index.php\/2024\/12\/27\/raffaele-nigro-racconta-federico-ii-vita-abitudini-ed-eredita-di-un-imperatore-illuminato\/#respond"]}]},{"@type":"WebPage","@id":"https:\/\/lavocedelpaese.info\/index.php\/2024\/12\/27\/raffaele-nigro-racconta-federico-ii-vita-abitudini-ed-eredita-di-un-imperatore-illuminato\/","url":"https:\/\/lavocedelpaese.info\/index.php\/2024\/12\/27\/raffaele-nigro-racconta-federico-ii-vita-abitudini-ed-eredita-di-un-imperatore-illuminato\/","name":"Raffaele Nigro racconta \u201cFederico II \u2013 Vita abitudini ed eredit\u00e0 di un imperatore illuminato\u201d\u00a0\u200b - La Voce del Paese","isPartOf":{"@id":"https:\/\/lavocedelpaese.info\/#website"},"primaryImageOfPage":{"@id":"https:\/\/lavocedelpaese.info\/index.php\/2024\/12\/27\/raffaele-nigro-racconta-federico-ii-vita-abitudini-ed-eredita-di-un-imperatore-illuminato\/#primaryimage"},"image":{"@id":"https:\/\/lavocedelpaese.info\/index.php\/2024\/12\/27\/raffaele-nigro-racconta-federico-ii-vita-abitudini-ed-eredita-di-un-imperatore-illuminato\/#primaryimage"},"thumbnailUrl":"https:\/\/lavocedelpaese.info\/wp-content\/uploads\/2024\/12\/WhatsApp-Image-2024-12-27-at-09.57.39-yW5cZQ.jpeg","datePublished":"2024-12-27T13:22:31+00:00","breadcrumb":{"@id":"https:\/\/lavocedelpaese.info\/index.php\/2024\/12\/27\/raffaele-nigro-racconta-federico-ii-vita-abitudini-ed-eredita-di-un-imperatore-illuminato\/#breadcrumb"},"inLanguage":"it-IT","potentialAction":[{"@type":"ReadAction","target":["https:\/\/lavocedelpaese.info\/index.php\/2024\/12\/27\/raffaele-nigro-racconta-federico-ii-vita-abitudini-ed-eredita-di-un-imperatore-illuminato\/"]}]},{"@type":"ImageObject","inLanguage":"it-IT","@id":"https:\/\/lavocedelpaese.info\/index.php\/2024\/12\/27\/raffaele-nigro-racconta-federico-ii-vita-abitudini-ed-eredita-di-un-imperatore-illuminato\/#primaryimage","url":"https:\/\/lavocedelpaese.info\/wp-content\/uploads\/2024\/12\/WhatsApp-Image-2024-12-27-at-09.57.39-yW5cZQ.jpeg","contentUrl":"https:\/\/lavocedelpaese.info\/wp-content\/uploads\/2024\/12\/WhatsApp-Image-2024-12-27-at-09.57.39-yW5cZQ.jpeg","width":565,"height":608},{"@type":"BreadcrumbList","@id":"https:\/\/lavocedelpaese.info\/index.php\/2024\/12\/27\/raffaele-nigro-racconta-federico-ii-vita-abitudini-ed-eredita-di-un-imperatore-illuminato\/#breadcrumb","itemListElement":[{"@type":"ListItem","position":1,"name":"Home","item":"https:\/\/lavocedelpaese.info\/"},{"@type":"ListItem","position":2,"name":"Raffaele Nigro racconta \u201cFederico II \u2013 Vita abitudini ed eredit\u00e0 di un imperatore illuminato\u201d\u00a0\u200b"}]},{"@type":"WebSite","@id":"https:\/\/lavocedelpaese.info\/#website","url":"https:\/\/lavocedelpaese.info\/","name":"La Voce del Paese","description":"Un network di idee","publisher":{"@id":"https:\/\/lavocedelpaese.info\/#organization"},"potentialAction":[{"@type":"SearchAction","target":{"@type":"EntryPoint","urlTemplate":"https:\/\/lavocedelpaese.info\/?s={search_term_string}"},"query-input":{"@type":"PropertyValueSpecification","valueRequired":true,"valueName":"search_term_string"}}],"inLanguage":"it-IT"},{"@type":"Organization","@id":"https:\/\/lavocedelpaese.info\/#organization","name":"La Voce del Paese","url":"https:\/\/lavocedelpaese.info\/","logo":{"@type":"ImageObject","inLanguage":"it-IT","@id":"https:\/\/lavocedelpaese.info\/#\/schema\/logo\/image\/","url":"https:\/\/lavocedelpaese.info\/wp-content\/uploads\/2023\/01\/cropped-logo-150-127.png","contentUrl":"https:\/\/lavocedelpaese.info\/wp-content\/uploads\/2023\/01\/cropped-logo-150-127.png","width":137,"height":119,"caption":"La Voce del Paese"},"image":{"@id":"https:\/\/lavocedelpaese.info\/#\/schema\/logo\/image\/"},"sameAs":["https:\/\/www.facebook.com\/lavocedelpaese.info"]}]}},"_links":{"self":[{"href":"https:\/\/lavocedelpaese.info\/index.php\/wp-json\/wp\/v2\/posts\/8621","targetHints":{"allow":["GET"]}}],"collection":[{"href":"https:\/\/lavocedelpaese.info\/index.php\/wp-json\/wp\/v2\/posts"}],"about":[{"href":"https:\/\/lavocedelpaese.info\/index.php\/wp-json\/wp\/v2\/types\/post"}],"replies":[{"embeddable":true,"href":"https:\/\/lavocedelpaese.info\/index.php\/wp-json\/wp\/v2\/comments?post=8621"}],"version-history":[{"count":0,"href":"https:\/\/lavocedelpaese.info\/index.php\/wp-json\/wp\/v2\/posts\/8621\/revisions"}],"wp:featuredmedia":[{"embeddable":true,"href":"https:\/\/lavocedelpaese.info\/index.php\/wp-json\/wp\/v2\/media\/8622"}],"wp:attachment":[{"href":"https:\/\/lavocedelpaese.info\/index.php\/wp-json\/wp\/v2\/media?parent=8621"}],"wp:term":[{"taxonomy":"category","embeddable":true,"href":"https:\/\/lavocedelpaese.info\/index.php\/wp-json\/wp\/v2\/categories?post=8621"},{"taxonomy":"post_tag","embeddable":true,"href":"https:\/\/lavocedelpaese.info\/index.php\/wp-json\/wp\/v2\/tags?post=8621"}],"curies":[{"name":"wp","href":"https:\/\/api.w.org\/{rel}","templated":true}]}}