{"id":8606,"date":"2024-12-24T11:16:45","date_gmt":"2024-12-24T11:16:45","guid":{"rendered":"https:\/\/lavocedelpaese.info\/index.php\/2024\/12\/24\/il-salvatore-e-nato-per-noi-il-messaggio-di-padre-carmine-mosca\/"},"modified":"2024-12-24T11:16:45","modified_gmt":"2024-12-24T11:16:45","slug":"il-salvatore-e-nato-per-noi-il-messaggio-di-padre-carmine-mosca","status":"publish","type":"post","link":"https:\/\/lavocedelpaese.info\/index.php\/2024\/12\/24\/il-salvatore-e-nato-per-noi-il-messaggio-di-padre-carmine-mosca\/","title":{"rendered":"\u201cIl Salvatore \u00e8 nato per noi\u201d. Il messaggio di Padre Carmine Mosca\u00a0\u200b"},"content":{"rendered":"<p>\u00a0<\/p>\n<p>\u200b\u00a0<\/p>\n<p>\u200b\u00a0<\/p>\n<p>\u201c\u00c8 nato per noi il Salvatore, Cristo Ges\u00f9. Dio si \u00e8 fatto uomo ed \u00e8 venuto ad abitare in mezzo a noi\u201d (Gv 1,14)<\/p>\n<p><img decoding=\"async\" class=\"size-full wp-image-5564 alignleft\" src=\"https:\/\/gioia.lavocedelpaese.info\/wp-content\/uploads\/2024\/12\/Don-Carmine-Mosca.jpg\" alt=\"\" width=\"350\" height=\"426\"\/>Il Natale ricorda che Dio \u00e8 venuto al mondo sotto forma di bambino. Il cuore del Natale \u00e8 un bambino. Ecco perch\u00e9 le melodie, i messaggi, la decorazione natalizia, l\u2019albero di Natale, babbo natale, i regali. sono motivo di gioia per tutti i bambini.<\/p>\n<p>Ma il Natale di Ges\u00f9, non consiste appena in un tripudio di feste o in una esperienza diversa dalle altre feste, perch\u00e9 va anche ricordato il martirio di tanti bambini, la cui vita viene calpestata e minacciata, come quella dei bambini\u00a0di Betlemme\u00a0uccisi da Erode o vittime nel passato e nel presente di guerre, conflitti militari. e massacri indicibili<\/p>\n<p>Anche Ges\u00f9, il divino pargoletto che si preparava a divenire il nostro faro e illuminare il cammino di ogni essere umano, sarebbe stato ucciso se Giuseppe e Maria\u00a0non avessero lasciato la Palestina per sfuggire alla morte perpetrata dal crudele Erode, re di tutto il territorio di Israele.<\/p>\n<p>Se dipendesse dai bambini il mondo sarebbe diverso. Essi sono come semi che sbocciano creando una nuova umanit\u00e0. Sono le nuove levi che indicano nuove strade e sognano un futuro nuovo.<\/p>\n<p>Il progetto dell\u2019Emanuele o del \u201cDio con noi\u201d era quello di trasformare la terra in un\u2019unica e grande famiglia. Venendo dal cielo e assumendo la natura umana, Dio volle annunciare un nuovo cammino agli uomini di buona volont\u00e0.\u00a0Con la sua venuta, predetta dai profeti e indicata presente da San Giovanni Battista, una nuova luce brill\u00f2 in mezzo alle tenebre e in un mondo sopraffatto dall\u2019odio, dalla violenza, dall\u2019egoismo, dall\u2019avidit\u00e0 e dall\u2019ambizione.<\/p>\n<p>I pastori e i poveri divennero i destinatari della venuta di Dio sulla terra e ai grandi e potenti mostr\u00f2 i passi da compiere per costruire un mondo nuovo.<\/p>\n<p><img decoding=\"async\" class=\"size-full wp-image-5565 alignright\" src=\"https:\/\/gioia.lavocedelpaese.info\/wp-content\/uploads\/2024\/12\/novena-di-natale.jpg\" alt=\"\" width=\"400\" height=\"224\"\/>Giuseppe e Maria consegnarono a Dio le redini della propria vita . La storia degli uomini \u00e8 cara a Dio che invita i suoi figli a portare a compimento il piano divino. La vigilanza \u00e8 oggi necessaria per evitare di cadere nelle mani di nuovi Erodi pronti a massacrare i pi\u00f9 deboli e vulnerabili.<\/p>\n<p>Nelle feste di Natale ci sentiamo travolti dalla gioia dei canti, della musica, delle luci e di tante altre cose che deliziano gli occhi e portano gioia ai bambini e alle famiglie.<\/p>\n<p>Molte famiglie preparano belle cene di Natale, riunendo parenti e amici. E poi ? Tutte le promesse lasciano il posto ad attriti e incomprensioni. Poi viene, parlando delle guerre, il lamento di coloro che gemono per la mancanza del pane, del latte, del cibo e della casa.<\/p>\n<p>\u00c8 un\u2019altra ipocrisia la celebrazione del Natale in questo mondo che progetta guerre e distruzioni.<\/p>\n<p>Il Natale \u00e8 segno di tenerezza, di amore, di luce, di pace, di solidariet\u00e0 e di fraternit\u00e0 universale. Davanti al pargoletto divino \u00e8 necessario inginocchiarsi e chiedere la risoluzione pacifica per tutte le nazioni in guerra, cos\u00ec la vita di nessun bambino cadr\u00e0 nell\u2019ombra oscura della morte. Che si asciughino le lacrime di coloro che piangono perch\u00e9 possano ritrovare la gioia perduta. Che la nascita del Salvatore\u00a0e la luce del Vangelo che squarciano ogni buio fuori e dentro di noi ci aiutino a ritrovare e riscoprire la pace tanto necessaria nel nostro tempo.<\/p>\n<p>Questo \u00e8 il nostro augurio e auguriamo a tutti un buon e santo Natale.<\/p>\n<p><strong>Padre Carmine Mosca<\/strong><\/p>\n<p><a class=\"a2a_button_facebook\" href=\"https:\/\/www.addtoany.com\/add_to\/facebook?linkurl=https%3A%2F%2Fgioia.lavocedelpaese.info%2Findex.php%2F2024%2F12%2F24%2Fil-salvatore-e-nato-per-noi-il-messaggio-di-padre-carmine-mosca%2F&amp;linkname=%E2%80%9CIl%20Salvatore%20%C3%A8%20nato%20per%20noi%E2%80%9D.%20Il%20messaggio%20di%20Padre%20Carmine%20Mosca\" title=\"Facebook\" rel=\"nofollow noopener\" target=\"_blank\"><\/a><a class=\"a2a_button_twitter\" href=\"https:\/\/www.addtoany.com\/add_to\/twitter?linkurl=https%3A%2F%2Fgioia.lavocedelpaese.info%2Findex.php%2F2024%2F12%2F24%2Fil-salvatore-e-nato-per-noi-il-messaggio-di-padre-carmine-mosca%2F&amp;linkname=%E2%80%9CIl%20Salvatore%20%C3%A8%20nato%20per%20noi%E2%80%9D.%20Il%20messaggio%20di%20Padre%20Carmine%20Mosca\" title=\"Twitter\" rel=\"nofollow noopener\" target=\"_blank\"><\/a><a class=\"a2a_button_whatsapp\" href=\"https:\/\/www.addtoany.com\/add_to\/whatsapp?linkurl=https%3A%2F%2Fgioia.lavocedelpaese.info%2Findex.php%2F2024%2F12%2F24%2Fil-salvatore-e-nato-per-noi-il-messaggio-di-padre-carmine-mosca%2F&amp;linkname=%E2%80%9CIl%20Salvatore%20%C3%A8%20nato%20per%20noi%E2%80%9D.%20Il%20messaggio%20di%20Padre%20Carmine%20Mosca\" title=\"WhatsApp\" rel=\"nofollow noopener\" target=\"_blank\"><\/a><a class=\"a2a_button_telegram\" href=\"https:\/\/www.addtoany.com\/add_to\/telegram?linkurl=https%3A%2F%2Fgioia.lavocedelpaese.info%2Findex.php%2F2024%2F12%2F24%2Fil-salvatore-e-nato-per-noi-il-messaggio-di-padre-carmine-mosca%2F&amp;linkname=%E2%80%9CIl%20Salvatore%20%C3%A8%20nato%20per%20noi%E2%80%9D.%20Il%20messaggio%20di%20Padre%20Carmine%20Mosca\" title=\"Telegram\" rel=\"nofollow noopener\" target=\"_blank\"><\/a><a class=\"a2a_button_email\" href=\"https:\/\/www.addtoany.com\/add_to\/email?linkurl=https%3A%2F%2Fgioia.lavocedelpaese.info%2Findex.php%2F2024%2F12%2F24%2Fil-salvatore-e-nato-per-noi-il-messaggio-di-padre-carmine-mosca%2F&amp;linkname=%E2%80%9CIl%20Salvatore%20%C3%A8%20nato%20per%20noi%E2%80%9D.%20Il%20messaggio%20di%20Padre%20Carmine%20Mosca\" title=\"Email\" rel=\"nofollow noopener\" target=\"_blank\"><\/a><\/p>\n<p>\u00a0<\/p>\n<p>\u00a0<\/p>\n<p>\u200b\u00a0\u00a0\u00a0<\/p>","protected":false},"excerpt":{"rendered":"<p>\u00a0 \u200b\u00a0 \u200b\u00a0 \u201c\u00c8 nato per noi il Salvatore, Cristo Ges\u00f9. Dio si \u00e8 fatto uomo ed \u00e8 venuto ad<\/p>\n","protected":false},"author":0,"featured_media":8607,"comment_status":"open","ping_status":"closed","sticky":false,"template":"","format":"standard","meta":{"colormag_page_container_layout":"default_layout","colormag_page_sidebar_layout":"default_layout","footnotes":""},"categories":[33],"tags":[],"class_list":["post-8606","post","type-post","status-publish","format-standard","has-post-thumbnail","hentry","category-network"],"yoast_head":"<!-- This site is optimized with the Yoast SEO plugin v27.5 - https:\/\/yoast.com\/product\/yoast-seo-wordpress\/ -->\n<title>\u201cIl Salvatore \u00e8 nato per noi\u201d. Il messaggio di Padre Carmine Mosca\u00a0\u200b - La Voce del Paese<\/title>\n<meta name=\"robots\" content=\"index, follow, max-snippet:-1, max-image-preview:large, max-video-preview:-1\" \/>\n<link rel=\"canonical\" href=\"https:\/\/lavocedelpaese.info\/index.php\/2024\/12\/24\/il-salvatore-e-nato-per-noi-il-messaggio-di-padre-carmine-mosca\/\" \/>\n<meta property=\"og:locale\" content=\"it_IT\" \/>\n<meta property=\"og:type\" content=\"article\" \/>\n<meta property=\"og:title\" content=\"\u201cIl Salvatore \u00e8 nato per noi\u201d. Il messaggio di Padre Carmine Mosca\u00a0\u200b - La Voce del Paese\" \/>\n<meta property=\"og:description\" content=\"\u00a0 \u200b\u00a0 \u200b\u00a0 \u201c\u00c8 nato per noi il Salvatore, Cristo Ges\u00f9. Dio si \u00e8 fatto uomo ed \u00e8 venuto ad\" \/>\n<meta property=\"og:url\" content=\"https:\/\/lavocedelpaese.info\/index.php\/2024\/12\/24\/il-salvatore-e-nato-per-noi-il-messaggio-di-padre-carmine-mosca\/\" \/>\n<meta property=\"og:site_name\" content=\"La Voce del Paese\" \/>\n<meta property=\"article:publisher\" content=\"https:\/\/www.facebook.com\/lavocedelpaese.info\" \/>\n<meta property=\"article:published_time\" content=\"2024-12-24T11:16:45+00:00\" \/>\n<meta name=\"twitter:card\" content=\"summary_large_image\" \/>\n<meta name=\"twitter:label1\" content=\"Tempo di lettura stimato\" \/>\n\t<meta name=\"twitter:data1\" content=\"3 minuti\" \/>\n<script type=\"application\/ld+json\" class=\"yoast-schema-graph\">{\"@context\":\"https:\\\/\\\/schema.org\",\"@graph\":[{\"@type\":\"Article\",\"@id\":\"https:\\\/\\\/lavocedelpaese.info\\\/index.php\\\/2024\\\/12\\\/24\\\/il-salvatore-e-nato-per-noi-il-messaggio-di-padre-carmine-mosca\\\/#article\",\"isPartOf\":{\"@id\":\"https:\\\/\\\/lavocedelpaese.info\\\/index.php\\\/2024\\\/12\\\/24\\\/il-salvatore-e-nato-per-noi-il-messaggio-di-padre-carmine-mosca\\\/\"},\"author\":{\"name\":\"\",\"@id\":\"\"},\"headline\":\"\u201cIl Salvatore \u00e8 nato per noi\u201d. Il messaggio di Padre Carmine Mosca\u00a0\u200b\",\"datePublished\":\"2024-12-24T11:16:45+00:00\",\"mainEntityOfPage\":{\"@id\":\"https:\\\/\\\/lavocedelpaese.info\\\/index.php\\\/2024\\\/12\\\/24\\\/il-salvatore-e-nato-per-noi-il-messaggio-di-padre-carmine-mosca\\\/\"},\"wordCount\":573,\"commentCount\":0,\"publisher\":{\"@id\":\"https:\\\/\\\/lavocedelpaese.info\\\/#organization\"},\"image\":{\"@id\":\"https:\\\/\\\/lavocedelpaese.info\\\/index.php\\\/2024\\\/12\\\/24\\\/il-salvatore-e-nato-per-noi-il-messaggio-di-padre-carmine-mosca\\\/#primaryimage\"},\"thumbnailUrl\":\"https:\\\/\\\/lavocedelpaese.info\\\/wp-content\\\/uploads\\\/2024\\\/12\\\/Don-Carmine-Mosca-xhpOW8.jpeg\",\"articleSection\":[\"network\"],\"inLanguage\":\"it-IT\",\"potentialAction\":[{\"@type\":\"CommentAction\",\"name\":\"Comment\",\"target\":[\"https:\\\/\\\/lavocedelpaese.info\\\/index.php\\\/2024\\\/12\\\/24\\\/il-salvatore-e-nato-per-noi-il-messaggio-di-padre-carmine-mosca\\\/#respond\"]}]},{\"@type\":\"WebPage\",\"@id\":\"https:\\\/\\\/lavocedelpaese.info\\\/index.php\\\/2024\\\/12\\\/24\\\/il-salvatore-e-nato-per-noi-il-messaggio-di-padre-carmine-mosca\\\/\",\"url\":\"https:\\\/\\\/lavocedelpaese.info\\\/index.php\\\/2024\\\/12\\\/24\\\/il-salvatore-e-nato-per-noi-il-messaggio-di-padre-carmine-mosca\\\/\",\"name\":\"\u201cIl Salvatore \u00e8 nato per noi\u201d. Il messaggio di Padre Carmine Mosca\u00a0\u200b - La Voce del Paese\",\"isPartOf\":{\"@id\":\"https:\\\/\\\/lavocedelpaese.info\\\/#website\"},\"primaryImageOfPage\":{\"@id\":\"https:\\\/\\\/lavocedelpaese.info\\\/index.php\\\/2024\\\/12\\\/24\\\/il-salvatore-e-nato-per-noi-il-messaggio-di-padre-carmine-mosca\\\/#primaryimage\"},\"image\":{\"@id\":\"https:\\\/\\\/lavocedelpaese.info\\\/index.php\\\/2024\\\/12\\\/24\\\/il-salvatore-e-nato-per-noi-il-messaggio-di-padre-carmine-mosca\\\/#primaryimage\"},\"thumbnailUrl\":\"https:\\\/\\\/lavocedelpaese.info\\\/wp-content\\\/uploads\\\/2024\\\/12\\\/Don-Carmine-Mosca-xhpOW8.jpeg\",\"datePublished\":\"2024-12-24T11:16:45+00:00\",\"breadcrumb\":{\"@id\":\"https:\\\/\\\/lavocedelpaese.info\\\/index.php\\\/2024\\\/12\\\/24\\\/il-salvatore-e-nato-per-noi-il-messaggio-di-padre-carmine-mosca\\\/#breadcrumb\"},\"inLanguage\":\"it-IT\",\"potentialAction\":[{\"@type\":\"ReadAction\",\"target\":[\"https:\\\/\\\/lavocedelpaese.info\\\/index.php\\\/2024\\\/12\\\/24\\\/il-salvatore-e-nato-per-noi-il-messaggio-di-padre-carmine-mosca\\\/\"]}]},{\"@type\":\"ImageObject\",\"inLanguage\":\"it-IT\",\"@id\":\"https:\\\/\\\/lavocedelpaese.info\\\/index.php\\\/2024\\\/12\\\/24\\\/il-salvatore-e-nato-per-noi-il-messaggio-di-padre-carmine-mosca\\\/#primaryimage\",\"url\":\"https:\\\/\\\/lavocedelpaese.info\\\/wp-content\\\/uploads\\\/2024\\\/12\\\/Don-Carmine-Mosca-xhpOW8.jpeg\",\"contentUrl\":\"https:\\\/\\\/lavocedelpaese.info\\\/wp-content\\\/uploads\\\/2024\\\/12\\\/Don-Carmine-Mosca-xhpOW8.jpeg\",\"width\":548,\"height\":667},{\"@type\":\"BreadcrumbList\",\"@id\":\"https:\\\/\\\/lavocedelpaese.info\\\/index.php\\\/2024\\\/12\\\/24\\\/il-salvatore-e-nato-per-noi-il-messaggio-di-padre-carmine-mosca\\\/#breadcrumb\",\"itemListElement\":[{\"@type\":\"ListItem\",\"position\":1,\"name\":\"Home\",\"item\":\"https:\\\/\\\/lavocedelpaese.info\\\/\"},{\"@type\":\"ListItem\",\"position\":2,\"name\":\"\u201cIl Salvatore \u00e8 nato per noi\u201d. Il messaggio di Padre Carmine Mosca\u00a0\u200b\"}]},{\"@type\":\"WebSite\",\"@id\":\"https:\\\/\\\/lavocedelpaese.info\\\/#website\",\"url\":\"https:\\\/\\\/lavocedelpaese.info\\\/\",\"name\":\"La Voce del Paese\",\"description\":\"Un network di idee\",\"publisher\":{\"@id\":\"https:\\\/\\\/lavocedelpaese.info\\\/#organization\"},\"potentialAction\":[{\"@type\":\"SearchAction\",\"target\":{\"@type\":\"EntryPoint\",\"urlTemplate\":\"https:\\\/\\\/lavocedelpaese.info\\\/?s={search_term_string}\"},\"query-input\":{\"@type\":\"PropertyValueSpecification\",\"valueRequired\":true,\"valueName\":\"search_term_string\"}}],\"inLanguage\":\"it-IT\"},{\"@type\":\"Organization\",\"@id\":\"https:\\\/\\\/lavocedelpaese.info\\\/#organization\",\"name\":\"La Voce del Paese\",\"url\":\"https:\\\/\\\/lavocedelpaese.info\\\/\",\"logo\":{\"@type\":\"ImageObject\",\"inLanguage\":\"it-IT\",\"@id\":\"https:\\\/\\\/lavocedelpaese.info\\\/#\\\/schema\\\/logo\\\/image\\\/\",\"url\":\"https:\\\/\\\/lavocedelpaese.info\\\/wp-content\\\/uploads\\\/2023\\\/01\\\/cropped-logo-150-127.png\",\"contentUrl\":\"https:\\\/\\\/lavocedelpaese.info\\\/wp-content\\\/uploads\\\/2023\\\/01\\\/cropped-logo-150-127.png\",\"width\":137,\"height\":119,\"caption\":\"La Voce del Paese\"},\"image\":{\"@id\":\"https:\\\/\\\/lavocedelpaese.info\\\/#\\\/schema\\\/logo\\\/image\\\/\"},\"sameAs\":[\"https:\\\/\\\/www.facebook.com\\\/lavocedelpaese.info\"]}]}<\/script>\n<!-- \/ Yoast SEO plugin. -->","yoast_head_json":{"title":"\u201cIl Salvatore \u00e8 nato per noi\u201d. Il messaggio di Padre Carmine Mosca\u00a0\u200b - La Voce del Paese","robots":{"index":"index","follow":"follow","max-snippet":"max-snippet:-1","max-image-preview":"max-image-preview:large","max-video-preview":"max-video-preview:-1"},"canonical":"https:\/\/lavocedelpaese.info\/index.php\/2024\/12\/24\/il-salvatore-e-nato-per-noi-il-messaggio-di-padre-carmine-mosca\/","og_locale":"it_IT","og_type":"article","og_title":"\u201cIl Salvatore \u00e8 nato per noi\u201d. Il messaggio di Padre Carmine Mosca\u00a0\u200b - La Voce del Paese","og_description":"\u00a0 \u200b\u00a0 \u200b\u00a0 \u201c\u00c8 nato per noi il Salvatore, Cristo Ges\u00f9. Dio si \u00e8 fatto uomo ed \u00e8 venuto ad","og_url":"https:\/\/lavocedelpaese.info\/index.php\/2024\/12\/24\/il-salvatore-e-nato-per-noi-il-messaggio-di-padre-carmine-mosca\/","og_site_name":"La Voce del Paese","article_publisher":"https:\/\/www.facebook.com\/lavocedelpaese.info","article_published_time":"2024-12-24T11:16:45+00:00","twitter_card":"summary_large_image","twitter_misc":{"Tempo di lettura stimato":"3 minuti"},"schema":{"@context":"https:\/\/schema.org","@graph":[{"@type":"Article","@id":"https:\/\/lavocedelpaese.info\/index.php\/2024\/12\/24\/il-salvatore-e-nato-per-noi-il-messaggio-di-padre-carmine-mosca\/#article","isPartOf":{"@id":"https:\/\/lavocedelpaese.info\/index.php\/2024\/12\/24\/il-salvatore-e-nato-per-noi-il-messaggio-di-padre-carmine-mosca\/"},"author":{"name":"","@id":""},"headline":"\u201cIl Salvatore \u00e8 nato per noi\u201d. Il messaggio di Padre Carmine Mosca\u00a0\u200b","datePublished":"2024-12-24T11:16:45+00:00","mainEntityOfPage":{"@id":"https:\/\/lavocedelpaese.info\/index.php\/2024\/12\/24\/il-salvatore-e-nato-per-noi-il-messaggio-di-padre-carmine-mosca\/"},"wordCount":573,"commentCount":0,"publisher":{"@id":"https:\/\/lavocedelpaese.info\/#organization"},"image":{"@id":"https:\/\/lavocedelpaese.info\/index.php\/2024\/12\/24\/il-salvatore-e-nato-per-noi-il-messaggio-di-padre-carmine-mosca\/#primaryimage"},"thumbnailUrl":"https:\/\/lavocedelpaese.info\/wp-content\/uploads\/2024\/12\/Don-Carmine-Mosca-xhpOW8.jpeg","articleSection":["network"],"inLanguage":"it-IT","potentialAction":[{"@type":"CommentAction","name":"Comment","target":["https:\/\/lavocedelpaese.info\/index.php\/2024\/12\/24\/il-salvatore-e-nato-per-noi-il-messaggio-di-padre-carmine-mosca\/#respond"]}]},{"@type":"WebPage","@id":"https:\/\/lavocedelpaese.info\/index.php\/2024\/12\/24\/il-salvatore-e-nato-per-noi-il-messaggio-di-padre-carmine-mosca\/","url":"https:\/\/lavocedelpaese.info\/index.php\/2024\/12\/24\/il-salvatore-e-nato-per-noi-il-messaggio-di-padre-carmine-mosca\/","name":"\u201cIl Salvatore \u00e8 nato per noi\u201d. Il messaggio di Padre Carmine Mosca\u00a0\u200b - La Voce del Paese","isPartOf":{"@id":"https:\/\/lavocedelpaese.info\/#website"},"primaryImageOfPage":{"@id":"https:\/\/lavocedelpaese.info\/index.php\/2024\/12\/24\/il-salvatore-e-nato-per-noi-il-messaggio-di-padre-carmine-mosca\/#primaryimage"},"image":{"@id":"https:\/\/lavocedelpaese.info\/index.php\/2024\/12\/24\/il-salvatore-e-nato-per-noi-il-messaggio-di-padre-carmine-mosca\/#primaryimage"},"thumbnailUrl":"https:\/\/lavocedelpaese.info\/wp-content\/uploads\/2024\/12\/Don-Carmine-Mosca-xhpOW8.jpeg","datePublished":"2024-12-24T11:16:45+00:00","breadcrumb":{"@id":"https:\/\/lavocedelpaese.info\/index.php\/2024\/12\/24\/il-salvatore-e-nato-per-noi-il-messaggio-di-padre-carmine-mosca\/#breadcrumb"},"inLanguage":"it-IT","potentialAction":[{"@type":"ReadAction","target":["https:\/\/lavocedelpaese.info\/index.php\/2024\/12\/24\/il-salvatore-e-nato-per-noi-il-messaggio-di-padre-carmine-mosca\/"]}]},{"@type":"ImageObject","inLanguage":"it-IT","@id":"https:\/\/lavocedelpaese.info\/index.php\/2024\/12\/24\/il-salvatore-e-nato-per-noi-il-messaggio-di-padre-carmine-mosca\/#primaryimage","url":"https:\/\/lavocedelpaese.info\/wp-content\/uploads\/2024\/12\/Don-Carmine-Mosca-xhpOW8.jpeg","contentUrl":"https:\/\/lavocedelpaese.info\/wp-content\/uploads\/2024\/12\/Don-Carmine-Mosca-xhpOW8.jpeg","width":548,"height":667},{"@type":"BreadcrumbList","@id":"https:\/\/lavocedelpaese.info\/index.php\/2024\/12\/24\/il-salvatore-e-nato-per-noi-il-messaggio-di-padre-carmine-mosca\/#breadcrumb","itemListElement":[{"@type":"ListItem","position":1,"name":"Home","item":"https:\/\/lavocedelpaese.info\/"},{"@type":"ListItem","position":2,"name":"\u201cIl Salvatore \u00e8 nato per noi\u201d. Il messaggio di Padre Carmine Mosca\u00a0\u200b"}]},{"@type":"WebSite","@id":"https:\/\/lavocedelpaese.info\/#website","url":"https:\/\/lavocedelpaese.info\/","name":"La Voce del Paese","description":"Un network di idee","publisher":{"@id":"https:\/\/lavocedelpaese.info\/#organization"},"potentialAction":[{"@type":"SearchAction","target":{"@type":"EntryPoint","urlTemplate":"https:\/\/lavocedelpaese.info\/?s={search_term_string}"},"query-input":{"@type":"PropertyValueSpecification","valueRequired":true,"valueName":"search_term_string"}}],"inLanguage":"it-IT"},{"@type":"Organization","@id":"https:\/\/lavocedelpaese.info\/#organization","name":"La Voce del Paese","url":"https:\/\/lavocedelpaese.info\/","logo":{"@type":"ImageObject","inLanguage":"it-IT","@id":"https:\/\/lavocedelpaese.info\/#\/schema\/logo\/image\/","url":"https:\/\/lavocedelpaese.info\/wp-content\/uploads\/2023\/01\/cropped-logo-150-127.png","contentUrl":"https:\/\/lavocedelpaese.info\/wp-content\/uploads\/2023\/01\/cropped-logo-150-127.png","width":137,"height":119,"caption":"La Voce del Paese"},"image":{"@id":"https:\/\/lavocedelpaese.info\/#\/schema\/logo\/image\/"},"sameAs":["https:\/\/www.facebook.com\/lavocedelpaese.info"]}]}},"_links":{"self":[{"href":"https:\/\/lavocedelpaese.info\/index.php\/wp-json\/wp\/v2\/posts\/8606","targetHints":{"allow":["GET"]}}],"collection":[{"href":"https:\/\/lavocedelpaese.info\/index.php\/wp-json\/wp\/v2\/posts"}],"about":[{"href":"https:\/\/lavocedelpaese.info\/index.php\/wp-json\/wp\/v2\/types\/post"}],"replies":[{"embeddable":true,"href":"https:\/\/lavocedelpaese.info\/index.php\/wp-json\/wp\/v2\/comments?post=8606"}],"version-history":[{"count":0,"href":"https:\/\/lavocedelpaese.info\/index.php\/wp-json\/wp\/v2\/posts\/8606\/revisions"}],"wp:featuredmedia":[{"embeddable":true,"href":"https:\/\/lavocedelpaese.info\/index.php\/wp-json\/wp\/v2\/media\/8607"}],"wp:attachment":[{"href":"https:\/\/lavocedelpaese.info\/index.php\/wp-json\/wp\/v2\/media?parent=8606"}],"wp:term":[{"taxonomy":"category","embeddable":true,"href":"https:\/\/lavocedelpaese.info\/index.php\/wp-json\/wp\/v2\/categories?post=8606"},{"taxonomy":"post_tag","embeddable":true,"href":"https:\/\/lavocedelpaese.info\/index.php\/wp-json\/wp\/v2\/tags?post=8606"}],"curies":[{"name":"wp","href":"https:\/\/api.w.org\/{rel}","templated":true}]}}